{"id":61779,"date":"2025-01-19T10:20:21","date_gmt":"2025-01-19T09:20:21","guid":{"rendered":"https:\/\/lasentinelle.dz\/?p=61779"},"modified":"2025-01-19T10:20:21","modified_gmt":"2025-01-19T09:20:21","slug":"soudan-le-conflit-prend-une-tournure-plus-dangereuse-pour-les-civils","status":"publish","type":"post","link":"https:\/\/lasentinelle.dz\/index.php\/2025\/01\/19\/soudan-le-conflit-prend-une-tournure-plus-dangereuse-pour-les-civils\/","title":{"rendered":"Soudan : Le conflit \u00ab\u00a0prend une tournure plus dangereuse pour les civils\u00a0\u00bb"},"content":{"rendered":"\n<p>Le Haut-Commissaire de l&rsquo;ONU aux droits de l&rsquo;homme, Volker Turk, a averti que le conflit au Soudan \u00ab\u00a0prend une tournure encore plus dangereuse pour les civils\u00a0\u00bb, et soulign\u00e9 l&rsquo;urgence de \u00ab\u00a0mettre un terme \u00e0 cette situation\u00a0\u00bb.<\/p>\n\n\n\n<p>Selon le Haut-Commissariat de l\u2019ONU aux droits de l\u2019homme (HCDH), la situation des civils est d\u00e9j\u00e0 d\u00e9sesp\u00e9r\u00e9e et il existe des preuves de la commission de crimes de guerre et d\u2019autres atrocit\u00e9s. Les services du Haut-Commissaire T\u00fcrk craignent que la situation ne prenne \u00ab\u00a0une tournure encore plus dangereuse\u00a0\u00bb. \u00ab\u00a0Les attaques directes et \u00e0 motivation ethnique contre les civils deviennent de plus en plus fr\u00e9quentes\u00a0\u00bb, a relev\u00e9 vendredi dans un communiqu\u00e9, Volker T\u00fcrk. Au cours de la seule semaine derni\u00e8re, le Bureau des droits de l\u2019homme de l\u2019ONU indique avoir recens\u00e9 au moins 21 morts en seulement deux attaques dans l\u2019Etat d\u2019Al Jazirah. Lors d\u2019une attaque men\u00e9e le 10 janvier, au moins huit civils ont \u00e9t\u00e9 tu\u00e9s dans le camp de Taiba, et au moins 13 femmes et un homme ont \u00e9t\u00e9 enlev\u00e9s. Des maisons ont \u00e9t\u00e9 br\u00fbl\u00e9es, du b\u00e9tail, des r\u00e9coltes et d\u2019autres biens ont \u00e9t\u00e9 pill\u00e9s, et des dizaines de familles ont \u00e9t\u00e9 d\u00e9plac\u00e9es. Le lendemain, au moins 13 civils ont \u00e9t\u00e9 tu\u00e9s, dont deux gar\u00e7ons, lors d\u2019une attaque contre le camp de Khamsa. Les deux camps sont situ\u00e9s \u00e0 environ 40 kilom\u00e8tres de Wad Madani, la capitale d\u2019Al Jazirah, selon l&rsquo;ONU. Pour l\u2019ONU, \u00ab\u00a0les attaques de repr\u00e9sailles &#8211; d\u2019une brutalit\u00e9 choquante &#8211; contre des communaut\u00e9s enti\u00e8res sur la base d\u2019une identit\u00e9 ethnique r\u00e9elle ou suppos\u00e9e sont en augmentation\u00a0\u00bb, tout comme les discours de haine et l\u2019incitation \u00e0 la violence. \u00ab\u00a0Il est urgent de mettre un terme \u00e0 cette situation\u00a0\u00bb, a soulign\u00e9 M. T\u00fcrk. Par ailleurs, le Haut-Commissaire a renouvel\u00e9 son appel aux parties au conflit pour qu\u2019\u00a0\u00bbelles respectent les obligations qui leur incombent en vertu du droit international humanitaire et du droit international des droits de l\u2019homme\u00a0\u00bb. &nbsp;De son c\u00f4t\u00e9, l\u2019Agence sanitaire mondiale de l\u2019ONU (OMS) note que l\u2019acc\u00e8s aux soins de sant\u00e9 reste tr\u00e8s limit\u00e9 dans ce pays d\u2019Afrique du Nord-Est. Pr\u00e8s de 40 % des \u00e9tablissements de sant\u00e9 ont \u00e9t\u00e9 d\u00e9clar\u00e9s d\u00e9truits ou non fonctionnels. \u00ab Les gens meurent \u00e0 cause du manque d\u2019acc\u00e8s aux soins de sant\u00e9 et aux m\u00e9dicaments de base et essentiels. Selon un rapport publi\u00e9 en d\u00e9cembre 2024, 38 % des h\u00f4pitaux ne sont pas fonctionnels et 62 % sont partiellement fonctionnels dans 7 \u00c9tats \u00bb, a affirm\u00e9 lors d\u2019un point de presse \u00e0 Gen\u00e8ve, Tarik Jasarevic, porte-parole de l\u2019OMS. Selon l\u2019Organisation mondiale de la sant\u00e9 (OMS), plu de 140 attaques contre les soins de sant\u00e9 ont \u00e9t\u00e9 recens\u00e9es depuis avril 2023, faisant 240 morts et 216 bless\u00e9s. Dans ce lot, l\u2019ann\u00e9e 2024 a \u00e9t\u00e9 la plus dramatique, avec 77 attaques ayant occasionn\u00e9 202 morts et 171 bless\u00e9s. De nombreuses r\u00e9gions du pays restent largement inaccessibles aux acteurs humanitaires. L\u2019ins\u00e9curit\u00e9, les obstacles bureaucratiques et les probl\u00e8mes logistiques ont limit\u00e9 la capacit\u00e9 de l\u2019OMS et de ses partenaires \u00e0 fournir une assistance directe aux \u00e9tablissements de sant\u00e9 du Darfour, de Khartoum, d\u2019Al Jazirah, de Sennar et des Kordofans. Dans ces conditions, les \u00e9tablissements de sant\u00e9 manquent de m\u00e9dicaments et de fournitures m\u00e9dicales, et les activit\u00e9s de vaccination sont tr\u00e8s limit\u00e9es dans les zones les plus touch\u00e9es. Le constat \u00e0 Khartoum est particuli\u00e8rement s\u00e9v\u00e8re : environ 90% des centres de sant\u00e9 ne sont pas fonctionnels. Ces derniers d\u00e9veloppements surviennent alors que le chol\u00e9ra, le paludisme, la dengue et la rougeole sont signal\u00e9s dans plus de 12 \u00c9tats. Plus de 50.568 cas de chol\u00e9ra dont 1.200 d\u00e9c\u00e8s ont \u00e9t\u00e9 signal\u00e9s ainsi que 798 cas de rougeole dont 10 d\u00e9c\u00e8s ont \u00e9t\u00e9 aussi r\u00e9pertori\u00e9s dans 12 \u00c9tats. Le conflit, qui a \u00e9clat\u00e9 \u00e0 la mi-avril 2023 entre l&rsquo;arm\u00e9e soudanaise et les Forces de soutien rapide (FSR), a fait plus de 20.000 morts et plus de 14 millions de d\u00e9plac\u00e9s et de r\u00e9fugi\u00e9s, selon les estimations des Nations unies et des autorit\u00e9s locales.<\/p>\n\n\n\n<p>R.I.<\/p>\n","protected":false},"excerpt":{"rendered":"<p>Le Haut-Commissaire de l&rsquo;ONU aux droits de l&rsquo;homme, Volker Turk, a averti que le conflit au Soudan \u00ab\u00a0prend une tournure<\/p>\n","protected":false},"author":6,"featured_media":61780,"comment_status":"open","ping_status":"closed","sticky":false,"template":"","format":"standard","meta":{"colormag_page_container_layout":"default_layout","colormag_page_sidebar_layout":"default_layout","om_disable_all_campaigns":false,"_monsterinsights_skip_tracking":false,"_monsterinsights_sitenote_active":false,"_monsterinsights_sitenote_note":"","_monsterinsights_sitenote_category":0,"footnotes":"","_wpscppro_dont_share_socialmedia":false,"_wpscppro_custom_social_share_image":0,"_facebook_share_type":"default","_twitter_share_type":"default","_linkedin_share_type":"default","_pinterest_share_type":"default","_linkedin_share_type_page":"","_instagram_share_type":"default","_medium_share_type":"default","_threads_share_type":"","_google_business_share_type":"","_selected_social_profile":[],"_wpsp_enable_custom_social_template":false,"_wpsp_social_scheduling":{"enabled":false,"datetime":null,"platforms":[],"status":"template_only","dateOption":"today","timeOption":"now","customDays":"","customHours":"","customDate":"","customTime":"","schedulingType":"absolute"},"_wpsp_active_default_template":true},"categories":[37],"tags":[],"class_list":["post-61779","post","type-post","status-publish","format-standard","has-post-thumbnail","hentry","category-monde"],"aioseo_notices":[],"yoast_head":"<!-- This site is optimized with the Yoast SEO plugin v27.5 - https:\/\/yoast.com\/product\/yoast-seo-wordpress\/ -->\n<title>Soudan : Le conflit \u00ab\u00a0prend une tournure plus dangereuse pour les civils\u00a0\u00bb - La Sentinelle<\/title>\n<meta name=\"robots\" content=\"index, follow, max-snippet:-1, max-image-preview:large, max-video-preview:-1\" \/>\n<link rel=\"canonical\" href=\"https:\/\/lasentinelle.dz\/index.php\/2025\/01\/19\/soudan-le-conflit-prend-une-tournure-plus-dangereuse-pour-les-civils\/\" \/>\n<meta property=\"og:locale\" content=\"fr_FR\" \/>\n<meta property=\"og:type\" content=\"article\" \/>\n<meta property=\"og:title\" content=\"Soudan : Le conflit \u00ab\u00a0prend une tournure plus dangereuse pour les civils\u00a0\u00bb - La Sentinelle\" \/>\n<meta property=\"og:description\" content=\"Le Haut-Commissaire de l&rsquo;ONU aux droits de l&rsquo;homme, Volker Turk, a averti que le conflit au Soudan \u00ab\u00a0prend une tournure\" \/>\n<meta property=\"og:url\" content=\"https:\/\/lasentinelle.dz\/index.php\/2025\/01\/19\/soudan-le-conflit-prend-une-tournure-plus-dangereuse-pour-les-civils\/\" \/>\n<meta property=\"og:site_name\" content=\"La Sentinelle\" \/>\n<meta property=\"article:publisher\" content=\"https:\/\/www.facebook.com\/La-Sentinelle-104059864394773\" \/>\n<meta property=\"article:published_time\" content=\"2025-01-19T09:20:21+00:00\" \/>\n<meta property=\"og:image\" content=\"https:\/\/lasentinelle.dz\/wp-content\/uploads\/2025\/01\/soudan.jpeg\" \/>\n\t<meta property=\"og:image:width\" content=\"1024\" \/>\n\t<meta property=\"og:image:height\" content=\"716\" \/>\n\t<meta property=\"og:image:type\" content=\"image\/jpeg\" \/>\n<meta name=\"author\" content=\"admin\" \/>\n<meta name=\"twitter:card\" content=\"summary_large_image\" \/>\n<meta name=\"twitter:label1\" content=\"\u00c9crit par\" \/>\n\t<meta name=\"twitter:data1\" content=\"admin\" \/>\n\t<meta name=\"twitter:label2\" content=\"Dur\u00e9e de lecture estim\u00e9e\" \/>\n\t<meta name=\"twitter:data2\" content=\"4 minutes\" \/>\n<script type=\"application\/ld+json\" class=\"yoast-schema-graph\">{\"@context\":\"https:\\\/\\\/schema.org\",\"@graph\":[{\"@type\":\"Article\",\"@id\":\"https:\\\/\\\/lasentinelle.dz\\\/index.php\\\/2025\\\/01\\\/19\\\/soudan-le-conflit-prend-une-tournure-plus-dangereuse-pour-les-civils\\\/#article\",\"isPartOf\":{\"@id\":\"https:\\\/\\\/lasentinelle.dz\\\/index.php\\\/2025\\\/01\\\/19\\\/soudan-le-conflit-prend-une-tournure-plus-dangereuse-pour-les-civils\\\/\"},\"author\":{\"name\":\"admin\",\"@id\":\"https:\\\/\\\/lasentinelle.dz\\\/#\\\/schema\\\/person\\\/729ee0024f24e0b8c5ec17232f8e8b41\"},\"headline\":\"Soudan : Le conflit \u00ab\u00a0prend une tournure plus dangereuse pour les civils\u00a0\u00bb\",\"datePublished\":\"2025-01-19T09:20:21+00:00\",\"mainEntityOfPage\":{\"@id\":\"https:\\\/\\\/lasentinelle.dz\\\/index.php\\\/2025\\\/01\\\/19\\\/soudan-le-conflit-prend-une-tournure-plus-dangereuse-pour-les-civils\\\/\"},\"wordCount\":730,\"commentCount\":0,\"publisher\":{\"@id\":\"https:\\\/\\\/lasentinelle.dz\\\/#organization\"},\"image\":{\"@id\":\"https:\\\/\\\/lasentinelle.dz\\\/index.php\\\/2025\\\/01\\\/19\\\/soudan-le-conflit-prend-une-tournure-plus-dangereuse-pour-les-civils\\\/#primaryimage\"},\"thumbnailUrl\":\"https:\\\/\\\/lasentinelle.dz\\\/wp-content\\\/uploads\\\/2025\\\/01\\\/soudan.jpeg\",\"articleSection\":[\"Monde\"],\"inLanguage\":\"fr-FR\",\"potentialAction\":[{\"@type\":\"CommentAction\",\"name\":\"Comment\",\"target\":[\"https:\\\/\\\/lasentinelle.dz\\\/index.php\\\/2025\\\/01\\\/19\\\/soudan-le-conflit-prend-une-tournure-plus-dangereuse-pour-les-civils\\\/#respond\"]}]},{\"@type\":\"WebPage\",\"@id\":\"https:\\\/\\\/lasentinelle.dz\\\/index.php\\\/2025\\\/01\\\/19\\\/soudan-le-conflit-prend-une-tournure-plus-dangereuse-pour-les-civils\\\/\",\"url\":\"https:\\\/\\\/lasentinelle.dz\\\/index.php\\\/2025\\\/01\\\/19\\\/soudan-le-conflit-prend-une-tournure-plus-dangereuse-pour-les-civils\\\/\",\"name\":\"Soudan : Le conflit \u00ab\u00a0prend une tournure plus dangereuse pour les civils\u00a0\u00bb - La Sentinelle\",\"isPartOf\":{\"@id\":\"https:\\\/\\\/lasentinelle.dz\\\/#website\"},\"primaryImageOfPage\":{\"@id\":\"https:\\\/\\\/lasentinelle.dz\\\/index.php\\\/2025\\\/01\\\/19\\\/soudan-le-conflit-prend-une-tournure-plus-dangereuse-pour-les-civils\\\/#primaryimage\"},\"image\":{\"@id\":\"https:\\\/\\\/lasentinelle.dz\\\/index.php\\\/2025\\\/01\\\/19\\\/soudan-le-conflit-prend-une-tournure-plus-dangereuse-pour-les-civils\\\/#primaryimage\"},\"thumbnailUrl\":\"https:\\\/\\\/lasentinelle.dz\\\/wp-content\\\/uploads\\\/2025\\\/01\\\/soudan.jpeg\",\"datePublished\":\"2025-01-19T09:20:21+00:00\",\"breadcrumb\":{\"@id\":\"https:\\\/\\\/lasentinelle.dz\\\/index.php\\\/2025\\\/01\\\/19\\\/soudan-le-conflit-prend-une-tournure-plus-dangereuse-pour-les-civils\\\/#breadcrumb\"},\"inLanguage\":\"fr-FR\",\"potentialAction\":[{\"@type\":\"ReadAction\",\"target\":[\"https:\\\/\\\/lasentinelle.dz\\\/index.php\\\/2025\\\/01\\\/19\\\/soudan-le-conflit-prend-une-tournure-plus-dangereuse-pour-les-civils\\\/\"]}]},{\"@type\":\"ImageObject\",\"inLanguage\":\"fr-FR\",\"@id\":\"https:\\\/\\\/lasentinelle.dz\\\/index.php\\\/2025\\\/01\\\/19\\\/soudan-le-conflit-prend-une-tournure-plus-dangereuse-pour-les-civils\\\/#primaryimage\",\"url\":\"https:\\\/\\\/lasentinelle.dz\\\/wp-content\\\/uploads\\\/2025\\\/01\\\/soudan.jpeg\",\"contentUrl\":\"https:\\\/\\\/lasentinelle.dz\\\/wp-content\\\/uploads\\\/2025\\\/01\\\/soudan.jpeg\",\"width\":1024,\"height\":716},{\"@type\":\"BreadcrumbList\",\"@id\":\"https:\\\/\\\/lasentinelle.dz\\\/index.php\\\/2025\\\/01\\\/19\\\/soudan-le-conflit-prend-une-tournure-plus-dangereuse-pour-les-civils\\\/#breadcrumb\",\"itemListElement\":[{\"@type\":\"ListItem\",\"position\":1,\"name\":\"Accueil\",\"item\":\"https:\\\/\\\/lasentinelle.dz\\\/\"},{\"@type\":\"ListItem\",\"position\":2,\"name\":\"Soudan : Le conflit \u00ab\u00a0prend une tournure plus dangereuse pour les civils\u00a0\u00bb\"}]},{\"@type\":\"WebSite\",\"@id\":\"https:\\\/\\\/lasentinelle.dz\\\/#website\",\"url\":\"https:\\\/\\\/lasentinelle.dz\\\/\",\"name\":\"La Sentinelle\",\"description\":\"Quotidien national d&#039;information\",\"publisher\":{\"@id\":\"https:\\\/\\\/lasentinelle.dz\\\/#organization\"},\"potentialAction\":[{\"@type\":\"SearchAction\",\"target\":{\"@type\":\"EntryPoint\",\"urlTemplate\":\"https:\\\/\\\/lasentinelle.dz\\\/?s={search_term_string}\"},\"query-input\":{\"@type\":\"PropertyValueSpecification\",\"valueRequired\":true,\"valueName\":\"search_term_string\"}}],\"inLanguage\":\"fr-FR\"},{\"@type\":\"Organization\",\"@id\":\"https:\\\/\\\/lasentinelle.dz\\\/#organization\",\"name\":\"Quotidien La Sentinelle\",\"url\":\"https:\\\/\\\/lasentinelle.dz\\\/\",\"logo\":{\"@type\":\"ImageObject\",\"inLanguage\":\"fr-FR\",\"@id\":\"https:\\\/\\\/lasentinelle.dz\\\/#\\\/schema\\\/logo\\\/image\\\/\",\"url\":\"https:\\\/\\\/lasentinelle.dz\\\/wp-content\\\/uploads\\\/2021\\\/09\\\/logo-sentinelleSLOGAN-1.png\",\"contentUrl\":\"https:\\\/\\\/lasentinelle.dz\\\/wp-content\\\/uploads\\\/2021\\\/09\\\/logo-sentinelleSLOGAN-1.png\",\"width\":615,\"height\":142,\"caption\":\"Quotidien La Sentinelle\"},\"image\":{\"@id\":\"https:\\\/\\\/lasentinelle.dz\\\/#\\\/schema\\\/logo\\\/image\\\/\"},\"sameAs\":[\"https:\\\/\\\/www.facebook.com\\\/La-Sentinelle-104059864394773\"]},{\"@type\":\"Person\",\"@id\":\"https:\\\/\\\/lasentinelle.dz\\\/#\\\/schema\\\/person\\\/729ee0024f24e0b8c5ec17232f8e8b41\",\"name\":\"admin\",\"image\":{\"@type\":\"ImageObject\",\"inLanguage\":\"fr-FR\",\"@id\":\"https:\\\/\\\/secure.gravatar.com\\\/avatar\\\/4c81fed838786e9b53f540bf46533e750f5d292099ae3b66cfc6fb1982e29df7?s=96&d=mm&r=g\",\"url\":\"https:\\\/\\\/secure.gravatar.com\\\/avatar\\\/4c81fed838786e9b53f540bf46533e750f5d292099ae3b66cfc6fb1982e29df7?s=96&d=mm&r=g\",\"contentUrl\":\"https:\\\/\\\/secure.gravatar.com\\\/avatar\\\/4c81fed838786e9b53f540bf46533e750f5d292099ae3b66cfc6fb1982e29df7?s=96&d=mm&r=g\",\"caption\":\"admin\"},\"description\":\"admin\",\"url\":\"https:\\\/\\\/lasentinelle.dz\\\/author\\\/admin\\\/\"}]}<\/script>\n<!-- \/ Yoast SEO plugin. -->","yoast_head_json":{"title":"Soudan : Le conflit \u00ab\u00a0prend une tournure plus dangereuse pour les civils\u00a0\u00bb - La Sentinelle","robots":{"index":"index","follow":"follow","max-snippet":"max-snippet:-1","max-image-preview":"max-image-preview:large","max-video-preview":"max-video-preview:-1"},"canonical":"https:\/\/lasentinelle.dz\/index.php\/2025\/01\/19\/soudan-le-conflit-prend-une-tournure-plus-dangereuse-pour-les-civils\/","og_locale":"fr_FR","og_type":"article","og_title":"Soudan : Le conflit \u00ab\u00a0prend une tournure plus dangereuse pour les civils\u00a0\u00bb - La Sentinelle","og_description":"Le Haut-Commissaire de l&rsquo;ONU aux droits de l&rsquo;homme, Volker Turk, a averti que le conflit au Soudan \u00ab\u00a0prend une tournure","og_url":"https:\/\/lasentinelle.dz\/index.php\/2025\/01\/19\/soudan-le-conflit-prend-une-tournure-plus-dangereuse-pour-les-civils\/","og_site_name":"La Sentinelle","article_publisher":"https:\/\/www.facebook.com\/La-Sentinelle-104059864394773","article_published_time":"2025-01-19T09:20:21+00:00","og_image":[{"width":1024,"height":716,"url":"https:\/\/lasentinelle.dz\/wp-content\/uploads\/2025\/01\/soudan.jpeg","type":"image\/jpeg"}],"author":"admin","twitter_card":"summary_large_image","twitter_misc":{"\u00c9crit par":"admin","Dur\u00e9e de lecture estim\u00e9e":"4 minutes"},"schema":{"@context":"https:\/\/schema.org","@graph":[{"@type":"Article","@id":"https:\/\/lasentinelle.dz\/index.php\/2025\/01\/19\/soudan-le-conflit-prend-une-tournure-plus-dangereuse-pour-les-civils\/#article","isPartOf":{"@id":"https:\/\/lasentinelle.dz\/index.php\/2025\/01\/19\/soudan-le-conflit-prend-une-tournure-plus-dangereuse-pour-les-civils\/"},"author":{"name":"admin","@id":"https:\/\/lasentinelle.dz\/#\/schema\/person\/729ee0024f24e0b8c5ec17232f8e8b41"},"headline":"Soudan : Le conflit \u00ab\u00a0prend une tournure plus dangereuse pour les civils\u00a0\u00bb","datePublished":"2025-01-19T09:20:21+00:00","mainEntityOfPage":{"@id":"https:\/\/lasentinelle.dz\/index.php\/2025\/01\/19\/soudan-le-conflit-prend-une-tournure-plus-dangereuse-pour-les-civils\/"},"wordCount":730,"commentCount":0,"publisher":{"@id":"https:\/\/lasentinelle.dz\/#organization"},"image":{"@id":"https:\/\/lasentinelle.dz\/index.php\/2025\/01\/19\/soudan-le-conflit-prend-une-tournure-plus-dangereuse-pour-les-civils\/#primaryimage"},"thumbnailUrl":"https:\/\/lasentinelle.dz\/wp-content\/uploads\/2025\/01\/soudan.jpeg","articleSection":["Monde"],"inLanguage":"fr-FR","potentialAction":[{"@type":"CommentAction","name":"Comment","target":["https:\/\/lasentinelle.dz\/index.php\/2025\/01\/19\/soudan-le-conflit-prend-une-tournure-plus-dangereuse-pour-les-civils\/#respond"]}]},{"@type":"WebPage","@id":"https:\/\/lasentinelle.dz\/index.php\/2025\/01\/19\/soudan-le-conflit-prend-une-tournure-plus-dangereuse-pour-les-civils\/","url":"https:\/\/lasentinelle.dz\/index.php\/2025\/01\/19\/soudan-le-conflit-prend-une-tournure-plus-dangereuse-pour-les-civils\/","name":"Soudan : Le conflit \u00ab\u00a0prend une tournure plus dangereuse pour les civils\u00a0\u00bb - La Sentinelle","isPartOf":{"@id":"https:\/\/lasentinelle.dz\/#website"},"primaryImageOfPage":{"@id":"https:\/\/lasentinelle.dz\/index.php\/2025\/01\/19\/soudan-le-conflit-prend-une-tournure-plus-dangereuse-pour-les-civils\/#primaryimage"},"image":{"@id":"https:\/\/lasentinelle.dz\/index.php\/2025\/01\/19\/soudan-le-conflit-prend-une-tournure-plus-dangereuse-pour-les-civils\/#primaryimage"},"thumbnailUrl":"https:\/\/lasentinelle.dz\/wp-content\/uploads\/2025\/01\/soudan.jpeg","datePublished":"2025-01-19T09:20:21+00:00","breadcrumb":{"@id":"https:\/\/lasentinelle.dz\/index.php\/2025\/01\/19\/soudan-le-conflit-prend-une-tournure-plus-dangereuse-pour-les-civils\/#breadcrumb"},"inLanguage":"fr-FR","potentialAction":[{"@type":"ReadAction","target":["https:\/\/lasentinelle.dz\/index.php\/2025\/01\/19\/soudan-le-conflit-prend-une-tournure-plus-dangereuse-pour-les-civils\/"]}]},{"@type":"ImageObject","inLanguage":"fr-FR","@id":"https:\/\/lasentinelle.dz\/index.php\/2025\/01\/19\/soudan-le-conflit-prend-une-tournure-plus-dangereuse-pour-les-civils\/#primaryimage","url":"https:\/\/lasentinelle.dz\/wp-content\/uploads\/2025\/01\/soudan.jpeg","contentUrl":"https:\/\/lasentinelle.dz\/wp-content\/uploads\/2025\/01\/soudan.jpeg","width":1024,"height":716},{"@type":"BreadcrumbList","@id":"https:\/\/lasentinelle.dz\/index.php\/2025\/01\/19\/soudan-le-conflit-prend-une-tournure-plus-dangereuse-pour-les-civils\/#breadcrumb","itemListElement":[{"@type":"ListItem","position":1,"name":"Accueil","item":"https:\/\/lasentinelle.dz\/"},{"@type":"ListItem","position":2,"name":"Soudan : Le conflit \u00ab\u00a0prend une tournure plus dangereuse pour les civils\u00a0\u00bb"}]},{"@type":"WebSite","@id":"https:\/\/lasentinelle.dz\/#website","url":"https:\/\/lasentinelle.dz\/","name":"La Sentinelle","description":"Quotidien national d&#039;information","publisher":{"@id":"https:\/\/lasentinelle.dz\/#organization"},"potentialAction":[{"@type":"SearchAction","target":{"@type":"EntryPoint","urlTemplate":"https:\/\/lasentinelle.dz\/?s={search_term_string}"},"query-input":{"@type":"PropertyValueSpecification","valueRequired":true,"valueName":"search_term_string"}}],"inLanguage":"fr-FR"},{"@type":"Organization","@id":"https:\/\/lasentinelle.dz\/#organization","name":"Quotidien La Sentinelle","url":"https:\/\/lasentinelle.dz\/","logo":{"@type":"ImageObject","inLanguage":"fr-FR","@id":"https:\/\/lasentinelle.dz\/#\/schema\/logo\/image\/","url":"https:\/\/lasentinelle.dz\/wp-content\/uploads\/2021\/09\/logo-sentinelleSLOGAN-1.png","contentUrl":"https:\/\/lasentinelle.dz\/wp-content\/uploads\/2021\/09\/logo-sentinelleSLOGAN-1.png","width":615,"height":142,"caption":"Quotidien La Sentinelle"},"image":{"@id":"https:\/\/lasentinelle.dz\/#\/schema\/logo\/image\/"},"sameAs":["https:\/\/www.facebook.com\/La-Sentinelle-104059864394773"]},{"@type":"Person","@id":"https:\/\/lasentinelle.dz\/#\/schema\/person\/729ee0024f24e0b8c5ec17232f8e8b41","name":"admin","image":{"@type":"ImageObject","inLanguage":"fr-FR","@id":"https:\/\/secure.gravatar.com\/avatar\/4c81fed838786e9b53f540bf46533e750f5d292099ae3b66cfc6fb1982e29df7?s=96&d=mm&r=g","url":"https:\/\/secure.gravatar.com\/avatar\/4c81fed838786e9b53f540bf46533e750f5d292099ae3b66cfc6fb1982e29df7?s=96&d=mm&r=g","contentUrl":"https:\/\/secure.gravatar.com\/avatar\/4c81fed838786e9b53f540bf46533e750f5d292099ae3b66cfc6fb1982e29df7?s=96&d=mm&r=g","caption":"admin"},"description":"admin","url":"https:\/\/lasentinelle.dz\/author\/admin\/"}]}},"_links":{"self":[{"href":"https:\/\/lasentinelle.dz\/index.php\/wp-json\/wp\/v2\/posts\/61779","targetHints":{"allow":["GET"]}}],"collection":[{"href":"https:\/\/lasentinelle.dz\/index.php\/wp-json\/wp\/v2\/posts"}],"about":[{"href":"https:\/\/lasentinelle.dz\/index.php\/wp-json\/wp\/v2\/types\/post"}],"author":[{"embeddable":true,"href":"https:\/\/lasentinelle.dz\/index.php\/wp-json\/wp\/v2\/users\/6"}],"replies":[{"embeddable":true,"href":"https:\/\/lasentinelle.dz\/index.php\/wp-json\/wp\/v2\/comments?post=61779"}],"version-history":[{"count":2,"href":"https:\/\/lasentinelle.dz\/index.php\/wp-json\/wp\/v2\/posts\/61779\/revisions"}],"predecessor-version":[{"id":61782,"href":"https:\/\/lasentinelle.dz\/index.php\/wp-json\/wp\/v2\/posts\/61779\/revisions\/61782"}],"wp:featuredmedia":[{"embeddable":true,"href":"https:\/\/lasentinelle.dz\/index.php\/wp-json\/wp\/v2\/media\/61780"}],"wp:attachment":[{"href":"https:\/\/lasentinelle.dz\/index.php\/wp-json\/wp\/v2\/media?parent=61779"}],"wp:term":[{"taxonomy":"category","embeddable":true,"href":"https:\/\/lasentinelle.dz\/index.php\/wp-json\/wp\/v2\/categories?post=61779"},{"taxonomy":"post_tag","embeddable":true,"href":"https:\/\/lasentinelle.dz\/index.php\/wp-json\/wp\/v2\/tags?post=61779"}],"curies":[{"name":"wp","href":"https:\/\/api.w.org\/{rel}","templated":true}]}}