{"id":618,"date":"2021-02-25T09:16:00","date_gmt":"2021-02-25T08:16:00","guid":{"rendered":"https:\/\/lasentinelle.dz\/?p=618"},"modified":"2021-02-25T11:27:34","modified_gmt":"2021-02-25T10:27:34","slug":"la-centrale-syndicale-a-ete-creee-pour-rassembler-les-algeriens","status":"publish","type":"post","link":"https:\/\/lasentinelle.dz\/index.php\/2021\/02\/25\/la-centrale-syndicale-a-ete-creee-pour-rassembler-les-algeriens\/","title":{"rendered":"La Centrale syndicale \u00ab a \u00e9t\u00e9 cr\u00e9\u00e9e pour rassembler les Alg\u00e9riens \u00bb"},"content":{"rendered":"\n<p><\/p>\n\n\n\n<p>\u00ab L\u2019Union G\u00e9n\u00e9rale des Travailleurs alg\u00e9riens (UGTA) a \u00e9t\u00e9 cr\u00e9\u00e9e pour l\u2019objectif politique d\u2019organiser et de rassembler les Alg\u00e9riens en vue de la guerre d\u2019ind\u00e9pendance et pour l\u2019objectif social de d\u00e9fendre les droits des couches ouvri\u00e8res alg\u00e9riennes sous l\u2019impulsion de Benyoucef Benkheda et d\u2019Abane Ramdane qui ont charg\u00e9 A\u00efssat Idir de faire le travail de mise sur pied de cette organisation \u00bb, a indiqu\u00e9 hier le membre dirigeant de la centrale syndicale de l\u2019Union G\u00e9n\u00e9rale des Travailleurs Alg\u00e9riens, Ferhat Chabeh. L\u2019orateur qui intervenait sur les ondes de la radio nationale I \u00e0 l\u2019occasion de la c\u00e9l\u00e9bration de la double date anniversaire de la cr\u00e9ation de l\u2019UGTA et de la nationalisation des hydrocarbures a expliqu\u00e9 que \u00ab la cr\u00e9ation de la centrale syndicale ob\u00e9issait \u00e9galement \u00e0 l\u2019objectif de porter sur la sc\u00e8ne internationale la question alg\u00e9rienne \u00bb. D\u2019ailleurs, ajoute-t-il, \u00ab les membres fondateurs ont int\u00e9gr\u00e9 l\u2019organisation internationale des syndicats libres pour mettre \u00e0 profit&nbsp; cette organisation pour promouvoir la r\u00e9volution alg\u00e9rienne \u00bb.<\/p>\n\n\n\n<p>Par ailleurs, Ferhat Chabeh a affirm\u00e9 que \u00ab l\u2019emprisonnement d\u2019A\u00efssat Idir, en 1959 et sa mort a constitu\u00e9 un grand virage dans l\u2019histoire de l\u2019UGTA de m\u00eame qu\u2019actuellement avec l\u2019installation \u00e0 sa t\u00eate du fr\u00e8re Salim Labatcha qui a donn\u00e9 une impulsion nouvelle au r\u00f4le de la centrale \u00bb. Son arriv\u00e9e \u00e0 la t\u00eate de la centrale syndicale parall\u00e8lement \u00e0 l\u2019\u00e9mergence du mouvement du Hirak&nbsp; a en effet, ajoute-t-il, \u00ab donn\u00e9 un nouveau souffle pour preuve, ses r\u00e9centes d\u00e9clarations \u00bb. \u00ab Comme je l\u2019ai signal\u00e9, l\u2019UGTA adopte d\u2019autres mani\u00e8res de faire. Apr\u00e8s avoir soutenu toutes les politiques par le pass\u00e9, aujourd\u2019hui, l\u2019UGTA tient son propre carr\u00e9 en se rangeant du cot\u00e9 du Hirak et ses revendications. L\u2019UGTA est d\u00e9sormais un partenaire social et un syndicat qui lutte pour les droits des travailleurs et dont le principe est le dialogue et de proposition \u00bb. Ferhat Chabeh a, toutefois, regrett\u00e9 que \u00ab l\u2019Alg\u00e9rie soit encore \u00e0 compter sur la rente p\u00e9troli\u00e8re&nbsp; rappelant que l\u2019Union G\u00e9n\u00e9rale des Travailleurs Alg\u00e9riens, encouragent les investisseurs nationaux, publics et priv\u00e9s, qui travaillent pour sortir le pays de cette d\u00e9pendance \u00bb. Abordant la conjoncture actuelle marqu\u00e9e par l\u2019\u00e9mergence de la pand\u00e9mie du Covid 19 avec ses cons\u00e9quences sur les&nbsp; citoyens, le membre dirigeant de la centrale syndicale a estim\u00e9 que \u00ab l\u2019Alg\u00e9rie n\u2019est pas seule \u00e0 \u00eatre touch\u00e9e car le virus a impact\u00e9 le monde entier \u00bb. Notant que \u00ab le gouvernement alg\u00e9rien a pu faire face \u00e0 la crise sanitaire \u00bb, il&nbsp; rappellera le r\u00f4le de \u00ab partenaire et de proposition de l\u2019organisation syndicale \u00bb.<\/p>\n\n\n\n<p>Par ailleurs, l\u2019orateur insistera sur \u00ab la n\u00e9cessit\u00e9 de pr\u00e9server l\u2019outil de travail en encourageant et en prot\u00e9geant les entreprises publiques productives \u00bb citant au passage la situation de \u00ab l\u2019Eniem d\u2019Oued A\u00efssi qui a connu de grandes difficult\u00e9s ces derniers mois \u00bb.&nbsp; Chabeh rappellera \u00e0 cet effet que \u00ab pour annoncer la nationalisation des hydrocarbures, le pr\u00e9sident Houari Boumediene avait choisi le si\u00e8ge de l\u2019UGTA car, estimait-il, il connaissait bien la valeur du travail et des travailleurs \u00bb.&nbsp; Enfin, l\u2019orateur a mis en exergue les derniers changements \u00e0 la t\u00eate de&nbsp; l\u2019UGTA pour rappeler que \u00ab la centrale fait sa mue afin de s\u2019adapter \u00e0 l\u2019\u00e8re nouvelle \u00bb.<\/p>\n\n\n\n<p><strong>Akli Amor<\/strong><\/p>\n\n\n\n<p><\/p>\n","protected":false},"excerpt":{"rendered":"<p>\u00ab L\u2019Union G\u00e9n\u00e9rale des Travailleurs alg\u00e9riens (UGTA) a \u00e9t\u00e9 cr\u00e9\u00e9e pour l\u2019objectif politique d\u2019organiser et de rassembler les Alg\u00e9riens en<\/p>\n","protected":false},"author":3,"featured_media":619,"comment_status":"open","ping_status":"closed","sticky":false,"template":"","format":"standard","meta":{"colormag_page_container_layout":"default_layout","colormag_page_sidebar_layout":"default_layout","om_disable_all_campaigns":false,"_monsterinsights_skip_tracking":false,"_monsterinsights_sitenote_active":false,"_monsterinsights_sitenote_note":"","_monsterinsights_sitenote_category":0,"footnotes":"","_wpscppro_dont_share_socialmedia":false,"_wpscppro_custom_social_share_image":0,"_facebook_share_type":"","_twitter_share_type":"","_linkedin_share_type":"","_pinterest_share_type":"","_linkedin_share_type_page":"","_instagram_share_type":"","_medium_share_type":"","_threads_share_type":"","_google_business_share_type":"","_selected_social_profile":[],"_wpsp_enable_custom_social_template":false,"_wpsp_social_scheduling":{"enabled":false,"datetime":null,"platforms":[],"status":"template_only","dateOption":"today","timeOption":"now","customDays":"","customHours":"","customDate":"","customTime":"","schedulingType":"absolute"},"_wpsp_active_default_template":true},"categories":[27],"tags":[],"class_list":["post-618","post","type-post","status-publish","format-standard","has-post-thumbnail","hentry","category-actualite"],"aioseo_notices":[],"yoast_head":"<!-- This site is optimized with the Yoast SEO plugin v27.5 - https:\/\/yoast.com\/product\/yoast-seo-wordpress\/ -->\n<title>La Centrale syndicale \u00ab a \u00e9t\u00e9 cr\u00e9\u00e9e pour rassembler les Alg\u00e9riens \u00bb - La Sentinelle<\/title>\n<meta name=\"robots\" content=\"index, follow, max-snippet:-1, max-image-preview:large, max-video-preview:-1\" \/>\n<link rel=\"canonical\" href=\"https:\/\/lasentinelle.dz\/index.php\/2021\/02\/25\/la-centrale-syndicale-a-ete-creee-pour-rassembler-les-algeriens\/\" \/>\n<meta property=\"og:locale\" content=\"fr_FR\" \/>\n<meta property=\"og:type\" content=\"article\" \/>\n<meta property=\"og:title\" content=\"La Centrale syndicale \u00ab a \u00e9t\u00e9 cr\u00e9\u00e9e pour rassembler les Alg\u00e9riens \u00bb - La Sentinelle\" \/>\n<meta property=\"og:description\" content=\"\u00ab L\u2019Union G\u00e9n\u00e9rale des Travailleurs alg\u00e9riens (UGTA) a \u00e9t\u00e9 cr\u00e9\u00e9e pour l\u2019objectif politique d\u2019organiser et de rassembler les Alg\u00e9riens en\" \/>\n<meta property=\"og:url\" content=\"https:\/\/lasentinelle.dz\/index.php\/2021\/02\/25\/la-centrale-syndicale-a-ete-creee-pour-rassembler-les-algeriens\/\" \/>\n<meta property=\"og:site_name\" content=\"La Sentinelle\" \/>\n<meta property=\"article:publisher\" content=\"https:\/\/www.facebook.com\/La-Sentinelle-104059864394773\" \/>\n<meta property=\"article:published_time\" content=\"2021-02-25T08:16:00+00:00\" \/>\n<meta property=\"article:modified_time\" content=\"2021-02-25T10:27:34+00:00\" \/>\n<meta property=\"og:image\" content=\"https:\/\/lasentinelle.dz\/wp-content\/uploads\/2021\/02\/ferhat-chabekh.jpg\" \/>\n\t<meta property=\"og:image:width\" content=\"1280\" \/>\n\t<meta property=\"og:image:height\" content=\"720\" \/>\n\t<meta property=\"og:image:type\" content=\"image\/jpeg\" \/>\n<meta name=\"author\" content=\"La Sentinelle\" \/>\n<meta name=\"twitter:card\" content=\"summary_large_image\" \/>\n<meta name=\"twitter:label1\" content=\"\u00c9crit par\" \/>\n\t<meta name=\"twitter:data1\" content=\"La Sentinelle\" \/>\n\t<meta name=\"twitter:label2\" content=\"Dur\u00e9e de lecture estim\u00e9e\" \/>\n\t<meta name=\"twitter:data2\" content=\"3 minutes\" \/>\n<script type=\"application\/ld+json\" class=\"yoast-schema-graph\">{\"@context\":\"https:\\\/\\\/schema.org\",\"@graph\":[{\"@type\":\"Article\",\"@id\":\"https:\\\/\\\/lasentinelle.dz\\\/index.php\\\/2021\\\/02\\\/25\\\/la-centrale-syndicale-a-ete-creee-pour-rassembler-les-algeriens\\\/#article\",\"isPartOf\":{\"@id\":\"https:\\\/\\\/lasentinelle.dz\\\/index.php\\\/2021\\\/02\\\/25\\\/la-centrale-syndicale-a-ete-creee-pour-rassembler-les-algeriens\\\/\"},\"author\":{\"name\":\"La Sentinelle\",\"@id\":\"https:\\\/\\\/lasentinelle.dz\\\/#\\\/schema\\\/person\\\/d865044e22e70a75174ce8bcad3acfb3\"},\"headline\":\"La Centrale syndicale \u00ab a \u00e9t\u00e9 cr\u00e9\u00e9e pour rassembler les Alg\u00e9riens \u00bb\",\"datePublished\":\"2021-02-25T08:16:00+00:00\",\"dateModified\":\"2021-02-25T10:27:34+00:00\",\"mainEntityOfPage\":{\"@id\":\"https:\\\/\\\/lasentinelle.dz\\\/index.php\\\/2021\\\/02\\\/25\\\/la-centrale-syndicale-a-ete-creee-pour-rassembler-les-algeriens\\\/\"},\"wordCount\":609,\"commentCount\":0,\"publisher\":{\"@id\":\"https:\\\/\\\/lasentinelle.dz\\\/#organization\"},\"image\":{\"@id\":\"https:\\\/\\\/lasentinelle.dz\\\/index.php\\\/2021\\\/02\\\/25\\\/la-centrale-syndicale-a-ete-creee-pour-rassembler-les-algeriens\\\/#primaryimage\"},\"thumbnailUrl\":\"https:\\\/\\\/lasentinelle.dz\\\/wp-content\\\/uploads\\\/2021\\\/02\\\/ferhat-chabekh.jpg\",\"articleSection\":[\"Actualit\u00e9\"],\"inLanguage\":\"fr-FR\",\"potentialAction\":[{\"@type\":\"CommentAction\",\"name\":\"Comment\",\"target\":[\"https:\\\/\\\/lasentinelle.dz\\\/index.php\\\/2021\\\/02\\\/25\\\/la-centrale-syndicale-a-ete-creee-pour-rassembler-les-algeriens\\\/#respond\"]}]},{\"@type\":\"WebPage\",\"@id\":\"https:\\\/\\\/lasentinelle.dz\\\/index.php\\\/2021\\\/02\\\/25\\\/la-centrale-syndicale-a-ete-creee-pour-rassembler-les-algeriens\\\/\",\"url\":\"https:\\\/\\\/lasentinelle.dz\\\/index.php\\\/2021\\\/02\\\/25\\\/la-centrale-syndicale-a-ete-creee-pour-rassembler-les-algeriens\\\/\",\"name\":\"La Centrale syndicale \u00ab a \u00e9t\u00e9 cr\u00e9\u00e9e pour rassembler les Alg\u00e9riens \u00bb - La Sentinelle\",\"isPartOf\":{\"@id\":\"https:\\\/\\\/lasentinelle.dz\\\/#website\"},\"primaryImageOfPage\":{\"@id\":\"https:\\\/\\\/lasentinelle.dz\\\/index.php\\\/2021\\\/02\\\/25\\\/la-centrale-syndicale-a-ete-creee-pour-rassembler-les-algeriens\\\/#primaryimage\"},\"image\":{\"@id\":\"https:\\\/\\\/lasentinelle.dz\\\/index.php\\\/2021\\\/02\\\/25\\\/la-centrale-syndicale-a-ete-creee-pour-rassembler-les-algeriens\\\/#primaryimage\"},\"thumbnailUrl\":\"https:\\\/\\\/lasentinelle.dz\\\/wp-content\\\/uploads\\\/2021\\\/02\\\/ferhat-chabekh.jpg\",\"datePublished\":\"2021-02-25T08:16:00+00:00\",\"dateModified\":\"2021-02-25T10:27:34+00:00\",\"breadcrumb\":{\"@id\":\"https:\\\/\\\/lasentinelle.dz\\\/index.php\\\/2021\\\/02\\\/25\\\/la-centrale-syndicale-a-ete-creee-pour-rassembler-les-algeriens\\\/#breadcrumb\"},\"inLanguage\":\"fr-FR\",\"potentialAction\":[{\"@type\":\"ReadAction\",\"target\":[\"https:\\\/\\\/lasentinelle.dz\\\/index.php\\\/2021\\\/02\\\/25\\\/la-centrale-syndicale-a-ete-creee-pour-rassembler-les-algeriens\\\/\"]}]},{\"@type\":\"ImageObject\",\"inLanguage\":\"fr-FR\",\"@id\":\"https:\\\/\\\/lasentinelle.dz\\\/index.php\\\/2021\\\/02\\\/25\\\/la-centrale-syndicale-a-ete-creee-pour-rassembler-les-algeriens\\\/#primaryimage\",\"url\":\"https:\\\/\\\/lasentinelle.dz\\\/wp-content\\\/uploads\\\/2021\\\/02\\\/ferhat-chabekh.jpg\",\"contentUrl\":\"https:\\\/\\\/lasentinelle.dz\\\/wp-content\\\/uploads\\\/2021\\\/02\\\/ferhat-chabekh.jpg\",\"width\":1280,\"height\":720},{\"@type\":\"BreadcrumbList\",\"@id\":\"https:\\\/\\\/lasentinelle.dz\\\/index.php\\\/2021\\\/02\\\/25\\\/la-centrale-syndicale-a-ete-creee-pour-rassembler-les-algeriens\\\/#breadcrumb\",\"itemListElement\":[{\"@type\":\"ListItem\",\"position\":1,\"name\":\"Accueil\",\"item\":\"https:\\\/\\\/lasentinelle.dz\\\/\"},{\"@type\":\"ListItem\",\"position\":2,\"name\":\"La Centrale syndicale \u00ab a \u00e9t\u00e9 cr\u00e9\u00e9e pour rassembler les Alg\u00e9riens \u00bb\"}]},{\"@type\":\"WebSite\",\"@id\":\"https:\\\/\\\/lasentinelle.dz\\\/#website\",\"url\":\"https:\\\/\\\/lasentinelle.dz\\\/\",\"name\":\"La Sentinelle\",\"description\":\"Quotidien national d&#039;information\",\"publisher\":{\"@id\":\"https:\\\/\\\/lasentinelle.dz\\\/#organization\"},\"potentialAction\":[{\"@type\":\"SearchAction\",\"target\":{\"@type\":\"EntryPoint\",\"urlTemplate\":\"https:\\\/\\\/lasentinelle.dz\\\/?s={search_term_string}\"},\"query-input\":{\"@type\":\"PropertyValueSpecification\",\"valueRequired\":true,\"valueName\":\"search_term_string\"}}],\"inLanguage\":\"fr-FR\"},{\"@type\":\"Organization\",\"@id\":\"https:\\\/\\\/lasentinelle.dz\\\/#organization\",\"name\":\"Quotidien La Sentinelle\",\"url\":\"https:\\\/\\\/lasentinelle.dz\\\/\",\"logo\":{\"@type\":\"ImageObject\",\"inLanguage\":\"fr-FR\",\"@id\":\"https:\\\/\\\/lasentinelle.dz\\\/#\\\/schema\\\/logo\\\/image\\\/\",\"url\":\"https:\\\/\\\/lasentinelle.dz\\\/wp-content\\\/uploads\\\/2021\\\/09\\\/logo-sentinelleSLOGAN-1.png\",\"contentUrl\":\"https:\\\/\\\/lasentinelle.dz\\\/wp-content\\\/uploads\\\/2021\\\/09\\\/logo-sentinelleSLOGAN-1.png\",\"width\":615,\"height\":142,\"caption\":\"Quotidien La Sentinelle\"},\"image\":{\"@id\":\"https:\\\/\\\/lasentinelle.dz\\\/#\\\/schema\\\/logo\\\/image\\\/\"},\"sameAs\":[\"https:\\\/\\\/www.facebook.com\\\/La-Sentinelle-104059864394773\"]},{\"@type\":\"Person\",\"@id\":\"https:\\\/\\\/lasentinelle.dz\\\/#\\\/schema\\\/person\\\/d865044e22e70a75174ce8bcad3acfb3\",\"name\":\"La Sentinelle\",\"image\":{\"@type\":\"ImageObject\",\"inLanguage\":\"fr-FR\",\"@id\":\"https:\\\/\\\/secure.gravatar.com\\\/avatar\\\/57de8e5d4b15d43fb361a71fbb36338450fe67865b528a43dd10ef7c51a20392?s=96&d=mm&r=g\",\"url\":\"https:\\\/\\\/secure.gravatar.com\\\/avatar\\\/57de8e5d4b15d43fb361a71fbb36338450fe67865b528a43dd10ef7c51a20392?s=96&d=mm&r=g\",\"contentUrl\":\"https:\\\/\\\/secure.gravatar.com\\\/avatar\\\/57de8e5d4b15d43fb361a71fbb36338450fe67865b528a43dd10ef7c51a20392?s=96&d=mm&r=g\",\"caption\":\"La Sentinelle\"},\"sameAs\":[\"http:\\\/\\\/www.lasentinelle.dz\"],\"url\":\"https:\\\/\\\/lasentinelle.dz\\\/author\\\/redaction\\\/\"}]}<\/script>\n<!-- \/ Yoast SEO plugin. -->","yoast_head_json":{"title":"La Centrale syndicale \u00ab a \u00e9t\u00e9 cr\u00e9\u00e9e pour rassembler les Alg\u00e9riens \u00bb - La Sentinelle","robots":{"index":"index","follow":"follow","max-snippet":"max-snippet:-1","max-image-preview":"max-image-preview:large","max-video-preview":"max-video-preview:-1"},"canonical":"https:\/\/lasentinelle.dz\/index.php\/2021\/02\/25\/la-centrale-syndicale-a-ete-creee-pour-rassembler-les-algeriens\/","og_locale":"fr_FR","og_type":"article","og_title":"La Centrale syndicale \u00ab a \u00e9t\u00e9 cr\u00e9\u00e9e pour rassembler les Alg\u00e9riens \u00bb - La Sentinelle","og_description":"\u00ab L\u2019Union G\u00e9n\u00e9rale des Travailleurs alg\u00e9riens (UGTA) a \u00e9t\u00e9 cr\u00e9\u00e9e pour l\u2019objectif politique d\u2019organiser et de rassembler les Alg\u00e9riens en","og_url":"https:\/\/lasentinelle.dz\/index.php\/2021\/02\/25\/la-centrale-syndicale-a-ete-creee-pour-rassembler-les-algeriens\/","og_site_name":"La Sentinelle","article_publisher":"https:\/\/www.facebook.com\/La-Sentinelle-104059864394773","article_published_time":"2021-02-25T08:16:00+00:00","article_modified_time":"2021-02-25T10:27:34+00:00","og_image":[{"width":1280,"height":720,"url":"https:\/\/lasentinelle.dz\/wp-content\/uploads\/2021\/02\/ferhat-chabekh.jpg","type":"image\/jpeg"}],"author":"La Sentinelle","twitter_card":"summary_large_image","twitter_misc":{"\u00c9crit par":"La Sentinelle","Dur\u00e9e de lecture estim\u00e9e":"3 minutes"},"schema":{"@context":"https:\/\/schema.org","@graph":[{"@type":"Article","@id":"https:\/\/lasentinelle.dz\/index.php\/2021\/02\/25\/la-centrale-syndicale-a-ete-creee-pour-rassembler-les-algeriens\/#article","isPartOf":{"@id":"https:\/\/lasentinelle.dz\/index.php\/2021\/02\/25\/la-centrale-syndicale-a-ete-creee-pour-rassembler-les-algeriens\/"},"author":{"name":"La Sentinelle","@id":"https:\/\/lasentinelle.dz\/#\/schema\/person\/d865044e22e70a75174ce8bcad3acfb3"},"headline":"La Centrale syndicale \u00ab a \u00e9t\u00e9 cr\u00e9\u00e9e pour rassembler les Alg\u00e9riens \u00bb","datePublished":"2021-02-25T08:16:00+00:00","dateModified":"2021-02-25T10:27:34+00:00","mainEntityOfPage":{"@id":"https:\/\/lasentinelle.dz\/index.php\/2021\/02\/25\/la-centrale-syndicale-a-ete-creee-pour-rassembler-les-algeriens\/"},"wordCount":609,"commentCount":0,"publisher":{"@id":"https:\/\/lasentinelle.dz\/#organization"},"image":{"@id":"https:\/\/lasentinelle.dz\/index.php\/2021\/02\/25\/la-centrale-syndicale-a-ete-creee-pour-rassembler-les-algeriens\/#primaryimage"},"thumbnailUrl":"https:\/\/lasentinelle.dz\/wp-content\/uploads\/2021\/02\/ferhat-chabekh.jpg","articleSection":["Actualit\u00e9"],"inLanguage":"fr-FR","potentialAction":[{"@type":"CommentAction","name":"Comment","target":["https:\/\/lasentinelle.dz\/index.php\/2021\/02\/25\/la-centrale-syndicale-a-ete-creee-pour-rassembler-les-algeriens\/#respond"]}]},{"@type":"WebPage","@id":"https:\/\/lasentinelle.dz\/index.php\/2021\/02\/25\/la-centrale-syndicale-a-ete-creee-pour-rassembler-les-algeriens\/","url":"https:\/\/lasentinelle.dz\/index.php\/2021\/02\/25\/la-centrale-syndicale-a-ete-creee-pour-rassembler-les-algeriens\/","name":"La Centrale syndicale \u00ab a \u00e9t\u00e9 cr\u00e9\u00e9e pour rassembler les Alg\u00e9riens \u00bb - La Sentinelle","isPartOf":{"@id":"https:\/\/lasentinelle.dz\/#website"},"primaryImageOfPage":{"@id":"https:\/\/lasentinelle.dz\/index.php\/2021\/02\/25\/la-centrale-syndicale-a-ete-creee-pour-rassembler-les-algeriens\/#primaryimage"},"image":{"@id":"https:\/\/lasentinelle.dz\/index.php\/2021\/02\/25\/la-centrale-syndicale-a-ete-creee-pour-rassembler-les-algeriens\/#primaryimage"},"thumbnailUrl":"https:\/\/lasentinelle.dz\/wp-content\/uploads\/2021\/02\/ferhat-chabekh.jpg","datePublished":"2021-02-25T08:16:00+00:00","dateModified":"2021-02-25T10:27:34+00:00","breadcrumb":{"@id":"https:\/\/lasentinelle.dz\/index.php\/2021\/02\/25\/la-centrale-syndicale-a-ete-creee-pour-rassembler-les-algeriens\/#breadcrumb"},"inLanguage":"fr-FR","potentialAction":[{"@type":"ReadAction","target":["https:\/\/lasentinelle.dz\/index.php\/2021\/02\/25\/la-centrale-syndicale-a-ete-creee-pour-rassembler-les-algeriens\/"]}]},{"@type":"ImageObject","inLanguage":"fr-FR","@id":"https:\/\/lasentinelle.dz\/index.php\/2021\/02\/25\/la-centrale-syndicale-a-ete-creee-pour-rassembler-les-algeriens\/#primaryimage","url":"https:\/\/lasentinelle.dz\/wp-content\/uploads\/2021\/02\/ferhat-chabekh.jpg","contentUrl":"https:\/\/lasentinelle.dz\/wp-content\/uploads\/2021\/02\/ferhat-chabekh.jpg","width":1280,"height":720},{"@type":"BreadcrumbList","@id":"https:\/\/lasentinelle.dz\/index.php\/2021\/02\/25\/la-centrale-syndicale-a-ete-creee-pour-rassembler-les-algeriens\/#breadcrumb","itemListElement":[{"@type":"ListItem","position":1,"name":"Accueil","item":"https:\/\/lasentinelle.dz\/"},{"@type":"ListItem","position":2,"name":"La Centrale syndicale \u00ab a \u00e9t\u00e9 cr\u00e9\u00e9e pour rassembler les Alg\u00e9riens \u00bb"}]},{"@type":"WebSite","@id":"https:\/\/lasentinelle.dz\/#website","url":"https:\/\/lasentinelle.dz\/","name":"La Sentinelle","description":"Quotidien national d&#039;information","publisher":{"@id":"https:\/\/lasentinelle.dz\/#organization"},"potentialAction":[{"@type":"SearchAction","target":{"@type":"EntryPoint","urlTemplate":"https:\/\/lasentinelle.dz\/?s={search_term_string}"},"query-input":{"@type":"PropertyValueSpecification","valueRequired":true,"valueName":"search_term_string"}}],"inLanguage":"fr-FR"},{"@type":"Organization","@id":"https:\/\/lasentinelle.dz\/#organization","name":"Quotidien La Sentinelle","url":"https:\/\/lasentinelle.dz\/","logo":{"@type":"ImageObject","inLanguage":"fr-FR","@id":"https:\/\/lasentinelle.dz\/#\/schema\/logo\/image\/","url":"https:\/\/lasentinelle.dz\/wp-content\/uploads\/2021\/09\/logo-sentinelleSLOGAN-1.png","contentUrl":"https:\/\/lasentinelle.dz\/wp-content\/uploads\/2021\/09\/logo-sentinelleSLOGAN-1.png","width":615,"height":142,"caption":"Quotidien La Sentinelle"},"image":{"@id":"https:\/\/lasentinelle.dz\/#\/schema\/logo\/image\/"},"sameAs":["https:\/\/www.facebook.com\/La-Sentinelle-104059864394773"]},{"@type":"Person","@id":"https:\/\/lasentinelle.dz\/#\/schema\/person\/d865044e22e70a75174ce8bcad3acfb3","name":"La Sentinelle","image":{"@type":"ImageObject","inLanguage":"fr-FR","@id":"https:\/\/secure.gravatar.com\/avatar\/57de8e5d4b15d43fb361a71fbb36338450fe67865b528a43dd10ef7c51a20392?s=96&d=mm&r=g","url":"https:\/\/secure.gravatar.com\/avatar\/57de8e5d4b15d43fb361a71fbb36338450fe67865b528a43dd10ef7c51a20392?s=96&d=mm&r=g","contentUrl":"https:\/\/secure.gravatar.com\/avatar\/57de8e5d4b15d43fb361a71fbb36338450fe67865b528a43dd10ef7c51a20392?s=96&d=mm&r=g","caption":"La Sentinelle"},"sameAs":["http:\/\/www.lasentinelle.dz"],"url":"https:\/\/lasentinelle.dz\/author\/redaction\/"}]}},"_links":{"self":[{"href":"https:\/\/lasentinelle.dz\/index.php\/wp-json\/wp\/v2\/posts\/618","targetHints":{"allow":["GET"]}}],"collection":[{"href":"https:\/\/lasentinelle.dz\/index.php\/wp-json\/wp\/v2\/posts"}],"about":[{"href":"https:\/\/lasentinelle.dz\/index.php\/wp-json\/wp\/v2\/types\/post"}],"author":[{"embeddable":true,"href":"https:\/\/lasentinelle.dz\/index.php\/wp-json\/wp\/v2\/users\/3"}],"replies":[{"embeddable":true,"href":"https:\/\/lasentinelle.dz\/index.php\/wp-json\/wp\/v2\/comments?post=618"}],"version-history":[{"count":1,"href":"https:\/\/lasentinelle.dz\/index.php\/wp-json\/wp\/v2\/posts\/618\/revisions"}],"predecessor-version":[{"id":621,"href":"https:\/\/lasentinelle.dz\/index.php\/wp-json\/wp\/v2\/posts\/618\/revisions\/621"}],"wp:featuredmedia":[{"embeddable":true,"href":"https:\/\/lasentinelle.dz\/index.php\/wp-json\/wp\/v2\/media\/619"}],"wp:attachment":[{"href":"https:\/\/lasentinelle.dz\/index.php\/wp-json\/wp\/v2\/media?parent=618"}],"wp:term":[{"taxonomy":"category","embeddable":true,"href":"https:\/\/lasentinelle.dz\/index.php\/wp-json\/wp\/v2\/categories?post=618"},{"taxonomy":"post_tag","embeddable":true,"href":"https:\/\/lasentinelle.dz\/index.php\/wp-json\/wp\/v2\/tags?post=618"}],"curies":[{"name":"wp","href":"https:\/\/api.w.org\/{rel}","templated":true}]}}