{"id":61902,"date":"2025-01-21T12:34:21","date_gmt":"2025-01-21T11:34:21","guid":{"rendered":"https:\/\/lasentinelle.dz\/?p=61902"},"modified":"2025-01-21T12:34:22","modified_gmt":"2025-01-21T11:34:22","slug":"louverture-du-capital-de-la-banque-publique-lancee-hier-la-bdl-affiche-ses-ambitions","status":"publish","type":"post","link":"https:\/\/lasentinelle.dz\/index.php\/2025\/01\/21\/louverture-du-capital-de-la-banque-publique-lancee-hier-la-bdl-affiche-ses-ambitions\/","title":{"rendered":"L\u2019ouverture du capital de la banque publique lanc\u00e9e hier : La BDL affiche ses ambitions"},"content":{"rendered":"\n<p>C\u2019est parti&nbsp;! La Banque de D\u00e9veloppement Local (BDL) a lanc\u00e9 hier son offre d\u2019appel de vente d\u2019action dans le cadre de l&rsquo;ouverture de 30% de son capital \u00e0 travers la Bourse d&rsquo;Alger, une op\u00e9ration qui s&rsquo;inscrit dans la dynamique de modernisation du secteur bancaire. Cette initiative, qui fait suite \u00e0 celle du Cr\u00e9dit Populaire d&rsquo;Alg\u00e9rie (CPA) en 2024, repr\u00e9sente la deuxi\u00e8me ouverture du capital d&rsquo;une banque publique sur le march\u00e9 boursier national. L&rsquo;op\u00e9ration, qui se d\u00e9roulera jusqu&rsquo;au 20 f\u00e9vrier prochain, vise \u00e0 augmenter significativement le capital de la banque, le portant de 103,2 milliards de dinars \u00e0 147,4 milliards de dinars, \u00e0 travers l&rsquo;\u00e9mission de 44,2 millions de nouvelles actions au prix unitaire de 1400 dinars. Le Directeur g\u00e9n\u00e9ral de la BDL, Youcef Lalmas, intervenant hier pour l\u2019occasion sur les ondes de la radio nationale, a expos\u00e9 une vision ambitieuse pour l&rsquo;\u00e9tablissement, affirmant que \u00ab\u00a0la BDL pr\u00e9voit de doubler les montants de ses cr\u00e9dits octroy\u00e9s \u00e0 sa client\u00e8le, actuellement \u00e0 hauteur de 1200 milliards DA, les portant \u00e0 2400 mds de DA \u00e0 l&rsquo;horizon 2029\u00a0\u00bb. Cette projection s&rsquo;accompagne d&rsquo;objectifs financiers tout aussi ambitieux, avec une pr\u00e9vision d&rsquo;augmentation du b\u00e9n\u00e9fice net \u00e0 33 milliards de dinars en 2029, contre 17,5 milliards de dinars r\u00e9alis\u00e9s en 2023. La strat\u00e9gie de d\u00e9veloppement de la banque repose sur des fondamentaux solides, comme l&rsquo;a soulign\u00e9 M. Lalmas lors de son intervention sur la cha\u00eene 3 de la Radio alg\u00e9rienne : \u00ab\u00a0C&rsquo;est une banque aux assises solides. Les perspectives sont bonnes, \u00e0 l&rsquo;exemple de l&rsquo;exercice 2023, la banque a r\u00e9alis\u00e9 un chiffre d&rsquo;affaires de 17,5 milliards DA\u00a0\u00bb. Il a notamment mis en avant le positionnement strat\u00e9gique de l&rsquo;\u00e9tablissement, rappelant que \u00ab\u00a0la BDL est une banque publique qui existe sur le march\u00e9 depuis 40 ans, dont le portefeuille est orient\u00e9 vers le priv\u00e9 \u00e0 75%\u00a0\u00bb, tout en pr\u00e9cisant qu&rsquo;elle est \u00ab\u00a0centr\u00e9e beaucoup plus sur la petite et moyenne entreprise\u00a0\u00bb.<\/p>\n\n\n\n<p><strong>Un gain d\u00e8s le d\u00e9part<\/strong><\/p>\n\n\n\n<p>Concernant la valorisation des actions, le processus a \u00e9t\u00e9 rigoureusement encadr\u00e9. Selon les explications du directeur g\u00e9n\u00e9ral : \u00ab\u00a0Il y a un bureau d&rsquo;\u00e9tudes qui a fait une valorisation de la banque et qui a donn\u00e9 un montant global de 128 milliards DA et ; \u00e0 partir de l\u00e0, le prix de cession est d\u00e9fini et fix\u00e9 \u00e0 1546 DA\u00a0\u00bb. Il a pr\u00e9cis\u00e9 que \u00ab\u00a0on a fait une d\u00e9cote de 146 DA par rapport \u00e0 ce prix, ce qui fait les 1400 DA. Ce qui procure \u00e0 l&rsquo;acqu\u00e9reur un gain de 146 DA d\u00e8s le d\u00e9part\u00a0\u00bb. Les avantages pour les investisseurs sont multiples, comme l&rsquo;a d\u00e9taill\u00e9 M. Lalmas : \u00ab\u00a0Outre le fait de devenir actionnaire du capital fiscal de la banque, l&rsquo;acqu\u00e9reur a l&rsquo;avantage que ces actions sont exon\u00e9r\u00e9es d&rsquo;imp\u00f4ts \u00e0 l&rsquo;acquisition et \u00e9galement \u00e0 la plus-value g\u00e9n\u00e9r\u00e9e, par la suite\u00a0\u00bb. Cette exon\u00e9ration s&rsquo;\u00e9tend sur une p\u00e9riode de cinq ans lors de la vente des titres. La politique de distribution des dividendes a \u00e9galement \u00e9t\u00e9 clarifi\u00e9e : \u00ab\u00a0La BDL a d\u00e9cid\u00e9 de distribuer 50% du b\u00e9n\u00e9fice r\u00e9alis\u00e9s\u00a0\u00bb. Le directeur g\u00e9n\u00e9ral a insist\u00e9 sur la p\u00e9rennit\u00e9 de l&rsquo;\u00e9tablissement, soulignant que \u00ab\u00a0la banque a toujours \u00e9t\u00e9 b\u00e9n\u00e9ficiaire depuis son existence et, selon les projections, elle sera b\u00e9n\u00e9ficiaire sur les cinq prochaines ann\u00e9es\u00a0\u00bb. En parall\u00e8le de cette ouverture du capital, la BDL a pr\u00e9sent\u00e9 un plan d&rsquo;investissement ambitieux. Comme l&rsquo;a indiqu\u00e9 M. Lalmas : \u00ab\u00a0Nous pr\u00e9voyons d&rsquo;investir 30 milliards DA pour moderniser nos infrastructures et d\u00e9velopper notre syst\u00e8me d&rsquo;information des prestations et la num\u00e9risation des processus internes de la banque et ce, pour plus d&rsquo;efficacit\u00e9 et d&rsquo;efficience qui sont parmi les objectifs trac\u00e9s par la Banque\u00a0\u00bb. Ce plan pr\u00e9voit notamment l&rsquo;expansion du r\u00e9seau physique : \u00ab\u00a0Nous pr\u00e9voyons \u00e9galement l&rsquo;\u00e9largissement du r\u00e9seau BDL, dont une cinquantaine d&rsquo;agences nouvelles sont pr\u00e9vues, avec \u00e9galement 50 nouveaux espaces self-service o\u00f9 les clients jouiront de prestations de services digitalis\u00e9es\u00a0\u00bb.<\/p>\n\n\n\n<p>Des transactions digitalis\u00e9es<\/p>\n\n\n\n<p>Cette modernisation s&rsquo;inscrit dans un contexte plus large de digitalisation du secteur financier alg\u00e9rien, comme en t\u00e9moigne l&rsquo;annonce simultan\u00e9e de la Commission d&rsquo;organisation et de surveillance des op\u00e9rations de Bourse (COSOB). L&rsquo;autorit\u00e9 de r\u00e9gulation a en effet publi\u00e9 de nouvelles dispositions visant \u00e0 num\u00e9riser les transactions boursi\u00e8res. Dans un communiqu\u00e9, la COSOB a pr\u00e9cis\u00e9 que cette initiative \u00ab\u00a0s&rsquo;inscrit pleinement dans les efforts visant \u00e0 am\u00e9liorer la transparence, l&rsquo;efficacit\u00e9 et la s\u00e9curit\u00e9 des transactions boursi\u00e8res dans un environnement de plus en plus num\u00e9ris\u00e9\u00a0\u00bb. Les nouvelles modalit\u00e9s introduisent notamment \u00ab\u00a0des supports \u00e9lectroniques et t\u00e9l\u00e9phoniques notamment les plateformes de passation et de suivi des ordres de bourse\u00a0\u00bb, visant \u00e0 \u00ab\u00a0garantir une gestion plus souple, plus s\u00e9curis\u00e9e et plus accessible des transactions boursi\u00e8res pour les investisseurs, en particulier \u00e0 travers des dispositifs num\u00e9riques\u00a0\u00bb. L&rsquo;op\u00e9ration d&rsquo;ouverture du capital de la BDL a \u00e9t\u00e9 soigneusement pr\u00e9par\u00e9e et valid\u00e9e par les instances de r\u00e9gulation. Le Conseil des participations de l&rsquo;\u00c9tat (CPE) a donn\u00e9 son accord le 4 d\u00e9cembre dernier pour l&rsquo;ouverture partielle du capital \u00e0 hauteur de 30%, tandis que la COSOB a valid\u00e9 la notice d&rsquo;information concernant l&rsquo;offre publique de vente \u00e0 la fin du m\u00eame mois. La r\u00e9partition des actions mises en vente a \u00e9t\u00e9 structur\u00e9e pour permettre une large participation : 40% sont r\u00e9serv\u00e9s aux personnes physiques de nationalit\u00e9 alg\u00e9rienne r\u00e9sidentes (soit 17,68 millions d&rsquo;actions), 30% aux investisseurs professionnels (13,26 millions d&rsquo;actions) et 30% aux personnes morales de droit alg\u00e9rien (13,26 millions d&rsquo;actions), avec un seuil minimal d&rsquo;achat fix\u00e9 \u00e0 10 actions. L&rsquo;ensemble de ces d\u00e9veloppements marque une \u00e9tape importante dans la modernisation du syst\u00e8me financier alg\u00e9rien, combinant l&rsquo;ouverture du capital d&rsquo;une banque publique majeure avec une digitalisation accrue des services financiers. Cette \u00e9volution devrait contribuer \u00e0 dynamiser le march\u00e9 boursier alg\u00e9rien tout en renfor\u00e7ant la capacit\u00e9 de financement de l&rsquo;\u00e9conomie nationale.<\/p>\n\n\n\n<p>Sabrina Aziouez<\/p>\n","protected":false},"excerpt":{"rendered":"<p>C\u2019est parti&nbsp;! La Banque de D\u00e9veloppement Local (BDL) a lanc\u00e9 hier son offre d\u2019appel de vente d\u2019action dans le cadre<\/p>\n","protected":false},"author":6,"featured_media":18304,"comment_status":"open","ping_status":"closed","sticky":false,"template":"","format":"standard","meta":{"colormag_page_container_layout":"default_layout","colormag_page_sidebar_layout":"default_layout","om_disable_all_campaigns":false,"_monsterinsights_skip_tracking":false,"_monsterinsights_sitenote_active":false,"_monsterinsights_sitenote_note":"","_monsterinsights_sitenote_category":0,"footnotes":"","_wpscppro_dont_share_socialmedia":false,"_wpscppro_custom_social_share_image":0,"_facebook_share_type":"default","_twitter_share_type":"default","_linkedin_share_type":"default","_pinterest_share_type":"default","_linkedin_share_type_page":"","_instagram_share_type":"default","_medium_share_type":"default","_threads_share_type":"","_google_business_share_type":"","_selected_social_profile":[],"_wpsp_enable_custom_social_template":false,"_wpsp_social_scheduling":{"enabled":false,"datetime":null,"platforms":[],"status":"template_only","dateOption":"today","timeOption":"now","customDays":"","customHours":"","customDate":"","customTime":"","schedulingType":"absolute"},"_wpsp_active_default_template":true},"categories":[52,29],"tags":[],"class_list":["post-61902","post","type-post","status-publish","format-standard","has-post-thumbnail","hentry","category-a-la-une","category-economie"],"aioseo_notices":[],"yoast_head":"<!-- This site is optimized with the Yoast SEO plugin v27.4 - https:\/\/yoast.com\/product\/yoast-seo-wordpress\/ -->\n<title>L\u2019ouverture du capital de la banque publique lanc\u00e9e hier : La BDL affiche ses ambitions - La Sentinelle<\/title>\n<meta name=\"robots\" content=\"index, follow, max-snippet:-1, max-image-preview:large, max-video-preview:-1\" \/>\n<link rel=\"canonical\" href=\"https:\/\/lasentinelle.dz\/index.php\/2025\/01\/21\/louverture-du-capital-de-la-banque-publique-lancee-hier-la-bdl-affiche-ses-ambitions\/\" \/>\n<meta property=\"og:locale\" content=\"fr_FR\" \/>\n<meta property=\"og:type\" content=\"article\" \/>\n<meta property=\"og:title\" content=\"L\u2019ouverture du capital de la banque publique lanc\u00e9e hier : La BDL affiche ses ambitions - La Sentinelle\" \/>\n<meta property=\"og:description\" content=\"C\u2019est parti&nbsp;! La Banque de D\u00e9veloppement Local (BDL) a lanc\u00e9 hier son offre d\u2019appel de vente d\u2019action dans le cadre\" \/>\n<meta property=\"og:url\" content=\"https:\/\/lasentinelle.dz\/index.php\/2025\/01\/21\/louverture-du-capital-de-la-banque-publique-lancee-hier-la-bdl-affiche-ses-ambitions\/\" \/>\n<meta property=\"og:site_name\" content=\"La Sentinelle\" \/>\n<meta property=\"article:publisher\" content=\"https:\/\/www.facebook.com\/La-Sentinelle-104059864394773\" \/>\n<meta property=\"article:published_time\" content=\"2025-01-21T11:34:21+00:00\" \/>\n<meta property=\"article:modified_time\" content=\"2025-01-21T11:34:22+00:00\" \/>\n<meta property=\"og:image\" content=\"https:\/\/lasentinelle.dz\/wp-content\/uploads\/2022\/03\/BDL.jpg\" \/>\n\t<meta property=\"og:image:width\" content=\"765\" \/>\n\t<meta property=\"og:image:height\" content=\"510\" \/>\n\t<meta property=\"og:image:type\" content=\"image\/jpeg\" \/>\n<meta name=\"author\" content=\"admin\" \/>\n<meta name=\"twitter:card\" content=\"summary_large_image\" \/>\n<meta name=\"twitter:label1\" content=\"\u00c9crit par\" \/>\n\t<meta name=\"twitter:data1\" content=\"admin\" \/>\n\t<meta name=\"twitter:label2\" content=\"Dur\u00e9e de lecture estim\u00e9e\" \/>\n\t<meta name=\"twitter:data2\" content=\"5 minutes\" \/>\n<script type=\"application\/ld+json\" class=\"yoast-schema-graph\">{\"@context\":\"https:\\\/\\\/schema.org\",\"@graph\":[{\"@type\":\"Article\",\"@id\":\"https:\\\/\\\/lasentinelle.dz\\\/index.php\\\/2025\\\/01\\\/21\\\/louverture-du-capital-de-la-banque-publique-lancee-hier-la-bdl-affiche-ses-ambitions\\\/#article\",\"isPartOf\":{\"@id\":\"https:\\\/\\\/lasentinelle.dz\\\/index.php\\\/2025\\\/01\\\/21\\\/louverture-du-capital-de-la-banque-publique-lancee-hier-la-bdl-affiche-ses-ambitions\\\/\"},\"author\":{\"name\":\"admin\",\"@id\":\"https:\\\/\\\/lasentinelle.dz\\\/#\\\/schema\\\/person\\\/729ee0024f24e0b8c5ec17232f8e8b41\"},\"headline\":\"L\u2019ouverture du capital de la banque publique lanc\u00e9e hier : La BDL affiche ses ambitions\",\"datePublished\":\"2025-01-21T11:34:21+00:00\",\"dateModified\":\"2025-01-21T11:34:22+00:00\",\"mainEntityOfPage\":{\"@id\":\"https:\\\/\\\/lasentinelle.dz\\\/index.php\\\/2025\\\/01\\\/21\\\/louverture-du-capital-de-la-banque-publique-lancee-hier-la-bdl-affiche-ses-ambitions\\\/\"},\"wordCount\":1054,\"commentCount\":0,\"publisher\":{\"@id\":\"https:\\\/\\\/lasentinelle.dz\\\/#organization\"},\"image\":{\"@id\":\"https:\\\/\\\/lasentinelle.dz\\\/index.php\\\/2025\\\/01\\\/21\\\/louverture-du-capital-de-la-banque-publique-lancee-hier-la-bdl-affiche-ses-ambitions\\\/#primaryimage\"},\"thumbnailUrl\":\"https:\\\/\\\/lasentinelle.dz\\\/wp-content\\\/uploads\\\/2022\\\/03\\\/BDL.jpg\",\"articleSection\":[\"\u00c0 la Une\",\"\u00c9conomie\"],\"inLanguage\":\"fr-FR\",\"potentialAction\":[{\"@type\":\"CommentAction\",\"name\":\"Comment\",\"target\":[\"https:\\\/\\\/lasentinelle.dz\\\/index.php\\\/2025\\\/01\\\/21\\\/louverture-du-capital-de-la-banque-publique-lancee-hier-la-bdl-affiche-ses-ambitions\\\/#respond\"]}]},{\"@type\":\"WebPage\",\"@id\":\"https:\\\/\\\/lasentinelle.dz\\\/index.php\\\/2025\\\/01\\\/21\\\/louverture-du-capital-de-la-banque-publique-lancee-hier-la-bdl-affiche-ses-ambitions\\\/\",\"url\":\"https:\\\/\\\/lasentinelle.dz\\\/index.php\\\/2025\\\/01\\\/21\\\/louverture-du-capital-de-la-banque-publique-lancee-hier-la-bdl-affiche-ses-ambitions\\\/\",\"name\":\"L\u2019ouverture du capital de la banque publique lanc\u00e9e hier : La BDL affiche ses ambitions - La Sentinelle\",\"isPartOf\":{\"@id\":\"https:\\\/\\\/lasentinelle.dz\\\/#website\"},\"primaryImageOfPage\":{\"@id\":\"https:\\\/\\\/lasentinelle.dz\\\/index.php\\\/2025\\\/01\\\/21\\\/louverture-du-capital-de-la-banque-publique-lancee-hier-la-bdl-affiche-ses-ambitions\\\/#primaryimage\"},\"image\":{\"@id\":\"https:\\\/\\\/lasentinelle.dz\\\/index.php\\\/2025\\\/01\\\/21\\\/louverture-du-capital-de-la-banque-publique-lancee-hier-la-bdl-affiche-ses-ambitions\\\/#primaryimage\"},\"thumbnailUrl\":\"https:\\\/\\\/lasentinelle.dz\\\/wp-content\\\/uploads\\\/2022\\\/03\\\/BDL.jpg\",\"datePublished\":\"2025-01-21T11:34:21+00:00\",\"dateModified\":\"2025-01-21T11:34:22+00:00\",\"breadcrumb\":{\"@id\":\"https:\\\/\\\/lasentinelle.dz\\\/index.php\\\/2025\\\/01\\\/21\\\/louverture-du-capital-de-la-banque-publique-lancee-hier-la-bdl-affiche-ses-ambitions\\\/#breadcrumb\"},\"inLanguage\":\"fr-FR\",\"potentialAction\":[{\"@type\":\"ReadAction\",\"target\":[\"https:\\\/\\\/lasentinelle.dz\\\/index.php\\\/2025\\\/01\\\/21\\\/louverture-du-capital-de-la-banque-publique-lancee-hier-la-bdl-affiche-ses-ambitions\\\/\"]}]},{\"@type\":\"ImageObject\",\"inLanguage\":\"fr-FR\",\"@id\":\"https:\\\/\\\/lasentinelle.dz\\\/index.php\\\/2025\\\/01\\\/21\\\/louverture-du-capital-de-la-banque-publique-lancee-hier-la-bdl-affiche-ses-ambitions\\\/#primaryimage\",\"url\":\"https:\\\/\\\/lasentinelle.dz\\\/wp-content\\\/uploads\\\/2022\\\/03\\\/BDL.jpg\",\"contentUrl\":\"https:\\\/\\\/lasentinelle.dz\\\/wp-content\\\/uploads\\\/2022\\\/03\\\/BDL.jpg\",\"width\":765,\"height\":510},{\"@type\":\"BreadcrumbList\",\"@id\":\"https:\\\/\\\/lasentinelle.dz\\\/index.php\\\/2025\\\/01\\\/21\\\/louverture-du-capital-de-la-banque-publique-lancee-hier-la-bdl-affiche-ses-ambitions\\\/#breadcrumb\",\"itemListElement\":[{\"@type\":\"ListItem\",\"position\":1,\"name\":\"Accueil\",\"item\":\"https:\\\/\\\/lasentinelle.dz\\\/\"},{\"@type\":\"ListItem\",\"position\":2,\"name\":\"L\u2019ouverture du capital de la banque publique lanc\u00e9e hier : La BDL affiche ses ambitions\"}]},{\"@type\":\"WebSite\",\"@id\":\"https:\\\/\\\/lasentinelle.dz\\\/#website\",\"url\":\"https:\\\/\\\/lasentinelle.dz\\\/\",\"name\":\"La Sentinelle\",\"description\":\"Quotidien national d&#039;information\",\"publisher\":{\"@id\":\"https:\\\/\\\/lasentinelle.dz\\\/#organization\"},\"potentialAction\":[{\"@type\":\"SearchAction\",\"target\":{\"@type\":\"EntryPoint\",\"urlTemplate\":\"https:\\\/\\\/lasentinelle.dz\\\/?s={search_term_string}\"},\"query-input\":{\"@type\":\"PropertyValueSpecification\",\"valueRequired\":true,\"valueName\":\"search_term_string\"}}],\"inLanguage\":\"fr-FR\"},{\"@type\":\"Organization\",\"@id\":\"https:\\\/\\\/lasentinelle.dz\\\/#organization\",\"name\":\"Quotidien La Sentinelle\",\"url\":\"https:\\\/\\\/lasentinelle.dz\\\/\",\"logo\":{\"@type\":\"ImageObject\",\"inLanguage\":\"fr-FR\",\"@id\":\"https:\\\/\\\/lasentinelle.dz\\\/#\\\/schema\\\/logo\\\/image\\\/\",\"url\":\"https:\\\/\\\/lasentinelle.dz\\\/wp-content\\\/uploads\\\/2021\\\/09\\\/logo-sentinelleSLOGAN-1.png\",\"contentUrl\":\"https:\\\/\\\/lasentinelle.dz\\\/wp-content\\\/uploads\\\/2021\\\/09\\\/logo-sentinelleSLOGAN-1.png\",\"width\":615,\"height\":142,\"caption\":\"Quotidien La Sentinelle\"},\"image\":{\"@id\":\"https:\\\/\\\/lasentinelle.dz\\\/#\\\/schema\\\/logo\\\/image\\\/\"},\"sameAs\":[\"https:\\\/\\\/www.facebook.com\\\/La-Sentinelle-104059864394773\"]},{\"@type\":\"Person\",\"@id\":\"https:\\\/\\\/lasentinelle.dz\\\/#\\\/schema\\\/person\\\/729ee0024f24e0b8c5ec17232f8e8b41\",\"name\":\"admin\",\"image\":{\"@type\":\"ImageObject\",\"inLanguage\":\"fr-FR\",\"@id\":\"https:\\\/\\\/secure.gravatar.com\\\/avatar\\\/4c81fed838786e9b53f540bf46533e750f5d292099ae3b66cfc6fb1982e29df7?s=96&d=mm&r=g\",\"url\":\"https:\\\/\\\/secure.gravatar.com\\\/avatar\\\/4c81fed838786e9b53f540bf46533e750f5d292099ae3b66cfc6fb1982e29df7?s=96&d=mm&r=g\",\"contentUrl\":\"https:\\\/\\\/secure.gravatar.com\\\/avatar\\\/4c81fed838786e9b53f540bf46533e750f5d292099ae3b66cfc6fb1982e29df7?s=96&d=mm&r=g\",\"caption\":\"admin\"},\"description\":\"admin\",\"url\":\"https:\\\/\\\/lasentinelle.dz\\\/author\\\/admin\\\/\"}]}<\/script>\n<!-- \/ Yoast SEO plugin. -->","yoast_head_json":{"title":"L\u2019ouverture du capital de la banque publique lanc\u00e9e hier : La BDL affiche ses ambitions - La Sentinelle","robots":{"index":"index","follow":"follow","max-snippet":"max-snippet:-1","max-image-preview":"max-image-preview:large","max-video-preview":"max-video-preview:-1"},"canonical":"https:\/\/lasentinelle.dz\/index.php\/2025\/01\/21\/louverture-du-capital-de-la-banque-publique-lancee-hier-la-bdl-affiche-ses-ambitions\/","og_locale":"fr_FR","og_type":"article","og_title":"L\u2019ouverture du capital de la banque publique lanc\u00e9e hier : La BDL affiche ses ambitions - La Sentinelle","og_description":"C\u2019est parti&nbsp;! La Banque de D\u00e9veloppement Local (BDL) a lanc\u00e9 hier son offre d\u2019appel de vente d\u2019action dans le cadre","og_url":"https:\/\/lasentinelle.dz\/index.php\/2025\/01\/21\/louverture-du-capital-de-la-banque-publique-lancee-hier-la-bdl-affiche-ses-ambitions\/","og_site_name":"La Sentinelle","article_publisher":"https:\/\/www.facebook.com\/La-Sentinelle-104059864394773","article_published_time":"2025-01-21T11:34:21+00:00","article_modified_time":"2025-01-21T11:34:22+00:00","og_image":[{"width":765,"height":510,"url":"https:\/\/lasentinelle.dz\/wp-content\/uploads\/2022\/03\/BDL.jpg","type":"image\/jpeg"}],"author":"admin","twitter_card":"summary_large_image","twitter_misc":{"\u00c9crit par":"admin","Dur\u00e9e de lecture estim\u00e9e":"5 minutes"},"schema":{"@context":"https:\/\/schema.org","@graph":[{"@type":"Article","@id":"https:\/\/lasentinelle.dz\/index.php\/2025\/01\/21\/louverture-du-capital-de-la-banque-publique-lancee-hier-la-bdl-affiche-ses-ambitions\/#article","isPartOf":{"@id":"https:\/\/lasentinelle.dz\/index.php\/2025\/01\/21\/louverture-du-capital-de-la-banque-publique-lancee-hier-la-bdl-affiche-ses-ambitions\/"},"author":{"name":"admin","@id":"https:\/\/lasentinelle.dz\/#\/schema\/person\/729ee0024f24e0b8c5ec17232f8e8b41"},"headline":"L\u2019ouverture du capital de la banque publique lanc\u00e9e hier : La BDL affiche ses ambitions","datePublished":"2025-01-21T11:34:21+00:00","dateModified":"2025-01-21T11:34:22+00:00","mainEntityOfPage":{"@id":"https:\/\/lasentinelle.dz\/index.php\/2025\/01\/21\/louverture-du-capital-de-la-banque-publique-lancee-hier-la-bdl-affiche-ses-ambitions\/"},"wordCount":1054,"commentCount":0,"publisher":{"@id":"https:\/\/lasentinelle.dz\/#organization"},"image":{"@id":"https:\/\/lasentinelle.dz\/index.php\/2025\/01\/21\/louverture-du-capital-de-la-banque-publique-lancee-hier-la-bdl-affiche-ses-ambitions\/#primaryimage"},"thumbnailUrl":"https:\/\/lasentinelle.dz\/wp-content\/uploads\/2022\/03\/BDL.jpg","articleSection":["\u00c0 la Une","\u00c9conomie"],"inLanguage":"fr-FR","potentialAction":[{"@type":"CommentAction","name":"Comment","target":["https:\/\/lasentinelle.dz\/index.php\/2025\/01\/21\/louverture-du-capital-de-la-banque-publique-lancee-hier-la-bdl-affiche-ses-ambitions\/#respond"]}]},{"@type":"WebPage","@id":"https:\/\/lasentinelle.dz\/index.php\/2025\/01\/21\/louverture-du-capital-de-la-banque-publique-lancee-hier-la-bdl-affiche-ses-ambitions\/","url":"https:\/\/lasentinelle.dz\/index.php\/2025\/01\/21\/louverture-du-capital-de-la-banque-publique-lancee-hier-la-bdl-affiche-ses-ambitions\/","name":"L\u2019ouverture du capital de la banque publique lanc\u00e9e hier : La BDL affiche ses ambitions - La Sentinelle","isPartOf":{"@id":"https:\/\/lasentinelle.dz\/#website"},"primaryImageOfPage":{"@id":"https:\/\/lasentinelle.dz\/index.php\/2025\/01\/21\/louverture-du-capital-de-la-banque-publique-lancee-hier-la-bdl-affiche-ses-ambitions\/#primaryimage"},"image":{"@id":"https:\/\/lasentinelle.dz\/index.php\/2025\/01\/21\/louverture-du-capital-de-la-banque-publique-lancee-hier-la-bdl-affiche-ses-ambitions\/#primaryimage"},"thumbnailUrl":"https:\/\/lasentinelle.dz\/wp-content\/uploads\/2022\/03\/BDL.jpg","datePublished":"2025-01-21T11:34:21+00:00","dateModified":"2025-01-21T11:34:22+00:00","breadcrumb":{"@id":"https:\/\/lasentinelle.dz\/index.php\/2025\/01\/21\/louverture-du-capital-de-la-banque-publique-lancee-hier-la-bdl-affiche-ses-ambitions\/#breadcrumb"},"inLanguage":"fr-FR","potentialAction":[{"@type":"ReadAction","target":["https:\/\/lasentinelle.dz\/index.php\/2025\/01\/21\/louverture-du-capital-de-la-banque-publique-lancee-hier-la-bdl-affiche-ses-ambitions\/"]}]},{"@type":"ImageObject","inLanguage":"fr-FR","@id":"https:\/\/lasentinelle.dz\/index.php\/2025\/01\/21\/louverture-du-capital-de-la-banque-publique-lancee-hier-la-bdl-affiche-ses-ambitions\/#primaryimage","url":"https:\/\/lasentinelle.dz\/wp-content\/uploads\/2022\/03\/BDL.jpg","contentUrl":"https:\/\/lasentinelle.dz\/wp-content\/uploads\/2022\/03\/BDL.jpg","width":765,"height":510},{"@type":"BreadcrumbList","@id":"https:\/\/lasentinelle.dz\/index.php\/2025\/01\/21\/louverture-du-capital-de-la-banque-publique-lancee-hier-la-bdl-affiche-ses-ambitions\/#breadcrumb","itemListElement":[{"@type":"ListItem","position":1,"name":"Accueil","item":"https:\/\/lasentinelle.dz\/"},{"@type":"ListItem","position":2,"name":"L\u2019ouverture du capital de la banque publique lanc\u00e9e hier : La BDL affiche ses ambitions"}]},{"@type":"WebSite","@id":"https:\/\/lasentinelle.dz\/#website","url":"https:\/\/lasentinelle.dz\/","name":"La Sentinelle","description":"Quotidien national d&#039;information","publisher":{"@id":"https:\/\/lasentinelle.dz\/#organization"},"potentialAction":[{"@type":"SearchAction","target":{"@type":"EntryPoint","urlTemplate":"https:\/\/lasentinelle.dz\/?s={search_term_string}"},"query-input":{"@type":"PropertyValueSpecification","valueRequired":true,"valueName":"search_term_string"}}],"inLanguage":"fr-FR"},{"@type":"Organization","@id":"https:\/\/lasentinelle.dz\/#organization","name":"Quotidien La Sentinelle","url":"https:\/\/lasentinelle.dz\/","logo":{"@type":"ImageObject","inLanguage":"fr-FR","@id":"https:\/\/lasentinelle.dz\/#\/schema\/logo\/image\/","url":"https:\/\/lasentinelle.dz\/wp-content\/uploads\/2021\/09\/logo-sentinelleSLOGAN-1.png","contentUrl":"https:\/\/lasentinelle.dz\/wp-content\/uploads\/2021\/09\/logo-sentinelleSLOGAN-1.png","width":615,"height":142,"caption":"Quotidien La Sentinelle"},"image":{"@id":"https:\/\/lasentinelle.dz\/#\/schema\/logo\/image\/"},"sameAs":["https:\/\/www.facebook.com\/La-Sentinelle-104059864394773"]},{"@type":"Person","@id":"https:\/\/lasentinelle.dz\/#\/schema\/person\/729ee0024f24e0b8c5ec17232f8e8b41","name":"admin","image":{"@type":"ImageObject","inLanguage":"fr-FR","@id":"https:\/\/secure.gravatar.com\/avatar\/4c81fed838786e9b53f540bf46533e750f5d292099ae3b66cfc6fb1982e29df7?s=96&d=mm&r=g","url":"https:\/\/secure.gravatar.com\/avatar\/4c81fed838786e9b53f540bf46533e750f5d292099ae3b66cfc6fb1982e29df7?s=96&d=mm&r=g","contentUrl":"https:\/\/secure.gravatar.com\/avatar\/4c81fed838786e9b53f540bf46533e750f5d292099ae3b66cfc6fb1982e29df7?s=96&d=mm&r=g","caption":"admin"},"description":"admin","url":"https:\/\/lasentinelle.dz\/author\/admin\/"}]}},"_links":{"self":[{"href":"https:\/\/lasentinelle.dz\/index.php\/wp-json\/wp\/v2\/posts\/61902","targetHints":{"allow":["GET"]}}],"collection":[{"href":"https:\/\/lasentinelle.dz\/index.php\/wp-json\/wp\/v2\/posts"}],"about":[{"href":"https:\/\/lasentinelle.dz\/index.php\/wp-json\/wp\/v2\/types\/post"}],"author":[{"embeddable":true,"href":"https:\/\/lasentinelle.dz\/index.php\/wp-json\/wp\/v2\/users\/6"}],"replies":[{"embeddable":true,"href":"https:\/\/lasentinelle.dz\/index.php\/wp-json\/wp\/v2\/comments?post=61902"}],"version-history":[{"count":1,"href":"https:\/\/lasentinelle.dz\/index.php\/wp-json\/wp\/v2\/posts\/61902\/revisions"}],"predecessor-version":[{"id":61903,"href":"https:\/\/lasentinelle.dz\/index.php\/wp-json\/wp\/v2\/posts\/61902\/revisions\/61903"}],"wp:featuredmedia":[{"embeddable":true,"href":"https:\/\/lasentinelle.dz\/index.php\/wp-json\/wp\/v2\/media\/18304"}],"wp:attachment":[{"href":"https:\/\/lasentinelle.dz\/index.php\/wp-json\/wp\/v2\/media?parent=61902"}],"wp:term":[{"taxonomy":"category","embeddable":true,"href":"https:\/\/lasentinelle.dz\/index.php\/wp-json\/wp\/v2\/categories?post=61902"},{"taxonomy":"post_tag","embeddable":true,"href":"https:\/\/lasentinelle.dz\/index.php\/wp-json\/wp\/v2\/tags?post=61902"}],"curies":[{"name":"wp","href":"https:\/\/api.w.org\/{rel}","templated":true}]}}