{"id":61912,"date":"2025-01-21T12:40:22","date_gmt":"2025-01-21T11:40:22","guid":{"rendered":"https:\/\/lasentinelle.dz\/?p=61912"},"modified":"2025-01-21T12:40:24","modified_gmt":"2025-01-21T11:40:24","slug":"la-france-doit-assumer-pleinement-sa-responsabilite-dans-lelimination-des-dechets-des-explosions-nucleaires","status":"publish","type":"post","link":"https:\/\/lasentinelle.dz\/index.php\/2025\/01\/21\/la-france-doit-assumer-pleinement-sa-responsabilite-dans-lelimination-des-dechets-des-explosions-nucleaires\/","title":{"rendered":"\u00ab\u00a0La France doit assumer pleinement sa responsabilit\u00e9 dans l&rsquo;\u00e9limination des d\u00e9chets des explosions nucl\u00e9aires\u00a0\u00bb"},"content":{"rendered":"\n<p>Dans un contexte particuli\u00e8rement tendu entre Paris et Alger, marqu\u00e9 par une recrudescence de discours hostiles \u00e0 l&rsquo;Alg\u00e9rie dans certains m\u00e9dias et cercles politiques fran\u00e7ais, l\u2019Alg\u00e9rie rappelle \u00e0 la France officielle ses responsabilit\u00e9s historiques. Dans ce contexte, le pr\u00e9sident du Conseil de la nation, Salah Goudjil, a remis aux devants de la sc\u00e8ne la question des essais nucl\u00e9aires fran\u00e7ais men\u00e9s dans le Sahara alg\u00e9rien. \u00ab\u00a0Le peuple alg\u00e9rien, notamment les habitants des r\u00e9gions concern\u00e9es par ces explosions, continue \u00e0 ce jour de souffrir de leurs effets d\u00e9l\u00e9t\u00e8res\u00a0\u00bb, a-t-il soulign\u00e9, exigeant que \u00ab\u00a0la France assume pleinement sa responsabilit\u00e9 dans l&rsquo;\u00e9limination des d\u00e9chets des explosions nucl\u00e9aires r\u00e9alis\u00e9es par le colonisateur fran\u00e7ais dans le d\u00e9sert alg\u00e9rien pendant la p\u00e9riode coloniale\u00a0\u00bb. Le ministre des Moudjahidine et des Ayants-droit, La\u00efd Rebiga, a directement point\u00e9 du doigt ces campagnes de d\u00e9nigrement, y voyant une continuit\u00e9 historique dans l&rsquo;hostilit\u00e9 de certains cercles fran\u00e7ais envers l&rsquo;Alg\u00e9rie. Il d\u00e9nonce \u00ab\u00a0les campagnes malveillantes bas\u00e9es sur la provocation, la d\u00e9sinformation m\u00e9diatique et la propagande noire contre l&rsquo;Alg\u00e9rie \u2013 son histoire, sa m\u00e9moire, son peuple et son Etat\u00a0\u00bb. Selon lui, ces attaques t\u00e9moignent de \u00ab\u00a0l&rsquo;incapacit\u00e9 d&rsquo;accepter le d\u00e9veloppement, la croissance et les r\u00e9alisations pionni\u00e8res dans divers domaines\u00a0\u00bb de l&rsquo;Alg\u00e9rie. L\u2019offensive m\u00e9diatique anti-alg\u00e9rienne, qui s&rsquo;est intensifi\u00e9e ces derniers mois en France, semble particuli\u00e8rement cibler la souverainet\u00e9 des d\u00e9cisions alg\u00e9riennes, notamment en mati\u00e8re de politique \u00e9trang\u00e8re. Rebiga y voit la persistance de \u00ab\u00a0convoitises et des complots des ennemis et des haineux qui n&rsquo;ont pas cess\u00e9 de transmettre leur volont\u00e9 de nuire \u00e0 l&rsquo;unit\u00e9 et aux acquis de l&rsquo;Alg\u00e9rie. Leurs descendants continuent, jusqu&rsquo;\u00e0 ce jour, de s&rsquo;enliser dans les tentatives de d\u00e9stabilisation ciblant notre pays\u00a0\u00bb. Face \u00e0 ces attaques, les autorit\u00e9s alg\u00e9riennes insistent sur l&rsquo;importance de pr\u00e9server la m\u00e9moire nationale. Pour Rebiga, \u00ab\u00a0l&rsquo;int\u00e9r\u00eat port\u00e9 \u00e0 la M\u00e9moire nationale sous tous ses aspects, et particuli\u00e8rement \u00e0 sa s\u00e9curit\u00e9 face \u00e0 toutes les menaces, est un devoir national sacr\u00e9\u00a0\u00bb. Cette protection de la m\u00e9moire est d&rsquo;autant plus cruciale que la s\u00e9curisation et la transmission de la m\u00e9moire aux jeunes constituent \u00ab\u00a0une garantie pour renforcer l&rsquo;immunit\u00e9 de la nation et prot\u00e9ger les jeunes contre les formes de d\u00e9sinformation num\u00e9rique et de manipulation m\u00e9diatique\u00a0\u00bb. Ces tensions s&rsquo;inscrivent dans un contexte plus large o\u00f9 l&rsquo;Alg\u00e9rie affirme ses positions sur la sc\u00e8ne internationale, notamment son soutien aux causes justes. Comme le souligne le ministre des Moudjahidine, \u00ab\u00a0la fid\u00e9lit\u00e9 au serment fait aux Chouhada, en d\u00e9fendant la m\u00e9moire pour pr\u00e9server l&rsquo;histoire, est ce qui fait que l&rsquo;Alg\u00e9rie plaide aujourd&rsquo;hui, haut et fort, dans les fora internationaux, en faveur des droits des peuples opprim\u00e9s, notamment pour soutenir la cause palestinienne\u00a0\u00bb. L&rsquo;Alg\u00e9rie continue d&rsquo;exiger de la France une reconnaissance pleine et enti\u00e8re de sa responsabilit\u00e9 historique, tandis que certains cercles fran\u00e7ais semblent persister dans une posture n\u00e9ocoloniale, comme en t\u00e9moignent les r\u00e9centes campagnes de d\u00e9nigrement contre l&rsquo;Alg\u00e9rie. Cette situation met en lumi\u00e8re la persistance d&rsquo;un regard colonial dans certains milieux fran\u00e7ais, qui peinent \u00e0 accepter l&rsquo;\u00e9mergence d&rsquo;une Alg\u00e9rie souveraine et influente sur la sc\u00e8ne internationale.<\/p>\n\n\n\n<p>Amar Malki<\/p>\n","protected":false},"excerpt":{"rendered":"<p>Dans un contexte particuli\u00e8rement tendu entre Paris et Alger, marqu\u00e9 par une recrudescence de discours hostiles \u00e0 l&rsquo;Alg\u00e9rie dans certains<\/p>\n","protected":false},"author":6,"featured_media":14993,"comment_status":"open","ping_status":"closed","sticky":false,"template":"","format":"standard","meta":{"colormag_page_container_layout":"default_layout","colormag_page_sidebar_layout":"default_layout","om_disable_all_campaigns":false,"_monsterinsights_skip_tracking":false,"_monsterinsights_sitenote_active":false,"_monsterinsights_sitenote_note":"","_monsterinsights_sitenote_category":0,"footnotes":"","_wpscppro_dont_share_socialmedia":false,"_wpscppro_custom_social_share_image":0,"_facebook_share_type":"default","_twitter_share_type":"default","_linkedin_share_type":"default","_pinterest_share_type":"default","_linkedin_share_type_page":"","_instagram_share_type":"default","_medium_share_type":"default","_threads_share_type":"","_google_business_share_type":"","_selected_social_profile":[],"_wpsp_enable_custom_social_template":false,"_wpsp_social_scheduling":{"enabled":false,"datetime":null,"platforms":[],"status":"template_only","dateOption":"today","timeOption":"now","customDays":"","customHours":"","customDate":"","customTime":"","schedulingType":"absolute"},"_wpsp_active_default_template":true},"categories":[27],"tags":[],"class_list":["post-61912","post","type-post","status-publish","format-standard","has-post-thumbnail","hentry","category-actualite"],"aioseo_notices":[],"yoast_head":"<!-- This site is optimized with the Yoast SEO plugin v27.5 - https:\/\/yoast.com\/product\/yoast-seo-wordpress\/ -->\n<title>\u00ab\u00a0La France doit assumer pleinement sa responsabilit\u00e9 dans l&rsquo;\u00e9limination des d\u00e9chets des explosions nucl\u00e9aires\u00a0\u00bb - La Sentinelle<\/title>\n<meta name=\"robots\" content=\"index, follow, max-snippet:-1, max-image-preview:large, max-video-preview:-1\" \/>\n<link rel=\"canonical\" href=\"https:\/\/lasentinelle.dz\/index.php\/2025\/01\/21\/la-france-doit-assumer-pleinement-sa-responsabilite-dans-lelimination-des-dechets-des-explosions-nucleaires\/\" \/>\n<meta property=\"og:locale\" content=\"fr_FR\" \/>\n<meta property=\"og:type\" content=\"article\" \/>\n<meta property=\"og:title\" content=\"\u00ab\u00a0La France doit assumer pleinement sa responsabilit\u00e9 dans l&rsquo;\u00e9limination des d\u00e9chets des explosions nucl\u00e9aires\u00a0\u00bb - La Sentinelle\" \/>\n<meta property=\"og:description\" content=\"Dans un contexte particuli\u00e8rement tendu entre Paris et Alger, marqu\u00e9 par une recrudescence de discours hostiles \u00e0 l&rsquo;Alg\u00e9rie dans certains\" \/>\n<meta property=\"og:url\" content=\"https:\/\/lasentinelle.dz\/index.php\/2025\/01\/21\/la-france-doit-assumer-pleinement-sa-responsabilite-dans-lelimination-des-dechets-des-explosions-nucleaires\/\" \/>\n<meta property=\"og:site_name\" content=\"La Sentinelle\" \/>\n<meta property=\"article:publisher\" content=\"https:\/\/www.facebook.com\/La-Sentinelle-104059864394773\" \/>\n<meta property=\"article:published_time\" content=\"2025-01-21T11:40:22+00:00\" \/>\n<meta property=\"article:modified_time\" content=\"2025-01-21T11:40:24+00:00\" \/>\n<meta property=\"og:image\" content=\"https:\/\/lasentinelle.dz\/wp-content\/uploads\/2021\/12\/GOUDJIL.jpg\" \/>\n\t<meta property=\"og:image:width\" content=\"630\" \/>\n\t<meta property=\"og:image:height\" content=\"354\" \/>\n\t<meta property=\"og:image:type\" content=\"image\/jpeg\" \/>\n<meta name=\"author\" content=\"admin\" \/>\n<meta name=\"twitter:card\" content=\"summary_large_image\" \/>\n<meta name=\"twitter:label1\" content=\"\u00c9crit par\" \/>\n\t<meta name=\"twitter:data1\" content=\"admin\" \/>\n\t<meta name=\"twitter:label2\" content=\"Dur\u00e9e de lecture estim\u00e9e\" \/>\n\t<meta name=\"twitter:data2\" content=\"3 minutes\" \/>\n<script type=\"application\/ld+json\" class=\"yoast-schema-graph\">{\"@context\":\"https:\\\/\\\/schema.org\",\"@graph\":[{\"@type\":\"Article\",\"@id\":\"https:\\\/\\\/lasentinelle.dz\\\/index.php\\\/2025\\\/01\\\/21\\\/la-france-doit-assumer-pleinement-sa-responsabilite-dans-lelimination-des-dechets-des-explosions-nucleaires\\\/#article\",\"isPartOf\":{\"@id\":\"https:\\\/\\\/lasentinelle.dz\\\/index.php\\\/2025\\\/01\\\/21\\\/la-france-doit-assumer-pleinement-sa-responsabilite-dans-lelimination-des-dechets-des-explosions-nucleaires\\\/\"},\"author\":{\"name\":\"admin\",\"@id\":\"https:\\\/\\\/lasentinelle.dz\\\/#\\\/schema\\\/person\\\/729ee0024f24e0b8c5ec17232f8e8b41\"},\"headline\":\"\u00ab\u00a0La France doit assumer pleinement sa responsabilit\u00e9 dans l&rsquo;\u00e9limination des d\u00e9chets des explosions nucl\u00e9aires\u00a0\u00bb\",\"datePublished\":\"2025-01-21T11:40:22+00:00\",\"dateModified\":\"2025-01-21T11:40:24+00:00\",\"mainEntityOfPage\":{\"@id\":\"https:\\\/\\\/lasentinelle.dz\\\/index.php\\\/2025\\\/01\\\/21\\\/la-france-doit-assumer-pleinement-sa-responsabilite-dans-lelimination-des-dechets-des-explosions-nucleaires\\\/\"},\"wordCount\":617,\"commentCount\":0,\"publisher\":{\"@id\":\"https:\\\/\\\/lasentinelle.dz\\\/#organization\"},\"image\":{\"@id\":\"https:\\\/\\\/lasentinelle.dz\\\/index.php\\\/2025\\\/01\\\/21\\\/la-france-doit-assumer-pleinement-sa-responsabilite-dans-lelimination-des-dechets-des-explosions-nucleaires\\\/#primaryimage\"},\"thumbnailUrl\":\"https:\\\/\\\/lasentinelle.dz\\\/wp-content\\\/uploads\\\/2021\\\/12\\\/GOUDJIL.jpg\",\"articleSection\":[\"Actualit\u00e9\"],\"inLanguage\":\"fr-FR\",\"potentialAction\":[{\"@type\":\"CommentAction\",\"name\":\"Comment\",\"target\":[\"https:\\\/\\\/lasentinelle.dz\\\/index.php\\\/2025\\\/01\\\/21\\\/la-france-doit-assumer-pleinement-sa-responsabilite-dans-lelimination-des-dechets-des-explosions-nucleaires\\\/#respond\"]}]},{\"@type\":\"WebPage\",\"@id\":\"https:\\\/\\\/lasentinelle.dz\\\/index.php\\\/2025\\\/01\\\/21\\\/la-france-doit-assumer-pleinement-sa-responsabilite-dans-lelimination-des-dechets-des-explosions-nucleaires\\\/\",\"url\":\"https:\\\/\\\/lasentinelle.dz\\\/index.php\\\/2025\\\/01\\\/21\\\/la-france-doit-assumer-pleinement-sa-responsabilite-dans-lelimination-des-dechets-des-explosions-nucleaires\\\/\",\"name\":\"\u00ab\u00a0La France doit assumer pleinement sa responsabilit\u00e9 dans l&rsquo;\u00e9limination des d\u00e9chets des explosions nucl\u00e9aires\u00a0\u00bb - La Sentinelle\",\"isPartOf\":{\"@id\":\"https:\\\/\\\/lasentinelle.dz\\\/#website\"},\"primaryImageOfPage\":{\"@id\":\"https:\\\/\\\/lasentinelle.dz\\\/index.php\\\/2025\\\/01\\\/21\\\/la-france-doit-assumer-pleinement-sa-responsabilite-dans-lelimination-des-dechets-des-explosions-nucleaires\\\/#primaryimage\"},\"image\":{\"@id\":\"https:\\\/\\\/lasentinelle.dz\\\/index.php\\\/2025\\\/01\\\/21\\\/la-france-doit-assumer-pleinement-sa-responsabilite-dans-lelimination-des-dechets-des-explosions-nucleaires\\\/#primaryimage\"},\"thumbnailUrl\":\"https:\\\/\\\/lasentinelle.dz\\\/wp-content\\\/uploads\\\/2021\\\/12\\\/GOUDJIL.jpg\",\"datePublished\":\"2025-01-21T11:40:22+00:00\",\"dateModified\":\"2025-01-21T11:40:24+00:00\",\"breadcrumb\":{\"@id\":\"https:\\\/\\\/lasentinelle.dz\\\/index.php\\\/2025\\\/01\\\/21\\\/la-france-doit-assumer-pleinement-sa-responsabilite-dans-lelimination-des-dechets-des-explosions-nucleaires\\\/#breadcrumb\"},\"inLanguage\":\"fr-FR\",\"potentialAction\":[{\"@type\":\"ReadAction\",\"target\":[\"https:\\\/\\\/lasentinelle.dz\\\/index.php\\\/2025\\\/01\\\/21\\\/la-france-doit-assumer-pleinement-sa-responsabilite-dans-lelimination-des-dechets-des-explosions-nucleaires\\\/\"]}]},{\"@type\":\"ImageObject\",\"inLanguage\":\"fr-FR\",\"@id\":\"https:\\\/\\\/lasentinelle.dz\\\/index.php\\\/2025\\\/01\\\/21\\\/la-france-doit-assumer-pleinement-sa-responsabilite-dans-lelimination-des-dechets-des-explosions-nucleaires\\\/#primaryimage\",\"url\":\"https:\\\/\\\/lasentinelle.dz\\\/wp-content\\\/uploads\\\/2021\\\/12\\\/GOUDJIL.jpg\",\"contentUrl\":\"https:\\\/\\\/lasentinelle.dz\\\/wp-content\\\/uploads\\\/2021\\\/12\\\/GOUDJIL.jpg\",\"width\":630,\"height\":354},{\"@type\":\"BreadcrumbList\",\"@id\":\"https:\\\/\\\/lasentinelle.dz\\\/index.php\\\/2025\\\/01\\\/21\\\/la-france-doit-assumer-pleinement-sa-responsabilite-dans-lelimination-des-dechets-des-explosions-nucleaires\\\/#breadcrumb\",\"itemListElement\":[{\"@type\":\"ListItem\",\"position\":1,\"name\":\"Accueil\",\"item\":\"https:\\\/\\\/lasentinelle.dz\\\/\"},{\"@type\":\"ListItem\",\"position\":2,\"name\":\"\u00ab\u00a0La France doit assumer pleinement sa responsabilit\u00e9 dans l&rsquo;\u00e9limination des d\u00e9chets des explosions nucl\u00e9aires\u00a0\u00bb\"}]},{\"@type\":\"WebSite\",\"@id\":\"https:\\\/\\\/lasentinelle.dz\\\/#website\",\"url\":\"https:\\\/\\\/lasentinelle.dz\\\/\",\"name\":\"La Sentinelle\",\"description\":\"Quotidien national d&#039;information\",\"publisher\":{\"@id\":\"https:\\\/\\\/lasentinelle.dz\\\/#organization\"},\"potentialAction\":[{\"@type\":\"SearchAction\",\"target\":{\"@type\":\"EntryPoint\",\"urlTemplate\":\"https:\\\/\\\/lasentinelle.dz\\\/?s={search_term_string}\"},\"query-input\":{\"@type\":\"PropertyValueSpecification\",\"valueRequired\":true,\"valueName\":\"search_term_string\"}}],\"inLanguage\":\"fr-FR\"},{\"@type\":\"Organization\",\"@id\":\"https:\\\/\\\/lasentinelle.dz\\\/#organization\",\"name\":\"Quotidien La Sentinelle\",\"url\":\"https:\\\/\\\/lasentinelle.dz\\\/\",\"logo\":{\"@type\":\"ImageObject\",\"inLanguage\":\"fr-FR\",\"@id\":\"https:\\\/\\\/lasentinelle.dz\\\/#\\\/schema\\\/logo\\\/image\\\/\",\"url\":\"https:\\\/\\\/lasentinelle.dz\\\/wp-content\\\/uploads\\\/2021\\\/09\\\/logo-sentinelleSLOGAN-1.png\",\"contentUrl\":\"https:\\\/\\\/lasentinelle.dz\\\/wp-content\\\/uploads\\\/2021\\\/09\\\/logo-sentinelleSLOGAN-1.png\",\"width\":615,\"height\":142,\"caption\":\"Quotidien La Sentinelle\"},\"image\":{\"@id\":\"https:\\\/\\\/lasentinelle.dz\\\/#\\\/schema\\\/logo\\\/image\\\/\"},\"sameAs\":[\"https:\\\/\\\/www.facebook.com\\\/La-Sentinelle-104059864394773\"]},{\"@type\":\"Person\",\"@id\":\"https:\\\/\\\/lasentinelle.dz\\\/#\\\/schema\\\/person\\\/729ee0024f24e0b8c5ec17232f8e8b41\",\"name\":\"admin\",\"image\":{\"@type\":\"ImageObject\",\"inLanguage\":\"fr-FR\",\"@id\":\"https:\\\/\\\/secure.gravatar.com\\\/avatar\\\/4c81fed838786e9b53f540bf46533e750f5d292099ae3b66cfc6fb1982e29df7?s=96&d=mm&r=g\",\"url\":\"https:\\\/\\\/secure.gravatar.com\\\/avatar\\\/4c81fed838786e9b53f540bf46533e750f5d292099ae3b66cfc6fb1982e29df7?s=96&d=mm&r=g\",\"contentUrl\":\"https:\\\/\\\/secure.gravatar.com\\\/avatar\\\/4c81fed838786e9b53f540bf46533e750f5d292099ae3b66cfc6fb1982e29df7?s=96&d=mm&r=g\",\"caption\":\"admin\"},\"description\":\"admin\",\"url\":\"https:\\\/\\\/lasentinelle.dz\\\/author\\\/admin\\\/\"}]}<\/script>\n<!-- \/ Yoast SEO plugin. -->","yoast_head_json":{"title":"\u00ab\u00a0La France doit assumer pleinement sa responsabilit\u00e9 dans l&rsquo;\u00e9limination des d\u00e9chets des explosions nucl\u00e9aires\u00a0\u00bb - La Sentinelle","robots":{"index":"index","follow":"follow","max-snippet":"max-snippet:-1","max-image-preview":"max-image-preview:large","max-video-preview":"max-video-preview:-1"},"canonical":"https:\/\/lasentinelle.dz\/index.php\/2025\/01\/21\/la-france-doit-assumer-pleinement-sa-responsabilite-dans-lelimination-des-dechets-des-explosions-nucleaires\/","og_locale":"fr_FR","og_type":"article","og_title":"\u00ab\u00a0La France doit assumer pleinement sa responsabilit\u00e9 dans l&rsquo;\u00e9limination des d\u00e9chets des explosions nucl\u00e9aires\u00a0\u00bb - La Sentinelle","og_description":"Dans un contexte particuli\u00e8rement tendu entre Paris et Alger, marqu\u00e9 par une recrudescence de discours hostiles \u00e0 l&rsquo;Alg\u00e9rie dans certains","og_url":"https:\/\/lasentinelle.dz\/index.php\/2025\/01\/21\/la-france-doit-assumer-pleinement-sa-responsabilite-dans-lelimination-des-dechets-des-explosions-nucleaires\/","og_site_name":"La Sentinelle","article_publisher":"https:\/\/www.facebook.com\/La-Sentinelle-104059864394773","article_published_time":"2025-01-21T11:40:22+00:00","article_modified_time":"2025-01-21T11:40:24+00:00","og_image":[{"width":630,"height":354,"url":"https:\/\/lasentinelle.dz\/wp-content\/uploads\/2021\/12\/GOUDJIL.jpg","type":"image\/jpeg"}],"author":"admin","twitter_card":"summary_large_image","twitter_misc":{"\u00c9crit par":"admin","Dur\u00e9e de lecture estim\u00e9e":"3 minutes"},"schema":{"@context":"https:\/\/schema.org","@graph":[{"@type":"Article","@id":"https:\/\/lasentinelle.dz\/index.php\/2025\/01\/21\/la-france-doit-assumer-pleinement-sa-responsabilite-dans-lelimination-des-dechets-des-explosions-nucleaires\/#article","isPartOf":{"@id":"https:\/\/lasentinelle.dz\/index.php\/2025\/01\/21\/la-france-doit-assumer-pleinement-sa-responsabilite-dans-lelimination-des-dechets-des-explosions-nucleaires\/"},"author":{"name":"admin","@id":"https:\/\/lasentinelle.dz\/#\/schema\/person\/729ee0024f24e0b8c5ec17232f8e8b41"},"headline":"\u00ab\u00a0La France doit assumer pleinement sa responsabilit\u00e9 dans l&rsquo;\u00e9limination des d\u00e9chets des explosions nucl\u00e9aires\u00a0\u00bb","datePublished":"2025-01-21T11:40:22+00:00","dateModified":"2025-01-21T11:40:24+00:00","mainEntityOfPage":{"@id":"https:\/\/lasentinelle.dz\/index.php\/2025\/01\/21\/la-france-doit-assumer-pleinement-sa-responsabilite-dans-lelimination-des-dechets-des-explosions-nucleaires\/"},"wordCount":617,"commentCount":0,"publisher":{"@id":"https:\/\/lasentinelle.dz\/#organization"},"image":{"@id":"https:\/\/lasentinelle.dz\/index.php\/2025\/01\/21\/la-france-doit-assumer-pleinement-sa-responsabilite-dans-lelimination-des-dechets-des-explosions-nucleaires\/#primaryimage"},"thumbnailUrl":"https:\/\/lasentinelle.dz\/wp-content\/uploads\/2021\/12\/GOUDJIL.jpg","articleSection":["Actualit\u00e9"],"inLanguage":"fr-FR","potentialAction":[{"@type":"CommentAction","name":"Comment","target":["https:\/\/lasentinelle.dz\/index.php\/2025\/01\/21\/la-france-doit-assumer-pleinement-sa-responsabilite-dans-lelimination-des-dechets-des-explosions-nucleaires\/#respond"]}]},{"@type":"WebPage","@id":"https:\/\/lasentinelle.dz\/index.php\/2025\/01\/21\/la-france-doit-assumer-pleinement-sa-responsabilite-dans-lelimination-des-dechets-des-explosions-nucleaires\/","url":"https:\/\/lasentinelle.dz\/index.php\/2025\/01\/21\/la-france-doit-assumer-pleinement-sa-responsabilite-dans-lelimination-des-dechets-des-explosions-nucleaires\/","name":"\u00ab\u00a0La France doit assumer pleinement sa responsabilit\u00e9 dans l&rsquo;\u00e9limination des d\u00e9chets des explosions nucl\u00e9aires\u00a0\u00bb - La Sentinelle","isPartOf":{"@id":"https:\/\/lasentinelle.dz\/#website"},"primaryImageOfPage":{"@id":"https:\/\/lasentinelle.dz\/index.php\/2025\/01\/21\/la-france-doit-assumer-pleinement-sa-responsabilite-dans-lelimination-des-dechets-des-explosions-nucleaires\/#primaryimage"},"image":{"@id":"https:\/\/lasentinelle.dz\/index.php\/2025\/01\/21\/la-france-doit-assumer-pleinement-sa-responsabilite-dans-lelimination-des-dechets-des-explosions-nucleaires\/#primaryimage"},"thumbnailUrl":"https:\/\/lasentinelle.dz\/wp-content\/uploads\/2021\/12\/GOUDJIL.jpg","datePublished":"2025-01-21T11:40:22+00:00","dateModified":"2025-01-21T11:40:24+00:00","breadcrumb":{"@id":"https:\/\/lasentinelle.dz\/index.php\/2025\/01\/21\/la-france-doit-assumer-pleinement-sa-responsabilite-dans-lelimination-des-dechets-des-explosions-nucleaires\/#breadcrumb"},"inLanguage":"fr-FR","potentialAction":[{"@type":"ReadAction","target":["https:\/\/lasentinelle.dz\/index.php\/2025\/01\/21\/la-france-doit-assumer-pleinement-sa-responsabilite-dans-lelimination-des-dechets-des-explosions-nucleaires\/"]}]},{"@type":"ImageObject","inLanguage":"fr-FR","@id":"https:\/\/lasentinelle.dz\/index.php\/2025\/01\/21\/la-france-doit-assumer-pleinement-sa-responsabilite-dans-lelimination-des-dechets-des-explosions-nucleaires\/#primaryimage","url":"https:\/\/lasentinelle.dz\/wp-content\/uploads\/2021\/12\/GOUDJIL.jpg","contentUrl":"https:\/\/lasentinelle.dz\/wp-content\/uploads\/2021\/12\/GOUDJIL.jpg","width":630,"height":354},{"@type":"BreadcrumbList","@id":"https:\/\/lasentinelle.dz\/index.php\/2025\/01\/21\/la-france-doit-assumer-pleinement-sa-responsabilite-dans-lelimination-des-dechets-des-explosions-nucleaires\/#breadcrumb","itemListElement":[{"@type":"ListItem","position":1,"name":"Accueil","item":"https:\/\/lasentinelle.dz\/"},{"@type":"ListItem","position":2,"name":"\u00ab\u00a0La France doit assumer pleinement sa responsabilit\u00e9 dans l&rsquo;\u00e9limination des d\u00e9chets des explosions nucl\u00e9aires\u00a0\u00bb"}]},{"@type":"WebSite","@id":"https:\/\/lasentinelle.dz\/#website","url":"https:\/\/lasentinelle.dz\/","name":"La Sentinelle","description":"Quotidien national d&#039;information","publisher":{"@id":"https:\/\/lasentinelle.dz\/#organization"},"potentialAction":[{"@type":"SearchAction","target":{"@type":"EntryPoint","urlTemplate":"https:\/\/lasentinelle.dz\/?s={search_term_string}"},"query-input":{"@type":"PropertyValueSpecification","valueRequired":true,"valueName":"search_term_string"}}],"inLanguage":"fr-FR"},{"@type":"Organization","@id":"https:\/\/lasentinelle.dz\/#organization","name":"Quotidien La Sentinelle","url":"https:\/\/lasentinelle.dz\/","logo":{"@type":"ImageObject","inLanguage":"fr-FR","@id":"https:\/\/lasentinelle.dz\/#\/schema\/logo\/image\/","url":"https:\/\/lasentinelle.dz\/wp-content\/uploads\/2021\/09\/logo-sentinelleSLOGAN-1.png","contentUrl":"https:\/\/lasentinelle.dz\/wp-content\/uploads\/2021\/09\/logo-sentinelleSLOGAN-1.png","width":615,"height":142,"caption":"Quotidien La Sentinelle"},"image":{"@id":"https:\/\/lasentinelle.dz\/#\/schema\/logo\/image\/"},"sameAs":["https:\/\/www.facebook.com\/La-Sentinelle-104059864394773"]},{"@type":"Person","@id":"https:\/\/lasentinelle.dz\/#\/schema\/person\/729ee0024f24e0b8c5ec17232f8e8b41","name":"admin","image":{"@type":"ImageObject","inLanguage":"fr-FR","@id":"https:\/\/secure.gravatar.com\/avatar\/4c81fed838786e9b53f540bf46533e750f5d292099ae3b66cfc6fb1982e29df7?s=96&d=mm&r=g","url":"https:\/\/secure.gravatar.com\/avatar\/4c81fed838786e9b53f540bf46533e750f5d292099ae3b66cfc6fb1982e29df7?s=96&d=mm&r=g","contentUrl":"https:\/\/secure.gravatar.com\/avatar\/4c81fed838786e9b53f540bf46533e750f5d292099ae3b66cfc6fb1982e29df7?s=96&d=mm&r=g","caption":"admin"},"description":"admin","url":"https:\/\/lasentinelle.dz\/author\/admin\/"}]}},"_links":{"self":[{"href":"https:\/\/lasentinelle.dz\/index.php\/wp-json\/wp\/v2\/posts\/61912","targetHints":{"allow":["GET"]}}],"collection":[{"href":"https:\/\/lasentinelle.dz\/index.php\/wp-json\/wp\/v2\/posts"}],"about":[{"href":"https:\/\/lasentinelle.dz\/index.php\/wp-json\/wp\/v2\/types\/post"}],"author":[{"embeddable":true,"href":"https:\/\/lasentinelle.dz\/index.php\/wp-json\/wp\/v2\/users\/6"}],"replies":[{"embeddable":true,"href":"https:\/\/lasentinelle.dz\/index.php\/wp-json\/wp\/v2\/comments?post=61912"}],"version-history":[{"count":2,"href":"https:\/\/lasentinelle.dz\/index.php\/wp-json\/wp\/v2\/posts\/61912\/revisions"}],"predecessor-version":[{"id":61914,"href":"https:\/\/lasentinelle.dz\/index.php\/wp-json\/wp\/v2\/posts\/61912\/revisions\/61914"}],"wp:featuredmedia":[{"embeddable":true,"href":"https:\/\/lasentinelle.dz\/index.php\/wp-json\/wp\/v2\/media\/14993"}],"wp:attachment":[{"href":"https:\/\/lasentinelle.dz\/index.php\/wp-json\/wp\/v2\/media?parent=61912"}],"wp:term":[{"taxonomy":"category","embeddable":true,"href":"https:\/\/lasentinelle.dz\/index.php\/wp-json\/wp\/v2\/categories?post=61912"},{"taxonomy":"post_tag","embeddable":true,"href":"https:\/\/lasentinelle.dz\/index.php\/wp-json\/wp\/v2\/tags?post=61912"}],"curies":[{"name":"wp","href":"https:\/\/api.w.org\/{rel}","templated":true}]}}