{"id":61917,"date":"2025-01-21T12:42:20","date_gmt":"2025-01-21T11:42:20","guid":{"rendered":"https:\/\/lasentinelle.dz\/?p=61917"},"modified":"2025-01-21T12:42:21","modified_gmt":"2025-01-21T11:42:21","slug":"dialogue-politique-le-renforcement-du-front-interne-au-coeur-des-discussions","status":"publish","type":"post","link":"https:\/\/lasentinelle.dz\/index.php\/2025\/01\/21\/dialogue-politique-le-renforcement-du-front-interne-au-coeur-des-discussions\/","title":{"rendered":"Dialogue politique : Le renforcement du front interne au c\u0153ur des discussions"},"content":{"rendered":"\n<p>Le pr\u00e9sident de la R\u00e9publique, Abdelmadjid Tebboune, poursuit ses consultations politiques avec les formations politiques, dans un contexte marqu\u00e9 par des d\u00e9fis internes et externes croissants. Hier, il a successivement re\u00e7u Youcef Aouchiche, Premier secr\u00e9taire national du Front des Forces Socialistes (FFS), et Lamine Osmani, pr\u00e9sident du parti Sawt Echaab, pour des \u00e9changes centr\u00e9s sur le renforcement du front interne et la consolidation des institutions de l&rsquo;\u00c9tat.<\/p>\n\n\n\n<p>Ces rencontres s&rsquo;inscrivent dans une d\u00e9marche de dialogue national, alors que l&rsquo;Alg\u00e9rie fait face \u00e0 des transformations g\u00e9opolitiques majeures dans son environnement r\u00e9gional et international. L&rsquo;accent a \u00e9t\u00e9 mis sur la n\u00e9cessit\u00e9 de consolider l&rsquo;unit\u00e9 nationale face aux d\u00e9fis ext\u00e9rieurs, comme l&rsquo;a soulign\u00e9 Youcef Aouchiche \u00e0 l&rsquo;issue de son entretien avec le chef de l&rsquo;\u00c9tat. \u00ab\u00a0Le meilleur bouclier pour prot\u00e9ger notre \u00c9tat national, renforcer sa r\u00e9silience et sa s\u00e9curit\u00e9 nationale, est la construction d&rsquo;un front national solide, bas\u00e9 sur la primaut\u00e9 de l&rsquo;approche politique dans la gestion des affaires publiques, au-dessus de toute autre consid\u00e9ration\u00a0\u00bb, a d\u00e9clar\u00e9 le leader du FFS. Cette position refl\u00e8te une pr\u00e9occupation partag\u00e9e face \u00e0 ce qu&rsquo;il d\u00e9crit comme une intensification des \u00ab\u00a0menaces et des provocations \u00e0 l&rsquo;\u00e9gard de l&rsquo;Alg\u00e9rie\u00a0\u00bb. Dans ce contexte, le FFS a r\u00e9affirm\u00e9 son rejet cat\u00e9gorique de toute ing\u00e9rence \u00e9trang\u00e8re dans les affaires internes de l&rsquo;Alg\u00e9rie, insistant sur le fait que \u00ab\u00a0les relations internationales de notre pays doivent reposer sur l&rsquo;\u00e9galit\u00e9, le respect mutuel et la sacralit\u00e9 de notre souverainet\u00e9 nationale\u00a0\u00bb. Il a \u00e9galement soulign\u00e9 que son entretien avec le pr\u00e9sident Tebboune avait constitu\u00e9 une opportunit\u00e9 d\u2019\u00e9change riche, franc et responsable, au cours duquel il a plaid\u00e9 pour \u00ab L\u2019adoption d\u2019une approche politique r\u00e9formatrice globale, visant \u00e0 instaurer le changement \u00e0 travers une ouverture politique, l\u2019instauration de la d\u00e9mocratie, la r\u00e9alisation d\u2019un d\u00e9veloppement \u00e9conomique durable et la promotion du progr\u00e8s et du bien-\u00eatre social. \u00bb De son c\u00f4t\u00e9, Lamine Osmani a qualifi\u00e9 sa rencontre avec le pr\u00e9sident Tebboune de \u00ab\u00a0tradition louable qui concr\u00e9tise les fondements du dialogue institutionnel\u00a0\u00bb. Les discussions ont couvert un large \u00e9ventail de sujets, allant des r\u00e9formes politiques aux questions \u00e9conomiques et sociales.Le pr\u00e9sident de Sawt Echaab a notamment \u00e9voqu\u00e9 la n\u00e9cessit\u00e9 de renforcer le r\u00f4le des \u00e9lus locaux \u00e0 travers la r\u00e9vision des textes sur la commune et la wilaya, ainsi que l&rsquo;\u00e9valuation de la loi \u00e9lectorale. \u00ab\u00a0Un processus qui doit aboutir \u00e0 des \u00e9lections et la construction d&rsquo;un nouveau tissu politique \u00e0 la hauteur de toutes ces r\u00e9formes\u00a0\u00bb, a-t-il pr\u00e9cis\u00e9. Les deux responsables politiques ont mis l&rsquo;accent sur l&rsquo;importance des r\u00e9formes politiques et institutionnelles. Aouchiche a plaid\u00e9 pour \u00ab\u00a0l&rsquo;adoption d&rsquo;une approche politique r\u00e9formatrice globale, visant \u00e0 instaurer le changement \u00e0 travers une ouverture politique, l&rsquo;instauration de la d\u00e9mocratie, la r\u00e9alisation d&rsquo;un d\u00e9veloppement \u00e9conomique durable et la promotion du progr\u00e8s et du bien-\u00eatre social\u00a0\u00bb. Les consultations ont \u00e9galement abord\u00e9 des questions cruciales comme le pouvoir d&rsquo;achat des m\u00e9nages, l&rsquo;ind\u00e9pendance de la justice, la num\u00e9risation et la s\u00e9curit\u00e9 hydrique. Osmani a soulign\u00e9 que ces discussions se sont d\u00e9roul\u00e9es \u00ab\u00a0de mani\u00e8re courageuse et en toute d\u00e9mocratie, car l&rsquo;Alg\u00e9rie nouvelle victorieuse est \u00e0 l&rsquo;\u00e9coute de toutes les voix\u00a0\u00bb. Ces rencontres t\u00e9moignent d&rsquo;une volont\u00e9 politique de consolider le front interne face aux d\u00e9fis multiformes auxquels l&rsquo;Alg\u00e9rie est confront\u00e9e. Comme l&rsquo;a rappel\u00e9 le pr\u00e9sident de Sawt Echaab, \u00ab\u00a0l&rsquo;Alg\u00e9rie a besoin de tous ses enfants sans exception et l&rsquo;\u00c9tat de droit reste l&rsquo;essentiel et la base de tout\u00a0\u00bb.<\/p>\n\n\n\n<p>Cette s\u00e9rie de consultations s&rsquo;inscrit dans une d\u00e9marche plus large visant \u00e0 renforcer la coh\u00e9sion nationale et \u00e0 consolider les institutions de l&rsquo;\u00c9tat, dans un contexte r\u00e9gional et international complexe. Elle illustre \u00e9galement la volont\u00e9 des autorit\u00e9s de maintenir un dialogue permanent avec la classe politique pour faire face aux d\u00e9fis qui se posent au pays, tout en pr\u00e9servant sa souverainet\u00e9 et son ind\u00e9pendance d\u00e9cisionnelle.<\/p>\n\n\n\n<p>Hocine Fadheli<\/p>\n","protected":false},"excerpt":{"rendered":"<p>Le pr\u00e9sident de la R\u00e9publique, Abdelmadjid Tebboune, poursuit ses consultations politiques avec les formations politiques, dans un contexte marqu\u00e9 par<\/p>\n","protected":false},"author":6,"featured_media":61918,"comment_status":"open","ping_status":"closed","sticky":false,"template":"","format":"standard","meta":{"colormag_page_container_layout":"default_layout","colormag_page_sidebar_layout":"default_layout","om_disable_all_campaigns":false,"_monsterinsights_skip_tracking":false,"_monsterinsights_sitenote_active":false,"_monsterinsights_sitenote_note":"","_monsterinsights_sitenote_category":0,"footnotes":"","_wpscppro_dont_share_socialmedia":false,"_wpscppro_custom_social_share_image":0,"_facebook_share_type":"default","_twitter_share_type":"default","_linkedin_share_type":"default","_pinterest_share_type":"default","_linkedin_share_type_page":"","_instagram_share_type":"default","_medium_share_type":"default","_threads_share_type":"","_google_business_share_type":"","_selected_social_profile":[],"_wpsp_enable_custom_social_template":false,"_wpsp_social_scheduling":{"enabled":false,"datetime":null,"platforms":[],"status":"template_only","dateOption":"today","timeOption":"now","customDays":"","customHours":"","customDate":"","customTime":"","schedulingType":"absolute"},"_wpsp_active_default_template":true},"categories":[52,27],"tags":[],"class_list":["post-61917","post","type-post","status-publish","format-standard","has-post-thumbnail","hentry","category-a-la-une","category-actualite"],"aioseo_notices":[],"yoast_head":"<!-- This site is optimized with the Yoast SEO plugin v27.5 - https:\/\/yoast.com\/product\/yoast-seo-wordpress\/ -->\n<title>Dialogue politique : Le renforcement du front interne au c\u0153ur des discussions - La Sentinelle<\/title>\n<meta name=\"robots\" content=\"index, follow, max-snippet:-1, max-image-preview:large, max-video-preview:-1\" \/>\n<link rel=\"canonical\" href=\"https:\/\/lasentinelle.dz\/index.php\/2025\/01\/21\/dialogue-politique-le-renforcement-du-front-interne-au-coeur-des-discussions\/\" \/>\n<meta property=\"og:locale\" content=\"fr_FR\" \/>\n<meta property=\"og:type\" content=\"article\" \/>\n<meta property=\"og:title\" content=\"Dialogue politique : Le renforcement du front interne au c\u0153ur des discussions - La Sentinelle\" \/>\n<meta property=\"og:description\" content=\"Le pr\u00e9sident de la R\u00e9publique, Abdelmadjid Tebboune, poursuit ses consultations politiques avec les formations politiques, dans un contexte marqu\u00e9 par\" \/>\n<meta property=\"og:url\" content=\"https:\/\/lasentinelle.dz\/index.php\/2025\/01\/21\/dialogue-politique-le-renforcement-du-front-interne-au-coeur-des-discussions\/\" \/>\n<meta property=\"og:site_name\" content=\"La Sentinelle\" \/>\n<meta property=\"article:publisher\" content=\"https:\/\/www.facebook.com\/La-Sentinelle-104059864394773\" \/>\n<meta property=\"article:published_time\" content=\"2025-01-21T11:42:20+00:00\" \/>\n<meta property=\"article:modified_time\" content=\"2025-01-21T11:42:21+00:00\" \/>\n<meta property=\"og:image\" content=\"https:\/\/lasentinelle.dz\/wp-content\/uploads\/2025\/01\/tebboune-3.jpeg\" \/>\n\t<meta property=\"og:image:width\" content=\"2048\" \/>\n\t<meta property=\"og:image:height\" content=\"1366\" \/>\n\t<meta property=\"og:image:type\" content=\"image\/jpeg\" \/>\n<meta name=\"author\" content=\"admin\" \/>\n<meta name=\"twitter:card\" content=\"summary_large_image\" \/>\n<meta name=\"twitter:label1\" content=\"\u00c9crit par\" \/>\n\t<meta name=\"twitter:data1\" content=\"admin\" \/>\n\t<meta name=\"twitter:label2\" content=\"Dur\u00e9e de lecture estim\u00e9e\" \/>\n\t<meta name=\"twitter:data2\" content=\"4 minutes\" \/>\n<script type=\"application\/ld+json\" class=\"yoast-schema-graph\">{\"@context\":\"https:\\\/\\\/schema.org\",\"@graph\":[{\"@type\":\"Article\",\"@id\":\"https:\\\/\\\/lasentinelle.dz\\\/index.php\\\/2025\\\/01\\\/21\\\/dialogue-politique-le-renforcement-du-front-interne-au-coeur-des-discussions\\\/#article\",\"isPartOf\":{\"@id\":\"https:\\\/\\\/lasentinelle.dz\\\/index.php\\\/2025\\\/01\\\/21\\\/dialogue-politique-le-renforcement-du-front-interne-au-coeur-des-discussions\\\/\"},\"author\":{\"name\":\"admin\",\"@id\":\"https:\\\/\\\/lasentinelle.dz\\\/#\\\/schema\\\/person\\\/729ee0024f24e0b8c5ec17232f8e8b41\"},\"headline\":\"Dialogue politique : Le renforcement du front interne au c\u0153ur des discussions\",\"datePublished\":\"2025-01-21T11:42:20+00:00\",\"dateModified\":\"2025-01-21T11:42:21+00:00\",\"mainEntityOfPage\":{\"@id\":\"https:\\\/\\\/lasentinelle.dz\\\/index.php\\\/2025\\\/01\\\/21\\\/dialogue-politique-le-renforcement-du-front-interne-au-coeur-des-discussions\\\/\"},\"wordCount\":732,\"commentCount\":0,\"publisher\":{\"@id\":\"https:\\\/\\\/lasentinelle.dz\\\/#organization\"},\"image\":{\"@id\":\"https:\\\/\\\/lasentinelle.dz\\\/index.php\\\/2025\\\/01\\\/21\\\/dialogue-politique-le-renforcement-du-front-interne-au-coeur-des-discussions\\\/#primaryimage\"},\"thumbnailUrl\":\"https:\\\/\\\/lasentinelle.dz\\\/wp-content\\\/uploads\\\/2025\\\/01\\\/tebboune-3.jpeg\",\"articleSection\":[\"\u00c0 la Une\",\"Actualit\u00e9\"],\"inLanguage\":\"fr-FR\",\"potentialAction\":[{\"@type\":\"CommentAction\",\"name\":\"Comment\",\"target\":[\"https:\\\/\\\/lasentinelle.dz\\\/index.php\\\/2025\\\/01\\\/21\\\/dialogue-politique-le-renforcement-du-front-interne-au-coeur-des-discussions\\\/#respond\"]}]},{\"@type\":\"WebPage\",\"@id\":\"https:\\\/\\\/lasentinelle.dz\\\/index.php\\\/2025\\\/01\\\/21\\\/dialogue-politique-le-renforcement-du-front-interne-au-coeur-des-discussions\\\/\",\"url\":\"https:\\\/\\\/lasentinelle.dz\\\/index.php\\\/2025\\\/01\\\/21\\\/dialogue-politique-le-renforcement-du-front-interne-au-coeur-des-discussions\\\/\",\"name\":\"Dialogue politique : Le renforcement du front interne au c\u0153ur des discussions - La Sentinelle\",\"isPartOf\":{\"@id\":\"https:\\\/\\\/lasentinelle.dz\\\/#website\"},\"primaryImageOfPage\":{\"@id\":\"https:\\\/\\\/lasentinelle.dz\\\/index.php\\\/2025\\\/01\\\/21\\\/dialogue-politique-le-renforcement-du-front-interne-au-coeur-des-discussions\\\/#primaryimage\"},\"image\":{\"@id\":\"https:\\\/\\\/lasentinelle.dz\\\/index.php\\\/2025\\\/01\\\/21\\\/dialogue-politique-le-renforcement-du-front-interne-au-coeur-des-discussions\\\/#primaryimage\"},\"thumbnailUrl\":\"https:\\\/\\\/lasentinelle.dz\\\/wp-content\\\/uploads\\\/2025\\\/01\\\/tebboune-3.jpeg\",\"datePublished\":\"2025-01-21T11:42:20+00:00\",\"dateModified\":\"2025-01-21T11:42:21+00:00\",\"breadcrumb\":{\"@id\":\"https:\\\/\\\/lasentinelle.dz\\\/index.php\\\/2025\\\/01\\\/21\\\/dialogue-politique-le-renforcement-du-front-interne-au-coeur-des-discussions\\\/#breadcrumb\"},\"inLanguage\":\"fr-FR\",\"potentialAction\":[{\"@type\":\"ReadAction\",\"target\":[\"https:\\\/\\\/lasentinelle.dz\\\/index.php\\\/2025\\\/01\\\/21\\\/dialogue-politique-le-renforcement-du-front-interne-au-coeur-des-discussions\\\/\"]}]},{\"@type\":\"ImageObject\",\"inLanguage\":\"fr-FR\",\"@id\":\"https:\\\/\\\/lasentinelle.dz\\\/index.php\\\/2025\\\/01\\\/21\\\/dialogue-politique-le-renforcement-du-front-interne-au-coeur-des-discussions\\\/#primaryimage\",\"url\":\"https:\\\/\\\/lasentinelle.dz\\\/wp-content\\\/uploads\\\/2025\\\/01\\\/tebboune-3.jpeg\",\"contentUrl\":\"https:\\\/\\\/lasentinelle.dz\\\/wp-content\\\/uploads\\\/2025\\\/01\\\/tebboune-3.jpeg\",\"width\":2048,\"height\":1366},{\"@type\":\"BreadcrumbList\",\"@id\":\"https:\\\/\\\/lasentinelle.dz\\\/index.php\\\/2025\\\/01\\\/21\\\/dialogue-politique-le-renforcement-du-front-interne-au-coeur-des-discussions\\\/#breadcrumb\",\"itemListElement\":[{\"@type\":\"ListItem\",\"position\":1,\"name\":\"Accueil\",\"item\":\"https:\\\/\\\/lasentinelle.dz\\\/\"},{\"@type\":\"ListItem\",\"position\":2,\"name\":\"Dialogue politique : Le renforcement du front interne au c\u0153ur des discussions\"}]},{\"@type\":\"WebSite\",\"@id\":\"https:\\\/\\\/lasentinelle.dz\\\/#website\",\"url\":\"https:\\\/\\\/lasentinelle.dz\\\/\",\"name\":\"La Sentinelle\",\"description\":\"Quotidien national d&#039;information\",\"publisher\":{\"@id\":\"https:\\\/\\\/lasentinelle.dz\\\/#organization\"},\"potentialAction\":[{\"@type\":\"SearchAction\",\"target\":{\"@type\":\"EntryPoint\",\"urlTemplate\":\"https:\\\/\\\/lasentinelle.dz\\\/?s={search_term_string}\"},\"query-input\":{\"@type\":\"PropertyValueSpecification\",\"valueRequired\":true,\"valueName\":\"search_term_string\"}}],\"inLanguage\":\"fr-FR\"},{\"@type\":\"Organization\",\"@id\":\"https:\\\/\\\/lasentinelle.dz\\\/#organization\",\"name\":\"Quotidien La Sentinelle\",\"url\":\"https:\\\/\\\/lasentinelle.dz\\\/\",\"logo\":{\"@type\":\"ImageObject\",\"inLanguage\":\"fr-FR\",\"@id\":\"https:\\\/\\\/lasentinelle.dz\\\/#\\\/schema\\\/logo\\\/image\\\/\",\"url\":\"https:\\\/\\\/lasentinelle.dz\\\/wp-content\\\/uploads\\\/2021\\\/09\\\/logo-sentinelleSLOGAN-1.png\",\"contentUrl\":\"https:\\\/\\\/lasentinelle.dz\\\/wp-content\\\/uploads\\\/2021\\\/09\\\/logo-sentinelleSLOGAN-1.png\",\"width\":615,\"height\":142,\"caption\":\"Quotidien La Sentinelle\"},\"image\":{\"@id\":\"https:\\\/\\\/lasentinelle.dz\\\/#\\\/schema\\\/logo\\\/image\\\/\"},\"sameAs\":[\"https:\\\/\\\/www.facebook.com\\\/La-Sentinelle-104059864394773\"]},{\"@type\":\"Person\",\"@id\":\"https:\\\/\\\/lasentinelle.dz\\\/#\\\/schema\\\/person\\\/729ee0024f24e0b8c5ec17232f8e8b41\",\"name\":\"admin\",\"image\":{\"@type\":\"ImageObject\",\"inLanguage\":\"fr-FR\",\"@id\":\"https:\\\/\\\/secure.gravatar.com\\\/avatar\\\/4c81fed838786e9b53f540bf46533e750f5d292099ae3b66cfc6fb1982e29df7?s=96&d=mm&r=g\",\"url\":\"https:\\\/\\\/secure.gravatar.com\\\/avatar\\\/4c81fed838786e9b53f540bf46533e750f5d292099ae3b66cfc6fb1982e29df7?s=96&d=mm&r=g\",\"contentUrl\":\"https:\\\/\\\/secure.gravatar.com\\\/avatar\\\/4c81fed838786e9b53f540bf46533e750f5d292099ae3b66cfc6fb1982e29df7?s=96&d=mm&r=g\",\"caption\":\"admin\"},\"description\":\"admin\",\"url\":\"https:\\\/\\\/lasentinelle.dz\\\/author\\\/admin\\\/\"}]}<\/script>\n<!-- \/ Yoast SEO plugin. -->","yoast_head_json":{"title":"Dialogue politique : Le renforcement du front interne au c\u0153ur des discussions - La Sentinelle","robots":{"index":"index","follow":"follow","max-snippet":"max-snippet:-1","max-image-preview":"max-image-preview:large","max-video-preview":"max-video-preview:-1"},"canonical":"https:\/\/lasentinelle.dz\/index.php\/2025\/01\/21\/dialogue-politique-le-renforcement-du-front-interne-au-coeur-des-discussions\/","og_locale":"fr_FR","og_type":"article","og_title":"Dialogue politique : Le renforcement du front interne au c\u0153ur des discussions - La Sentinelle","og_description":"Le pr\u00e9sident de la R\u00e9publique, Abdelmadjid Tebboune, poursuit ses consultations politiques avec les formations politiques, dans un contexte marqu\u00e9 par","og_url":"https:\/\/lasentinelle.dz\/index.php\/2025\/01\/21\/dialogue-politique-le-renforcement-du-front-interne-au-coeur-des-discussions\/","og_site_name":"La Sentinelle","article_publisher":"https:\/\/www.facebook.com\/La-Sentinelle-104059864394773","article_published_time":"2025-01-21T11:42:20+00:00","article_modified_time":"2025-01-21T11:42:21+00:00","og_image":[{"width":2048,"height":1366,"url":"https:\/\/lasentinelle.dz\/wp-content\/uploads\/2025\/01\/tebboune-3.jpeg","type":"image\/jpeg"}],"author":"admin","twitter_card":"summary_large_image","twitter_misc":{"\u00c9crit par":"admin","Dur\u00e9e de lecture estim\u00e9e":"4 minutes"},"schema":{"@context":"https:\/\/schema.org","@graph":[{"@type":"Article","@id":"https:\/\/lasentinelle.dz\/index.php\/2025\/01\/21\/dialogue-politique-le-renforcement-du-front-interne-au-coeur-des-discussions\/#article","isPartOf":{"@id":"https:\/\/lasentinelle.dz\/index.php\/2025\/01\/21\/dialogue-politique-le-renforcement-du-front-interne-au-coeur-des-discussions\/"},"author":{"name":"admin","@id":"https:\/\/lasentinelle.dz\/#\/schema\/person\/729ee0024f24e0b8c5ec17232f8e8b41"},"headline":"Dialogue politique : Le renforcement du front interne au c\u0153ur des discussions","datePublished":"2025-01-21T11:42:20+00:00","dateModified":"2025-01-21T11:42:21+00:00","mainEntityOfPage":{"@id":"https:\/\/lasentinelle.dz\/index.php\/2025\/01\/21\/dialogue-politique-le-renforcement-du-front-interne-au-coeur-des-discussions\/"},"wordCount":732,"commentCount":0,"publisher":{"@id":"https:\/\/lasentinelle.dz\/#organization"},"image":{"@id":"https:\/\/lasentinelle.dz\/index.php\/2025\/01\/21\/dialogue-politique-le-renforcement-du-front-interne-au-coeur-des-discussions\/#primaryimage"},"thumbnailUrl":"https:\/\/lasentinelle.dz\/wp-content\/uploads\/2025\/01\/tebboune-3.jpeg","articleSection":["\u00c0 la Une","Actualit\u00e9"],"inLanguage":"fr-FR","potentialAction":[{"@type":"CommentAction","name":"Comment","target":["https:\/\/lasentinelle.dz\/index.php\/2025\/01\/21\/dialogue-politique-le-renforcement-du-front-interne-au-coeur-des-discussions\/#respond"]}]},{"@type":"WebPage","@id":"https:\/\/lasentinelle.dz\/index.php\/2025\/01\/21\/dialogue-politique-le-renforcement-du-front-interne-au-coeur-des-discussions\/","url":"https:\/\/lasentinelle.dz\/index.php\/2025\/01\/21\/dialogue-politique-le-renforcement-du-front-interne-au-coeur-des-discussions\/","name":"Dialogue politique : Le renforcement du front interne au c\u0153ur des discussions - La Sentinelle","isPartOf":{"@id":"https:\/\/lasentinelle.dz\/#website"},"primaryImageOfPage":{"@id":"https:\/\/lasentinelle.dz\/index.php\/2025\/01\/21\/dialogue-politique-le-renforcement-du-front-interne-au-coeur-des-discussions\/#primaryimage"},"image":{"@id":"https:\/\/lasentinelle.dz\/index.php\/2025\/01\/21\/dialogue-politique-le-renforcement-du-front-interne-au-coeur-des-discussions\/#primaryimage"},"thumbnailUrl":"https:\/\/lasentinelle.dz\/wp-content\/uploads\/2025\/01\/tebboune-3.jpeg","datePublished":"2025-01-21T11:42:20+00:00","dateModified":"2025-01-21T11:42:21+00:00","breadcrumb":{"@id":"https:\/\/lasentinelle.dz\/index.php\/2025\/01\/21\/dialogue-politique-le-renforcement-du-front-interne-au-coeur-des-discussions\/#breadcrumb"},"inLanguage":"fr-FR","potentialAction":[{"@type":"ReadAction","target":["https:\/\/lasentinelle.dz\/index.php\/2025\/01\/21\/dialogue-politique-le-renforcement-du-front-interne-au-coeur-des-discussions\/"]}]},{"@type":"ImageObject","inLanguage":"fr-FR","@id":"https:\/\/lasentinelle.dz\/index.php\/2025\/01\/21\/dialogue-politique-le-renforcement-du-front-interne-au-coeur-des-discussions\/#primaryimage","url":"https:\/\/lasentinelle.dz\/wp-content\/uploads\/2025\/01\/tebboune-3.jpeg","contentUrl":"https:\/\/lasentinelle.dz\/wp-content\/uploads\/2025\/01\/tebboune-3.jpeg","width":2048,"height":1366},{"@type":"BreadcrumbList","@id":"https:\/\/lasentinelle.dz\/index.php\/2025\/01\/21\/dialogue-politique-le-renforcement-du-front-interne-au-coeur-des-discussions\/#breadcrumb","itemListElement":[{"@type":"ListItem","position":1,"name":"Accueil","item":"https:\/\/lasentinelle.dz\/"},{"@type":"ListItem","position":2,"name":"Dialogue politique : Le renforcement du front interne au c\u0153ur des discussions"}]},{"@type":"WebSite","@id":"https:\/\/lasentinelle.dz\/#website","url":"https:\/\/lasentinelle.dz\/","name":"La Sentinelle","description":"Quotidien national d&#039;information","publisher":{"@id":"https:\/\/lasentinelle.dz\/#organization"},"potentialAction":[{"@type":"SearchAction","target":{"@type":"EntryPoint","urlTemplate":"https:\/\/lasentinelle.dz\/?s={search_term_string}"},"query-input":{"@type":"PropertyValueSpecification","valueRequired":true,"valueName":"search_term_string"}}],"inLanguage":"fr-FR"},{"@type":"Organization","@id":"https:\/\/lasentinelle.dz\/#organization","name":"Quotidien La Sentinelle","url":"https:\/\/lasentinelle.dz\/","logo":{"@type":"ImageObject","inLanguage":"fr-FR","@id":"https:\/\/lasentinelle.dz\/#\/schema\/logo\/image\/","url":"https:\/\/lasentinelle.dz\/wp-content\/uploads\/2021\/09\/logo-sentinelleSLOGAN-1.png","contentUrl":"https:\/\/lasentinelle.dz\/wp-content\/uploads\/2021\/09\/logo-sentinelleSLOGAN-1.png","width":615,"height":142,"caption":"Quotidien La Sentinelle"},"image":{"@id":"https:\/\/lasentinelle.dz\/#\/schema\/logo\/image\/"},"sameAs":["https:\/\/www.facebook.com\/La-Sentinelle-104059864394773"]},{"@type":"Person","@id":"https:\/\/lasentinelle.dz\/#\/schema\/person\/729ee0024f24e0b8c5ec17232f8e8b41","name":"admin","image":{"@type":"ImageObject","inLanguage":"fr-FR","@id":"https:\/\/secure.gravatar.com\/avatar\/4c81fed838786e9b53f540bf46533e750f5d292099ae3b66cfc6fb1982e29df7?s=96&d=mm&r=g","url":"https:\/\/secure.gravatar.com\/avatar\/4c81fed838786e9b53f540bf46533e750f5d292099ae3b66cfc6fb1982e29df7?s=96&d=mm&r=g","contentUrl":"https:\/\/secure.gravatar.com\/avatar\/4c81fed838786e9b53f540bf46533e750f5d292099ae3b66cfc6fb1982e29df7?s=96&d=mm&r=g","caption":"admin"},"description":"admin","url":"https:\/\/lasentinelle.dz\/author\/admin\/"}]}},"_links":{"self":[{"href":"https:\/\/lasentinelle.dz\/index.php\/wp-json\/wp\/v2\/posts\/61917","targetHints":{"allow":["GET"]}}],"collection":[{"href":"https:\/\/lasentinelle.dz\/index.php\/wp-json\/wp\/v2\/posts"}],"about":[{"href":"https:\/\/lasentinelle.dz\/index.php\/wp-json\/wp\/v2\/types\/post"}],"author":[{"embeddable":true,"href":"https:\/\/lasentinelle.dz\/index.php\/wp-json\/wp\/v2\/users\/6"}],"replies":[{"embeddable":true,"href":"https:\/\/lasentinelle.dz\/index.php\/wp-json\/wp\/v2\/comments?post=61917"}],"version-history":[{"count":1,"href":"https:\/\/lasentinelle.dz\/index.php\/wp-json\/wp\/v2\/posts\/61917\/revisions"}],"predecessor-version":[{"id":61919,"href":"https:\/\/lasentinelle.dz\/index.php\/wp-json\/wp\/v2\/posts\/61917\/revisions\/61919"}],"wp:featuredmedia":[{"embeddable":true,"href":"https:\/\/lasentinelle.dz\/index.php\/wp-json\/wp\/v2\/media\/61918"}],"wp:attachment":[{"href":"https:\/\/lasentinelle.dz\/index.php\/wp-json\/wp\/v2\/media?parent=61917"}],"wp:term":[{"taxonomy":"category","embeddable":true,"href":"https:\/\/lasentinelle.dz\/index.php\/wp-json\/wp\/v2\/categories?post=61917"},{"taxonomy":"post_tag","embeddable":true,"href":"https:\/\/lasentinelle.dz\/index.php\/wp-json\/wp\/v2\/tags?post=61917"}],"curies":[{"name":"wp","href":"https:\/\/api.w.org\/{rel}","templated":true}]}}