{"id":61922,"date":"2025-01-21T12:44:02","date_gmt":"2025-01-21T11:44:02","guid":{"rendered":"https:\/\/lasentinelle.dz\/?p=61922"},"modified":"2025-01-21T12:44:03","modified_gmt":"2025-01-21T11:44:03","slug":"apres-15-mois-dagression-genocidaire-un-bilan-effroyable-qui-risque-de-se-reveler-beaucoup-plus-lourd","status":"publish","type":"post","link":"https:\/\/lasentinelle.dz\/index.php\/2025\/01\/21\/apres-15-mois-dagression-genocidaire-un-bilan-effroyable-qui-risque-de-se-reveler-beaucoup-plus-lourd\/","title":{"rendered":"Apr\u00e8s 15 mois d\u2019agression g\u00e9nocidaire: Un bilan effroyable qui risque de se r\u00e9v\u00e9ler beaucoup plus lourd"},"content":{"rendered":"\n<p>Au lendemain de l&rsquo;entr\u00e9e en vigueur d&rsquo;un accord de cessez-le-feu historique \u00e0 Ghaza apr\u00e8s plus de quinze mois d&rsquo;agression g\u00e9nocidaire sioniste, la situation humanitaire dans l&rsquo;enclave palestinienne demeure catastrophique tandis que les tensions persistent en Cisjordanie occup\u00e9e. Le bilan humain de cette offensive barbare ne cesse de s&rsquo;alourdir, atteignant d\u00e9sormais 47.035 martyrs et 111.091 bless\u00e9s selon les derni\u00e8res donn\u00e9es des autorit\u00e9s sanitaires palestiniennes. Parmi les victimes, on compte au moins 17.581 enfants et 12.048 femmes, un tribut qui t\u00e9moigne de la nature indiscrimin\u00e9e des bombardements isra\u00e9liens contre la population civile. Les premi\u00e8res heures suivant l&rsquo;application du cessez-le-feu ont permis aux \u00e9quipes de secours de d\u00e9couvrir l&rsquo;ampleur r\u00e9elle des destructions. Pas plus tard que ce lundi, 39 corps de martyrs palestiniens ont \u00e9t\u00e9 retrouv\u00e9s dans la ville de Rafah, au sud de Ghaza, leurs ossements transport\u00e9s \u00e0 l&rsquo;h\u00f4pital europ\u00e9en de Khan Younes. Ces d\u00e9couvertes macabres laissent pr\u00e9sager que le bilan pourrait encore s&rsquo;alourdir, alors qu&rsquo;environ 11.000 personnes sont toujours port\u00e9es disparues sous les d\u00e9combres et dans les rues de l&rsquo;enclave. L&rsquo;Organisation des Nations Unies dresse un constat accablant de la destruction syst\u00e9matique de Ghaza par l&rsquo;occupant sioniste. Selon l&rsquo;OCHA, 92% des habitations, soit environ 436.000 maisons, ont \u00e9t\u00e9 d\u00e9truites ou endommag\u00e9es durant l&rsquo;offensive. Cette politique de la terre br\u00fbl\u00e9e a contraint 90% des Ghazaouis \u00e0 se d\u00e9placer, cr\u00e9ant une crise humanitaire sans pr\u00e9c\u00e9dent. Le secteur de la sant\u00e9, particuli\u00e8rement cibl\u00e9 par les bombardements, se trouve dans un \u00e9tat critique. L&rsquo;OMS estime qu&rsquo;il faudra plus de 10 milliards de dollars pour reconstruire le syst\u00e8me sanitaire. Seule la moiti\u00e9 des 36 h\u00f4pitaux de Ghaza reste partiellement op\u00e9rationnelle, tandis que 38% seulement des centres de soins primaires peuvent encore fonctionner. Le Dr Tedros Adhanom Ghebreyesus, directeur g\u00e9n\u00e9ral de l&rsquo;OMS, a soulign\u00e9 que la restauration du syst\u00e8me de sant\u00e9 constituera \u00ab\u00a0une t\u00e2che complexe et difficile, compte tenu de l&rsquo;ampleur des destructions.\u00a0\u00bb Face \u00e0 cette situation dramatique, les organisations internationales tentent d&rsquo;acc\u00e9l\u00e9rer l&rsquo;acheminement de l&rsquo;aide. Le Programme alimentaire mondial esp\u00e8re nourrir rapidement un million de personnes \u00e0 Ghaza, pr\u00e9voyant l&rsquo;entr\u00e9e de 150 camions par jour pendant au moins vingt jours. L&rsquo;accord pr\u00e9voit jusqu&rsquo;\u00e0 600 camions quotidiens, une augmentation significative qui reste toutefois conditionn\u00e9e au bon vouloir de l&rsquo;occupant. Philippe Lazzarini, Commissaire g\u00e9n\u00e9ral de l&rsquo;UNRWA, s&rsquo;est engag\u00e9 \u00e0 ne m\u00e9nager \u00ab\u00a0aucun effort pour all\u00e9ger les \u00e9normes souffrances\u00a0\u00bb des Palestiniens, soulignant que l&rsquo;accord repr\u00e9sente \u00ab\u00a0un pas vers la bonne direction.\u00a0\u00bb Le gouvernement espagnol a rappel\u00e9 le r\u00f4le indispensable de l&rsquo;UNRWA pour l&rsquo;avenir de Ghaza, r\u00e9it\u00e9rant son soutien aux Ghazaouis apr\u00e8s avoir officiellement reconnu l&rsquo;\u00c9tat palestinien en mai 2024.<\/p>\n\n\n\n<p><strong>Persistance des tensions en Cisjordanie<\/strong><\/p>\n\n\n\n<p>Pendant ce temps, la situation reste explosive en Cisjordanie occup\u00e9e o\u00f9 les colons sionistes, protestant contre l&rsquo;accord de cessez-le-feu et la lib\u00e9ration des d\u00e9tenus palestiniens, ont lanc\u00e9 des attaques contre six villages palestiniens. Ces agressions, men\u00e9es \u00e0 coups de pierres et de cocktails Molotov, illustrent la persistance des tensions. Plus tragiquement encore, les forces d&rsquo;occupation ont assassin\u00e9 un jeune Palestinien de 15 ans lors d&rsquo;une incursion dans la ville de Sebastia, au nord-ouest de Naplouse, utilisant des balles r\u00e9elles, des bombes assourdissantes et des gaz lacrymog\u00e8nes contre la population civile. Cette escalade des violences en Cisjordanie occup\u00e9e, conjugu\u00e9e \u00e0 la situation catastrophique \u00e0 Ghaza, souligne l&rsquo;urgence d&rsquo;une solution politique durable bas\u00e9e sur le droit international et la reconnaissance des droits l\u00e9gitimes du peuple palestinien. Le cessez-le-feu, bien que vital, ne doit repr\u00e9senter qu&rsquo;une premi\u00e8re \u00e9tape vers la fin des souffrances palestiniennes et l&rsquo;\u00e9tablissement d&rsquo;une paix juste et durable dans la r\u00e9gion.<\/p>\n\n\n\n<p>Salim Amokrane<\/p>\n","protected":false},"excerpt":{"rendered":"<p>Au lendemain de l&rsquo;entr\u00e9e en vigueur d&rsquo;un accord de cessez-le-feu historique \u00e0 Ghaza apr\u00e8s plus de quinze mois d&rsquo;agression g\u00e9nocidaire<\/p>\n","protected":false},"author":6,"featured_media":58257,"comment_status":"open","ping_status":"closed","sticky":false,"template":"","format":"standard","meta":{"colormag_page_container_layout":"default_layout","colormag_page_sidebar_layout":"default_layout","om_disable_all_campaigns":false,"_monsterinsights_skip_tracking":false,"_monsterinsights_sitenote_active":false,"_monsterinsights_sitenote_note":"","_monsterinsights_sitenote_category":0,"footnotes":"","_wpscppro_dont_share_socialmedia":false,"_wpscppro_custom_social_share_image":0,"_facebook_share_type":"default","_twitter_share_type":"default","_linkedin_share_type":"default","_pinterest_share_type":"default","_linkedin_share_type_page":"","_instagram_share_type":"default","_medium_share_type":"default","_threads_share_type":"","_google_business_share_type":"","_selected_social_profile":[],"_wpsp_enable_custom_social_template":false,"_wpsp_social_scheduling":{"enabled":false,"datetime":null,"platforms":[],"status":"template_only","dateOption":"today","timeOption":"now","customDays":"","customHours":"","customDate":"","customTime":"","schedulingType":"absolute"},"_wpsp_active_default_template":true},"categories":[27],"tags":[],"class_list":["post-61922","post","type-post","status-publish","format-standard","has-post-thumbnail","hentry","category-actualite"],"aioseo_notices":[],"yoast_head":"<!-- This site is optimized with the Yoast SEO plugin v27.5 - https:\/\/yoast.com\/product\/yoast-seo-wordpress\/ -->\n<title>Apr\u00e8s 15 mois d\u2019agression g\u00e9nocidaire: Un bilan effroyable qui risque de se r\u00e9v\u00e9ler beaucoup plus lourd - La Sentinelle<\/title>\n<meta name=\"robots\" content=\"index, follow, max-snippet:-1, max-image-preview:large, max-video-preview:-1\" \/>\n<link rel=\"canonical\" href=\"https:\/\/lasentinelle.dz\/index.php\/2025\/01\/21\/apres-15-mois-dagression-genocidaire-un-bilan-effroyable-qui-risque-de-se-reveler-beaucoup-plus-lourd\/\" \/>\n<meta property=\"og:locale\" content=\"fr_FR\" \/>\n<meta property=\"og:type\" content=\"article\" \/>\n<meta property=\"og:title\" content=\"Apr\u00e8s 15 mois d\u2019agression g\u00e9nocidaire: Un bilan effroyable qui risque de se r\u00e9v\u00e9ler beaucoup plus lourd - La Sentinelle\" \/>\n<meta property=\"og:description\" content=\"Au lendemain de l&rsquo;entr\u00e9e en vigueur d&rsquo;un accord de cessez-le-feu historique \u00e0 Ghaza apr\u00e8s plus de quinze mois d&rsquo;agression g\u00e9nocidaire\" \/>\n<meta property=\"og:url\" content=\"https:\/\/lasentinelle.dz\/index.php\/2025\/01\/21\/apres-15-mois-dagression-genocidaire-un-bilan-effroyable-qui-risque-de-se-reveler-beaucoup-plus-lourd\/\" \/>\n<meta property=\"og:site_name\" content=\"La Sentinelle\" \/>\n<meta property=\"article:publisher\" content=\"https:\/\/www.facebook.com\/La-Sentinelle-104059864394773\" \/>\n<meta property=\"article:published_time\" content=\"2025-01-21T11:44:02+00:00\" \/>\n<meta property=\"article:modified_time\" content=\"2025-01-21T11:44:03+00:00\" \/>\n<meta property=\"og:image\" content=\"https:\/\/lasentinelle.dz\/wp-content\/uploads\/2024\/10\/Ghaza.jpg\" \/>\n\t<meta property=\"og:image:width\" content=\"864\" \/>\n\t<meta property=\"og:image:height\" content=\"486\" \/>\n\t<meta property=\"og:image:type\" content=\"image\/jpeg\" \/>\n<meta name=\"author\" content=\"admin\" \/>\n<meta name=\"twitter:card\" content=\"summary_large_image\" \/>\n<meta name=\"twitter:label1\" content=\"\u00c9crit par\" \/>\n\t<meta name=\"twitter:data1\" content=\"admin\" \/>\n\t<meta name=\"twitter:label2\" content=\"Dur\u00e9e de lecture estim\u00e9e\" \/>\n\t<meta name=\"twitter:data2\" content=\"4 minutes\" \/>\n<script type=\"application\/ld+json\" class=\"yoast-schema-graph\">{\"@context\":\"https:\\\/\\\/schema.org\",\"@graph\":[{\"@type\":\"Article\",\"@id\":\"https:\\\/\\\/lasentinelle.dz\\\/index.php\\\/2025\\\/01\\\/21\\\/apres-15-mois-dagression-genocidaire-un-bilan-effroyable-qui-risque-de-se-reveler-beaucoup-plus-lourd\\\/#article\",\"isPartOf\":{\"@id\":\"https:\\\/\\\/lasentinelle.dz\\\/index.php\\\/2025\\\/01\\\/21\\\/apres-15-mois-dagression-genocidaire-un-bilan-effroyable-qui-risque-de-se-reveler-beaucoup-plus-lourd\\\/\"},\"author\":{\"name\":\"admin\",\"@id\":\"https:\\\/\\\/lasentinelle.dz\\\/#\\\/schema\\\/person\\\/729ee0024f24e0b8c5ec17232f8e8b41\"},\"headline\":\"Apr\u00e8s 15 mois d\u2019agression g\u00e9nocidaire: Un bilan effroyable qui risque de se r\u00e9v\u00e9ler beaucoup plus lourd\",\"datePublished\":\"2025-01-21T11:44:02+00:00\",\"dateModified\":\"2025-01-21T11:44:03+00:00\",\"mainEntityOfPage\":{\"@id\":\"https:\\\/\\\/lasentinelle.dz\\\/index.php\\\/2025\\\/01\\\/21\\\/apres-15-mois-dagression-genocidaire-un-bilan-effroyable-qui-risque-de-se-reveler-beaucoup-plus-lourd\\\/\"},\"wordCount\":681,\"commentCount\":0,\"publisher\":{\"@id\":\"https:\\\/\\\/lasentinelle.dz\\\/#organization\"},\"image\":{\"@id\":\"https:\\\/\\\/lasentinelle.dz\\\/index.php\\\/2025\\\/01\\\/21\\\/apres-15-mois-dagression-genocidaire-un-bilan-effroyable-qui-risque-de-se-reveler-beaucoup-plus-lourd\\\/#primaryimage\"},\"thumbnailUrl\":\"https:\\\/\\\/lasentinelle.dz\\\/wp-content\\\/uploads\\\/2024\\\/10\\\/Ghaza.jpg\",\"articleSection\":[\"Actualit\u00e9\"],\"inLanguage\":\"fr-FR\",\"potentialAction\":[{\"@type\":\"CommentAction\",\"name\":\"Comment\",\"target\":[\"https:\\\/\\\/lasentinelle.dz\\\/index.php\\\/2025\\\/01\\\/21\\\/apres-15-mois-dagression-genocidaire-un-bilan-effroyable-qui-risque-de-se-reveler-beaucoup-plus-lourd\\\/#respond\"]}]},{\"@type\":\"WebPage\",\"@id\":\"https:\\\/\\\/lasentinelle.dz\\\/index.php\\\/2025\\\/01\\\/21\\\/apres-15-mois-dagression-genocidaire-un-bilan-effroyable-qui-risque-de-se-reveler-beaucoup-plus-lourd\\\/\",\"url\":\"https:\\\/\\\/lasentinelle.dz\\\/index.php\\\/2025\\\/01\\\/21\\\/apres-15-mois-dagression-genocidaire-un-bilan-effroyable-qui-risque-de-se-reveler-beaucoup-plus-lourd\\\/\",\"name\":\"Apr\u00e8s 15 mois d\u2019agression g\u00e9nocidaire: Un bilan effroyable qui risque de se r\u00e9v\u00e9ler beaucoup plus lourd - La Sentinelle\",\"isPartOf\":{\"@id\":\"https:\\\/\\\/lasentinelle.dz\\\/#website\"},\"primaryImageOfPage\":{\"@id\":\"https:\\\/\\\/lasentinelle.dz\\\/index.php\\\/2025\\\/01\\\/21\\\/apres-15-mois-dagression-genocidaire-un-bilan-effroyable-qui-risque-de-se-reveler-beaucoup-plus-lourd\\\/#primaryimage\"},\"image\":{\"@id\":\"https:\\\/\\\/lasentinelle.dz\\\/index.php\\\/2025\\\/01\\\/21\\\/apres-15-mois-dagression-genocidaire-un-bilan-effroyable-qui-risque-de-se-reveler-beaucoup-plus-lourd\\\/#primaryimage\"},\"thumbnailUrl\":\"https:\\\/\\\/lasentinelle.dz\\\/wp-content\\\/uploads\\\/2024\\\/10\\\/Ghaza.jpg\",\"datePublished\":\"2025-01-21T11:44:02+00:00\",\"dateModified\":\"2025-01-21T11:44:03+00:00\",\"breadcrumb\":{\"@id\":\"https:\\\/\\\/lasentinelle.dz\\\/index.php\\\/2025\\\/01\\\/21\\\/apres-15-mois-dagression-genocidaire-un-bilan-effroyable-qui-risque-de-se-reveler-beaucoup-plus-lourd\\\/#breadcrumb\"},\"inLanguage\":\"fr-FR\",\"potentialAction\":[{\"@type\":\"ReadAction\",\"target\":[\"https:\\\/\\\/lasentinelle.dz\\\/index.php\\\/2025\\\/01\\\/21\\\/apres-15-mois-dagression-genocidaire-un-bilan-effroyable-qui-risque-de-se-reveler-beaucoup-plus-lourd\\\/\"]}]},{\"@type\":\"ImageObject\",\"inLanguage\":\"fr-FR\",\"@id\":\"https:\\\/\\\/lasentinelle.dz\\\/index.php\\\/2025\\\/01\\\/21\\\/apres-15-mois-dagression-genocidaire-un-bilan-effroyable-qui-risque-de-se-reveler-beaucoup-plus-lourd\\\/#primaryimage\",\"url\":\"https:\\\/\\\/lasentinelle.dz\\\/wp-content\\\/uploads\\\/2024\\\/10\\\/Ghaza.jpg\",\"contentUrl\":\"https:\\\/\\\/lasentinelle.dz\\\/wp-content\\\/uploads\\\/2024\\\/10\\\/Ghaza.jpg\",\"width\":864,\"height\":486},{\"@type\":\"BreadcrumbList\",\"@id\":\"https:\\\/\\\/lasentinelle.dz\\\/index.php\\\/2025\\\/01\\\/21\\\/apres-15-mois-dagression-genocidaire-un-bilan-effroyable-qui-risque-de-se-reveler-beaucoup-plus-lourd\\\/#breadcrumb\",\"itemListElement\":[{\"@type\":\"ListItem\",\"position\":1,\"name\":\"Accueil\",\"item\":\"https:\\\/\\\/lasentinelle.dz\\\/\"},{\"@type\":\"ListItem\",\"position\":2,\"name\":\"Apr\u00e8s 15 mois d\u2019agression g\u00e9nocidaire: Un bilan effroyable qui risque de se r\u00e9v\u00e9ler beaucoup plus lourd\"}]},{\"@type\":\"WebSite\",\"@id\":\"https:\\\/\\\/lasentinelle.dz\\\/#website\",\"url\":\"https:\\\/\\\/lasentinelle.dz\\\/\",\"name\":\"La Sentinelle\",\"description\":\"Quotidien national d&#039;information\",\"publisher\":{\"@id\":\"https:\\\/\\\/lasentinelle.dz\\\/#organization\"},\"potentialAction\":[{\"@type\":\"SearchAction\",\"target\":{\"@type\":\"EntryPoint\",\"urlTemplate\":\"https:\\\/\\\/lasentinelle.dz\\\/?s={search_term_string}\"},\"query-input\":{\"@type\":\"PropertyValueSpecification\",\"valueRequired\":true,\"valueName\":\"search_term_string\"}}],\"inLanguage\":\"fr-FR\"},{\"@type\":\"Organization\",\"@id\":\"https:\\\/\\\/lasentinelle.dz\\\/#organization\",\"name\":\"Quotidien La Sentinelle\",\"url\":\"https:\\\/\\\/lasentinelle.dz\\\/\",\"logo\":{\"@type\":\"ImageObject\",\"inLanguage\":\"fr-FR\",\"@id\":\"https:\\\/\\\/lasentinelle.dz\\\/#\\\/schema\\\/logo\\\/image\\\/\",\"url\":\"https:\\\/\\\/lasentinelle.dz\\\/wp-content\\\/uploads\\\/2021\\\/09\\\/logo-sentinelleSLOGAN-1.png\",\"contentUrl\":\"https:\\\/\\\/lasentinelle.dz\\\/wp-content\\\/uploads\\\/2021\\\/09\\\/logo-sentinelleSLOGAN-1.png\",\"width\":615,\"height\":142,\"caption\":\"Quotidien La Sentinelle\"},\"image\":{\"@id\":\"https:\\\/\\\/lasentinelle.dz\\\/#\\\/schema\\\/logo\\\/image\\\/\"},\"sameAs\":[\"https:\\\/\\\/www.facebook.com\\\/La-Sentinelle-104059864394773\"]},{\"@type\":\"Person\",\"@id\":\"https:\\\/\\\/lasentinelle.dz\\\/#\\\/schema\\\/person\\\/729ee0024f24e0b8c5ec17232f8e8b41\",\"name\":\"admin\",\"image\":{\"@type\":\"ImageObject\",\"inLanguage\":\"fr-FR\",\"@id\":\"https:\\\/\\\/secure.gravatar.com\\\/avatar\\\/4c81fed838786e9b53f540bf46533e750f5d292099ae3b66cfc6fb1982e29df7?s=96&d=mm&r=g\",\"url\":\"https:\\\/\\\/secure.gravatar.com\\\/avatar\\\/4c81fed838786e9b53f540bf46533e750f5d292099ae3b66cfc6fb1982e29df7?s=96&d=mm&r=g\",\"contentUrl\":\"https:\\\/\\\/secure.gravatar.com\\\/avatar\\\/4c81fed838786e9b53f540bf46533e750f5d292099ae3b66cfc6fb1982e29df7?s=96&d=mm&r=g\",\"caption\":\"admin\"},\"description\":\"admin\",\"url\":\"https:\\\/\\\/lasentinelle.dz\\\/author\\\/admin\\\/\"}]}<\/script>\n<!-- \/ Yoast SEO plugin. -->","yoast_head_json":{"title":"Apr\u00e8s 15 mois d\u2019agression g\u00e9nocidaire: Un bilan effroyable qui risque de se r\u00e9v\u00e9ler beaucoup plus lourd - La Sentinelle","robots":{"index":"index","follow":"follow","max-snippet":"max-snippet:-1","max-image-preview":"max-image-preview:large","max-video-preview":"max-video-preview:-1"},"canonical":"https:\/\/lasentinelle.dz\/index.php\/2025\/01\/21\/apres-15-mois-dagression-genocidaire-un-bilan-effroyable-qui-risque-de-se-reveler-beaucoup-plus-lourd\/","og_locale":"fr_FR","og_type":"article","og_title":"Apr\u00e8s 15 mois d\u2019agression g\u00e9nocidaire: Un bilan effroyable qui risque de se r\u00e9v\u00e9ler beaucoup plus lourd - La Sentinelle","og_description":"Au lendemain de l&rsquo;entr\u00e9e en vigueur d&rsquo;un accord de cessez-le-feu historique \u00e0 Ghaza apr\u00e8s plus de quinze mois d&rsquo;agression g\u00e9nocidaire","og_url":"https:\/\/lasentinelle.dz\/index.php\/2025\/01\/21\/apres-15-mois-dagression-genocidaire-un-bilan-effroyable-qui-risque-de-se-reveler-beaucoup-plus-lourd\/","og_site_name":"La Sentinelle","article_publisher":"https:\/\/www.facebook.com\/La-Sentinelle-104059864394773","article_published_time":"2025-01-21T11:44:02+00:00","article_modified_time":"2025-01-21T11:44:03+00:00","og_image":[{"width":864,"height":486,"url":"https:\/\/lasentinelle.dz\/wp-content\/uploads\/2024\/10\/Ghaza.jpg","type":"image\/jpeg"}],"author":"admin","twitter_card":"summary_large_image","twitter_misc":{"\u00c9crit par":"admin","Dur\u00e9e de lecture estim\u00e9e":"4 minutes"},"schema":{"@context":"https:\/\/schema.org","@graph":[{"@type":"Article","@id":"https:\/\/lasentinelle.dz\/index.php\/2025\/01\/21\/apres-15-mois-dagression-genocidaire-un-bilan-effroyable-qui-risque-de-se-reveler-beaucoup-plus-lourd\/#article","isPartOf":{"@id":"https:\/\/lasentinelle.dz\/index.php\/2025\/01\/21\/apres-15-mois-dagression-genocidaire-un-bilan-effroyable-qui-risque-de-se-reveler-beaucoup-plus-lourd\/"},"author":{"name":"admin","@id":"https:\/\/lasentinelle.dz\/#\/schema\/person\/729ee0024f24e0b8c5ec17232f8e8b41"},"headline":"Apr\u00e8s 15 mois d\u2019agression g\u00e9nocidaire: Un bilan effroyable qui risque de se r\u00e9v\u00e9ler beaucoup plus lourd","datePublished":"2025-01-21T11:44:02+00:00","dateModified":"2025-01-21T11:44:03+00:00","mainEntityOfPage":{"@id":"https:\/\/lasentinelle.dz\/index.php\/2025\/01\/21\/apres-15-mois-dagression-genocidaire-un-bilan-effroyable-qui-risque-de-se-reveler-beaucoup-plus-lourd\/"},"wordCount":681,"commentCount":0,"publisher":{"@id":"https:\/\/lasentinelle.dz\/#organization"},"image":{"@id":"https:\/\/lasentinelle.dz\/index.php\/2025\/01\/21\/apres-15-mois-dagression-genocidaire-un-bilan-effroyable-qui-risque-de-se-reveler-beaucoup-plus-lourd\/#primaryimage"},"thumbnailUrl":"https:\/\/lasentinelle.dz\/wp-content\/uploads\/2024\/10\/Ghaza.jpg","articleSection":["Actualit\u00e9"],"inLanguage":"fr-FR","potentialAction":[{"@type":"CommentAction","name":"Comment","target":["https:\/\/lasentinelle.dz\/index.php\/2025\/01\/21\/apres-15-mois-dagression-genocidaire-un-bilan-effroyable-qui-risque-de-se-reveler-beaucoup-plus-lourd\/#respond"]}]},{"@type":"WebPage","@id":"https:\/\/lasentinelle.dz\/index.php\/2025\/01\/21\/apres-15-mois-dagression-genocidaire-un-bilan-effroyable-qui-risque-de-se-reveler-beaucoup-plus-lourd\/","url":"https:\/\/lasentinelle.dz\/index.php\/2025\/01\/21\/apres-15-mois-dagression-genocidaire-un-bilan-effroyable-qui-risque-de-se-reveler-beaucoup-plus-lourd\/","name":"Apr\u00e8s 15 mois d\u2019agression g\u00e9nocidaire: Un bilan effroyable qui risque de se r\u00e9v\u00e9ler beaucoup plus lourd - La Sentinelle","isPartOf":{"@id":"https:\/\/lasentinelle.dz\/#website"},"primaryImageOfPage":{"@id":"https:\/\/lasentinelle.dz\/index.php\/2025\/01\/21\/apres-15-mois-dagression-genocidaire-un-bilan-effroyable-qui-risque-de-se-reveler-beaucoup-plus-lourd\/#primaryimage"},"image":{"@id":"https:\/\/lasentinelle.dz\/index.php\/2025\/01\/21\/apres-15-mois-dagression-genocidaire-un-bilan-effroyable-qui-risque-de-se-reveler-beaucoup-plus-lourd\/#primaryimage"},"thumbnailUrl":"https:\/\/lasentinelle.dz\/wp-content\/uploads\/2024\/10\/Ghaza.jpg","datePublished":"2025-01-21T11:44:02+00:00","dateModified":"2025-01-21T11:44:03+00:00","breadcrumb":{"@id":"https:\/\/lasentinelle.dz\/index.php\/2025\/01\/21\/apres-15-mois-dagression-genocidaire-un-bilan-effroyable-qui-risque-de-se-reveler-beaucoup-plus-lourd\/#breadcrumb"},"inLanguage":"fr-FR","potentialAction":[{"@type":"ReadAction","target":["https:\/\/lasentinelle.dz\/index.php\/2025\/01\/21\/apres-15-mois-dagression-genocidaire-un-bilan-effroyable-qui-risque-de-se-reveler-beaucoup-plus-lourd\/"]}]},{"@type":"ImageObject","inLanguage":"fr-FR","@id":"https:\/\/lasentinelle.dz\/index.php\/2025\/01\/21\/apres-15-mois-dagression-genocidaire-un-bilan-effroyable-qui-risque-de-se-reveler-beaucoup-plus-lourd\/#primaryimage","url":"https:\/\/lasentinelle.dz\/wp-content\/uploads\/2024\/10\/Ghaza.jpg","contentUrl":"https:\/\/lasentinelle.dz\/wp-content\/uploads\/2024\/10\/Ghaza.jpg","width":864,"height":486},{"@type":"BreadcrumbList","@id":"https:\/\/lasentinelle.dz\/index.php\/2025\/01\/21\/apres-15-mois-dagression-genocidaire-un-bilan-effroyable-qui-risque-de-se-reveler-beaucoup-plus-lourd\/#breadcrumb","itemListElement":[{"@type":"ListItem","position":1,"name":"Accueil","item":"https:\/\/lasentinelle.dz\/"},{"@type":"ListItem","position":2,"name":"Apr\u00e8s 15 mois d\u2019agression g\u00e9nocidaire: Un bilan effroyable qui risque de se r\u00e9v\u00e9ler beaucoup plus lourd"}]},{"@type":"WebSite","@id":"https:\/\/lasentinelle.dz\/#website","url":"https:\/\/lasentinelle.dz\/","name":"La Sentinelle","description":"Quotidien national d&#039;information","publisher":{"@id":"https:\/\/lasentinelle.dz\/#organization"},"potentialAction":[{"@type":"SearchAction","target":{"@type":"EntryPoint","urlTemplate":"https:\/\/lasentinelle.dz\/?s={search_term_string}"},"query-input":{"@type":"PropertyValueSpecification","valueRequired":true,"valueName":"search_term_string"}}],"inLanguage":"fr-FR"},{"@type":"Organization","@id":"https:\/\/lasentinelle.dz\/#organization","name":"Quotidien La Sentinelle","url":"https:\/\/lasentinelle.dz\/","logo":{"@type":"ImageObject","inLanguage":"fr-FR","@id":"https:\/\/lasentinelle.dz\/#\/schema\/logo\/image\/","url":"https:\/\/lasentinelle.dz\/wp-content\/uploads\/2021\/09\/logo-sentinelleSLOGAN-1.png","contentUrl":"https:\/\/lasentinelle.dz\/wp-content\/uploads\/2021\/09\/logo-sentinelleSLOGAN-1.png","width":615,"height":142,"caption":"Quotidien La Sentinelle"},"image":{"@id":"https:\/\/lasentinelle.dz\/#\/schema\/logo\/image\/"},"sameAs":["https:\/\/www.facebook.com\/La-Sentinelle-104059864394773"]},{"@type":"Person","@id":"https:\/\/lasentinelle.dz\/#\/schema\/person\/729ee0024f24e0b8c5ec17232f8e8b41","name":"admin","image":{"@type":"ImageObject","inLanguage":"fr-FR","@id":"https:\/\/secure.gravatar.com\/avatar\/4c81fed838786e9b53f540bf46533e750f5d292099ae3b66cfc6fb1982e29df7?s=96&d=mm&r=g","url":"https:\/\/secure.gravatar.com\/avatar\/4c81fed838786e9b53f540bf46533e750f5d292099ae3b66cfc6fb1982e29df7?s=96&d=mm&r=g","contentUrl":"https:\/\/secure.gravatar.com\/avatar\/4c81fed838786e9b53f540bf46533e750f5d292099ae3b66cfc6fb1982e29df7?s=96&d=mm&r=g","caption":"admin"},"description":"admin","url":"https:\/\/lasentinelle.dz\/author\/admin\/"}]}},"_links":{"self":[{"href":"https:\/\/lasentinelle.dz\/index.php\/wp-json\/wp\/v2\/posts\/61922","targetHints":{"allow":["GET"]}}],"collection":[{"href":"https:\/\/lasentinelle.dz\/index.php\/wp-json\/wp\/v2\/posts"}],"about":[{"href":"https:\/\/lasentinelle.dz\/index.php\/wp-json\/wp\/v2\/types\/post"}],"author":[{"embeddable":true,"href":"https:\/\/lasentinelle.dz\/index.php\/wp-json\/wp\/v2\/users\/6"}],"replies":[{"embeddable":true,"href":"https:\/\/lasentinelle.dz\/index.php\/wp-json\/wp\/v2\/comments?post=61922"}],"version-history":[{"count":1,"href":"https:\/\/lasentinelle.dz\/index.php\/wp-json\/wp\/v2\/posts\/61922\/revisions"}],"predecessor-version":[{"id":61923,"href":"https:\/\/lasentinelle.dz\/index.php\/wp-json\/wp\/v2\/posts\/61922\/revisions\/61923"}],"wp:featuredmedia":[{"embeddable":true,"href":"https:\/\/lasentinelle.dz\/index.php\/wp-json\/wp\/v2\/media\/58257"}],"wp:attachment":[{"href":"https:\/\/lasentinelle.dz\/index.php\/wp-json\/wp\/v2\/media?parent=61922"}],"wp:term":[{"taxonomy":"category","embeddable":true,"href":"https:\/\/lasentinelle.dz\/index.php\/wp-json\/wp\/v2\/categories?post=61922"},{"taxonomy":"post_tag","embeddable":true,"href":"https:\/\/lasentinelle.dz\/index.php\/wp-json\/wp\/v2\/tags?post=61922"}],"curies":[{"name":"wp","href":"https:\/\/api.w.org\/{rel}","templated":true}]}}