{"id":61932,"date":"2025-01-23T11:47:21","date_gmt":"2025-01-23T10:47:21","guid":{"rendered":"https:\/\/lasentinelle.dz\/?p=61932"},"modified":"2025-01-25T11:48:49","modified_gmt":"2025-01-25T10:48:49","slug":"sahel-le-niger-le-burkina-faso-et-le-mali-vont-deployer-une-force-conjointe-de-5-000-soldats","status":"publish","type":"post","link":"https:\/\/lasentinelle.dz\/index.php\/2025\/01\/23\/sahel-le-niger-le-burkina-faso-et-le-mali-vont-deployer-une-force-conjointe-de-5-000-soldats\/","title":{"rendered":"Sahel : Le Niger, le Burkina Faso et le Mali vont d\u00e9ployer une force conjointe de 5.000 soldats"},"content":{"rendered":"\n<p>Une force conjointe de 5.000 soldats du Niger, du Burkina Faso et du Mali, pays du Sahel dirig\u00e9s par des juntes militaires, sera bient\u00f4t d\u00e9ploy\u00e9e dans la r\u00e9gion, qui est en proie \u00e0 des attaques terroristes, a d\u00e9clar\u00e9 le chef de la d\u00e9fense du Niger \u00e0 la t\u00e9l\u00e9vision d&rsquo;\u00c9tat. Niamey, Ouagadougou et Bamako ont d\u00e9cid\u00e9 l&rsquo;ann\u00e9e derni\u00e8re de faire face ensemble aux menaces qui p\u00e8sent sur leur s\u00e9curit\u00e9, apr\u00e8s avoir rompu des liens militaires et diplomatiques avec la France, l&rsquo;ancienne puissance coloniale, et d&rsquo;autres puissances occidentales. Le ministre nig\u00e9rien de la D\u00e9fense, Salifou Mody, a dit que la nouvelle force disposerait de ses propres moyens a\u00e9riens, \u00e9quipements et ressources en mati\u00e8re de renseignement et qu&rsquo;elle op\u00e9rerait sur l&rsquo;ensemble du territoire des trois pays, qui ont conclu un pacte de d\u00e9fense mutuelle connu sous le nom d&rsquo;Alliance des \u00c9tats du Sahel (AES). \u00ab\u00a0La force unifi\u00e9e de l&rsquo;AES est presque pr\u00eate, avec un effectif de 5.000 personnes\u00a0\u00bb, a d\u00e9clar\u00e9 mardi Salifou Mody. \u00ab\u00a0Ce n&rsquo;est qu&rsquo;une question de semaines avant que cette force ne soit visible sur le terrain\u00a0\u00bb, a-t-il ajout\u00e9, pr\u00e9cisant que certaines op\u00e9rations conjointes avaient d\u00e9j\u00e0 eu lieu. La violence, aliment\u00e9e par une d\u00e9cennie de combats contre des groupes islamistes li\u00e9s \u00e0 Al-Qa\u00efda et \u00e0 l&rsquo;\u00c9tat islamique, s&rsquo;est aggrav\u00e9e depuis les coups d&rsquo;\u00c9tat dans la r\u00e9gion. Quelque 2,6 millions de personnes \u00e9taient d\u00e9plac\u00e9es dans la r\u00e9gion \u00e0 la fin du mois de d\u00e9cembre, selon le Bureau des Nations Unies pour la coordination des affaires humanitaires (OCHA). La cr\u00e9ation de l&rsquo;alliance survient \u00e0 la suite de la d\u00e9cision des trois pays de se retirer de la Communaut\u00e9 \u00e9conomique des \u00c9tats de l&rsquo;Afrique de l&rsquo;Ouest (Cedeao).<\/p>\n\n\n\n<p><strong>R.I. avec agences<\/strong><\/p>\n","protected":false},"excerpt":{"rendered":"<p>Une force conjointe de 5.000 soldats du Niger, du Burkina Faso et du Mali, pays du Sahel dirig\u00e9s par des<\/p>\n","protected":false},"author":6,"featured_media":48954,"comment_status":"open","ping_status":"closed","sticky":false,"template":"","format":"standard","meta":{"colormag_page_container_layout":"default_layout","colormag_page_sidebar_layout":"default_layout","om_disable_all_campaigns":false,"_monsterinsights_skip_tracking":false,"_monsterinsights_sitenote_active":false,"_monsterinsights_sitenote_note":"","_monsterinsights_sitenote_category":0,"footnotes":"","_wpscppro_dont_share_socialmedia":false,"_wpscppro_custom_social_share_image":0,"_facebook_share_type":"default","_twitter_share_type":"default","_linkedin_share_type":"default","_pinterest_share_type":"default","_linkedin_share_type_page":"","_instagram_share_type":"default","_medium_share_type":"default","_threads_share_type":"","_google_business_share_type":"","_selected_social_profile":[],"_wpsp_enable_custom_social_template":false,"_wpsp_social_scheduling":{"enabled":false,"datetime":null,"platforms":[],"status":"template_only","dateOption":"today","timeOption":"now","customDays":"","customHours":"","customDate":"","customTime":"","schedulingType":"absolute"},"_wpsp_active_default_template":true},"categories":[37],"tags":[],"class_list":["post-61932","post","type-post","status-publish","format-standard","has-post-thumbnail","hentry","category-monde"],"aioseo_notices":[],"yoast_head":"<!-- This site is optimized with the Yoast SEO plugin v27.5 - https:\/\/yoast.com\/product\/yoast-seo-wordpress\/ -->\n<title>Sahel : Le Niger, le Burkina Faso et le Mali vont d\u00e9ployer une force conjointe de 5.000 soldats - La Sentinelle<\/title>\n<meta name=\"robots\" content=\"index, follow, max-snippet:-1, max-image-preview:large, max-video-preview:-1\" \/>\n<link rel=\"canonical\" href=\"https:\/\/lasentinelle.dz\/index.php\/2025\/01\/23\/sahel-le-niger-le-burkina-faso-et-le-mali-vont-deployer-une-force-conjointe-de-5-000-soldats\/\" \/>\n<meta property=\"og:locale\" content=\"fr_FR\" \/>\n<meta property=\"og:type\" content=\"article\" \/>\n<meta property=\"og:title\" content=\"Sahel : Le Niger, le Burkina Faso et le Mali vont d\u00e9ployer une force conjointe de 5.000 soldats - La Sentinelle\" \/>\n<meta property=\"og:description\" content=\"Une force conjointe de 5.000 soldats du Niger, du Burkina Faso et du Mali, pays du Sahel dirig\u00e9s par des\" \/>\n<meta property=\"og:url\" content=\"https:\/\/lasentinelle.dz\/index.php\/2025\/01\/23\/sahel-le-niger-le-burkina-faso-et-le-mali-vont-deployer-une-force-conjointe-de-5-000-soldats\/\" \/>\n<meta property=\"og:site_name\" content=\"La Sentinelle\" \/>\n<meta property=\"article:publisher\" content=\"https:\/\/www.facebook.com\/La-Sentinelle-104059864394773\" \/>\n<meta property=\"article:published_time\" content=\"2025-01-23T10:47:21+00:00\" \/>\n<meta property=\"article:modified_time\" content=\"2025-01-25T10:48:49+00:00\" \/>\n<meta property=\"og:image\" content=\"https:\/\/lasentinelle.dz\/wp-content\/uploads\/2024\/01\/burkina-1.jpeg\" \/>\n\t<meta property=\"og:image:width\" content=\"1280\" \/>\n\t<meta property=\"og:image:height\" content=\"1280\" \/>\n\t<meta property=\"og:image:type\" content=\"image\/jpeg\" \/>\n<meta name=\"author\" content=\"admin\" \/>\n<meta name=\"twitter:card\" content=\"summary_large_image\" \/>\n<meta name=\"twitter:label1\" content=\"\u00c9crit par\" \/>\n\t<meta name=\"twitter:data1\" content=\"admin\" \/>\n\t<meta name=\"twitter:label2\" content=\"Dur\u00e9e de lecture estim\u00e9e\" \/>\n\t<meta name=\"twitter:data2\" content=\"2 minutes\" \/>\n<script type=\"application\/ld+json\" class=\"yoast-schema-graph\">{\"@context\":\"https:\\\/\\\/schema.org\",\"@graph\":[{\"@type\":\"Article\",\"@id\":\"https:\\\/\\\/lasentinelle.dz\\\/index.php\\\/2025\\\/01\\\/23\\\/sahel-le-niger-le-burkina-faso-et-le-mali-vont-deployer-une-force-conjointe-de-5-000-soldats\\\/#article\",\"isPartOf\":{\"@id\":\"https:\\\/\\\/lasentinelle.dz\\\/index.php\\\/2025\\\/01\\\/23\\\/sahel-le-niger-le-burkina-faso-et-le-mali-vont-deployer-une-force-conjointe-de-5-000-soldats\\\/\"},\"author\":{\"name\":\"admin\",\"@id\":\"https:\\\/\\\/lasentinelle.dz\\\/#\\\/schema\\\/person\\\/729ee0024f24e0b8c5ec17232f8e8b41\"},\"headline\":\"Sahel : Le Niger, le Burkina Faso et le Mali vont d\u00e9ployer une force conjointe de 5.000 soldats\",\"datePublished\":\"2025-01-23T10:47:21+00:00\",\"dateModified\":\"2025-01-25T10:48:49+00:00\",\"mainEntityOfPage\":{\"@id\":\"https:\\\/\\\/lasentinelle.dz\\\/index.php\\\/2025\\\/01\\\/23\\\/sahel-le-niger-le-burkina-faso-et-le-mali-vont-deployer-une-force-conjointe-de-5-000-soldats\\\/\"},\"wordCount\":340,\"commentCount\":0,\"publisher\":{\"@id\":\"https:\\\/\\\/lasentinelle.dz\\\/#organization\"},\"image\":{\"@id\":\"https:\\\/\\\/lasentinelle.dz\\\/index.php\\\/2025\\\/01\\\/23\\\/sahel-le-niger-le-burkina-faso-et-le-mali-vont-deployer-une-force-conjointe-de-5-000-soldats\\\/#primaryimage\"},\"thumbnailUrl\":\"https:\\\/\\\/lasentinelle.dz\\\/wp-content\\\/uploads\\\/2024\\\/01\\\/burkina-1.jpeg\",\"articleSection\":[\"Monde\"],\"inLanguage\":\"fr-FR\",\"potentialAction\":[{\"@type\":\"CommentAction\",\"name\":\"Comment\",\"target\":[\"https:\\\/\\\/lasentinelle.dz\\\/index.php\\\/2025\\\/01\\\/23\\\/sahel-le-niger-le-burkina-faso-et-le-mali-vont-deployer-une-force-conjointe-de-5-000-soldats\\\/#respond\"]}]},{\"@type\":\"WebPage\",\"@id\":\"https:\\\/\\\/lasentinelle.dz\\\/index.php\\\/2025\\\/01\\\/23\\\/sahel-le-niger-le-burkina-faso-et-le-mali-vont-deployer-une-force-conjointe-de-5-000-soldats\\\/\",\"url\":\"https:\\\/\\\/lasentinelle.dz\\\/index.php\\\/2025\\\/01\\\/23\\\/sahel-le-niger-le-burkina-faso-et-le-mali-vont-deployer-une-force-conjointe-de-5-000-soldats\\\/\",\"name\":\"Sahel : Le Niger, le Burkina Faso et le Mali vont d\u00e9ployer une force conjointe de 5.000 soldats - La Sentinelle\",\"isPartOf\":{\"@id\":\"https:\\\/\\\/lasentinelle.dz\\\/#website\"},\"primaryImageOfPage\":{\"@id\":\"https:\\\/\\\/lasentinelle.dz\\\/index.php\\\/2025\\\/01\\\/23\\\/sahel-le-niger-le-burkina-faso-et-le-mali-vont-deployer-une-force-conjointe-de-5-000-soldats\\\/#primaryimage\"},\"image\":{\"@id\":\"https:\\\/\\\/lasentinelle.dz\\\/index.php\\\/2025\\\/01\\\/23\\\/sahel-le-niger-le-burkina-faso-et-le-mali-vont-deployer-une-force-conjointe-de-5-000-soldats\\\/#primaryimage\"},\"thumbnailUrl\":\"https:\\\/\\\/lasentinelle.dz\\\/wp-content\\\/uploads\\\/2024\\\/01\\\/burkina-1.jpeg\",\"datePublished\":\"2025-01-23T10:47:21+00:00\",\"dateModified\":\"2025-01-25T10:48:49+00:00\",\"breadcrumb\":{\"@id\":\"https:\\\/\\\/lasentinelle.dz\\\/index.php\\\/2025\\\/01\\\/23\\\/sahel-le-niger-le-burkina-faso-et-le-mali-vont-deployer-une-force-conjointe-de-5-000-soldats\\\/#breadcrumb\"},\"inLanguage\":\"fr-FR\",\"potentialAction\":[{\"@type\":\"ReadAction\",\"target\":[\"https:\\\/\\\/lasentinelle.dz\\\/index.php\\\/2025\\\/01\\\/23\\\/sahel-le-niger-le-burkina-faso-et-le-mali-vont-deployer-une-force-conjointe-de-5-000-soldats\\\/\"]}]},{\"@type\":\"ImageObject\",\"inLanguage\":\"fr-FR\",\"@id\":\"https:\\\/\\\/lasentinelle.dz\\\/index.php\\\/2025\\\/01\\\/23\\\/sahel-le-niger-le-burkina-faso-et-le-mali-vont-deployer-une-force-conjointe-de-5-000-soldats\\\/#primaryimage\",\"url\":\"https:\\\/\\\/lasentinelle.dz\\\/wp-content\\\/uploads\\\/2024\\\/01\\\/burkina-1.jpeg\",\"contentUrl\":\"https:\\\/\\\/lasentinelle.dz\\\/wp-content\\\/uploads\\\/2024\\\/01\\\/burkina-1.jpeg\",\"width\":1280,\"height\":1280,\"caption\":\"Soldiers from Burkina Faso take part in a training with Austrian army instructors at the Kamboinse - General Bila Zagre military camp near Ouagadougo in Burkina Faso on April 13, 2018. - Some 1,500 African, American and European troops began maneuvers in Burkina Faso, western and northern Niger on April 12 to exercise against the terrorist threats hovering over these regions. (Photo by ISSOUF SANOGO \\\/ AFP)\"},{\"@type\":\"BreadcrumbList\",\"@id\":\"https:\\\/\\\/lasentinelle.dz\\\/index.php\\\/2025\\\/01\\\/23\\\/sahel-le-niger-le-burkina-faso-et-le-mali-vont-deployer-une-force-conjointe-de-5-000-soldats\\\/#breadcrumb\",\"itemListElement\":[{\"@type\":\"ListItem\",\"position\":1,\"name\":\"Accueil\",\"item\":\"https:\\\/\\\/lasentinelle.dz\\\/\"},{\"@type\":\"ListItem\",\"position\":2,\"name\":\"Sahel : Le Niger, le Burkina Faso et le Mali vont d\u00e9ployer une force conjointe de 5.000 soldats\"}]},{\"@type\":\"WebSite\",\"@id\":\"https:\\\/\\\/lasentinelle.dz\\\/#website\",\"url\":\"https:\\\/\\\/lasentinelle.dz\\\/\",\"name\":\"La Sentinelle\",\"description\":\"Quotidien national d&#039;information\",\"publisher\":{\"@id\":\"https:\\\/\\\/lasentinelle.dz\\\/#organization\"},\"potentialAction\":[{\"@type\":\"SearchAction\",\"target\":{\"@type\":\"EntryPoint\",\"urlTemplate\":\"https:\\\/\\\/lasentinelle.dz\\\/?s={search_term_string}\"},\"query-input\":{\"@type\":\"PropertyValueSpecification\",\"valueRequired\":true,\"valueName\":\"search_term_string\"}}],\"inLanguage\":\"fr-FR\"},{\"@type\":\"Organization\",\"@id\":\"https:\\\/\\\/lasentinelle.dz\\\/#organization\",\"name\":\"Quotidien La Sentinelle\",\"url\":\"https:\\\/\\\/lasentinelle.dz\\\/\",\"logo\":{\"@type\":\"ImageObject\",\"inLanguage\":\"fr-FR\",\"@id\":\"https:\\\/\\\/lasentinelle.dz\\\/#\\\/schema\\\/logo\\\/image\\\/\",\"url\":\"https:\\\/\\\/lasentinelle.dz\\\/wp-content\\\/uploads\\\/2021\\\/09\\\/logo-sentinelleSLOGAN-1.png\",\"contentUrl\":\"https:\\\/\\\/lasentinelle.dz\\\/wp-content\\\/uploads\\\/2021\\\/09\\\/logo-sentinelleSLOGAN-1.png\",\"width\":615,\"height\":142,\"caption\":\"Quotidien La Sentinelle\"},\"image\":{\"@id\":\"https:\\\/\\\/lasentinelle.dz\\\/#\\\/schema\\\/logo\\\/image\\\/\"},\"sameAs\":[\"https:\\\/\\\/www.facebook.com\\\/La-Sentinelle-104059864394773\"]},{\"@type\":\"Person\",\"@id\":\"https:\\\/\\\/lasentinelle.dz\\\/#\\\/schema\\\/person\\\/729ee0024f24e0b8c5ec17232f8e8b41\",\"name\":\"admin\",\"image\":{\"@type\":\"ImageObject\",\"inLanguage\":\"fr-FR\",\"@id\":\"https:\\\/\\\/secure.gravatar.com\\\/avatar\\\/4c81fed838786e9b53f540bf46533e750f5d292099ae3b66cfc6fb1982e29df7?s=96&d=mm&r=g\",\"url\":\"https:\\\/\\\/secure.gravatar.com\\\/avatar\\\/4c81fed838786e9b53f540bf46533e750f5d292099ae3b66cfc6fb1982e29df7?s=96&d=mm&r=g\",\"contentUrl\":\"https:\\\/\\\/secure.gravatar.com\\\/avatar\\\/4c81fed838786e9b53f540bf46533e750f5d292099ae3b66cfc6fb1982e29df7?s=96&d=mm&r=g\",\"caption\":\"admin\"},\"description\":\"admin\",\"url\":\"https:\\\/\\\/lasentinelle.dz\\\/author\\\/admin\\\/\"}]}<\/script>\n<!-- \/ Yoast SEO plugin. -->","yoast_head_json":{"title":"Sahel : Le Niger, le Burkina Faso et le Mali vont d\u00e9ployer une force conjointe de 5.000 soldats - La Sentinelle","robots":{"index":"index","follow":"follow","max-snippet":"max-snippet:-1","max-image-preview":"max-image-preview:large","max-video-preview":"max-video-preview:-1"},"canonical":"https:\/\/lasentinelle.dz\/index.php\/2025\/01\/23\/sahel-le-niger-le-burkina-faso-et-le-mali-vont-deployer-une-force-conjointe-de-5-000-soldats\/","og_locale":"fr_FR","og_type":"article","og_title":"Sahel : Le Niger, le Burkina Faso et le Mali vont d\u00e9ployer une force conjointe de 5.000 soldats - La Sentinelle","og_description":"Une force conjointe de 5.000 soldats du Niger, du Burkina Faso et du Mali, pays du Sahel dirig\u00e9s par des","og_url":"https:\/\/lasentinelle.dz\/index.php\/2025\/01\/23\/sahel-le-niger-le-burkina-faso-et-le-mali-vont-deployer-une-force-conjointe-de-5-000-soldats\/","og_site_name":"La Sentinelle","article_publisher":"https:\/\/www.facebook.com\/La-Sentinelle-104059864394773","article_published_time":"2025-01-23T10:47:21+00:00","article_modified_time":"2025-01-25T10:48:49+00:00","og_image":[{"width":1280,"height":1280,"url":"https:\/\/lasentinelle.dz\/wp-content\/uploads\/2024\/01\/burkina-1.jpeg","type":"image\/jpeg"}],"author":"admin","twitter_card":"summary_large_image","twitter_misc":{"\u00c9crit par":"admin","Dur\u00e9e de lecture estim\u00e9e":"2 minutes"},"schema":{"@context":"https:\/\/schema.org","@graph":[{"@type":"Article","@id":"https:\/\/lasentinelle.dz\/index.php\/2025\/01\/23\/sahel-le-niger-le-burkina-faso-et-le-mali-vont-deployer-une-force-conjointe-de-5-000-soldats\/#article","isPartOf":{"@id":"https:\/\/lasentinelle.dz\/index.php\/2025\/01\/23\/sahel-le-niger-le-burkina-faso-et-le-mali-vont-deployer-une-force-conjointe-de-5-000-soldats\/"},"author":{"name":"admin","@id":"https:\/\/lasentinelle.dz\/#\/schema\/person\/729ee0024f24e0b8c5ec17232f8e8b41"},"headline":"Sahel : Le Niger, le Burkina Faso et le Mali vont d\u00e9ployer une force conjointe de 5.000 soldats","datePublished":"2025-01-23T10:47:21+00:00","dateModified":"2025-01-25T10:48:49+00:00","mainEntityOfPage":{"@id":"https:\/\/lasentinelle.dz\/index.php\/2025\/01\/23\/sahel-le-niger-le-burkina-faso-et-le-mali-vont-deployer-une-force-conjointe-de-5-000-soldats\/"},"wordCount":340,"commentCount":0,"publisher":{"@id":"https:\/\/lasentinelle.dz\/#organization"},"image":{"@id":"https:\/\/lasentinelle.dz\/index.php\/2025\/01\/23\/sahel-le-niger-le-burkina-faso-et-le-mali-vont-deployer-une-force-conjointe-de-5-000-soldats\/#primaryimage"},"thumbnailUrl":"https:\/\/lasentinelle.dz\/wp-content\/uploads\/2024\/01\/burkina-1.jpeg","articleSection":["Monde"],"inLanguage":"fr-FR","potentialAction":[{"@type":"CommentAction","name":"Comment","target":["https:\/\/lasentinelle.dz\/index.php\/2025\/01\/23\/sahel-le-niger-le-burkina-faso-et-le-mali-vont-deployer-une-force-conjointe-de-5-000-soldats\/#respond"]}]},{"@type":"WebPage","@id":"https:\/\/lasentinelle.dz\/index.php\/2025\/01\/23\/sahel-le-niger-le-burkina-faso-et-le-mali-vont-deployer-une-force-conjointe-de-5-000-soldats\/","url":"https:\/\/lasentinelle.dz\/index.php\/2025\/01\/23\/sahel-le-niger-le-burkina-faso-et-le-mali-vont-deployer-une-force-conjointe-de-5-000-soldats\/","name":"Sahel : Le Niger, le Burkina Faso et le Mali vont d\u00e9ployer une force conjointe de 5.000 soldats - La Sentinelle","isPartOf":{"@id":"https:\/\/lasentinelle.dz\/#website"},"primaryImageOfPage":{"@id":"https:\/\/lasentinelle.dz\/index.php\/2025\/01\/23\/sahel-le-niger-le-burkina-faso-et-le-mali-vont-deployer-une-force-conjointe-de-5-000-soldats\/#primaryimage"},"image":{"@id":"https:\/\/lasentinelle.dz\/index.php\/2025\/01\/23\/sahel-le-niger-le-burkina-faso-et-le-mali-vont-deployer-une-force-conjointe-de-5-000-soldats\/#primaryimage"},"thumbnailUrl":"https:\/\/lasentinelle.dz\/wp-content\/uploads\/2024\/01\/burkina-1.jpeg","datePublished":"2025-01-23T10:47:21+00:00","dateModified":"2025-01-25T10:48:49+00:00","breadcrumb":{"@id":"https:\/\/lasentinelle.dz\/index.php\/2025\/01\/23\/sahel-le-niger-le-burkina-faso-et-le-mali-vont-deployer-une-force-conjointe-de-5-000-soldats\/#breadcrumb"},"inLanguage":"fr-FR","potentialAction":[{"@type":"ReadAction","target":["https:\/\/lasentinelle.dz\/index.php\/2025\/01\/23\/sahel-le-niger-le-burkina-faso-et-le-mali-vont-deployer-une-force-conjointe-de-5-000-soldats\/"]}]},{"@type":"ImageObject","inLanguage":"fr-FR","@id":"https:\/\/lasentinelle.dz\/index.php\/2025\/01\/23\/sahel-le-niger-le-burkina-faso-et-le-mali-vont-deployer-une-force-conjointe-de-5-000-soldats\/#primaryimage","url":"https:\/\/lasentinelle.dz\/wp-content\/uploads\/2024\/01\/burkina-1.jpeg","contentUrl":"https:\/\/lasentinelle.dz\/wp-content\/uploads\/2024\/01\/burkina-1.jpeg","width":1280,"height":1280,"caption":"Soldiers from Burkina Faso take part in a training with Austrian army instructors at the Kamboinse - General Bila Zagre military camp near Ouagadougo in Burkina Faso on April 13, 2018. - Some 1,500 African, American and European troops began maneuvers in Burkina Faso, western and northern Niger on April 12 to exercise against the terrorist threats hovering over these regions. (Photo by ISSOUF SANOGO \/ AFP)"},{"@type":"BreadcrumbList","@id":"https:\/\/lasentinelle.dz\/index.php\/2025\/01\/23\/sahel-le-niger-le-burkina-faso-et-le-mali-vont-deployer-une-force-conjointe-de-5-000-soldats\/#breadcrumb","itemListElement":[{"@type":"ListItem","position":1,"name":"Accueil","item":"https:\/\/lasentinelle.dz\/"},{"@type":"ListItem","position":2,"name":"Sahel : Le Niger, le Burkina Faso et le Mali vont d\u00e9ployer une force conjointe de 5.000 soldats"}]},{"@type":"WebSite","@id":"https:\/\/lasentinelle.dz\/#website","url":"https:\/\/lasentinelle.dz\/","name":"La Sentinelle","description":"Quotidien national d&#039;information","publisher":{"@id":"https:\/\/lasentinelle.dz\/#organization"},"potentialAction":[{"@type":"SearchAction","target":{"@type":"EntryPoint","urlTemplate":"https:\/\/lasentinelle.dz\/?s={search_term_string}"},"query-input":{"@type":"PropertyValueSpecification","valueRequired":true,"valueName":"search_term_string"}}],"inLanguage":"fr-FR"},{"@type":"Organization","@id":"https:\/\/lasentinelle.dz\/#organization","name":"Quotidien La Sentinelle","url":"https:\/\/lasentinelle.dz\/","logo":{"@type":"ImageObject","inLanguage":"fr-FR","@id":"https:\/\/lasentinelle.dz\/#\/schema\/logo\/image\/","url":"https:\/\/lasentinelle.dz\/wp-content\/uploads\/2021\/09\/logo-sentinelleSLOGAN-1.png","contentUrl":"https:\/\/lasentinelle.dz\/wp-content\/uploads\/2021\/09\/logo-sentinelleSLOGAN-1.png","width":615,"height":142,"caption":"Quotidien La Sentinelle"},"image":{"@id":"https:\/\/lasentinelle.dz\/#\/schema\/logo\/image\/"},"sameAs":["https:\/\/www.facebook.com\/La-Sentinelle-104059864394773"]},{"@type":"Person","@id":"https:\/\/lasentinelle.dz\/#\/schema\/person\/729ee0024f24e0b8c5ec17232f8e8b41","name":"admin","image":{"@type":"ImageObject","inLanguage":"fr-FR","@id":"https:\/\/secure.gravatar.com\/avatar\/4c81fed838786e9b53f540bf46533e750f5d292099ae3b66cfc6fb1982e29df7?s=96&d=mm&r=g","url":"https:\/\/secure.gravatar.com\/avatar\/4c81fed838786e9b53f540bf46533e750f5d292099ae3b66cfc6fb1982e29df7?s=96&d=mm&r=g","contentUrl":"https:\/\/secure.gravatar.com\/avatar\/4c81fed838786e9b53f540bf46533e750f5d292099ae3b66cfc6fb1982e29df7?s=96&d=mm&r=g","caption":"admin"},"description":"admin","url":"https:\/\/lasentinelle.dz\/author\/admin\/"}]}},"_links":{"self":[{"href":"https:\/\/lasentinelle.dz\/index.php\/wp-json\/wp\/v2\/posts\/61932","targetHints":{"allow":["GET"]}}],"collection":[{"href":"https:\/\/lasentinelle.dz\/index.php\/wp-json\/wp\/v2\/posts"}],"about":[{"href":"https:\/\/lasentinelle.dz\/index.php\/wp-json\/wp\/v2\/types\/post"}],"author":[{"embeddable":true,"href":"https:\/\/lasentinelle.dz\/index.php\/wp-json\/wp\/v2\/users\/6"}],"replies":[{"embeddable":true,"href":"https:\/\/lasentinelle.dz\/index.php\/wp-json\/wp\/v2\/comments?post=61932"}],"version-history":[{"count":1,"href":"https:\/\/lasentinelle.dz\/index.php\/wp-json\/wp\/v2\/posts\/61932\/revisions"}],"predecessor-version":[{"id":61933,"href":"https:\/\/lasentinelle.dz\/index.php\/wp-json\/wp\/v2\/posts\/61932\/revisions\/61933"}],"wp:featuredmedia":[{"embeddable":true,"href":"https:\/\/lasentinelle.dz\/index.php\/wp-json\/wp\/v2\/media\/48954"}],"wp:attachment":[{"href":"https:\/\/lasentinelle.dz\/index.php\/wp-json\/wp\/v2\/media?parent=61932"}],"wp:term":[{"taxonomy":"category","embeddable":true,"href":"https:\/\/lasentinelle.dz\/index.php\/wp-json\/wp\/v2\/categories?post=61932"},{"taxonomy":"post_tag","embeddable":true,"href":"https:\/\/lasentinelle.dz\/index.php\/wp-json\/wp\/v2\/tags?post=61932"}],"curies":[{"name":"wp","href":"https:\/\/api.w.org\/{rel}","templated":true}]}}