{"id":61939,"date":"2025-01-23T11:53:15","date_gmt":"2025-01-23T10:53:15","guid":{"rendered":"https:\/\/lasentinelle.dz\/?p=61939"},"modified":"2025-01-25T11:54:12","modified_gmt":"2025-01-25T10:54:12","slug":"grille-des-programmes-tv-pour-le-ramadan-lentv-mise-sur-la-diversite","status":"publish","type":"post","link":"https:\/\/lasentinelle.dz\/index.php\/2025\/01\/23\/grille-des-programmes-tv-pour-le-ramadan-lentv-mise-sur-la-diversite\/","title":{"rendered":"Grille des programmes TV pour le Ramadan: L\u2019ENTV mise sur la diversit\u00e9"},"content":{"rendered":"\n<p>\u00c0 l&rsquo;approche du mois sacr\u00e9 de Ramadan 2025, qui correspond \u00e0 l&rsquo;ann\u00e9e 1446 du calendrier h\u00e9girien, la T\u00e9l\u00e9vision alg\u00e9rienne vient de lever le voile sur sa nouvelle grille de programmes durant cette p\u00e9riode, lors d&rsquo;une c\u00e9r\u00e9monie organis\u00e9e \u00e0 l&rsquo;h\u00f4tel El Aurassi d&rsquo;Alger. L&rsquo;\u00e9v\u00e9nement, qui t\u00e9moigne de l&rsquo;importance accord\u00e9e \u00e0 cette programmation sp\u00e9ciale, s&rsquo;est d\u00e9roul\u00e9 en pr\u00e9sence de plusieurs personnalit\u00e9s de premier plan, notamment Kamel Sidi Sa\u00efd, conseiller du pr\u00e9sident de la R\u00e9publique charg\u00e9 de la direction g\u00e9n\u00e9rale de la communication, et Youcef Belmehdi, ministre des Affaires religieuses et des Wakfs. C&rsquo;est dans ce contexte solennel que Mohamed Baghali, directeur g\u00e9n\u00e9ral de la T\u00e9l\u00e9vision alg\u00e9rienne, a pr\u00e9sent\u00e9 cette nouvelle programmation plac\u00e9e sous le slogan \u00e9vocateur \u00ab\u00a0Ramadan Yelamna\u00a0\u00bb (Ramadan nous rassemble). Cette formule traduit parfaitement l&rsquo;ambition de la cha\u00eene de cr\u00e9er du lien social durant cette p\u00e9riode particuli\u00e8re de l&rsquo;ann\u00e9e. Dans son allocution, le directeur g\u00e9n\u00e9ral de l\u2019EPTV a particuli\u00e8rement insist\u00e9 sur la place centrale qu&rsquo;occupe la t\u00e9l\u00e9vision dans le quotidien des Alg\u00e9riens, soulignant que \u00ab\u00a0l&rsquo;\u00e9cran de t\u00e9l\u00e9vision, \u00e0 travers ses diff\u00e9rentes cha\u00eenes, continue de se d\u00e9marquer et reste le meilleur et le plus proche du c\u0153ur et des pr\u00e9occupations des individus et des familles alg\u00e9riennes\u00a0\u00bb. Cette proximit\u00e9 prend une dimension encore plus significative pendant le mois de Ramadan, p\u00e9riode traditionnellement marqu\u00e9e par un pic d&rsquo;audience t\u00e9l\u00e9visuelle.<\/p>\n\n\n\n<p>La nouvelle grille de programmes se veut le reflet de cet engagement fort envers le public alg\u00e9rien. Mohamed Baghali a mis l&rsquo;accent sur \u00ab\u00a0l&rsquo;effort et l&rsquo;engagement\u00a0\u00bb d\u00e9ploy\u00e9s pour r\u00e9pondre au mieux aux attentes des t\u00e9l\u00e9spectateurs. Il a notamment soulign\u00e9 que l&rsquo;ensemble des contenus propos\u00e9s se caract\u00e9rise par \u00ab\u00a0la diversit\u00e9, la richesse et la l\u00e9g\u00e8ret\u00e9\u00a0\u00bb, trois crit\u00e8res essentiels pour satisfaire un public large et vari\u00e9. Cette approche s&rsquo;inscrit dans une volont\u00e9 affirm\u00e9e de \u00ab\u00a0proposer un contenu en harmonie avec les go\u00fbts du grand public, tout en contribuant \u00e0 son raffinement et en respectant les valeurs et les r\u00e9f\u00e9rences fondamentales de la soci\u00e9t\u00e9 alg\u00e9rienne\u00a0\u00bb. L&rsquo;une des innovations majeures de cette programmation 2025 r\u00e9side dans la production in\u00e9dite de s\u00e9ries en diff\u00e9rentes variantes de la langue amazighe. Cette initiative historique, qui comprend des productions en kabyle, chaoui, mzab et chenoui, t\u00e9moigne de la volont\u00e9 de la t\u00e9l\u00e9vision publique de refl\u00e9ter la diversit\u00e9 linguistique et culturelle de l&rsquo;Alg\u00e9rie. Ces productions s&rsquo;ajoutent au catalogue traditionnel des programmes en langue arabe, enrichissant ainsi consid\u00e9rablement l&rsquo;offre propos\u00e9e aux t\u00e9l\u00e9spectateurs. Mohamed Baghali a \u00e9galement tenu \u00e0 souligner l&rsquo;attention particuli\u00e8re port\u00e9e aux valeurs v\u00e9hicul\u00e9es par les programmes. Selon ses propos, le contenu propos\u00e9 \u00ab\u00a0v\u00e9hicule l&rsquo;espoir, ne porte pas atteinte \u00e0 la pudeur, ne heurte pas les bonnes m\u0153urs, et ne fait pas l&rsquo;apologie de la violence ou des d\u00e9viances\u00a0\u00bb. Cette ligne \u00e9ditoriale refl\u00e8te la responsabilit\u00e9 sociale assum\u00e9e par la t\u00e9l\u00e9vision publique.<\/p>\n\n\n\n<p><strong>De nombreuses nouveaut\u00e9s<\/strong><\/p>\n\n\n\n<p>Sur le plan des contenus, la programmation s&rsquo;articule autour de plusieurs axes majeurs. Dans le registre dramatique, on trouve notamment \u00ab\u00a0Al Firaq\u00a0\u00bb, une s\u00e9rie r\u00e9alis\u00e9e par Youcef Mahsas qui explore les th\u00e9matiques de l&rsquo;amiti\u00e9 et de la trahison. Les productions en langues amazighes sont repr\u00e9sent\u00e9es par \u00ab\u00a0Ilan N&rsquo;Thmadhourth\u00a0\u00bb (Les Virages de la vie) en chaoui et \u00ab\u00a0Aba ou Ndhel\u00a0\u00bb en variante mzab. La grille fait \u00e9galement place \u00e0 des productions \u00e9trang\u00e8res comme la s\u00e9rie syrienne \u00ab\u00a0Mal Al-Qaban\u00a0\u00bb, qui aborde les relations interg\u00e9n\u00e9rationnelles et les aspirations de la jeunesse. L&rsquo;humour n&rsquo;est pas en reste avec des sitcoms comme \u00ab\u00a0Dari Sakenha Djinn\u00a0\u00bb, qui suit les p\u00e9rip\u00e9ties d&rsquo;un personnage aux prises avec des troubles psychologiques, ou encore \u00ab\u00a0Fiha ou Aliha\u00a0\u00bb, une com\u00e9die qui pose un regard amus\u00e9 sur les relations conjugales et leurs \u00e9cueils. Ces productions permettent d&rsquo;aborder des sujets de soci\u00e9t\u00e9 sensibles \u00e0 travers le prisme de l&rsquo;humour.<\/p>\n\n\n\n<p>La dimension spirituelle, particuli\u00e8rement importante pendant le Ramadan, est servie par plusieurs programmes de qualit\u00e9. La cha\u00eene diffusera notamment \u00ab\u00a0Ad-Dourous Al-Mohammadia\u00a0\u00bb, une s\u00e9rie d&rsquo;enseignements inspir\u00e9s de la vie du Proph\u00e8te Mohammed, pr\u00e9sent\u00e9e dans le cadre du 17\u1d49 colloque de la Zaou\u00efa Belka\u00efdia d&rsquo;Oran. Le traditionnel concours de m\u00e9morisation du Coran \u00ab\u00a0Taj Al-Qur&rsquo;an\u00a0\u00bb revient pour sa 14\u1d49 \u00e9dition, tandis que \u00ab\u00a0Hadi Al-Arwah\u00a0\u00bb propose un concours de chants et d&rsquo;\u00e9loges religieux. Le divertissement culturel n&rsquo;est pas oubli\u00e9 avec des \u00e9missions comme \u00ab\u00a0Dhahka ou Farja\u00a0\u00bb, anim\u00e9e par le trio Hamid Achouri, Yamna et Amine Boumediene, ou encore \u00ab\u00a0All\u00f4 Kamal\u00a0\u00bb avec l&rsquo;humoriste Kamal Bouakkaz. La musique trouve sa place avec \u00ab\u00a0Maestro\u00a0\u00bb, une \u00e9mission qui met en lumi\u00e8re les compositeurs et chefs d&rsquo;orchestre alg\u00e9riens, tandis que \u00ab\u00a0Qahwat Al-Fananin\u00a0\u00bb propose des rencontres intimistes avec des artistes. Cette programmation ambitieuse, diffus\u00e9e sur les neuf cha\u00eenes de la T\u00e9l\u00e9vision alg\u00e9rienne, fait \u00e9galement la part belle aux traditions culinaires du pays, avec des \u00e9missions explorant la richesse gastronomique des diff\u00e9rentes r\u00e9gions. Des programmes scientifiques et culturels viennent compl\u00e9ter cette offre en mettant en valeur le patrimoine civilisationnel alg\u00e9rien et islamique. \u00c0 travers cette grille de programmes particuli\u00e8rement riche, la T\u00e9l\u00e9vision alg\u00e9rienne affirme sa volont\u00e9 de remplir pleinement sa mission de service public, en proposant des contenus qui allient divertissement, culture et spiritualit\u00e9, tout en respectant les valeurs fondamentales de la soci\u00e9t\u00e9 alg\u00e9rienne. Cette programmation sp\u00e9ciale Ramadan 2025 s&rsquo;annonce comme un rendez-vous important pour les t\u00e9l\u00e9spectateurs alg\u00e9riens, fid\u00e8le \u00e0 sa promesse de rassemblement et de partage incarn\u00e9e par son slogan \u00ab\u00a0Ramadan Yelamna\u00a0\u00bb.<\/p>\n\n\n\n<p><strong>Mohand Seghir<\/strong><\/p>\n","protected":false},"excerpt":{"rendered":"<p>\u00c0 l&rsquo;approche du mois sacr\u00e9 de Ramadan 2025, qui correspond \u00e0 l&rsquo;ann\u00e9e 1446 du calendrier h\u00e9girien, la T\u00e9l\u00e9vision alg\u00e9rienne vient<\/p>\n","protected":false},"author":6,"featured_media":61940,"comment_status":"open","ping_status":"closed","sticky":false,"template":"","format":"standard","meta":{"colormag_page_container_layout":"default_layout","colormag_page_sidebar_layout":"default_layout","om_disable_all_campaigns":false,"_monsterinsights_skip_tracking":false,"_monsterinsights_sitenote_active":false,"_monsterinsights_sitenote_note":"","_monsterinsights_sitenote_category":0,"footnotes":"","_wpscppro_dont_share_socialmedia":false,"_wpscppro_custom_social_share_image":0,"_facebook_share_type":"default","_twitter_share_type":"default","_linkedin_share_type":"default","_pinterest_share_type":"default","_linkedin_share_type_page":"","_instagram_share_type":"default","_medium_share_type":"default","_threads_share_type":"","_google_business_share_type":"","_selected_social_profile":[],"_wpsp_enable_custom_social_template":false,"_wpsp_social_scheduling":{"enabled":false,"datetime":null,"platforms":[],"status":"template_only","dateOption":"today","timeOption":"now","customDays":"","customHours":"","customDate":"","customTime":"","schedulingType":"absolute"},"_wpsp_active_default_template":true},"categories":[36],"tags":[],"class_list":["post-61939","post","type-post","status-publish","format-standard","has-post-thumbnail","hentry","category-culture"],"aioseo_notices":[],"yoast_head":"<!-- This site is optimized with the Yoast SEO plugin v27.5 - https:\/\/yoast.com\/product\/yoast-seo-wordpress\/ -->\n<title>Grille des programmes TV pour le Ramadan: L\u2019ENTV mise sur la diversit\u00e9 - La Sentinelle<\/title>\n<meta name=\"robots\" content=\"index, follow, max-snippet:-1, max-image-preview:large, max-video-preview:-1\" \/>\n<link rel=\"canonical\" href=\"https:\/\/lasentinelle.dz\/index.php\/2025\/01\/23\/grille-des-programmes-tv-pour-le-ramadan-lentv-mise-sur-la-diversite\/\" \/>\n<meta property=\"og:locale\" content=\"fr_FR\" \/>\n<meta property=\"og:type\" content=\"article\" \/>\n<meta property=\"og:title\" content=\"Grille des programmes TV pour le Ramadan: L\u2019ENTV mise sur la diversit\u00e9 - La Sentinelle\" \/>\n<meta property=\"og:description\" content=\"\u00c0 l&rsquo;approche du mois sacr\u00e9 de Ramadan 2025, qui correspond \u00e0 l&rsquo;ann\u00e9e 1446 du calendrier h\u00e9girien, la T\u00e9l\u00e9vision alg\u00e9rienne vient\" \/>\n<meta property=\"og:url\" content=\"https:\/\/lasentinelle.dz\/index.php\/2025\/01\/23\/grille-des-programmes-tv-pour-le-ramadan-lentv-mise-sur-la-diversite\/\" \/>\n<meta property=\"og:site_name\" content=\"La Sentinelle\" \/>\n<meta property=\"article:publisher\" content=\"https:\/\/www.facebook.com\/La-Sentinelle-104059864394773\" \/>\n<meta property=\"article:published_time\" content=\"2025-01-23T10:53:15+00:00\" \/>\n<meta property=\"article:modified_time\" content=\"2025-01-25T10:54:12+00:00\" \/>\n<meta property=\"og:image\" content=\"https:\/\/lasentinelle.dz\/wp-content\/uploads\/2025\/01\/television.jpeg\" \/>\n\t<meta property=\"og:image:width\" content=\"1280\" \/>\n\t<meta property=\"og:image:height\" content=\"720\" \/>\n\t<meta property=\"og:image:type\" content=\"image\/jpeg\" \/>\n<meta name=\"author\" content=\"admin\" \/>\n<meta name=\"twitter:card\" content=\"summary_large_image\" \/>\n<meta name=\"twitter:label1\" content=\"\u00c9crit par\" \/>\n\t<meta name=\"twitter:data1\" content=\"admin\" \/>\n\t<meta name=\"twitter:label2\" content=\"Dur\u00e9e de lecture estim\u00e9e\" \/>\n\t<meta name=\"twitter:data2\" content=\"5 minutes\" \/>\n<script type=\"application\/ld+json\" class=\"yoast-schema-graph\">{\"@context\":\"https:\\\/\\\/schema.org\",\"@graph\":[{\"@type\":\"Article\",\"@id\":\"https:\\\/\\\/lasentinelle.dz\\\/index.php\\\/2025\\\/01\\\/23\\\/grille-des-programmes-tv-pour-le-ramadan-lentv-mise-sur-la-diversite\\\/#article\",\"isPartOf\":{\"@id\":\"https:\\\/\\\/lasentinelle.dz\\\/index.php\\\/2025\\\/01\\\/23\\\/grille-des-programmes-tv-pour-le-ramadan-lentv-mise-sur-la-diversite\\\/\"},\"author\":{\"name\":\"admin\",\"@id\":\"https:\\\/\\\/lasentinelle.dz\\\/#\\\/schema\\\/person\\\/729ee0024f24e0b8c5ec17232f8e8b41\"},\"headline\":\"Grille des programmes TV pour le Ramadan: L\u2019ENTV mise sur la diversit\u00e9\",\"datePublished\":\"2025-01-23T10:53:15+00:00\",\"dateModified\":\"2025-01-25T10:54:12+00:00\",\"mainEntityOfPage\":{\"@id\":\"https:\\\/\\\/lasentinelle.dz\\\/index.php\\\/2025\\\/01\\\/23\\\/grille-des-programmes-tv-pour-le-ramadan-lentv-mise-sur-la-diversite\\\/\"},\"wordCount\":1030,\"commentCount\":0,\"publisher\":{\"@id\":\"https:\\\/\\\/lasentinelle.dz\\\/#organization\"},\"image\":{\"@id\":\"https:\\\/\\\/lasentinelle.dz\\\/index.php\\\/2025\\\/01\\\/23\\\/grille-des-programmes-tv-pour-le-ramadan-lentv-mise-sur-la-diversite\\\/#primaryimage\"},\"thumbnailUrl\":\"https:\\\/\\\/lasentinelle.dz\\\/wp-content\\\/uploads\\\/2025\\\/01\\\/television.jpeg\",\"articleSection\":[\"Culture\"],\"inLanguage\":\"fr-FR\",\"potentialAction\":[{\"@type\":\"CommentAction\",\"name\":\"Comment\",\"target\":[\"https:\\\/\\\/lasentinelle.dz\\\/index.php\\\/2025\\\/01\\\/23\\\/grille-des-programmes-tv-pour-le-ramadan-lentv-mise-sur-la-diversite\\\/#respond\"]}]},{\"@type\":\"WebPage\",\"@id\":\"https:\\\/\\\/lasentinelle.dz\\\/index.php\\\/2025\\\/01\\\/23\\\/grille-des-programmes-tv-pour-le-ramadan-lentv-mise-sur-la-diversite\\\/\",\"url\":\"https:\\\/\\\/lasentinelle.dz\\\/index.php\\\/2025\\\/01\\\/23\\\/grille-des-programmes-tv-pour-le-ramadan-lentv-mise-sur-la-diversite\\\/\",\"name\":\"Grille des programmes TV pour le Ramadan: L\u2019ENTV mise sur la diversit\u00e9 - La Sentinelle\",\"isPartOf\":{\"@id\":\"https:\\\/\\\/lasentinelle.dz\\\/#website\"},\"primaryImageOfPage\":{\"@id\":\"https:\\\/\\\/lasentinelle.dz\\\/index.php\\\/2025\\\/01\\\/23\\\/grille-des-programmes-tv-pour-le-ramadan-lentv-mise-sur-la-diversite\\\/#primaryimage\"},\"image\":{\"@id\":\"https:\\\/\\\/lasentinelle.dz\\\/index.php\\\/2025\\\/01\\\/23\\\/grille-des-programmes-tv-pour-le-ramadan-lentv-mise-sur-la-diversite\\\/#primaryimage\"},\"thumbnailUrl\":\"https:\\\/\\\/lasentinelle.dz\\\/wp-content\\\/uploads\\\/2025\\\/01\\\/television.jpeg\",\"datePublished\":\"2025-01-23T10:53:15+00:00\",\"dateModified\":\"2025-01-25T10:54:12+00:00\",\"breadcrumb\":{\"@id\":\"https:\\\/\\\/lasentinelle.dz\\\/index.php\\\/2025\\\/01\\\/23\\\/grille-des-programmes-tv-pour-le-ramadan-lentv-mise-sur-la-diversite\\\/#breadcrumb\"},\"inLanguage\":\"fr-FR\",\"potentialAction\":[{\"@type\":\"ReadAction\",\"target\":[\"https:\\\/\\\/lasentinelle.dz\\\/index.php\\\/2025\\\/01\\\/23\\\/grille-des-programmes-tv-pour-le-ramadan-lentv-mise-sur-la-diversite\\\/\"]}]},{\"@type\":\"ImageObject\",\"inLanguage\":\"fr-FR\",\"@id\":\"https:\\\/\\\/lasentinelle.dz\\\/index.php\\\/2025\\\/01\\\/23\\\/grille-des-programmes-tv-pour-le-ramadan-lentv-mise-sur-la-diversite\\\/#primaryimage\",\"url\":\"https:\\\/\\\/lasentinelle.dz\\\/wp-content\\\/uploads\\\/2025\\\/01\\\/television.jpeg\",\"contentUrl\":\"https:\\\/\\\/lasentinelle.dz\\\/wp-content\\\/uploads\\\/2025\\\/01\\\/television.jpeg\",\"width\":1280,\"height\":720},{\"@type\":\"BreadcrumbList\",\"@id\":\"https:\\\/\\\/lasentinelle.dz\\\/index.php\\\/2025\\\/01\\\/23\\\/grille-des-programmes-tv-pour-le-ramadan-lentv-mise-sur-la-diversite\\\/#breadcrumb\",\"itemListElement\":[{\"@type\":\"ListItem\",\"position\":1,\"name\":\"Accueil\",\"item\":\"https:\\\/\\\/lasentinelle.dz\\\/\"},{\"@type\":\"ListItem\",\"position\":2,\"name\":\"Grille des programmes TV pour le Ramadan: L\u2019ENTV mise sur la diversit\u00e9\"}]},{\"@type\":\"WebSite\",\"@id\":\"https:\\\/\\\/lasentinelle.dz\\\/#website\",\"url\":\"https:\\\/\\\/lasentinelle.dz\\\/\",\"name\":\"La Sentinelle\",\"description\":\"Quotidien national d&#039;information\",\"publisher\":{\"@id\":\"https:\\\/\\\/lasentinelle.dz\\\/#organization\"},\"potentialAction\":[{\"@type\":\"SearchAction\",\"target\":{\"@type\":\"EntryPoint\",\"urlTemplate\":\"https:\\\/\\\/lasentinelle.dz\\\/?s={search_term_string}\"},\"query-input\":{\"@type\":\"PropertyValueSpecification\",\"valueRequired\":true,\"valueName\":\"search_term_string\"}}],\"inLanguage\":\"fr-FR\"},{\"@type\":\"Organization\",\"@id\":\"https:\\\/\\\/lasentinelle.dz\\\/#organization\",\"name\":\"Quotidien La Sentinelle\",\"url\":\"https:\\\/\\\/lasentinelle.dz\\\/\",\"logo\":{\"@type\":\"ImageObject\",\"inLanguage\":\"fr-FR\",\"@id\":\"https:\\\/\\\/lasentinelle.dz\\\/#\\\/schema\\\/logo\\\/image\\\/\",\"url\":\"https:\\\/\\\/lasentinelle.dz\\\/wp-content\\\/uploads\\\/2021\\\/09\\\/logo-sentinelleSLOGAN-1.png\",\"contentUrl\":\"https:\\\/\\\/lasentinelle.dz\\\/wp-content\\\/uploads\\\/2021\\\/09\\\/logo-sentinelleSLOGAN-1.png\",\"width\":615,\"height\":142,\"caption\":\"Quotidien La Sentinelle\"},\"image\":{\"@id\":\"https:\\\/\\\/lasentinelle.dz\\\/#\\\/schema\\\/logo\\\/image\\\/\"},\"sameAs\":[\"https:\\\/\\\/www.facebook.com\\\/La-Sentinelle-104059864394773\"]},{\"@type\":\"Person\",\"@id\":\"https:\\\/\\\/lasentinelle.dz\\\/#\\\/schema\\\/person\\\/729ee0024f24e0b8c5ec17232f8e8b41\",\"name\":\"admin\",\"image\":{\"@type\":\"ImageObject\",\"inLanguage\":\"fr-FR\",\"@id\":\"https:\\\/\\\/secure.gravatar.com\\\/avatar\\\/4c81fed838786e9b53f540bf46533e750f5d292099ae3b66cfc6fb1982e29df7?s=96&d=mm&r=g\",\"url\":\"https:\\\/\\\/secure.gravatar.com\\\/avatar\\\/4c81fed838786e9b53f540bf46533e750f5d292099ae3b66cfc6fb1982e29df7?s=96&d=mm&r=g\",\"contentUrl\":\"https:\\\/\\\/secure.gravatar.com\\\/avatar\\\/4c81fed838786e9b53f540bf46533e750f5d292099ae3b66cfc6fb1982e29df7?s=96&d=mm&r=g\",\"caption\":\"admin\"},\"description\":\"admin\",\"url\":\"https:\\\/\\\/lasentinelle.dz\\\/author\\\/admin\\\/\"}]}<\/script>\n<!-- \/ Yoast SEO plugin. -->","yoast_head_json":{"title":"Grille des programmes TV pour le Ramadan: L\u2019ENTV mise sur la diversit\u00e9 - La Sentinelle","robots":{"index":"index","follow":"follow","max-snippet":"max-snippet:-1","max-image-preview":"max-image-preview:large","max-video-preview":"max-video-preview:-1"},"canonical":"https:\/\/lasentinelle.dz\/index.php\/2025\/01\/23\/grille-des-programmes-tv-pour-le-ramadan-lentv-mise-sur-la-diversite\/","og_locale":"fr_FR","og_type":"article","og_title":"Grille des programmes TV pour le Ramadan: L\u2019ENTV mise sur la diversit\u00e9 - La Sentinelle","og_description":"\u00c0 l&rsquo;approche du mois sacr\u00e9 de Ramadan 2025, qui correspond \u00e0 l&rsquo;ann\u00e9e 1446 du calendrier h\u00e9girien, la T\u00e9l\u00e9vision alg\u00e9rienne vient","og_url":"https:\/\/lasentinelle.dz\/index.php\/2025\/01\/23\/grille-des-programmes-tv-pour-le-ramadan-lentv-mise-sur-la-diversite\/","og_site_name":"La Sentinelle","article_publisher":"https:\/\/www.facebook.com\/La-Sentinelle-104059864394773","article_published_time":"2025-01-23T10:53:15+00:00","article_modified_time":"2025-01-25T10:54:12+00:00","og_image":[{"width":1280,"height":720,"url":"https:\/\/lasentinelle.dz\/wp-content\/uploads\/2025\/01\/television.jpeg","type":"image\/jpeg"}],"author":"admin","twitter_card":"summary_large_image","twitter_misc":{"\u00c9crit par":"admin","Dur\u00e9e de lecture estim\u00e9e":"5 minutes"},"schema":{"@context":"https:\/\/schema.org","@graph":[{"@type":"Article","@id":"https:\/\/lasentinelle.dz\/index.php\/2025\/01\/23\/grille-des-programmes-tv-pour-le-ramadan-lentv-mise-sur-la-diversite\/#article","isPartOf":{"@id":"https:\/\/lasentinelle.dz\/index.php\/2025\/01\/23\/grille-des-programmes-tv-pour-le-ramadan-lentv-mise-sur-la-diversite\/"},"author":{"name":"admin","@id":"https:\/\/lasentinelle.dz\/#\/schema\/person\/729ee0024f24e0b8c5ec17232f8e8b41"},"headline":"Grille des programmes TV pour le Ramadan: L\u2019ENTV mise sur la diversit\u00e9","datePublished":"2025-01-23T10:53:15+00:00","dateModified":"2025-01-25T10:54:12+00:00","mainEntityOfPage":{"@id":"https:\/\/lasentinelle.dz\/index.php\/2025\/01\/23\/grille-des-programmes-tv-pour-le-ramadan-lentv-mise-sur-la-diversite\/"},"wordCount":1030,"commentCount":0,"publisher":{"@id":"https:\/\/lasentinelle.dz\/#organization"},"image":{"@id":"https:\/\/lasentinelle.dz\/index.php\/2025\/01\/23\/grille-des-programmes-tv-pour-le-ramadan-lentv-mise-sur-la-diversite\/#primaryimage"},"thumbnailUrl":"https:\/\/lasentinelle.dz\/wp-content\/uploads\/2025\/01\/television.jpeg","articleSection":["Culture"],"inLanguage":"fr-FR","potentialAction":[{"@type":"CommentAction","name":"Comment","target":["https:\/\/lasentinelle.dz\/index.php\/2025\/01\/23\/grille-des-programmes-tv-pour-le-ramadan-lentv-mise-sur-la-diversite\/#respond"]}]},{"@type":"WebPage","@id":"https:\/\/lasentinelle.dz\/index.php\/2025\/01\/23\/grille-des-programmes-tv-pour-le-ramadan-lentv-mise-sur-la-diversite\/","url":"https:\/\/lasentinelle.dz\/index.php\/2025\/01\/23\/grille-des-programmes-tv-pour-le-ramadan-lentv-mise-sur-la-diversite\/","name":"Grille des programmes TV pour le Ramadan: L\u2019ENTV mise sur la diversit\u00e9 - La Sentinelle","isPartOf":{"@id":"https:\/\/lasentinelle.dz\/#website"},"primaryImageOfPage":{"@id":"https:\/\/lasentinelle.dz\/index.php\/2025\/01\/23\/grille-des-programmes-tv-pour-le-ramadan-lentv-mise-sur-la-diversite\/#primaryimage"},"image":{"@id":"https:\/\/lasentinelle.dz\/index.php\/2025\/01\/23\/grille-des-programmes-tv-pour-le-ramadan-lentv-mise-sur-la-diversite\/#primaryimage"},"thumbnailUrl":"https:\/\/lasentinelle.dz\/wp-content\/uploads\/2025\/01\/television.jpeg","datePublished":"2025-01-23T10:53:15+00:00","dateModified":"2025-01-25T10:54:12+00:00","breadcrumb":{"@id":"https:\/\/lasentinelle.dz\/index.php\/2025\/01\/23\/grille-des-programmes-tv-pour-le-ramadan-lentv-mise-sur-la-diversite\/#breadcrumb"},"inLanguage":"fr-FR","potentialAction":[{"@type":"ReadAction","target":["https:\/\/lasentinelle.dz\/index.php\/2025\/01\/23\/grille-des-programmes-tv-pour-le-ramadan-lentv-mise-sur-la-diversite\/"]}]},{"@type":"ImageObject","inLanguage":"fr-FR","@id":"https:\/\/lasentinelle.dz\/index.php\/2025\/01\/23\/grille-des-programmes-tv-pour-le-ramadan-lentv-mise-sur-la-diversite\/#primaryimage","url":"https:\/\/lasentinelle.dz\/wp-content\/uploads\/2025\/01\/television.jpeg","contentUrl":"https:\/\/lasentinelle.dz\/wp-content\/uploads\/2025\/01\/television.jpeg","width":1280,"height":720},{"@type":"BreadcrumbList","@id":"https:\/\/lasentinelle.dz\/index.php\/2025\/01\/23\/grille-des-programmes-tv-pour-le-ramadan-lentv-mise-sur-la-diversite\/#breadcrumb","itemListElement":[{"@type":"ListItem","position":1,"name":"Accueil","item":"https:\/\/lasentinelle.dz\/"},{"@type":"ListItem","position":2,"name":"Grille des programmes TV pour le Ramadan: L\u2019ENTV mise sur la diversit\u00e9"}]},{"@type":"WebSite","@id":"https:\/\/lasentinelle.dz\/#website","url":"https:\/\/lasentinelle.dz\/","name":"La Sentinelle","description":"Quotidien national d&#039;information","publisher":{"@id":"https:\/\/lasentinelle.dz\/#organization"},"potentialAction":[{"@type":"SearchAction","target":{"@type":"EntryPoint","urlTemplate":"https:\/\/lasentinelle.dz\/?s={search_term_string}"},"query-input":{"@type":"PropertyValueSpecification","valueRequired":true,"valueName":"search_term_string"}}],"inLanguage":"fr-FR"},{"@type":"Organization","@id":"https:\/\/lasentinelle.dz\/#organization","name":"Quotidien La Sentinelle","url":"https:\/\/lasentinelle.dz\/","logo":{"@type":"ImageObject","inLanguage":"fr-FR","@id":"https:\/\/lasentinelle.dz\/#\/schema\/logo\/image\/","url":"https:\/\/lasentinelle.dz\/wp-content\/uploads\/2021\/09\/logo-sentinelleSLOGAN-1.png","contentUrl":"https:\/\/lasentinelle.dz\/wp-content\/uploads\/2021\/09\/logo-sentinelleSLOGAN-1.png","width":615,"height":142,"caption":"Quotidien La Sentinelle"},"image":{"@id":"https:\/\/lasentinelle.dz\/#\/schema\/logo\/image\/"},"sameAs":["https:\/\/www.facebook.com\/La-Sentinelle-104059864394773"]},{"@type":"Person","@id":"https:\/\/lasentinelle.dz\/#\/schema\/person\/729ee0024f24e0b8c5ec17232f8e8b41","name":"admin","image":{"@type":"ImageObject","inLanguage":"fr-FR","@id":"https:\/\/secure.gravatar.com\/avatar\/4c81fed838786e9b53f540bf46533e750f5d292099ae3b66cfc6fb1982e29df7?s=96&d=mm&r=g","url":"https:\/\/secure.gravatar.com\/avatar\/4c81fed838786e9b53f540bf46533e750f5d292099ae3b66cfc6fb1982e29df7?s=96&d=mm&r=g","contentUrl":"https:\/\/secure.gravatar.com\/avatar\/4c81fed838786e9b53f540bf46533e750f5d292099ae3b66cfc6fb1982e29df7?s=96&d=mm&r=g","caption":"admin"},"description":"admin","url":"https:\/\/lasentinelle.dz\/author\/admin\/"}]}},"_links":{"self":[{"href":"https:\/\/lasentinelle.dz\/index.php\/wp-json\/wp\/v2\/posts\/61939","targetHints":{"allow":["GET"]}}],"collection":[{"href":"https:\/\/lasentinelle.dz\/index.php\/wp-json\/wp\/v2\/posts"}],"about":[{"href":"https:\/\/lasentinelle.dz\/index.php\/wp-json\/wp\/v2\/types\/post"}],"author":[{"embeddable":true,"href":"https:\/\/lasentinelle.dz\/index.php\/wp-json\/wp\/v2\/users\/6"}],"replies":[{"embeddable":true,"href":"https:\/\/lasentinelle.dz\/index.php\/wp-json\/wp\/v2\/comments?post=61939"}],"version-history":[{"count":1,"href":"https:\/\/lasentinelle.dz\/index.php\/wp-json\/wp\/v2\/posts\/61939\/revisions"}],"predecessor-version":[{"id":61941,"href":"https:\/\/lasentinelle.dz\/index.php\/wp-json\/wp\/v2\/posts\/61939\/revisions\/61941"}],"wp:featuredmedia":[{"embeddable":true,"href":"https:\/\/lasentinelle.dz\/index.php\/wp-json\/wp\/v2\/media\/61940"}],"wp:attachment":[{"href":"https:\/\/lasentinelle.dz\/index.php\/wp-json\/wp\/v2\/media?parent=61939"}],"wp:term":[{"taxonomy":"category","embeddable":true,"href":"https:\/\/lasentinelle.dz\/index.php\/wp-json\/wp\/v2\/categories?post=61939"},{"taxonomy":"post_tag","embeddable":true,"href":"https:\/\/lasentinelle.dz\/index.php\/wp-json\/wp\/v2\/tags?post=61939"}],"curies":[{"name":"wp","href":"https:\/\/api.w.org\/{rel}","templated":true}]}}