{"id":61997,"date":"2025-01-22T12:41:54","date_gmt":"2025-01-22T11:41:54","guid":{"rendered":"https:\/\/lasentinelle.dz\/?p=61997"},"modified":"2025-01-25T12:42:43","modified_gmt":"2025-01-25T11:42:43","slug":"ligue-1-mobilis-zinnbauer-arrive-a-la-jsk-delort-reste-au-mca","status":"publish","type":"post","link":"https:\/\/lasentinelle.dz\/index.php\/2025\/01\/22\/ligue-1-mobilis-zinnbauer-arrive-a-la-jsk-delort-reste-au-mca\/","title":{"rendered":"Ligue 1 Mobilis: Zinnbauer arrive \u00e0 la JSK, Delort reste au MCA"},"content":{"rendered":"\n<p>Le mercato hivernal s&rsquo;anime en Ligue 1 Mobilis avec deux mouvements majeurs qui font la Une de l&rsquo;actualit\u00e9 footballistique. La JS Kabylie frappe un grand coup en s&rsquo;attachant les services de l&rsquo;exp\u00e9riment\u00e9 technicien allemand Josef Zinnbauer, tandis que le MC Alger joue la carte de la stabilit\u00e9 en retenant sa star Andy Delort, malgr\u00e9 les sir\u00e8nes de la Ligue 1 fran\u00e7aise.<\/p>\n\n\n\n<p>L&rsquo;arriv\u00e9e de Josef Zinnbauer sur le banc des Canaris marque un tournant significatif dans l&rsquo;histoire du club kabyle. Le technicien allemand de 54 ans, qui succ\u00e8de \u00e0 Abdelhak Benchikha, apporte dans ses bagages une solide exp\u00e9rience forg\u00e9e sur trois continents. Sa nomination a \u00e9t\u00e9 officialis\u00e9e lundi soir, \u00e0 l&rsquo;issue d&rsquo;une rencontre au si\u00e8ge d&rsquo;ATM Mobilis, actionnaire majoritaire du club, o\u00f9 il a \u00e9t\u00e9 re\u00e7u par le PDG Chaouki Boukhazani. Ce dernier n&rsquo;a d&rsquo;ailleurs pas manqu\u00e9 de souligner \u00ab\u00a0l&rsquo;importance de la stabilit\u00e9 de l&rsquo;\u00e9quipe et du travail s\u00e9rieux\u00a0\u00bb pour atteindre les objectifs fix\u00e9s. Le parcours de Zinnbauer impressionne par sa diversit\u00e9. Apr\u00e8s avoir fait ses premi\u00e8res armes en Allemagne avec le SK Lauf en 1996, il s&rsquo;est forg\u00e9 une r\u00e9putation solide en dirigeant notamment la r\u00e9serve de Karlsruhe (2012-2014) et l&rsquo;\u00e9quipe premi\u00e8re d&rsquo;Hambourg (2014-2015). Son exp\u00e9rience internationale s&rsquo;est enrichie d&rsquo;un passage en Suisse \u00e0 Saint-Gall (2015-2017), avant de conqu\u00e9rir l&rsquo;Afrique avec Orlando Pirates en Afrique du Sud (2019-2021) et plus r\u00e9cemment le Raja de Casablanca (2023-2024). Sa derni\u00e8re exp\u00e9rience en date l&rsquo;a men\u00e9 en Arabie Saoudite, sur le banc d&rsquo;Al-Wehda en 2024. L&rsquo;Allemand h\u00e9rite d&rsquo;une \u00e9quipe leader provisoire du championnat avec 24 points, soit deux unit\u00e9s d&rsquo;avance sur son dauphin, le Paradou AC. Cette nomination intervient dans un contexte particulier pour la JSK, qui reste sur une \u00e9limination pr\u00e9coce en Coupe d&rsquo;Alg\u00e9rie face \u00e0 l&rsquo;USM El-Harrach (0-1), sous la houlette de l&rsquo;int\u00e9rimaire Farid Zemiti. Du c\u00f4t\u00e9 du MC Alger, c&rsquo;est une autre saga qui anime ce mercato hivernal. Le feuilleton Andy Delort conna\u00eet un nouveau rebondissement avec la position ferme adopt\u00e9e par le club alg\u00e9rois concernant son attaquant vedette. Alors que Montpellier, actuellement lanterne rouge de la Ligue 1 fran\u00e7aise, avait manifest\u00e9 son int\u00e9r\u00eat pour rapatrier son ancien buteur, le pr\u00e9sident du MCA, Hadj Redjem, a tranch\u00e9 net les sp\u00e9culations : \u00ab\u00a0Andy Delort est avec nous.\u00a0\u00bb Un revirement spectaculaire apr\u00e8s avoir initialement laiss\u00e9 la porte entrouverte \u00e0 un d\u00e9part, d\u00e9clarant que \u00ab\u00a0toutes les propositions concernant l&rsquo;attaquant seraient examin\u00e9es en concertation avec l&rsquo;entra\u00eeneur Khaled Ben Yahia.\u00a0\u00bb Cette d\u00e9cision forte intervient dans un contexte sportif particulier pour le Mouloudia, qui vient de se qualifier pour les quarts de finale de la Ligue des Champions de la CAF. \u00c0 33 ans, Delort, qui compte 15 s\u00e9lections avec les Verts (2 buts) mais n&rsquo;a plus \u00e9t\u00e9 appel\u00e9 depuis mars 2023, reste une pi\u00e8ce ma\u00eetresse du dispositif mouloud\u00e9en. Son exp\u00e9rience en Ligue 1 fran\u00e7aise, particuli\u00e8rement \u00e0 Montpellier o\u00f9 il a inscrit 47 buts et d\u00e9livr\u00e9 21 passes d\u00e9cisives en 106 matches entre 2018 et 2019, en fait une cible de choix pour le club h\u00e9raultais en qu\u00eate de renfort offensif pour assurer son maintien.<\/p>\n\n\n\n<p>M. Dahleb<\/p>\n\n\n\n<p><\/p>\n","protected":false},"excerpt":{"rendered":"<p>Le mercato hivernal s&rsquo;anime en Ligue 1 Mobilis avec deux mouvements majeurs qui font la Une de l&rsquo;actualit\u00e9 footballistique. La<\/p>\n","protected":false},"author":6,"featured_media":61998,"comment_status":"open","ping_status":"closed","sticky":false,"template":"","format":"standard","meta":{"colormag_page_container_layout":"default_layout","colormag_page_sidebar_layout":"default_layout","om_disable_all_campaigns":false,"_monsterinsights_skip_tracking":false,"_monsterinsights_sitenote_active":false,"_monsterinsights_sitenote_note":"","_monsterinsights_sitenote_category":0,"footnotes":"","_wpscppro_dont_share_socialmedia":false,"_wpscppro_custom_social_share_image":0,"_facebook_share_type":"default","_twitter_share_type":"default","_linkedin_share_type":"default","_pinterest_share_type":"default","_linkedin_share_type_page":"","_instagram_share_type":"default","_medium_share_type":"default","_threads_share_type":"","_google_business_share_type":"","_selected_social_profile":[],"_wpsp_enable_custom_social_template":false,"_wpsp_social_scheduling":{"enabled":false,"datetime":null,"platforms":[],"status":"template_only","dateOption":"today","timeOption":"now","customDays":"","customHours":"","customDate":"","customTime":"","schedulingType":"absolute"},"_wpsp_active_default_template":true},"categories":[33],"tags":[],"class_list":["post-61997","post","type-post","status-publish","format-standard","has-post-thumbnail","hentry","category-sports"],"aioseo_notices":[],"yoast_head":"<!-- This site is optimized with the Yoast SEO plugin v27.5 - https:\/\/yoast.com\/product\/yoast-seo-wordpress\/ -->\n<title>Ligue 1 Mobilis: Zinnbauer arrive \u00e0 la JSK, Delort reste au MCA - La Sentinelle<\/title>\n<meta name=\"robots\" content=\"index, follow, max-snippet:-1, max-image-preview:large, max-video-preview:-1\" \/>\n<link rel=\"canonical\" href=\"https:\/\/lasentinelle.dz\/index.php\/2025\/01\/22\/ligue-1-mobilis-zinnbauer-arrive-a-la-jsk-delort-reste-au-mca\/\" \/>\n<meta property=\"og:locale\" content=\"fr_FR\" \/>\n<meta property=\"og:type\" content=\"article\" \/>\n<meta property=\"og:title\" content=\"Ligue 1 Mobilis: Zinnbauer arrive \u00e0 la JSK, Delort reste au MCA - La Sentinelle\" \/>\n<meta property=\"og:description\" content=\"Le mercato hivernal s&rsquo;anime en Ligue 1 Mobilis avec deux mouvements majeurs qui font la Une de l&rsquo;actualit\u00e9 footballistique. La\" \/>\n<meta property=\"og:url\" content=\"https:\/\/lasentinelle.dz\/index.php\/2025\/01\/22\/ligue-1-mobilis-zinnbauer-arrive-a-la-jsk-delort-reste-au-mca\/\" \/>\n<meta property=\"og:site_name\" content=\"La Sentinelle\" \/>\n<meta property=\"article:publisher\" content=\"https:\/\/www.facebook.com\/La-Sentinelle-104059864394773\" \/>\n<meta property=\"article:published_time\" content=\"2025-01-22T11:41:54+00:00\" \/>\n<meta property=\"article:modified_time\" content=\"2025-01-25T11:42:43+00:00\" \/>\n<meta property=\"og:image\" content=\"https:\/\/lasentinelle.dz\/wp-content\/uploads\/2025\/01\/Josef-Zinnbauer.jpeg\" \/>\n\t<meta property=\"og:image:width\" content=\"846\" \/>\n\t<meta property=\"og:image:height\" content=\"521\" \/>\n\t<meta property=\"og:image:type\" content=\"image\/jpeg\" \/>\n<meta name=\"author\" content=\"admin\" \/>\n<meta name=\"twitter:card\" content=\"summary_large_image\" \/>\n<meta name=\"twitter:label1\" content=\"\u00c9crit par\" \/>\n\t<meta name=\"twitter:data1\" content=\"admin\" \/>\n\t<meta name=\"twitter:label2\" content=\"Dur\u00e9e de lecture estim\u00e9e\" \/>\n\t<meta name=\"twitter:data2\" content=\"3 minutes\" \/>\n<script type=\"application\/ld+json\" class=\"yoast-schema-graph\">{\"@context\":\"https:\\\/\\\/schema.org\",\"@graph\":[{\"@type\":\"Article\",\"@id\":\"https:\\\/\\\/lasentinelle.dz\\\/index.php\\\/2025\\\/01\\\/22\\\/ligue-1-mobilis-zinnbauer-arrive-a-la-jsk-delort-reste-au-mca\\\/#article\",\"isPartOf\":{\"@id\":\"https:\\\/\\\/lasentinelle.dz\\\/index.php\\\/2025\\\/01\\\/22\\\/ligue-1-mobilis-zinnbauer-arrive-a-la-jsk-delort-reste-au-mca\\\/\"},\"author\":{\"name\":\"admin\",\"@id\":\"https:\\\/\\\/lasentinelle.dz\\\/#\\\/schema\\\/person\\\/729ee0024f24e0b8c5ec17232f8e8b41\"},\"headline\":\"Ligue 1 Mobilis: Zinnbauer arrive \u00e0 la JSK, Delort reste au MCA\",\"datePublished\":\"2025-01-22T11:41:54+00:00\",\"dateModified\":\"2025-01-25T11:42:43+00:00\",\"mainEntityOfPage\":{\"@id\":\"https:\\\/\\\/lasentinelle.dz\\\/index.php\\\/2025\\\/01\\\/22\\\/ligue-1-mobilis-zinnbauer-arrive-a-la-jsk-delort-reste-au-mca\\\/\"},\"wordCount\":570,\"commentCount\":0,\"publisher\":{\"@id\":\"https:\\\/\\\/lasentinelle.dz\\\/#organization\"},\"image\":{\"@id\":\"https:\\\/\\\/lasentinelle.dz\\\/index.php\\\/2025\\\/01\\\/22\\\/ligue-1-mobilis-zinnbauer-arrive-a-la-jsk-delort-reste-au-mca\\\/#primaryimage\"},\"thumbnailUrl\":\"https:\\\/\\\/lasentinelle.dz\\\/wp-content\\\/uploads\\\/2025\\\/01\\\/Josef-Zinnbauer.jpeg\",\"articleSection\":[\"Sports\"],\"inLanguage\":\"fr-FR\",\"potentialAction\":[{\"@type\":\"CommentAction\",\"name\":\"Comment\",\"target\":[\"https:\\\/\\\/lasentinelle.dz\\\/index.php\\\/2025\\\/01\\\/22\\\/ligue-1-mobilis-zinnbauer-arrive-a-la-jsk-delort-reste-au-mca\\\/#respond\"]}]},{\"@type\":\"WebPage\",\"@id\":\"https:\\\/\\\/lasentinelle.dz\\\/index.php\\\/2025\\\/01\\\/22\\\/ligue-1-mobilis-zinnbauer-arrive-a-la-jsk-delort-reste-au-mca\\\/\",\"url\":\"https:\\\/\\\/lasentinelle.dz\\\/index.php\\\/2025\\\/01\\\/22\\\/ligue-1-mobilis-zinnbauer-arrive-a-la-jsk-delort-reste-au-mca\\\/\",\"name\":\"Ligue 1 Mobilis: Zinnbauer arrive \u00e0 la JSK, Delort reste au MCA - La Sentinelle\",\"isPartOf\":{\"@id\":\"https:\\\/\\\/lasentinelle.dz\\\/#website\"},\"primaryImageOfPage\":{\"@id\":\"https:\\\/\\\/lasentinelle.dz\\\/index.php\\\/2025\\\/01\\\/22\\\/ligue-1-mobilis-zinnbauer-arrive-a-la-jsk-delort-reste-au-mca\\\/#primaryimage\"},\"image\":{\"@id\":\"https:\\\/\\\/lasentinelle.dz\\\/index.php\\\/2025\\\/01\\\/22\\\/ligue-1-mobilis-zinnbauer-arrive-a-la-jsk-delort-reste-au-mca\\\/#primaryimage\"},\"thumbnailUrl\":\"https:\\\/\\\/lasentinelle.dz\\\/wp-content\\\/uploads\\\/2025\\\/01\\\/Josef-Zinnbauer.jpeg\",\"datePublished\":\"2025-01-22T11:41:54+00:00\",\"dateModified\":\"2025-01-25T11:42:43+00:00\",\"breadcrumb\":{\"@id\":\"https:\\\/\\\/lasentinelle.dz\\\/index.php\\\/2025\\\/01\\\/22\\\/ligue-1-mobilis-zinnbauer-arrive-a-la-jsk-delort-reste-au-mca\\\/#breadcrumb\"},\"inLanguage\":\"fr-FR\",\"potentialAction\":[{\"@type\":\"ReadAction\",\"target\":[\"https:\\\/\\\/lasentinelle.dz\\\/index.php\\\/2025\\\/01\\\/22\\\/ligue-1-mobilis-zinnbauer-arrive-a-la-jsk-delort-reste-au-mca\\\/\"]}]},{\"@type\":\"ImageObject\",\"inLanguage\":\"fr-FR\",\"@id\":\"https:\\\/\\\/lasentinelle.dz\\\/index.php\\\/2025\\\/01\\\/22\\\/ligue-1-mobilis-zinnbauer-arrive-a-la-jsk-delort-reste-au-mca\\\/#primaryimage\",\"url\":\"https:\\\/\\\/lasentinelle.dz\\\/wp-content\\\/uploads\\\/2025\\\/01\\\/Josef-Zinnbauer.jpeg\",\"contentUrl\":\"https:\\\/\\\/lasentinelle.dz\\\/wp-content\\\/uploads\\\/2025\\\/01\\\/Josef-Zinnbauer.jpeg\",\"width\":846,\"height\":521},{\"@type\":\"BreadcrumbList\",\"@id\":\"https:\\\/\\\/lasentinelle.dz\\\/index.php\\\/2025\\\/01\\\/22\\\/ligue-1-mobilis-zinnbauer-arrive-a-la-jsk-delort-reste-au-mca\\\/#breadcrumb\",\"itemListElement\":[{\"@type\":\"ListItem\",\"position\":1,\"name\":\"Accueil\",\"item\":\"https:\\\/\\\/lasentinelle.dz\\\/\"},{\"@type\":\"ListItem\",\"position\":2,\"name\":\"Ligue 1 Mobilis: Zinnbauer arrive \u00e0 la JSK, Delort reste au MCA\"}]},{\"@type\":\"WebSite\",\"@id\":\"https:\\\/\\\/lasentinelle.dz\\\/#website\",\"url\":\"https:\\\/\\\/lasentinelle.dz\\\/\",\"name\":\"La Sentinelle\",\"description\":\"Quotidien national d&#039;information\",\"publisher\":{\"@id\":\"https:\\\/\\\/lasentinelle.dz\\\/#organization\"},\"potentialAction\":[{\"@type\":\"SearchAction\",\"target\":{\"@type\":\"EntryPoint\",\"urlTemplate\":\"https:\\\/\\\/lasentinelle.dz\\\/?s={search_term_string}\"},\"query-input\":{\"@type\":\"PropertyValueSpecification\",\"valueRequired\":true,\"valueName\":\"search_term_string\"}}],\"inLanguage\":\"fr-FR\"},{\"@type\":\"Organization\",\"@id\":\"https:\\\/\\\/lasentinelle.dz\\\/#organization\",\"name\":\"Quotidien La Sentinelle\",\"url\":\"https:\\\/\\\/lasentinelle.dz\\\/\",\"logo\":{\"@type\":\"ImageObject\",\"inLanguage\":\"fr-FR\",\"@id\":\"https:\\\/\\\/lasentinelle.dz\\\/#\\\/schema\\\/logo\\\/image\\\/\",\"url\":\"https:\\\/\\\/lasentinelle.dz\\\/wp-content\\\/uploads\\\/2021\\\/09\\\/logo-sentinelleSLOGAN-1.png\",\"contentUrl\":\"https:\\\/\\\/lasentinelle.dz\\\/wp-content\\\/uploads\\\/2021\\\/09\\\/logo-sentinelleSLOGAN-1.png\",\"width\":615,\"height\":142,\"caption\":\"Quotidien La Sentinelle\"},\"image\":{\"@id\":\"https:\\\/\\\/lasentinelle.dz\\\/#\\\/schema\\\/logo\\\/image\\\/\"},\"sameAs\":[\"https:\\\/\\\/www.facebook.com\\\/La-Sentinelle-104059864394773\"]},{\"@type\":\"Person\",\"@id\":\"https:\\\/\\\/lasentinelle.dz\\\/#\\\/schema\\\/person\\\/729ee0024f24e0b8c5ec17232f8e8b41\",\"name\":\"admin\",\"image\":{\"@type\":\"ImageObject\",\"inLanguage\":\"fr-FR\",\"@id\":\"https:\\\/\\\/secure.gravatar.com\\\/avatar\\\/4c81fed838786e9b53f540bf46533e750f5d292099ae3b66cfc6fb1982e29df7?s=96&d=mm&r=g\",\"url\":\"https:\\\/\\\/secure.gravatar.com\\\/avatar\\\/4c81fed838786e9b53f540bf46533e750f5d292099ae3b66cfc6fb1982e29df7?s=96&d=mm&r=g\",\"contentUrl\":\"https:\\\/\\\/secure.gravatar.com\\\/avatar\\\/4c81fed838786e9b53f540bf46533e750f5d292099ae3b66cfc6fb1982e29df7?s=96&d=mm&r=g\",\"caption\":\"admin\"},\"description\":\"admin\",\"url\":\"https:\\\/\\\/lasentinelle.dz\\\/author\\\/admin\\\/\"}]}<\/script>\n<!-- \/ Yoast SEO plugin. -->","yoast_head_json":{"title":"Ligue 1 Mobilis: Zinnbauer arrive \u00e0 la JSK, Delort reste au MCA - La Sentinelle","robots":{"index":"index","follow":"follow","max-snippet":"max-snippet:-1","max-image-preview":"max-image-preview:large","max-video-preview":"max-video-preview:-1"},"canonical":"https:\/\/lasentinelle.dz\/index.php\/2025\/01\/22\/ligue-1-mobilis-zinnbauer-arrive-a-la-jsk-delort-reste-au-mca\/","og_locale":"fr_FR","og_type":"article","og_title":"Ligue 1 Mobilis: Zinnbauer arrive \u00e0 la JSK, Delort reste au MCA - La Sentinelle","og_description":"Le mercato hivernal s&rsquo;anime en Ligue 1 Mobilis avec deux mouvements majeurs qui font la Une de l&rsquo;actualit\u00e9 footballistique. La","og_url":"https:\/\/lasentinelle.dz\/index.php\/2025\/01\/22\/ligue-1-mobilis-zinnbauer-arrive-a-la-jsk-delort-reste-au-mca\/","og_site_name":"La Sentinelle","article_publisher":"https:\/\/www.facebook.com\/La-Sentinelle-104059864394773","article_published_time":"2025-01-22T11:41:54+00:00","article_modified_time":"2025-01-25T11:42:43+00:00","og_image":[{"width":846,"height":521,"url":"https:\/\/lasentinelle.dz\/wp-content\/uploads\/2025\/01\/Josef-Zinnbauer.jpeg","type":"image\/jpeg"}],"author":"admin","twitter_card":"summary_large_image","twitter_misc":{"\u00c9crit par":"admin","Dur\u00e9e de lecture estim\u00e9e":"3 minutes"},"schema":{"@context":"https:\/\/schema.org","@graph":[{"@type":"Article","@id":"https:\/\/lasentinelle.dz\/index.php\/2025\/01\/22\/ligue-1-mobilis-zinnbauer-arrive-a-la-jsk-delort-reste-au-mca\/#article","isPartOf":{"@id":"https:\/\/lasentinelle.dz\/index.php\/2025\/01\/22\/ligue-1-mobilis-zinnbauer-arrive-a-la-jsk-delort-reste-au-mca\/"},"author":{"name":"admin","@id":"https:\/\/lasentinelle.dz\/#\/schema\/person\/729ee0024f24e0b8c5ec17232f8e8b41"},"headline":"Ligue 1 Mobilis: Zinnbauer arrive \u00e0 la JSK, Delort reste au MCA","datePublished":"2025-01-22T11:41:54+00:00","dateModified":"2025-01-25T11:42:43+00:00","mainEntityOfPage":{"@id":"https:\/\/lasentinelle.dz\/index.php\/2025\/01\/22\/ligue-1-mobilis-zinnbauer-arrive-a-la-jsk-delort-reste-au-mca\/"},"wordCount":570,"commentCount":0,"publisher":{"@id":"https:\/\/lasentinelle.dz\/#organization"},"image":{"@id":"https:\/\/lasentinelle.dz\/index.php\/2025\/01\/22\/ligue-1-mobilis-zinnbauer-arrive-a-la-jsk-delort-reste-au-mca\/#primaryimage"},"thumbnailUrl":"https:\/\/lasentinelle.dz\/wp-content\/uploads\/2025\/01\/Josef-Zinnbauer.jpeg","articleSection":["Sports"],"inLanguage":"fr-FR","potentialAction":[{"@type":"CommentAction","name":"Comment","target":["https:\/\/lasentinelle.dz\/index.php\/2025\/01\/22\/ligue-1-mobilis-zinnbauer-arrive-a-la-jsk-delort-reste-au-mca\/#respond"]}]},{"@type":"WebPage","@id":"https:\/\/lasentinelle.dz\/index.php\/2025\/01\/22\/ligue-1-mobilis-zinnbauer-arrive-a-la-jsk-delort-reste-au-mca\/","url":"https:\/\/lasentinelle.dz\/index.php\/2025\/01\/22\/ligue-1-mobilis-zinnbauer-arrive-a-la-jsk-delort-reste-au-mca\/","name":"Ligue 1 Mobilis: Zinnbauer arrive \u00e0 la JSK, Delort reste au MCA - La Sentinelle","isPartOf":{"@id":"https:\/\/lasentinelle.dz\/#website"},"primaryImageOfPage":{"@id":"https:\/\/lasentinelle.dz\/index.php\/2025\/01\/22\/ligue-1-mobilis-zinnbauer-arrive-a-la-jsk-delort-reste-au-mca\/#primaryimage"},"image":{"@id":"https:\/\/lasentinelle.dz\/index.php\/2025\/01\/22\/ligue-1-mobilis-zinnbauer-arrive-a-la-jsk-delort-reste-au-mca\/#primaryimage"},"thumbnailUrl":"https:\/\/lasentinelle.dz\/wp-content\/uploads\/2025\/01\/Josef-Zinnbauer.jpeg","datePublished":"2025-01-22T11:41:54+00:00","dateModified":"2025-01-25T11:42:43+00:00","breadcrumb":{"@id":"https:\/\/lasentinelle.dz\/index.php\/2025\/01\/22\/ligue-1-mobilis-zinnbauer-arrive-a-la-jsk-delort-reste-au-mca\/#breadcrumb"},"inLanguage":"fr-FR","potentialAction":[{"@type":"ReadAction","target":["https:\/\/lasentinelle.dz\/index.php\/2025\/01\/22\/ligue-1-mobilis-zinnbauer-arrive-a-la-jsk-delort-reste-au-mca\/"]}]},{"@type":"ImageObject","inLanguage":"fr-FR","@id":"https:\/\/lasentinelle.dz\/index.php\/2025\/01\/22\/ligue-1-mobilis-zinnbauer-arrive-a-la-jsk-delort-reste-au-mca\/#primaryimage","url":"https:\/\/lasentinelle.dz\/wp-content\/uploads\/2025\/01\/Josef-Zinnbauer.jpeg","contentUrl":"https:\/\/lasentinelle.dz\/wp-content\/uploads\/2025\/01\/Josef-Zinnbauer.jpeg","width":846,"height":521},{"@type":"BreadcrumbList","@id":"https:\/\/lasentinelle.dz\/index.php\/2025\/01\/22\/ligue-1-mobilis-zinnbauer-arrive-a-la-jsk-delort-reste-au-mca\/#breadcrumb","itemListElement":[{"@type":"ListItem","position":1,"name":"Accueil","item":"https:\/\/lasentinelle.dz\/"},{"@type":"ListItem","position":2,"name":"Ligue 1 Mobilis: Zinnbauer arrive \u00e0 la JSK, Delort reste au MCA"}]},{"@type":"WebSite","@id":"https:\/\/lasentinelle.dz\/#website","url":"https:\/\/lasentinelle.dz\/","name":"La Sentinelle","description":"Quotidien national d&#039;information","publisher":{"@id":"https:\/\/lasentinelle.dz\/#organization"},"potentialAction":[{"@type":"SearchAction","target":{"@type":"EntryPoint","urlTemplate":"https:\/\/lasentinelle.dz\/?s={search_term_string}"},"query-input":{"@type":"PropertyValueSpecification","valueRequired":true,"valueName":"search_term_string"}}],"inLanguage":"fr-FR"},{"@type":"Organization","@id":"https:\/\/lasentinelle.dz\/#organization","name":"Quotidien La Sentinelle","url":"https:\/\/lasentinelle.dz\/","logo":{"@type":"ImageObject","inLanguage":"fr-FR","@id":"https:\/\/lasentinelle.dz\/#\/schema\/logo\/image\/","url":"https:\/\/lasentinelle.dz\/wp-content\/uploads\/2021\/09\/logo-sentinelleSLOGAN-1.png","contentUrl":"https:\/\/lasentinelle.dz\/wp-content\/uploads\/2021\/09\/logo-sentinelleSLOGAN-1.png","width":615,"height":142,"caption":"Quotidien La Sentinelle"},"image":{"@id":"https:\/\/lasentinelle.dz\/#\/schema\/logo\/image\/"},"sameAs":["https:\/\/www.facebook.com\/La-Sentinelle-104059864394773"]},{"@type":"Person","@id":"https:\/\/lasentinelle.dz\/#\/schema\/person\/729ee0024f24e0b8c5ec17232f8e8b41","name":"admin","image":{"@type":"ImageObject","inLanguage":"fr-FR","@id":"https:\/\/secure.gravatar.com\/avatar\/4c81fed838786e9b53f540bf46533e750f5d292099ae3b66cfc6fb1982e29df7?s=96&d=mm&r=g","url":"https:\/\/secure.gravatar.com\/avatar\/4c81fed838786e9b53f540bf46533e750f5d292099ae3b66cfc6fb1982e29df7?s=96&d=mm&r=g","contentUrl":"https:\/\/secure.gravatar.com\/avatar\/4c81fed838786e9b53f540bf46533e750f5d292099ae3b66cfc6fb1982e29df7?s=96&d=mm&r=g","caption":"admin"},"description":"admin","url":"https:\/\/lasentinelle.dz\/author\/admin\/"}]}},"_links":{"self":[{"href":"https:\/\/lasentinelle.dz\/index.php\/wp-json\/wp\/v2\/posts\/61997","targetHints":{"allow":["GET"]}}],"collection":[{"href":"https:\/\/lasentinelle.dz\/index.php\/wp-json\/wp\/v2\/posts"}],"about":[{"href":"https:\/\/lasentinelle.dz\/index.php\/wp-json\/wp\/v2\/types\/post"}],"author":[{"embeddable":true,"href":"https:\/\/lasentinelle.dz\/index.php\/wp-json\/wp\/v2\/users\/6"}],"replies":[{"embeddable":true,"href":"https:\/\/lasentinelle.dz\/index.php\/wp-json\/wp\/v2\/comments?post=61997"}],"version-history":[{"count":1,"href":"https:\/\/lasentinelle.dz\/index.php\/wp-json\/wp\/v2\/posts\/61997\/revisions"}],"predecessor-version":[{"id":61999,"href":"https:\/\/lasentinelle.dz\/index.php\/wp-json\/wp\/v2\/posts\/61997\/revisions\/61999"}],"wp:featuredmedia":[{"embeddable":true,"href":"https:\/\/lasentinelle.dz\/index.php\/wp-json\/wp\/v2\/media\/61998"}],"wp:attachment":[{"href":"https:\/\/lasentinelle.dz\/index.php\/wp-json\/wp\/v2\/media?parent=61997"}],"wp:term":[{"taxonomy":"category","embeddable":true,"href":"https:\/\/lasentinelle.dz\/index.php\/wp-json\/wp\/v2\/categories?post=61997"},{"taxonomy":"post_tag","embeddable":true,"href":"https:\/\/lasentinelle.dz\/index.php\/wp-json\/wp\/v2\/tags?post=61997"}],"curies":[{"name":"wp","href":"https:\/\/api.w.org\/{rel}","templated":true}]}}