{"id":62013,"date":"2025-01-22T12:50:47","date_gmt":"2025-01-22T11:50:47","guid":{"rendered":"https:\/\/lasentinelle.dz\/?p=62013"},"modified":"2025-01-25T12:51:39","modified_gmt":"2025-01-25T11:51:39","slug":"algerie-ouganda-consolider-la-cooperation-pour-faire-face-aux-defis-continentaux","status":"publish","type":"post","link":"https:\/\/lasentinelle.dz\/index.php\/2025\/01\/22\/algerie-ouganda-consolider-la-cooperation-pour-faire-face-aux-defis-continentaux\/","title":{"rendered":"Alg\u00e9rie- Ouganda : Consolider la coop\u00e9ration pour faire face aux d\u00e9fis continentaux"},"content":{"rendered":"\n<p>Dans un contexte international marqu\u00e9 par la multiplication des d\u00e9fis s\u00e9curitaires et la n\u00e9cessit\u00e9 d&rsquo;une r\u00e9ponse africaine coordonn\u00e9e aux menaces, l&rsquo;\u00c9tat-major de l&rsquo;Arm\u00e9e nationale populaire (ANP) poursuit sa politique active de diversification et de renforcement de ses partenariats strat\u00e9giques avec les forces arm\u00e9es du continent. La r\u00e9ception hier par le G\u00e9n\u00e9ral d&rsquo;Arm\u00e9e Sa\u00efd Chanegriha, ministre d\u00e9l\u00e9gu\u00e9 aupr\u00e8s du ministre de la D\u00e9fense nationale et Chef d&rsquo;\u00c9tat-major de l&rsquo;ANP, de son homologue ougandais, le G\u00e9n\u00e9ral d&rsquo;Arm\u00e9e Muhoozi Kainerugaba, Chef des Forces de la D\u00e9fense Populaires Ougandaises, s&rsquo;inscrit pleinement dans cette dynamique diplomatique. Cette rencontre de haut niveau, \u00e0 laquelle ont particip\u00e9 le Secr\u00e9taire g\u00e9n\u00e9ral du MDN, les Commandants de Forces, les Chefs de D\u00e9partements et des Directeurs centraux de l&rsquo;\u00c9tat-major de l&rsquo;ANP, illustre la volont\u00e9 alg\u00e9rienne de consolider ses relations militaires avec les nations africaines face aux enjeux s\u00e9curitaires communs. Les \u00e9changes entre les deux d\u00e9l\u00e9gations ont principalement port\u00e9 sur l&rsquo;identification des opportunit\u00e9s de coop\u00e9ration militaire bilat\u00e9rale et l&rsquo;exploration des moyens de renforcer la coordination sur les questions d&rsquo;int\u00e9r\u00eat commun, notamment dans le contexte des d\u00e9fis s\u00e9curitaires auxquels fait face le continent africain. Cette visite s&rsquo;inscrit dans la continuit\u00e9 d&rsquo;une intensification des relations diplomatiques entre l&rsquo;Alg\u00e9rie et l&rsquo;Ouganda, particuli\u00e8rement marqu\u00e9e par la visite officielle du pr\u00e9sident ougandais Yoweri Museveni en Alg\u00e9rie en mars 2023, qui avait donn\u00e9 une impulsion significative \u00e0 la coop\u00e9ration bilat\u00e9rale. Le G\u00e9n\u00e9ral d&rsquo;Arm\u00e9e Sa\u00efd Chanegriha a notamment soulign\u00e9 l&rsquo;importance de cette dynamique qui refl\u00e8te l&rsquo;engagement commun des deux nations en faveur des questions africaines et de l&rsquo;instauration de la paix, de la s\u00e9curit\u00e9 et du d\u00e9veloppement \u00e0 travers le continent. Cette rencontre t\u00e9moigne de la d\u00e9termination de l&rsquo;ANP \u00e0 mettre en \u0153uvre la vision strat\u00e9gique d\u00e9finie par les dirigeants des deux pays, visant \u00e0 promouvoir un partenariat militaire approfondi. Accueillant son homologue ougandais, le G\u00e9n\u00e9ral d&rsquo;Arm\u00e9e Sa\u00efd Chanegriha a soulign\u00e9 que cette visite constituait \u00ab\u00a0une opportunit\u00e9 pour promouvoir notre coop\u00e9ration militaire bilat\u00e9rale, au mieux des int\u00e9r\u00eats mutuels de nos deux peuples amis\u00a0\u00bb. Les \u00e9changes entre les deux d\u00e9l\u00e9gations ont principalement port\u00e9 sur l&rsquo;identification des opportunit\u00e9s de coop\u00e9ration militaire bilat\u00e9rale et l&rsquo;exploration des moyens de renforcer la coordination sur les questions d&rsquo;int\u00e9r\u00eat commun, notamment dans le contexte des d\u00e9fis s\u00e9curitaires auxquels fait face le continent africain. Cette visite s&rsquo;inscrit dans la continuit\u00e9 d&rsquo;une intensification des relations diplomatiques entre l&rsquo;Alg\u00e9rie et l&rsquo;Ouganda, comme l&rsquo;a rappel\u00e9 le Chef d&rsquo;\u00c9tat-major de l&rsquo;ANP en se \u00ab\u00a0f\u00e9licitant du niveau atteint par les relations bilat\u00e9rales entre l&rsquo;Alg\u00e9rie et l&rsquo;Ouganda durant ces derni\u00e8res ann\u00e9es\u00a0\u00bb. Il a particuli\u00e8rement mis en avant la visite officielle du pr\u00e9sident Yoweri Museveni en mars 2023, qui selon lui \u00ab\u00a0a donn\u00e9 un fort \u00e9lan et une r\u00e9elle dynamique au processus des relations de coop\u00e9ration entre les deux pays, particuli\u00e8rement dans le domaine du renforcement de leur engagement commun en faveur des questions africaines et de l&rsquo;instauration de la paix, de la s\u00e9curit\u00e9 et du d\u00e9veloppement \u00e0 travers tout le continent\u00a0\u00bb. Cette rencontre t\u00e9moigne de la d\u00e9termination de l&rsquo;ANP \u00e0 mettre en \u0153uvre la vision strat\u00e9gique d\u00e9finie par les dirigeants des deux pays. Comme l&rsquo;a affirm\u00e9 le G\u00e9n\u00e9ral d&rsquo;Arm\u00e9e Chanegriha: \u00ab\u00a0Au sein de l&rsquo;ANP, nous tenons \u00e0 concr\u00e9tiser la vision strat\u00e9gique des dirigeants des deux pays, visant \u00e0 promouvoir le partenariat entre nos arm\u00e9es respectives, et ce, \u00e0 travers l&rsquo;instauration d&rsquo;une dynamique efficace dans le domaine de la coop\u00e9ration militaire et la mise en place des m\u00e9canismes ad\u00e9quats pour ce faire\u00a0\u00bb. R\u00e9it\u00e9rant \u00ab\u00a0l&rsquo;enti\u00e8re disposition pour aller de l&rsquo;avant sur la voie du d\u00e9veloppement de la coop\u00e9ration militaire entre nos institutions respectives\u00a0\u00bb, le Chef d&rsquo;\u00c9tat-major de l&rsquo;ANP a ainsi confirm\u00e9 l&rsquo;engagement alg\u00e9rien dans le renforcement des partenariats militaires africains. Le Chef des Forces de la D\u00e9fense Populaires Ougandaises a, pour sa part, exprim\u00e9 sa satisfaction quant \u00e0 la forte volont\u00e9 de la partie alg\u00e9rienne de renforcer les relations de coop\u00e9ration et les concertations sur les questions d&rsquo;int\u00e9r\u00eat commun, soulignant l&rsquo;importance de cette collaboration pour la s\u00e9curit\u00e9 et la stabilit\u00e9 du continent africain. Lors de cette rencontre les deux responsables militaires ont \u00e9voqu\u00e9 \u00ab\u00a0les d\u00e9fis s\u00e9curitaires que traversent le monde, en g\u00e9n\u00e9ral, et le continent africain, en particulier et \u00e9chang\u00e9 les points de vue sur les diff\u00e9rentes questions d&rsquo;actualit\u00e9\u00a0\u00bb. Cette rencontre t\u00e9moigne de la d\u00e9termination de l&rsquo;ANP \u00e0 mettre en \u0153uvre la vision strat\u00e9gique d\u00e9finie par les dirigeants des deux pays, visant \u00e0 promouvoir un partenariat militaire approfondi. Cette approche se traduit par la volont\u00e9 d&rsquo;\u00e9tablir une dynamique efficace dans le domaine de la coop\u00e9ration militaire et de mettre en place les m\u00e9canismes n\u00e9cessaires pour atteindre ces objectifs. Cette rencontre illustre ainsi la strat\u00e9gie de l&rsquo;\u00c9tat-major de l&rsquo;ANP de d\u00e9velopper des partenariats militaires solides avec les nations africaines, reconnaissant l&rsquo;importance d&rsquo;une approche coordonn\u00e9e et collaborative face aux d\u00e9fis s\u00e9curitaires du continent. Cette politique s&rsquo;inscrit dans une vision plus large de renforcement des capacit\u00e9s africaines de d\u00e9fense et de r\u00e9ponse aux menaces, d\u00e9montrant le r\u00f4le actif de l&rsquo;Alg\u00e9rie dans la promotion de la stabilit\u00e9 r\u00e9gionale et le d\u00e9veloppement de solutions africaines aux probl\u00e9matiques s\u00e9curitaires du continent.<\/p>\n\n\n\n<p>Salim Amokrane<\/p>\n","protected":false},"excerpt":{"rendered":"<p>Dans un contexte international marqu\u00e9 par la multiplication des d\u00e9fis s\u00e9curitaires et la n\u00e9cessit\u00e9 d&rsquo;une r\u00e9ponse africaine coordonn\u00e9e aux menaces,<\/p>\n","protected":false},"author":6,"featured_media":62014,"comment_status":"open","ping_status":"closed","sticky":false,"template":"","format":"standard","meta":{"colormag_page_container_layout":"default_layout","colormag_page_sidebar_layout":"default_layout","om_disable_all_campaigns":false,"_monsterinsights_skip_tracking":false,"_monsterinsights_sitenote_active":false,"_monsterinsights_sitenote_note":"","_monsterinsights_sitenote_category":0,"footnotes":"","_wpscppro_dont_share_socialmedia":false,"_wpscppro_custom_social_share_image":0,"_facebook_share_type":"default","_twitter_share_type":"default","_linkedin_share_type":"default","_pinterest_share_type":"default","_linkedin_share_type_page":"","_instagram_share_type":"default","_medium_share_type":"default","_threads_share_type":"","_google_business_share_type":"","_selected_social_profile":[],"_wpsp_enable_custom_social_template":false,"_wpsp_social_scheduling":{"enabled":false,"datetime":null,"platforms":[],"status":"template_only","dateOption":"today","timeOption":"now","customDays":"","customHours":"","customDate":"","customTime":"","schedulingType":"absolute"},"_wpsp_active_default_template":true},"categories":[52,27],"tags":[],"class_list":["post-62013","post","type-post","status-publish","format-standard","has-post-thumbnail","hentry","category-a-la-une","category-actualite"],"aioseo_notices":[],"yoast_head":"<!-- This site is optimized with the Yoast SEO plugin v27.5 - https:\/\/yoast.com\/product\/yoast-seo-wordpress\/ -->\n<title>Alg\u00e9rie- Ouganda : Consolider la coop\u00e9ration pour faire face aux d\u00e9fis continentaux - La Sentinelle<\/title>\n<meta name=\"robots\" content=\"index, follow, max-snippet:-1, max-image-preview:large, max-video-preview:-1\" \/>\n<link rel=\"canonical\" href=\"https:\/\/lasentinelle.dz\/index.php\/2025\/01\/22\/algerie-ouganda-consolider-la-cooperation-pour-faire-face-aux-defis-continentaux\/\" \/>\n<meta property=\"og:locale\" content=\"fr_FR\" \/>\n<meta property=\"og:type\" content=\"article\" \/>\n<meta property=\"og:title\" content=\"Alg\u00e9rie- Ouganda : Consolider la coop\u00e9ration pour faire face aux d\u00e9fis continentaux - La Sentinelle\" \/>\n<meta property=\"og:description\" content=\"Dans un contexte international marqu\u00e9 par la multiplication des d\u00e9fis s\u00e9curitaires et la n\u00e9cessit\u00e9 d&rsquo;une r\u00e9ponse africaine coordonn\u00e9e aux menaces,\" \/>\n<meta property=\"og:url\" content=\"https:\/\/lasentinelle.dz\/index.php\/2025\/01\/22\/algerie-ouganda-consolider-la-cooperation-pour-faire-face-aux-defis-continentaux\/\" \/>\n<meta property=\"og:site_name\" content=\"La Sentinelle\" \/>\n<meta property=\"article:publisher\" content=\"https:\/\/www.facebook.com\/La-Sentinelle-104059864394773\" \/>\n<meta property=\"article:published_time\" content=\"2025-01-22T11:50:47+00:00\" \/>\n<meta property=\"article:modified_time\" content=\"2025-01-25T11:51:39+00:00\" \/>\n<meta property=\"og:image\" content=\"https:\/\/lasentinelle.dz\/wp-content\/uploads\/2025\/01\/Chane.jpeg\" \/>\n\t<meta property=\"og:image:width\" content=\"2048\" \/>\n\t<meta property=\"og:image:height\" content=\"1365\" \/>\n\t<meta property=\"og:image:type\" content=\"image\/jpeg\" \/>\n<meta name=\"author\" content=\"admin\" \/>\n<meta name=\"twitter:card\" content=\"summary_large_image\" \/>\n<meta name=\"twitter:label1\" content=\"\u00c9crit par\" \/>\n\t<meta name=\"twitter:data1\" content=\"admin\" \/>\n\t<meta name=\"twitter:label2\" content=\"Dur\u00e9e de lecture estim\u00e9e\" \/>\n\t<meta name=\"twitter:data2\" content=\"5 minutes\" \/>\n<script type=\"application\/ld+json\" class=\"yoast-schema-graph\">{\"@context\":\"https:\\\/\\\/schema.org\",\"@graph\":[{\"@type\":\"Article\",\"@id\":\"https:\\\/\\\/lasentinelle.dz\\\/index.php\\\/2025\\\/01\\\/22\\\/algerie-ouganda-consolider-la-cooperation-pour-faire-face-aux-defis-continentaux\\\/#article\",\"isPartOf\":{\"@id\":\"https:\\\/\\\/lasentinelle.dz\\\/index.php\\\/2025\\\/01\\\/22\\\/algerie-ouganda-consolider-la-cooperation-pour-faire-face-aux-defis-continentaux\\\/\"},\"author\":{\"name\":\"admin\",\"@id\":\"https:\\\/\\\/lasentinelle.dz\\\/#\\\/schema\\\/person\\\/729ee0024f24e0b8c5ec17232f8e8b41\"},\"headline\":\"Alg\u00e9rie- Ouganda : Consolider la coop\u00e9ration pour faire face aux d\u00e9fis continentaux\",\"datePublished\":\"2025-01-22T11:50:47+00:00\",\"dateModified\":\"2025-01-25T11:51:39+00:00\",\"mainEntityOfPage\":{\"@id\":\"https:\\\/\\\/lasentinelle.dz\\\/index.php\\\/2025\\\/01\\\/22\\\/algerie-ouganda-consolider-la-cooperation-pour-faire-face-aux-defis-continentaux\\\/\"},\"wordCount\":1016,\"commentCount\":0,\"publisher\":{\"@id\":\"https:\\\/\\\/lasentinelle.dz\\\/#organization\"},\"image\":{\"@id\":\"https:\\\/\\\/lasentinelle.dz\\\/index.php\\\/2025\\\/01\\\/22\\\/algerie-ouganda-consolider-la-cooperation-pour-faire-face-aux-defis-continentaux\\\/#primaryimage\"},\"thumbnailUrl\":\"https:\\\/\\\/lasentinelle.dz\\\/wp-content\\\/uploads\\\/2025\\\/01\\\/Chane.jpeg\",\"articleSection\":[\"\u00c0 la Une\",\"Actualit\u00e9\"],\"inLanguage\":\"fr-FR\",\"potentialAction\":[{\"@type\":\"CommentAction\",\"name\":\"Comment\",\"target\":[\"https:\\\/\\\/lasentinelle.dz\\\/index.php\\\/2025\\\/01\\\/22\\\/algerie-ouganda-consolider-la-cooperation-pour-faire-face-aux-defis-continentaux\\\/#respond\"]}]},{\"@type\":\"WebPage\",\"@id\":\"https:\\\/\\\/lasentinelle.dz\\\/index.php\\\/2025\\\/01\\\/22\\\/algerie-ouganda-consolider-la-cooperation-pour-faire-face-aux-defis-continentaux\\\/\",\"url\":\"https:\\\/\\\/lasentinelle.dz\\\/index.php\\\/2025\\\/01\\\/22\\\/algerie-ouganda-consolider-la-cooperation-pour-faire-face-aux-defis-continentaux\\\/\",\"name\":\"Alg\u00e9rie- Ouganda : Consolider la coop\u00e9ration pour faire face aux d\u00e9fis continentaux - La Sentinelle\",\"isPartOf\":{\"@id\":\"https:\\\/\\\/lasentinelle.dz\\\/#website\"},\"primaryImageOfPage\":{\"@id\":\"https:\\\/\\\/lasentinelle.dz\\\/index.php\\\/2025\\\/01\\\/22\\\/algerie-ouganda-consolider-la-cooperation-pour-faire-face-aux-defis-continentaux\\\/#primaryimage\"},\"image\":{\"@id\":\"https:\\\/\\\/lasentinelle.dz\\\/index.php\\\/2025\\\/01\\\/22\\\/algerie-ouganda-consolider-la-cooperation-pour-faire-face-aux-defis-continentaux\\\/#primaryimage\"},\"thumbnailUrl\":\"https:\\\/\\\/lasentinelle.dz\\\/wp-content\\\/uploads\\\/2025\\\/01\\\/Chane.jpeg\",\"datePublished\":\"2025-01-22T11:50:47+00:00\",\"dateModified\":\"2025-01-25T11:51:39+00:00\",\"breadcrumb\":{\"@id\":\"https:\\\/\\\/lasentinelle.dz\\\/index.php\\\/2025\\\/01\\\/22\\\/algerie-ouganda-consolider-la-cooperation-pour-faire-face-aux-defis-continentaux\\\/#breadcrumb\"},\"inLanguage\":\"fr-FR\",\"potentialAction\":[{\"@type\":\"ReadAction\",\"target\":[\"https:\\\/\\\/lasentinelle.dz\\\/index.php\\\/2025\\\/01\\\/22\\\/algerie-ouganda-consolider-la-cooperation-pour-faire-face-aux-defis-continentaux\\\/\"]}]},{\"@type\":\"ImageObject\",\"inLanguage\":\"fr-FR\",\"@id\":\"https:\\\/\\\/lasentinelle.dz\\\/index.php\\\/2025\\\/01\\\/22\\\/algerie-ouganda-consolider-la-cooperation-pour-faire-face-aux-defis-continentaux\\\/#primaryimage\",\"url\":\"https:\\\/\\\/lasentinelle.dz\\\/wp-content\\\/uploads\\\/2025\\\/01\\\/Chane.jpeg\",\"contentUrl\":\"https:\\\/\\\/lasentinelle.dz\\\/wp-content\\\/uploads\\\/2025\\\/01\\\/Chane.jpeg\",\"width\":2048,\"height\":1365},{\"@type\":\"BreadcrumbList\",\"@id\":\"https:\\\/\\\/lasentinelle.dz\\\/index.php\\\/2025\\\/01\\\/22\\\/algerie-ouganda-consolider-la-cooperation-pour-faire-face-aux-defis-continentaux\\\/#breadcrumb\",\"itemListElement\":[{\"@type\":\"ListItem\",\"position\":1,\"name\":\"Accueil\",\"item\":\"https:\\\/\\\/lasentinelle.dz\\\/\"},{\"@type\":\"ListItem\",\"position\":2,\"name\":\"Alg\u00e9rie- Ouganda : Consolider la coop\u00e9ration pour faire face aux d\u00e9fis continentaux\"}]},{\"@type\":\"WebSite\",\"@id\":\"https:\\\/\\\/lasentinelle.dz\\\/#website\",\"url\":\"https:\\\/\\\/lasentinelle.dz\\\/\",\"name\":\"La Sentinelle\",\"description\":\"Quotidien national d&#039;information\",\"publisher\":{\"@id\":\"https:\\\/\\\/lasentinelle.dz\\\/#organization\"},\"potentialAction\":[{\"@type\":\"SearchAction\",\"target\":{\"@type\":\"EntryPoint\",\"urlTemplate\":\"https:\\\/\\\/lasentinelle.dz\\\/?s={search_term_string}\"},\"query-input\":{\"@type\":\"PropertyValueSpecification\",\"valueRequired\":true,\"valueName\":\"search_term_string\"}}],\"inLanguage\":\"fr-FR\"},{\"@type\":\"Organization\",\"@id\":\"https:\\\/\\\/lasentinelle.dz\\\/#organization\",\"name\":\"Quotidien La Sentinelle\",\"url\":\"https:\\\/\\\/lasentinelle.dz\\\/\",\"logo\":{\"@type\":\"ImageObject\",\"inLanguage\":\"fr-FR\",\"@id\":\"https:\\\/\\\/lasentinelle.dz\\\/#\\\/schema\\\/logo\\\/image\\\/\",\"url\":\"https:\\\/\\\/lasentinelle.dz\\\/wp-content\\\/uploads\\\/2021\\\/09\\\/logo-sentinelleSLOGAN-1.png\",\"contentUrl\":\"https:\\\/\\\/lasentinelle.dz\\\/wp-content\\\/uploads\\\/2021\\\/09\\\/logo-sentinelleSLOGAN-1.png\",\"width\":615,\"height\":142,\"caption\":\"Quotidien La Sentinelle\"},\"image\":{\"@id\":\"https:\\\/\\\/lasentinelle.dz\\\/#\\\/schema\\\/logo\\\/image\\\/\"},\"sameAs\":[\"https:\\\/\\\/www.facebook.com\\\/La-Sentinelle-104059864394773\"]},{\"@type\":\"Person\",\"@id\":\"https:\\\/\\\/lasentinelle.dz\\\/#\\\/schema\\\/person\\\/729ee0024f24e0b8c5ec17232f8e8b41\",\"name\":\"admin\",\"image\":{\"@type\":\"ImageObject\",\"inLanguage\":\"fr-FR\",\"@id\":\"https:\\\/\\\/secure.gravatar.com\\\/avatar\\\/4c81fed838786e9b53f540bf46533e750f5d292099ae3b66cfc6fb1982e29df7?s=96&d=mm&r=g\",\"url\":\"https:\\\/\\\/secure.gravatar.com\\\/avatar\\\/4c81fed838786e9b53f540bf46533e750f5d292099ae3b66cfc6fb1982e29df7?s=96&d=mm&r=g\",\"contentUrl\":\"https:\\\/\\\/secure.gravatar.com\\\/avatar\\\/4c81fed838786e9b53f540bf46533e750f5d292099ae3b66cfc6fb1982e29df7?s=96&d=mm&r=g\",\"caption\":\"admin\"},\"description\":\"admin\",\"url\":\"https:\\\/\\\/lasentinelle.dz\\\/author\\\/admin\\\/\"}]}<\/script>\n<!-- \/ Yoast SEO plugin. -->","yoast_head_json":{"title":"Alg\u00e9rie- Ouganda : Consolider la coop\u00e9ration pour faire face aux d\u00e9fis continentaux - La Sentinelle","robots":{"index":"index","follow":"follow","max-snippet":"max-snippet:-1","max-image-preview":"max-image-preview:large","max-video-preview":"max-video-preview:-1"},"canonical":"https:\/\/lasentinelle.dz\/index.php\/2025\/01\/22\/algerie-ouganda-consolider-la-cooperation-pour-faire-face-aux-defis-continentaux\/","og_locale":"fr_FR","og_type":"article","og_title":"Alg\u00e9rie- Ouganda : Consolider la coop\u00e9ration pour faire face aux d\u00e9fis continentaux - La Sentinelle","og_description":"Dans un contexte international marqu\u00e9 par la multiplication des d\u00e9fis s\u00e9curitaires et la n\u00e9cessit\u00e9 d&rsquo;une r\u00e9ponse africaine coordonn\u00e9e aux menaces,","og_url":"https:\/\/lasentinelle.dz\/index.php\/2025\/01\/22\/algerie-ouganda-consolider-la-cooperation-pour-faire-face-aux-defis-continentaux\/","og_site_name":"La Sentinelle","article_publisher":"https:\/\/www.facebook.com\/La-Sentinelle-104059864394773","article_published_time":"2025-01-22T11:50:47+00:00","article_modified_time":"2025-01-25T11:51:39+00:00","og_image":[{"width":2048,"height":1365,"url":"https:\/\/lasentinelle.dz\/wp-content\/uploads\/2025\/01\/Chane.jpeg","type":"image\/jpeg"}],"author":"admin","twitter_card":"summary_large_image","twitter_misc":{"\u00c9crit par":"admin","Dur\u00e9e de lecture estim\u00e9e":"5 minutes"},"schema":{"@context":"https:\/\/schema.org","@graph":[{"@type":"Article","@id":"https:\/\/lasentinelle.dz\/index.php\/2025\/01\/22\/algerie-ouganda-consolider-la-cooperation-pour-faire-face-aux-defis-continentaux\/#article","isPartOf":{"@id":"https:\/\/lasentinelle.dz\/index.php\/2025\/01\/22\/algerie-ouganda-consolider-la-cooperation-pour-faire-face-aux-defis-continentaux\/"},"author":{"name":"admin","@id":"https:\/\/lasentinelle.dz\/#\/schema\/person\/729ee0024f24e0b8c5ec17232f8e8b41"},"headline":"Alg\u00e9rie- Ouganda : Consolider la coop\u00e9ration pour faire face aux d\u00e9fis continentaux","datePublished":"2025-01-22T11:50:47+00:00","dateModified":"2025-01-25T11:51:39+00:00","mainEntityOfPage":{"@id":"https:\/\/lasentinelle.dz\/index.php\/2025\/01\/22\/algerie-ouganda-consolider-la-cooperation-pour-faire-face-aux-defis-continentaux\/"},"wordCount":1016,"commentCount":0,"publisher":{"@id":"https:\/\/lasentinelle.dz\/#organization"},"image":{"@id":"https:\/\/lasentinelle.dz\/index.php\/2025\/01\/22\/algerie-ouganda-consolider-la-cooperation-pour-faire-face-aux-defis-continentaux\/#primaryimage"},"thumbnailUrl":"https:\/\/lasentinelle.dz\/wp-content\/uploads\/2025\/01\/Chane.jpeg","articleSection":["\u00c0 la Une","Actualit\u00e9"],"inLanguage":"fr-FR","potentialAction":[{"@type":"CommentAction","name":"Comment","target":["https:\/\/lasentinelle.dz\/index.php\/2025\/01\/22\/algerie-ouganda-consolider-la-cooperation-pour-faire-face-aux-defis-continentaux\/#respond"]}]},{"@type":"WebPage","@id":"https:\/\/lasentinelle.dz\/index.php\/2025\/01\/22\/algerie-ouganda-consolider-la-cooperation-pour-faire-face-aux-defis-continentaux\/","url":"https:\/\/lasentinelle.dz\/index.php\/2025\/01\/22\/algerie-ouganda-consolider-la-cooperation-pour-faire-face-aux-defis-continentaux\/","name":"Alg\u00e9rie- Ouganda : Consolider la coop\u00e9ration pour faire face aux d\u00e9fis continentaux - La Sentinelle","isPartOf":{"@id":"https:\/\/lasentinelle.dz\/#website"},"primaryImageOfPage":{"@id":"https:\/\/lasentinelle.dz\/index.php\/2025\/01\/22\/algerie-ouganda-consolider-la-cooperation-pour-faire-face-aux-defis-continentaux\/#primaryimage"},"image":{"@id":"https:\/\/lasentinelle.dz\/index.php\/2025\/01\/22\/algerie-ouganda-consolider-la-cooperation-pour-faire-face-aux-defis-continentaux\/#primaryimage"},"thumbnailUrl":"https:\/\/lasentinelle.dz\/wp-content\/uploads\/2025\/01\/Chane.jpeg","datePublished":"2025-01-22T11:50:47+00:00","dateModified":"2025-01-25T11:51:39+00:00","breadcrumb":{"@id":"https:\/\/lasentinelle.dz\/index.php\/2025\/01\/22\/algerie-ouganda-consolider-la-cooperation-pour-faire-face-aux-defis-continentaux\/#breadcrumb"},"inLanguage":"fr-FR","potentialAction":[{"@type":"ReadAction","target":["https:\/\/lasentinelle.dz\/index.php\/2025\/01\/22\/algerie-ouganda-consolider-la-cooperation-pour-faire-face-aux-defis-continentaux\/"]}]},{"@type":"ImageObject","inLanguage":"fr-FR","@id":"https:\/\/lasentinelle.dz\/index.php\/2025\/01\/22\/algerie-ouganda-consolider-la-cooperation-pour-faire-face-aux-defis-continentaux\/#primaryimage","url":"https:\/\/lasentinelle.dz\/wp-content\/uploads\/2025\/01\/Chane.jpeg","contentUrl":"https:\/\/lasentinelle.dz\/wp-content\/uploads\/2025\/01\/Chane.jpeg","width":2048,"height":1365},{"@type":"BreadcrumbList","@id":"https:\/\/lasentinelle.dz\/index.php\/2025\/01\/22\/algerie-ouganda-consolider-la-cooperation-pour-faire-face-aux-defis-continentaux\/#breadcrumb","itemListElement":[{"@type":"ListItem","position":1,"name":"Accueil","item":"https:\/\/lasentinelle.dz\/"},{"@type":"ListItem","position":2,"name":"Alg\u00e9rie- Ouganda : Consolider la coop\u00e9ration pour faire face aux d\u00e9fis continentaux"}]},{"@type":"WebSite","@id":"https:\/\/lasentinelle.dz\/#website","url":"https:\/\/lasentinelle.dz\/","name":"La Sentinelle","description":"Quotidien national d&#039;information","publisher":{"@id":"https:\/\/lasentinelle.dz\/#organization"},"potentialAction":[{"@type":"SearchAction","target":{"@type":"EntryPoint","urlTemplate":"https:\/\/lasentinelle.dz\/?s={search_term_string}"},"query-input":{"@type":"PropertyValueSpecification","valueRequired":true,"valueName":"search_term_string"}}],"inLanguage":"fr-FR"},{"@type":"Organization","@id":"https:\/\/lasentinelle.dz\/#organization","name":"Quotidien La Sentinelle","url":"https:\/\/lasentinelle.dz\/","logo":{"@type":"ImageObject","inLanguage":"fr-FR","@id":"https:\/\/lasentinelle.dz\/#\/schema\/logo\/image\/","url":"https:\/\/lasentinelle.dz\/wp-content\/uploads\/2021\/09\/logo-sentinelleSLOGAN-1.png","contentUrl":"https:\/\/lasentinelle.dz\/wp-content\/uploads\/2021\/09\/logo-sentinelleSLOGAN-1.png","width":615,"height":142,"caption":"Quotidien La Sentinelle"},"image":{"@id":"https:\/\/lasentinelle.dz\/#\/schema\/logo\/image\/"},"sameAs":["https:\/\/www.facebook.com\/La-Sentinelle-104059864394773"]},{"@type":"Person","@id":"https:\/\/lasentinelle.dz\/#\/schema\/person\/729ee0024f24e0b8c5ec17232f8e8b41","name":"admin","image":{"@type":"ImageObject","inLanguage":"fr-FR","@id":"https:\/\/secure.gravatar.com\/avatar\/4c81fed838786e9b53f540bf46533e750f5d292099ae3b66cfc6fb1982e29df7?s=96&d=mm&r=g","url":"https:\/\/secure.gravatar.com\/avatar\/4c81fed838786e9b53f540bf46533e750f5d292099ae3b66cfc6fb1982e29df7?s=96&d=mm&r=g","contentUrl":"https:\/\/secure.gravatar.com\/avatar\/4c81fed838786e9b53f540bf46533e750f5d292099ae3b66cfc6fb1982e29df7?s=96&d=mm&r=g","caption":"admin"},"description":"admin","url":"https:\/\/lasentinelle.dz\/author\/admin\/"}]}},"_links":{"self":[{"href":"https:\/\/lasentinelle.dz\/index.php\/wp-json\/wp\/v2\/posts\/62013","targetHints":{"allow":["GET"]}}],"collection":[{"href":"https:\/\/lasentinelle.dz\/index.php\/wp-json\/wp\/v2\/posts"}],"about":[{"href":"https:\/\/lasentinelle.dz\/index.php\/wp-json\/wp\/v2\/types\/post"}],"author":[{"embeddable":true,"href":"https:\/\/lasentinelle.dz\/index.php\/wp-json\/wp\/v2\/users\/6"}],"replies":[{"embeddable":true,"href":"https:\/\/lasentinelle.dz\/index.php\/wp-json\/wp\/v2\/comments?post=62013"}],"version-history":[{"count":1,"href":"https:\/\/lasentinelle.dz\/index.php\/wp-json\/wp\/v2\/posts\/62013\/revisions"}],"predecessor-version":[{"id":62015,"href":"https:\/\/lasentinelle.dz\/index.php\/wp-json\/wp\/v2\/posts\/62013\/revisions\/62015"}],"wp:featuredmedia":[{"embeddable":true,"href":"https:\/\/lasentinelle.dz\/index.php\/wp-json\/wp\/v2\/media\/62014"}],"wp:attachment":[{"href":"https:\/\/lasentinelle.dz\/index.php\/wp-json\/wp\/v2\/media?parent=62013"}],"wp:term":[{"taxonomy":"category","embeddable":true,"href":"https:\/\/lasentinelle.dz\/index.php\/wp-json\/wp\/v2\/categories?post=62013"},{"taxonomy":"post_tag","embeddable":true,"href":"https:\/\/lasentinelle.dz\/index.php\/wp-json\/wp\/v2\/tags?post=62013"}],"curies":[{"name":"wp","href":"https:\/\/api.w.org\/{rel}","templated":true}]}}