{"id":62031,"date":"2025-01-22T12:59:38","date_gmt":"2025-01-22T11:59:38","guid":{"rendered":"https:\/\/lasentinelle.dz\/?p=62031"},"modified":"2025-01-25T13:00:09","modified_gmt":"2025-01-25T12:00:09","slug":"lexecutif-entend-inonder-le-marche-pendant-le-ramadhan","status":"publish","type":"post","link":"https:\/\/lasentinelle.dz\/index.php\/2025\/01\/22\/lexecutif-entend-inonder-le-marche-pendant-le-ramadhan\/","title":{"rendered":"L\u2019Ex\u00e9cutif entend inonder le march\u00e9 pendant le Ramadhan"},"content":{"rendered":"\n<p>Les importateurs ont \u00e9t\u00e9 astreints \u00e0 importer plus de 50.000 tonnes de viande au premier trimestre 2025.Haut du formulaire<\/p>\n\n\n\n<p>Les pr\u00e9paratifs pour le Ramadhan 2025 sont marqu\u00e9s par une mobilisation gouvernementale sans pr\u00e9c\u00e9dent, avec un arsenal de mesures exceptionnelles destin\u00e9es \u00e0 garantir l&rsquo;approvisionnement du march\u00e9 et la stabilit\u00e9 des prix pendant ce mois sacr\u00e9 qui d\u00e9butera en mars prochain. Cette p\u00e9riode, traditionnellement marqu\u00e9e par une hausse significative de la consommation des m\u00e9nages, fait l&rsquo;objet d&rsquo;une attention particuli\u00e8re des autorit\u00e9s, comme en t\u00e9moigne la r\u00e9union de coordination tenue hier \u00e0 Alger entre le ministre du Commerce int\u00e9rieur et de la R\u00e9gulation du march\u00e9 national, Tayeb Zitouni, et le ministre de l&rsquo;Agriculture, du D\u00e9veloppement rural et de la P\u00eache, Youcef Cherfa. L&rsquo;une des mesures phares concerne l&rsquo;importation massive de viandes rouges, un produit dont la demande conna\u00eet une hausse consid\u00e9rable pendant le Ramadhan. Sur ce point, le ministre Zitouni a \u00e9t\u00e9 cat\u00e9gorique : \u00ab\u00a0Nous avons astreint les importateurs \u00e0 importer 12.356 tonnes en janvier, 18.165 tonnes en f\u00e9vrier et 20.050 tonnes en mars\u00a0\u00bb, pr\u00e9cisant que ces chiffres correspondent aux licences d&rsquo;importation d\u00e9livr\u00e9es. Cette programmation vise \u00e0 garantir la disponibilit\u00e9 d&rsquo;au moins 13.000 tonnes de viande rouge pendant le mois de je\u00fbne, un objectif ambitieux qui t\u00e9moigne de la volont\u00e9 gouvernementale de pr\u00e9venir toute p\u00e9nurie. Le dispositif mis en place ne se limite pas aux seules importations de viande. Le ministre de l&rsquo;Agriculture, Youcef Cherfa, a soulign\u00e9 que \u00ab\u00a0cette d\u00e9marche s&rsquo;appuie sur une planification qui inclut la production locale, le stockage strat\u00e9gique et, si n\u00e9cessaire, l&rsquo;importation de produits sp\u00e9cifiques\u00a0\u00bb. Cette strat\u00e9gie globale englobe l&rsquo;ensemble des produits de grande consommation, avec des mesures sp\u00e9cifiques pour chaque fili\u00e8re. Dans le secteur des c\u00e9r\u00e9ales, les autorit\u00e9s ont augment\u00e9 de 20% les quotas de bl\u00e9 attribu\u00e9s aux minoteries priv\u00e9es pour faire face \u00e0 la demande accrue en semoule et en farine. Pour le lait, produit particuli\u00e8rement sensible pendant le Ramadhan, un programme de renforcement de la production pr\u00e9voit l&rsquo;injection d&rsquo;une quantit\u00e9 suppl\u00e9mentaire de 3.000 tonnes de poudre de lait. Cette mesure sera compl\u00e9t\u00e9e par l&rsquo;entr\u00e9e en service de deux nouvelles laiteries \u00e0 Bouira et Bordj Badji Mokhtar.<\/p>\n\n\n\n<p>Haro sur la sp\u00e9culation<\/p>\n\n\n\n<p>Le dispositif pr\u00e9voit \u00e9galement une r\u00e9organisation compl\u00e8te de la distribution avec l&rsquo;ouverture de 600 points de vente directe affili\u00e9s \u00e0 l&rsquo;OAIC \u00e0 travers le pays, auxquels s&rsquo;ajouteront 915 points de vente d\u00e9pendant des entreprises et offices du secteur agricole. Cette multiplication des points de vente vise \u00e0 rapprocher les produits des consommateurs et \u00e0 maintenir des prix comp\u00e9titifs en r\u00e9duisant les circuits de distribution. Des mesures exceptionnelles ont \u00e9galement \u00e9t\u00e9 prises concernant l&rsquo;organisation du travail pendant cette p\u00e9riode. Les march\u00e9s de gros des l\u00e9gumes et fruits, y compris la Soci\u00e9t\u00e9 Magros, devront maintenir leur activit\u00e9 pendant les weekends et le jour de l&rsquo;A\u00efd El Fitr. Par ailleurs, le ministre du Commerce a d\u00e9cr\u00e9t\u00e9 le gel du programme d&rsquo;arr\u00eats techniques de toutes les unit\u00e9s industrielles et de transformation des produits alimentaires pendant le premier trimestre 2025. Pour faciliter les importations de produits compl\u00e9mentaires, les autorit\u00e9s ont acc\u00e9l\u00e9r\u00e9 le traitement des demandes d&rsquo;autorisation de domiciliation bancaire pour les importateurs de bananes, fruits secs, \u00e9pices, levure, th\u00e9 et caf\u00e9 vert. Une mesure qui s&rsquo;accompagne d&rsquo;un engagement \u00e0 acc\u00e9l\u00e9rer les proc\u00e9dures de d\u00e9douanement pour permettre une mise sur le march\u00e9 rapide des produits import\u00e9s. Le contr\u00f4le a \u00e9galement \u00e9t\u00e9 renforc\u00e9 avec l&rsquo;intensification des inspections des \u00e9quipes mixtes au niveau des chambres froides et des entrep\u00f4ts de stockage. Les walis ont \u00e9t\u00e9 mobilis\u00e9s pour suivre les op\u00e9rations d&rsquo;approvisionnement et activer les cellules de veille locales, avec pour mission de lutter contre toute tentative de monopole ou de sp\u00e9culation. Cette mobilisation exceptionnelle t\u00e9moigne de l&rsquo;importance accord\u00e9e par les autorit\u00e9s \u00e0 la stabilit\u00e9 du march\u00e9 pendant le Ramadhan, p\u00e9riode cruciale pour le pouvoir d&rsquo;achat des citoyens. Les diff\u00e9rentes mesures annonc\u00e9es semblent indiquer une approche plus proactive et mieux coordonn\u00e9e que les ann\u00e9es pr\u00e9c\u00e9dentes, avec une attention particuli\u00e8re port\u00e9e \u00e0 la compl\u00e9mentarit\u00e9 entre production locale et importations. L&rsquo;Union nationale des paysans alg\u00e9riens (UNPA), par la voix de son secr\u00e9taire g\u00e9n\u00e9ral Abdellatif Dilmi, a apport\u00e9 son soutien \u00e0 ce dispositif en r\u00e9affirmant l&rsquo;engagement des agriculteurs et \u00e9leveurs \u00e0 assurer un approvisionnement suffisant du march\u00e9. Cette collaboration entre les secteurs public et priv\u00e9 appara\u00eet comme un \u00e9l\u00e9ment cl\u00e9 de la strat\u00e9gie gouvernementale pour garantir la stabilit\u00e9 du march\u00e9 pendant ce mois de forte consommation. Les autorit\u00e9s semblent ainsi avoir tir\u00e9 les le\u00e7ons des exp\u00e9riences pass\u00e9es en mettant en place un dispositif global qui combine anticipation des besoins, diversification des sources d&rsquo;approvisionnement, renforcement des contr\u00f4les et multiplication des points de vente. L&rsquo;efficacit\u00e9 de ces mesures sera particuli\u00e8rement scrut\u00e9e pendant le mois de Ramadhan, qui constituera un test important pour la capacit\u00e9 du gouvernement \u00e0 g\u00e9rer les pics de consommation tout en maintenant la stabilit\u00e9 des prix.<\/p>\n\n\n\n<p>Samir Benisid<\/p>\n","protected":false},"excerpt":{"rendered":"<p>Les importateurs ont \u00e9t\u00e9 astreints \u00e0 importer plus de 50.000 tonnes de viande au premier trimestre 2025.Haut du formulaire Les<\/p>\n","protected":false},"author":6,"featured_media":62032,"comment_status":"open","ping_status":"closed","sticky":false,"template":"","format":"standard","meta":{"colormag_page_container_layout":"default_layout","colormag_page_sidebar_layout":"default_layout","om_disable_all_campaigns":false,"_monsterinsights_skip_tracking":false,"_monsterinsights_sitenote_active":false,"_monsterinsights_sitenote_note":"","_monsterinsights_sitenote_category":0,"footnotes":"","_wpscppro_dont_share_socialmedia":false,"_wpscppro_custom_social_share_image":0,"_facebook_share_type":"default","_twitter_share_type":"default","_linkedin_share_type":"default","_pinterest_share_type":"default","_linkedin_share_type_page":"","_instagram_share_type":"default","_medium_share_type":"default","_threads_share_type":"","_google_business_share_type":"","_selected_social_profile":[],"_wpsp_enable_custom_social_template":false,"_wpsp_social_scheduling":{"enabled":false,"datetime":null,"platforms":[],"status":"template_only","dateOption":"today","timeOption":"now","customDays":"","customHours":"","customDate":"","customTime":"","schedulingType":"absolute"},"_wpsp_active_default_template":true},"categories":[52,27],"tags":[],"class_list":["post-62031","post","type-post","status-publish","format-standard","has-post-thumbnail","hentry","category-a-la-une","category-actualite"],"aioseo_notices":[],"yoast_head":"<!-- This site is optimized with the Yoast SEO plugin v27.4 - https:\/\/yoast.com\/product\/yoast-seo-wordpress\/ -->\n<title>L\u2019Ex\u00e9cutif entend inonder le march\u00e9 pendant le Ramadhan - La Sentinelle<\/title>\n<meta name=\"robots\" content=\"index, follow, max-snippet:-1, max-image-preview:large, max-video-preview:-1\" \/>\n<link rel=\"canonical\" href=\"https:\/\/lasentinelle.dz\/index.php\/2025\/01\/22\/lexecutif-entend-inonder-le-marche-pendant-le-ramadhan\/\" \/>\n<meta property=\"og:locale\" content=\"fr_FR\" \/>\n<meta property=\"og:type\" content=\"article\" \/>\n<meta property=\"og:title\" content=\"L\u2019Ex\u00e9cutif entend inonder le march\u00e9 pendant le Ramadhan - La Sentinelle\" \/>\n<meta property=\"og:description\" content=\"Les importateurs ont \u00e9t\u00e9 astreints \u00e0 importer plus de 50.000 tonnes de viande au premier trimestre 2025.Haut du formulaire Les\" \/>\n<meta property=\"og:url\" content=\"https:\/\/lasentinelle.dz\/index.php\/2025\/01\/22\/lexecutif-entend-inonder-le-marche-pendant-le-ramadhan\/\" \/>\n<meta property=\"og:site_name\" content=\"La Sentinelle\" \/>\n<meta property=\"article:publisher\" content=\"https:\/\/www.facebook.com\/La-Sentinelle-104059864394773\" \/>\n<meta property=\"article:published_time\" content=\"2025-01-22T11:59:38+00:00\" \/>\n<meta property=\"article:modified_time\" content=\"2025-01-25T12:00:09+00:00\" \/>\n<meta property=\"og:image\" content=\"https:\/\/lasentinelle.dz\/wp-content\/uploads\/2025\/01\/marche-algerie.jpeg\" \/>\n\t<meta property=\"og:image:width\" content=\"800\" \/>\n\t<meta property=\"og:image:height\" content=\"534\" \/>\n\t<meta property=\"og:image:type\" content=\"image\/jpeg\" \/>\n<meta name=\"author\" content=\"admin\" \/>\n<meta name=\"twitter:card\" content=\"summary_large_image\" \/>\n<meta name=\"twitter:label1\" content=\"\u00c9crit par\" \/>\n\t<meta name=\"twitter:data1\" content=\"admin\" \/>\n\t<meta name=\"twitter:label2\" content=\"Dur\u00e9e de lecture estim\u00e9e\" \/>\n\t<meta name=\"twitter:data2\" content=\"5 minutes\" \/>\n<script type=\"application\/ld+json\" class=\"yoast-schema-graph\">{\"@context\":\"https:\\\/\\\/schema.org\",\"@graph\":[{\"@type\":\"Article\",\"@id\":\"https:\\\/\\\/lasentinelle.dz\\\/index.php\\\/2025\\\/01\\\/22\\\/lexecutif-entend-inonder-le-marche-pendant-le-ramadhan\\\/#article\",\"isPartOf\":{\"@id\":\"https:\\\/\\\/lasentinelle.dz\\\/index.php\\\/2025\\\/01\\\/22\\\/lexecutif-entend-inonder-le-marche-pendant-le-ramadhan\\\/\"},\"author\":{\"name\":\"admin\",\"@id\":\"https:\\\/\\\/lasentinelle.dz\\\/#\\\/schema\\\/person\\\/729ee0024f24e0b8c5ec17232f8e8b41\"},\"headline\":\"L\u2019Ex\u00e9cutif entend inonder le march\u00e9 pendant le Ramadhan\",\"datePublished\":\"2025-01-22T11:59:38+00:00\",\"dateModified\":\"2025-01-25T12:00:09+00:00\",\"mainEntityOfPage\":{\"@id\":\"https:\\\/\\\/lasentinelle.dz\\\/index.php\\\/2025\\\/01\\\/22\\\/lexecutif-entend-inonder-le-marche-pendant-le-ramadhan\\\/\"},\"wordCount\":910,\"commentCount\":0,\"publisher\":{\"@id\":\"https:\\\/\\\/lasentinelle.dz\\\/#organization\"},\"image\":{\"@id\":\"https:\\\/\\\/lasentinelle.dz\\\/index.php\\\/2025\\\/01\\\/22\\\/lexecutif-entend-inonder-le-marche-pendant-le-ramadhan\\\/#primaryimage\"},\"thumbnailUrl\":\"https:\\\/\\\/lasentinelle.dz\\\/wp-content\\\/uploads\\\/2025\\\/01\\\/marche-algerie.jpeg\",\"articleSection\":[\"\u00c0 la Une\",\"Actualit\u00e9\"],\"inLanguage\":\"fr-FR\",\"potentialAction\":[{\"@type\":\"CommentAction\",\"name\":\"Comment\",\"target\":[\"https:\\\/\\\/lasentinelle.dz\\\/index.php\\\/2025\\\/01\\\/22\\\/lexecutif-entend-inonder-le-marche-pendant-le-ramadhan\\\/#respond\"]}]},{\"@type\":\"WebPage\",\"@id\":\"https:\\\/\\\/lasentinelle.dz\\\/index.php\\\/2025\\\/01\\\/22\\\/lexecutif-entend-inonder-le-marche-pendant-le-ramadhan\\\/\",\"url\":\"https:\\\/\\\/lasentinelle.dz\\\/index.php\\\/2025\\\/01\\\/22\\\/lexecutif-entend-inonder-le-marche-pendant-le-ramadhan\\\/\",\"name\":\"L\u2019Ex\u00e9cutif entend inonder le march\u00e9 pendant le Ramadhan - La Sentinelle\",\"isPartOf\":{\"@id\":\"https:\\\/\\\/lasentinelle.dz\\\/#website\"},\"primaryImageOfPage\":{\"@id\":\"https:\\\/\\\/lasentinelle.dz\\\/index.php\\\/2025\\\/01\\\/22\\\/lexecutif-entend-inonder-le-marche-pendant-le-ramadhan\\\/#primaryimage\"},\"image\":{\"@id\":\"https:\\\/\\\/lasentinelle.dz\\\/index.php\\\/2025\\\/01\\\/22\\\/lexecutif-entend-inonder-le-marche-pendant-le-ramadhan\\\/#primaryimage\"},\"thumbnailUrl\":\"https:\\\/\\\/lasentinelle.dz\\\/wp-content\\\/uploads\\\/2025\\\/01\\\/marche-algerie.jpeg\",\"datePublished\":\"2025-01-22T11:59:38+00:00\",\"dateModified\":\"2025-01-25T12:00:09+00:00\",\"breadcrumb\":{\"@id\":\"https:\\\/\\\/lasentinelle.dz\\\/index.php\\\/2025\\\/01\\\/22\\\/lexecutif-entend-inonder-le-marche-pendant-le-ramadhan\\\/#breadcrumb\"},\"inLanguage\":\"fr-FR\",\"potentialAction\":[{\"@type\":\"ReadAction\",\"target\":[\"https:\\\/\\\/lasentinelle.dz\\\/index.php\\\/2025\\\/01\\\/22\\\/lexecutif-entend-inonder-le-marche-pendant-le-ramadhan\\\/\"]}]},{\"@type\":\"ImageObject\",\"inLanguage\":\"fr-FR\",\"@id\":\"https:\\\/\\\/lasentinelle.dz\\\/index.php\\\/2025\\\/01\\\/22\\\/lexecutif-entend-inonder-le-marche-pendant-le-ramadhan\\\/#primaryimage\",\"url\":\"https:\\\/\\\/lasentinelle.dz\\\/wp-content\\\/uploads\\\/2025\\\/01\\\/marche-algerie.jpeg\",\"contentUrl\":\"https:\\\/\\\/lasentinelle.dz\\\/wp-content\\\/uploads\\\/2025\\\/01\\\/marche-algerie.jpeg\",\"width\":800,\"height\":534,\"caption\":\"CREATOR: gd-jpeg v1.0 (using IJG JPEG v80), quality = 90\"},{\"@type\":\"BreadcrumbList\",\"@id\":\"https:\\\/\\\/lasentinelle.dz\\\/index.php\\\/2025\\\/01\\\/22\\\/lexecutif-entend-inonder-le-marche-pendant-le-ramadhan\\\/#breadcrumb\",\"itemListElement\":[{\"@type\":\"ListItem\",\"position\":1,\"name\":\"Accueil\",\"item\":\"https:\\\/\\\/lasentinelle.dz\\\/\"},{\"@type\":\"ListItem\",\"position\":2,\"name\":\"L\u2019Ex\u00e9cutif entend inonder le march\u00e9 pendant le Ramadhan\"}]},{\"@type\":\"WebSite\",\"@id\":\"https:\\\/\\\/lasentinelle.dz\\\/#website\",\"url\":\"https:\\\/\\\/lasentinelle.dz\\\/\",\"name\":\"La Sentinelle\",\"description\":\"Quotidien national d&#039;information\",\"publisher\":{\"@id\":\"https:\\\/\\\/lasentinelle.dz\\\/#organization\"},\"potentialAction\":[{\"@type\":\"SearchAction\",\"target\":{\"@type\":\"EntryPoint\",\"urlTemplate\":\"https:\\\/\\\/lasentinelle.dz\\\/?s={search_term_string}\"},\"query-input\":{\"@type\":\"PropertyValueSpecification\",\"valueRequired\":true,\"valueName\":\"search_term_string\"}}],\"inLanguage\":\"fr-FR\"},{\"@type\":\"Organization\",\"@id\":\"https:\\\/\\\/lasentinelle.dz\\\/#organization\",\"name\":\"Quotidien La Sentinelle\",\"url\":\"https:\\\/\\\/lasentinelle.dz\\\/\",\"logo\":{\"@type\":\"ImageObject\",\"inLanguage\":\"fr-FR\",\"@id\":\"https:\\\/\\\/lasentinelle.dz\\\/#\\\/schema\\\/logo\\\/image\\\/\",\"url\":\"https:\\\/\\\/lasentinelle.dz\\\/wp-content\\\/uploads\\\/2021\\\/09\\\/logo-sentinelleSLOGAN-1.png\",\"contentUrl\":\"https:\\\/\\\/lasentinelle.dz\\\/wp-content\\\/uploads\\\/2021\\\/09\\\/logo-sentinelleSLOGAN-1.png\",\"width\":615,\"height\":142,\"caption\":\"Quotidien La Sentinelle\"},\"image\":{\"@id\":\"https:\\\/\\\/lasentinelle.dz\\\/#\\\/schema\\\/logo\\\/image\\\/\"},\"sameAs\":[\"https:\\\/\\\/www.facebook.com\\\/La-Sentinelle-104059864394773\"]},{\"@type\":\"Person\",\"@id\":\"https:\\\/\\\/lasentinelle.dz\\\/#\\\/schema\\\/person\\\/729ee0024f24e0b8c5ec17232f8e8b41\",\"name\":\"admin\",\"image\":{\"@type\":\"ImageObject\",\"inLanguage\":\"fr-FR\",\"@id\":\"https:\\\/\\\/secure.gravatar.com\\\/avatar\\\/4c81fed838786e9b53f540bf46533e750f5d292099ae3b66cfc6fb1982e29df7?s=96&d=mm&r=g\",\"url\":\"https:\\\/\\\/secure.gravatar.com\\\/avatar\\\/4c81fed838786e9b53f540bf46533e750f5d292099ae3b66cfc6fb1982e29df7?s=96&d=mm&r=g\",\"contentUrl\":\"https:\\\/\\\/secure.gravatar.com\\\/avatar\\\/4c81fed838786e9b53f540bf46533e750f5d292099ae3b66cfc6fb1982e29df7?s=96&d=mm&r=g\",\"caption\":\"admin\"},\"description\":\"admin\",\"url\":\"https:\\\/\\\/lasentinelle.dz\\\/author\\\/admin\\\/\"}]}<\/script>\n<!-- \/ Yoast SEO plugin. -->","yoast_head_json":{"title":"L\u2019Ex\u00e9cutif entend inonder le march\u00e9 pendant le Ramadhan - La Sentinelle","robots":{"index":"index","follow":"follow","max-snippet":"max-snippet:-1","max-image-preview":"max-image-preview:large","max-video-preview":"max-video-preview:-1"},"canonical":"https:\/\/lasentinelle.dz\/index.php\/2025\/01\/22\/lexecutif-entend-inonder-le-marche-pendant-le-ramadhan\/","og_locale":"fr_FR","og_type":"article","og_title":"L\u2019Ex\u00e9cutif entend inonder le march\u00e9 pendant le Ramadhan - La Sentinelle","og_description":"Les importateurs ont \u00e9t\u00e9 astreints \u00e0 importer plus de 50.000 tonnes de viande au premier trimestre 2025.Haut du formulaire Les","og_url":"https:\/\/lasentinelle.dz\/index.php\/2025\/01\/22\/lexecutif-entend-inonder-le-marche-pendant-le-ramadhan\/","og_site_name":"La Sentinelle","article_publisher":"https:\/\/www.facebook.com\/La-Sentinelle-104059864394773","article_published_time":"2025-01-22T11:59:38+00:00","article_modified_time":"2025-01-25T12:00:09+00:00","og_image":[{"width":800,"height":534,"url":"https:\/\/lasentinelle.dz\/wp-content\/uploads\/2025\/01\/marche-algerie.jpeg","type":"image\/jpeg"}],"author":"admin","twitter_card":"summary_large_image","twitter_misc":{"\u00c9crit par":"admin","Dur\u00e9e de lecture estim\u00e9e":"5 minutes"},"schema":{"@context":"https:\/\/schema.org","@graph":[{"@type":"Article","@id":"https:\/\/lasentinelle.dz\/index.php\/2025\/01\/22\/lexecutif-entend-inonder-le-marche-pendant-le-ramadhan\/#article","isPartOf":{"@id":"https:\/\/lasentinelle.dz\/index.php\/2025\/01\/22\/lexecutif-entend-inonder-le-marche-pendant-le-ramadhan\/"},"author":{"name":"admin","@id":"https:\/\/lasentinelle.dz\/#\/schema\/person\/729ee0024f24e0b8c5ec17232f8e8b41"},"headline":"L\u2019Ex\u00e9cutif entend inonder le march\u00e9 pendant le Ramadhan","datePublished":"2025-01-22T11:59:38+00:00","dateModified":"2025-01-25T12:00:09+00:00","mainEntityOfPage":{"@id":"https:\/\/lasentinelle.dz\/index.php\/2025\/01\/22\/lexecutif-entend-inonder-le-marche-pendant-le-ramadhan\/"},"wordCount":910,"commentCount":0,"publisher":{"@id":"https:\/\/lasentinelle.dz\/#organization"},"image":{"@id":"https:\/\/lasentinelle.dz\/index.php\/2025\/01\/22\/lexecutif-entend-inonder-le-marche-pendant-le-ramadhan\/#primaryimage"},"thumbnailUrl":"https:\/\/lasentinelle.dz\/wp-content\/uploads\/2025\/01\/marche-algerie.jpeg","articleSection":["\u00c0 la Une","Actualit\u00e9"],"inLanguage":"fr-FR","potentialAction":[{"@type":"CommentAction","name":"Comment","target":["https:\/\/lasentinelle.dz\/index.php\/2025\/01\/22\/lexecutif-entend-inonder-le-marche-pendant-le-ramadhan\/#respond"]}]},{"@type":"WebPage","@id":"https:\/\/lasentinelle.dz\/index.php\/2025\/01\/22\/lexecutif-entend-inonder-le-marche-pendant-le-ramadhan\/","url":"https:\/\/lasentinelle.dz\/index.php\/2025\/01\/22\/lexecutif-entend-inonder-le-marche-pendant-le-ramadhan\/","name":"L\u2019Ex\u00e9cutif entend inonder le march\u00e9 pendant le Ramadhan - La Sentinelle","isPartOf":{"@id":"https:\/\/lasentinelle.dz\/#website"},"primaryImageOfPage":{"@id":"https:\/\/lasentinelle.dz\/index.php\/2025\/01\/22\/lexecutif-entend-inonder-le-marche-pendant-le-ramadhan\/#primaryimage"},"image":{"@id":"https:\/\/lasentinelle.dz\/index.php\/2025\/01\/22\/lexecutif-entend-inonder-le-marche-pendant-le-ramadhan\/#primaryimage"},"thumbnailUrl":"https:\/\/lasentinelle.dz\/wp-content\/uploads\/2025\/01\/marche-algerie.jpeg","datePublished":"2025-01-22T11:59:38+00:00","dateModified":"2025-01-25T12:00:09+00:00","breadcrumb":{"@id":"https:\/\/lasentinelle.dz\/index.php\/2025\/01\/22\/lexecutif-entend-inonder-le-marche-pendant-le-ramadhan\/#breadcrumb"},"inLanguage":"fr-FR","potentialAction":[{"@type":"ReadAction","target":["https:\/\/lasentinelle.dz\/index.php\/2025\/01\/22\/lexecutif-entend-inonder-le-marche-pendant-le-ramadhan\/"]}]},{"@type":"ImageObject","inLanguage":"fr-FR","@id":"https:\/\/lasentinelle.dz\/index.php\/2025\/01\/22\/lexecutif-entend-inonder-le-marche-pendant-le-ramadhan\/#primaryimage","url":"https:\/\/lasentinelle.dz\/wp-content\/uploads\/2025\/01\/marche-algerie.jpeg","contentUrl":"https:\/\/lasentinelle.dz\/wp-content\/uploads\/2025\/01\/marche-algerie.jpeg","width":800,"height":534,"caption":"CREATOR: gd-jpeg v1.0 (using IJG JPEG v80), quality = 90"},{"@type":"BreadcrumbList","@id":"https:\/\/lasentinelle.dz\/index.php\/2025\/01\/22\/lexecutif-entend-inonder-le-marche-pendant-le-ramadhan\/#breadcrumb","itemListElement":[{"@type":"ListItem","position":1,"name":"Accueil","item":"https:\/\/lasentinelle.dz\/"},{"@type":"ListItem","position":2,"name":"L\u2019Ex\u00e9cutif entend inonder le march\u00e9 pendant le Ramadhan"}]},{"@type":"WebSite","@id":"https:\/\/lasentinelle.dz\/#website","url":"https:\/\/lasentinelle.dz\/","name":"La Sentinelle","description":"Quotidien national d&#039;information","publisher":{"@id":"https:\/\/lasentinelle.dz\/#organization"},"potentialAction":[{"@type":"SearchAction","target":{"@type":"EntryPoint","urlTemplate":"https:\/\/lasentinelle.dz\/?s={search_term_string}"},"query-input":{"@type":"PropertyValueSpecification","valueRequired":true,"valueName":"search_term_string"}}],"inLanguage":"fr-FR"},{"@type":"Organization","@id":"https:\/\/lasentinelle.dz\/#organization","name":"Quotidien La Sentinelle","url":"https:\/\/lasentinelle.dz\/","logo":{"@type":"ImageObject","inLanguage":"fr-FR","@id":"https:\/\/lasentinelle.dz\/#\/schema\/logo\/image\/","url":"https:\/\/lasentinelle.dz\/wp-content\/uploads\/2021\/09\/logo-sentinelleSLOGAN-1.png","contentUrl":"https:\/\/lasentinelle.dz\/wp-content\/uploads\/2021\/09\/logo-sentinelleSLOGAN-1.png","width":615,"height":142,"caption":"Quotidien La Sentinelle"},"image":{"@id":"https:\/\/lasentinelle.dz\/#\/schema\/logo\/image\/"},"sameAs":["https:\/\/www.facebook.com\/La-Sentinelle-104059864394773"]},{"@type":"Person","@id":"https:\/\/lasentinelle.dz\/#\/schema\/person\/729ee0024f24e0b8c5ec17232f8e8b41","name":"admin","image":{"@type":"ImageObject","inLanguage":"fr-FR","@id":"https:\/\/secure.gravatar.com\/avatar\/4c81fed838786e9b53f540bf46533e750f5d292099ae3b66cfc6fb1982e29df7?s=96&d=mm&r=g","url":"https:\/\/secure.gravatar.com\/avatar\/4c81fed838786e9b53f540bf46533e750f5d292099ae3b66cfc6fb1982e29df7?s=96&d=mm&r=g","contentUrl":"https:\/\/secure.gravatar.com\/avatar\/4c81fed838786e9b53f540bf46533e750f5d292099ae3b66cfc6fb1982e29df7?s=96&d=mm&r=g","caption":"admin"},"description":"admin","url":"https:\/\/lasentinelle.dz\/author\/admin\/"}]}},"_links":{"self":[{"href":"https:\/\/lasentinelle.dz\/index.php\/wp-json\/wp\/v2\/posts\/62031","targetHints":{"allow":["GET"]}}],"collection":[{"href":"https:\/\/lasentinelle.dz\/index.php\/wp-json\/wp\/v2\/posts"}],"about":[{"href":"https:\/\/lasentinelle.dz\/index.php\/wp-json\/wp\/v2\/types\/post"}],"author":[{"embeddable":true,"href":"https:\/\/lasentinelle.dz\/index.php\/wp-json\/wp\/v2\/users\/6"}],"replies":[{"embeddable":true,"href":"https:\/\/lasentinelle.dz\/index.php\/wp-json\/wp\/v2\/comments?post=62031"}],"version-history":[{"count":1,"href":"https:\/\/lasentinelle.dz\/index.php\/wp-json\/wp\/v2\/posts\/62031\/revisions"}],"predecessor-version":[{"id":62033,"href":"https:\/\/lasentinelle.dz\/index.php\/wp-json\/wp\/v2\/posts\/62031\/revisions\/62033"}],"wp:featuredmedia":[{"embeddable":true,"href":"https:\/\/lasentinelle.dz\/index.php\/wp-json\/wp\/v2\/media\/62032"}],"wp:attachment":[{"href":"https:\/\/lasentinelle.dz\/index.php\/wp-json\/wp\/v2\/media?parent=62031"}],"wp:term":[{"taxonomy":"category","embeddable":true,"href":"https:\/\/lasentinelle.dz\/index.php\/wp-json\/wp\/v2\/categories?post=62031"},{"taxonomy":"post_tag","embeddable":true,"href":"https:\/\/lasentinelle.dz\/index.php\/wp-json\/wp\/v2\/tags?post=62031"}],"curies":[{"name":"wp","href":"https:\/\/api.w.org\/{rel}","templated":true}]}}