{"id":62070,"date":"2025-01-27T11:54:51","date_gmt":"2025-01-27T10:54:51","guid":{"rendered":"https:\/\/lasentinelle.dz\/?p=62070"},"modified":"2025-01-27T11:54:53","modified_gmt":"2025-01-27T10:54:53","slug":"production-de-mais-gras-et-de-graines-oleagineuses-un-programme-ambitieux-lance-en-mars","status":"publish","type":"post","link":"https:\/\/lasentinelle.dz\/index.php\/2025\/01\/27\/production-de-mais-gras-et-de-graines-oleagineuses-un-programme-ambitieux-lance-en-mars\/","title":{"rendered":"Production de ma\u00efs gras et de graines ol\u00e9agineuses : Un programme ambitieux lanc\u00e9 en mars"},"content":{"rendered":"\n<p>L&rsquo;Alg\u00e9rie engage une transformation strat\u00e9gique majeure dans son secteur agricole, avec l&rsquo;ambition affich\u00e9e de r\u00e9duire sa d\u00e9pendance alimentaire et de consolider sa s\u00e9curit\u00e9 nutritionnelle. Lors d&rsquo;une rencontre r\u00e9gionale tenue hier \u00e0 Bouira, les autorit\u00e9s ont pr\u00e9sent\u00e9 un programme ambitieux de d\u00e9veloppement des cultures strat\u00e9giques, marquant une nouvelle \u00e9tape dans la politique agricole nationale. La Directrice de la valorisation et de la promotion des produits agricoles au minist\u00e8re de l&rsquo;Agriculture, Hanane Labiad, a clairement \u00e9nonc\u00e9 l&rsquo;objectif : assurer l&rsquo;autonomie alimentaire du pays en ciblant deux productions cruciales &#8211; le ma\u00efs gras et les ol\u00e9agineuses. \u00ab\u00a0Nous disposons de tous les moyens humains et naturels pour garantir nos propres besoins\u00a0\u00bb, a-t-elle affirm\u00e9, soulignant la d\u00e9termination nationale \u00e0 transformer le mod\u00e8le agricole existant. Les chiffres actuels r\u00e9v\u00e8lent l&rsquo;ampleur du d\u00e9fi. L&rsquo;Alg\u00e9rie importe chaque ann\u00e9e pour 1,6 milliard de dollars de ma\u00efs gras, une composante essentielle dans l&rsquo;alimentation du b\u00e9tail, et 1,75 milliard de dollars d&rsquo;ol\u00e9agineuses et d&rsquo;huile brute. Ces importations massives repr\u00e9sentent une vuln\u00e9rabilit\u00e9 \u00e9conomique que le gouvernement entend r\u00e9duire rapidement. Le plan national pr\u00e9voit des objectifs ambitieux \u00e0 l&rsquo;horizon 2028 : d\u00e9velopper 220.000 hectares de ma\u00efs gras et 300.000 hectares d&rsquo;ol\u00e9agineuses. La premi\u00e8re \u00e9tape d\u00e9butera d\u00e8s mars 2025, avec un programme initial de 30.000 hectares de ma\u00efs gras, r\u00e9partis entre 8.000 hectares dans les wilayas du Nord et 22.000 hectares dans le Sud. Parall\u00e8lement, 60.000 hectares seront consacr\u00e9s aux ol\u00e9agineuses, dont 25.000 hectares dans les wilayas septentrionales et 35.000 hectares dans les r\u00e9gions m\u00e9ridionales. Pour encourager cette transition, l&rsquo;\u00c9tat a mis en place des m\u00e9canismes incitatifs. La Caisse r\u00e9gionale de la mutualit\u00e9 agricole propose notamment une r\u00e9duction de 50% sur les assurances pour les agriculteurs investissant dans ces cultures strat\u00e9giques. Cette approche vise \u00e0 stimuler l&rsquo;engagement des producteurs et \u00e0 minimiser leurs risques financiers. La rencontre de Bouira, qui a rassembl\u00e9 des repr\u00e9sentants de dix wilayas du centre du pays, illustre la dimension collaborative de cette strat\u00e9gie. Des experts de l&rsquo;Institut national des cultures sahariennes et de l&rsquo;Office national des aliments du b\u00e9tail ont partag\u00e9 leurs connaissances, proposant des m\u00e9thodes et techniques adapt\u00e9es aux diff\u00e9rentes zones agricoles alg\u00e9riennes. Hanane Labiad a insist\u00e9 sur l&rsquo;aspect structurel du projet : \u00ab\u00a0Ce programme de d\u00e9veloppement des cultures strat\u00e9giques est un projet ambitieux qui vise \u00e0 assurer la s\u00e9curit\u00e9 alimentaire, notamment pour des produits actuellement import\u00e9s \u00e0 100%.\u00a0\u00bb Cette d\u00e9claration traduit une volont\u00e9 politique claire de r\u00e9duire la d\u00e9pendance ext\u00e9rieure et de renforcer la souverainet\u00e9 alimentaire. Les ol\u00e9agineuses comme le tournesol, le colza et le soja, ainsi que le ma\u00efs gras, sont au c\u0153ur de cette strat\u00e9gie. Ces cultures pr\u00e9sentent l&rsquo;avantage de s&rsquo;adapter \u00e0 diff\u00e9rents contextes agricoles, des zones septentrionales aux r\u00e9gions sahariennes, offrant ainsi une flexibilit\u00e9 strat\u00e9gique cruciale. Pour r\u00e9ussir cette transformation, le gouvernement mise sur la sensibilisation et l&rsquo;accompagnement des agriculteurs. La rencontre de Bouira s&rsquo;inscrit dans cette d\u00e9marche, visant \u00e0 expliquer les enjeux, partager les connaissances techniques et pr\u00e9senter les m\u00e9canismes de soutien disponibles.<\/p>\n\n\n\n<p>Sabrina Aziouez<\/p>\n","protected":false},"excerpt":{"rendered":"<p>L&rsquo;Alg\u00e9rie engage une transformation strat\u00e9gique majeure dans son secteur agricole, avec l&rsquo;ambition affich\u00e9e de r\u00e9duire sa d\u00e9pendance alimentaire et de<\/p>\n","protected":false},"author":6,"featured_media":61674,"comment_status":"open","ping_status":"closed","sticky":false,"template":"","format":"standard","meta":{"colormag_page_container_layout":"default_layout","colormag_page_sidebar_layout":"default_layout","om_disable_all_campaigns":false,"_monsterinsights_skip_tracking":false,"_monsterinsights_sitenote_active":false,"_monsterinsights_sitenote_note":"","_monsterinsights_sitenote_category":0,"footnotes":"","_wpscppro_dont_share_socialmedia":false,"_wpscppro_custom_social_share_image":0,"_facebook_share_type":"default","_twitter_share_type":"default","_linkedin_share_type":"default","_pinterest_share_type":"default","_linkedin_share_type_page":"","_instagram_share_type":"default","_medium_share_type":"default","_threads_share_type":"","_google_business_share_type":"","_selected_social_profile":[],"_wpsp_enable_custom_social_template":false,"_wpsp_social_scheduling":{"enabled":false,"datetime":null,"platforms":[],"status":"template_only","dateOption":"today","timeOption":"now","customDays":"","customHours":"","customDate":"","customTime":"","schedulingType":"absolute"},"_wpsp_active_default_template":true},"categories":[29],"tags":[],"class_list":["post-62070","post","type-post","status-publish","format-standard","has-post-thumbnail","hentry","category-economie"],"aioseo_notices":[],"yoast_head":"<!-- This site is optimized with the Yoast SEO plugin v27.4 - https:\/\/yoast.com\/product\/yoast-seo-wordpress\/ -->\n<title>Production de ma\u00efs gras et de graines ol\u00e9agineuses : Un programme ambitieux lanc\u00e9 en mars - La Sentinelle<\/title>\n<meta name=\"robots\" content=\"index, follow, max-snippet:-1, max-image-preview:large, max-video-preview:-1\" \/>\n<link rel=\"canonical\" href=\"https:\/\/lasentinelle.dz\/index.php\/2025\/01\/27\/production-de-mais-gras-et-de-graines-oleagineuses-un-programme-ambitieux-lance-en-mars\/\" \/>\n<meta property=\"og:locale\" content=\"fr_FR\" \/>\n<meta property=\"og:type\" content=\"article\" \/>\n<meta property=\"og:title\" content=\"Production de ma\u00efs gras et de graines ol\u00e9agineuses : Un programme ambitieux lanc\u00e9 en mars - La Sentinelle\" \/>\n<meta property=\"og:description\" content=\"L&rsquo;Alg\u00e9rie engage une transformation strat\u00e9gique majeure dans son secteur agricole, avec l&rsquo;ambition affich\u00e9e de r\u00e9duire sa d\u00e9pendance alimentaire et de\" \/>\n<meta property=\"og:url\" content=\"https:\/\/lasentinelle.dz\/index.php\/2025\/01\/27\/production-de-mais-gras-et-de-graines-oleagineuses-un-programme-ambitieux-lance-en-mars\/\" \/>\n<meta property=\"og:site_name\" content=\"La Sentinelle\" \/>\n<meta property=\"article:publisher\" content=\"https:\/\/www.facebook.com\/La-Sentinelle-104059864394773\" \/>\n<meta property=\"article:published_time\" content=\"2025-01-27T10:54:51+00:00\" \/>\n<meta property=\"article:modified_time\" content=\"2025-01-27T10:54:53+00:00\" \/>\n<meta property=\"og:image\" content=\"https:\/\/lasentinelle.dz\/wp-content\/uploads\/2025\/01\/mais.jpg\" \/>\n\t<meta property=\"og:image:width\" content=\"625\" \/>\n\t<meta property=\"og:image:height\" content=\"350\" \/>\n\t<meta property=\"og:image:type\" content=\"image\/jpeg\" \/>\n<meta name=\"author\" content=\"admin\" \/>\n<meta name=\"twitter:card\" content=\"summary_large_image\" \/>\n<meta name=\"twitter:label1\" content=\"\u00c9crit par\" \/>\n\t<meta name=\"twitter:data1\" content=\"admin\" \/>\n\t<meta name=\"twitter:label2\" content=\"Dur\u00e9e de lecture estim\u00e9e\" \/>\n\t<meta name=\"twitter:data2\" content=\"3 minutes\" \/>\n<script type=\"application\/ld+json\" class=\"yoast-schema-graph\">{\"@context\":\"https:\\\/\\\/schema.org\",\"@graph\":[{\"@type\":\"Article\",\"@id\":\"https:\\\/\\\/lasentinelle.dz\\\/index.php\\\/2025\\\/01\\\/27\\\/production-de-mais-gras-et-de-graines-oleagineuses-un-programme-ambitieux-lance-en-mars\\\/#article\",\"isPartOf\":{\"@id\":\"https:\\\/\\\/lasentinelle.dz\\\/index.php\\\/2025\\\/01\\\/27\\\/production-de-mais-gras-et-de-graines-oleagineuses-un-programme-ambitieux-lance-en-mars\\\/\"},\"author\":{\"name\":\"admin\",\"@id\":\"https:\\\/\\\/lasentinelle.dz\\\/#\\\/schema\\\/person\\\/729ee0024f24e0b8c5ec17232f8e8b41\"},\"headline\":\"Production de ma\u00efs gras et de graines ol\u00e9agineuses : Un programme ambitieux lanc\u00e9 en mars\",\"datePublished\":\"2025-01-27T10:54:51+00:00\",\"dateModified\":\"2025-01-27T10:54:53+00:00\",\"mainEntityOfPage\":{\"@id\":\"https:\\\/\\\/lasentinelle.dz\\\/index.php\\\/2025\\\/01\\\/27\\\/production-de-mais-gras-et-de-graines-oleagineuses-un-programme-ambitieux-lance-en-mars\\\/\"},\"wordCount\":566,\"commentCount\":0,\"publisher\":{\"@id\":\"https:\\\/\\\/lasentinelle.dz\\\/#organization\"},\"image\":{\"@id\":\"https:\\\/\\\/lasentinelle.dz\\\/index.php\\\/2025\\\/01\\\/27\\\/production-de-mais-gras-et-de-graines-oleagineuses-un-programme-ambitieux-lance-en-mars\\\/#primaryimage\"},\"thumbnailUrl\":\"https:\\\/\\\/lasentinelle.dz\\\/wp-content\\\/uploads\\\/2025\\\/01\\\/mais.jpg\",\"articleSection\":[\"\u00c9conomie\"],\"inLanguage\":\"fr-FR\",\"potentialAction\":[{\"@type\":\"CommentAction\",\"name\":\"Comment\",\"target\":[\"https:\\\/\\\/lasentinelle.dz\\\/index.php\\\/2025\\\/01\\\/27\\\/production-de-mais-gras-et-de-graines-oleagineuses-un-programme-ambitieux-lance-en-mars\\\/#respond\"]}]},{\"@type\":\"WebPage\",\"@id\":\"https:\\\/\\\/lasentinelle.dz\\\/index.php\\\/2025\\\/01\\\/27\\\/production-de-mais-gras-et-de-graines-oleagineuses-un-programme-ambitieux-lance-en-mars\\\/\",\"url\":\"https:\\\/\\\/lasentinelle.dz\\\/index.php\\\/2025\\\/01\\\/27\\\/production-de-mais-gras-et-de-graines-oleagineuses-un-programme-ambitieux-lance-en-mars\\\/\",\"name\":\"Production de ma\u00efs gras et de graines ol\u00e9agineuses : Un programme ambitieux lanc\u00e9 en mars - La Sentinelle\",\"isPartOf\":{\"@id\":\"https:\\\/\\\/lasentinelle.dz\\\/#website\"},\"primaryImageOfPage\":{\"@id\":\"https:\\\/\\\/lasentinelle.dz\\\/index.php\\\/2025\\\/01\\\/27\\\/production-de-mais-gras-et-de-graines-oleagineuses-un-programme-ambitieux-lance-en-mars\\\/#primaryimage\"},\"image\":{\"@id\":\"https:\\\/\\\/lasentinelle.dz\\\/index.php\\\/2025\\\/01\\\/27\\\/production-de-mais-gras-et-de-graines-oleagineuses-un-programme-ambitieux-lance-en-mars\\\/#primaryimage\"},\"thumbnailUrl\":\"https:\\\/\\\/lasentinelle.dz\\\/wp-content\\\/uploads\\\/2025\\\/01\\\/mais.jpg\",\"datePublished\":\"2025-01-27T10:54:51+00:00\",\"dateModified\":\"2025-01-27T10:54:53+00:00\",\"breadcrumb\":{\"@id\":\"https:\\\/\\\/lasentinelle.dz\\\/index.php\\\/2025\\\/01\\\/27\\\/production-de-mais-gras-et-de-graines-oleagineuses-un-programme-ambitieux-lance-en-mars\\\/#breadcrumb\"},\"inLanguage\":\"fr-FR\",\"potentialAction\":[{\"@type\":\"ReadAction\",\"target\":[\"https:\\\/\\\/lasentinelle.dz\\\/index.php\\\/2025\\\/01\\\/27\\\/production-de-mais-gras-et-de-graines-oleagineuses-un-programme-ambitieux-lance-en-mars\\\/\"]}]},{\"@type\":\"ImageObject\",\"inLanguage\":\"fr-FR\",\"@id\":\"https:\\\/\\\/lasentinelle.dz\\\/index.php\\\/2025\\\/01\\\/27\\\/production-de-mais-gras-et-de-graines-oleagineuses-un-programme-ambitieux-lance-en-mars\\\/#primaryimage\",\"url\":\"https:\\\/\\\/lasentinelle.dz\\\/wp-content\\\/uploads\\\/2025\\\/01\\\/mais.jpg\",\"contentUrl\":\"https:\\\/\\\/lasentinelle.dz\\\/wp-content\\\/uploads\\\/2025\\\/01\\\/mais.jpg\",\"width\":625,\"height\":350},{\"@type\":\"BreadcrumbList\",\"@id\":\"https:\\\/\\\/lasentinelle.dz\\\/index.php\\\/2025\\\/01\\\/27\\\/production-de-mais-gras-et-de-graines-oleagineuses-un-programme-ambitieux-lance-en-mars\\\/#breadcrumb\",\"itemListElement\":[{\"@type\":\"ListItem\",\"position\":1,\"name\":\"Accueil\",\"item\":\"https:\\\/\\\/lasentinelle.dz\\\/\"},{\"@type\":\"ListItem\",\"position\":2,\"name\":\"Production de ma\u00efs gras et de graines ol\u00e9agineuses : Un programme ambitieux lanc\u00e9 en mars\"}]},{\"@type\":\"WebSite\",\"@id\":\"https:\\\/\\\/lasentinelle.dz\\\/#website\",\"url\":\"https:\\\/\\\/lasentinelle.dz\\\/\",\"name\":\"La Sentinelle\",\"description\":\"Quotidien national d&#039;information\",\"publisher\":{\"@id\":\"https:\\\/\\\/lasentinelle.dz\\\/#organization\"},\"potentialAction\":[{\"@type\":\"SearchAction\",\"target\":{\"@type\":\"EntryPoint\",\"urlTemplate\":\"https:\\\/\\\/lasentinelle.dz\\\/?s={search_term_string}\"},\"query-input\":{\"@type\":\"PropertyValueSpecification\",\"valueRequired\":true,\"valueName\":\"search_term_string\"}}],\"inLanguage\":\"fr-FR\"},{\"@type\":\"Organization\",\"@id\":\"https:\\\/\\\/lasentinelle.dz\\\/#organization\",\"name\":\"Quotidien La Sentinelle\",\"url\":\"https:\\\/\\\/lasentinelle.dz\\\/\",\"logo\":{\"@type\":\"ImageObject\",\"inLanguage\":\"fr-FR\",\"@id\":\"https:\\\/\\\/lasentinelle.dz\\\/#\\\/schema\\\/logo\\\/image\\\/\",\"url\":\"https:\\\/\\\/lasentinelle.dz\\\/wp-content\\\/uploads\\\/2021\\\/09\\\/logo-sentinelleSLOGAN-1.png\",\"contentUrl\":\"https:\\\/\\\/lasentinelle.dz\\\/wp-content\\\/uploads\\\/2021\\\/09\\\/logo-sentinelleSLOGAN-1.png\",\"width\":615,\"height\":142,\"caption\":\"Quotidien La Sentinelle\"},\"image\":{\"@id\":\"https:\\\/\\\/lasentinelle.dz\\\/#\\\/schema\\\/logo\\\/image\\\/\"},\"sameAs\":[\"https:\\\/\\\/www.facebook.com\\\/La-Sentinelle-104059864394773\"]},{\"@type\":\"Person\",\"@id\":\"https:\\\/\\\/lasentinelle.dz\\\/#\\\/schema\\\/person\\\/729ee0024f24e0b8c5ec17232f8e8b41\",\"name\":\"admin\",\"image\":{\"@type\":\"ImageObject\",\"inLanguage\":\"fr-FR\",\"@id\":\"https:\\\/\\\/secure.gravatar.com\\\/avatar\\\/4c81fed838786e9b53f540bf46533e750f5d292099ae3b66cfc6fb1982e29df7?s=96&d=mm&r=g\",\"url\":\"https:\\\/\\\/secure.gravatar.com\\\/avatar\\\/4c81fed838786e9b53f540bf46533e750f5d292099ae3b66cfc6fb1982e29df7?s=96&d=mm&r=g\",\"contentUrl\":\"https:\\\/\\\/secure.gravatar.com\\\/avatar\\\/4c81fed838786e9b53f540bf46533e750f5d292099ae3b66cfc6fb1982e29df7?s=96&d=mm&r=g\",\"caption\":\"admin\"},\"description\":\"admin\",\"url\":\"https:\\\/\\\/lasentinelle.dz\\\/author\\\/admin\\\/\"}]}<\/script>\n<!-- \/ Yoast SEO plugin. -->","yoast_head_json":{"title":"Production de ma\u00efs gras et de graines ol\u00e9agineuses : Un programme ambitieux lanc\u00e9 en mars - La Sentinelle","robots":{"index":"index","follow":"follow","max-snippet":"max-snippet:-1","max-image-preview":"max-image-preview:large","max-video-preview":"max-video-preview:-1"},"canonical":"https:\/\/lasentinelle.dz\/index.php\/2025\/01\/27\/production-de-mais-gras-et-de-graines-oleagineuses-un-programme-ambitieux-lance-en-mars\/","og_locale":"fr_FR","og_type":"article","og_title":"Production de ma\u00efs gras et de graines ol\u00e9agineuses : Un programme ambitieux lanc\u00e9 en mars - La Sentinelle","og_description":"L&rsquo;Alg\u00e9rie engage une transformation strat\u00e9gique majeure dans son secteur agricole, avec l&rsquo;ambition affich\u00e9e de r\u00e9duire sa d\u00e9pendance alimentaire et de","og_url":"https:\/\/lasentinelle.dz\/index.php\/2025\/01\/27\/production-de-mais-gras-et-de-graines-oleagineuses-un-programme-ambitieux-lance-en-mars\/","og_site_name":"La Sentinelle","article_publisher":"https:\/\/www.facebook.com\/La-Sentinelle-104059864394773","article_published_time":"2025-01-27T10:54:51+00:00","article_modified_time":"2025-01-27T10:54:53+00:00","og_image":[{"width":625,"height":350,"url":"https:\/\/lasentinelle.dz\/wp-content\/uploads\/2025\/01\/mais.jpg","type":"image\/jpeg"}],"author":"admin","twitter_card":"summary_large_image","twitter_misc":{"\u00c9crit par":"admin","Dur\u00e9e de lecture estim\u00e9e":"3 minutes"},"schema":{"@context":"https:\/\/schema.org","@graph":[{"@type":"Article","@id":"https:\/\/lasentinelle.dz\/index.php\/2025\/01\/27\/production-de-mais-gras-et-de-graines-oleagineuses-un-programme-ambitieux-lance-en-mars\/#article","isPartOf":{"@id":"https:\/\/lasentinelle.dz\/index.php\/2025\/01\/27\/production-de-mais-gras-et-de-graines-oleagineuses-un-programme-ambitieux-lance-en-mars\/"},"author":{"name":"admin","@id":"https:\/\/lasentinelle.dz\/#\/schema\/person\/729ee0024f24e0b8c5ec17232f8e8b41"},"headline":"Production de ma\u00efs gras et de graines ol\u00e9agineuses : Un programme ambitieux lanc\u00e9 en mars","datePublished":"2025-01-27T10:54:51+00:00","dateModified":"2025-01-27T10:54:53+00:00","mainEntityOfPage":{"@id":"https:\/\/lasentinelle.dz\/index.php\/2025\/01\/27\/production-de-mais-gras-et-de-graines-oleagineuses-un-programme-ambitieux-lance-en-mars\/"},"wordCount":566,"commentCount":0,"publisher":{"@id":"https:\/\/lasentinelle.dz\/#organization"},"image":{"@id":"https:\/\/lasentinelle.dz\/index.php\/2025\/01\/27\/production-de-mais-gras-et-de-graines-oleagineuses-un-programme-ambitieux-lance-en-mars\/#primaryimage"},"thumbnailUrl":"https:\/\/lasentinelle.dz\/wp-content\/uploads\/2025\/01\/mais.jpg","articleSection":["\u00c9conomie"],"inLanguage":"fr-FR","potentialAction":[{"@type":"CommentAction","name":"Comment","target":["https:\/\/lasentinelle.dz\/index.php\/2025\/01\/27\/production-de-mais-gras-et-de-graines-oleagineuses-un-programme-ambitieux-lance-en-mars\/#respond"]}]},{"@type":"WebPage","@id":"https:\/\/lasentinelle.dz\/index.php\/2025\/01\/27\/production-de-mais-gras-et-de-graines-oleagineuses-un-programme-ambitieux-lance-en-mars\/","url":"https:\/\/lasentinelle.dz\/index.php\/2025\/01\/27\/production-de-mais-gras-et-de-graines-oleagineuses-un-programme-ambitieux-lance-en-mars\/","name":"Production de ma\u00efs gras et de graines ol\u00e9agineuses : Un programme ambitieux lanc\u00e9 en mars - La Sentinelle","isPartOf":{"@id":"https:\/\/lasentinelle.dz\/#website"},"primaryImageOfPage":{"@id":"https:\/\/lasentinelle.dz\/index.php\/2025\/01\/27\/production-de-mais-gras-et-de-graines-oleagineuses-un-programme-ambitieux-lance-en-mars\/#primaryimage"},"image":{"@id":"https:\/\/lasentinelle.dz\/index.php\/2025\/01\/27\/production-de-mais-gras-et-de-graines-oleagineuses-un-programme-ambitieux-lance-en-mars\/#primaryimage"},"thumbnailUrl":"https:\/\/lasentinelle.dz\/wp-content\/uploads\/2025\/01\/mais.jpg","datePublished":"2025-01-27T10:54:51+00:00","dateModified":"2025-01-27T10:54:53+00:00","breadcrumb":{"@id":"https:\/\/lasentinelle.dz\/index.php\/2025\/01\/27\/production-de-mais-gras-et-de-graines-oleagineuses-un-programme-ambitieux-lance-en-mars\/#breadcrumb"},"inLanguage":"fr-FR","potentialAction":[{"@type":"ReadAction","target":["https:\/\/lasentinelle.dz\/index.php\/2025\/01\/27\/production-de-mais-gras-et-de-graines-oleagineuses-un-programme-ambitieux-lance-en-mars\/"]}]},{"@type":"ImageObject","inLanguage":"fr-FR","@id":"https:\/\/lasentinelle.dz\/index.php\/2025\/01\/27\/production-de-mais-gras-et-de-graines-oleagineuses-un-programme-ambitieux-lance-en-mars\/#primaryimage","url":"https:\/\/lasentinelle.dz\/wp-content\/uploads\/2025\/01\/mais.jpg","contentUrl":"https:\/\/lasentinelle.dz\/wp-content\/uploads\/2025\/01\/mais.jpg","width":625,"height":350},{"@type":"BreadcrumbList","@id":"https:\/\/lasentinelle.dz\/index.php\/2025\/01\/27\/production-de-mais-gras-et-de-graines-oleagineuses-un-programme-ambitieux-lance-en-mars\/#breadcrumb","itemListElement":[{"@type":"ListItem","position":1,"name":"Accueil","item":"https:\/\/lasentinelle.dz\/"},{"@type":"ListItem","position":2,"name":"Production de ma\u00efs gras et de graines ol\u00e9agineuses : Un programme ambitieux lanc\u00e9 en mars"}]},{"@type":"WebSite","@id":"https:\/\/lasentinelle.dz\/#website","url":"https:\/\/lasentinelle.dz\/","name":"La Sentinelle","description":"Quotidien national d&#039;information","publisher":{"@id":"https:\/\/lasentinelle.dz\/#organization"},"potentialAction":[{"@type":"SearchAction","target":{"@type":"EntryPoint","urlTemplate":"https:\/\/lasentinelle.dz\/?s={search_term_string}"},"query-input":{"@type":"PropertyValueSpecification","valueRequired":true,"valueName":"search_term_string"}}],"inLanguage":"fr-FR"},{"@type":"Organization","@id":"https:\/\/lasentinelle.dz\/#organization","name":"Quotidien La Sentinelle","url":"https:\/\/lasentinelle.dz\/","logo":{"@type":"ImageObject","inLanguage":"fr-FR","@id":"https:\/\/lasentinelle.dz\/#\/schema\/logo\/image\/","url":"https:\/\/lasentinelle.dz\/wp-content\/uploads\/2021\/09\/logo-sentinelleSLOGAN-1.png","contentUrl":"https:\/\/lasentinelle.dz\/wp-content\/uploads\/2021\/09\/logo-sentinelleSLOGAN-1.png","width":615,"height":142,"caption":"Quotidien La Sentinelle"},"image":{"@id":"https:\/\/lasentinelle.dz\/#\/schema\/logo\/image\/"},"sameAs":["https:\/\/www.facebook.com\/La-Sentinelle-104059864394773"]},{"@type":"Person","@id":"https:\/\/lasentinelle.dz\/#\/schema\/person\/729ee0024f24e0b8c5ec17232f8e8b41","name":"admin","image":{"@type":"ImageObject","inLanguage":"fr-FR","@id":"https:\/\/secure.gravatar.com\/avatar\/4c81fed838786e9b53f540bf46533e750f5d292099ae3b66cfc6fb1982e29df7?s=96&d=mm&r=g","url":"https:\/\/secure.gravatar.com\/avatar\/4c81fed838786e9b53f540bf46533e750f5d292099ae3b66cfc6fb1982e29df7?s=96&d=mm&r=g","contentUrl":"https:\/\/secure.gravatar.com\/avatar\/4c81fed838786e9b53f540bf46533e750f5d292099ae3b66cfc6fb1982e29df7?s=96&d=mm&r=g","caption":"admin"},"description":"admin","url":"https:\/\/lasentinelle.dz\/author\/admin\/"}]}},"_links":{"self":[{"href":"https:\/\/lasentinelle.dz\/index.php\/wp-json\/wp\/v2\/posts\/62070","targetHints":{"allow":["GET"]}}],"collection":[{"href":"https:\/\/lasentinelle.dz\/index.php\/wp-json\/wp\/v2\/posts"}],"about":[{"href":"https:\/\/lasentinelle.dz\/index.php\/wp-json\/wp\/v2\/types\/post"}],"author":[{"embeddable":true,"href":"https:\/\/lasentinelle.dz\/index.php\/wp-json\/wp\/v2\/users\/6"}],"replies":[{"embeddable":true,"href":"https:\/\/lasentinelle.dz\/index.php\/wp-json\/wp\/v2\/comments?post=62070"}],"version-history":[{"count":1,"href":"https:\/\/lasentinelle.dz\/index.php\/wp-json\/wp\/v2\/posts\/62070\/revisions"}],"predecessor-version":[{"id":62071,"href":"https:\/\/lasentinelle.dz\/index.php\/wp-json\/wp\/v2\/posts\/62070\/revisions\/62071"}],"wp:featuredmedia":[{"embeddable":true,"href":"https:\/\/lasentinelle.dz\/index.php\/wp-json\/wp\/v2\/media\/61674"}],"wp:attachment":[{"href":"https:\/\/lasentinelle.dz\/index.php\/wp-json\/wp\/v2\/media?parent=62070"}],"wp:term":[{"taxonomy":"category","embeddable":true,"href":"https:\/\/lasentinelle.dz\/index.php\/wp-json\/wp\/v2\/categories?post=62070"},{"taxonomy":"post_tag","embeddable":true,"href":"https:\/\/lasentinelle.dz\/index.php\/wp-json\/wp\/v2\/tags?post=62070"}],"curies":[{"name":"wp","href":"https:\/\/api.w.org\/{rel}","templated":true}]}}