{"id":62072,"date":"2025-01-27T11:55:53","date_gmt":"2025-01-27T10:55:53","guid":{"rendered":"https:\/\/lasentinelle.dz\/?p=62072"},"modified":"2025-01-27T11:55:54","modified_gmt":"2025-01-27T10:55:54","slug":"la-stabilite-du-marche-a-long-terme-sera-la-priorite","status":"publish","type":"post","link":"https:\/\/lasentinelle.dz\/index.php\/2025\/01\/27\/la-stabilite-du-marche-a-long-terme-sera-la-priorite\/","title":{"rendered":"La stabilit\u00e9 du march\u00e9 \u00e0 long terme sera la priorit\u00e9"},"content":{"rendered":"\n<p>Le nouveau pr\u00e9sident am\u00e9ricain Donald Trump r\u00e9ussira-t-il \u00e0 imposer \u00e0 l\u2019Arabie saoudite d\u2019ouvrir les vannes afin de pousser les cours du p\u00e9trole \u00e0&nbsp;la baisse&nbsp;? Si les march\u00e9s doutent de sa capacit\u00e9 \u00e0 y parvenir, la r\u00e9ponse de Ryad aux exigences de Trump laisse entendre qu\u2019il n\u2019entend pas se faire dicter sa politique p\u00e9troli\u00e8re et celle de l\u2019Opep et que la priorit\u00e9 sera donn\u00e9e \u00e0 la \u00ab&nbsp;stabilit\u00e9 du march\u00e9 p\u00e9trolier \u00e0 long terme&nbsp;\u00bb.<\/p>\n\n\n\n<p>Lors du Forum \u00e9conomique mondial de Davos, le ministre saoudien de l&rsquo;\u00c9conomie Fai\u00e7al Alibrahim a clairement expos\u00e9 la vision saoudienne face aux attentes internationales, notamment celles des \u00c9tats-Unis. Interpell\u00e9 sur la possibilit\u00e9 de r\u00e9duire les prix du p\u00e9trole, suite aux d\u00e9clarations du pr\u00e9sident Donald Trump, Alibrahim a r\u00e9affirm\u00e9 que la priorit\u00e9 absolue du royaume demeure la stabilit\u00e9 \u00e0 long terme du march\u00e9 \u00e9nerg\u00e9tique mondial. Cette approche pragmatique traduit une volont\u00e9 de maintenir un \u00e9quilibre d\u00e9licat entre les int\u00e9r\u00eats des producteurs et ceux des consommateurs. \u00ab\u00a0La position du royaume, comme celle de l&rsquo;OPEP, est ax\u00e9e sur la stabilit\u00e9 \u00e0 long terme du march\u00e9, afin de garantir une offre suffisante pour r\u00e9pondre \u00e0 la demande croissante\u00a0\u00bb, a-t-il d\u00e9clar\u00e9 dans un langage diplomatique, en \u00e9voquant particuli\u00e8rement la demande accrue des \u00c9tats-Unis et du secteur de l\u2019intelligence artificielle. D\u00e9cryptage&nbsp;:&nbsp;les imp\u00e9ratifs de la stabilit\u00e9 des march\u00e9s et la s\u00e9curit\u00e9 \u00e9nerg\u00e9tique \u00e0 long terme imposent des investissements cons\u00e9quents pour consolider les capacit\u00e9s de production saoudiennes et plus largement celles de l\u2019Opep, ce qui induit un niveau des prix du baril acceptables pour soutenir les budgets des producteurs et financer les investissements n\u00e9cessaires. Il est utile de rappeler dans ce sens que l\u2019Opep table sur une augmentation de la demande de 17%, d\u2019ici \u00e0 2050. Afin de satisfaire la demande grandissante de brut, l&rsquo;Opep estime \u00e0 plus de 17 000 milliards de dollars le montant des investissements cumul\u00e9s n\u00e9cessaires pour le secteur, soit quelque 640 milliards de dollars par an en moyenne d&rsquo;ici 2050, majoritairement dans l&rsquo;exploration et la production de l&rsquo;or noir.<\/p>\n\n\n\n<p>La strat\u00e9gie saoudienne s&rsquo;articule donc autour de plusieurs axes essentiels. Premi\u00e8rement, assurer une offre p\u00e9troli\u00e8re suffisante pour r\u00e9pondre \u00e0 la demande croissante, particuli\u00e8rement dans des secteurs \u00e9mergents comme l&rsquo;intelligence artificielle et les nouvelles technologies. L&rsquo;Arabie Saoudite, principal acteur de l&rsquo;Organisation des pays exportateurs de p\u00e9trole (OPEP), joue un r\u00f4le pivot dans la r\u00e9gulation du march\u00e9 \u00e9nerg\u00e9tique mondial. Sa politique ne se limite pas \u00e0 une simple logique de prix, mais s&rsquo;inscrit dans une vision g\u00e9ostrat\u00e9gique plus large, prenant en compte les \u00e9quilibres \u00e9conomiques internationaux et les enjeux \u00e9nerg\u00e9tiques du futur.<\/p>\n\n\n\n<p><strong>L\u2019Arabie saoudite destination du premier voyage de Trump<\/strong><\/p>\n\n\n\n<p>Les d\u00e9clarations d&rsquo;Alibrahim \u00e0 Davos illustrent la complexit\u00e9 des n\u00e9gociations p\u00e9troli\u00e8res internationales. Alors que les \u00c9tats-Unis exercent des pressions pour une baisse des prix, l&rsquo;Arabie Saoudite maintient une ligne directrice centr\u00e9e sur la stabilit\u00e9 et la pr\u00e9visibilit\u00e9. Cette approche vise \u00e0 prot\u00e9ger tant les int\u00e9r\u00eats des producteurs que ceux des consommateurs. Le royaume fait preuve d&rsquo;une grande prudence diplomatique. Sans rejeter explicitement la demande am\u00e9ricaine, il r\u00e9affirme son ind\u00e9pendance d\u00e9cisionnelle et sa capacit\u00e9 \u00e0 g\u00e9rer ses ressources selon ses propres int\u00e9r\u00eats strat\u00e9giques. Le message est clair, les objectifs imm\u00e9diats de l\u2019agenda de Trump concernant l\u2019inflation ne sauraient mettre en p\u00e9ril les enjeux de la s\u00e9curit\u00e9 \u00e9nerg\u00e9tique \u00e0 long terme. Cette posture refl\u00e8te l&rsquo;\u00e9volution des rapports de force dans le secteur \u00e9nerg\u00e9tique mondial, o\u00f9 les pays producteurs affirment progressivement leur autonomie, d\u2019autant plus que le contexte g\u00e9opolitique \u00e9volue. Il faut souligner dans ce contexte que bien que l\u2019Arabie saoudite ait des relations privil\u00e9gi\u00e9es avec les \u00c9tats-Unis dans le prolongement du pacte de Quincy sign\u00e9 en 1945, elle a depuis op\u00e9r\u00e9 un rapprochement avec la Chine et int\u00e9gr\u00e9 le groupe des BRICS et l\u2019Organisation de coop\u00e9ration de Shanghai, sans oublier qu\u2019elle s\u2019est inscrite dans une strat\u00e9gie de d\u00e9sescalade avec l\u2019Iran gr\u00e2ce \u00e0 la m\u00e9diation de P\u00e9kin.&nbsp;&nbsp;Les enjeux d\u00e9passent donc largement la simple question du prix du p\u00e9trole. Ils touchent aux \u00e9quilibres g\u00e9opolitiques, aux strat\u00e9gies \u00e9nerg\u00e9tiques nationales et \u00e0 la transition vers de nouvelles formes d&rsquo;\u00e9nergie.&nbsp;&nbsp;Pour les march\u00e9s internationaux, ces d\u00e9clarations signifient une continuit\u00e9 dans la politique saoudienne : privil\u00e9gier la stabilit\u00e9, anticiper les mutations \u00e9conomiques et maintenir une flexibilit\u00e9 strat\u00e9gique. D\u2019ailleurs, les cours du brut qui avaient chut\u00e9 jeudi sous l\u2019effet de l\u2019annonce de Trump qui souhaite un baril \u00e0 50 dollars, sont vite remont\u00e9s vendredi pour finir la semaine \u00e0 78,50 dollars pour le Brent de la Mer du Nord et \u00e0 pr\u00e8s de 75 dollars pour le p\u00e9trole am\u00e9ricain. Une chose est certaine, la premi\u00e8re visite internationale de Trump qui sera exceptionnellement r\u00e9serv\u00e9e \u00e0 l\u2019Arabie saoudite au lieu du Royaume unis sera scrut\u00e9e avec int\u00e9r\u00eat au regard des enjeux en place sur les plans \u00e9nerg\u00e9tiques, \u00e9conomiques, mais aussi g\u00e9opolitiques, avec la volont\u00e9 du 47<sup>e<\/sup>&nbsp;pr\u00e9sident am\u00e9ricain de relancer les Accords d\u2019Abraham.&nbsp;<\/p>\n\n\n\n<p>Samira Ghrib<\/p>\n","protected":false},"excerpt":{"rendered":"<p>Le nouveau pr\u00e9sident am\u00e9ricain Donald Trump r\u00e9ussira-t-il \u00e0 imposer \u00e0 l\u2019Arabie saoudite d\u2019ouvrir les vannes afin de pousser les cours<\/p>\n","protected":false},"author":6,"featured_media":62073,"comment_status":"open","ping_status":"closed","sticky":false,"template":"","format":"standard","meta":{"colormag_page_container_layout":"default_layout","colormag_page_sidebar_layout":"default_layout","om_disable_all_campaigns":false,"_monsterinsights_skip_tracking":false,"_monsterinsights_sitenote_active":false,"_monsterinsights_sitenote_note":"","_monsterinsights_sitenote_category":0,"footnotes":"","_wpscppro_dont_share_socialmedia":false,"_wpscppro_custom_social_share_image":0,"_facebook_share_type":"default","_twitter_share_type":"default","_linkedin_share_type":"default","_pinterest_share_type":"default","_linkedin_share_type_page":"","_instagram_share_type":"default","_medium_share_type":"default","_threads_share_type":"","_google_business_share_type":"","_selected_social_profile":[],"_wpsp_enable_custom_social_template":false,"_wpsp_social_scheduling":{"enabled":false,"datetime":null,"platforms":[],"status":"template_only","dateOption":"today","timeOption":"now","customDays":"","customHours":"","customDate":"","customTime":"","schedulingType":"absolute"},"_wpsp_active_default_template":true},"categories":[52,29],"tags":[],"class_list":["post-62072","post","type-post","status-publish","format-standard","has-post-thumbnail","hentry","category-a-la-une","category-economie"],"aioseo_notices":[],"yoast_head":"<!-- This site is optimized with the Yoast SEO plugin v27.4 - https:\/\/yoast.com\/product\/yoast-seo-wordpress\/ -->\n<title>La stabilit\u00e9 du march\u00e9 \u00e0 long terme sera la priorit\u00e9 - La Sentinelle<\/title>\n<meta name=\"robots\" content=\"index, follow, max-snippet:-1, max-image-preview:large, max-video-preview:-1\" \/>\n<link rel=\"canonical\" href=\"https:\/\/lasentinelle.dz\/index.php\/2025\/01\/27\/la-stabilite-du-marche-a-long-terme-sera-la-priorite\/\" \/>\n<meta property=\"og:locale\" content=\"fr_FR\" \/>\n<meta property=\"og:type\" content=\"article\" \/>\n<meta property=\"og:title\" content=\"La stabilit\u00e9 du march\u00e9 \u00e0 long terme sera la priorit\u00e9 - La Sentinelle\" \/>\n<meta property=\"og:description\" content=\"Le nouveau pr\u00e9sident am\u00e9ricain Donald Trump r\u00e9ussira-t-il \u00e0 imposer \u00e0 l\u2019Arabie saoudite d\u2019ouvrir les vannes afin de pousser les cours\" \/>\n<meta property=\"og:url\" content=\"https:\/\/lasentinelle.dz\/index.php\/2025\/01\/27\/la-stabilite-du-marche-a-long-terme-sera-la-priorite\/\" \/>\n<meta property=\"og:site_name\" content=\"La Sentinelle\" \/>\n<meta property=\"article:publisher\" content=\"https:\/\/www.facebook.com\/La-Sentinelle-104059864394773\" \/>\n<meta property=\"article:published_time\" content=\"2025-01-27T10:55:53+00:00\" \/>\n<meta property=\"article:modified_time\" content=\"2025-01-27T10:55:54+00:00\" \/>\n<meta property=\"og:image\" content=\"https:\/\/lasentinelle.dz\/wp-content\/uploads\/2025\/01\/saoudien.jpeg\" \/>\n\t<meta property=\"og:image:width\" content=\"650\" \/>\n\t<meta property=\"og:image:height\" content=\"410\" \/>\n\t<meta property=\"og:image:type\" content=\"image\/jpeg\" \/>\n<meta name=\"author\" content=\"admin\" \/>\n<meta name=\"twitter:card\" content=\"summary_large_image\" \/>\n<meta name=\"twitter:label1\" content=\"\u00c9crit par\" \/>\n\t<meta name=\"twitter:data1\" content=\"admin\" \/>\n\t<meta name=\"twitter:label2\" content=\"Dur\u00e9e de lecture estim\u00e9e\" \/>\n\t<meta name=\"twitter:data2\" content=\"5 minutes\" \/>\n<script type=\"application\/ld+json\" class=\"yoast-schema-graph\">{\"@context\":\"https:\\\/\\\/schema.org\",\"@graph\":[{\"@type\":\"Article\",\"@id\":\"https:\\\/\\\/lasentinelle.dz\\\/index.php\\\/2025\\\/01\\\/27\\\/la-stabilite-du-marche-a-long-terme-sera-la-priorite\\\/#article\",\"isPartOf\":{\"@id\":\"https:\\\/\\\/lasentinelle.dz\\\/index.php\\\/2025\\\/01\\\/27\\\/la-stabilite-du-marche-a-long-terme-sera-la-priorite\\\/\"},\"author\":{\"name\":\"admin\",\"@id\":\"https:\\\/\\\/lasentinelle.dz\\\/#\\\/schema\\\/person\\\/729ee0024f24e0b8c5ec17232f8e8b41\"},\"headline\":\"La stabilit\u00e9 du march\u00e9 \u00e0 long terme sera la priorit\u00e9\",\"datePublished\":\"2025-01-27T10:55:53+00:00\",\"dateModified\":\"2025-01-27T10:55:54+00:00\",\"mainEntityOfPage\":{\"@id\":\"https:\\\/\\\/lasentinelle.dz\\\/index.php\\\/2025\\\/01\\\/27\\\/la-stabilite-du-marche-a-long-terme-sera-la-priorite\\\/\"},\"wordCount\":922,\"commentCount\":0,\"publisher\":{\"@id\":\"https:\\\/\\\/lasentinelle.dz\\\/#organization\"},\"image\":{\"@id\":\"https:\\\/\\\/lasentinelle.dz\\\/index.php\\\/2025\\\/01\\\/27\\\/la-stabilite-du-marche-a-long-terme-sera-la-priorite\\\/#primaryimage\"},\"thumbnailUrl\":\"https:\\\/\\\/lasentinelle.dz\\\/wp-content\\\/uploads\\\/2025\\\/01\\\/saoudien.jpeg\",\"articleSection\":[\"\u00c0 la Une\",\"\u00c9conomie\"],\"inLanguage\":\"fr-FR\",\"potentialAction\":[{\"@type\":\"CommentAction\",\"name\":\"Comment\",\"target\":[\"https:\\\/\\\/lasentinelle.dz\\\/index.php\\\/2025\\\/01\\\/27\\\/la-stabilite-du-marche-a-long-terme-sera-la-priorite\\\/#respond\"]}]},{\"@type\":\"WebPage\",\"@id\":\"https:\\\/\\\/lasentinelle.dz\\\/index.php\\\/2025\\\/01\\\/27\\\/la-stabilite-du-marche-a-long-terme-sera-la-priorite\\\/\",\"url\":\"https:\\\/\\\/lasentinelle.dz\\\/index.php\\\/2025\\\/01\\\/27\\\/la-stabilite-du-marche-a-long-terme-sera-la-priorite\\\/\",\"name\":\"La stabilit\u00e9 du march\u00e9 \u00e0 long terme sera la priorit\u00e9 - La Sentinelle\",\"isPartOf\":{\"@id\":\"https:\\\/\\\/lasentinelle.dz\\\/#website\"},\"primaryImageOfPage\":{\"@id\":\"https:\\\/\\\/lasentinelle.dz\\\/index.php\\\/2025\\\/01\\\/27\\\/la-stabilite-du-marche-a-long-terme-sera-la-priorite\\\/#primaryimage\"},\"image\":{\"@id\":\"https:\\\/\\\/lasentinelle.dz\\\/index.php\\\/2025\\\/01\\\/27\\\/la-stabilite-du-marche-a-long-terme-sera-la-priorite\\\/#primaryimage\"},\"thumbnailUrl\":\"https:\\\/\\\/lasentinelle.dz\\\/wp-content\\\/uploads\\\/2025\\\/01\\\/saoudien.jpeg\",\"datePublished\":\"2025-01-27T10:55:53+00:00\",\"dateModified\":\"2025-01-27T10:55:54+00:00\",\"breadcrumb\":{\"@id\":\"https:\\\/\\\/lasentinelle.dz\\\/index.php\\\/2025\\\/01\\\/27\\\/la-stabilite-du-marche-a-long-terme-sera-la-priorite\\\/#breadcrumb\"},\"inLanguage\":\"fr-FR\",\"potentialAction\":[{\"@type\":\"ReadAction\",\"target\":[\"https:\\\/\\\/lasentinelle.dz\\\/index.php\\\/2025\\\/01\\\/27\\\/la-stabilite-du-marche-a-long-terme-sera-la-priorite\\\/\"]}]},{\"@type\":\"ImageObject\",\"inLanguage\":\"fr-FR\",\"@id\":\"https:\\\/\\\/lasentinelle.dz\\\/index.php\\\/2025\\\/01\\\/27\\\/la-stabilite-du-marche-a-long-terme-sera-la-priorite\\\/#primaryimage\",\"url\":\"https:\\\/\\\/lasentinelle.dz\\\/wp-content\\\/uploads\\\/2025\\\/01\\\/saoudien.jpeg\",\"contentUrl\":\"https:\\\/\\\/lasentinelle.dz\\\/wp-content\\\/uploads\\\/2025\\\/01\\\/saoudien.jpeg\",\"width\":650,\"height\":410},{\"@type\":\"BreadcrumbList\",\"@id\":\"https:\\\/\\\/lasentinelle.dz\\\/index.php\\\/2025\\\/01\\\/27\\\/la-stabilite-du-marche-a-long-terme-sera-la-priorite\\\/#breadcrumb\",\"itemListElement\":[{\"@type\":\"ListItem\",\"position\":1,\"name\":\"Accueil\",\"item\":\"https:\\\/\\\/lasentinelle.dz\\\/\"},{\"@type\":\"ListItem\",\"position\":2,\"name\":\"La stabilit\u00e9 du march\u00e9 \u00e0 long terme sera la priorit\u00e9\"}]},{\"@type\":\"WebSite\",\"@id\":\"https:\\\/\\\/lasentinelle.dz\\\/#website\",\"url\":\"https:\\\/\\\/lasentinelle.dz\\\/\",\"name\":\"La Sentinelle\",\"description\":\"Quotidien national d&#039;information\",\"publisher\":{\"@id\":\"https:\\\/\\\/lasentinelle.dz\\\/#organization\"},\"potentialAction\":[{\"@type\":\"SearchAction\",\"target\":{\"@type\":\"EntryPoint\",\"urlTemplate\":\"https:\\\/\\\/lasentinelle.dz\\\/?s={search_term_string}\"},\"query-input\":{\"@type\":\"PropertyValueSpecification\",\"valueRequired\":true,\"valueName\":\"search_term_string\"}}],\"inLanguage\":\"fr-FR\"},{\"@type\":\"Organization\",\"@id\":\"https:\\\/\\\/lasentinelle.dz\\\/#organization\",\"name\":\"Quotidien La Sentinelle\",\"url\":\"https:\\\/\\\/lasentinelle.dz\\\/\",\"logo\":{\"@type\":\"ImageObject\",\"inLanguage\":\"fr-FR\",\"@id\":\"https:\\\/\\\/lasentinelle.dz\\\/#\\\/schema\\\/logo\\\/image\\\/\",\"url\":\"https:\\\/\\\/lasentinelle.dz\\\/wp-content\\\/uploads\\\/2021\\\/09\\\/logo-sentinelleSLOGAN-1.png\",\"contentUrl\":\"https:\\\/\\\/lasentinelle.dz\\\/wp-content\\\/uploads\\\/2021\\\/09\\\/logo-sentinelleSLOGAN-1.png\",\"width\":615,\"height\":142,\"caption\":\"Quotidien La Sentinelle\"},\"image\":{\"@id\":\"https:\\\/\\\/lasentinelle.dz\\\/#\\\/schema\\\/logo\\\/image\\\/\"},\"sameAs\":[\"https:\\\/\\\/www.facebook.com\\\/La-Sentinelle-104059864394773\"]},{\"@type\":\"Person\",\"@id\":\"https:\\\/\\\/lasentinelle.dz\\\/#\\\/schema\\\/person\\\/729ee0024f24e0b8c5ec17232f8e8b41\",\"name\":\"admin\",\"image\":{\"@type\":\"ImageObject\",\"inLanguage\":\"fr-FR\",\"@id\":\"https:\\\/\\\/secure.gravatar.com\\\/avatar\\\/4c81fed838786e9b53f540bf46533e750f5d292099ae3b66cfc6fb1982e29df7?s=96&d=mm&r=g\",\"url\":\"https:\\\/\\\/secure.gravatar.com\\\/avatar\\\/4c81fed838786e9b53f540bf46533e750f5d292099ae3b66cfc6fb1982e29df7?s=96&d=mm&r=g\",\"contentUrl\":\"https:\\\/\\\/secure.gravatar.com\\\/avatar\\\/4c81fed838786e9b53f540bf46533e750f5d292099ae3b66cfc6fb1982e29df7?s=96&d=mm&r=g\",\"caption\":\"admin\"},\"description\":\"admin\",\"url\":\"https:\\\/\\\/lasentinelle.dz\\\/author\\\/admin\\\/\"}]}<\/script>\n<!-- \/ Yoast SEO plugin. -->","yoast_head_json":{"title":"La stabilit\u00e9 du march\u00e9 \u00e0 long terme sera la priorit\u00e9 - La Sentinelle","robots":{"index":"index","follow":"follow","max-snippet":"max-snippet:-1","max-image-preview":"max-image-preview:large","max-video-preview":"max-video-preview:-1"},"canonical":"https:\/\/lasentinelle.dz\/index.php\/2025\/01\/27\/la-stabilite-du-marche-a-long-terme-sera-la-priorite\/","og_locale":"fr_FR","og_type":"article","og_title":"La stabilit\u00e9 du march\u00e9 \u00e0 long terme sera la priorit\u00e9 - La Sentinelle","og_description":"Le nouveau pr\u00e9sident am\u00e9ricain Donald Trump r\u00e9ussira-t-il \u00e0 imposer \u00e0 l\u2019Arabie saoudite d\u2019ouvrir les vannes afin de pousser les cours","og_url":"https:\/\/lasentinelle.dz\/index.php\/2025\/01\/27\/la-stabilite-du-marche-a-long-terme-sera-la-priorite\/","og_site_name":"La Sentinelle","article_publisher":"https:\/\/www.facebook.com\/La-Sentinelle-104059864394773","article_published_time":"2025-01-27T10:55:53+00:00","article_modified_time":"2025-01-27T10:55:54+00:00","og_image":[{"width":650,"height":410,"url":"https:\/\/lasentinelle.dz\/wp-content\/uploads\/2025\/01\/saoudien.jpeg","type":"image\/jpeg"}],"author":"admin","twitter_card":"summary_large_image","twitter_misc":{"\u00c9crit par":"admin","Dur\u00e9e de lecture estim\u00e9e":"5 minutes"},"schema":{"@context":"https:\/\/schema.org","@graph":[{"@type":"Article","@id":"https:\/\/lasentinelle.dz\/index.php\/2025\/01\/27\/la-stabilite-du-marche-a-long-terme-sera-la-priorite\/#article","isPartOf":{"@id":"https:\/\/lasentinelle.dz\/index.php\/2025\/01\/27\/la-stabilite-du-marche-a-long-terme-sera-la-priorite\/"},"author":{"name":"admin","@id":"https:\/\/lasentinelle.dz\/#\/schema\/person\/729ee0024f24e0b8c5ec17232f8e8b41"},"headline":"La stabilit\u00e9 du march\u00e9 \u00e0 long terme sera la priorit\u00e9","datePublished":"2025-01-27T10:55:53+00:00","dateModified":"2025-01-27T10:55:54+00:00","mainEntityOfPage":{"@id":"https:\/\/lasentinelle.dz\/index.php\/2025\/01\/27\/la-stabilite-du-marche-a-long-terme-sera-la-priorite\/"},"wordCount":922,"commentCount":0,"publisher":{"@id":"https:\/\/lasentinelle.dz\/#organization"},"image":{"@id":"https:\/\/lasentinelle.dz\/index.php\/2025\/01\/27\/la-stabilite-du-marche-a-long-terme-sera-la-priorite\/#primaryimage"},"thumbnailUrl":"https:\/\/lasentinelle.dz\/wp-content\/uploads\/2025\/01\/saoudien.jpeg","articleSection":["\u00c0 la Une","\u00c9conomie"],"inLanguage":"fr-FR","potentialAction":[{"@type":"CommentAction","name":"Comment","target":["https:\/\/lasentinelle.dz\/index.php\/2025\/01\/27\/la-stabilite-du-marche-a-long-terme-sera-la-priorite\/#respond"]}]},{"@type":"WebPage","@id":"https:\/\/lasentinelle.dz\/index.php\/2025\/01\/27\/la-stabilite-du-marche-a-long-terme-sera-la-priorite\/","url":"https:\/\/lasentinelle.dz\/index.php\/2025\/01\/27\/la-stabilite-du-marche-a-long-terme-sera-la-priorite\/","name":"La stabilit\u00e9 du march\u00e9 \u00e0 long terme sera la priorit\u00e9 - La Sentinelle","isPartOf":{"@id":"https:\/\/lasentinelle.dz\/#website"},"primaryImageOfPage":{"@id":"https:\/\/lasentinelle.dz\/index.php\/2025\/01\/27\/la-stabilite-du-marche-a-long-terme-sera-la-priorite\/#primaryimage"},"image":{"@id":"https:\/\/lasentinelle.dz\/index.php\/2025\/01\/27\/la-stabilite-du-marche-a-long-terme-sera-la-priorite\/#primaryimage"},"thumbnailUrl":"https:\/\/lasentinelle.dz\/wp-content\/uploads\/2025\/01\/saoudien.jpeg","datePublished":"2025-01-27T10:55:53+00:00","dateModified":"2025-01-27T10:55:54+00:00","breadcrumb":{"@id":"https:\/\/lasentinelle.dz\/index.php\/2025\/01\/27\/la-stabilite-du-marche-a-long-terme-sera-la-priorite\/#breadcrumb"},"inLanguage":"fr-FR","potentialAction":[{"@type":"ReadAction","target":["https:\/\/lasentinelle.dz\/index.php\/2025\/01\/27\/la-stabilite-du-marche-a-long-terme-sera-la-priorite\/"]}]},{"@type":"ImageObject","inLanguage":"fr-FR","@id":"https:\/\/lasentinelle.dz\/index.php\/2025\/01\/27\/la-stabilite-du-marche-a-long-terme-sera-la-priorite\/#primaryimage","url":"https:\/\/lasentinelle.dz\/wp-content\/uploads\/2025\/01\/saoudien.jpeg","contentUrl":"https:\/\/lasentinelle.dz\/wp-content\/uploads\/2025\/01\/saoudien.jpeg","width":650,"height":410},{"@type":"BreadcrumbList","@id":"https:\/\/lasentinelle.dz\/index.php\/2025\/01\/27\/la-stabilite-du-marche-a-long-terme-sera-la-priorite\/#breadcrumb","itemListElement":[{"@type":"ListItem","position":1,"name":"Accueil","item":"https:\/\/lasentinelle.dz\/"},{"@type":"ListItem","position":2,"name":"La stabilit\u00e9 du march\u00e9 \u00e0 long terme sera la priorit\u00e9"}]},{"@type":"WebSite","@id":"https:\/\/lasentinelle.dz\/#website","url":"https:\/\/lasentinelle.dz\/","name":"La Sentinelle","description":"Quotidien national d&#039;information","publisher":{"@id":"https:\/\/lasentinelle.dz\/#organization"},"potentialAction":[{"@type":"SearchAction","target":{"@type":"EntryPoint","urlTemplate":"https:\/\/lasentinelle.dz\/?s={search_term_string}"},"query-input":{"@type":"PropertyValueSpecification","valueRequired":true,"valueName":"search_term_string"}}],"inLanguage":"fr-FR"},{"@type":"Organization","@id":"https:\/\/lasentinelle.dz\/#organization","name":"Quotidien La Sentinelle","url":"https:\/\/lasentinelle.dz\/","logo":{"@type":"ImageObject","inLanguage":"fr-FR","@id":"https:\/\/lasentinelle.dz\/#\/schema\/logo\/image\/","url":"https:\/\/lasentinelle.dz\/wp-content\/uploads\/2021\/09\/logo-sentinelleSLOGAN-1.png","contentUrl":"https:\/\/lasentinelle.dz\/wp-content\/uploads\/2021\/09\/logo-sentinelleSLOGAN-1.png","width":615,"height":142,"caption":"Quotidien La Sentinelle"},"image":{"@id":"https:\/\/lasentinelle.dz\/#\/schema\/logo\/image\/"},"sameAs":["https:\/\/www.facebook.com\/La-Sentinelle-104059864394773"]},{"@type":"Person","@id":"https:\/\/lasentinelle.dz\/#\/schema\/person\/729ee0024f24e0b8c5ec17232f8e8b41","name":"admin","image":{"@type":"ImageObject","inLanguage":"fr-FR","@id":"https:\/\/secure.gravatar.com\/avatar\/4c81fed838786e9b53f540bf46533e750f5d292099ae3b66cfc6fb1982e29df7?s=96&d=mm&r=g","url":"https:\/\/secure.gravatar.com\/avatar\/4c81fed838786e9b53f540bf46533e750f5d292099ae3b66cfc6fb1982e29df7?s=96&d=mm&r=g","contentUrl":"https:\/\/secure.gravatar.com\/avatar\/4c81fed838786e9b53f540bf46533e750f5d292099ae3b66cfc6fb1982e29df7?s=96&d=mm&r=g","caption":"admin"},"description":"admin","url":"https:\/\/lasentinelle.dz\/author\/admin\/"}]}},"_links":{"self":[{"href":"https:\/\/lasentinelle.dz\/index.php\/wp-json\/wp\/v2\/posts\/62072","targetHints":{"allow":["GET"]}}],"collection":[{"href":"https:\/\/lasentinelle.dz\/index.php\/wp-json\/wp\/v2\/posts"}],"about":[{"href":"https:\/\/lasentinelle.dz\/index.php\/wp-json\/wp\/v2\/types\/post"}],"author":[{"embeddable":true,"href":"https:\/\/lasentinelle.dz\/index.php\/wp-json\/wp\/v2\/users\/6"}],"replies":[{"embeddable":true,"href":"https:\/\/lasentinelle.dz\/index.php\/wp-json\/wp\/v2\/comments?post=62072"}],"version-history":[{"count":1,"href":"https:\/\/lasentinelle.dz\/index.php\/wp-json\/wp\/v2\/posts\/62072\/revisions"}],"predecessor-version":[{"id":62074,"href":"https:\/\/lasentinelle.dz\/index.php\/wp-json\/wp\/v2\/posts\/62072\/revisions\/62074"}],"wp:featuredmedia":[{"embeddable":true,"href":"https:\/\/lasentinelle.dz\/index.php\/wp-json\/wp\/v2\/media\/62073"}],"wp:attachment":[{"href":"https:\/\/lasentinelle.dz\/index.php\/wp-json\/wp\/v2\/media?parent=62072"}],"wp:term":[{"taxonomy":"category","embeddable":true,"href":"https:\/\/lasentinelle.dz\/index.php\/wp-json\/wp\/v2\/categories?post=62072"},{"taxonomy":"post_tag","embeddable":true,"href":"https:\/\/lasentinelle.dz\/index.php\/wp-json\/wp\/v2\/tags?post=62072"}],"curies":[{"name":"wp","href":"https:\/\/api.w.org\/{rel}","templated":true}]}}