{"id":62075,"date":"2025-01-27T12:00:14","date_gmt":"2025-01-27T11:00:14","guid":{"rendered":"https:\/\/lasentinelle.dz\/?p=62075"},"modified":"2025-01-27T12:00:15","modified_gmt":"2025-01-27T11:00:15","slug":"le-ministere-du-tourisme-prepare-la-saison-estivale-meddahi-insiste-sur-lamelioration-de-la-qualite-des-services","status":"publish","type":"post","link":"https:\/\/lasentinelle.dz\/index.php\/2025\/01\/27\/le-ministere-du-tourisme-prepare-la-saison-estivale-meddahi-insiste-sur-lamelioration-de-la-qualite-des-services\/","title":{"rendered":"Le minist\u00e8re du Tourisme pr\u00e9pare la saison estivale: Meddahi insiste sur l\u2019am\u00e9lioration de la qualit\u00e9 des services"},"content":{"rendered":"\n<p>L&rsquo;Alg\u00e9rie se pr\u00e9pare activement \u00e0 la saison estivale 2025, avec une ambition claire : faire du tourisme un v\u00e9ritable levier de d\u00e9veloppement \u00e9conomique national. Samedi \u00e0 Alger, la ministre du Tourisme et de l&rsquo;Artisanat, Houria Meddahi, a pr\u00e9sid\u00e9 une rencontre r\u00e9unissant les directeurs du tourisme de plusieurs wilayas, tra\u00e7ant les perspectives d&rsquo;une saison qui s&rsquo;annonce d\u00e9terminante pour le secteur. Dans un contexte \u00e9conomique complexe, le tourisme se pr\u00e9sente comme un enjeu majeur de diversification et de d\u00e9veloppement. Houria Meddahi a d&#8217;embl\u00e9e fix\u00e9 le cap : \u00ab Il est imp\u00e9ratif d&rsquo;am\u00e9liorer les services touristiques pour r\u00e9pondre aux attentes des visiteurs et attirer davantage de touristes nationaux et \u00e9trangers \u00bb. La strat\u00e9gie minist\u00e9rielle repose sur plusieurs axes structurants. La num\u00e9risation appara\u00eet comme un levier essentiel. \u00ab Il importe de renforcer la num\u00e9risation des services propos\u00e9s par le secteur, tels que la r\u00e9servation et la restauration, et d&rsquo;am\u00e9liorer le transport pour le confort des estivants \u00bb, a soulign\u00e9 la ministre. Cette approche moderne vise \u00e0 simplifier l&rsquo;exp\u00e9rience touristique et \u00e0 moderniser l&rsquo;image du tourisme alg\u00e9rien. Un autre volet crucial concerne la promotion des destinations nationales. Meddahi a appel\u00e9 \u00e0 \u00ab \u00e9laborer un guide g\u00e9n\u00e9ral pour faire conna\u00eetre les diff\u00e9rentes destinations touristiques nationales \u00bb. Cette d\u00e9marche r\u00e9pond \u00e0 un double objectif : valoriser le patrimoine touristique alg\u00e9rien et faciliter l&rsquo;acc\u00e8s \u00e0 l&rsquo;information pour les futurs visiteurs. Le d\u00e9veloppement de l&rsquo;artisanat constitue \u00e9galement un axe strat\u00e9gique majeur. \u00ab Il est essentiel d&rsquo;encourager les artisans et d&rsquo;organiser des \u00e9v\u00e9nements pour la promotion de leurs produits au niveau local \u00bb, a insist\u00e9 la ministre. Cette approche vise \u00e0 cr\u00e9er une synergie entre tourisme et artisanat, deux secteurs compl\u00e9mentaires porteurs de valeur ajout\u00e9e \u00e9conomique et culturelle. Une attention particuli\u00e8re sera port\u00e9e au tourisme thermal. Meddahi a appel\u00e9 \u00e0 \u00ab d\u00e9velopper le tourisme thermal \u00e0 travers l&rsquo;exploitation du potentiel disponible et la proposition de services de qualit\u00e9 \u00bb. Cette orientation s&rsquo;appuie sur les ressources naturelles consid\u00e9rables de l&rsquo;Alg\u00e9rie en mati\u00e8re de sources thermales, repr\u00e9sentant un potentiel encore largement inexploit\u00e9. La rencontre a permis d&rsquo;entendre les directeurs du tourisme des diff\u00e9rentes wilayas, offrant un panorama d\u00e9taill\u00e9 des r\u00e9alit\u00e9s locales et des perspectives de d\u00e9veloppement. Des interventions sp\u00e9cifiques sur le foncier touristique et l&rsquo;artisanat ont enrichi les discussions, d\u00e9montrant la volont\u00e9 d&rsquo;une approche globale et concert\u00e9e. L&rsquo;ambition affich\u00e9e par Houria Meddahi est claire : \u00ab conjuguer les efforts pour promouvoir le secteur du tourisme et en faire un important levier de d\u00e9veloppement de l&rsquo;\u00e9conomie nationale \u00bb. Cette vision s&rsquo;inscrit dans une strat\u00e9gie plus large de diversification \u00e9conomique, moins d\u00e9pendante des hydrocarbures. Les d\u00e9fis sont multiples. L&rsquo;Alg\u00e9rie doit moderniser ses infrastructures, am\u00e9liorer la qualit\u00e9 des services, d\u00e9velopper des infrastructures d&rsquo;accueil conformes aux standards internationaux et valoriser ses atouts naturels et culturels uniques. Le potentiel est immense. Des c\u00f4tes m\u00e9diterran\u00e9ennes aux sites sahariens, en passant par les richesses culturelles et patrimoniales, l&rsquo;Alg\u00e9rie dispose d&rsquo;une diversit\u00e9 touristique remarquable. La saison 2025 se pr\u00e9sente comme une opportunit\u00e9 de faire \u00e9merger ce potentiel et de positionner le pays sur la carte touristique internationale.<\/p>\n\n\n\n<p>Lyna Larbi<\/p>\n","protected":false},"excerpt":{"rendered":"<p>L&rsquo;Alg\u00e9rie se pr\u00e9pare activement \u00e0 la saison estivale 2025, avec une ambition claire : faire du tourisme un v\u00e9ritable levier<\/p>\n","protected":false},"author":6,"featured_media":62076,"comment_status":"open","ping_status":"closed","sticky":false,"template":"","format":"standard","meta":{"colormag_page_container_layout":"default_layout","colormag_page_sidebar_layout":"default_layout","om_disable_all_campaigns":false,"_monsterinsights_skip_tracking":false,"_monsterinsights_sitenote_active":false,"_monsterinsights_sitenote_note":"","_monsterinsights_sitenote_category":0,"footnotes":"","_wpscppro_dont_share_socialmedia":false,"_wpscppro_custom_social_share_image":0,"_facebook_share_type":"default","_twitter_share_type":"default","_linkedin_share_type":"default","_pinterest_share_type":"default","_linkedin_share_type_page":"","_instagram_share_type":"default","_medium_share_type":"default","_threads_share_type":"","_google_business_share_type":"","_selected_social_profile":[],"_wpsp_enable_custom_social_template":false,"_wpsp_social_scheduling":{"enabled":false,"datetime":null,"platforms":[],"status":"template_only","dateOption":"today","timeOption":"now","customDays":"","customHours":"","customDate":"","customTime":"","schedulingType":"absolute"},"_wpsp_active_default_template":true},"categories":[27],"tags":[],"class_list":["post-62075","post","type-post","status-publish","format-standard","has-post-thumbnail","hentry","category-actualite"],"aioseo_notices":[],"yoast_head":"<!-- This site is optimized with the Yoast SEO plugin v27.5 - https:\/\/yoast.com\/product\/yoast-seo-wordpress\/ -->\n<title>Le minist\u00e8re du Tourisme pr\u00e9pare la saison estivale: Meddahi insiste sur l\u2019am\u00e9lioration de la qualit\u00e9 des services - La Sentinelle<\/title>\n<meta name=\"robots\" content=\"index, follow, max-snippet:-1, max-image-preview:large, max-video-preview:-1\" \/>\n<link rel=\"canonical\" href=\"https:\/\/lasentinelle.dz\/index.php\/2025\/01\/27\/le-ministere-du-tourisme-prepare-la-saison-estivale-meddahi-insiste-sur-lamelioration-de-la-qualite-des-services\/\" \/>\n<meta property=\"og:locale\" content=\"fr_FR\" \/>\n<meta property=\"og:type\" content=\"article\" \/>\n<meta property=\"og:title\" content=\"Le minist\u00e8re du Tourisme pr\u00e9pare la saison estivale: Meddahi insiste sur l\u2019am\u00e9lioration de la qualit\u00e9 des services - La Sentinelle\" \/>\n<meta property=\"og:description\" content=\"L&rsquo;Alg\u00e9rie se pr\u00e9pare activement \u00e0 la saison estivale 2025, avec une ambition claire : faire du tourisme un v\u00e9ritable levier\" \/>\n<meta property=\"og:url\" content=\"https:\/\/lasentinelle.dz\/index.php\/2025\/01\/27\/le-ministere-du-tourisme-prepare-la-saison-estivale-meddahi-insiste-sur-lamelioration-de-la-qualite-des-services\/\" \/>\n<meta property=\"og:site_name\" content=\"La Sentinelle\" \/>\n<meta property=\"article:publisher\" content=\"https:\/\/www.facebook.com\/La-Sentinelle-104059864394773\" \/>\n<meta property=\"article:published_time\" content=\"2025-01-27T11:00:14+00:00\" \/>\n<meta property=\"article:modified_time\" content=\"2025-01-27T11:00:15+00:00\" \/>\n<meta property=\"og:image\" content=\"https:\/\/lasentinelle.dz\/wp-content\/uploads\/2025\/01\/meddahi.jpg\" \/>\n\t<meta property=\"og:image:width\" content=\"1440\" \/>\n\t<meta property=\"og:image:height\" content=\"1080\" \/>\n\t<meta property=\"og:image:type\" content=\"image\/jpeg\" \/>\n<meta name=\"author\" content=\"admin\" \/>\n<meta name=\"twitter:card\" content=\"summary_large_image\" \/>\n<meta name=\"twitter:label1\" content=\"\u00c9crit par\" \/>\n\t<meta name=\"twitter:data1\" content=\"admin\" \/>\n\t<meta name=\"twitter:label2\" content=\"Dur\u00e9e de lecture estim\u00e9e\" \/>\n\t<meta name=\"twitter:data2\" content=\"3 minutes\" \/>\n<script type=\"application\/ld+json\" class=\"yoast-schema-graph\">{\"@context\":\"https:\\\/\\\/schema.org\",\"@graph\":[{\"@type\":\"Article\",\"@id\":\"https:\\\/\\\/lasentinelle.dz\\\/index.php\\\/2025\\\/01\\\/27\\\/le-ministere-du-tourisme-prepare-la-saison-estivale-meddahi-insiste-sur-lamelioration-de-la-qualite-des-services\\\/#article\",\"isPartOf\":{\"@id\":\"https:\\\/\\\/lasentinelle.dz\\\/index.php\\\/2025\\\/01\\\/27\\\/le-ministere-du-tourisme-prepare-la-saison-estivale-meddahi-insiste-sur-lamelioration-de-la-qualite-des-services\\\/\"},\"author\":{\"name\":\"admin\",\"@id\":\"https:\\\/\\\/lasentinelle.dz\\\/#\\\/schema\\\/person\\\/729ee0024f24e0b8c5ec17232f8e8b41\"},\"headline\":\"Le minist\u00e8re du Tourisme pr\u00e9pare la saison estivale: Meddahi insiste sur l\u2019am\u00e9lioration de la qualit\u00e9 des services\",\"datePublished\":\"2025-01-27T11:00:14+00:00\",\"dateModified\":\"2025-01-27T11:00:15+00:00\",\"mainEntityOfPage\":{\"@id\":\"https:\\\/\\\/lasentinelle.dz\\\/index.php\\\/2025\\\/01\\\/27\\\/le-ministere-du-tourisme-prepare-la-saison-estivale-meddahi-insiste-sur-lamelioration-de-la-qualite-des-services\\\/\"},\"wordCount\":585,\"commentCount\":0,\"publisher\":{\"@id\":\"https:\\\/\\\/lasentinelle.dz\\\/#organization\"},\"image\":{\"@id\":\"https:\\\/\\\/lasentinelle.dz\\\/index.php\\\/2025\\\/01\\\/27\\\/le-ministere-du-tourisme-prepare-la-saison-estivale-meddahi-insiste-sur-lamelioration-de-la-qualite-des-services\\\/#primaryimage\"},\"thumbnailUrl\":\"https:\\\/\\\/lasentinelle.dz\\\/wp-content\\\/uploads\\\/2025\\\/01\\\/meddahi.jpg\",\"articleSection\":[\"Actualit\u00e9\"],\"inLanguage\":\"fr-FR\",\"potentialAction\":[{\"@type\":\"CommentAction\",\"name\":\"Comment\",\"target\":[\"https:\\\/\\\/lasentinelle.dz\\\/index.php\\\/2025\\\/01\\\/27\\\/le-ministere-du-tourisme-prepare-la-saison-estivale-meddahi-insiste-sur-lamelioration-de-la-qualite-des-services\\\/#respond\"]}]},{\"@type\":\"WebPage\",\"@id\":\"https:\\\/\\\/lasentinelle.dz\\\/index.php\\\/2025\\\/01\\\/27\\\/le-ministere-du-tourisme-prepare-la-saison-estivale-meddahi-insiste-sur-lamelioration-de-la-qualite-des-services\\\/\",\"url\":\"https:\\\/\\\/lasentinelle.dz\\\/index.php\\\/2025\\\/01\\\/27\\\/le-ministere-du-tourisme-prepare-la-saison-estivale-meddahi-insiste-sur-lamelioration-de-la-qualite-des-services\\\/\",\"name\":\"Le minist\u00e8re du Tourisme pr\u00e9pare la saison estivale: Meddahi insiste sur l\u2019am\u00e9lioration de la qualit\u00e9 des services - La Sentinelle\",\"isPartOf\":{\"@id\":\"https:\\\/\\\/lasentinelle.dz\\\/#website\"},\"primaryImageOfPage\":{\"@id\":\"https:\\\/\\\/lasentinelle.dz\\\/index.php\\\/2025\\\/01\\\/27\\\/le-ministere-du-tourisme-prepare-la-saison-estivale-meddahi-insiste-sur-lamelioration-de-la-qualite-des-services\\\/#primaryimage\"},\"image\":{\"@id\":\"https:\\\/\\\/lasentinelle.dz\\\/index.php\\\/2025\\\/01\\\/27\\\/le-ministere-du-tourisme-prepare-la-saison-estivale-meddahi-insiste-sur-lamelioration-de-la-qualite-des-services\\\/#primaryimage\"},\"thumbnailUrl\":\"https:\\\/\\\/lasentinelle.dz\\\/wp-content\\\/uploads\\\/2025\\\/01\\\/meddahi.jpg\",\"datePublished\":\"2025-01-27T11:00:14+00:00\",\"dateModified\":\"2025-01-27T11:00:15+00:00\",\"breadcrumb\":{\"@id\":\"https:\\\/\\\/lasentinelle.dz\\\/index.php\\\/2025\\\/01\\\/27\\\/le-ministere-du-tourisme-prepare-la-saison-estivale-meddahi-insiste-sur-lamelioration-de-la-qualite-des-services\\\/#breadcrumb\"},\"inLanguage\":\"fr-FR\",\"potentialAction\":[{\"@type\":\"ReadAction\",\"target\":[\"https:\\\/\\\/lasentinelle.dz\\\/index.php\\\/2025\\\/01\\\/27\\\/le-ministere-du-tourisme-prepare-la-saison-estivale-meddahi-insiste-sur-lamelioration-de-la-qualite-des-services\\\/\"]}]},{\"@type\":\"ImageObject\",\"inLanguage\":\"fr-FR\",\"@id\":\"https:\\\/\\\/lasentinelle.dz\\\/index.php\\\/2025\\\/01\\\/27\\\/le-ministere-du-tourisme-prepare-la-saison-estivale-meddahi-insiste-sur-lamelioration-de-la-qualite-des-services\\\/#primaryimage\",\"url\":\"https:\\\/\\\/lasentinelle.dz\\\/wp-content\\\/uploads\\\/2025\\\/01\\\/meddahi.jpg\",\"contentUrl\":\"https:\\\/\\\/lasentinelle.dz\\\/wp-content\\\/uploads\\\/2025\\\/01\\\/meddahi.jpg\",\"width\":1440,\"height\":1080},{\"@type\":\"BreadcrumbList\",\"@id\":\"https:\\\/\\\/lasentinelle.dz\\\/index.php\\\/2025\\\/01\\\/27\\\/le-ministere-du-tourisme-prepare-la-saison-estivale-meddahi-insiste-sur-lamelioration-de-la-qualite-des-services\\\/#breadcrumb\",\"itemListElement\":[{\"@type\":\"ListItem\",\"position\":1,\"name\":\"Accueil\",\"item\":\"https:\\\/\\\/lasentinelle.dz\\\/\"},{\"@type\":\"ListItem\",\"position\":2,\"name\":\"Le minist\u00e8re du Tourisme pr\u00e9pare la saison estivale: Meddahi insiste sur l\u2019am\u00e9lioration de la qualit\u00e9 des services\"}]},{\"@type\":\"WebSite\",\"@id\":\"https:\\\/\\\/lasentinelle.dz\\\/#website\",\"url\":\"https:\\\/\\\/lasentinelle.dz\\\/\",\"name\":\"La Sentinelle\",\"description\":\"Quotidien national d&#039;information\",\"publisher\":{\"@id\":\"https:\\\/\\\/lasentinelle.dz\\\/#organization\"},\"potentialAction\":[{\"@type\":\"SearchAction\",\"target\":{\"@type\":\"EntryPoint\",\"urlTemplate\":\"https:\\\/\\\/lasentinelle.dz\\\/?s={search_term_string}\"},\"query-input\":{\"@type\":\"PropertyValueSpecification\",\"valueRequired\":true,\"valueName\":\"search_term_string\"}}],\"inLanguage\":\"fr-FR\"},{\"@type\":\"Organization\",\"@id\":\"https:\\\/\\\/lasentinelle.dz\\\/#organization\",\"name\":\"Quotidien La Sentinelle\",\"url\":\"https:\\\/\\\/lasentinelle.dz\\\/\",\"logo\":{\"@type\":\"ImageObject\",\"inLanguage\":\"fr-FR\",\"@id\":\"https:\\\/\\\/lasentinelle.dz\\\/#\\\/schema\\\/logo\\\/image\\\/\",\"url\":\"https:\\\/\\\/lasentinelle.dz\\\/wp-content\\\/uploads\\\/2021\\\/09\\\/logo-sentinelleSLOGAN-1.png\",\"contentUrl\":\"https:\\\/\\\/lasentinelle.dz\\\/wp-content\\\/uploads\\\/2021\\\/09\\\/logo-sentinelleSLOGAN-1.png\",\"width\":615,\"height\":142,\"caption\":\"Quotidien La Sentinelle\"},\"image\":{\"@id\":\"https:\\\/\\\/lasentinelle.dz\\\/#\\\/schema\\\/logo\\\/image\\\/\"},\"sameAs\":[\"https:\\\/\\\/www.facebook.com\\\/La-Sentinelle-104059864394773\"]},{\"@type\":\"Person\",\"@id\":\"https:\\\/\\\/lasentinelle.dz\\\/#\\\/schema\\\/person\\\/729ee0024f24e0b8c5ec17232f8e8b41\",\"name\":\"admin\",\"image\":{\"@type\":\"ImageObject\",\"inLanguage\":\"fr-FR\",\"@id\":\"https:\\\/\\\/secure.gravatar.com\\\/avatar\\\/4c81fed838786e9b53f540bf46533e750f5d292099ae3b66cfc6fb1982e29df7?s=96&d=mm&r=g\",\"url\":\"https:\\\/\\\/secure.gravatar.com\\\/avatar\\\/4c81fed838786e9b53f540bf46533e750f5d292099ae3b66cfc6fb1982e29df7?s=96&d=mm&r=g\",\"contentUrl\":\"https:\\\/\\\/secure.gravatar.com\\\/avatar\\\/4c81fed838786e9b53f540bf46533e750f5d292099ae3b66cfc6fb1982e29df7?s=96&d=mm&r=g\",\"caption\":\"admin\"},\"description\":\"admin\",\"url\":\"https:\\\/\\\/lasentinelle.dz\\\/author\\\/admin\\\/\"}]}<\/script>\n<!-- \/ Yoast SEO plugin. -->","yoast_head_json":{"title":"Le minist\u00e8re du Tourisme pr\u00e9pare la saison estivale: Meddahi insiste sur l\u2019am\u00e9lioration de la qualit\u00e9 des services - La Sentinelle","robots":{"index":"index","follow":"follow","max-snippet":"max-snippet:-1","max-image-preview":"max-image-preview:large","max-video-preview":"max-video-preview:-1"},"canonical":"https:\/\/lasentinelle.dz\/index.php\/2025\/01\/27\/le-ministere-du-tourisme-prepare-la-saison-estivale-meddahi-insiste-sur-lamelioration-de-la-qualite-des-services\/","og_locale":"fr_FR","og_type":"article","og_title":"Le minist\u00e8re du Tourisme pr\u00e9pare la saison estivale: Meddahi insiste sur l\u2019am\u00e9lioration de la qualit\u00e9 des services - La Sentinelle","og_description":"L&rsquo;Alg\u00e9rie se pr\u00e9pare activement \u00e0 la saison estivale 2025, avec une ambition claire : faire du tourisme un v\u00e9ritable levier","og_url":"https:\/\/lasentinelle.dz\/index.php\/2025\/01\/27\/le-ministere-du-tourisme-prepare-la-saison-estivale-meddahi-insiste-sur-lamelioration-de-la-qualite-des-services\/","og_site_name":"La Sentinelle","article_publisher":"https:\/\/www.facebook.com\/La-Sentinelle-104059864394773","article_published_time":"2025-01-27T11:00:14+00:00","article_modified_time":"2025-01-27T11:00:15+00:00","og_image":[{"width":1440,"height":1080,"url":"https:\/\/lasentinelle.dz\/wp-content\/uploads\/2025\/01\/meddahi.jpg","type":"image\/jpeg"}],"author":"admin","twitter_card":"summary_large_image","twitter_misc":{"\u00c9crit par":"admin","Dur\u00e9e de lecture estim\u00e9e":"3 minutes"},"schema":{"@context":"https:\/\/schema.org","@graph":[{"@type":"Article","@id":"https:\/\/lasentinelle.dz\/index.php\/2025\/01\/27\/le-ministere-du-tourisme-prepare-la-saison-estivale-meddahi-insiste-sur-lamelioration-de-la-qualite-des-services\/#article","isPartOf":{"@id":"https:\/\/lasentinelle.dz\/index.php\/2025\/01\/27\/le-ministere-du-tourisme-prepare-la-saison-estivale-meddahi-insiste-sur-lamelioration-de-la-qualite-des-services\/"},"author":{"name":"admin","@id":"https:\/\/lasentinelle.dz\/#\/schema\/person\/729ee0024f24e0b8c5ec17232f8e8b41"},"headline":"Le minist\u00e8re du Tourisme pr\u00e9pare la saison estivale: Meddahi insiste sur l\u2019am\u00e9lioration de la qualit\u00e9 des services","datePublished":"2025-01-27T11:00:14+00:00","dateModified":"2025-01-27T11:00:15+00:00","mainEntityOfPage":{"@id":"https:\/\/lasentinelle.dz\/index.php\/2025\/01\/27\/le-ministere-du-tourisme-prepare-la-saison-estivale-meddahi-insiste-sur-lamelioration-de-la-qualite-des-services\/"},"wordCount":585,"commentCount":0,"publisher":{"@id":"https:\/\/lasentinelle.dz\/#organization"},"image":{"@id":"https:\/\/lasentinelle.dz\/index.php\/2025\/01\/27\/le-ministere-du-tourisme-prepare-la-saison-estivale-meddahi-insiste-sur-lamelioration-de-la-qualite-des-services\/#primaryimage"},"thumbnailUrl":"https:\/\/lasentinelle.dz\/wp-content\/uploads\/2025\/01\/meddahi.jpg","articleSection":["Actualit\u00e9"],"inLanguage":"fr-FR","potentialAction":[{"@type":"CommentAction","name":"Comment","target":["https:\/\/lasentinelle.dz\/index.php\/2025\/01\/27\/le-ministere-du-tourisme-prepare-la-saison-estivale-meddahi-insiste-sur-lamelioration-de-la-qualite-des-services\/#respond"]}]},{"@type":"WebPage","@id":"https:\/\/lasentinelle.dz\/index.php\/2025\/01\/27\/le-ministere-du-tourisme-prepare-la-saison-estivale-meddahi-insiste-sur-lamelioration-de-la-qualite-des-services\/","url":"https:\/\/lasentinelle.dz\/index.php\/2025\/01\/27\/le-ministere-du-tourisme-prepare-la-saison-estivale-meddahi-insiste-sur-lamelioration-de-la-qualite-des-services\/","name":"Le minist\u00e8re du Tourisme pr\u00e9pare la saison estivale: Meddahi insiste sur l\u2019am\u00e9lioration de la qualit\u00e9 des services - La Sentinelle","isPartOf":{"@id":"https:\/\/lasentinelle.dz\/#website"},"primaryImageOfPage":{"@id":"https:\/\/lasentinelle.dz\/index.php\/2025\/01\/27\/le-ministere-du-tourisme-prepare-la-saison-estivale-meddahi-insiste-sur-lamelioration-de-la-qualite-des-services\/#primaryimage"},"image":{"@id":"https:\/\/lasentinelle.dz\/index.php\/2025\/01\/27\/le-ministere-du-tourisme-prepare-la-saison-estivale-meddahi-insiste-sur-lamelioration-de-la-qualite-des-services\/#primaryimage"},"thumbnailUrl":"https:\/\/lasentinelle.dz\/wp-content\/uploads\/2025\/01\/meddahi.jpg","datePublished":"2025-01-27T11:00:14+00:00","dateModified":"2025-01-27T11:00:15+00:00","breadcrumb":{"@id":"https:\/\/lasentinelle.dz\/index.php\/2025\/01\/27\/le-ministere-du-tourisme-prepare-la-saison-estivale-meddahi-insiste-sur-lamelioration-de-la-qualite-des-services\/#breadcrumb"},"inLanguage":"fr-FR","potentialAction":[{"@type":"ReadAction","target":["https:\/\/lasentinelle.dz\/index.php\/2025\/01\/27\/le-ministere-du-tourisme-prepare-la-saison-estivale-meddahi-insiste-sur-lamelioration-de-la-qualite-des-services\/"]}]},{"@type":"ImageObject","inLanguage":"fr-FR","@id":"https:\/\/lasentinelle.dz\/index.php\/2025\/01\/27\/le-ministere-du-tourisme-prepare-la-saison-estivale-meddahi-insiste-sur-lamelioration-de-la-qualite-des-services\/#primaryimage","url":"https:\/\/lasentinelle.dz\/wp-content\/uploads\/2025\/01\/meddahi.jpg","contentUrl":"https:\/\/lasentinelle.dz\/wp-content\/uploads\/2025\/01\/meddahi.jpg","width":1440,"height":1080},{"@type":"BreadcrumbList","@id":"https:\/\/lasentinelle.dz\/index.php\/2025\/01\/27\/le-ministere-du-tourisme-prepare-la-saison-estivale-meddahi-insiste-sur-lamelioration-de-la-qualite-des-services\/#breadcrumb","itemListElement":[{"@type":"ListItem","position":1,"name":"Accueil","item":"https:\/\/lasentinelle.dz\/"},{"@type":"ListItem","position":2,"name":"Le minist\u00e8re du Tourisme pr\u00e9pare la saison estivale: Meddahi insiste sur l\u2019am\u00e9lioration de la qualit\u00e9 des services"}]},{"@type":"WebSite","@id":"https:\/\/lasentinelle.dz\/#website","url":"https:\/\/lasentinelle.dz\/","name":"La Sentinelle","description":"Quotidien national d&#039;information","publisher":{"@id":"https:\/\/lasentinelle.dz\/#organization"},"potentialAction":[{"@type":"SearchAction","target":{"@type":"EntryPoint","urlTemplate":"https:\/\/lasentinelle.dz\/?s={search_term_string}"},"query-input":{"@type":"PropertyValueSpecification","valueRequired":true,"valueName":"search_term_string"}}],"inLanguage":"fr-FR"},{"@type":"Organization","@id":"https:\/\/lasentinelle.dz\/#organization","name":"Quotidien La Sentinelle","url":"https:\/\/lasentinelle.dz\/","logo":{"@type":"ImageObject","inLanguage":"fr-FR","@id":"https:\/\/lasentinelle.dz\/#\/schema\/logo\/image\/","url":"https:\/\/lasentinelle.dz\/wp-content\/uploads\/2021\/09\/logo-sentinelleSLOGAN-1.png","contentUrl":"https:\/\/lasentinelle.dz\/wp-content\/uploads\/2021\/09\/logo-sentinelleSLOGAN-1.png","width":615,"height":142,"caption":"Quotidien La Sentinelle"},"image":{"@id":"https:\/\/lasentinelle.dz\/#\/schema\/logo\/image\/"},"sameAs":["https:\/\/www.facebook.com\/La-Sentinelle-104059864394773"]},{"@type":"Person","@id":"https:\/\/lasentinelle.dz\/#\/schema\/person\/729ee0024f24e0b8c5ec17232f8e8b41","name":"admin","image":{"@type":"ImageObject","inLanguage":"fr-FR","@id":"https:\/\/secure.gravatar.com\/avatar\/4c81fed838786e9b53f540bf46533e750f5d292099ae3b66cfc6fb1982e29df7?s=96&d=mm&r=g","url":"https:\/\/secure.gravatar.com\/avatar\/4c81fed838786e9b53f540bf46533e750f5d292099ae3b66cfc6fb1982e29df7?s=96&d=mm&r=g","contentUrl":"https:\/\/secure.gravatar.com\/avatar\/4c81fed838786e9b53f540bf46533e750f5d292099ae3b66cfc6fb1982e29df7?s=96&d=mm&r=g","caption":"admin"},"description":"admin","url":"https:\/\/lasentinelle.dz\/author\/admin\/"}]}},"_links":{"self":[{"href":"https:\/\/lasentinelle.dz\/index.php\/wp-json\/wp\/v2\/posts\/62075","targetHints":{"allow":["GET"]}}],"collection":[{"href":"https:\/\/lasentinelle.dz\/index.php\/wp-json\/wp\/v2\/posts"}],"about":[{"href":"https:\/\/lasentinelle.dz\/index.php\/wp-json\/wp\/v2\/types\/post"}],"author":[{"embeddable":true,"href":"https:\/\/lasentinelle.dz\/index.php\/wp-json\/wp\/v2\/users\/6"}],"replies":[{"embeddable":true,"href":"https:\/\/lasentinelle.dz\/index.php\/wp-json\/wp\/v2\/comments?post=62075"}],"version-history":[{"count":1,"href":"https:\/\/lasentinelle.dz\/index.php\/wp-json\/wp\/v2\/posts\/62075\/revisions"}],"predecessor-version":[{"id":62077,"href":"https:\/\/lasentinelle.dz\/index.php\/wp-json\/wp\/v2\/posts\/62075\/revisions\/62077"}],"wp:featuredmedia":[{"embeddable":true,"href":"https:\/\/lasentinelle.dz\/index.php\/wp-json\/wp\/v2\/media\/62076"}],"wp:attachment":[{"href":"https:\/\/lasentinelle.dz\/index.php\/wp-json\/wp\/v2\/media?parent=62075"}],"wp:term":[{"taxonomy":"category","embeddable":true,"href":"https:\/\/lasentinelle.dz\/index.php\/wp-json\/wp\/v2\/categories?post=62075"},{"taxonomy":"post_tag","embeddable":true,"href":"https:\/\/lasentinelle.dz\/index.php\/wp-json\/wp\/v2\/tags?post=62075"}],"curies":[{"name":"wp","href":"https:\/\/api.w.org\/{rel}","templated":true}]}}