{"id":62084,"date":"2025-01-27T12:03:22","date_gmt":"2025-01-27T11:03:22","guid":{"rendered":"https:\/\/lasentinelle.dz\/?p=62084"},"modified":"2025-01-27T12:03:23","modified_gmt":"2025-01-27T11:03:23","slug":"luipa-condamne-lingerence-europeenne-dans-les-affaires-algeriennes","status":"publish","type":"post","link":"https:\/\/lasentinelle.dz\/index.php\/2025\/01\/27\/luipa-condamne-lingerence-europeenne-dans-les-affaires-algeriennes\/","title":{"rendered":"L&rsquo;UIPA condamne l&rsquo;ing\u00e9rence europ\u00e9enne dans les affaires alg\u00e9riennes"},"content":{"rendered":"\n<p class=\"wp-block-paragraph\">L&rsquo;Union interparlementaire arabe (UIPA) a \u00ab\u00a0vivement\u00a0\u00bb condamn\u00e9 la r\u00e9solution du Parlement europ\u00e9en concernant l&rsquo;Alg\u00e9rie, la qualifiant d&rsquo;ing\u00e9rence flagrante dans ses affaires int\u00e9rieures et d&rsquo;atteinte \u00e0 sa souverainet\u00e9 et \u00e0 l&rsquo;ind\u00e9pendance de sa Justice. Dans un communiqu\u00e9 sign\u00e9 par son pr\u00e9sident, Brahim Boughali, pr\u00e9sident de l&rsquo;Assembl\u00e9e populaire nationale, l&rsquo;Union interparlementaire arabe a affirm\u00e9 que \u00ab\u00a0ce comportement constitue une violation des normes et chartes internationales consacrant le respect de la souverainet\u00e9 des Etats et la non-ing\u00e9rence dans leurs affaires int\u00e9rieures\u00a0\u00bb. R\u00e9affirmant son \u00ab\u00a0soutien total \u00e0 l&rsquo;Alg\u00e9rie, dirigeants, Parlement, Gouvernement et peuple\u00a0\u00bb, l&rsquo;UIPA a soulign\u00e9 que \u00ab\u00a0l&rsquo;Alg\u00e9rie dispose d&rsquo;institutions constitutionnelles ancr\u00e9es et d&rsquo;une Justice ind\u00e9pendante qui garantit la protection des droits et des libert\u00e9s selon les normes juridiques et humanitaires\u00a0\u00bb. Dans son communiqu\u00e9, l&rsquo;Union interparlementaire arabe a appel\u00e9 le Parlement europ\u00e9en \u00e0 \u00ab\u00a0cesser d&rsquo;instrumentaliser les questions des droits de l&rsquo;Homme pour s&rsquo;immiscer dans les affaires des autres Etats\u00a0\u00bb et \u00e0 \u00ab\u00a0respecter la Justice alg\u00e9rienne\u00a0\u00bb. L&rsquo;UIPA a aussi invit\u00e9 le Parlement europ\u00e9en \u00e0 \u00ab\u00a0\u0153uvrer en faveur de la paix et de la stabilit\u00e9 internationales\u00a0\u00bb.<\/p>\n\n\n\n<p class=\"wp-block-paragraph\">APS<\/p>\n","protected":false},"excerpt":{"rendered":"<p>L&rsquo;Union interparlementaire arabe (UIPA) a \u00ab\u00a0vivement\u00a0\u00bb condamn\u00e9 la r\u00e9solution du Parlement europ\u00e9en concernant l&rsquo;Alg\u00e9rie, la qualifiant d&rsquo;ing\u00e9rence flagrante dans ses<\/p>\n","protected":false},"author":6,"featured_media":62085,"comment_status":"open","ping_status":"closed","sticky":false,"template":"","format":"standard","meta":{"colormag_page_container_layout":"default_layout","colormag_page_sidebar_layout":"default_layout","om_disable_all_campaigns":false,"_monsterinsights_skip_tracking":false,"footnotes":"","_wpscppro_dont_share_socialmedia":false,"_wpscppro_custom_social_share_image":0,"_facebook_share_type":"default","_twitter_share_type":"default","_linkedin_share_type":"default","_pinterest_share_type":"default","_linkedin_share_type_page":"","_instagram_share_type":"default","_medium_share_type":"default","_threads_share_type":"","_google_business_share_type":"","_bluesky_share_type":"","_mastodon_share_type":"","_selected_social_profile":[],"_wpsp_enable_custom_social_template":false,"_wpsp_social_scheduling":{"enabled":false,"datetime":null,"platforms":[],"status":"template_only","dateOption":"today","timeOption":"now","customDays":"","customHours":"","customDate":"","customTime":"","schedulingType":"absolute"},"_wpsp_active_default_template":true},"categories":[27],"tags":[],"class_list":["post-62084","post","type-post","status-publish","format-standard","has-post-thumbnail","hentry","category-actualite"],"aioseo_notices":[],"aioseo_head":"\n\t\t<!-- All in One SEO 5.0.0.1 - aioseo.com -->\n\t<meta name=\"description\" content=\"L&#039;Union interparlementaire arabe (UIPA) a &quot;vivement&quot; condamn\u00e9 la r\u00e9solution du Parlement europ\u00e9en concernant l&#039;Alg\u00e9rie, la qualifiant d&#039;ing\u00e9rence flagrante dans ses affaires int\u00e9rieures et d&#039;atteinte \u00e0 sa souverainet\u00e9 et \u00e0 l&#039;ind\u00e9pendance de sa Justice. Dans un communiqu\u00e9 sign\u00e9 par son pr\u00e9sident, Brahim Boughali, pr\u00e9sident de l&#039;Assembl\u00e9e populaire nationale, l&#039;Union interparlementaire arabe a affirm\u00e9 que &quot;ce comportement\" \/>\n\t<meta name=\"robots\" content=\"max-image-preview:large\" \/>\n\t<meta name=\"author\" content=\"admin\"\/>\n\t<link rel=\"canonical\" href=\"https:\/\/lasentinelle.dz\/index.php\/2025\/01\/27\/luipa-condamne-lingerence-europeenne-dans-les-affaires-algeriennes\/\" \/>\n\t<meta name=\"generator\" content=\"All in One SEO (AIOSEO) 5.0.0.1\" \/>\n\t\t<meta property=\"og:locale\" content=\"fr_FR\" \/>\n\t\t<meta property=\"og:site_name\" content=\"La Sentinelle - Quotidien national d&#039;information\" \/>\n\t\t<meta property=\"og:type\" content=\"article\" \/>\n\t\t<meta property=\"og:title\" content=\"L\u2019UIPA condamne l\u2019ing\u00e9rence europ\u00e9enne dans les affaires alg\u00e9riennes - La Sentinelle\" \/>\n\t\t<meta property=\"og:description\" content=\"L&#039;Union interparlementaire arabe (UIPA) a &quot;vivement&quot; condamn\u00e9 la r\u00e9solution du Parlement europ\u00e9en concernant l&#039;Alg\u00e9rie, la qualifiant d&#039;ing\u00e9rence flagrante dans ses affaires int\u00e9rieures et d&#039;atteinte \u00e0 sa souverainet\u00e9 et \u00e0 l&#039;ind\u00e9pendance de sa Justice. Dans un communiqu\u00e9 sign\u00e9 par son pr\u00e9sident, Brahim Boughali, pr\u00e9sident de l&#039;Assembl\u00e9e populaire nationale, l&#039;Union interparlementaire arabe a affirm\u00e9 que &quot;ce comportement\" \/>\n\t\t<meta property=\"og:url\" content=\"https:\/\/lasentinelle.dz\/index.php\/2025\/01\/27\/luipa-condamne-lingerence-europeenne-dans-les-affaires-algeriennes\/\" \/>\n\t\t<meta property=\"og:image\" content=\"https:\/\/lasentinelle.dz\/wp-content\/uploads\/2021\/09\/cropped-la-sentinelle-earth-golden-anima-5.gif\" \/>\n\t\t<meta property=\"og:image:secure_url\" content=\"https:\/\/lasentinelle.dz\/wp-content\/uploads\/2021\/09\/cropped-la-sentinelle-earth-golden-anima-5.gif\" \/>\n\t\t<meta property=\"og:image:width\" content=\"450\" \/>\n\t\t<meta property=\"og:image:height\" content=\"213\" \/>\n\t\t<meta property=\"article:published_time\" content=\"2025-01-27T11:03:22+00:00\" \/>\n\t\t<meta property=\"article:modified_time\" content=\"2025-01-27T11:03:23+00:00\" \/>\n\t\t<meta property=\"article:publisher\" content=\"https:\/\/www.facebook.com\/azzedine.lasentinelle.1\" \/>\n\t\t<meta name=\"twitter:card\" content=\"summary_large_image\" \/>\n\t\t<meta name=\"twitter:title\" content=\"L\u2019UIPA condamne l\u2019ing\u00e9rence europ\u00e9enne dans les affaires alg\u00e9riennes - La Sentinelle\" \/>\n\t\t<meta name=\"twitter:description\" content=\"L&#039;Union interparlementaire arabe (UIPA) a &quot;vivement&quot; condamn\u00e9 la r\u00e9solution du Parlement europ\u00e9en concernant l&#039;Alg\u00e9rie, la qualifiant d&#039;ing\u00e9rence flagrante dans ses affaires int\u00e9rieures et d&#039;atteinte \u00e0 sa souverainet\u00e9 et \u00e0 l&#039;ind\u00e9pendance de sa Justice. Dans un communiqu\u00e9 sign\u00e9 par son pr\u00e9sident, Brahim Boughali, pr\u00e9sident de l&#039;Assembl\u00e9e populaire nationale, l&#039;Union interparlementaire arabe a affirm\u00e9 que &quot;ce comportement\" \/>\n\t\t<meta name=\"twitter:image\" content=\"https:\/\/lasentinelle.dz\/wp-content\/uploads\/2021\/09\/cropped-la-sentinelle-earth-golden-anima-5.gif\" \/>\n\t\t<script type=\"application\/ld+json\" class=\"aioseo-schema\">\n\t\t\t{\"@context\":\"https:\\\/\\\/schema.org\",\"@graph\":[{\"@type\":\"BlogPosting\",\"@id\":\"https:\\\/\\\/lasentinelle.dz\\\/index.php\\\/2025\\\/01\\\/27\\\/luipa-condamne-lingerence-europeenne-dans-les-affaires-algeriennes\\\/#blogposting\",\"name\":\"L\\u2019UIPA condamne l\\u2019ing\\u00e9rence europ\\u00e9enne dans les affaires alg\\u00e9riennes - La Sentinelle\",\"headline\":\"L&rsquo;UIPA condamne l&rsquo;ing\\u00e9rence europ\\u00e9enne dans les affaires alg\\u00e9riennes\",\"author\":{\"@id\":\"https:\\\/\\\/lasentinelle.dz\\\/author\\\/admin\\\/#author\"},\"publisher\":{\"@id\":\"https:\\\/\\\/lasentinelle.dz\\\/#organization\"},\"image\":{\"@type\":\"ImageObject\",\"url\":\"https:\\\/\\\/lasentinelle.dz\\\/wp-content\\\/uploads\\\/2025\\\/01\\\/UIPA.jpg\",\"width\":580,\"height\":350},\"datePublished\":\"2025-01-27T12:03:22+01:00\",\"dateModified\":\"2025-01-27T12:03:23+01:00\",\"inLanguage\":\"fr-FR\",\"mainEntityOfPage\":{\"@id\":\"https:\\\/\\\/lasentinelle.dz\\\/index.php\\\/2025\\\/01\\\/27\\\/luipa-condamne-lingerence-europeenne-dans-les-affaires-algeriennes\\\/#webpage\"},\"isPartOf\":{\"@id\":\"https:\\\/\\\/lasentinelle.dz\\\/index.php\\\/2025\\\/01\\\/27\\\/luipa-condamne-lingerence-europeenne-dans-les-affaires-algeriennes\\\/#webpage\"},\"articleSection\":\"Actualit\\u00e9\"},{\"@type\":\"BreadcrumbList\",\"@id\":\"https:\\\/\\\/lasentinelle.dz\\\/index.php\\\/2025\\\/01\\\/27\\\/luipa-condamne-lingerence-europeenne-dans-les-affaires-algeriennes\\\/#breadcrumblist\",\"itemListElement\":[{\"@type\":\"ListItem\",\"@id\":\"https:\\\/\\\/lasentinelle.dz#listItem\",\"position\":1,\"name\":\"Home\",\"item\":\"https:\\\/\\\/lasentinelle.dz\",\"nextItem\":{\"@type\":\"ListItem\",\"@id\":\"https:\\\/\\\/lasentinelle.dz\\\/index.php\\\/category\\\/actualite\\\/#listItem\",\"name\":\"Actualit\\u00e9\"}},{\"@type\":\"ListItem\",\"@id\":\"https:\\\/\\\/lasentinelle.dz\\\/index.php\\\/category\\\/actualite\\\/#listItem\",\"position\":2,\"name\":\"Actualit\\u00e9\",\"item\":\"https:\\\/\\\/lasentinelle.dz\\\/index.php\\\/category\\\/actualite\\\/\",\"nextItem\":{\"@type\":\"ListItem\",\"@id\":\"https:\\\/\\\/lasentinelle.dz\\\/index.php\\\/2025\\\/01\\\/27\\\/luipa-condamne-lingerence-europeenne-dans-les-affaires-algeriennes\\\/#listItem\",\"name\":\"L&rsquo;UIPA condamne l&rsquo;ing\\u00e9rence europ\\u00e9enne dans les affaires alg\\u00e9riennes\"},\"previousItem\":{\"@type\":\"ListItem\",\"@id\":\"https:\\\/\\\/lasentinelle.dz#listItem\",\"name\":\"Home\"}},{\"@type\":\"ListItem\",\"@id\":\"https:\\\/\\\/lasentinelle.dz\\\/index.php\\\/2025\\\/01\\\/27\\\/luipa-condamne-lingerence-europeenne-dans-les-affaires-algeriennes\\\/#listItem\",\"position\":3,\"name\":\"L&rsquo;UIPA condamne l&rsquo;ing\\u00e9rence europ\\u00e9enne dans les affaires alg\\u00e9riennes\",\"previousItem\":{\"@type\":\"ListItem\",\"@id\":\"https:\\\/\\\/lasentinelle.dz\\\/index.php\\\/category\\\/actualite\\\/#listItem\",\"name\":\"Actualit\\u00e9\"}}]},{\"@type\":\"Organization\",\"@id\":\"https:\\\/\\\/lasentinelle.dz\\\/#organization\",\"name\":\"La Sentinelle La Sentinelle\",\"description\":\"Quotidien national d'information\",\"url\":\"https:\\\/\\\/lasentinelle.dz\\\/\",\"logo\":{\"@type\":\"ImageObject\",\"url\":\"https:\\\/\\\/lasentinelle.dz\\\/wp-content\\\/uploads\\\/2021\\\/09\\\/cropped-la-sentinelle-earth-golden-anima-5.gif\",\"@id\":\"https:\\\/\\\/lasentinelle.dz\\\/index.php\\\/2025\\\/01\\\/27\\\/luipa-condamne-lingerence-europeenne-dans-les-affaires-algeriennes\\\/#organizationLogo\",\"width\":450,\"height\":213},\"image\":{\"@id\":\"https:\\\/\\\/lasentinelle.dz\\\/index.php\\\/2025\\\/01\\\/27\\\/luipa-condamne-lingerence-europeenne-dans-les-affaires-algeriennes\\\/#organizationLogo\"},\"sameAs\":[\"https:\\\/\\\/www.facebook.com\\\/azzedine.lasentinelle.1\"]},{\"@type\":\"Person\",\"@id\":\"https:\\\/\\\/lasentinelle.dz\\\/author\\\/admin\\\/#author\",\"url\":\"https:\\\/\\\/lasentinelle.dz\\\/author\\\/admin\\\/\",\"name\":\"admin\",\"image\":{\"@type\":\"ImageObject\",\"@id\":\"https:\\\/\\\/lasentinelle.dz\\\/index.php\\\/2025\\\/01\\\/27\\\/luipa-condamne-lingerence-europeenne-dans-les-affaires-algeriennes\\\/#authorImage\",\"url\":\"https:\\\/\\\/secure.gravatar.com\\\/avatar\\\/4c81fed838786e9b53f540bf46533e750f5d292099ae3b66cfc6fb1982e29df7?s=96&d=mm&r=g\",\"width\":96,\"height\":96,\"caption\":\"admin\"}},{\"@type\":\"WebPage\",\"@id\":\"https:\\\/\\\/lasentinelle.dz\\\/index.php\\\/2025\\\/01\\\/27\\\/luipa-condamne-lingerence-europeenne-dans-les-affaires-algeriennes\\\/#webpage\",\"url\":\"https:\\\/\\\/lasentinelle.dz\\\/index.php\\\/2025\\\/01\\\/27\\\/luipa-condamne-lingerence-europeenne-dans-les-affaires-algeriennes\\\/\",\"name\":\"L\\u2019UIPA condamne l\\u2019ing\\u00e9rence europ\\u00e9enne dans les affaires alg\\u00e9riennes - La Sentinelle\",\"description\":\"L'Union interparlementaire arabe (UIPA) a \\\"vivement\\\" condamn\\u00e9 la r\\u00e9solution du Parlement europ\\u00e9en concernant l'Alg\\u00e9rie, la qualifiant d'ing\\u00e9rence flagrante dans ses affaires int\\u00e9rieures et d'atteinte \\u00e0 sa souverainet\\u00e9 et \\u00e0 l'ind\\u00e9pendance de sa Justice. Dans un communiqu\\u00e9 sign\\u00e9 par son pr\\u00e9sident, Brahim Boughali, pr\\u00e9sident de l'Assembl\\u00e9e populaire nationale, l'Union interparlementaire arabe a affirm\\u00e9 que \\\"ce comportement\",\"inLanguage\":\"fr-FR\",\"isPartOf\":{\"@id\":\"https:\\\/\\\/lasentinelle.dz\\\/#website\"},\"breadcrumb\":{\"@id\":\"https:\\\/\\\/lasentinelle.dz\\\/index.php\\\/2025\\\/01\\\/27\\\/luipa-condamne-lingerence-europeenne-dans-les-affaires-algeriennes\\\/#breadcrumblist\"},\"author\":{\"@id\":\"https:\\\/\\\/lasentinelle.dz\\\/author\\\/admin\\\/#author\"},\"creator\":{\"@id\":\"https:\\\/\\\/lasentinelle.dz\\\/author\\\/admin\\\/#author\"},\"image\":{\"@type\":\"ImageObject\",\"url\":\"https:\\\/\\\/lasentinelle.dz\\\/wp-content\\\/uploads\\\/2025\\\/01\\\/UIPA.jpg\",\"@id\":\"https:\\\/\\\/lasentinelle.dz\\\/index.php\\\/2025\\\/01\\\/27\\\/luipa-condamne-lingerence-europeenne-dans-les-affaires-algeriennes\\\/#mainImage\",\"width\":580,\"height\":350},\"primaryImageOfPage\":{\"@id\":\"https:\\\/\\\/lasentinelle.dz\\\/index.php\\\/2025\\\/01\\\/27\\\/luipa-condamne-lingerence-europeenne-dans-les-affaires-algeriennes\\\/#mainImage\"},\"datePublished\":\"2025-01-27T12:03:22+01:00\",\"dateModified\":\"2025-01-27T12:03:23+01:00\"},{\"@type\":\"WebSite\",\"@id\":\"https:\\\/\\\/lasentinelle.dz\\\/#website\",\"url\":\"https:\\\/\\\/lasentinelle.dz\\\/\",\"name\":\"La Sentinelle\",\"description\":\"Quotidien national d'information\",\"inLanguage\":\"fr-FR\",\"publisher\":{\"@id\":\"https:\\\/\\\/lasentinelle.dz\\\/#organization\"}}]}\n\t\t<\/script>\n\t\t<!-- All in One SEO -->\n\n","aioseo_head_json":{"title":"L\u2019UIPA condamne l\u2019ing\u00e9rence europ\u00e9enne dans les affaires alg\u00e9riennes - La Sentinelle","description":"L'Union interparlementaire arabe (UIPA) a \"vivement\" condamn\u00e9 la r\u00e9solution du Parlement europ\u00e9en concernant l'Alg\u00e9rie, la qualifiant d'ing\u00e9rence flagrante dans ses affaires int\u00e9rieures et d'atteinte \u00e0 sa souverainet\u00e9 et \u00e0 l'ind\u00e9pendance de sa Justice. Dans un communiqu\u00e9 sign\u00e9 par son pr\u00e9sident, Brahim Boughali, pr\u00e9sident de l'Assembl\u00e9e populaire nationale, l'Union interparlementaire arabe a affirm\u00e9 que \"ce comportement","canonical_url":"https:\/\/lasentinelle.dz\/index.php\/2025\/01\/27\/luipa-condamne-lingerence-europeenne-dans-les-affaires-algeriennes\/","robots":"max-image-preview:large","keywords":"","webmasterTools":{"miscellaneous":""},"schema":{"@context":"https:\/\/schema.org","@graph":[{"@type":"BlogPosting","@id":"https:\/\/lasentinelle.dz\/index.php\/2025\/01\/27\/luipa-condamne-lingerence-europeenne-dans-les-affaires-algeriennes\/#blogposting","name":"L\u2019UIPA condamne l\u2019ing\u00e9rence europ\u00e9enne dans les affaires alg\u00e9riennes - La Sentinelle","headline":"L&rsquo;UIPA condamne l&rsquo;ing\u00e9rence europ\u00e9enne dans les affaires alg\u00e9riennes","author":{"@id":"https:\/\/lasentinelle.dz\/author\/admin\/#author"},"publisher":{"@id":"https:\/\/lasentinelle.dz\/#organization"},"image":{"@type":"ImageObject","url":"https:\/\/lasentinelle.dz\/wp-content\/uploads\/2025\/01\/UIPA.jpg","width":580,"height":350},"datePublished":"2025-01-27T12:03:22+01:00","dateModified":"2025-01-27T12:03:23+01:00","inLanguage":"fr-FR","mainEntityOfPage":{"@id":"https:\/\/lasentinelle.dz\/index.php\/2025\/01\/27\/luipa-condamne-lingerence-europeenne-dans-les-affaires-algeriennes\/#webpage"},"isPartOf":{"@id":"https:\/\/lasentinelle.dz\/index.php\/2025\/01\/27\/luipa-condamne-lingerence-europeenne-dans-les-affaires-algeriennes\/#webpage"},"articleSection":"Actualit\u00e9"},{"@type":"BreadcrumbList","@id":"https:\/\/lasentinelle.dz\/index.php\/2025\/01\/27\/luipa-condamne-lingerence-europeenne-dans-les-affaires-algeriennes\/#breadcrumblist","itemListElement":[{"@type":"ListItem","@id":"https:\/\/lasentinelle.dz#listItem","position":1,"name":"Home","item":"https:\/\/lasentinelle.dz","nextItem":{"@type":"ListItem","@id":"https:\/\/lasentinelle.dz\/index.php\/category\/actualite\/#listItem","name":"Actualit\u00e9"}},{"@type":"ListItem","@id":"https:\/\/lasentinelle.dz\/index.php\/category\/actualite\/#listItem","position":2,"name":"Actualit\u00e9","item":"https:\/\/lasentinelle.dz\/index.php\/category\/actualite\/","nextItem":{"@type":"ListItem","@id":"https:\/\/lasentinelle.dz\/index.php\/2025\/01\/27\/luipa-condamne-lingerence-europeenne-dans-les-affaires-algeriennes\/#listItem","name":"L&rsquo;UIPA condamne l&rsquo;ing\u00e9rence europ\u00e9enne dans les affaires alg\u00e9riennes"},"previousItem":{"@type":"ListItem","@id":"https:\/\/lasentinelle.dz#listItem","name":"Home"}},{"@type":"ListItem","@id":"https:\/\/lasentinelle.dz\/index.php\/2025\/01\/27\/luipa-condamne-lingerence-europeenne-dans-les-affaires-algeriennes\/#listItem","position":3,"name":"L&rsquo;UIPA condamne l&rsquo;ing\u00e9rence europ\u00e9enne dans les affaires alg\u00e9riennes","previousItem":{"@type":"ListItem","@id":"https:\/\/lasentinelle.dz\/index.php\/category\/actualite\/#listItem","name":"Actualit\u00e9"}}]},{"@type":"Organization","@id":"https:\/\/lasentinelle.dz\/#organization","name":"La Sentinelle La Sentinelle","description":"Quotidien national d'information","url":"https:\/\/lasentinelle.dz\/","logo":{"@type":"ImageObject","url":"https:\/\/lasentinelle.dz\/wp-content\/uploads\/2021\/09\/cropped-la-sentinelle-earth-golden-anima-5.gif","@id":"https:\/\/lasentinelle.dz\/index.php\/2025\/01\/27\/luipa-condamne-lingerence-europeenne-dans-les-affaires-algeriennes\/#organizationLogo","width":450,"height":213},"image":{"@id":"https:\/\/lasentinelle.dz\/index.php\/2025\/01\/27\/luipa-condamne-lingerence-europeenne-dans-les-affaires-algeriennes\/#organizationLogo"},"sameAs":["https:\/\/www.facebook.com\/azzedine.lasentinelle.1"]},{"@type":"Person","@id":"https:\/\/lasentinelle.dz\/author\/admin\/#author","url":"https:\/\/lasentinelle.dz\/author\/admin\/","name":"admin","image":{"@type":"ImageObject","@id":"https:\/\/lasentinelle.dz\/index.php\/2025\/01\/27\/luipa-condamne-lingerence-europeenne-dans-les-affaires-algeriennes\/#authorImage","url":"https:\/\/secure.gravatar.com\/avatar\/4c81fed838786e9b53f540bf46533e750f5d292099ae3b66cfc6fb1982e29df7?s=96&d=mm&r=g","width":96,"height":96,"caption":"admin"}},{"@type":"WebPage","@id":"https:\/\/lasentinelle.dz\/index.php\/2025\/01\/27\/luipa-condamne-lingerence-europeenne-dans-les-affaires-algeriennes\/#webpage","url":"https:\/\/lasentinelle.dz\/index.php\/2025\/01\/27\/luipa-condamne-lingerence-europeenne-dans-les-affaires-algeriennes\/","name":"L\u2019UIPA condamne l\u2019ing\u00e9rence europ\u00e9enne dans les affaires alg\u00e9riennes - La Sentinelle","description":"L'Union interparlementaire arabe (UIPA) a \"vivement\" condamn\u00e9 la r\u00e9solution du Parlement europ\u00e9en concernant l'Alg\u00e9rie, la qualifiant d'ing\u00e9rence flagrante dans ses affaires int\u00e9rieures et d'atteinte \u00e0 sa souverainet\u00e9 et \u00e0 l'ind\u00e9pendance de sa Justice. Dans un communiqu\u00e9 sign\u00e9 par son pr\u00e9sident, Brahim Boughali, pr\u00e9sident de l'Assembl\u00e9e populaire nationale, l'Union interparlementaire arabe a affirm\u00e9 que \"ce comportement","inLanguage":"fr-FR","isPartOf":{"@id":"https:\/\/lasentinelle.dz\/#website"},"breadcrumb":{"@id":"https:\/\/lasentinelle.dz\/index.php\/2025\/01\/27\/luipa-condamne-lingerence-europeenne-dans-les-affaires-algeriennes\/#breadcrumblist"},"author":{"@id":"https:\/\/lasentinelle.dz\/author\/admin\/#author"},"creator":{"@id":"https:\/\/lasentinelle.dz\/author\/admin\/#author"},"image":{"@type":"ImageObject","url":"https:\/\/lasentinelle.dz\/wp-content\/uploads\/2025\/01\/UIPA.jpg","@id":"https:\/\/lasentinelle.dz\/index.php\/2025\/01\/27\/luipa-condamne-lingerence-europeenne-dans-les-affaires-algeriennes\/#mainImage","width":580,"height":350},"primaryImageOfPage":{"@id":"https:\/\/lasentinelle.dz\/index.php\/2025\/01\/27\/luipa-condamne-lingerence-europeenne-dans-les-affaires-algeriennes\/#mainImage"},"datePublished":"2025-01-27T12:03:22+01:00","dateModified":"2025-01-27T12:03:23+01:00"},{"@type":"WebSite","@id":"https:\/\/lasentinelle.dz\/#website","url":"https:\/\/lasentinelle.dz\/","name":"La Sentinelle","description":"Quotidien national d'information","inLanguage":"fr-FR","publisher":{"@id":"https:\/\/lasentinelle.dz\/#organization"}}]},"og:locale":"fr_FR","og:site_name":"La Sentinelle - Quotidien national d'information","og:type":"article","og:title":"L\u2019UIPA condamne l\u2019ing\u00e9rence europ\u00e9enne dans les affaires alg\u00e9riennes - La Sentinelle","og:description":"L'Union interparlementaire arabe (UIPA) a &quot;vivement&quot; condamn\u00e9 la r\u00e9solution du Parlement europ\u00e9en concernant l'Alg\u00e9rie, la qualifiant d'ing\u00e9rence flagrante dans ses affaires int\u00e9rieures et d'atteinte \u00e0 sa souverainet\u00e9 et \u00e0 l'ind\u00e9pendance de sa Justice. Dans un communiqu\u00e9 sign\u00e9 par son pr\u00e9sident, Brahim Boughali, pr\u00e9sident de l'Assembl\u00e9e populaire nationale, l'Union interparlementaire arabe a affirm\u00e9 que &quot;ce comportement","og:url":"https:\/\/lasentinelle.dz\/index.php\/2025\/01\/27\/luipa-condamne-lingerence-europeenne-dans-les-affaires-algeriennes\/","og:image":"https:\/\/lasentinelle.dz\/wp-content\/uploads\/2021\/09\/cropped-la-sentinelle-earth-golden-anima-5.gif","og:image:secure_url":"https:\/\/lasentinelle.dz\/wp-content\/uploads\/2021\/09\/cropped-la-sentinelle-earth-golden-anima-5.gif","og:image:width":450,"og:image:height":213,"article:published_time":"2025-01-27T11:03:22+00:00","article:modified_time":"2025-01-27T11:03:23+00:00","article:publisher":"https:\/\/www.facebook.com\/azzedine.lasentinelle.1","twitter:card":"summary_large_image","twitter:title":"L\u2019UIPA condamne l\u2019ing\u00e9rence europ\u00e9enne dans les affaires alg\u00e9riennes - La Sentinelle","twitter:description":"L'Union interparlementaire arabe (UIPA) a &quot;vivement&quot; condamn\u00e9 la r\u00e9solution du Parlement europ\u00e9en concernant l'Alg\u00e9rie, la qualifiant d'ing\u00e9rence flagrante dans ses affaires int\u00e9rieures et d'atteinte \u00e0 sa souverainet\u00e9 et \u00e0 l'ind\u00e9pendance de sa Justice. Dans un communiqu\u00e9 sign\u00e9 par son pr\u00e9sident, Brahim Boughali, pr\u00e9sident de l'Assembl\u00e9e populaire nationale, l'Union interparlementaire arabe a affirm\u00e9 que &quot;ce comportement","twitter:image":"https:\/\/lasentinelle.dz\/wp-content\/uploads\/2021\/09\/cropped-la-sentinelle-earth-golden-anima-5.gif"},"aioseo_meta_data":{"post_id":"62084","title":null,"description":null,"keywords":null,"keyphrases":null,"primary_term":null,"canonical_url":null,"og_title":null,"og_description":null,"og_object_type":"default","og_image_type":"default","og_image_url":null,"og_image_width":null,"og_image_height":null,"og_image_custom_url":null,"og_image_custom_fields":null,"og_video":null,"og_custom_url":null,"og_article_section":null,"og_article_tags":null,"twitter_use_og":false,"twitter_card":"default","twitter_image_type":"default","twitter_image_url":null,"twitter_image_custom_url":null,"twitter_image_custom_fields":null,"twitter_title":null,"twitter_description":null,"schema":{"blockGraphs":[],"customGraphs":[],"default":{"data":{"Article":[],"Course":[],"Dataset":[],"FAQPage":[],"Movie":[],"Person":[],"Product":[],"ProductReview":[],"Car":[],"Recipe":[],"Service":[],"SoftwareApplication":[],"WebPage":[]},"graphName":"","isEnabled":true},"graphs":[]},"schema_type":"default","schema_type_options":null,"pillar_content":false,"robots_default":true,"robots_noindex":false,"robots_noarchive":false,"robots_nosnippet":false,"robots_nofollow":false,"robots_noimageindex":false,"robots_noodp":false,"robots_notranslate":false,"robots_max_snippet":null,"robots_max_videopreview":null,"robots_max_imagepreview":"large","priority":null,"frequency":null,"local_seo":null,"breadcrumb_settings":null,"limit_modified_date":false,"ai":null,"created":"2026-05-10 19:59:35","updated":"2026-05-10 19:59:35","focus_keyword":null,"additional_keywords":null,"truseo_locale":null,"seo_analyzer_scan_date":null},"aioseo_breadcrumb":"<div class=\"aioseo-breadcrumbs\"><span class=\"aioseo-breadcrumb\">\n\t\t\t<a href=\"https:\/\/lasentinelle.dz\" title=\"Home\">Home<\/a>\n\t\t<\/span><span class=\"aioseo-breadcrumb-separator\">&raquo;<\/span><span class=\"aioseo-breadcrumb\">\n\t\t\t<a href=\"https:\/\/lasentinelle.dz\/index.php\/category\/actualite\/\" title=\"Actualit\u00e9\">Actualit\u00e9<\/a>\n\t\t<\/span><span class=\"aioseo-breadcrumb-separator\">&raquo;<\/span><span class=\"aioseo-breadcrumb\">\n\t\t\tL\u2019UIPA condamne l\u2019ing\u00e9rence europ\u00e9enne dans les affaires alg\u00e9riennes\n\t\t<\/span><\/div>","aioseo_breadcrumb_json":[{"label":"Home","link":"https:\/\/lasentinelle.dz"},{"label":"Actualit\u00e9","link":"https:\/\/lasentinelle.dz\/index.php\/category\/actualite\/"},{"label":"L&rsquo;UIPA condamne l&rsquo;ing\u00e9rence europ\u00e9enne dans les affaires alg\u00e9riennes","link":"https:\/\/lasentinelle.dz\/index.php\/2025\/01\/27\/luipa-condamne-lingerence-europeenne-dans-les-affaires-algeriennes\/"}],"yoast_head":"<!-- This site is optimized with the Yoast SEO plugin v28.4 - https:\/\/yoast.com\/product\/yoast-seo-wordpress\/ -->\n<title>L&rsquo;UIPA condamne l&rsquo;ing\u00e9rence europ\u00e9enne dans les affaires alg\u00e9riennes - La Sentinelle<\/title>\n<meta name=\"robots\" content=\"index, follow, max-snippet:-1, max-image-preview:large, max-video-preview:-1\" \/>\n<link rel=\"canonical\" href=\"https:\/\/lasentinelle.dz\/index.php\/2025\/01\/27\/luipa-condamne-lingerence-europeenne-dans-les-affaires-algeriennes\/\" \/>\n<meta property=\"og:locale\" content=\"fr_FR\" \/>\n<meta property=\"og:type\" content=\"article\" \/>\n<meta property=\"og:title\" content=\"L&rsquo;UIPA condamne l&rsquo;ing\u00e9rence europ\u00e9enne dans les affaires alg\u00e9riennes - La Sentinelle\" \/>\n<meta property=\"og:description\" content=\"L&rsquo;Union interparlementaire arabe (UIPA) a \u00ab\u00a0vivement\u00a0\u00bb condamn\u00e9 la r\u00e9solution du Parlement europ\u00e9en concernant l&rsquo;Alg\u00e9rie, la qualifiant d&rsquo;ing\u00e9rence flagrante dans ses\" \/>\n<meta property=\"og:url\" content=\"https:\/\/lasentinelle.dz\/index.php\/2025\/01\/27\/luipa-condamne-lingerence-europeenne-dans-les-affaires-algeriennes\/\" \/>\n<meta property=\"og:site_name\" content=\"La Sentinelle\" \/>\n<meta property=\"article:publisher\" content=\"https:\/\/www.facebook.com\/La-Sentinelle-104059864394773\" \/>\n<meta property=\"article:published_time\" content=\"2025-01-27T11:03:22+00:00\" \/>\n<meta property=\"article:modified_time\" content=\"2025-01-27T11:03:23+00:00\" \/>\n<meta property=\"og:image\" content=\"https:\/\/lasentinelle.dz\/wp-content\/uploads\/2025\/01\/UIPA.jpg\" \/>\n\t<meta property=\"og:image:width\" content=\"580\" \/>\n\t<meta property=\"og:image:height\" content=\"350\" \/>\n\t<meta property=\"og:image:type\" content=\"image\/jpeg\" \/>\n<meta name=\"author\" content=\"admin\" \/>\n<meta name=\"twitter:card\" content=\"summary_large_image\" \/>\n<meta name=\"twitter:label1\" content=\"\u00c9crit par\" \/>\n\t<meta name=\"twitter:data1\" content=\"admin\" \/>\n\t<meta name=\"twitter:label2\" content=\"Dur\u00e9e de lecture estim\u00e9e\" \/>\n\t<meta name=\"twitter:data2\" content=\"2 minutes\" \/>\n<script type=\"application\/ld+json\" class=\"yoast-schema-graph\">{\"@context\":\"https:\\\/\\\/schema.org\",\"@graph\":[{\"@type\":\"Article\",\"@id\":\"https:\\\/\\\/lasentinelle.dz\\\/index.php\\\/2025\\\/01\\\/27\\\/luipa-condamne-lingerence-europeenne-dans-les-affaires-algeriennes\\\/#article\",\"isPartOf\":{\"@id\":\"https:\\\/\\\/lasentinelle.dz\\\/index.php\\\/2025\\\/01\\\/27\\\/luipa-condamne-lingerence-europeenne-dans-les-affaires-algeriennes\\\/\"},\"author\":{\"name\":\"admin\",\"@id\":\"https:\\\/\\\/lasentinelle.dz\\\/#\\\/schema\\\/person\\\/729ee0024f24e0b8c5ec17232f8e8b41\"},\"headline\":\"L&rsquo;UIPA condamne l&rsquo;ing\u00e9rence europ\u00e9enne dans les affaires alg\u00e9riennes\",\"datePublished\":\"2025-01-27T11:03:22+00:00\",\"dateModified\":\"2025-01-27T11:03:23+00:00\",\"mainEntityOfPage\":{\"@id\":\"https:\\\/\\\/lasentinelle.dz\\\/index.php\\\/2025\\\/01\\\/27\\\/luipa-condamne-lingerence-europeenne-dans-les-affaires-algeriennes\\\/\"},\"wordCount\":217,\"commentCount\":0,\"publisher\":{\"@id\":\"https:\\\/\\\/lasentinelle.dz\\\/#organization\"},\"image\":{\"@id\":\"https:\\\/\\\/lasentinelle.dz\\\/index.php\\\/2025\\\/01\\\/27\\\/luipa-condamne-lingerence-europeenne-dans-les-affaires-algeriennes\\\/#primaryimage\"},\"thumbnailUrl\":\"https:\\\/\\\/lasentinelle.dz\\\/wp-content\\\/uploads\\\/2025\\\/01\\\/UIPA.jpg\",\"articleSection\":[\"Actualit\u00e9\"],\"inLanguage\":\"fr-FR\",\"potentialAction\":[{\"@type\":\"CommentAction\",\"name\":\"Comment\",\"target\":[\"https:\\\/\\\/lasentinelle.dz\\\/index.php\\\/2025\\\/01\\\/27\\\/luipa-condamne-lingerence-europeenne-dans-les-affaires-algeriennes\\\/#respond\"]}]},{\"@type\":\"WebPage\",\"@id\":\"https:\\\/\\\/lasentinelle.dz\\\/index.php\\\/2025\\\/01\\\/27\\\/luipa-condamne-lingerence-europeenne-dans-les-affaires-algeriennes\\\/\",\"url\":\"https:\\\/\\\/lasentinelle.dz\\\/index.php\\\/2025\\\/01\\\/27\\\/luipa-condamne-lingerence-europeenne-dans-les-affaires-algeriennes\\\/\",\"name\":\"L&rsquo;UIPA condamne l&rsquo;ing\u00e9rence europ\u00e9enne dans les affaires alg\u00e9riennes - La Sentinelle\",\"isPartOf\":{\"@id\":\"https:\\\/\\\/lasentinelle.dz\\\/#website\"},\"primaryImageOfPage\":{\"@id\":\"https:\\\/\\\/lasentinelle.dz\\\/index.php\\\/2025\\\/01\\\/27\\\/luipa-condamne-lingerence-europeenne-dans-les-affaires-algeriennes\\\/#primaryimage\"},\"image\":{\"@id\":\"https:\\\/\\\/lasentinelle.dz\\\/index.php\\\/2025\\\/01\\\/27\\\/luipa-condamne-lingerence-europeenne-dans-les-affaires-algeriennes\\\/#primaryimage\"},\"thumbnailUrl\":\"https:\\\/\\\/lasentinelle.dz\\\/wp-content\\\/uploads\\\/2025\\\/01\\\/UIPA.jpg\",\"datePublished\":\"2025-01-27T11:03:22+00:00\",\"dateModified\":\"2025-01-27T11:03:23+00:00\",\"breadcrumb\":{\"@id\":\"https:\\\/\\\/lasentinelle.dz\\\/index.php\\\/2025\\\/01\\\/27\\\/luipa-condamne-lingerence-europeenne-dans-les-affaires-algeriennes\\\/#breadcrumb\"},\"inLanguage\":\"fr-FR\",\"potentialAction\":[{\"@type\":\"ReadAction\",\"target\":[\"https:\\\/\\\/lasentinelle.dz\\\/index.php\\\/2025\\\/01\\\/27\\\/luipa-condamne-lingerence-europeenne-dans-les-affaires-algeriennes\\\/\"]}]},{\"@type\":\"ImageObject\",\"inLanguage\":\"fr-FR\",\"@id\":\"https:\\\/\\\/lasentinelle.dz\\\/index.php\\\/2025\\\/01\\\/27\\\/luipa-condamne-lingerence-europeenne-dans-les-affaires-algeriennes\\\/#primaryimage\",\"url\":\"https:\\\/\\\/lasentinelle.dz\\\/wp-content\\\/uploads\\\/2025\\\/01\\\/UIPA.jpg\",\"contentUrl\":\"https:\\\/\\\/lasentinelle.dz\\\/wp-content\\\/uploads\\\/2025\\\/01\\\/UIPA.jpg\",\"width\":580,\"height\":350},{\"@type\":\"BreadcrumbList\",\"@id\":\"https:\\\/\\\/lasentinelle.dz\\\/index.php\\\/2025\\\/01\\\/27\\\/luipa-condamne-lingerence-europeenne-dans-les-affaires-algeriennes\\\/#breadcrumb\",\"itemListElement\":[{\"@type\":\"ListItem\",\"position\":1,\"name\":\"Accueil\",\"item\":\"https:\\\/\\\/lasentinelle.dz\\\/\"},{\"@type\":\"ListItem\",\"position\":2,\"name\":\"L&rsquo;UIPA condamne l&rsquo;ing\u00e9rence europ\u00e9enne dans les affaires alg\u00e9riennes\"}]},{\"@type\":\"WebSite\",\"@id\":\"https:\\\/\\\/lasentinelle.dz\\\/#website\",\"url\":\"https:\\\/\\\/lasentinelle.dz\\\/\",\"name\":\"La Sentinelle\",\"description\":\"Quotidien national d&#039;information\",\"publisher\":{\"@id\":\"https:\\\/\\\/lasentinelle.dz\\\/#organization\"},\"potentialAction\":[{\"@type\":\"SearchAction\",\"target\":{\"@type\":\"EntryPoint\",\"urlTemplate\":\"https:\\\/\\\/lasentinelle.dz\\\/?s={search_term_string}\"},\"query-input\":{\"@type\":\"PropertyValueSpecification\",\"valueRequired\":true,\"valueName\":\"search_term_string\"}}],\"inLanguage\":\"fr-FR\"},{\"@type\":\"Organization\",\"@id\":\"https:\\\/\\\/lasentinelle.dz\\\/#organization\",\"name\":\"Quotidien La Sentinelle\",\"url\":\"https:\\\/\\\/lasentinelle.dz\\\/\",\"logo\":{\"@type\":\"ImageObject\",\"inLanguage\":\"fr-FR\",\"@id\":\"https:\\\/\\\/lasentinelle.dz\\\/#\\\/schema\\\/logo\\\/image\\\/\",\"url\":\"https:\\\/\\\/lasentinelle.dz\\\/wp-content\\\/uploads\\\/2021\\\/09\\\/logo-sentinelleSLOGAN-1.png\",\"contentUrl\":\"https:\\\/\\\/lasentinelle.dz\\\/wp-content\\\/uploads\\\/2021\\\/09\\\/logo-sentinelleSLOGAN-1.png\",\"width\":615,\"height\":142,\"caption\":\"Quotidien La Sentinelle\"},\"image\":{\"@id\":\"https:\\\/\\\/lasentinelle.dz\\\/#\\\/schema\\\/logo\\\/image\\\/\"},\"sameAs\":[\"https:\\\/\\\/www.facebook.com\\\/La-Sentinelle-104059864394773\"]},{\"@type\":\"Person\",\"@id\":\"https:\\\/\\\/lasentinelle.dz\\\/#\\\/schema\\\/person\\\/729ee0024f24e0b8c5ec17232f8e8b41\",\"name\":\"admin\",\"image\":{\"@type\":\"ImageObject\",\"inLanguage\":\"fr-FR\",\"@id\":\"https:\\\/\\\/secure.gravatar.com\\\/avatar\\\/4c81fed838786e9b53f540bf46533e750f5d292099ae3b66cfc6fb1982e29df7?s=96&d=mm&r=g\",\"url\":\"https:\\\/\\\/secure.gravatar.com\\\/avatar\\\/4c81fed838786e9b53f540bf46533e750f5d292099ae3b66cfc6fb1982e29df7?s=96&d=mm&r=g\",\"contentUrl\":\"https:\\\/\\\/secure.gravatar.com\\\/avatar\\\/4c81fed838786e9b53f540bf46533e750f5d292099ae3b66cfc6fb1982e29df7?s=96&d=mm&r=g\",\"caption\":\"admin\"},\"description\":\"admin\",\"url\":\"https:\\\/\\\/lasentinelle.dz\\\/author\\\/admin\\\/\"}]}<\/script>\n<!-- \/ Yoast SEO plugin. -->","yoast_head_json":{"title":"L&rsquo;UIPA condamne l&rsquo;ing\u00e9rence europ\u00e9enne dans les affaires alg\u00e9riennes - La Sentinelle","robots":{"index":"index","follow":"follow","max-snippet":"max-snippet:-1","max-image-preview":"max-image-preview:large","max-video-preview":"max-video-preview:-1"},"canonical":"https:\/\/lasentinelle.dz\/index.php\/2025\/01\/27\/luipa-condamne-lingerence-europeenne-dans-les-affaires-algeriennes\/","og_locale":"fr_FR","og_type":"article","og_title":"L&rsquo;UIPA condamne l&rsquo;ing\u00e9rence europ\u00e9enne dans les affaires alg\u00e9riennes - La Sentinelle","og_description":"L&rsquo;Union interparlementaire arabe (UIPA) a \u00ab\u00a0vivement\u00a0\u00bb condamn\u00e9 la r\u00e9solution du Parlement europ\u00e9en concernant l&rsquo;Alg\u00e9rie, la qualifiant d&rsquo;ing\u00e9rence flagrante dans ses","og_url":"https:\/\/lasentinelle.dz\/index.php\/2025\/01\/27\/luipa-condamne-lingerence-europeenne-dans-les-affaires-algeriennes\/","og_site_name":"La Sentinelle","article_publisher":"https:\/\/www.facebook.com\/La-Sentinelle-104059864394773","article_published_time":"2025-01-27T11:03:22+00:00","article_modified_time":"2025-01-27T11:03:23+00:00","og_image":[{"width":580,"height":350,"url":"https:\/\/lasentinelle.dz\/wp-content\/uploads\/2025\/01\/UIPA.jpg","type":"image\/jpeg"}],"author":"admin","twitter_card":"summary_large_image","twitter_misc":{"\u00c9crit par":"admin","Dur\u00e9e de lecture estim\u00e9e":"2 minutes"},"schema":{"@context":"https:\/\/schema.org","@graph":[{"@type":"Article","@id":"https:\/\/lasentinelle.dz\/index.php\/2025\/01\/27\/luipa-condamne-lingerence-europeenne-dans-les-affaires-algeriennes\/#article","isPartOf":{"@id":"https:\/\/lasentinelle.dz\/index.php\/2025\/01\/27\/luipa-condamne-lingerence-europeenne-dans-les-affaires-algeriennes\/"},"author":{"name":"admin","@id":"https:\/\/lasentinelle.dz\/#\/schema\/person\/729ee0024f24e0b8c5ec17232f8e8b41"},"headline":"L&rsquo;UIPA condamne l&rsquo;ing\u00e9rence europ\u00e9enne dans les affaires alg\u00e9riennes","datePublished":"2025-01-27T11:03:22+00:00","dateModified":"2025-01-27T11:03:23+00:00","mainEntityOfPage":{"@id":"https:\/\/lasentinelle.dz\/index.php\/2025\/01\/27\/luipa-condamne-lingerence-europeenne-dans-les-affaires-algeriennes\/"},"wordCount":217,"commentCount":0,"publisher":{"@id":"https:\/\/lasentinelle.dz\/#organization"},"image":{"@id":"https:\/\/lasentinelle.dz\/index.php\/2025\/01\/27\/luipa-condamne-lingerence-europeenne-dans-les-affaires-algeriennes\/#primaryimage"},"thumbnailUrl":"https:\/\/lasentinelle.dz\/wp-content\/uploads\/2025\/01\/UIPA.jpg","articleSection":["Actualit\u00e9"],"inLanguage":"fr-FR","potentialAction":[{"@type":"CommentAction","name":"Comment","target":["https:\/\/lasentinelle.dz\/index.php\/2025\/01\/27\/luipa-condamne-lingerence-europeenne-dans-les-affaires-algeriennes\/#respond"]}]},{"@type":"WebPage","@id":"https:\/\/lasentinelle.dz\/index.php\/2025\/01\/27\/luipa-condamne-lingerence-europeenne-dans-les-affaires-algeriennes\/","url":"https:\/\/lasentinelle.dz\/index.php\/2025\/01\/27\/luipa-condamne-lingerence-europeenne-dans-les-affaires-algeriennes\/","name":"L&rsquo;UIPA condamne l&rsquo;ing\u00e9rence europ\u00e9enne dans les affaires alg\u00e9riennes - La Sentinelle","isPartOf":{"@id":"https:\/\/lasentinelle.dz\/#website"},"primaryImageOfPage":{"@id":"https:\/\/lasentinelle.dz\/index.php\/2025\/01\/27\/luipa-condamne-lingerence-europeenne-dans-les-affaires-algeriennes\/#primaryimage"},"image":{"@id":"https:\/\/lasentinelle.dz\/index.php\/2025\/01\/27\/luipa-condamne-lingerence-europeenne-dans-les-affaires-algeriennes\/#primaryimage"},"thumbnailUrl":"https:\/\/lasentinelle.dz\/wp-content\/uploads\/2025\/01\/UIPA.jpg","datePublished":"2025-01-27T11:03:22+00:00","dateModified":"2025-01-27T11:03:23+00:00","breadcrumb":{"@id":"https:\/\/lasentinelle.dz\/index.php\/2025\/01\/27\/luipa-condamne-lingerence-europeenne-dans-les-affaires-algeriennes\/#breadcrumb"},"inLanguage":"fr-FR","potentialAction":[{"@type":"ReadAction","target":["https:\/\/lasentinelle.dz\/index.php\/2025\/01\/27\/luipa-condamne-lingerence-europeenne-dans-les-affaires-algeriennes\/"]}]},{"@type":"ImageObject","inLanguage":"fr-FR","@id":"https:\/\/lasentinelle.dz\/index.php\/2025\/01\/27\/luipa-condamne-lingerence-europeenne-dans-les-affaires-algeriennes\/#primaryimage","url":"https:\/\/lasentinelle.dz\/wp-content\/uploads\/2025\/01\/UIPA.jpg","contentUrl":"https:\/\/lasentinelle.dz\/wp-content\/uploads\/2025\/01\/UIPA.jpg","width":580,"height":350},{"@type":"BreadcrumbList","@id":"https:\/\/lasentinelle.dz\/index.php\/2025\/01\/27\/luipa-condamne-lingerence-europeenne-dans-les-affaires-algeriennes\/#breadcrumb","itemListElement":[{"@type":"ListItem","position":1,"name":"Accueil","item":"https:\/\/lasentinelle.dz\/"},{"@type":"ListItem","position":2,"name":"L&rsquo;UIPA condamne l&rsquo;ing\u00e9rence europ\u00e9enne dans les affaires alg\u00e9riennes"}]},{"@type":"WebSite","@id":"https:\/\/lasentinelle.dz\/#website","url":"https:\/\/lasentinelle.dz\/","name":"La Sentinelle","description":"Quotidien national d&#039;information","publisher":{"@id":"https:\/\/lasentinelle.dz\/#organization"},"potentialAction":[{"@type":"SearchAction","target":{"@type":"EntryPoint","urlTemplate":"https:\/\/lasentinelle.dz\/?s={search_term_string}"},"query-input":{"@type":"PropertyValueSpecification","valueRequired":true,"valueName":"search_term_string"}}],"inLanguage":"fr-FR"},{"@type":"Organization","@id":"https:\/\/lasentinelle.dz\/#organization","name":"Quotidien La Sentinelle","url":"https:\/\/lasentinelle.dz\/","logo":{"@type":"ImageObject","inLanguage":"fr-FR","@id":"https:\/\/lasentinelle.dz\/#\/schema\/logo\/image\/","url":"https:\/\/lasentinelle.dz\/wp-content\/uploads\/2021\/09\/logo-sentinelleSLOGAN-1.png","contentUrl":"https:\/\/lasentinelle.dz\/wp-content\/uploads\/2021\/09\/logo-sentinelleSLOGAN-1.png","width":615,"height":142,"caption":"Quotidien La Sentinelle"},"image":{"@id":"https:\/\/lasentinelle.dz\/#\/schema\/logo\/image\/"},"sameAs":["https:\/\/www.facebook.com\/La-Sentinelle-104059864394773"]},{"@type":"Person","@id":"https:\/\/lasentinelle.dz\/#\/schema\/person\/729ee0024f24e0b8c5ec17232f8e8b41","name":"admin","image":{"@type":"ImageObject","inLanguage":"fr-FR","@id":"https:\/\/secure.gravatar.com\/avatar\/4c81fed838786e9b53f540bf46533e750f5d292099ae3b66cfc6fb1982e29df7?s=96&d=mm&r=g","url":"https:\/\/secure.gravatar.com\/avatar\/4c81fed838786e9b53f540bf46533e750f5d292099ae3b66cfc6fb1982e29df7?s=96&d=mm&r=g","contentUrl":"https:\/\/secure.gravatar.com\/avatar\/4c81fed838786e9b53f540bf46533e750f5d292099ae3b66cfc6fb1982e29df7?s=96&d=mm&r=g","caption":"admin"},"description":"admin","url":"https:\/\/lasentinelle.dz\/author\/admin\/"}]}},"_links":{"self":[{"href":"https:\/\/lasentinelle.dz\/index.php\/wp-json\/wp\/v2\/posts\/62084","targetHints":{"allow":["GET"]}}],"collection":[{"href":"https:\/\/lasentinelle.dz\/index.php\/wp-json\/wp\/v2\/posts"}],"about":[{"href":"https:\/\/lasentinelle.dz\/index.php\/wp-json\/wp\/v2\/types\/post"}],"author":[{"embeddable":true,"href":"https:\/\/lasentinelle.dz\/index.php\/wp-json\/wp\/v2\/users\/6"}],"replies":[{"embeddable":true,"href":"https:\/\/lasentinelle.dz\/index.php\/wp-json\/wp\/v2\/comments?post=62084"}],"version-history":[{"count":2,"href":"https:\/\/lasentinelle.dz\/index.php\/wp-json\/wp\/v2\/posts\/62084\/revisions"}],"predecessor-version":[{"id":62087,"href":"https:\/\/lasentinelle.dz\/index.php\/wp-json\/wp\/v2\/posts\/62084\/revisions\/62087"}],"wp:featuredmedia":[{"embeddable":true,"href":"https:\/\/lasentinelle.dz\/index.php\/wp-json\/wp\/v2\/media\/62085"}],"wp:attachment":[{"href":"https:\/\/lasentinelle.dz\/index.php\/wp-json\/wp\/v2\/media?parent=62084"}],"wp:term":[{"taxonomy":"category","embeddable":true,"href":"https:\/\/lasentinelle.dz\/index.php\/wp-json\/wp\/v2\/categories?post=62084"},{"taxonomy":"post_tag","embeddable":true,"href":"https:\/\/lasentinelle.dz\/index.php\/wp-json\/wp\/v2\/tags?post=62084"}],"curies":[{"name":"wp","href":"https:\/\/api.w.org\/{rel}","templated":true}]}}