{"id":62147,"date":"2025-01-26T12:36:38","date_gmt":"2025-01-26T11:36:38","guid":{"rendered":"https:\/\/lasentinelle.dz\/?p=62147"},"modified":"2025-01-27T12:37:10","modified_gmt":"2025-01-27T11:37:10","slug":"lavant-projet-de-loi-sur-les-associations-au-coeur-dune-consultation-nationale-consolider-le-role-de-la-societe-civile","status":"publish","type":"post","link":"https:\/\/lasentinelle.dz\/index.php\/2025\/01\/26\/lavant-projet-de-loi-sur-les-associations-au-coeur-dune-consultation-nationale-consolider-le-role-de-la-societe-civile\/","title":{"rendered":"L\u2019avant-projet de loi sur les associations au c\u0153ur d\u2019une consultation nationale : Consolider le r\u00f4le de la soci\u00e9t\u00e9 civile"},"content":{"rendered":"\n<p>L&rsquo;Observatoire national de la Soci\u00e9t\u00e9 civile (ONSC) a organis\u00e9 hier plusieurs rencontres de concertation \u00e0 travers diverses wilayas du pays sur l&rsquo;avant-projet de loi organique relatif aux associations. &nbsp;Des rencontres qui entrent dans le cadre d\u2019une consultation nationale sur le nouveau texte et d&rsquo;une d\u00e9marche nationale visant \u00e0 renforcer la d\u00e9mocratie participative et \u00e0 dynamiser le r\u00f4le de la soci\u00e9t\u00e9 civile en Alg\u00e9rie. Pr\u00e9sidant une r\u00e9union dans ce cadre \u00e0 Alger, Noureddine Benbrahem, pr\u00e9sident de l&rsquo;ONSC, a soulign\u00e9 l&rsquo;importance strat\u00e9gique de ce projet de loi. Selon lui, le texte \u00ab s&rsquo;inscrit dans le cadre de la dynamique positive que connait le pays \u00bb et vise \u00e0 \u00ab conf\u00e9rer \u00e0 la soci\u00e9t\u00e9 civile un r\u00f4le actif en mati\u00e8re de gouvernance, qui consacre les acquis de la Constitution de 2020 \u00bb. Il a particuli\u00e8rement mis en avant l&rsquo;engagement du pr\u00e9sident Abdelmadjid Tebboune \u00e0 \u00ab consacrer la d\u00e9mocratie participative bas\u00e9e sur le dialogue dans toutes ses dimensions \u00bb. Pour Benbrahem, cette nouvelle loi repr\u00e9sente \u00ab un instrument efficace pour dynamiser la soci\u00e9t\u00e9 civile et prot\u00e9ger ses membres \u00bb, capable de \u00ab contribuer \u00e0 asseoir une nouvelle dynamique entre la soci\u00e9t\u00e9 civile et toutes les institutions \u00bb. Il a appel\u00e9 les acteurs associatifs \u00e0 \u00ab \u00eatre \u00e0 la hauteur des d\u00e9fis actuels et au service des int\u00e9r\u00eats supr\u00eames du pays \u00bb. Les consultations ont \u00e9t\u00e9 men\u00e9es dans plusieurs wilayas du pays, permettant de recueillir de nombreuses propositions des acteurs associatifs. Les recommandations issues de ces rencontres couvrent plusieurs aspects essentiels : la modernisation administrative avec la cr\u00e9ation d&rsquo;une plateforme num\u00e9rique nationale et d&rsquo;un num\u00e9ro d&rsquo;identification unique pour les associations ; la simplification des proc\u00e9dures par la r\u00e9duction des d\u00e9lais de traitement des dossiers ; l&rsquo;am\u00e9lioration du cadre financier en permettant l&rsquo;autofinancement et la diversification des sources de financement. Les participants ont \u00e9galement soulign\u00e9 l&rsquo;importance de renforcer le r\u00f4le consultatif des associations dans la gestion des affaires publiques, de faciliter leur action par la mise \u00e0 disposition de locaux et l&rsquo;organisation de formations, et de leur donner des moyens juridiques plus larges, notamment pour intervenir dans des domaines sensibles comme la protection de l&rsquo;environnement et du patrimoine culturel. Cette d\u00e9marche s&rsquo;inscrit dans une vision plus large de d\u00e9mocratie participative, o\u00f9 la soci\u00e9t\u00e9 civile n&rsquo;est plus consid\u00e9r\u00e9e comme un simple spectateur mais comme un acteur \u00e0 part enti\u00e8re du d\u00e9veloppement national. Les responsables de l&rsquo;ONSC et les repr\u00e9sentants associatifs partagent l&rsquo;ambition de cr\u00e9er un nouvel \u00e9cosyst\u00e8me o\u00f9 les associations peuvent pleinement contribuer \u00e0 la transformation sociale et au progr\u00e8s d\u00e9mocratique de l&rsquo;Alg\u00e9rie.<\/p>\n\n\n\n<p><strong>Chokri Hafed<\/strong><\/p>\n","protected":false},"excerpt":{"rendered":"<p>L&rsquo;Observatoire national de la Soci\u00e9t\u00e9 civile (ONSC) a organis\u00e9 hier plusieurs rencontres de concertation \u00e0 travers diverses wilayas du pays<\/p>\n","protected":false},"author":6,"featured_media":62148,"comment_status":"open","ping_status":"closed","sticky":false,"template":"","format":"standard","meta":{"colormag_page_container_layout":"default_layout","colormag_page_sidebar_layout":"default_layout","om_disable_all_campaigns":false,"_monsterinsights_skip_tracking":false,"_monsterinsights_sitenote_active":false,"_monsterinsights_sitenote_note":"","_monsterinsights_sitenote_category":0,"footnotes":"","_wpscppro_dont_share_socialmedia":false,"_wpscppro_custom_social_share_image":0,"_facebook_share_type":"default","_twitter_share_type":"default","_linkedin_share_type":"default","_pinterest_share_type":"default","_linkedin_share_type_page":"","_instagram_share_type":"default","_medium_share_type":"default","_threads_share_type":"","_google_business_share_type":"","_selected_social_profile":[],"_wpsp_enable_custom_social_template":false,"_wpsp_social_scheduling":{"enabled":false,"datetime":null,"platforms":[],"status":"template_only","dateOption":"today","timeOption":"now","customDays":"","customHours":"","customDate":"","customTime":"","schedulingType":"absolute"},"_wpsp_active_default_template":true},"categories":[27],"tags":[],"class_list":["post-62147","post","type-post","status-publish","format-standard","has-post-thumbnail","hentry","category-actualite"],"aioseo_notices":[],"yoast_head":"<!-- This site is optimized with the Yoast SEO plugin v27.5 - https:\/\/yoast.com\/product\/yoast-seo-wordpress\/ -->\n<title>L\u2019avant-projet de loi sur les associations au c\u0153ur d\u2019une consultation nationale : Consolider le r\u00f4le de la soci\u00e9t\u00e9 civile - La Sentinelle<\/title>\n<meta name=\"robots\" content=\"index, follow, max-snippet:-1, max-image-preview:large, max-video-preview:-1\" \/>\n<link rel=\"canonical\" href=\"https:\/\/lasentinelle.dz\/index.php\/2025\/01\/26\/lavant-projet-de-loi-sur-les-associations-au-coeur-dune-consultation-nationale-consolider-le-role-de-la-societe-civile\/\" \/>\n<meta property=\"og:locale\" content=\"fr_FR\" \/>\n<meta property=\"og:type\" content=\"article\" \/>\n<meta property=\"og:title\" content=\"L\u2019avant-projet de loi sur les associations au c\u0153ur d\u2019une consultation nationale : Consolider le r\u00f4le de la soci\u00e9t\u00e9 civile - La Sentinelle\" \/>\n<meta property=\"og:description\" content=\"L&rsquo;Observatoire national de la Soci\u00e9t\u00e9 civile (ONSC) a organis\u00e9 hier plusieurs rencontres de concertation \u00e0 travers diverses wilayas du pays\" \/>\n<meta property=\"og:url\" content=\"https:\/\/lasentinelle.dz\/index.php\/2025\/01\/26\/lavant-projet-de-loi-sur-les-associations-au-coeur-dune-consultation-nationale-consolider-le-role-de-la-societe-civile\/\" \/>\n<meta property=\"og:site_name\" content=\"La Sentinelle\" \/>\n<meta property=\"article:publisher\" content=\"https:\/\/www.facebook.com\/La-Sentinelle-104059864394773\" \/>\n<meta property=\"article:published_time\" content=\"2025-01-26T11:36:38+00:00\" \/>\n<meta property=\"article:modified_time\" content=\"2025-01-27T11:37:10+00:00\" \/>\n<meta property=\"og:image\" content=\"https:\/\/lasentinelle.dz\/wp-content\/uploads\/2025\/01\/ONSC.jpg\" \/>\n\t<meta property=\"og:image:width\" content=\"745\" \/>\n\t<meta property=\"og:image:height\" content=\"470\" \/>\n\t<meta property=\"og:image:type\" content=\"image\/jpeg\" \/>\n<meta name=\"author\" content=\"admin\" \/>\n<meta name=\"twitter:card\" content=\"summary_large_image\" \/>\n<meta name=\"twitter:label1\" content=\"\u00c9crit par\" \/>\n\t<meta name=\"twitter:data1\" content=\"admin\" \/>\n\t<meta name=\"twitter:label2\" content=\"Dur\u00e9e de lecture estim\u00e9e\" \/>\n\t<meta name=\"twitter:data2\" content=\"3 minutes\" \/>\n<script type=\"application\/ld+json\" class=\"yoast-schema-graph\">{\"@context\":\"https:\\\/\\\/schema.org\",\"@graph\":[{\"@type\":\"Article\",\"@id\":\"https:\\\/\\\/lasentinelle.dz\\\/index.php\\\/2025\\\/01\\\/26\\\/lavant-projet-de-loi-sur-les-associations-au-coeur-dune-consultation-nationale-consolider-le-role-de-la-societe-civile\\\/#article\",\"isPartOf\":{\"@id\":\"https:\\\/\\\/lasentinelle.dz\\\/index.php\\\/2025\\\/01\\\/26\\\/lavant-projet-de-loi-sur-les-associations-au-coeur-dune-consultation-nationale-consolider-le-role-de-la-societe-civile\\\/\"},\"author\":{\"name\":\"admin\",\"@id\":\"https:\\\/\\\/lasentinelle.dz\\\/#\\\/schema\\\/person\\\/729ee0024f24e0b8c5ec17232f8e8b41\"},\"headline\":\"L\u2019avant-projet de loi sur les associations au c\u0153ur d\u2019une consultation nationale : Consolider le r\u00f4le de la soci\u00e9t\u00e9 civile\",\"datePublished\":\"2025-01-26T11:36:38+00:00\",\"dateModified\":\"2025-01-27T11:37:10+00:00\",\"mainEntityOfPage\":{\"@id\":\"https:\\\/\\\/lasentinelle.dz\\\/index.php\\\/2025\\\/01\\\/26\\\/lavant-projet-de-loi-sur-les-associations-au-coeur-dune-consultation-nationale-consolider-le-role-de-la-societe-civile\\\/\"},\"wordCount\":482,\"commentCount\":0,\"publisher\":{\"@id\":\"https:\\\/\\\/lasentinelle.dz\\\/#organization\"},\"image\":{\"@id\":\"https:\\\/\\\/lasentinelle.dz\\\/index.php\\\/2025\\\/01\\\/26\\\/lavant-projet-de-loi-sur-les-associations-au-coeur-dune-consultation-nationale-consolider-le-role-de-la-societe-civile\\\/#primaryimage\"},\"thumbnailUrl\":\"https:\\\/\\\/lasentinelle.dz\\\/wp-content\\\/uploads\\\/2025\\\/01\\\/ONSC.jpg\",\"articleSection\":[\"Actualit\u00e9\"],\"inLanguage\":\"fr-FR\",\"potentialAction\":[{\"@type\":\"CommentAction\",\"name\":\"Comment\",\"target\":[\"https:\\\/\\\/lasentinelle.dz\\\/index.php\\\/2025\\\/01\\\/26\\\/lavant-projet-de-loi-sur-les-associations-au-coeur-dune-consultation-nationale-consolider-le-role-de-la-societe-civile\\\/#respond\"]}]},{\"@type\":\"WebPage\",\"@id\":\"https:\\\/\\\/lasentinelle.dz\\\/index.php\\\/2025\\\/01\\\/26\\\/lavant-projet-de-loi-sur-les-associations-au-coeur-dune-consultation-nationale-consolider-le-role-de-la-societe-civile\\\/\",\"url\":\"https:\\\/\\\/lasentinelle.dz\\\/index.php\\\/2025\\\/01\\\/26\\\/lavant-projet-de-loi-sur-les-associations-au-coeur-dune-consultation-nationale-consolider-le-role-de-la-societe-civile\\\/\",\"name\":\"L\u2019avant-projet de loi sur les associations au c\u0153ur d\u2019une consultation nationale : Consolider le r\u00f4le de la soci\u00e9t\u00e9 civile - La Sentinelle\",\"isPartOf\":{\"@id\":\"https:\\\/\\\/lasentinelle.dz\\\/#website\"},\"primaryImageOfPage\":{\"@id\":\"https:\\\/\\\/lasentinelle.dz\\\/index.php\\\/2025\\\/01\\\/26\\\/lavant-projet-de-loi-sur-les-associations-au-coeur-dune-consultation-nationale-consolider-le-role-de-la-societe-civile\\\/#primaryimage\"},\"image\":{\"@id\":\"https:\\\/\\\/lasentinelle.dz\\\/index.php\\\/2025\\\/01\\\/26\\\/lavant-projet-de-loi-sur-les-associations-au-coeur-dune-consultation-nationale-consolider-le-role-de-la-societe-civile\\\/#primaryimage\"},\"thumbnailUrl\":\"https:\\\/\\\/lasentinelle.dz\\\/wp-content\\\/uploads\\\/2025\\\/01\\\/ONSC.jpg\",\"datePublished\":\"2025-01-26T11:36:38+00:00\",\"dateModified\":\"2025-01-27T11:37:10+00:00\",\"breadcrumb\":{\"@id\":\"https:\\\/\\\/lasentinelle.dz\\\/index.php\\\/2025\\\/01\\\/26\\\/lavant-projet-de-loi-sur-les-associations-au-coeur-dune-consultation-nationale-consolider-le-role-de-la-societe-civile\\\/#breadcrumb\"},\"inLanguage\":\"fr-FR\",\"potentialAction\":[{\"@type\":\"ReadAction\",\"target\":[\"https:\\\/\\\/lasentinelle.dz\\\/index.php\\\/2025\\\/01\\\/26\\\/lavant-projet-de-loi-sur-les-associations-au-coeur-dune-consultation-nationale-consolider-le-role-de-la-societe-civile\\\/\"]}]},{\"@type\":\"ImageObject\",\"inLanguage\":\"fr-FR\",\"@id\":\"https:\\\/\\\/lasentinelle.dz\\\/index.php\\\/2025\\\/01\\\/26\\\/lavant-projet-de-loi-sur-les-associations-au-coeur-dune-consultation-nationale-consolider-le-role-de-la-societe-civile\\\/#primaryimage\",\"url\":\"https:\\\/\\\/lasentinelle.dz\\\/wp-content\\\/uploads\\\/2025\\\/01\\\/ONSC.jpg\",\"contentUrl\":\"https:\\\/\\\/lasentinelle.dz\\\/wp-content\\\/uploads\\\/2025\\\/01\\\/ONSC.jpg\",\"width\":745,\"height\":470},{\"@type\":\"BreadcrumbList\",\"@id\":\"https:\\\/\\\/lasentinelle.dz\\\/index.php\\\/2025\\\/01\\\/26\\\/lavant-projet-de-loi-sur-les-associations-au-coeur-dune-consultation-nationale-consolider-le-role-de-la-societe-civile\\\/#breadcrumb\",\"itemListElement\":[{\"@type\":\"ListItem\",\"position\":1,\"name\":\"Accueil\",\"item\":\"https:\\\/\\\/lasentinelle.dz\\\/\"},{\"@type\":\"ListItem\",\"position\":2,\"name\":\"L\u2019avant-projet de loi sur les associations au c\u0153ur d\u2019une consultation nationale : Consolider le r\u00f4le de la soci\u00e9t\u00e9 civile\"}]},{\"@type\":\"WebSite\",\"@id\":\"https:\\\/\\\/lasentinelle.dz\\\/#website\",\"url\":\"https:\\\/\\\/lasentinelle.dz\\\/\",\"name\":\"La Sentinelle\",\"description\":\"Quotidien national d&#039;information\",\"publisher\":{\"@id\":\"https:\\\/\\\/lasentinelle.dz\\\/#organization\"},\"potentialAction\":[{\"@type\":\"SearchAction\",\"target\":{\"@type\":\"EntryPoint\",\"urlTemplate\":\"https:\\\/\\\/lasentinelle.dz\\\/?s={search_term_string}\"},\"query-input\":{\"@type\":\"PropertyValueSpecification\",\"valueRequired\":true,\"valueName\":\"search_term_string\"}}],\"inLanguage\":\"fr-FR\"},{\"@type\":\"Organization\",\"@id\":\"https:\\\/\\\/lasentinelle.dz\\\/#organization\",\"name\":\"Quotidien La Sentinelle\",\"url\":\"https:\\\/\\\/lasentinelle.dz\\\/\",\"logo\":{\"@type\":\"ImageObject\",\"inLanguage\":\"fr-FR\",\"@id\":\"https:\\\/\\\/lasentinelle.dz\\\/#\\\/schema\\\/logo\\\/image\\\/\",\"url\":\"https:\\\/\\\/lasentinelle.dz\\\/wp-content\\\/uploads\\\/2021\\\/09\\\/logo-sentinelleSLOGAN-1.png\",\"contentUrl\":\"https:\\\/\\\/lasentinelle.dz\\\/wp-content\\\/uploads\\\/2021\\\/09\\\/logo-sentinelleSLOGAN-1.png\",\"width\":615,\"height\":142,\"caption\":\"Quotidien La Sentinelle\"},\"image\":{\"@id\":\"https:\\\/\\\/lasentinelle.dz\\\/#\\\/schema\\\/logo\\\/image\\\/\"},\"sameAs\":[\"https:\\\/\\\/www.facebook.com\\\/La-Sentinelle-104059864394773\"]},{\"@type\":\"Person\",\"@id\":\"https:\\\/\\\/lasentinelle.dz\\\/#\\\/schema\\\/person\\\/729ee0024f24e0b8c5ec17232f8e8b41\",\"name\":\"admin\",\"image\":{\"@type\":\"ImageObject\",\"inLanguage\":\"fr-FR\",\"@id\":\"https:\\\/\\\/secure.gravatar.com\\\/avatar\\\/4c81fed838786e9b53f540bf46533e750f5d292099ae3b66cfc6fb1982e29df7?s=96&d=mm&r=g\",\"url\":\"https:\\\/\\\/secure.gravatar.com\\\/avatar\\\/4c81fed838786e9b53f540bf46533e750f5d292099ae3b66cfc6fb1982e29df7?s=96&d=mm&r=g\",\"contentUrl\":\"https:\\\/\\\/secure.gravatar.com\\\/avatar\\\/4c81fed838786e9b53f540bf46533e750f5d292099ae3b66cfc6fb1982e29df7?s=96&d=mm&r=g\",\"caption\":\"admin\"},\"description\":\"admin\",\"url\":\"https:\\\/\\\/lasentinelle.dz\\\/author\\\/admin\\\/\"}]}<\/script>\n<!-- \/ Yoast SEO plugin. -->","yoast_head_json":{"title":"L\u2019avant-projet de loi sur les associations au c\u0153ur d\u2019une consultation nationale : Consolider le r\u00f4le de la soci\u00e9t\u00e9 civile - La Sentinelle","robots":{"index":"index","follow":"follow","max-snippet":"max-snippet:-1","max-image-preview":"max-image-preview:large","max-video-preview":"max-video-preview:-1"},"canonical":"https:\/\/lasentinelle.dz\/index.php\/2025\/01\/26\/lavant-projet-de-loi-sur-les-associations-au-coeur-dune-consultation-nationale-consolider-le-role-de-la-societe-civile\/","og_locale":"fr_FR","og_type":"article","og_title":"L\u2019avant-projet de loi sur les associations au c\u0153ur d\u2019une consultation nationale : Consolider le r\u00f4le de la soci\u00e9t\u00e9 civile - La Sentinelle","og_description":"L&rsquo;Observatoire national de la Soci\u00e9t\u00e9 civile (ONSC) a organis\u00e9 hier plusieurs rencontres de concertation \u00e0 travers diverses wilayas du pays","og_url":"https:\/\/lasentinelle.dz\/index.php\/2025\/01\/26\/lavant-projet-de-loi-sur-les-associations-au-coeur-dune-consultation-nationale-consolider-le-role-de-la-societe-civile\/","og_site_name":"La Sentinelle","article_publisher":"https:\/\/www.facebook.com\/La-Sentinelle-104059864394773","article_published_time":"2025-01-26T11:36:38+00:00","article_modified_time":"2025-01-27T11:37:10+00:00","og_image":[{"width":745,"height":470,"url":"https:\/\/lasentinelle.dz\/wp-content\/uploads\/2025\/01\/ONSC.jpg","type":"image\/jpeg"}],"author":"admin","twitter_card":"summary_large_image","twitter_misc":{"\u00c9crit par":"admin","Dur\u00e9e de lecture estim\u00e9e":"3 minutes"},"schema":{"@context":"https:\/\/schema.org","@graph":[{"@type":"Article","@id":"https:\/\/lasentinelle.dz\/index.php\/2025\/01\/26\/lavant-projet-de-loi-sur-les-associations-au-coeur-dune-consultation-nationale-consolider-le-role-de-la-societe-civile\/#article","isPartOf":{"@id":"https:\/\/lasentinelle.dz\/index.php\/2025\/01\/26\/lavant-projet-de-loi-sur-les-associations-au-coeur-dune-consultation-nationale-consolider-le-role-de-la-societe-civile\/"},"author":{"name":"admin","@id":"https:\/\/lasentinelle.dz\/#\/schema\/person\/729ee0024f24e0b8c5ec17232f8e8b41"},"headline":"L\u2019avant-projet de loi sur les associations au c\u0153ur d\u2019une consultation nationale : Consolider le r\u00f4le de la soci\u00e9t\u00e9 civile","datePublished":"2025-01-26T11:36:38+00:00","dateModified":"2025-01-27T11:37:10+00:00","mainEntityOfPage":{"@id":"https:\/\/lasentinelle.dz\/index.php\/2025\/01\/26\/lavant-projet-de-loi-sur-les-associations-au-coeur-dune-consultation-nationale-consolider-le-role-de-la-societe-civile\/"},"wordCount":482,"commentCount":0,"publisher":{"@id":"https:\/\/lasentinelle.dz\/#organization"},"image":{"@id":"https:\/\/lasentinelle.dz\/index.php\/2025\/01\/26\/lavant-projet-de-loi-sur-les-associations-au-coeur-dune-consultation-nationale-consolider-le-role-de-la-societe-civile\/#primaryimage"},"thumbnailUrl":"https:\/\/lasentinelle.dz\/wp-content\/uploads\/2025\/01\/ONSC.jpg","articleSection":["Actualit\u00e9"],"inLanguage":"fr-FR","potentialAction":[{"@type":"CommentAction","name":"Comment","target":["https:\/\/lasentinelle.dz\/index.php\/2025\/01\/26\/lavant-projet-de-loi-sur-les-associations-au-coeur-dune-consultation-nationale-consolider-le-role-de-la-societe-civile\/#respond"]}]},{"@type":"WebPage","@id":"https:\/\/lasentinelle.dz\/index.php\/2025\/01\/26\/lavant-projet-de-loi-sur-les-associations-au-coeur-dune-consultation-nationale-consolider-le-role-de-la-societe-civile\/","url":"https:\/\/lasentinelle.dz\/index.php\/2025\/01\/26\/lavant-projet-de-loi-sur-les-associations-au-coeur-dune-consultation-nationale-consolider-le-role-de-la-societe-civile\/","name":"L\u2019avant-projet de loi sur les associations au c\u0153ur d\u2019une consultation nationale : Consolider le r\u00f4le de la soci\u00e9t\u00e9 civile - La Sentinelle","isPartOf":{"@id":"https:\/\/lasentinelle.dz\/#website"},"primaryImageOfPage":{"@id":"https:\/\/lasentinelle.dz\/index.php\/2025\/01\/26\/lavant-projet-de-loi-sur-les-associations-au-coeur-dune-consultation-nationale-consolider-le-role-de-la-societe-civile\/#primaryimage"},"image":{"@id":"https:\/\/lasentinelle.dz\/index.php\/2025\/01\/26\/lavant-projet-de-loi-sur-les-associations-au-coeur-dune-consultation-nationale-consolider-le-role-de-la-societe-civile\/#primaryimage"},"thumbnailUrl":"https:\/\/lasentinelle.dz\/wp-content\/uploads\/2025\/01\/ONSC.jpg","datePublished":"2025-01-26T11:36:38+00:00","dateModified":"2025-01-27T11:37:10+00:00","breadcrumb":{"@id":"https:\/\/lasentinelle.dz\/index.php\/2025\/01\/26\/lavant-projet-de-loi-sur-les-associations-au-coeur-dune-consultation-nationale-consolider-le-role-de-la-societe-civile\/#breadcrumb"},"inLanguage":"fr-FR","potentialAction":[{"@type":"ReadAction","target":["https:\/\/lasentinelle.dz\/index.php\/2025\/01\/26\/lavant-projet-de-loi-sur-les-associations-au-coeur-dune-consultation-nationale-consolider-le-role-de-la-societe-civile\/"]}]},{"@type":"ImageObject","inLanguage":"fr-FR","@id":"https:\/\/lasentinelle.dz\/index.php\/2025\/01\/26\/lavant-projet-de-loi-sur-les-associations-au-coeur-dune-consultation-nationale-consolider-le-role-de-la-societe-civile\/#primaryimage","url":"https:\/\/lasentinelle.dz\/wp-content\/uploads\/2025\/01\/ONSC.jpg","contentUrl":"https:\/\/lasentinelle.dz\/wp-content\/uploads\/2025\/01\/ONSC.jpg","width":745,"height":470},{"@type":"BreadcrumbList","@id":"https:\/\/lasentinelle.dz\/index.php\/2025\/01\/26\/lavant-projet-de-loi-sur-les-associations-au-coeur-dune-consultation-nationale-consolider-le-role-de-la-societe-civile\/#breadcrumb","itemListElement":[{"@type":"ListItem","position":1,"name":"Accueil","item":"https:\/\/lasentinelle.dz\/"},{"@type":"ListItem","position":2,"name":"L\u2019avant-projet de loi sur les associations au c\u0153ur d\u2019une consultation nationale : Consolider le r\u00f4le de la soci\u00e9t\u00e9 civile"}]},{"@type":"WebSite","@id":"https:\/\/lasentinelle.dz\/#website","url":"https:\/\/lasentinelle.dz\/","name":"La Sentinelle","description":"Quotidien national d&#039;information","publisher":{"@id":"https:\/\/lasentinelle.dz\/#organization"},"potentialAction":[{"@type":"SearchAction","target":{"@type":"EntryPoint","urlTemplate":"https:\/\/lasentinelle.dz\/?s={search_term_string}"},"query-input":{"@type":"PropertyValueSpecification","valueRequired":true,"valueName":"search_term_string"}}],"inLanguage":"fr-FR"},{"@type":"Organization","@id":"https:\/\/lasentinelle.dz\/#organization","name":"Quotidien La Sentinelle","url":"https:\/\/lasentinelle.dz\/","logo":{"@type":"ImageObject","inLanguage":"fr-FR","@id":"https:\/\/lasentinelle.dz\/#\/schema\/logo\/image\/","url":"https:\/\/lasentinelle.dz\/wp-content\/uploads\/2021\/09\/logo-sentinelleSLOGAN-1.png","contentUrl":"https:\/\/lasentinelle.dz\/wp-content\/uploads\/2021\/09\/logo-sentinelleSLOGAN-1.png","width":615,"height":142,"caption":"Quotidien La Sentinelle"},"image":{"@id":"https:\/\/lasentinelle.dz\/#\/schema\/logo\/image\/"},"sameAs":["https:\/\/www.facebook.com\/La-Sentinelle-104059864394773"]},{"@type":"Person","@id":"https:\/\/lasentinelle.dz\/#\/schema\/person\/729ee0024f24e0b8c5ec17232f8e8b41","name":"admin","image":{"@type":"ImageObject","inLanguage":"fr-FR","@id":"https:\/\/secure.gravatar.com\/avatar\/4c81fed838786e9b53f540bf46533e750f5d292099ae3b66cfc6fb1982e29df7?s=96&d=mm&r=g","url":"https:\/\/secure.gravatar.com\/avatar\/4c81fed838786e9b53f540bf46533e750f5d292099ae3b66cfc6fb1982e29df7?s=96&d=mm&r=g","contentUrl":"https:\/\/secure.gravatar.com\/avatar\/4c81fed838786e9b53f540bf46533e750f5d292099ae3b66cfc6fb1982e29df7?s=96&d=mm&r=g","caption":"admin"},"description":"admin","url":"https:\/\/lasentinelle.dz\/author\/admin\/"}]}},"_links":{"self":[{"href":"https:\/\/lasentinelle.dz\/index.php\/wp-json\/wp\/v2\/posts\/62147","targetHints":{"allow":["GET"]}}],"collection":[{"href":"https:\/\/lasentinelle.dz\/index.php\/wp-json\/wp\/v2\/posts"}],"about":[{"href":"https:\/\/lasentinelle.dz\/index.php\/wp-json\/wp\/v2\/types\/post"}],"author":[{"embeddable":true,"href":"https:\/\/lasentinelle.dz\/index.php\/wp-json\/wp\/v2\/users\/6"}],"replies":[{"embeddable":true,"href":"https:\/\/lasentinelle.dz\/index.php\/wp-json\/wp\/v2\/comments?post=62147"}],"version-history":[{"count":1,"href":"https:\/\/lasentinelle.dz\/index.php\/wp-json\/wp\/v2\/posts\/62147\/revisions"}],"predecessor-version":[{"id":62149,"href":"https:\/\/lasentinelle.dz\/index.php\/wp-json\/wp\/v2\/posts\/62147\/revisions\/62149"}],"wp:featuredmedia":[{"embeddable":true,"href":"https:\/\/lasentinelle.dz\/index.php\/wp-json\/wp\/v2\/media\/62148"}],"wp:attachment":[{"href":"https:\/\/lasentinelle.dz\/index.php\/wp-json\/wp\/v2\/media?parent=62147"}],"wp:term":[{"taxonomy":"category","embeddable":true,"href":"https:\/\/lasentinelle.dz\/index.php\/wp-json\/wp\/v2\/categories?post=62147"},{"taxonomy":"post_tag","embeddable":true,"href":"https:\/\/lasentinelle.dz\/index.php\/wp-json\/wp\/v2\/tags?post=62147"}],"curies":[{"name":"wp","href":"https:\/\/api.w.org\/{rel}","templated":true}]}}