{"id":62167,"date":"2025-01-28T11:21:13","date_gmt":"2025-01-28T10:21:13","guid":{"rendered":"https:\/\/lasentinelle.dz\/?p=62167"},"modified":"2025-01-28T11:21:14","modified_gmt":"2025-01-28T10:21:14","slug":"la-course-a-la-presidence-de-la-lfp-est-lancee-mesloug-en-pole-position","status":"publish","type":"post","link":"https:\/\/lasentinelle.dz\/index.php\/2025\/01\/28\/la-course-a-la-presidence-de-la-lfp-est-lancee-mesloug-en-pole-position\/","title":{"rendered":"La course \u00e0 la pr\u00e9sidence de la LFP est lanc\u00e9e : Mesloug en pole position"},"content":{"rendered":"\n<p>C&rsquo;est parti pour le grand renouvellement \u00e0 la t\u00eate du football professionnel alg\u00e9rien ! La Ligue de Football Professionnel (LFP) entre dans une semaine d\u00e9cisive avec l&rsquo;ouverture, dimanche, du d\u00e9p\u00f4t des candidatures pour sa pr\u00e9sidence. Les pr\u00e9tendants au fauteuil ont jusqu&rsquo;\u00e0 demain, 17h00, pour d\u00e9poser leurs dossiers au si\u00e8ge de l&rsquo;instance.<\/p>\n\n\n\n<p>Cette \u00e9lection marque un tournant apr\u00e8s la p\u00e9riode mouvement\u00e9e qu&rsquo;a connue la LFP depuis octobre 2023. Pour m\u00e9moire, la F\u00e9d\u00e9ration Alg\u00e9rienne de Football avait alors suspendu avec effet imm\u00e9diat le pr\u00e9sident en exercice, Abdelkrim Medouar, pour \u00ab\u00a0violation des lois et r\u00e8glements en vigueur\u00a0\u00bb &#8211; un s\u00e9isme qui avait secou\u00e9 le football national. Dans ce contexte, tous les regards se tournent vers Mohamed Amine Mesloug, l&rsquo;homme fort qui a g\u00e9r\u00e9 la transition ces derniers mois. Membre du bureau f\u00e9d\u00e9ral et pr\u00e9sident par int\u00e9rim depuis la suspension de Medouar, il a d&rsquo;ores et d\u00e9j\u00e0 officialis\u00e9 sa candidature. Fort de son exp\u00e9rience \u00e0 la t\u00eate de l&rsquo;instance durant cette p\u00e9riode d\u00e9licate, il part avec une longueur d&rsquo;avance dans la course \u00e0 la pr\u00e9sidence. Le calendrier \u00e9lectoral a \u00e9t\u00e9 minutieusement \u00e9tabli : la liste des candidatures retenues sera d\u00e9voil\u00e9e le 30 janvier sur le site officiel de la LFP. Les candidats \u00e9cart\u00e9s ne seront pas en reste, puisqu&rsquo;ils disposeront d&rsquo;un d\u00e9lai de recours les 1er et 2 f\u00e9vrier aupr\u00e8s d&rsquo;une commission sp\u00e9cialement constitu\u00e9e. La liste d\u00e9finitive des pr\u00e9tendants sera alors publi\u00e9e le dimanche 2 f\u00e9vrier. Point d&rsquo;orgue de ce processus : l&rsquo;Assembl\u00e9e g\u00e9n\u00e9rale \u00e9lective, programm\u00e9e pour le mercredi 5 f\u00e9vrier \u00e0 10h00. Cette AGE intervient dans la foul\u00e9e d&rsquo;une Assembl\u00e9e g\u00e9n\u00e9rale ordinaire qui s&rsquo;est tenue cette semaine au si\u00e8ge de la FAF \u00e0 Dely Brahim, en pr\u00e9sence de 18 des 23 membres. Un rendez-vous qui a vu l&rsquo;adoption des bilans moral et financier 2024 ainsi que du budget pr\u00e9visionnel 2025, et surtout la validation des modifications statutaires permettant \u00e0 la future LFP de se conformer aux nouvelles r\u00e9glementations. La semaine qui s&rsquo;ouvre s&rsquo;annonce donc cruciale pour l&rsquo;avenir du football professionnel alg\u00e9rien.<\/p>\n\n\n\n<p>Moncef D.<\/p>\n","protected":false},"excerpt":{"rendered":"<p>C&rsquo;est parti pour le grand renouvellement \u00e0 la t\u00eate du football professionnel alg\u00e9rien ! La Ligue de Football Professionnel (LFP)<\/p>\n","protected":false},"author":6,"featured_media":35498,"comment_status":"open","ping_status":"closed","sticky":false,"template":"","format":"standard","meta":{"colormag_page_container_layout":"default_layout","colormag_page_sidebar_layout":"default_layout","om_disable_all_campaigns":false,"_monsterinsights_skip_tracking":false,"_monsterinsights_sitenote_active":false,"_monsterinsights_sitenote_note":"","_monsterinsights_sitenote_category":0,"footnotes":"","_wpscppro_dont_share_socialmedia":false,"_wpscppro_custom_social_share_image":0,"_facebook_share_type":"default","_twitter_share_type":"default","_linkedin_share_type":"default","_pinterest_share_type":"default","_linkedin_share_type_page":"","_instagram_share_type":"default","_medium_share_type":"default","_threads_share_type":"","_google_business_share_type":"","_selected_social_profile":[],"_wpsp_enable_custom_social_template":false,"_wpsp_social_scheduling":{"enabled":false,"datetime":null,"platforms":[],"status":"template_only","dateOption":"today","timeOption":"now","customDays":"","customHours":"","customDate":"","customTime":"","schedulingType":"absolute"},"_wpsp_active_default_template":true},"categories":[33],"tags":[],"class_list":["post-62167","post","type-post","status-publish","format-standard","has-post-thumbnail","hentry","category-sports"],"aioseo_notices":[],"yoast_head":"<!-- This site is optimized with the Yoast SEO plugin v27.5 - https:\/\/yoast.com\/product\/yoast-seo-wordpress\/ -->\n<title>La course \u00e0 la pr\u00e9sidence de la LFP est lanc\u00e9e : Mesloug en pole position - La Sentinelle<\/title>\n<meta name=\"robots\" content=\"index, follow, max-snippet:-1, max-image-preview:large, max-video-preview:-1\" \/>\n<link rel=\"canonical\" href=\"https:\/\/lasentinelle.dz\/index.php\/2025\/01\/28\/la-course-a-la-presidence-de-la-lfp-est-lancee-mesloug-en-pole-position\/\" \/>\n<meta property=\"og:locale\" content=\"fr_FR\" \/>\n<meta property=\"og:type\" content=\"article\" \/>\n<meta property=\"og:title\" content=\"La course \u00e0 la pr\u00e9sidence de la LFP est lanc\u00e9e : Mesloug en pole position - La Sentinelle\" \/>\n<meta property=\"og:description\" content=\"C&rsquo;est parti pour le grand renouvellement \u00e0 la t\u00eate du football professionnel alg\u00e9rien ! La Ligue de Football Professionnel (LFP)\" \/>\n<meta property=\"og:url\" content=\"https:\/\/lasentinelle.dz\/index.php\/2025\/01\/28\/la-course-a-la-presidence-de-la-lfp-est-lancee-mesloug-en-pole-position\/\" \/>\n<meta property=\"og:site_name\" content=\"La Sentinelle\" \/>\n<meta property=\"article:publisher\" content=\"https:\/\/www.facebook.com\/La-Sentinelle-104059864394773\" \/>\n<meta property=\"article:published_time\" content=\"2025-01-28T10:21:13+00:00\" \/>\n<meta property=\"article:modified_time\" content=\"2025-01-28T10:21:14+00:00\" \/>\n<meta property=\"og:image\" content=\"https:\/\/lasentinelle.dz\/wp-content\/uploads\/2023\/02\/LFP.jpeg\" \/>\n\t<meta property=\"og:image:width\" content=\"811\" \/>\n\t<meta property=\"og:image:height\" content=\"541\" \/>\n\t<meta property=\"og:image:type\" content=\"image\/jpeg\" \/>\n<meta name=\"author\" content=\"admin\" \/>\n<meta name=\"twitter:card\" content=\"summary_large_image\" \/>\n<meta name=\"twitter:label1\" content=\"\u00c9crit par\" \/>\n\t<meta name=\"twitter:data1\" content=\"admin\" \/>\n\t<meta name=\"twitter:label2\" content=\"Dur\u00e9e de lecture estim\u00e9e\" \/>\n\t<meta name=\"twitter:data2\" content=\"2 minutes\" \/>\n<script type=\"application\/ld+json\" class=\"yoast-schema-graph\">{\"@context\":\"https:\\\/\\\/schema.org\",\"@graph\":[{\"@type\":\"Article\",\"@id\":\"https:\\\/\\\/lasentinelle.dz\\\/index.php\\\/2025\\\/01\\\/28\\\/la-course-a-la-presidence-de-la-lfp-est-lancee-mesloug-en-pole-position\\\/#article\",\"isPartOf\":{\"@id\":\"https:\\\/\\\/lasentinelle.dz\\\/index.php\\\/2025\\\/01\\\/28\\\/la-course-a-la-presidence-de-la-lfp-est-lancee-mesloug-en-pole-position\\\/\"},\"author\":{\"name\":\"admin\",\"@id\":\"https:\\\/\\\/lasentinelle.dz\\\/#\\\/schema\\\/person\\\/729ee0024f24e0b8c5ec17232f8e8b41\"},\"headline\":\"La course \u00e0 la pr\u00e9sidence de la LFP est lanc\u00e9e : Mesloug en pole position\",\"datePublished\":\"2025-01-28T10:21:13+00:00\",\"dateModified\":\"2025-01-28T10:21:14+00:00\",\"mainEntityOfPage\":{\"@id\":\"https:\\\/\\\/lasentinelle.dz\\\/index.php\\\/2025\\\/01\\\/28\\\/la-course-a-la-presidence-de-la-lfp-est-lancee-mesloug-en-pole-position\\\/\"},\"wordCount\":403,\"commentCount\":0,\"publisher\":{\"@id\":\"https:\\\/\\\/lasentinelle.dz\\\/#organization\"},\"image\":{\"@id\":\"https:\\\/\\\/lasentinelle.dz\\\/index.php\\\/2025\\\/01\\\/28\\\/la-course-a-la-presidence-de-la-lfp-est-lancee-mesloug-en-pole-position\\\/#primaryimage\"},\"thumbnailUrl\":\"https:\\\/\\\/lasentinelle.dz\\\/wp-content\\\/uploads\\\/2023\\\/02\\\/LFP.jpeg\",\"articleSection\":[\"Sports\"],\"inLanguage\":\"fr-FR\",\"potentialAction\":[{\"@type\":\"CommentAction\",\"name\":\"Comment\",\"target\":[\"https:\\\/\\\/lasentinelle.dz\\\/index.php\\\/2025\\\/01\\\/28\\\/la-course-a-la-presidence-de-la-lfp-est-lancee-mesloug-en-pole-position\\\/#respond\"]}]},{\"@type\":\"WebPage\",\"@id\":\"https:\\\/\\\/lasentinelle.dz\\\/index.php\\\/2025\\\/01\\\/28\\\/la-course-a-la-presidence-de-la-lfp-est-lancee-mesloug-en-pole-position\\\/\",\"url\":\"https:\\\/\\\/lasentinelle.dz\\\/index.php\\\/2025\\\/01\\\/28\\\/la-course-a-la-presidence-de-la-lfp-est-lancee-mesloug-en-pole-position\\\/\",\"name\":\"La course \u00e0 la pr\u00e9sidence de la LFP est lanc\u00e9e : Mesloug en pole position - La Sentinelle\",\"isPartOf\":{\"@id\":\"https:\\\/\\\/lasentinelle.dz\\\/#website\"},\"primaryImageOfPage\":{\"@id\":\"https:\\\/\\\/lasentinelle.dz\\\/index.php\\\/2025\\\/01\\\/28\\\/la-course-a-la-presidence-de-la-lfp-est-lancee-mesloug-en-pole-position\\\/#primaryimage\"},\"image\":{\"@id\":\"https:\\\/\\\/lasentinelle.dz\\\/index.php\\\/2025\\\/01\\\/28\\\/la-course-a-la-presidence-de-la-lfp-est-lancee-mesloug-en-pole-position\\\/#primaryimage\"},\"thumbnailUrl\":\"https:\\\/\\\/lasentinelle.dz\\\/wp-content\\\/uploads\\\/2023\\\/02\\\/LFP.jpeg\",\"datePublished\":\"2025-01-28T10:21:13+00:00\",\"dateModified\":\"2025-01-28T10:21:14+00:00\",\"breadcrumb\":{\"@id\":\"https:\\\/\\\/lasentinelle.dz\\\/index.php\\\/2025\\\/01\\\/28\\\/la-course-a-la-presidence-de-la-lfp-est-lancee-mesloug-en-pole-position\\\/#breadcrumb\"},\"inLanguage\":\"fr-FR\",\"potentialAction\":[{\"@type\":\"ReadAction\",\"target\":[\"https:\\\/\\\/lasentinelle.dz\\\/index.php\\\/2025\\\/01\\\/28\\\/la-course-a-la-presidence-de-la-lfp-est-lancee-mesloug-en-pole-position\\\/\"]}]},{\"@type\":\"ImageObject\",\"inLanguage\":\"fr-FR\",\"@id\":\"https:\\\/\\\/lasentinelle.dz\\\/index.php\\\/2025\\\/01\\\/28\\\/la-course-a-la-presidence-de-la-lfp-est-lancee-mesloug-en-pole-position\\\/#primaryimage\",\"url\":\"https:\\\/\\\/lasentinelle.dz\\\/wp-content\\\/uploads\\\/2023\\\/02\\\/LFP.jpeg\",\"contentUrl\":\"https:\\\/\\\/lasentinelle.dz\\\/wp-content\\\/uploads\\\/2023\\\/02\\\/LFP.jpeg\",\"width\":811,\"height\":541},{\"@type\":\"BreadcrumbList\",\"@id\":\"https:\\\/\\\/lasentinelle.dz\\\/index.php\\\/2025\\\/01\\\/28\\\/la-course-a-la-presidence-de-la-lfp-est-lancee-mesloug-en-pole-position\\\/#breadcrumb\",\"itemListElement\":[{\"@type\":\"ListItem\",\"position\":1,\"name\":\"Accueil\",\"item\":\"https:\\\/\\\/lasentinelle.dz\\\/\"},{\"@type\":\"ListItem\",\"position\":2,\"name\":\"La course \u00e0 la pr\u00e9sidence de la LFP est lanc\u00e9e : Mesloug en pole position\"}]},{\"@type\":\"WebSite\",\"@id\":\"https:\\\/\\\/lasentinelle.dz\\\/#website\",\"url\":\"https:\\\/\\\/lasentinelle.dz\\\/\",\"name\":\"La Sentinelle\",\"description\":\"Quotidien national d&#039;information\",\"publisher\":{\"@id\":\"https:\\\/\\\/lasentinelle.dz\\\/#organization\"},\"potentialAction\":[{\"@type\":\"SearchAction\",\"target\":{\"@type\":\"EntryPoint\",\"urlTemplate\":\"https:\\\/\\\/lasentinelle.dz\\\/?s={search_term_string}\"},\"query-input\":{\"@type\":\"PropertyValueSpecification\",\"valueRequired\":true,\"valueName\":\"search_term_string\"}}],\"inLanguage\":\"fr-FR\"},{\"@type\":\"Organization\",\"@id\":\"https:\\\/\\\/lasentinelle.dz\\\/#organization\",\"name\":\"Quotidien La Sentinelle\",\"url\":\"https:\\\/\\\/lasentinelle.dz\\\/\",\"logo\":{\"@type\":\"ImageObject\",\"inLanguage\":\"fr-FR\",\"@id\":\"https:\\\/\\\/lasentinelle.dz\\\/#\\\/schema\\\/logo\\\/image\\\/\",\"url\":\"https:\\\/\\\/lasentinelle.dz\\\/wp-content\\\/uploads\\\/2021\\\/09\\\/logo-sentinelleSLOGAN-1.png\",\"contentUrl\":\"https:\\\/\\\/lasentinelle.dz\\\/wp-content\\\/uploads\\\/2021\\\/09\\\/logo-sentinelleSLOGAN-1.png\",\"width\":615,\"height\":142,\"caption\":\"Quotidien La Sentinelle\"},\"image\":{\"@id\":\"https:\\\/\\\/lasentinelle.dz\\\/#\\\/schema\\\/logo\\\/image\\\/\"},\"sameAs\":[\"https:\\\/\\\/www.facebook.com\\\/La-Sentinelle-104059864394773\"]},{\"@type\":\"Person\",\"@id\":\"https:\\\/\\\/lasentinelle.dz\\\/#\\\/schema\\\/person\\\/729ee0024f24e0b8c5ec17232f8e8b41\",\"name\":\"admin\",\"image\":{\"@type\":\"ImageObject\",\"inLanguage\":\"fr-FR\",\"@id\":\"https:\\\/\\\/secure.gravatar.com\\\/avatar\\\/4c81fed838786e9b53f540bf46533e750f5d292099ae3b66cfc6fb1982e29df7?s=96&d=mm&r=g\",\"url\":\"https:\\\/\\\/secure.gravatar.com\\\/avatar\\\/4c81fed838786e9b53f540bf46533e750f5d292099ae3b66cfc6fb1982e29df7?s=96&d=mm&r=g\",\"contentUrl\":\"https:\\\/\\\/secure.gravatar.com\\\/avatar\\\/4c81fed838786e9b53f540bf46533e750f5d292099ae3b66cfc6fb1982e29df7?s=96&d=mm&r=g\",\"caption\":\"admin\"},\"description\":\"admin\",\"url\":\"https:\\\/\\\/lasentinelle.dz\\\/author\\\/admin\\\/\"}]}<\/script>\n<!-- \/ Yoast SEO plugin. -->","yoast_head_json":{"title":"La course \u00e0 la pr\u00e9sidence de la LFP est lanc\u00e9e : Mesloug en pole position - La Sentinelle","robots":{"index":"index","follow":"follow","max-snippet":"max-snippet:-1","max-image-preview":"max-image-preview:large","max-video-preview":"max-video-preview:-1"},"canonical":"https:\/\/lasentinelle.dz\/index.php\/2025\/01\/28\/la-course-a-la-presidence-de-la-lfp-est-lancee-mesloug-en-pole-position\/","og_locale":"fr_FR","og_type":"article","og_title":"La course \u00e0 la pr\u00e9sidence de la LFP est lanc\u00e9e : Mesloug en pole position - La Sentinelle","og_description":"C&rsquo;est parti pour le grand renouvellement \u00e0 la t\u00eate du football professionnel alg\u00e9rien ! La Ligue de Football Professionnel (LFP)","og_url":"https:\/\/lasentinelle.dz\/index.php\/2025\/01\/28\/la-course-a-la-presidence-de-la-lfp-est-lancee-mesloug-en-pole-position\/","og_site_name":"La Sentinelle","article_publisher":"https:\/\/www.facebook.com\/La-Sentinelle-104059864394773","article_published_time":"2025-01-28T10:21:13+00:00","article_modified_time":"2025-01-28T10:21:14+00:00","og_image":[{"width":811,"height":541,"url":"https:\/\/lasentinelle.dz\/wp-content\/uploads\/2023\/02\/LFP.jpeg","type":"image\/jpeg"}],"author":"admin","twitter_card":"summary_large_image","twitter_misc":{"\u00c9crit par":"admin","Dur\u00e9e de lecture estim\u00e9e":"2 minutes"},"schema":{"@context":"https:\/\/schema.org","@graph":[{"@type":"Article","@id":"https:\/\/lasentinelle.dz\/index.php\/2025\/01\/28\/la-course-a-la-presidence-de-la-lfp-est-lancee-mesloug-en-pole-position\/#article","isPartOf":{"@id":"https:\/\/lasentinelle.dz\/index.php\/2025\/01\/28\/la-course-a-la-presidence-de-la-lfp-est-lancee-mesloug-en-pole-position\/"},"author":{"name":"admin","@id":"https:\/\/lasentinelle.dz\/#\/schema\/person\/729ee0024f24e0b8c5ec17232f8e8b41"},"headline":"La course \u00e0 la pr\u00e9sidence de la LFP est lanc\u00e9e : Mesloug en pole position","datePublished":"2025-01-28T10:21:13+00:00","dateModified":"2025-01-28T10:21:14+00:00","mainEntityOfPage":{"@id":"https:\/\/lasentinelle.dz\/index.php\/2025\/01\/28\/la-course-a-la-presidence-de-la-lfp-est-lancee-mesloug-en-pole-position\/"},"wordCount":403,"commentCount":0,"publisher":{"@id":"https:\/\/lasentinelle.dz\/#organization"},"image":{"@id":"https:\/\/lasentinelle.dz\/index.php\/2025\/01\/28\/la-course-a-la-presidence-de-la-lfp-est-lancee-mesloug-en-pole-position\/#primaryimage"},"thumbnailUrl":"https:\/\/lasentinelle.dz\/wp-content\/uploads\/2023\/02\/LFP.jpeg","articleSection":["Sports"],"inLanguage":"fr-FR","potentialAction":[{"@type":"CommentAction","name":"Comment","target":["https:\/\/lasentinelle.dz\/index.php\/2025\/01\/28\/la-course-a-la-presidence-de-la-lfp-est-lancee-mesloug-en-pole-position\/#respond"]}]},{"@type":"WebPage","@id":"https:\/\/lasentinelle.dz\/index.php\/2025\/01\/28\/la-course-a-la-presidence-de-la-lfp-est-lancee-mesloug-en-pole-position\/","url":"https:\/\/lasentinelle.dz\/index.php\/2025\/01\/28\/la-course-a-la-presidence-de-la-lfp-est-lancee-mesloug-en-pole-position\/","name":"La course \u00e0 la pr\u00e9sidence de la LFP est lanc\u00e9e : Mesloug en pole position - La Sentinelle","isPartOf":{"@id":"https:\/\/lasentinelle.dz\/#website"},"primaryImageOfPage":{"@id":"https:\/\/lasentinelle.dz\/index.php\/2025\/01\/28\/la-course-a-la-presidence-de-la-lfp-est-lancee-mesloug-en-pole-position\/#primaryimage"},"image":{"@id":"https:\/\/lasentinelle.dz\/index.php\/2025\/01\/28\/la-course-a-la-presidence-de-la-lfp-est-lancee-mesloug-en-pole-position\/#primaryimage"},"thumbnailUrl":"https:\/\/lasentinelle.dz\/wp-content\/uploads\/2023\/02\/LFP.jpeg","datePublished":"2025-01-28T10:21:13+00:00","dateModified":"2025-01-28T10:21:14+00:00","breadcrumb":{"@id":"https:\/\/lasentinelle.dz\/index.php\/2025\/01\/28\/la-course-a-la-presidence-de-la-lfp-est-lancee-mesloug-en-pole-position\/#breadcrumb"},"inLanguage":"fr-FR","potentialAction":[{"@type":"ReadAction","target":["https:\/\/lasentinelle.dz\/index.php\/2025\/01\/28\/la-course-a-la-presidence-de-la-lfp-est-lancee-mesloug-en-pole-position\/"]}]},{"@type":"ImageObject","inLanguage":"fr-FR","@id":"https:\/\/lasentinelle.dz\/index.php\/2025\/01\/28\/la-course-a-la-presidence-de-la-lfp-est-lancee-mesloug-en-pole-position\/#primaryimage","url":"https:\/\/lasentinelle.dz\/wp-content\/uploads\/2023\/02\/LFP.jpeg","contentUrl":"https:\/\/lasentinelle.dz\/wp-content\/uploads\/2023\/02\/LFP.jpeg","width":811,"height":541},{"@type":"BreadcrumbList","@id":"https:\/\/lasentinelle.dz\/index.php\/2025\/01\/28\/la-course-a-la-presidence-de-la-lfp-est-lancee-mesloug-en-pole-position\/#breadcrumb","itemListElement":[{"@type":"ListItem","position":1,"name":"Accueil","item":"https:\/\/lasentinelle.dz\/"},{"@type":"ListItem","position":2,"name":"La course \u00e0 la pr\u00e9sidence de la LFP est lanc\u00e9e : Mesloug en pole position"}]},{"@type":"WebSite","@id":"https:\/\/lasentinelle.dz\/#website","url":"https:\/\/lasentinelle.dz\/","name":"La Sentinelle","description":"Quotidien national d&#039;information","publisher":{"@id":"https:\/\/lasentinelle.dz\/#organization"},"potentialAction":[{"@type":"SearchAction","target":{"@type":"EntryPoint","urlTemplate":"https:\/\/lasentinelle.dz\/?s={search_term_string}"},"query-input":{"@type":"PropertyValueSpecification","valueRequired":true,"valueName":"search_term_string"}}],"inLanguage":"fr-FR"},{"@type":"Organization","@id":"https:\/\/lasentinelle.dz\/#organization","name":"Quotidien La Sentinelle","url":"https:\/\/lasentinelle.dz\/","logo":{"@type":"ImageObject","inLanguage":"fr-FR","@id":"https:\/\/lasentinelle.dz\/#\/schema\/logo\/image\/","url":"https:\/\/lasentinelle.dz\/wp-content\/uploads\/2021\/09\/logo-sentinelleSLOGAN-1.png","contentUrl":"https:\/\/lasentinelle.dz\/wp-content\/uploads\/2021\/09\/logo-sentinelleSLOGAN-1.png","width":615,"height":142,"caption":"Quotidien La Sentinelle"},"image":{"@id":"https:\/\/lasentinelle.dz\/#\/schema\/logo\/image\/"},"sameAs":["https:\/\/www.facebook.com\/La-Sentinelle-104059864394773"]},{"@type":"Person","@id":"https:\/\/lasentinelle.dz\/#\/schema\/person\/729ee0024f24e0b8c5ec17232f8e8b41","name":"admin","image":{"@type":"ImageObject","inLanguage":"fr-FR","@id":"https:\/\/secure.gravatar.com\/avatar\/4c81fed838786e9b53f540bf46533e750f5d292099ae3b66cfc6fb1982e29df7?s=96&d=mm&r=g","url":"https:\/\/secure.gravatar.com\/avatar\/4c81fed838786e9b53f540bf46533e750f5d292099ae3b66cfc6fb1982e29df7?s=96&d=mm&r=g","contentUrl":"https:\/\/secure.gravatar.com\/avatar\/4c81fed838786e9b53f540bf46533e750f5d292099ae3b66cfc6fb1982e29df7?s=96&d=mm&r=g","caption":"admin"},"description":"admin","url":"https:\/\/lasentinelle.dz\/author\/admin\/"}]}},"_links":{"self":[{"href":"https:\/\/lasentinelle.dz\/index.php\/wp-json\/wp\/v2\/posts\/62167","targetHints":{"allow":["GET"]}}],"collection":[{"href":"https:\/\/lasentinelle.dz\/index.php\/wp-json\/wp\/v2\/posts"}],"about":[{"href":"https:\/\/lasentinelle.dz\/index.php\/wp-json\/wp\/v2\/types\/post"}],"author":[{"embeddable":true,"href":"https:\/\/lasentinelle.dz\/index.php\/wp-json\/wp\/v2\/users\/6"}],"replies":[{"embeddable":true,"href":"https:\/\/lasentinelle.dz\/index.php\/wp-json\/wp\/v2\/comments?post=62167"}],"version-history":[{"count":1,"href":"https:\/\/lasentinelle.dz\/index.php\/wp-json\/wp\/v2\/posts\/62167\/revisions"}],"predecessor-version":[{"id":62168,"href":"https:\/\/lasentinelle.dz\/index.php\/wp-json\/wp\/v2\/posts\/62167\/revisions\/62168"}],"wp:featuredmedia":[{"embeddable":true,"href":"https:\/\/lasentinelle.dz\/index.php\/wp-json\/wp\/v2\/media\/35498"}],"wp:attachment":[{"href":"https:\/\/lasentinelle.dz\/index.php\/wp-json\/wp\/v2\/media?parent=62167"}],"wp:term":[{"taxonomy":"category","embeddable":true,"href":"https:\/\/lasentinelle.dz\/index.php\/wp-json\/wp\/v2\/categories?post=62167"},{"taxonomy":"post_tag","embeddable":true,"href":"https:\/\/lasentinelle.dz\/index.php\/wp-json\/wp\/v2\/tags?post=62167"}],"curies":[{"name":"wp","href":"https:\/\/api.w.org\/{rel}","templated":true}]}}