{"id":62183,"date":"2025-01-28T11:30:38","date_gmt":"2025-01-28T10:30:38","guid":{"rendered":"https:\/\/lasentinelle.dz\/?p=62183"},"modified":"2025-01-28T11:30:38","modified_gmt":"2025-01-28T10:30:38","slug":"rd-congo-les-rebelles-du-m23-dans-le-centre-de-goma","status":"publish","type":"post","link":"https:\/\/lasentinelle.dz\/index.php\/2025\/01\/28\/rd-congo-les-rebelles-du-m23-dans-le-centre-de-goma\/","title":{"rendered":"RD Congo: Les rebelles du M23 dans le centre de Goma"},"content":{"rendered":"\n<p>La situation en R\u00e9publique d\u00e9mocratique du Congo (RDC) conna\u00eet une escalade majeure alors que les rebelles du M23, soutenus par le Rwanda selon les experts de l&rsquo;ONU, sont entr\u00e9s hier &nbsp;dans le centre de Goma, principale ville de l&rsquo;est du pays. Cette avanc\u00e9e significative des forces rebelles, qui s&rsquo;inscrit dans un conflit durant depuis trois ans, fait craindre une extension r\u00e9gionale du conflit et une aggravation de l&rsquo;une des pires crises humanitaires au monde.<\/p>\n\n\n\n<p>Des t\u00e9moignages rapportent des \u00e9changes de tirs pr\u00e8s de l&rsquo;a\u00e9roport, du centre-ville et de la fronti\u00e8re avec le Rwanda, tandis que des affrontements se poursuivent entre miliciens pro-gouvernementaux et combattants du M23. Deux sources onusiennes confirment des \u00e9changes de tirs entre les troupes de la RDC et du Rwanda \u00e0 leur fronti\u00e8re commune pr\u00e8s de Goma. Si l&rsquo;a\u00e9roport reste sous contr\u00f4le de l&rsquo;arm\u00e9e selon l&rsquo;Autorit\u00e9 du transport a\u00e9rien en RDC, la situation demeure confuse avec des cas de pillages signal\u00e9s. Corneille Nangaa, chef de l&rsquo;Alliance du fleuve Congo, une composante du M23, affirme que ses forces contr\u00f4lent Goma et que des soldats de l&rsquo;arm\u00e9e se rendent progressivement, une information corrobor\u00e9e partiellement par l&rsquo;arm\u00e9e uruguayenne qui confirme la reddition de 100 soldats congolais aux troupes de la mission de maintien de la paix de l&rsquo;ONU (Monusco). Face \u00e0 cette d\u00e9t\u00e9rioration de la situation, le personnel de la Monusco et leurs familles ont \u00e9t\u00e9 \u00e9vacu\u00e9s vers le Rwanda. Le conflit a d\u00e9j\u00e0 forc\u00e9 des centaines de milliers de personnes \u00e0 fuir leurs foyers, s&rsquo;ajoutant aux trois millions de d\u00e9plac\u00e9s recens\u00e9s en 2024. Les experts de l&rsquo;ONU estiment que le Rwanda a d\u00e9ploy\u00e9 entre 3.000 et 4.000 soldats et fourni un soutien militaire cons\u00e9quent au M23, incluant missiles et tireurs d&rsquo;\u00e9lite. Dans ce contexte, la position du groupe A3+ (Alg\u00e9rie, Somalie, Sierra Leone et Guyana) au Conseil de s\u00e9curit\u00e9 de l&rsquo;ONU rev\u00eat une importance particuli\u00e8re. Par la voix de l&rsquo;ambassadeur Michael Imran Kanu, le groupe a appel\u00e9 dimanche \u00e0 une solution politique au conflit, insistant sur le respect de la souverainet\u00e9 et de l&rsquo;int\u00e9grit\u00e9 territoriale de la RDC. Le groupe condamne fermement les attaques contre les Casques bleus et le personnel militaire de la Sami-RDC, tout en saluant l&rsquo;action de la Monusco dans la protection des civils. Les A3+ soulignent l&rsquo;urgence de prot\u00e9ger les millions de civils congolais et exhortent la Monusco \u00e0 poursuivre la protection de la population et des infrastructures essentielles \u00e0 Goma. Le groupe appelle \u00e9galement \u00e0 la cessation des hostilit\u00e9s par le M23 et invite le gouvernement de la RDC \u00e0 collaborer de bonne foi avec toutes les parties concern\u00e9es. Un accent particulier est mis sur la n\u00e9cessit\u00e9 de reprendre les discussions diplomatiques entre la RDC et le Rwanda dans le cadre du processus de Luanda, notamment concernant la neutralisation des Forces d\u00e9mocratiques de lib\u00e9ration du Rwanda (FDLR). Le groupe demande express\u00e9ment l&rsquo;arr\u00eat de tout soutien au M23, consid\u00e9rant que celui-ci compromet la paix et la stabilit\u00e9 \u00e0 long terme de la r\u00e9gion. Face \u00e0 l&rsquo;ampleur de la crise humanitaire, avec 6,5 millions de personnes d\u00e9plac\u00e9es dont 34.000 r\u00e9cemment, 290 civils bless\u00e9s et 400.000 enfants d\u00e9scolaris\u00e9s, une initiative diplomatique r\u00e9gionale se dessine. Le pr\u00e9sident k\u00e9nyan William Ruto, qui assure la pr\u00e9sidence de la Communaut\u00e9 des \u00c9tats d&rsquo;Afrique de l&rsquo;Est (EAC), a annonc\u00e9 la tenue d&rsquo;un sommet extraordinaire dans les 48 heures, avec la participation confirm\u00e9e des pr\u00e9sidents F\u00e9lix Tshisekedi et Paul Kagame. Cette rencontre intervient alors que Kigali affirme adopter une \u00ab\u00a0posture d\u00e9fensive durable\u00a0\u00bb face \u00e0 l&rsquo;\u00e9volution des combats, soulignant l&rsquo;urgence de revitaliser les processus de paix de Luanda et de Nairobi. Le dernier cessez-le-feu, sign\u00e9 fin juillet, n&rsquo;a pas tenu, \u00e0 l&rsquo;instar des pr\u00e9c\u00e9dentes tentatives de tr\u00eave, illustrant la complexit\u00e9 d&rsquo;une situation qui menace la stabilit\u00e9 de toute la r\u00e9gion des Grands Lacs.<\/p>\n\n\n\n<p>Lyes Sa\u00efdi<\/p>\n","protected":false},"excerpt":{"rendered":"<p>La situation en R\u00e9publique d\u00e9mocratique du Congo (RDC) conna\u00eet une escalade majeure alors que les rebelles du M23, soutenus par<\/p>\n","protected":false},"author":6,"featured_media":62184,"comment_status":"open","ping_status":"closed","sticky":false,"template":"","format":"standard","meta":{"colormag_page_container_layout":"default_layout","colormag_page_sidebar_layout":"default_layout","om_disable_all_campaigns":false,"_monsterinsights_skip_tracking":false,"_monsterinsights_sitenote_active":false,"_monsterinsights_sitenote_note":"","_monsterinsights_sitenote_category":0,"footnotes":"","_wpscppro_dont_share_socialmedia":false,"_wpscppro_custom_social_share_image":0,"_facebook_share_type":"default","_twitter_share_type":"default","_linkedin_share_type":"default","_pinterest_share_type":"default","_linkedin_share_type_page":"","_instagram_share_type":"default","_medium_share_type":"default","_threads_share_type":"","_google_business_share_type":"","_selected_social_profile":[],"_wpsp_enable_custom_social_template":false,"_wpsp_social_scheduling":{"enabled":false,"datetime":null,"platforms":[],"status":"template_only","dateOption":"today","timeOption":"now","customDays":"","customHours":"","customDate":"","customTime":"","schedulingType":"absolute"},"_wpsp_active_default_template":true},"categories":[37],"tags":[],"class_list":["post-62183","post","type-post","status-publish","format-standard","has-post-thumbnail","hentry","category-monde"],"aioseo_notices":[],"yoast_head":"<!-- This site is optimized with the Yoast SEO plugin v27.5 - https:\/\/yoast.com\/product\/yoast-seo-wordpress\/ -->\n<title>RD Congo: Les rebelles du M23 dans le centre de Goma - La Sentinelle<\/title>\n<meta name=\"robots\" content=\"index, follow, max-snippet:-1, max-image-preview:large, max-video-preview:-1\" \/>\n<link rel=\"canonical\" href=\"https:\/\/lasentinelle.dz\/index.php\/2025\/01\/28\/rd-congo-les-rebelles-du-m23-dans-le-centre-de-goma\/\" \/>\n<meta property=\"og:locale\" content=\"fr_FR\" \/>\n<meta property=\"og:type\" content=\"article\" \/>\n<meta property=\"og:title\" content=\"RD Congo: Les rebelles du M23 dans le centre de Goma - La Sentinelle\" \/>\n<meta property=\"og:description\" content=\"La situation en R\u00e9publique d\u00e9mocratique du Congo (RDC) conna\u00eet une escalade majeure alors que les rebelles du M23, soutenus par\" \/>\n<meta property=\"og:url\" content=\"https:\/\/lasentinelle.dz\/index.php\/2025\/01\/28\/rd-congo-les-rebelles-du-m23-dans-le-centre-de-goma\/\" \/>\n<meta property=\"og:site_name\" content=\"La Sentinelle\" \/>\n<meta property=\"article:publisher\" content=\"https:\/\/www.facebook.com\/La-Sentinelle-104059864394773\" \/>\n<meta property=\"article:published_time\" content=\"2025-01-28T10:30:38+00:00\" \/>\n<meta name=\"author\" content=\"admin\" \/>\n<meta name=\"twitter:card\" content=\"summary_large_image\" \/>\n<meta name=\"twitter:label1\" content=\"\u00c9crit par\" \/>\n\t<meta name=\"twitter:data1\" content=\"admin\" \/>\n\t<meta name=\"twitter:label2\" content=\"Dur\u00e9e de lecture estim\u00e9e\" \/>\n\t<meta name=\"twitter:data2\" content=\"4 minutes\" \/>\n<script type=\"application\/ld+json\" class=\"yoast-schema-graph\">{\"@context\":\"https:\\\/\\\/schema.org\",\"@graph\":[{\"@type\":\"Article\",\"@id\":\"https:\\\/\\\/lasentinelle.dz\\\/index.php\\\/2025\\\/01\\\/28\\\/rd-congo-les-rebelles-du-m23-dans-le-centre-de-goma\\\/#article\",\"isPartOf\":{\"@id\":\"https:\\\/\\\/lasentinelle.dz\\\/index.php\\\/2025\\\/01\\\/28\\\/rd-congo-les-rebelles-du-m23-dans-le-centre-de-goma\\\/\"},\"author\":{\"name\":\"admin\",\"@id\":\"https:\\\/\\\/lasentinelle.dz\\\/#\\\/schema\\\/person\\\/729ee0024f24e0b8c5ec17232f8e8b41\"},\"headline\":\"RD Congo: Les rebelles du M23 dans le centre de Goma\",\"datePublished\":\"2025-01-28T10:30:38+00:00\",\"mainEntityOfPage\":{\"@id\":\"https:\\\/\\\/lasentinelle.dz\\\/index.php\\\/2025\\\/01\\\/28\\\/rd-congo-les-rebelles-du-m23-dans-le-centre-de-goma\\\/\"},\"wordCount\":706,\"commentCount\":0,\"publisher\":{\"@id\":\"https:\\\/\\\/lasentinelle.dz\\\/#organization\"},\"image\":{\"@id\":\"https:\\\/\\\/lasentinelle.dz\\\/index.php\\\/2025\\\/01\\\/28\\\/rd-congo-les-rebelles-du-m23-dans-le-centre-de-goma\\\/#primaryimage\"},\"thumbnailUrl\":\"https:\\\/\\\/lasentinelle.dz\\\/wp-content\\\/uploads\\\/2025\\\/01\\\/goma.avif\",\"articleSection\":[\"Monde\"],\"inLanguage\":\"fr-FR\",\"potentialAction\":[{\"@type\":\"CommentAction\",\"name\":\"Comment\",\"target\":[\"https:\\\/\\\/lasentinelle.dz\\\/index.php\\\/2025\\\/01\\\/28\\\/rd-congo-les-rebelles-du-m23-dans-le-centre-de-goma\\\/#respond\"]}]},{\"@type\":\"WebPage\",\"@id\":\"https:\\\/\\\/lasentinelle.dz\\\/index.php\\\/2025\\\/01\\\/28\\\/rd-congo-les-rebelles-du-m23-dans-le-centre-de-goma\\\/\",\"url\":\"https:\\\/\\\/lasentinelle.dz\\\/index.php\\\/2025\\\/01\\\/28\\\/rd-congo-les-rebelles-du-m23-dans-le-centre-de-goma\\\/\",\"name\":\"RD Congo: Les rebelles du M23 dans le centre de Goma - La Sentinelle\",\"isPartOf\":{\"@id\":\"https:\\\/\\\/lasentinelle.dz\\\/#website\"},\"primaryImageOfPage\":{\"@id\":\"https:\\\/\\\/lasentinelle.dz\\\/index.php\\\/2025\\\/01\\\/28\\\/rd-congo-les-rebelles-du-m23-dans-le-centre-de-goma\\\/#primaryimage\"},\"image\":{\"@id\":\"https:\\\/\\\/lasentinelle.dz\\\/index.php\\\/2025\\\/01\\\/28\\\/rd-congo-les-rebelles-du-m23-dans-le-centre-de-goma\\\/#primaryimage\"},\"thumbnailUrl\":\"https:\\\/\\\/lasentinelle.dz\\\/wp-content\\\/uploads\\\/2025\\\/01\\\/goma.avif\",\"datePublished\":\"2025-01-28T10:30:38+00:00\",\"breadcrumb\":{\"@id\":\"https:\\\/\\\/lasentinelle.dz\\\/index.php\\\/2025\\\/01\\\/28\\\/rd-congo-les-rebelles-du-m23-dans-le-centre-de-goma\\\/#breadcrumb\"},\"inLanguage\":\"fr-FR\",\"potentialAction\":[{\"@type\":\"ReadAction\",\"target\":[\"https:\\\/\\\/lasentinelle.dz\\\/index.php\\\/2025\\\/01\\\/28\\\/rd-congo-les-rebelles-du-m23-dans-le-centre-de-goma\\\/\"]}]},{\"@type\":\"ImageObject\",\"inLanguage\":\"fr-FR\",\"@id\":\"https:\\\/\\\/lasentinelle.dz\\\/index.php\\\/2025\\\/01\\\/28\\\/rd-congo-les-rebelles-du-m23-dans-le-centre-de-goma\\\/#primaryimage\",\"url\":\"https:\\\/\\\/lasentinelle.dz\\\/wp-content\\\/uploads\\\/2025\\\/01\\\/goma.avif\",\"contentUrl\":\"https:\\\/\\\/lasentinelle.dz\\\/wp-content\\\/uploads\\\/2025\\\/01\\\/goma.avif\",\"width\":664,\"height\":443},{\"@type\":\"BreadcrumbList\",\"@id\":\"https:\\\/\\\/lasentinelle.dz\\\/index.php\\\/2025\\\/01\\\/28\\\/rd-congo-les-rebelles-du-m23-dans-le-centre-de-goma\\\/#breadcrumb\",\"itemListElement\":[{\"@type\":\"ListItem\",\"position\":1,\"name\":\"Accueil\",\"item\":\"https:\\\/\\\/lasentinelle.dz\\\/\"},{\"@type\":\"ListItem\",\"position\":2,\"name\":\"RD Congo: Les rebelles du M23 dans le centre de Goma\"}]},{\"@type\":\"WebSite\",\"@id\":\"https:\\\/\\\/lasentinelle.dz\\\/#website\",\"url\":\"https:\\\/\\\/lasentinelle.dz\\\/\",\"name\":\"La Sentinelle\",\"description\":\"Quotidien national d&#039;information\",\"publisher\":{\"@id\":\"https:\\\/\\\/lasentinelle.dz\\\/#organization\"},\"potentialAction\":[{\"@type\":\"SearchAction\",\"target\":{\"@type\":\"EntryPoint\",\"urlTemplate\":\"https:\\\/\\\/lasentinelle.dz\\\/?s={search_term_string}\"},\"query-input\":{\"@type\":\"PropertyValueSpecification\",\"valueRequired\":true,\"valueName\":\"search_term_string\"}}],\"inLanguage\":\"fr-FR\"},{\"@type\":\"Organization\",\"@id\":\"https:\\\/\\\/lasentinelle.dz\\\/#organization\",\"name\":\"Quotidien La Sentinelle\",\"url\":\"https:\\\/\\\/lasentinelle.dz\\\/\",\"logo\":{\"@type\":\"ImageObject\",\"inLanguage\":\"fr-FR\",\"@id\":\"https:\\\/\\\/lasentinelle.dz\\\/#\\\/schema\\\/logo\\\/image\\\/\",\"url\":\"https:\\\/\\\/lasentinelle.dz\\\/wp-content\\\/uploads\\\/2021\\\/09\\\/logo-sentinelleSLOGAN-1.png\",\"contentUrl\":\"https:\\\/\\\/lasentinelle.dz\\\/wp-content\\\/uploads\\\/2021\\\/09\\\/logo-sentinelleSLOGAN-1.png\",\"width\":615,\"height\":142,\"caption\":\"Quotidien La Sentinelle\"},\"image\":{\"@id\":\"https:\\\/\\\/lasentinelle.dz\\\/#\\\/schema\\\/logo\\\/image\\\/\"},\"sameAs\":[\"https:\\\/\\\/www.facebook.com\\\/La-Sentinelle-104059864394773\"]},{\"@type\":\"Person\",\"@id\":\"https:\\\/\\\/lasentinelle.dz\\\/#\\\/schema\\\/person\\\/729ee0024f24e0b8c5ec17232f8e8b41\",\"name\":\"admin\",\"image\":{\"@type\":\"ImageObject\",\"inLanguage\":\"fr-FR\",\"@id\":\"https:\\\/\\\/secure.gravatar.com\\\/avatar\\\/4c81fed838786e9b53f540bf46533e750f5d292099ae3b66cfc6fb1982e29df7?s=96&d=mm&r=g\",\"url\":\"https:\\\/\\\/secure.gravatar.com\\\/avatar\\\/4c81fed838786e9b53f540bf46533e750f5d292099ae3b66cfc6fb1982e29df7?s=96&d=mm&r=g\",\"contentUrl\":\"https:\\\/\\\/secure.gravatar.com\\\/avatar\\\/4c81fed838786e9b53f540bf46533e750f5d292099ae3b66cfc6fb1982e29df7?s=96&d=mm&r=g\",\"caption\":\"admin\"},\"description\":\"admin\",\"url\":\"https:\\\/\\\/lasentinelle.dz\\\/author\\\/admin\\\/\"}]}<\/script>\n<!-- \/ Yoast SEO plugin. -->","yoast_head_json":{"title":"RD Congo: Les rebelles du M23 dans le centre de Goma - La Sentinelle","robots":{"index":"index","follow":"follow","max-snippet":"max-snippet:-1","max-image-preview":"max-image-preview:large","max-video-preview":"max-video-preview:-1"},"canonical":"https:\/\/lasentinelle.dz\/index.php\/2025\/01\/28\/rd-congo-les-rebelles-du-m23-dans-le-centre-de-goma\/","og_locale":"fr_FR","og_type":"article","og_title":"RD Congo: Les rebelles du M23 dans le centre de Goma - La Sentinelle","og_description":"La situation en R\u00e9publique d\u00e9mocratique du Congo (RDC) conna\u00eet une escalade majeure alors que les rebelles du M23, soutenus par","og_url":"https:\/\/lasentinelle.dz\/index.php\/2025\/01\/28\/rd-congo-les-rebelles-du-m23-dans-le-centre-de-goma\/","og_site_name":"La Sentinelle","article_publisher":"https:\/\/www.facebook.com\/La-Sentinelle-104059864394773","article_published_time":"2025-01-28T10:30:38+00:00","author":"admin","twitter_card":"summary_large_image","twitter_misc":{"\u00c9crit par":"admin","Dur\u00e9e de lecture estim\u00e9e":"4 minutes"},"schema":{"@context":"https:\/\/schema.org","@graph":[{"@type":"Article","@id":"https:\/\/lasentinelle.dz\/index.php\/2025\/01\/28\/rd-congo-les-rebelles-du-m23-dans-le-centre-de-goma\/#article","isPartOf":{"@id":"https:\/\/lasentinelle.dz\/index.php\/2025\/01\/28\/rd-congo-les-rebelles-du-m23-dans-le-centre-de-goma\/"},"author":{"name":"admin","@id":"https:\/\/lasentinelle.dz\/#\/schema\/person\/729ee0024f24e0b8c5ec17232f8e8b41"},"headline":"RD Congo: Les rebelles du M23 dans le centre de Goma","datePublished":"2025-01-28T10:30:38+00:00","mainEntityOfPage":{"@id":"https:\/\/lasentinelle.dz\/index.php\/2025\/01\/28\/rd-congo-les-rebelles-du-m23-dans-le-centre-de-goma\/"},"wordCount":706,"commentCount":0,"publisher":{"@id":"https:\/\/lasentinelle.dz\/#organization"},"image":{"@id":"https:\/\/lasentinelle.dz\/index.php\/2025\/01\/28\/rd-congo-les-rebelles-du-m23-dans-le-centre-de-goma\/#primaryimage"},"thumbnailUrl":"https:\/\/lasentinelle.dz\/wp-content\/uploads\/2025\/01\/goma.avif","articleSection":["Monde"],"inLanguage":"fr-FR","potentialAction":[{"@type":"CommentAction","name":"Comment","target":["https:\/\/lasentinelle.dz\/index.php\/2025\/01\/28\/rd-congo-les-rebelles-du-m23-dans-le-centre-de-goma\/#respond"]}]},{"@type":"WebPage","@id":"https:\/\/lasentinelle.dz\/index.php\/2025\/01\/28\/rd-congo-les-rebelles-du-m23-dans-le-centre-de-goma\/","url":"https:\/\/lasentinelle.dz\/index.php\/2025\/01\/28\/rd-congo-les-rebelles-du-m23-dans-le-centre-de-goma\/","name":"RD Congo: Les rebelles du M23 dans le centre de Goma - La Sentinelle","isPartOf":{"@id":"https:\/\/lasentinelle.dz\/#website"},"primaryImageOfPage":{"@id":"https:\/\/lasentinelle.dz\/index.php\/2025\/01\/28\/rd-congo-les-rebelles-du-m23-dans-le-centre-de-goma\/#primaryimage"},"image":{"@id":"https:\/\/lasentinelle.dz\/index.php\/2025\/01\/28\/rd-congo-les-rebelles-du-m23-dans-le-centre-de-goma\/#primaryimage"},"thumbnailUrl":"https:\/\/lasentinelle.dz\/wp-content\/uploads\/2025\/01\/goma.avif","datePublished":"2025-01-28T10:30:38+00:00","breadcrumb":{"@id":"https:\/\/lasentinelle.dz\/index.php\/2025\/01\/28\/rd-congo-les-rebelles-du-m23-dans-le-centre-de-goma\/#breadcrumb"},"inLanguage":"fr-FR","potentialAction":[{"@type":"ReadAction","target":["https:\/\/lasentinelle.dz\/index.php\/2025\/01\/28\/rd-congo-les-rebelles-du-m23-dans-le-centre-de-goma\/"]}]},{"@type":"ImageObject","inLanguage":"fr-FR","@id":"https:\/\/lasentinelle.dz\/index.php\/2025\/01\/28\/rd-congo-les-rebelles-du-m23-dans-le-centre-de-goma\/#primaryimage","url":"https:\/\/lasentinelle.dz\/wp-content\/uploads\/2025\/01\/goma.avif","contentUrl":"https:\/\/lasentinelle.dz\/wp-content\/uploads\/2025\/01\/goma.avif","width":664,"height":443},{"@type":"BreadcrumbList","@id":"https:\/\/lasentinelle.dz\/index.php\/2025\/01\/28\/rd-congo-les-rebelles-du-m23-dans-le-centre-de-goma\/#breadcrumb","itemListElement":[{"@type":"ListItem","position":1,"name":"Accueil","item":"https:\/\/lasentinelle.dz\/"},{"@type":"ListItem","position":2,"name":"RD Congo: Les rebelles du M23 dans le centre de Goma"}]},{"@type":"WebSite","@id":"https:\/\/lasentinelle.dz\/#website","url":"https:\/\/lasentinelle.dz\/","name":"La Sentinelle","description":"Quotidien national d&#039;information","publisher":{"@id":"https:\/\/lasentinelle.dz\/#organization"},"potentialAction":[{"@type":"SearchAction","target":{"@type":"EntryPoint","urlTemplate":"https:\/\/lasentinelle.dz\/?s={search_term_string}"},"query-input":{"@type":"PropertyValueSpecification","valueRequired":true,"valueName":"search_term_string"}}],"inLanguage":"fr-FR"},{"@type":"Organization","@id":"https:\/\/lasentinelle.dz\/#organization","name":"Quotidien La Sentinelle","url":"https:\/\/lasentinelle.dz\/","logo":{"@type":"ImageObject","inLanguage":"fr-FR","@id":"https:\/\/lasentinelle.dz\/#\/schema\/logo\/image\/","url":"https:\/\/lasentinelle.dz\/wp-content\/uploads\/2021\/09\/logo-sentinelleSLOGAN-1.png","contentUrl":"https:\/\/lasentinelle.dz\/wp-content\/uploads\/2021\/09\/logo-sentinelleSLOGAN-1.png","width":615,"height":142,"caption":"Quotidien La Sentinelle"},"image":{"@id":"https:\/\/lasentinelle.dz\/#\/schema\/logo\/image\/"},"sameAs":["https:\/\/www.facebook.com\/La-Sentinelle-104059864394773"]},{"@type":"Person","@id":"https:\/\/lasentinelle.dz\/#\/schema\/person\/729ee0024f24e0b8c5ec17232f8e8b41","name":"admin","image":{"@type":"ImageObject","inLanguage":"fr-FR","@id":"https:\/\/secure.gravatar.com\/avatar\/4c81fed838786e9b53f540bf46533e750f5d292099ae3b66cfc6fb1982e29df7?s=96&d=mm&r=g","url":"https:\/\/secure.gravatar.com\/avatar\/4c81fed838786e9b53f540bf46533e750f5d292099ae3b66cfc6fb1982e29df7?s=96&d=mm&r=g","contentUrl":"https:\/\/secure.gravatar.com\/avatar\/4c81fed838786e9b53f540bf46533e750f5d292099ae3b66cfc6fb1982e29df7?s=96&d=mm&r=g","caption":"admin"},"description":"admin","url":"https:\/\/lasentinelle.dz\/author\/admin\/"}]}},"_links":{"self":[{"href":"https:\/\/lasentinelle.dz\/index.php\/wp-json\/wp\/v2\/posts\/62183","targetHints":{"allow":["GET"]}}],"collection":[{"href":"https:\/\/lasentinelle.dz\/index.php\/wp-json\/wp\/v2\/posts"}],"about":[{"href":"https:\/\/lasentinelle.dz\/index.php\/wp-json\/wp\/v2\/types\/post"}],"author":[{"embeddable":true,"href":"https:\/\/lasentinelle.dz\/index.php\/wp-json\/wp\/v2\/users\/6"}],"replies":[{"embeddable":true,"href":"https:\/\/lasentinelle.dz\/index.php\/wp-json\/wp\/v2\/comments?post=62183"}],"version-history":[{"count":1,"href":"https:\/\/lasentinelle.dz\/index.php\/wp-json\/wp\/v2\/posts\/62183\/revisions"}],"predecessor-version":[{"id":62185,"href":"https:\/\/lasentinelle.dz\/index.php\/wp-json\/wp\/v2\/posts\/62183\/revisions\/62185"}],"wp:featuredmedia":[{"embeddable":true,"href":"https:\/\/lasentinelle.dz\/index.php\/wp-json\/wp\/v2\/media\/62184"}],"wp:attachment":[{"href":"https:\/\/lasentinelle.dz\/index.php\/wp-json\/wp\/v2\/media?parent=62183"}],"wp:term":[{"taxonomy":"category","embeddable":true,"href":"https:\/\/lasentinelle.dz\/index.php\/wp-json\/wp\/v2\/categories?post=62183"},{"taxonomy":"post_tag","embeddable":true,"href":"https:\/\/lasentinelle.dz\/index.php\/wp-json\/wp\/v2\/tags?post=62183"}],"curies":[{"name":"wp","href":"https:\/\/api.w.org\/{rel}","templated":true}]}}