{"id":62186,"date":"2025-01-28T11:31:21","date_gmt":"2025-01-28T10:31:21","guid":{"rendered":"https:\/\/lasentinelle.dz\/?p=62186"},"modified":"2025-01-28T11:31:22","modified_gmt":"2025-01-28T10:31:22","slug":"rehabiliter-la-cour-des-comptes","status":"publish","type":"post","link":"https:\/\/lasentinelle.dz\/index.php\/2025\/01\/28\/rehabiliter-la-cour-des-comptes\/","title":{"rendered":"R\u00e9habiliter la Cour des comptes"},"content":{"rendered":"\n<p><strong>Par Abderrahmane Mebtoul<\/strong><\/p>\n\n\n\n<p><strong>Professeur des universit\u00e9s, docteur d\u2019Etat en sciences \u00e9conomiques 1974,- expert comptable de l\u2019Institut sup\u00e9rieur de gestion de Lille \u2013France, haut magistrat premier conseiller et directeur g\u00e9n\u00e9ral des \u00e9tudes \u00e9conomiques \u00e0 la Cour des Comptes 1980\/1983 <\/strong><strong>et ancien directeur d\u2019\u00e9tude <\/strong><strong>aux minist\u00e8re<\/strong><strong>s de l\u2019Industrie<\/strong><strong> et de l\u2019\u00c9nergie<\/strong><strong>.<\/strong><\/p>\n\n\n\n<p>La Cour des comptes, relevant directement du pr\u00e9sident de la R\u00e9publique \u00e0 l\u2019instar de la Banque d\u2019Alg\u00e9rie ne d\u00e9pend pas de l\u2019Ex\u00e9cutif, en relation avec l\u2019ensemble des services de s\u00e9curit\u00e9 et les autres organes de contr\u00f4le. Elle est selon la Constitution l\u2019institution supr\u00eame de contr\u00f4le des deniers publics.<\/p>\n\n\n\n<p>La Cour des comptes devra avoir pour mission essentielle de servir avant tout comme institution de conseil, de pr\u00e9vision et de correction afin de prot\u00e9ger les gestionnaires contre les d\u00e9lits d\u2019initi\u00e9s et non comme outil de coercition car lorsque le mal est fait cela est d\u00e9j\u00e0 trop tard . Elle doit viser \u00e0 favoriser une saine gestion et une utilisation performante des moyens et des ressources publics par les entit\u00e9s contr\u00f4l\u00e9es. Rappelons que d\u00e9j\u00e0 en novembre 2021, le pr\u00e9sident de la R\u00e9publique avait annonc\u00e9 au quotidien allemand Der Spiegel un plan de r\u00e9organisation de la Cour des comptes, afin de favoriser le syst\u00e8me de contr\u00f4le et de suivi des finances publiques conform\u00e9ment aux dispositions de la nouvelle Constitution, qui a \u00e9largi les pr\u00e9rogatives de la Cour des comptes.<\/p>\n\n\n\n<p>La Cour des comptes r\u00e9gie par l\u2019ordonnance du 17 juillet 1995, modifi\u00e9e et compl\u00e9t\u00e9e par l\u2019ordonnance du 26 ao\u00fbt 2010 ayant \u00e9t\u00e9 consacr\u00e9e dans la nouvelle Constitution, comme l\u2019organe supr\u00eame de contr\u00f4le des deniers publics (Journal officiel du 30 d\u00e9cembre 2020, portant r\u00e9vision constitutionnelle) . Ainsi, l\u2019article 199 stipule que la Cour des comptes est une institution sup\u00e9rieure de contr\u00f4le du patrimoine et des fonds publics, contribuant au d\u00e9veloppement de la bonne gouvernance, \u00e0 la transparence dans la gestion des finances publiques et \u00e0 la reddition des comptes. Le pr\u00e9sident de la R\u00e9publique nomme le pr\u00e9sident de la Cour des comptes pour un mandat de cinq ans renouvelable une seule fois qui lui adresse un rapport annuel. La loi d\u00e9termine les attributions, l\u2019organisation et le fonctionnement de la Cour des comptes et la sanction de ses investigations, ainsi que ses relations avec les autres structures de l\u2019\u00c9tat charg\u00e9es du contr\u00f4le et de l\u2019inspection. Institution sup\u00e9rieure du contr\u00f4le a posteriori des finances de l\u2019\u00c9tat \u00e0 comp\u00e9tence administrative et juridictionnelle, la Cour des comptes assiste le gouvernement et les deux chambres l\u00e9gislatives (APN et S\u00e9nat) dans le contr\u00f4le de l\u2019ex\u00e9cution des lois de finance, pouvant \u00eatre saisie par le pr\u00e9sident de la R\u00e9publique, le chef du gouvernement (actuellement le Premier ministre) ou tout pr\u00e9sident de groupe parlementaire pour \u00e9tudier des dossiers d\u2019importance nationale. Elle exerce un contr\u00f4le sur la gestion des soci\u00e9t\u00e9s, entreprises et organismes, quel que soit leur statut juridique, dans lesquels l\u2019\u00c9tat, les collectivit\u00e9s locales, les \u00e9tablissements, les entreprises ou autres organismes publics d\u00e9tiennent, conjointement ou s\u00e9par\u00e9ment, une participation majoritaire au capital ou un pouvoir pr\u00e9pond\u00e9rant de d\u00e9cision. Ainsi, la Cour des comptes s\u2019assurera de l\u2019existence, de la pertinence et de l\u2019effectivit\u00e9 des m\u00e9canismes et proc\u00e9dures de contr\u00f4le et d\u2019audit interne, charg\u00e9s de garantir la r\u00e9gularit\u00e9 de la gestion des ressources, la protection du patrimoine et des int\u00e9r\u00eats de l\u2019entreprise, ainsi que la tra\u00e7abilit\u00e9 des op\u00e9rations financi\u00e8res, comptables et patrimoniales r\u00e9alis\u00e9es. Il est pr\u00e9vu la consultation de la Cour des comptes dans l\u2019\u00e9laboration des avant-projets annuels de loi de finances et de r\u00e8glement budg\u00e9taire, et cette r\u00e9vision conf\u00e8re au pr\u00e9sident de la R\u00e9publique l\u2019attribution de saisir la Cour des comptes pour tout dossier d\u2019importance nationale, dont le renforcement de la pr\u00e9vention et de la lutte contre les diverses formes de fraude, de pratiques ill\u00e9gales ou illicites, portant atteinte au patrimoine et aux deniers publics. Cependant, il existe diff\u00e9rentes institutions de contr\u00f4le, outre l\u2019urgence de la modernisation des outils d\u2019information ma\u00eetrisant les nouvelles technologies, l\u2019IGF, d\u00e9pendante du minist\u00e8re des Finances, ou d\u2019autres institutions d\u00e9pendantes du minist\u00e8re de la Justice, d\u00e9pendent de l\u2019ex\u00e9cutif \u00e9tant juge et partie, ne pouvant \u00eatre impartial, sans compter l\u2019organe de lutte contre la corruption, d\u2019o\u00f9 l\u2019importance d\u2019une coordination sans faille, \u00e9vitant les t\u00e9lescopages, produit de rapports de forces contradictoires, qui ont nui par le pass\u00e9 au contr\u00f4le transparent et qui explique les nombreuses d\u00e9rives.<\/p>\n\n\n\n<p>Les proc\u00e9dures de la Cour des comptes doivent r\u00e9pondre aux normes internationales qui concernent notamment la longueur des proc\u00e9dures et des d\u00e9lais relatifs \u00e0 certaines prises de d\u00e9cision, la couverture limit\u00e9e des contr\u00f4les et la standardisation des m\u00e9thodes de travail. Selon les normes internationales, qui devraient s\u2019appliquer en Alg\u00e9rie, le contr\u00f4le de la qualit\u00e9 de gestion a pour finalit\u00e9 d\u2019appr\u00e9cier les conditions d\u2019utilisation et de gestion des fonds et valeurs g\u00e9r\u00e9s par les services de l\u2019\u00c9tat, les \u00e9tablissements et organismes publics et, enfin, l\u2019\u00e9valuation des projets, programmes et politiques publiques, la Cour des comptes participant \u00e0 l\u2019\u00e9valuation, au plan \u00e9conomique et financier, de l\u2019efficacit\u00e9 des actions, plans, programmes et mesures initi\u00e9es par les pouvoirs publics en vue de la r\u00e9alisation d\u2019objectifs d\u2019int\u00e9r\u00eat national et engag\u00e9s directement ou indirectement par les institutions de l\u2019\u00c9tat ou des organismes publics soumis \u00e0 son contr\u00f4le. Il s\u2019agit de poser les v\u00e9ritables probl\u00e8mes, pour une application efficace sur le terrain. La Cour des comptes, qui doit \u00e9viter cette vision r\u00e9pressive mais \u00eatre un garde-fou, une autorit\u00e9 morale par des contr\u00f4les r\u00e9guliers et des propositions, peut jouer son r\u00f4le de lutte contre la mauvaise gestion et la corruption qui touchent tant les entreprises que les services collectifs et les administrations. Le manque de transparence des comptes ne date pas d\u2019aujourd\u2019hui, mais depuis l\u2019ind\u00e9pendance. J\u2019ai eu \u00e0 le constater concr\u00e8tement lors des audits que j\u2019ai eu \u00e0 diriger, assist\u00e9 de nombreux experts et de cadres dirigeants d\u2019entreprises publiques entre 1974\/2016: sur Sonatrach entre 1974 et 1976, le bilan de l\u2019industrialisation 1977- 1978, le premier audit pour le comit\u00e9 central du FLN sur le secteur priv\u00e9 entre 1979 et 1980, au niveau de la cour des comptes, les contr\u00f4les sur les surestaries et les surco\u00fbts au niveau du BTPH en relation avec le minist\u00e8re de l\u2019Int\u00e9rieur, les 31 walis et le minist\u00e8re de l\u2019Habitat de l\u2019\u00e9poque o\u00f9 j\u2019ai eu l\u2019honneur de co pr\u00e9sider une r\u00e9union avec Mr Abdelmadjid Tebboune lorsqu\u2019il \u00e9tait alors Wali, l\u2019audit sur l\u2019emploi et les salaires pour le compte de la pr\u00e9sidence de la R\u00e9publique (2008), l\u2019audit, assist\u00e9 des cadres de Sonatrach, d\u2019experts ind\u00e9pendants et du bureau d\u2019\u00e9tudes Ernst &amp;-Young, \u201cle dossier des subventions des carburants -Minist\u00e8re \u00c9nergie, 8 volumes, 780 pages-Alger 2008\u201d,) le dossier P\u00e9trole et gaz de schiste, opportunit\u00e9s et risques et l\u2019audit sur la situation \u00e9conomique premier minist\u00e8re( 7 volumes 800 pages entre 2014\/2016). Concernant Sonatrach et les diff\u00e9rents audits que j\u2019ai eu \u00e0 diriger avec des experts, assist\u00e9 des cadres du secteur minist\u00e8re de l\u2019\u00c9nergie et Sonatrach, il nous a \u00e9t\u00e9 difficile de cerner avec exactitude la structure des co\u00fbts de Hassi R\u2019mel et de Hassi Messaoud, tant du baril de p\u00e9trole que du MBTU du gaz arriv\u00e9 aux ports, la consolidation et les comptes de transfert de Sonatrach faussant la visibilit\u00e9. Sans une information interne fiable, tout contr\u00f4le externe est difficile, et dans ce cas la mission de la Cour des comptes est limit\u00e9e. Dans les administrations, disons que c\u2019est presque impossible, du fait que leurs m\u00e9thodes de gestion rel\u00e8vent de m\u00e9thodes du d\u00e9but des ann\u00e9es 1960\/1970, ignorant les principes \u00e9l\u00e9mentaires de la rationalisation des choix budg\u00e9taires. Ayant eu l\u2019occasion de visiter bon nombre de structures de contr\u00f4le au niveau international, le constat est que l\u2019efficacit\u00e9 de la Cour des comptes , et d\u2019une mani\u00e8re g\u00e9n\u00e9rale toutes les institutions de contr\u00f4le, y compris celles des services de s\u00e9curit\u00e9, est fonction d\u2019une bonne gouvernance reposant sur un syst\u00e8me d\u2019information fiable ma\u00eetrisant les nouvelles technologies dont l\u2019impact de l\u2019intelligence artificielle et afin de lutter contre les cyber attaques et au niveau de la gestion interne contre les surfacturations et les transferts ill\u00e9gaux de capitaux, posant la probl\u00e9matique d\u2019ailleurs de la transparence des comptes, y compris dans de grandes soci\u00e9t\u00e9s comme Sonatrach et Sonelgaz.<\/p>\n\n\n\n<p>En conclusion, l\u2019Alg\u00e9rie, acteur strat\u00e9gique de la stabilit\u00e9 de la r\u00e9gion m\u00e9diterran\u00e9enne et africaine ( voir notre interview \u00e0 la t\u00e9l\u00e9vision russe RT diffusion 25 janvier 16h06 heure de Moscou) a d\u2019importantes potentialit\u00e9s pour devenir un pays pivot, sous r\u00e9serve de profondes r\u00e9formes structurelles et r\u00e9habiliter les vertus du travail, d\u2019o\u00f9 l\u2019urgence de s\u2019adapter, au mieux de ses int\u00e9r\u00eats, au nouveau monde. Car, force est de reconna\u00eetre qu\u2019en ce mois de janvier 2025 Sonatrach \u00ab est l\u2019Alg\u00e9rie et l\u2019Alg\u00e9rie c\u2019est Sonatrach \u00bb (plus de 97\/98% des recettes en devises avec les d\u00e9riv\u00e9s) et que l\u2019Alg\u00e9rie a une \u00e9conomie de nature publique avec une gestion administr\u00e9e centralis\u00e9e renvoyant \u00e0 l\u2019urgence d\u2019une v\u00e9ritable d\u00e9centralisation. Je ne saurai trop insister sur le fait que le contr\u00f4le efficace doit avant tout se fonder sur un \u00c9tat de droit, avec l\u2019implication des citoyens, tout cela accompagn\u00e9 par une coh\u00e9rence et une visibilit\u00e9 dans la d\u00e9marche de la politique socio\u00e9conomique, un renouveau de la gouvernance et pour plus de moralit\u00e9 afin de faciliter la symbiose \u00c9tat-citoyens. Le fondement de tout processus de d\u00e9veloppement, comme l\u2019ont d\u00e9montr\u00e9 tous les prix Nobel de sciences \u00e9conomiques, repose sur des institutions cr\u00e9dibles.<\/p>\n\n\n\n<p>A.M.<\/p>\n","protected":false},"excerpt":{"rendered":"<p>Par Abderrahmane Mebtoul Professeur des universit\u00e9s, docteur d\u2019Etat en sciences \u00e9conomiques 1974,- expert comptable de l\u2019Institut sup\u00e9rieur de gestion de<\/p>\n","protected":false},"author":6,"featured_media":7876,"comment_status":"open","ping_status":"closed","sticky":false,"template":"","format":"standard","meta":{"colormag_page_container_layout":"default_layout","colormag_page_sidebar_layout":"default_layout","om_disable_all_campaigns":false,"_monsterinsights_skip_tracking":false,"_monsterinsights_sitenote_active":false,"_monsterinsights_sitenote_note":"","_monsterinsights_sitenote_category":0,"footnotes":"","_wpscppro_dont_share_socialmedia":false,"_wpscppro_custom_social_share_image":0,"_facebook_share_type":"default","_twitter_share_type":"default","_linkedin_share_type":"default","_pinterest_share_type":"default","_linkedin_share_type_page":"","_instagram_share_type":"default","_medium_share_type":"default","_threads_share_type":"","_google_business_share_type":"","_selected_social_profile":[],"_wpsp_enable_custom_social_template":false,"_wpsp_social_scheduling":{"enabled":false,"datetime":null,"platforms":[],"status":"template_only","dateOption":"today","timeOption":"now","customDays":"","customHours":"","customDate":"","customTime":"","schedulingType":"absolute"},"_wpsp_active_default_template":true},"categories":[56,38],"tags":[],"class_list":["post-62186","post","type-post","status-publish","format-standard","has-post-thumbnail","hentry","category-contribution","category-debats"],"aioseo_notices":[],"yoast_head":"<!-- This site is optimized with the Yoast SEO plugin v27.5 - https:\/\/yoast.com\/product\/yoast-seo-wordpress\/ -->\n<title>R\u00e9habiliter la Cour des comptes - La Sentinelle<\/title>\n<meta name=\"robots\" content=\"index, follow, max-snippet:-1, max-image-preview:large, max-video-preview:-1\" \/>\n<link rel=\"canonical\" href=\"https:\/\/lasentinelle.dz\/index.php\/2025\/01\/28\/rehabiliter-la-cour-des-comptes\/\" \/>\n<meta property=\"og:locale\" content=\"fr_FR\" \/>\n<meta property=\"og:type\" content=\"article\" \/>\n<meta property=\"og:title\" content=\"R\u00e9habiliter la Cour des comptes - La Sentinelle\" \/>\n<meta property=\"og:description\" content=\"Par Abderrahmane Mebtoul Professeur des universit\u00e9s, docteur d\u2019Etat en sciences \u00e9conomiques 1974,- expert comptable de l\u2019Institut sup\u00e9rieur de gestion de\" \/>\n<meta property=\"og:url\" content=\"https:\/\/lasentinelle.dz\/index.php\/2025\/01\/28\/rehabiliter-la-cour-des-comptes\/\" \/>\n<meta property=\"og:site_name\" content=\"La Sentinelle\" \/>\n<meta property=\"article:publisher\" content=\"https:\/\/www.facebook.com\/La-Sentinelle-104059864394773\" \/>\n<meta property=\"article:published_time\" content=\"2025-01-28T10:31:21+00:00\" \/>\n<meta property=\"article:modified_time\" content=\"2025-01-28T10:31:22+00:00\" \/>\n<meta property=\"og:image\" content=\"https:\/\/lasentinelle.dz\/wp-content\/uploads\/2021\/09\/contribution.png\" \/>\n\t<meta property=\"og:image:width\" content=\"1600\" \/>\n\t<meta property=\"og:image:height\" content=\"900\" \/>\n\t<meta property=\"og:image:type\" content=\"image\/png\" \/>\n<meta name=\"author\" content=\"admin\" \/>\n<meta name=\"twitter:card\" content=\"summary_large_image\" \/>\n<meta name=\"twitter:label1\" content=\"\u00c9crit par\" \/>\n\t<meta name=\"twitter:data1\" content=\"admin\" \/>\n\t<meta name=\"twitter:label2\" content=\"Dur\u00e9e de lecture estim\u00e9e\" \/>\n\t<meta name=\"twitter:data2\" content=\"8 minutes\" \/>\n<script type=\"application\/ld+json\" class=\"yoast-schema-graph\">{\"@context\":\"https:\\\/\\\/schema.org\",\"@graph\":[{\"@type\":\"Article\",\"@id\":\"https:\\\/\\\/lasentinelle.dz\\\/index.php\\\/2025\\\/01\\\/28\\\/rehabiliter-la-cour-des-comptes\\\/#article\",\"isPartOf\":{\"@id\":\"https:\\\/\\\/lasentinelle.dz\\\/index.php\\\/2025\\\/01\\\/28\\\/rehabiliter-la-cour-des-comptes\\\/\"},\"author\":{\"name\":\"admin\",\"@id\":\"https:\\\/\\\/lasentinelle.dz\\\/#\\\/schema\\\/person\\\/729ee0024f24e0b8c5ec17232f8e8b41\"},\"headline\":\"R\u00e9habiliter la Cour des comptes\",\"datePublished\":\"2025-01-28T10:31:21+00:00\",\"dateModified\":\"2025-01-28T10:31:22+00:00\",\"mainEntityOfPage\":{\"@id\":\"https:\\\/\\\/lasentinelle.dz\\\/index.php\\\/2025\\\/01\\\/28\\\/rehabiliter-la-cour-des-comptes\\\/\"},\"wordCount\":1771,\"commentCount\":0,\"publisher\":{\"@id\":\"https:\\\/\\\/lasentinelle.dz\\\/#organization\"},\"image\":{\"@id\":\"https:\\\/\\\/lasentinelle.dz\\\/index.php\\\/2025\\\/01\\\/28\\\/rehabiliter-la-cour-des-comptes\\\/#primaryimage\"},\"thumbnailUrl\":\"https:\\\/\\\/lasentinelle.dz\\\/wp-content\\\/uploads\\\/2021\\\/09\\\/contribution.png\",\"articleSection\":[\"Contribution\",\"D\u00e9bats\"],\"inLanguage\":\"fr-FR\",\"potentialAction\":[{\"@type\":\"CommentAction\",\"name\":\"Comment\",\"target\":[\"https:\\\/\\\/lasentinelle.dz\\\/index.php\\\/2025\\\/01\\\/28\\\/rehabiliter-la-cour-des-comptes\\\/#respond\"]}]},{\"@type\":\"WebPage\",\"@id\":\"https:\\\/\\\/lasentinelle.dz\\\/index.php\\\/2025\\\/01\\\/28\\\/rehabiliter-la-cour-des-comptes\\\/\",\"url\":\"https:\\\/\\\/lasentinelle.dz\\\/index.php\\\/2025\\\/01\\\/28\\\/rehabiliter-la-cour-des-comptes\\\/\",\"name\":\"R\u00e9habiliter la Cour des comptes - La Sentinelle\",\"isPartOf\":{\"@id\":\"https:\\\/\\\/lasentinelle.dz\\\/#website\"},\"primaryImageOfPage\":{\"@id\":\"https:\\\/\\\/lasentinelle.dz\\\/index.php\\\/2025\\\/01\\\/28\\\/rehabiliter-la-cour-des-comptes\\\/#primaryimage\"},\"image\":{\"@id\":\"https:\\\/\\\/lasentinelle.dz\\\/index.php\\\/2025\\\/01\\\/28\\\/rehabiliter-la-cour-des-comptes\\\/#primaryimage\"},\"thumbnailUrl\":\"https:\\\/\\\/lasentinelle.dz\\\/wp-content\\\/uploads\\\/2021\\\/09\\\/contribution.png\",\"datePublished\":\"2025-01-28T10:31:21+00:00\",\"dateModified\":\"2025-01-28T10:31:22+00:00\",\"breadcrumb\":{\"@id\":\"https:\\\/\\\/lasentinelle.dz\\\/index.php\\\/2025\\\/01\\\/28\\\/rehabiliter-la-cour-des-comptes\\\/#breadcrumb\"},\"inLanguage\":\"fr-FR\",\"potentialAction\":[{\"@type\":\"ReadAction\",\"target\":[\"https:\\\/\\\/lasentinelle.dz\\\/index.php\\\/2025\\\/01\\\/28\\\/rehabiliter-la-cour-des-comptes\\\/\"]}]},{\"@type\":\"ImageObject\",\"inLanguage\":\"fr-FR\",\"@id\":\"https:\\\/\\\/lasentinelle.dz\\\/index.php\\\/2025\\\/01\\\/28\\\/rehabiliter-la-cour-des-comptes\\\/#primaryimage\",\"url\":\"https:\\\/\\\/lasentinelle.dz\\\/wp-content\\\/uploads\\\/2021\\\/09\\\/contribution.png\",\"contentUrl\":\"https:\\\/\\\/lasentinelle.dz\\\/wp-content\\\/uploads\\\/2021\\\/09\\\/contribution.png\",\"width\":1600,\"height\":900},{\"@type\":\"BreadcrumbList\",\"@id\":\"https:\\\/\\\/lasentinelle.dz\\\/index.php\\\/2025\\\/01\\\/28\\\/rehabiliter-la-cour-des-comptes\\\/#breadcrumb\",\"itemListElement\":[{\"@type\":\"ListItem\",\"position\":1,\"name\":\"Accueil\",\"item\":\"https:\\\/\\\/lasentinelle.dz\\\/\"},{\"@type\":\"ListItem\",\"position\":2,\"name\":\"R\u00e9habiliter la Cour des comptes\"}]},{\"@type\":\"WebSite\",\"@id\":\"https:\\\/\\\/lasentinelle.dz\\\/#website\",\"url\":\"https:\\\/\\\/lasentinelle.dz\\\/\",\"name\":\"La Sentinelle\",\"description\":\"Quotidien national d&#039;information\",\"publisher\":{\"@id\":\"https:\\\/\\\/lasentinelle.dz\\\/#organization\"},\"potentialAction\":[{\"@type\":\"SearchAction\",\"target\":{\"@type\":\"EntryPoint\",\"urlTemplate\":\"https:\\\/\\\/lasentinelle.dz\\\/?s={search_term_string}\"},\"query-input\":{\"@type\":\"PropertyValueSpecification\",\"valueRequired\":true,\"valueName\":\"search_term_string\"}}],\"inLanguage\":\"fr-FR\"},{\"@type\":\"Organization\",\"@id\":\"https:\\\/\\\/lasentinelle.dz\\\/#organization\",\"name\":\"Quotidien La Sentinelle\",\"url\":\"https:\\\/\\\/lasentinelle.dz\\\/\",\"logo\":{\"@type\":\"ImageObject\",\"inLanguage\":\"fr-FR\",\"@id\":\"https:\\\/\\\/lasentinelle.dz\\\/#\\\/schema\\\/logo\\\/image\\\/\",\"url\":\"https:\\\/\\\/lasentinelle.dz\\\/wp-content\\\/uploads\\\/2021\\\/09\\\/logo-sentinelleSLOGAN-1.png\",\"contentUrl\":\"https:\\\/\\\/lasentinelle.dz\\\/wp-content\\\/uploads\\\/2021\\\/09\\\/logo-sentinelleSLOGAN-1.png\",\"width\":615,\"height\":142,\"caption\":\"Quotidien La Sentinelle\"},\"image\":{\"@id\":\"https:\\\/\\\/lasentinelle.dz\\\/#\\\/schema\\\/logo\\\/image\\\/\"},\"sameAs\":[\"https:\\\/\\\/www.facebook.com\\\/La-Sentinelle-104059864394773\"]},{\"@type\":\"Person\",\"@id\":\"https:\\\/\\\/lasentinelle.dz\\\/#\\\/schema\\\/person\\\/729ee0024f24e0b8c5ec17232f8e8b41\",\"name\":\"admin\",\"image\":{\"@type\":\"ImageObject\",\"inLanguage\":\"fr-FR\",\"@id\":\"https:\\\/\\\/secure.gravatar.com\\\/avatar\\\/4c81fed838786e9b53f540bf46533e750f5d292099ae3b66cfc6fb1982e29df7?s=96&d=mm&r=g\",\"url\":\"https:\\\/\\\/secure.gravatar.com\\\/avatar\\\/4c81fed838786e9b53f540bf46533e750f5d292099ae3b66cfc6fb1982e29df7?s=96&d=mm&r=g\",\"contentUrl\":\"https:\\\/\\\/secure.gravatar.com\\\/avatar\\\/4c81fed838786e9b53f540bf46533e750f5d292099ae3b66cfc6fb1982e29df7?s=96&d=mm&r=g\",\"caption\":\"admin\"},\"description\":\"admin\",\"url\":\"https:\\\/\\\/lasentinelle.dz\\\/author\\\/admin\\\/\"}]}<\/script>\n<!-- \/ Yoast SEO plugin. -->","yoast_head_json":{"title":"R\u00e9habiliter la Cour des comptes - La Sentinelle","robots":{"index":"index","follow":"follow","max-snippet":"max-snippet:-1","max-image-preview":"max-image-preview:large","max-video-preview":"max-video-preview:-1"},"canonical":"https:\/\/lasentinelle.dz\/index.php\/2025\/01\/28\/rehabiliter-la-cour-des-comptes\/","og_locale":"fr_FR","og_type":"article","og_title":"R\u00e9habiliter la Cour des comptes - La Sentinelle","og_description":"Par Abderrahmane Mebtoul Professeur des universit\u00e9s, docteur d\u2019Etat en sciences \u00e9conomiques 1974,- expert comptable de l\u2019Institut sup\u00e9rieur de gestion de","og_url":"https:\/\/lasentinelle.dz\/index.php\/2025\/01\/28\/rehabiliter-la-cour-des-comptes\/","og_site_name":"La Sentinelle","article_publisher":"https:\/\/www.facebook.com\/La-Sentinelle-104059864394773","article_published_time":"2025-01-28T10:31:21+00:00","article_modified_time":"2025-01-28T10:31:22+00:00","og_image":[{"width":1600,"height":900,"url":"https:\/\/lasentinelle.dz\/wp-content\/uploads\/2021\/09\/contribution.png","type":"image\/png"}],"author":"admin","twitter_card":"summary_large_image","twitter_misc":{"\u00c9crit par":"admin","Dur\u00e9e de lecture estim\u00e9e":"8 minutes"},"schema":{"@context":"https:\/\/schema.org","@graph":[{"@type":"Article","@id":"https:\/\/lasentinelle.dz\/index.php\/2025\/01\/28\/rehabiliter-la-cour-des-comptes\/#article","isPartOf":{"@id":"https:\/\/lasentinelle.dz\/index.php\/2025\/01\/28\/rehabiliter-la-cour-des-comptes\/"},"author":{"name":"admin","@id":"https:\/\/lasentinelle.dz\/#\/schema\/person\/729ee0024f24e0b8c5ec17232f8e8b41"},"headline":"R\u00e9habiliter la Cour des comptes","datePublished":"2025-01-28T10:31:21+00:00","dateModified":"2025-01-28T10:31:22+00:00","mainEntityOfPage":{"@id":"https:\/\/lasentinelle.dz\/index.php\/2025\/01\/28\/rehabiliter-la-cour-des-comptes\/"},"wordCount":1771,"commentCount":0,"publisher":{"@id":"https:\/\/lasentinelle.dz\/#organization"},"image":{"@id":"https:\/\/lasentinelle.dz\/index.php\/2025\/01\/28\/rehabiliter-la-cour-des-comptes\/#primaryimage"},"thumbnailUrl":"https:\/\/lasentinelle.dz\/wp-content\/uploads\/2021\/09\/contribution.png","articleSection":["Contribution","D\u00e9bats"],"inLanguage":"fr-FR","potentialAction":[{"@type":"CommentAction","name":"Comment","target":["https:\/\/lasentinelle.dz\/index.php\/2025\/01\/28\/rehabiliter-la-cour-des-comptes\/#respond"]}]},{"@type":"WebPage","@id":"https:\/\/lasentinelle.dz\/index.php\/2025\/01\/28\/rehabiliter-la-cour-des-comptes\/","url":"https:\/\/lasentinelle.dz\/index.php\/2025\/01\/28\/rehabiliter-la-cour-des-comptes\/","name":"R\u00e9habiliter la Cour des comptes - La Sentinelle","isPartOf":{"@id":"https:\/\/lasentinelle.dz\/#website"},"primaryImageOfPage":{"@id":"https:\/\/lasentinelle.dz\/index.php\/2025\/01\/28\/rehabiliter-la-cour-des-comptes\/#primaryimage"},"image":{"@id":"https:\/\/lasentinelle.dz\/index.php\/2025\/01\/28\/rehabiliter-la-cour-des-comptes\/#primaryimage"},"thumbnailUrl":"https:\/\/lasentinelle.dz\/wp-content\/uploads\/2021\/09\/contribution.png","datePublished":"2025-01-28T10:31:21+00:00","dateModified":"2025-01-28T10:31:22+00:00","breadcrumb":{"@id":"https:\/\/lasentinelle.dz\/index.php\/2025\/01\/28\/rehabiliter-la-cour-des-comptes\/#breadcrumb"},"inLanguage":"fr-FR","potentialAction":[{"@type":"ReadAction","target":["https:\/\/lasentinelle.dz\/index.php\/2025\/01\/28\/rehabiliter-la-cour-des-comptes\/"]}]},{"@type":"ImageObject","inLanguage":"fr-FR","@id":"https:\/\/lasentinelle.dz\/index.php\/2025\/01\/28\/rehabiliter-la-cour-des-comptes\/#primaryimage","url":"https:\/\/lasentinelle.dz\/wp-content\/uploads\/2021\/09\/contribution.png","contentUrl":"https:\/\/lasentinelle.dz\/wp-content\/uploads\/2021\/09\/contribution.png","width":1600,"height":900},{"@type":"BreadcrumbList","@id":"https:\/\/lasentinelle.dz\/index.php\/2025\/01\/28\/rehabiliter-la-cour-des-comptes\/#breadcrumb","itemListElement":[{"@type":"ListItem","position":1,"name":"Accueil","item":"https:\/\/lasentinelle.dz\/"},{"@type":"ListItem","position":2,"name":"R\u00e9habiliter la Cour des comptes"}]},{"@type":"WebSite","@id":"https:\/\/lasentinelle.dz\/#website","url":"https:\/\/lasentinelle.dz\/","name":"La Sentinelle","description":"Quotidien national d&#039;information","publisher":{"@id":"https:\/\/lasentinelle.dz\/#organization"},"potentialAction":[{"@type":"SearchAction","target":{"@type":"EntryPoint","urlTemplate":"https:\/\/lasentinelle.dz\/?s={search_term_string}"},"query-input":{"@type":"PropertyValueSpecification","valueRequired":true,"valueName":"search_term_string"}}],"inLanguage":"fr-FR"},{"@type":"Organization","@id":"https:\/\/lasentinelle.dz\/#organization","name":"Quotidien La Sentinelle","url":"https:\/\/lasentinelle.dz\/","logo":{"@type":"ImageObject","inLanguage":"fr-FR","@id":"https:\/\/lasentinelle.dz\/#\/schema\/logo\/image\/","url":"https:\/\/lasentinelle.dz\/wp-content\/uploads\/2021\/09\/logo-sentinelleSLOGAN-1.png","contentUrl":"https:\/\/lasentinelle.dz\/wp-content\/uploads\/2021\/09\/logo-sentinelleSLOGAN-1.png","width":615,"height":142,"caption":"Quotidien La Sentinelle"},"image":{"@id":"https:\/\/lasentinelle.dz\/#\/schema\/logo\/image\/"},"sameAs":["https:\/\/www.facebook.com\/La-Sentinelle-104059864394773"]},{"@type":"Person","@id":"https:\/\/lasentinelle.dz\/#\/schema\/person\/729ee0024f24e0b8c5ec17232f8e8b41","name":"admin","image":{"@type":"ImageObject","inLanguage":"fr-FR","@id":"https:\/\/secure.gravatar.com\/avatar\/4c81fed838786e9b53f540bf46533e750f5d292099ae3b66cfc6fb1982e29df7?s=96&d=mm&r=g","url":"https:\/\/secure.gravatar.com\/avatar\/4c81fed838786e9b53f540bf46533e750f5d292099ae3b66cfc6fb1982e29df7?s=96&d=mm&r=g","contentUrl":"https:\/\/secure.gravatar.com\/avatar\/4c81fed838786e9b53f540bf46533e750f5d292099ae3b66cfc6fb1982e29df7?s=96&d=mm&r=g","caption":"admin"},"description":"admin","url":"https:\/\/lasentinelle.dz\/author\/admin\/"}]}},"_links":{"self":[{"href":"https:\/\/lasentinelle.dz\/index.php\/wp-json\/wp\/v2\/posts\/62186","targetHints":{"allow":["GET"]}}],"collection":[{"href":"https:\/\/lasentinelle.dz\/index.php\/wp-json\/wp\/v2\/posts"}],"about":[{"href":"https:\/\/lasentinelle.dz\/index.php\/wp-json\/wp\/v2\/types\/post"}],"author":[{"embeddable":true,"href":"https:\/\/lasentinelle.dz\/index.php\/wp-json\/wp\/v2\/users\/6"}],"replies":[{"embeddable":true,"href":"https:\/\/lasentinelle.dz\/index.php\/wp-json\/wp\/v2\/comments?post=62186"}],"version-history":[{"count":1,"href":"https:\/\/lasentinelle.dz\/index.php\/wp-json\/wp\/v2\/posts\/62186\/revisions"}],"predecessor-version":[{"id":62187,"href":"https:\/\/lasentinelle.dz\/index.php\/wp-json\/wp\/v2\/posts\/62186\/revisions\/62187"}],"wp:featuredmedia":[{"embeddable":true,"href":"https:\/\/lasentinelle.dz\/index.php\/wp-json\/wp\/v2\/media\/7876"}],"wp:attachment":[{"href":"https:\/\/lasentinelle.dz\/index.php\/wp-json\/wp\/v2\/media?parent=62186"}],"wp:term":[{"taxonomy":"category","embeddable":true,"href":"https:\/\/lasentinelle.dz\/index.php\/wp-json\/wp\/v2\/categories?post=62186"},{"taxonomy":"post_tag","embeddable":true,"href":"https:\/\/lasentinelle.dz\/index.php\/wp-json\/wp\/v2\/tags?post=62186"}],"curies":[{"name":"wp","href":"https:\/\/api.w.org\/{rel}","templated":true}]}}