{"id":62217,"date":"2025-01-29T11:59:05","date_gmt":"2025-01-29T10:59:05","guid":{"rendered":"https:\/\/lasentinelle.dz\/?p=62217"},"modified":"2025-01-29T11:59:06","modified_gmt":"2025-01-29T10:59:06","slug":"mois-de-ramadhan-et-saison-estivale-le-ministere-de-linterieur-lance-les-preparatifs","status":"publish","type":"post","link":"https:\/\/lasentinelle.dz\/index.php\/2025\/01\/29\/mois-de-ramadhan-et-saison-estivale-le-ministere-de-linterieur-lance-les-preparatifs\/","title":{"rendered":"Mois de Ramadhan et saison estivale: Le minist\u00e8re de l\u2019Int\u00e9rieur lance les pr\u00e9paratifs"},"content":{"rendered":"\n<p>Dans le cadre d&rsquo;une approche int\u00e9gr\u00e9e visant \u00e0 assurer le bon d\u00e9roulement du mois sacr\u00e9 de Ramadan et de la saison estivale 2025, les autorit\u00e9s nt mis en place une s\u00e9rie de mesures pr\u00e9paratoires exhaustives. Concernant le Ramadan, les collectivit\u00e9s locales ont entrepris des actions concr\u00e8tes pour garantir des conditions optimales durant cette p\u00e9riode spirituelle importante. Le processus commence par une r\u00e9vision m\u00e9ticuleuse des listes des b\u00e9n\u00e9ficiaires d&rsquo;aides financi\u00e8res, suivie de la distribution des paniers de Ramadan aux familles n\u00e9cessiteuses, en tenant compte de leurs situations sociales particuli\u00e8res. Une attention particuli\u00e8re est port\u00e9e \u00e0 l&rsquo;approvisionnement en produits de premi\u00e8re n\u00e9cessit\u00e9, fortement demand\u00e9s pendant ce mois de je\u00fbne. Les autorit\u00e9s locales veillent \u00e9galement \u00e0 l&rsquo;am\u00e9nagement et \u00e0 l&rsquo;op\u00e9rationnalisation des march\u00e9s de proximit\u00e9 avant le d\u00e9but du Ramadan. L&rsquo;accent est mis sur la propret\u00e9 de l&rsquo;environnement urbain et l&rsquo;entretien de l&rsquo;\u00e9clairage public. L&rsquo;approvisionnement continu en eau potable figure parmi les priorit\u00e9s essentielles, tout comme l&rsquo;ouverture des restaurants de la mis\u00e9ricorde destin\u00e9s \u00e0 offrir des repas de rupture du je\u00fbne aux personnes dans le besoin. En parall\u00e8le, le minist\u00e8re de l&rsquo;Int\u00e9rieur a lanc\u00e9 les pr\u00e9paratifs de la saison estivale 2025 lors d&rsquo;une r\u00e9union pr\u00e9sid\u00e9e par Mohamed Charaf Eddine Boudiaf, charg\u00e9 de la gestion du Secr\u00e9tariat g\u00e9n\u00e9ral du minist\u00e8re. Cette rencontre, tenue par vid\u00e9oconf\u00e9rence avec les walis des quatorze wilayas c\u00f4ti\u00e8res, a permis d&rsquo;\u00e9tablir un programme complet visant \u00e0 garantir le confort des estivants. Le bilan de la saison 2024 a \u00e9t\u00e9 examin\u00e9, permettant d&rsquo;identifier les points d&rsquo;am\u00e9lioration n\u00e9cessaires pour 2025. La Commission nationale, compos\u00e9e de repr\u00e9sentants de 19 d\u00e9partements minist\u00e9riels, du Service national des garde-c\u00f4tes, des corps de s\u00e9curit\u00e9 (Gendarmerie nationale et S\u00fbret\u00e9 nationale), de la Direction g\u00e9n\u00e9rale de la Protection civile et de la Direction g\u00e9n\u00e9rale des Douanes, coordonne ces efforts. Les walis ont re\u00e7u des directives claires pour activer les comit\u00e9s locaux et corriger les lacunes observ\u00e9es pr\u00e9c\u00e9demment, notamment en ce qui concerne l&rsquo;am\u00e9nagement des plages et la garantie de leur acc\u00e8s gratuit. Cette mobilisation t\u00e9moigne de l&rsquo;engagement des pouvoirs publics \u00e0 assurer des services de qualit\u00e9 aux citoyens, tant pendant le mois sacr\u00e9 que durant la p\u00e9riode estivale. L&rsquo;ensemble de ces mesures refl\u00e8te une volont\u00e9 d&rsquo;anticipation et d&rsquo;organisation minutieuse, visant \u00e0 r\u00e9pondre aux besoins sp\u00e9cifiques de ces deux p\u00e9riodes importantes du calendrier. La coordination entre les diff\u00e9rents services et \u00e9chelons administratifs devrait permettre une meilleure gestion des d\u00e9fis \u00e0 venir et garantir le bien-\u00eatre de la population.<\/p>\n\n\n\n<p><strong>Chokri Hafed<\/strong><\/p>\n","protected":false},"excerpt":{"rendered":"<p>Dans le cadre d&rsquo;une approche int\u00e9gr\u00e9e visant \u00e0 assurer le bon d\u00e9roulement du mois sacr\u00e9 de Ramadan et de la<\/p>\n","protected":false},"author":6,"featured_media":42892,"comment_status":"open","ping_status":"closed","sticky":false,"template":"","format":"standard","meta":{"colormag_page_container_layout":"default_layout","colormag_page_sidebar_layout":"default_layout","om_disable_all_campaigns":false,"_monsterinsights_skip_tracking":false,"_monsterinsights_sitenote_active":false,"_monsterinsights_sitenote_note":"","_monsterinsights_sitenote_category":0,"footnotes":"","_wpscppro_dont_share_socialmedia":false,"_wpscppro_custom_social_share_image":0,"_facebook_share_type":"default","_twitter_share_type":"default","_linkedin_share_type":"default","_pinterest_share_type":"default","_linkedin_share_type_page":"","_instagram_share_type":"default","_medium_share_type":"default","_threads_share_type":"","_google_business_share_type":"","_selected_social_profile":[],"_wpsp_enable_custom_social_template":false,"_wpsp_social_scheduling":{"enabled":false,"datetime":null,"platforms":[],"status":"template_only","dateOption":"today","timeOption":"now","customDays":"","customHours":"","customDate":"","customTime":"","schedulingType":"absolute"},"_wpsp_active_default_template":true},"categories":[27],"tags":[],"class_list":["post-62217","post","type-post","status-publish","format-standard","has-post-thumbnail","hentry","category-actualite"],"aioseo_notices":[],"yoast_head":"<!-- This site is optimized with the Yoast SEO plugin v27.5 - https:\/\/yoast.com\/product\/yoast-seo-wordpress\/ -->\n<title>Mois de Ramadhan et saison estivale: Le minist\u00e8re de l\u2019Int\u00e9rieur lance les pr\u00e9paratifs - La Sentinelle<\/title>\n<meta name=\"robots\" content=\"index, follow, max-snippet:-1, max-image-preview:large, max-video-preview:-1\" \/>\n<link rel=\"canonical\" href=\"https:\/\/lasentinelle.dz\/index.php\/2025\/01\/29\/mois-de-ramadhan-et-saison-estivale-le-ministere-de-linterieur-lance-les-preparatifs\/\" \/>\n<meta property=\"og:locale\" content=\"fr_FR\" \/>\n<meta property=\"og:type\" content=\"article\" \/>\n<meta property=\"og:title\" content=\"Mois de Ramadhan et saison estivale: Le minist\u00e8re de l\u2019Int\u00e9rieur lance les pr\u00e9paratifs - La Sentinelle\" \/>\n<meta property=\"og:description\" content=\"Dans le cadre d&rsquo;une approche int\u00e9gr\u00e9e visant \u00e0 assurer le bon d\u00e9roulement du mois sacr\u00e9 de Ramadan et de la\" \/>\n<meta property=\"og:url\" content=\"https:\/\/lasentinelle.dz\/index.php\/2025\/01\/29\/mois-de-ramadhan-et-saison-estivale-le-ministere-de-linterieur-lance-les-preparatifs\/\" \/>\n<meta property=\"og:site_name\" content=\"La Sentinelle\" \/>\n<meta property=\"article:publisher\" content=\"https:\/\/www.facebook.com\/La-Sentinelle-104059864394773\" \/>\n<meta property=\"article:published_time\" content=\"2025-01-29T10:59:05+00:00\" \/>\n<meta property=\"article:modified_time\" content=\"2025-01-29T10:59:06+00:00\" \/>\n<meta property=\"og:image\" content=\"https:\/\/lasentinelle.dz\/wp-content\/uploads\/2023\/06\/plage-une.jpeg\" \/>\n\t<meta property=\"og:image:width\" content=\"1200\" \/>\n\t<meta property=\"og:image:height\" content=\"798\" \/>\n\t<meta property=\"og:image:type\" content=\"image\/jpeg\" \/>\n<meta name=\"author\" content=\"admin\" \/>\n<meta name=\"twitter:card\" content=\"summary_large_image\" \/>\n<meta name=\"twitter:label1\" content=\"\u00c9crit par\" \/>\n\t<meta name=\"twitter:data1\" content=\"admin\" \/>\n\t<meta name=\"twitter:label2\" content=\"Dur\u00e9e de lecture estim\u00e9e\" \/>\n\t<meta name=\"twitter:data2\" content=\"3 minutes\" \/>\n<script type=\"application\/ld+json\" class=\"yoast-schema-graph\">{\"@context\":\"https:\\\/\\\/schema.org\",\"@graph\":[{\"@type\":\"Article\",\"@id\":\"https:\\\/\\\/lasentinelle.dz\\\/index.php\\\/2025\\\/01\\\/29\\\/mois-de-ramadhan-et-saison-estivale-le-ministere-de-linterieur-lance-les-preparatifs\\\/#article\",\"isPartOf\":{\"@id\":\"https:\\\/\\\/lasentinelle.dz\\\/index.php\\\/2025\\\/01\\\/29\\\/mois-de-ramadhan-et-saison-estivale-le-ministere-de-linterieur-lance-les-preparatifs\\\/\"},\"author\":{\"name\":\"admin\",\"@id\":\"https:\\\/\\\/lasentinelle.dz\\\/#\\\/schema\\\/person\\\/729ee0024f24e0b8c5ec17232f8e8b41\"},\"headline\":\"Mois de Ramadhan et saison estivale: Le minist\u00e8re de l\u2019Int\u00e9rieur lance les pr\u00e9paratifs\",\"datePublished\":\"2025-01-29T10:59:05+00:00\",\"dateModified\":\"2025-01-29T10:59:06+00:00\",\"mainEntityOfPage\":{\"@id\":\"https:\\\/\\\/lasentinelle.dz\\\/index.php\\\/2025\\\/01\\\/29\\\/mois-de-ramadhan-et-saison-estivale-le-ministere-de-linterieur-lance-les-preparatifs\\\/\"},\"wordCount\":498,\"commentCount\":0,\"publisher\":{\"@id\":\"https:\\\/\\\/lasentinelle.dz\\\/#organization\"},\"image\":{\"@id\":\"https:\\\/\\\/lasentinelle.dz\\\/index.php\\\/2025\\\/01\\\/29\\\/mois-de-ramadhan-et-saison-estivale-le-ministere-de-linterieur-lance-les-preparatifs\\\/#primaryimage\"},\"thumbnailUrl\":\"https:\\\/\\\/lasentinelle.dz\\\/wp-content\\\/uploads\\\/2023\\\/06\\\/plage-une.jpeg\",\"articleSection\":[\"Actualit\u00e9\"],\"inLanguage\":\"fr-FR\",\"potentialAction\":[{\"@type\":\"CommentAction\",\"name\":\"Comment\",\"target\":[\"https:\\\/\\\/lasentinelle.dz\\\/index.php\\\/2025\\\/01\\\/29\\\/mois-de-ramadhan-et-saison-estivale-le-ministere-de-linterieur-lance-les-preparatifs\\\/#respond\"]}]},{\"@type\":\"WebPage\",\"@id\":\"https:\\\/\\\/lasentinelle.dz\\\/index.php\\\/2025\\\/01\\\/29\\\/mois-de-ramadhan-et-saison-estivale-le-ministere-de-linterieur-lance-les-preparatifs\\\/\",\"url\":\"https:\\\/\\\/lasentinelle.dz\\\/index.php\\\/2025\\\/01\\\/29\\\/mois-de-ramadhan-et-saison-estivale-le-ministere-de-linterieur-lance-les-preparatifs\\\/\",\"name\":\"Mois de Ramadhan et saison estivale: Le minist\u00e8re de l\u2019Int\u00e9rieur lance les pr\u00e9paratifs - La Sentinelle\",\"isPartOf\":{\"@id\":\"https:\\\/\\\/lasentinelle.dz\\\/#website\"},\"primaryImageOfPage\":{\"@id\":\"https:\\\/\\\/lasentinelle.dz\\\/index.php\\\/2025\\\/01\\\/29\\\/mois-de-ramadhan-et-saison-estivale-le-ministere-de-linterieur-lance-les-preparatifs\\\/#primaryimage\"},\"image\":{\"@id\":\"https:\\\/\\\/lasentinelle.dz\\\/index.php\\\/2025\\\/01\\\/29\\\/mois-de-ramadhan-et-saison-estivale-le-ministere-de-linterieur-lance-les-preparatifs\\\/#primaryimage\"},\"thumbnailUrl\":\"https:\\\/\\\/lasentinelle.dz\\\/wp-content\\\/uploads\\\/2023\\\/06\\\/plage-une.jpeg\",\"datePublished\":\"2025-01-29T10:59:05+00:00\",\"dateModified\":\"2025-01-29T10:59:06+00:00\",\"breadcrumb\":{\"@id\":\"https:\\\/\\\/lasentinelle.dz\\\/index.php\\\/2025\\\/01\\\/29\\\/mois-de-ramadhan-et-saison-estivale-le-ministere-de-linterieur-lance-les-preparatifs\\\/#breadcrumb\"},\"inLanguage\":\"fr-FR\",\"potentialAction\":[{\"@type\":\"ReadAction\",\"target\":[\"https:\\\/\\\/lasentinelle.dz\\\/index.php\\\/2025\\\/01\\\/29\\\/mois-de-ramadhan-et-saison-estivale-le-ministere-de-linterieur-lance-les-preparatifs\\\/\"]}]},{\"@type\":\"ImageObject\",\"inLanguage\":\"fr-FR\",\"@id\":\"https:\\\/\\\/lasentinelle.dz\\\/index.php\\\/2025\\\/01\\\/29\\\/mois-de-ramadhan-et-saison-estivale-le-ministere-de-linterieur-lance-les-preparatifs\\\/#primaryimage\",\"url\":\"https:\\\/\\\/lasentinelle.dz\\\/wp-content\\\/uploads\\\/2023\\\/06\\\/plage-une.jpeg\",\"contentUrl\":\"https:\\\/\\\/lasentinelle.dz\\\/wp-content\\\/uploads\\\/2023\\\/06\\\/plage-une.jpeg\",\"width\":1200,\"height\":798},{\"@type\":\"BreadcrumbList\",\"@id\":\"https:\\\/\\\/lasentinelle.dz\\\/index.php\\\/2025\\\/01\\\/29\\\/mois-de-ramadhan-et-saison-estivale-le-ministere-de-linterieur-lance-les-preparatifs\\\/#breadcrumb\",\"itemListElement\":[{\"@type\":\"ListItem\",\"position\":1,\"name\":\"Accueil\",\"item\":\"https:\\\/\\\/lasentinelle.dz\\\/\"},{\"@type\":\"ListItem\",\"position\":2,\"name\":\"Mois de Ramadhan et saison estivale: Le minist\u00e8re de l\u2019Int\u00e9rieur lance les pr\u00e9paratifs\"}]},{\"@type\":\"WebSite\",\"@id\":\"https:\\\/\\\/lasentinelle.dz\\\/#website\",\"url\":\"https:\\\/\\\/lasentinelle.dz\\\/\",\"name\":\"La Sentinelle\",\"description\":\"Quotidien national d&#039;information\",\"publisher\":{\"@id\":\"https:\\\/\\\/lasentinelle.dz\\\/#organization\"},\"potentialAction\":[{\"@type\":\"SearchAction\",\"target\":{\"@type\":\"EntryPoint\",\"urlTemplate\":\"https:\\\/\\\/lasentinelle.dz\\\/?s={search_term_string}\"},\"query-input\":{\"@type\":\"PropertyValueSpecification\",\"valueRequired\":true,\"valueName\":\"search_term_string\"}}],\"inLanguage\":\"fr-FR\"},{\"@type\":\"Organization\",\"@id\":\"https:\\\/\\\/lasentinelle.dz\\\/#organization\",\"name\":\"Quotidien La Sentinelle\",\"url\":\"https:\\\/\\\/lasentinelle.dz\\\/\",\"logo\":{\"@type\":\"ImageObject\",\"inLanguage\":\"fr-FR\",\"@id\":\"https:\\\/\\\/lasentinelle.dz\\\/#\\\/schema\\\/logo\\\/image\\\/\",\"url\":\"https:\\\/\\\/lasentinelle.dz\\\/wp-content\\\/uploads\\\/2021\\\/09\\\/logo-sentinelleSLOGAN-1.png\",\"contentUrl\":\"https:\\\/\\\/lasentinelle.dz\\\/wp-content\\\/uploads\\\/2021\\\/09\\\/logo-sentinelleSLOGAN-1.png\",\"width\":615,\"height\":142,\"caption\":\"Quotidien La Sentinelle\"},\"image\":{\"@id\":\"https:\\\/\\\/lasentinelle.dz\\\/#\\\/schema\\\/logo\\\/image\\\/\"},\"sameAs\":[\"https:\\\/\\\/www.facebook.com\\\/La-Sentinelle-104059864394773\"]},{\"@type\":\"Person\",\"@id\":\"https:\\\/\\\/lasentinelle.dz\\\/#\\\/schema\\\/person\\\/729ee0024f24e0b8c5ec17232f8e8b41\",\"name\":\"admin\",\"image\":{\"@type\":\"ImageObject\",\"inLanguage\":\"fr-FR\",\"@id\":\"https:\\\/\\\/secure.gravatar.com\\\/avatar\\\/4c81fed838786e9b53f540bf46533e750f5d292099ae3b66cfc6fb1982e29df7?s=96&d=mm&r=g\",\"url\":\"https:\\\/\\\/secure.gravatar.com\\\/avatar\\\/4c81fed838786e9b53f540bf46533e750f5d292099ae3b66cfc6fb1982e29df7?s=96&d=mm&r=g\",\"contentUrl\":\"https:\\\/\\\/secure.gravatar.com\\\/avatar\\\/4c81fed838786e9b53f540bf46533e750f5d292099ae3b66cfc6fb1982e29df7?s=96&d=mm&r=g\",\"caption\":\"admin\"},\"description\":\"admin\",\"url\":\"https:\\\/\\\/lasentinelle.dz\\\/author\\\/admin\\\/\"}]}<\/script>\n<!-- \/ Yoast SEO plugin. -->","yoast_head_json":{"title":"Mois de Ramadhan et saison estivale: Le minist\u00e8re de l\u2019Int\u00e9rieur lance les pr\u00e9paratifs - La Sentinelle","robots":{"index":"index","follow":"follow","max-snippet":"max-snippet:-1","max-image-preview":"max-image-preview:large","max-video-preview":"max-video-preview:-1"},"canonical":"https:\/\/lasentinelle.dz\/index.php\/2025\/01\/29\/mois-de-ramadhan-et-saison-estivale-le-ministere-de-linterieur-lance-les-preparatifs\/","og_locale":"fr_FR","og_type":"article","og_title":"Mois de Ramadhan et saison estivale: Le minist\u00e8re de l\u2019Int\u00e9rieur lance les pr\u00e9paratifs - La Sentinelle","og_description":"Dans le cadre d&rsquo;une approche int\u00e9gr\u00e9e visant \u00e0 assurer le bon d\u00e9roulement du mois sacr\u00e9 de Ramadan et de la","og_url":"https:\/\/lasentinelle.dz\/index.php\/2025\/01\/29\/mois-de-ramadhan-et-saison-estivale-le-ministere-de-linterieur-lance-les-preparatifs\/","og_site_name":"La Sentinelle","article_publisher":"https:\/\/www.facebook.com\/La-Sentinelle-104059864394773","article_published_time":"2025-01-29T10:59:05+00:00","article_modified_time":"2025-01-29T10:59:06+00:00","og_image":[{"width":1200,"height":798,"url":"https:\/\/lasentinelle.dz\/wp-content\/uploads\/2023\/06\/plage-une.jpeg","type":"image\/jpeg"}],"author":"admin","twitter_card":"summary_large_image","twitter_misc":{"\u00c9crit par":"admin","Dur\u00e9e de lecture estim\u00e9e":"3 minutes"},"schema":{"@context":"https:\/\/schema.org","@graph":[{"@type":"Article","@id":"https:\/\/lasentinelle.dz\/index.php\/2025\/01\/29\/mois-de-ramadhan-et-saison-estivale-le-ministere-de-linterieur-lance-les-preparatifs\/#article","isPartOf":{"@id":"https:\/\/lasentinelle.dz\/index.php\/2025\/01\/29\/mois-de-ramadhan-et-saison-estivale-le-ministere-de-linterieur-lance-les-preparatifs\/"},"author":{"name":"admin","@id":"https:\/\/lasentinelle.dz\/#\/schema\/person\/729ee0024f24e0b8c5ec17232f8e8b41"},"headline":"Mois de Ramadhan et saison estivale: Le minist\u00e8re de l\u2019Int\u00e9rieur lance les pr\u00e9paratifs","datePublished":"2025-01-29T10:59:05+00:00","dateModified":"2025-01-29T10:59:06+00:00","mainEntityOfPage":{"@id":"https:\/\/lasentinelle.dz\/index.php\/2025\/01\/29\/mois-de-ramadhan-et-saison-estivale-le-ministere-de-linterieur-lance-les-preparatifs\/"},"wordCount":498,"commentCount":0,"publisher":{"@id":"https:\/\/lasentinelle.dz\/#organization"},"image":{"@id":"https:\/\/lasentinelle.dz\/index.php\/2025\/01\/29\/mois-de-ramadhan-et-saison-estivale-le-ministere-de-linterieur-lance-les-preparatifs\/#primaryimage"},"thumbnailUrl":"https:\/\/lasentinelle.dz\/wp-content\/uploads\/2023\/06\/plage-une.jpeg","articleSection":["Actualit\u00e9"],"inLanguage":"fr-FR","potentialAction":[{"@type":"CommentAction","name":"Comment","target":["https:\/\/lasentinelle.dz\/index.php\/2025\/01\/29\/mois-de-ramadhan-et-saison-estivale-le-ministere-de-linterieur-lance-les-preparatifs\/#respond"]}]},{"@type":"WebPage","@id":"https:\/\/lasentinelle.dz\/index.php\/2025\/01\/29\/mois-de-ramadhan-et-saison-estivale-le-ministere-de-linterieur-lance-les-preparatifs\/","url":"https:\/\/lasentinelle.dz\/index.php\/2025\/01\/29\/mois-de-ramadhan-et-saison-estivale-le-ministere-de-linterieur-lance-les-preparatifs\/","name":"Mois de Ramadhan et saison estivale: Le minist\u00e8re de l\u2019Int\u00e9rieur lance les pr\u00e9paratifs - La Sentinelle","isPartOf":{"@id":"https:\/\/lasentinelle.dz\/#website"},"primaryImageOfPage":{"@id":"https:\/\/lasentinelle.dz\/index.php\/2025\/01\/29\/mois-de-ramadhan-et-saison-estivale-le-ministere-de-linterieur-lance-les-preparatifs\/#primaryimage"},"image":{"@id":"https:\/\/lasentinelle.dz\/index.php\/2025\/01\/29\/mois-de-ramadhan-et-saison-estivale-le-ministere-de-linterieur-lance-les-preparatifs\/#primaryimage"},"thumbnailUrl":"https:\/\/lasentinelle.dz\/wp-content\/uploads\/2023\/06\/plage-une.jpeg","datePublished":"2025-01-29T10:59:05+00:00","dateModified":"2025-01-29T10:59:06+00:00","breadcrumb":{"@id":"https:\/\/lasentinelle.dz\/index.php\/2025\/01\/29\/mois-de-ramadhan-et-saison-estivale-le-ministere-de-linterieur-lance-les-preparatifs\/#breadcrumb"},"inLanguage":"fr-FR","potentialAction":[{"@type":"ReadAction","target":["https:\/\/lasentinelle.dz\/index.php\/2025\/01\/29\/mois-de-ramadhan-et-saison-estivale-le-ministere-de-linterieur-lance-les-preparatifs\/"]}]},{"@type":"ImageObject","inLanguage":"fr-FR","@id":"https:\/\/lasentinelle.dz\/index.php\/2025\/01\/29\/mois-de-ramadhan-et-saison-estivale-le-ministere-de-linterieur-lance-les-preparatifs\/#primaryimage","url":"https:\/\/lasentinelle.dz\/wp-content\/uploads\/2023\/06\/plage-une.jpeg","contentUrl":"https:\/\/lasentinelle.dz\/wp-content\/uploads\/2023\/06\/plage-une.jpeg","width":1200,"height":798},{"@type":"BreadcrumbList","@id":"https:\/\/lasentinelle.dz\/index.php\/2025\/01\/29\/mois-de-ramadhan-et-saison-estivale-le-ministere-de-linterieur-lance-les-preparatifs\/#breadcrumb","itemListElement":[{"@type":"ListItem","position":1,"name":"Accueil","item":"https:\/\/lasentinelle.dz\/"},{"@type":"ListItem","position":2,"name":"Mois de Ramadhan et saison estivale: Le minist\u00e8re de l\u2019Int\u00e9rieur lance les pr\u00e9paratifs"}]},{"@type":"WebSite","@id":"https:\/\/lasentinelle.dz\/#website","url":"https:\/\/lasentinelle.dz\/","name":"La Sentinelle","description":"Quotidien national d&#039;information","publisher":{"@id":"https:\/\/lasentinelle.dz\/#organization"},"potentialAction":[{"@type":"SearchAction","target":{"@type":"EntryPoint","urlTemplate":"https:\/\/lasentinelle.dz\/?s={search_term_string}"},"query-input":{"@type":"PropertyValueSpecification","valueRequired":true,"valueName":"search_term_string"}}],"inLanguage":"fr-FR"},{"@type":"Organization","@id":"https:\/\/lasentinelle.dz\/#organization","name":"Quotidien La Sentinelle","url":"https:\/\/lasentinelle.dz\/","logo":{"@type":"ImageObject","inLanguage":"fr-FR","@id":"https:\/\/lasentinelle.dz\/#\/schema\/logo\/image\/","url":"https:\/\/lasentinelle.dz\/wp-content\/uploads\/2021\/09\/logo-sentinelleSLOGAN-1.png","contentUrl":"https:\/\/lasentinelle.dz\/wp-content\/uploads\/2021\/09\/logo-sentinelleSLOGAN-1.png","width":615,"height":142,"caption":"Quotidien La Sentinelle"},"image":{"@id":"https:\/\/lasentinelle.dz\/#\/schema\/logo\/image\/"},"sameAs":["https:\/\/www.facebook.com\/La-Sentinelle-104059864394773"]},{"@type":"Person","@id":"https:\/\/lasentinelle.dz\/#\/schema\/person\/729ee0024f24e0b8c5ec17232f8e8b41","name":"admin","image":{"@type":"ImageObject","inLanguage":"fr-FR","@id":"https:\/\/secure.gravatar.com\/avatar\/4c81fed838786e9b53f540bf46533e750f5d292099ae3b66cfc6fb1982e29df7?s=96&d=mm&r=g","url":"https:\/\/secure.gravatar.com\/avatar\/4c81fed838786e9b53f540bf46533e750f5d292099ae3b66cfc6fb1982e29df7?s=96&d=mm&r=g","contentUrl":"https:\/\/secure.gravatar.com\/avatar\/4c81fed838786e9b53f540bf46533e750f5d292099ae3b66cfc6fb1982e29df7?s=96&d=mm&r=g","caption":"admin"},"description":"admin","url":"https:\/\/lasentinelle.dz\/author\/admin\/"}]}},"_links":{"self":[{"href":"https:\/\/lasentinelle.dz\/index.php\/wp-json\/wp\/v2\/posts\/62217","targetHints":{"allow":["GET"]}}],"collection":[{"href":"https:\/\/lasentinelle.dz\/index.php\/wp-json\/wp\/v2\/posts"}],"about":[{"href":"https:\/\/lasentinelle.dz\/index.php\/wp-json\/wp\/v2\/types\/post"}],"author":[{"embeddable":true,"href":"https:\/\/lasentinelle.dz\/index.php\/wp-json\/wp\/v2\/users\/6"}],"replies":[{"embeddable":true,"href":"https:\/\/lasentinelle.dz\/index.php\/wp-json\/wp\/v2\/comments?post=62217"}],"version-history":[{"count":1,"href":"https:\/\/lasentinelle.dz\/index.php\/wp-json\/wp\/v2\/posts\/62217\/revisions"}],"predecessor-version":[{"id":62218,"href":"https:\/\/lasentinelle.dz\/index.php\/wp-json\/wp\/v2\/posts\/62217\/revisions\/62218"}],"wp:featuredmedia":[{"embeddable":true,"href":"https:\/\/lasentinelle.dz\/index.php\/wp-json\/wp\/v2\/media\/42892"}],"wp:attachment":[{"href":"https:\/\/lasentinelle.dz\/index.php\/wp-json\/wp\/v2\/media?parent=62217"}],"wp:term":[{"taxonomy":"category","embeddable":true,"href":"https:\/\/lasentinelle.dz\/index.php\/wp-json\/wp\/v2\/categories?post=62217"},{"taxonomy":"post_tag","embeddable":true,"href":"https:\/\/lasentinelle.dz\/index.php\/wp-json\/wp\/v2\/tags?post=62217"}],"curies":[{"name":"wp","href":"https:\/\/api.w.org\/{rel}","templated":true}]}}