{"id":62228,"date":"2025-01-29T12:05:06","date_gmt":"2025-01-29T11:05:06","guid":{"rendered":"https:\/\/lasentinelle.dz\/?p=62228"},"modified":"2025-01-29T12:05:06","modified_gmt":"2025-01-29T11:05:06","slug":"traore-cest-un-tirage-assez-equilibre-pour-nous","status":"publish","type":"post","link":"https:\/\/lasentinelle.dz\/index.php\/2025\/01\/29\/traore-cest-un-tirage-assez-equilibre-pour-nous\/","title":{"rendered":"Traor\u00e9\u00a0: \u00ab\u00a0C&rsquo;est un tirage assez \u00e9quilibr\u00e9 pour nous\u00a0\u00bb"},"content":{"rendered":"\n<p>Le s\u00e9lectionneur du Burkina Faso Bertrand Traor\u00e9, a estim\u00e9 lundi soir, que le tirage au sort de la 35e \u00e9dition de la Coupe d&rsquo;Afrique des Nations CAN 2025 de football, est \u00ab\u00a0assez \u00e9quilibr\u00e9\u00a0\u00bb pour les Etalons. Log\u00e9 dans la poule E, le Burkina Faso est en compagnie de l&rsquo;Alg\u00e9rie, la Guin\u00e9e Equatoriale et le Soudan pour la phase finale de la CAN 2025 pr\u00e9vue du 21 d\u00e9cembre 2025 au 18 janvier 2026. &nbsp;\u00ab\u00a0Ces deux \u00e9quipes ont pris l&rsquo;habitude de souvent s&rsquo;affronter\u00a0\u00bb, observe le technicien burkinab\u00e9 avec une pointe de philosophie, rappelant le match nul spectaculaire (2-2) de la derni\u00e8re CAN en C\u00f4te d&rsquo;Ivoire. Une rivalit\u00e9 qui s&rsquo;est construite au fil des ann\u00e9es, notamment lors des qualifications pour la Coupe du monde 2022 et les m\u00e9morables barrages du Mondial 2014. \u00ab\u00a0En g\u00e9n\u00e9ral, ce sont des matches tr\u00e8s serr\u00e9s, tr\u00e8s disput\u00e9s, parfois spectaculaires\u00a0\u00bb, souligne Traor\u00e9, qui ne manque pas de saluer la qualit\u00e9 de son futur adversaire. Le s\u00e9lectionneur des \u00c9talons livre d&rsquo;ailleurs une analyse lucide des Fennecs : \u00ab\u00a0L&rsquo;Alg\u00e9rie est une tr\u00e8s bonne \u00e9quipe, avec de belles individualit\u00e9s\u00a0\u00bb. Tout en rappelant les r\u00e9centes d\u00e9sillusions alg\u00e9riennes lors des deux derni\u00e8res CAN et l&rsquo;\u00e9chec dans la course au Mondial qatari, il reconna\u00eet le renouveau insuffl\u00e9 par Vladimir Petkovic depuis 2024. \u00ab\u00a0L&rsquo;Alg\u00e9rie sera un adversaire tr\u00e8s difficile \u00e0 affronter\u00a0\u00bb, pr\u00e9vient-il. Mais le groupe E ne se r\u00e9sume pas au duel alg\u00e9ro-burkinab\u00e9. La Guin\u00e9e \u00e9quatoriale, que Traor\u00e9 d\u00e9crit comme une s\u00e9lection \u00ab\u00a0difficile \u00e0 jouer, bien organis\u00e9e\u00a0\u00bb, repr\u00e9sente un d\u00e9fi s\u00e9rieux. \u00ab\u00a0Elle d\u00e9fend bien et sait se montrer tr\u00e8s efficace\u00a0\u00bb, analyse-t-il, soulignant l&rsquo;excellente impression laiss\u00e9e par le Nzalang Nacional lors du premier tour de la derni\u00e8re CAN en C\u00f4te d&rsquo;Ivoire. Le Soudan, adversaire plus rare que le Burkina n&rsquo;a crois\u00e9 qu&rsquo;une fois en 2012, force le respect du s\u00e9lectionneur. Son analyse de l&rsquo;\u00e9quipe soudanaise r\u00e9v\u00e8le une admiration particuli\u00e8re pour sa r\u00e9silience dans un contexte national difficile : \u00ab\u00a0La situation du pays, o\u00f9 il y a une guerre civile depuis pr\u00e8s de deux ans, emp\u00eache la s\u00e9lection de jouer \u00e0 domicile. Pourtant, elle a r\u00e9ussi \u00e0 se qualifier pour la CAN, en \u00e9liminant notamment le Ghana\u00a0\u00bb. Traor\u00e9 souligne \u00e9galement la performance des Faucons de Jediane dans les \u00e9liminatoires du Mondial 2026, o\u00f9 ils devancent actuellement le S\u00e9n\u00e9gal, la RD Congo, le Togo et la Mauritanie. Quant aux ambitions des \u00c9talons, le s\u00e9lectionneur pr\u00e9f\u00e8re temp\u00e9rer les ardeurs, rappelant que la phase finale ne d\u00e9butera que dans plus de dix mois. \u00ab\u00a0Ce n&rsquo;est pas forc\u00e9ment \u00e9vident de se projeter\u00a0\u00bb, admet-il, pointant les six matches qualificatifs pour le Mondial 2026 \u00e0 disputer d&rsquo;ici l\u00e0. \u00ab\u00a0Il sera plus facile de faire des pronostics au mois de novembre\u00a0\u00bb, estime Traor\u00e9, qui reconna\u00eet n\u00e9anmoins la complexit\u00e9 et l&rsquo;homog\u00e9n\u00e9it\u00e9 du groupe E.<\/p>\n\n\n\n<p>M.D.<\/p>\n","protected":false},"excerpt":{"rendered":"<p>Le s\u00e9lectionneur du Burkina Faso Bertrand Traor\u00e9, a estim\u00e9 lundi soir, que le tirage au sort de la 35e \u00e9dition<\/p>\n","protected":false},"author":6,"featured_media":62229,"comment_status":"open","ping_status":"closed","sticky":false,"template":"","format":"standard","meta":{"colormag_page_container_layout":"default_layout","colormag_page_sidebar_layout":"default_layout","om_disable_all_campaigns":false,"_monsterinsights_skip_tracking":false,"_monsterinsights_sitenote_active":false,"_monsterinsights_sitenote_note":"","_monsterinsights_sitenote_category":0,"footnotes":"","_wpscppro_dont_share_socialmedia":false,"_wpscppro_custom_social_share_image":0,"_facebook_share_type":"default","_twitter_share_type":"default","_linkedin_share_type":"default","_pinterest_share_type":"default","_linkedin_share_type_page":"","_instagram_share_type":"default","_medium_share_type":"default","_threads_share_type":"","_google_business_share_type":"","_selected_social_profile":[],"_wpsp_enable_custom_social_template":false,"_wpsp_social_scheduling":{"enabled":false,"datetime":null,"platforms":[],"status":"template_only","dateOption":"today","timeOption":"now","customDays":"","customHours":"","customDate":"","customTime":"","schedulingType":"absolute"},"_wpsp_active_default_template":true},"categories":[33],"tags":[],"class_list":["post-62228","post","type-post","status-publish","format-standard","has-post-thumbnail","hentry","category-sports"],"aioseo_notices":[],"yoast_head":"<!-- This site is optimized with the Yoast SEO plugin v27.5 - https:\/\/yoast.com\/product\/yoast-seo-wordpress\/ -->\n<title>Traor\u00e9\u00a0: \u00ab\u00a0C&rsquo;est un tirage assez \u00e9quilibr\u00e9 pour nous\u00a0\u00bb - La Sentinelle<\/title>\n<meta name=\"robots\" content=\"index, follow, max-snippet:-1, max-image-preview:large, max-video-preview:-1\" \/>\n<link rel=\"canonical\" href=\"https:\/\/lasentinelle.dz\/index.php\/2025\/01\/29\/traore-cest-un-tirage-assez-equilibre-pour-nous\/\" \/>\n<meta property=\"og:locale\" content=\"fr_FR\" \/>\n<meta property=\"og:type\" content=\"article\" \/>\n<meta property=\"og:title\" content=\"Traor\u00e9\u00a0: \u00ab\u00a0C&rsquo;est un tirage assez \u00e9quilibr\u00e9 pour nous\u00a0\u00bb - La Sentinelle\" \/>\n<meta property=\"og:description\" content=\"Le s\u00e9lectionneur du Burkina Faso Bertrand Traor\u00e9, a estim\u00e9 lundi soir, que le tirage au sort de la 35e \u00e9dition\" \/>\n<meta property=\"og:url\" content=\"https:\/\/lasentinelle.dz\/index.php\/2025\/01\/29\/traore-cest-un-tirage-assez-equilibre-pour-nous\/\" \/>\n<meta property=\"og:site_name\" content=\"La Sentinelle\" \/>\n<meta property=\"article:publisher\" content=\"https:\/\/www.facebook.com\/La-Sentinelle-104059864394773\" \/>\n<meta property=\"article:published_time\" content=\"2025-01-29T11:05:06+00:00\" \/>\n<meta property=\"og:image\" content=\"https:\/\/lasentinelle.dz\/wp-content\/uploads\/2025\/01\/brama-traore.webp\" \/>\n\t<meta property=\"og:image:width\" content=\"1170\" \/>\n\t<meta property=\"og:image:height\" content=\"877\" \/>\n\t<meta property=\"og:image:type\" content=\"image\/webp\" \/>\n<meta name=\"author\" content=\"admin\" \/>\n<meta name=\"twitter:card\" content=\"summary_large_image\" \/>\n<meta name=\"twitter:label1\" content=\"\u00c9crit par\" \/>\n\t<meta name=\"twitter:data1\" content=\"admin\" \/>\n\t<meta name=\"twitter:label2\" content=\"Dur\u00e9e de lecture estim\u00e9e\" \/>\n\t<meta name=\"twitter:data2\" content=\"3 minutes\" \/>\n<script type=\"application\/ld+json\" class=\"yoast-schema-graph\">{\"@context\":\"https:\\\/\\\/schema.org\",\"@graph\":[{\"@type\":\"Article\",\"@id\":\"https:\\\/\\\/lasentinelle.dz\\\/index.php\\\/2025\\\/01\\\/29\\\/traore-cest-un-tirage-assez-equilibre-pour-nous\\\/#article\",\"isPartOf\":{\"@id\":\"https:\\\/\\\/lasentinelle.dz\\\/index.php\\\/2025\\\/01\\\/29\\\/traore-cest-un-tirage-assez-equilibre-pour-nous\\\/\"},\"author\":{\"name\":\"admin\",\"@id\":\"https:\\\/\\\/lasentinelle.dz\\\/#\\\/schema\\\/person\\\/729ee0024f24e0b8c5ec17232f8e8b41\"},\"headline\":\"Traor\u00e9\u00a0: \u00ab\u00a0C&rsquo;est un tirage assez \u00e9quilibr\u00e9 pour nous\u00a0\u00bb\",\"datePublished\":\"2025-01-29T11:05:06+00:00\",\"mainEntityOfPage\":{\"@id\":\"https:\\\/\\\/lasentinelle.dz\\\/index.php\\\/2025\\\/01\\\/29\\\/traore-cest-un-tirage-assez-equilibre-pour-nous\\\/\"},\"wordCount\":522,\"commentCount\":0,\"publisher\":{\"@id\":\"https:\\\/\\\/lasentinelle.dz\\\/#organization\"},\"image\":{\"@id\":\"https:\\\/\\\/lasentinelle.dz\\\/index.php\\\/2025\\\/01\\\/29\\\/traore-cest-un-tirage-assez-equilibre-pour-nous\\\/#primaryimage\"},\"thumbnailUrl\":\"https:\\\/\\\/lasentinelle.dz\\\/wp-content\\\/uploads\\\/2025\\\/01\\\/brama-traore.webp\",\"articleSection\":[\"Sports\"],\"inLanguage\":\"fr-FR\",\"potentialAction\":[{\"@type\":\"CommentAction\",\"name\":\"Comment\",\"target\":[\"https:\\\/\\\/lasentinelle.dz\\\/index.php\\\/2025\\\/01\\\/29\\\/traore-cest-un-tirage-assez-equilibre-pour-nous\\\/#respond\"]}]},{\"@type\":\"WebPage\",\"@id\":\"https:\\\/\\\/lasentinelle.dz\\\/index.php\\\/2025\\\/01\\\/29\\\/traore-cest-un-tirage-assez-equilibre-pour-nous\\\/\",\"url\":\"https:\\\/\\\/lasentinelle.dz\\\/index.php\\\/2025\\\/01\\\/29\\\/traore-cest-un-tirage-assez-equilibre-pour-nous\\\/\",\"name\":\"Traor\u00e9\u00a0: \u00ab\u00a0C&rsquo;est un tirage assez \u00e9quilibr\u00e9 pour nous\u00a0\u00bb - La Sentinelle\",\"isPartOf\":{\"@id\":\"https:\\\/\\\/lasentinelle.dz\\\/#website\"},\"primaryImageOfPage\":{\"@id\":\"https:\\\/\\\/lasentinelle.dz\\\/index.php\\\/2025\\\/01\\\/29\\\/traore-cest-un-tirage-assez-equilibre-pour-nous\\\/#primaryimage\"},\"image\":{\"@id\":\"https:\\\/\\\/lasentinelle.dz\\\/index.php\\\/2025\\\/01\\\/29\\\/traore-cest-un-tirage-assez-equilibre-pour-nous\\\/#primaryimage\"},\"thumbnailUrl\":\"https:\\\/\\\/lasentinelle.dz\\\/wp-content\\\/uploads\\\/2025\\\/01\\\/brama-traore.webp\",\"datePublished\":\"2025-01-29T11:05:06+00:00\",\"breadcrumb\":{\"@id\":\"https:\\\/\\\/lasentinelle.dz\\\/index.php\\\/2025\\\/01\\\/29\\\/traore-cest-un-tirage-assez-equilibre-pour-nous\\\/#breadcrumb\"},\"inLanguage\":\"fr-FR\",\"potentialAction\":[{\"@type\":\"ReadAction\",\"target\":[\"https:\\\/\\\/lasentinelle.dz\\\/index.php\\\/2025\\\/01\\\/29\\\/traore-cest-un-tirage-assez-equilibre-pour-nous\\\/\"]}]},{\"@type\":\"ImageObject\",\"inLanguage\":\"fr-FR\",\"@id\":\"https:\\\/\\\/lasentinelle.dz\\\/index.php\\\/2025\\\/01\\\/29\\\/traore-cest-un-tirage-assez-equilibre-pour-nous\\\/#primaryimage\",\"url\":\"https:\\\/\\\/lasentinelle.dz\\\/wp-content\\\/uploads\\\/2025\\\/01\\\/brama-traore.webp\",\"contentUrl\":\"https:\\\/\\\/lasentinelle.dz\\\/wp-content\\\/uploads\\\/2025\\\/01\\\/brama-traore.webp\",\"width\":1170,\"height\":877},{\"@type\":\"BreadcrumbList\",\"@id\":\"https:\\\/\\\/lasentinelle.dz\\\/index.php\\\/2025\\\/01\\\/29\\\/traore-cest-un-tirage-assez-equilibre-pour-nous\\\/#breadcrumb\",\"itemListElement\":[{\"@type\":\"ListItem\",\"position\":1,\"name\":\"Accueil\",\"item\":\"https:\\\/\\\/lasentinelle.dz\\\/\"},{\"@type\":\"ListItem\",\"position\":2,\"name\":\"Traor\u00e9\u00a0: \u00ab\u00a0C&rsquo;est un tirage assez \u00e9quilibr\u00e9 pour nous\u00a0\u00bb\"}]},{\"@type\":\"WebSite\",\"@id\":\"https:\\\/\\\/lasentinelle.dz\\\/#website\",\"url\":\"https:\\\/\\\/lasentinelle.dz\\\/\",\"name\":\"La Sentinelle\",\"description\":\"Quotidien national d&#039;information\",\"publisher\":{\"@id\":\"https:\\\/\\\/lasentinelle.dz\\\/#organization\"},\"potentialAction\":[{\"@type\":\"SearchAction\",\"target\":{\"@type\":\"EntryPoint\",\"urlTemplate\":\"https:\\\/\\\/lasentinelle.dz\\\/?s={search_term_string}\"},\"query-input\":{\"@type\":\"PropertyValueSpecification\",\"valueRequired\":true,\"valueName\":\"search_term_string\"}}],\"inLanguage\":\"fr-FR\"},{\"@type\":\"Organization\",\"@id\":\"https:\\\/\\\/lasentinelle.dz\\\/#organization\",\"name\":\"Quotidien La Sentinelle\",\"url\":\"https:\\\/\\\/lasentinelle.dz\\\/\",\"logo\":{\"@type\":\"ImageObject\",\"inLanguage\":\"fr-FR\",\"@id\":\"https:\\\/\\\/lasentinelle.dz\\\/#\\\/schema\\\/logo\\\/image\\\/\",\"url\":\"https:\\\/\\\/lasentinelle.dz\\\/wp-content\\\/uploads\\\/2021\\\/09\\\/logo-sentinelleSLOGAN-1.png\",\"contentUrl\":\"https:\\\/\\\/lasentinelle.dz\\\/wp-content\\\/uploads\\\/2021\\\/09\\\/logo-sentinelleSLOGAN-1.png\",\"width\":615,\"height\":142,\"caption\":\"Quotidien La Sentinelle\"},\"image\":{\"@id\":\"https:\\\/\\\/lasentinelle.dz\\\/#\\\/schema\\\/logo\\\/image\\\/\"},\"sameAs\":[\"https:\\\/\\\/www.facebook.com\\\/La-Sentinelle-104059864394773\"]},{\"@type\":\"Person\",\"@id\":\"https:\\\/\\\/lasentinelle.dz\\\/#\\\/schema\\\/person\\\/729ee0024f24e0b8c5ec17232f8e8b41\",\"name\":\"admin\",\"image\":{\"@type\":\"ImageObject\",\"inLanguage\":\"fr-FR\",\"@id\":\"https:\\\/\\\/secure.gravatar.com\\\/avatar\\\/4c81fed838786e9b53f540bf46533e750f5d292099ae3b66cfc6fb1982e29df7?s=96&d=mm&r=g\",\"url\":\"https:\\\/\\\/secure.gravatar.com\\\/avatar\\\/4c81fed838786e9b53f540bf46533e750f5d292099ae3b66cfc6fb1982e29df7?s=96&d=mm&r=g\",\"contentUrl\":\"https:\\\/\\\/secure.gravatar.com\\\/avatar\\\/4c81fed838786e9b53f540bf46533e750f5d292099ae3b66cfc6fb1982e29df7?s=96&d=mm&r=g\",\"caption\":\"admin\"},\"description\":\"admin\",\"url\":\"https:\\\/\\\/lasentinelle.dz\\\/author\\\/admin\\\/\"}]}<\/script>\n<!-- \/ Yoast SEO plugin. -->","yoast_head_json":{"title":"Traor\u00e9\u00a0: \u00ab\u00a0C&rsquo;est un tirage assez \u00e9quilibr\u00e9 pour nous\u00a0\u00bb - La Sentinelle","robots":{"index":"index","follow":"follow","max-snippet":"max-snippet:-1","max-image-preview":"max-image-preview:large","max-video-preview":"max-video-preview:-1"},"canonical":"https:\/\/lasentinelle.dz\/index.php\/2025\/01\/29\/traore-cest-un-tirage-assez-equilibre-pour-nous\/","og_locale":"fr_FR","og_type":"article","og_title":"Traor\u00e9\u00a0: \u00ab\u00a0C&rsquo;est un tirage assez \u00e9quilibr\u00e9 pour nous\u00a0\u00bb - La Sentinelle","og_description":"Le s\u00e9lectionneur du Burkina Faso Bertrand Traor\u00e9, a estim\u00e9 lundi soir, que le tirage au sort de la 35e \u00e9dition","og_url":"https:\/\/lasentinelle.dz\/index.php\/2025\/01\/29\/traore-cest-un-tirage-assez-equilibre-pour-nous\/","og_site_name":"La Sentinelle","article_publisher":"https:\/\/www.facebook.com\/La-Sentinelle-104059864394773","article_published_time":"2025-01-29T11:05:06+00:00","og_image":[{"width":1170,"height":877,"url":"https:\/\/lasentinelle.dz\/wp-content\/uploads\/2025\/01\/brama-traore.webp","type":"image\/webp"}],"author":"admin","twitter_card":"summary_large_image","twitter_misc":{"\u00c9crit par":"admin","Dur\u00e9e de lecture estim\u00e9e":"3 minutes"},"schema":{"@context":"https:\/\/schema.org","@graph":[{"@type":"Article","@id":"https:\/\/lasentinelle.dz\/index.php\/2025\/01\/29\/traore-cest-un-tirage-assez-equilibre-pour-nous\/#article","isPartOf":{"@id":"https:\/\/lasentinelle.dz\/index.php\/2025\/01\/29\/traore-cest-un-tirage-assez-equilibre-pour-nous\/"},"author":{"name":"admin","@id":"https:\/\/lasentinelle.dz\/#\/schema\/person\/729ee0024f24e0b8c5ec17232f8e8b41"},"headline":"Traor\u00e9\u00a0: \u00ab\u00a0C&rsquo;est un tirage assez \u00e9quilibr\u00e9 pour nous\u00a0\u00bb","datePublished":"2025-01-29T11:05:06+00:00","mainEntityOfPage":{"@id":"https:\/\/lasentinelle.dz\/index.php\/2025\/01\/29\/traore-cest-un-tirage-assez-equilibre-pour-nous\/"},"wordCount":522,"commentCount":0,"publisher":{"@id":"https:\/\/lasentinelle.dz\/#organization"},"image":{"@id":"https:\/\/lasentinelle.dz\/index.php\/2025\/01\/29\/traore-cest-un-tirage-assez-equilibre-pour-nous\/#primaryimage"},"thumbnailUrl":"https:\/\/lasentinelle.dz\/wp-content\/uploads\/2025\/01\/brama-traore.webp","articleSection":["Sports"],"inLanguage":"fr-FR","potentialAction":[{"@type":"CommentAction","name":"Comment","target":["https:\/\/lasentinelle.dz\/index.php\/2025\/01\/29\/traore-cest-un-tirage-assez-equilibre-pour-nous\/#respond"]}]},{"@type":"WebPage","@id":"https:\/\/lasentinelle.dz\/index.php\/2025\/01\/29\/traore-cest-un-tirage-assez-equilibre-pour-nous\/","url":"https:\/\/lasentinelle.dz\/index.php\/2025\/01\/29\/traore-cest-un-tirage-assez-equilibre-pour-nous\/","name":"Traor\u00e9\u00a0: \u00ab\u00a0C&rsquo;est un tirage assez \u00e9quilibr\u00e9 pour nous\u00a0\u00bb - La Sentinelle","isPartOf":{"@id":"https:\/\/lasentinelle.dz\/#website"},"primaryImageOfPage":{"@id":"https:\/\/lasentinelle.dz\/index.php\/2025\/01\/29\/traore-cest-un-tirage-assez-equilibre-pour-nous\/#primaryimage"},"image":{"@id":"https:\/\/lasentinelle.dz\/index.php\/2025\/01\/29\/traore-cest-un-tirage-assez-equilibre-pour-nous\/#primaryimage"},"thumbnailUrl":"https:\/\/lasentinelle.dz\/wp-content\/uploads\/2025\/01\/brama-traore.webp","datePublished":"2025-01-29T11:05:06+00:00","breadcrumb":{"@id":"https:\/\/lasentinelle.dz\/index.php\/2025\/01\/29\/traore-cest-un-tirage-assez-equilibre-pour-nous\/#breadcrumb"},"inLanguage":"fr-FR","potentialAction":[{"@type":"ReadAction","target":["https:\/\/lasentinelle.dz\/index.php\/2025\/01\/29\/traore-cest-un-tirage-assez-equilibre-pour-nous\/"]}]},{"@type":"ImageObject","inLanguage":"fr-FR","@id":"https:\/\/lasentinelle.dz\/index.php\/2025\/01\/29\/traore-cest-un-tirage-assez-equilibre-pour-nous\/#primaryimage","url":"https:\/\/lasentinelle.dz\/wp-content\/uploads\/2025\/01\/brama-traore.webp","contentUrl":"https:\/\/lasentinelle.dz\/wp-content\/uploads\/2025\/01\/brama-traore.webp","width":1170,"height":877},{"@type":"BreadcrumbList","@id":"https:\/\/lasentinelle.dz\/index.php\/2025\/01\/29\/traore-cest-un-tirage-assez-equilibre-pour-nous\/#breadcrumb","itemListElement":[{"@type":"ListItem","position":1,"name":"Accueil","item":"https:\/\/lasentinelle.dz\/"},{"@type":"ListItem","position":2,"name":"Traor\u00e9\u00a0: \u00ab\u00a0C&rsquo;est un tirage assez \u00e9quilibr\u00e9 pour nous\u00a0\u00bb"}]},{"@type":"WebSite","@id":"https:\/\/lasentinelle.dz\/#website","url":"https:\/\/lasentinelle.dz\/","name":"La Sentinelle","description":"Quotidien national d&#039;information","publisher":{"@id":"https:\/\/lasentinelle.dz\/#organization"},"potentialAction":[{"@type":"SearchAction","target":{"@type":"EntryPoint","urlTemplate":"https:\/\/lasentinelle.dz\/?s={search_term_string}"},"query-input":{"@type":"PropertyValueSpecification","valueRequired":true,"valueName":"search_term_string"}}],"inLanguage":"fr-FR"},{"@type":"Organization","@id":"https:\/\/lasentinelle.dz\/#organization","name":"Quotidien La Sentinelle","url":"https:\/\/lasentinelle.dz\/","logo":{"@type":"ImageObject","inLanguage":"fr-FR","@id":"https:\/\/lasentinelle.dz\/#\/schema\/logo\/image\/","url":"https:\/\/lasentinelle.dz\/wp-content\/uploads\/2021\/09\/logo-sentinelleSLOGAN-1.png","contentUrl":"https:\/\/lasentinelle.dz\/wp-content\/uploads\/2021\/09\/logo-sentinelleSLOGAN-1.png","width":615,"height":142,"caption":"Quotidien La Sentinelle"},"image":{"@id":"https:\/\/lasentinelle.dz\/#\/schema\/logo\/image\/"},"sameAs":["https:\/\/www.facebook.com\/La-Sentinelle-104059864394773"]},{"@type":"Person","@id":"https:\/\/lasentinelle.dz\/#\/schema\/person\/729ee0024f24e0b8c5ec17232f8e8b41","name":"admin","image":{"@type":"ImageObject","inLanguage":"fr-FR","@id":"https:\/\/secure.gravatar.com\/avatar\/4c81fed838786e9b53f540bf46533e750f5d292099ae3b66cfc6fb1982e29df7?s=96&d=mm&r=g","url":"https:\/\/secure.gravatar.com\/avatar\/4c81fed838786e9b53f540bf46533e750f5d292099ae3b66cfc6fb1982e29df7?s=96&d=mm&r=g","contentUrl":"https:\/\/secure.gravatar.com\/avatar\/4c81fed838786e9b53f540bf46533e750f5d292099ae3b66cfc6fb1982e29df7?s=96&d=mm&r=g","caption":"admin"},"description":"admin","url":"https:\/\/lasentinelle.dz\/author\/admin\/"}]}},"_links":{"self":[{"href":"https:\/\/lasentinelle.dz\/index.php\/wp-json\/wp\/v2\/posts\/62228","targetHints":{"allow":["GET"]}}],"collection":[{"href":"https:\/\/lasentinelle.dz\/index.php\/wp-json\/wp\/v2\/posts"}],"about":[{"href":"https:\/\/lasentinelle.dz\/index.php\/wp-json\/wp\/v2\/types\/post"}],"author":[{"embeddable":true,"href":"https:\/\/lasentinelle.dz\/index.php\/wp-json\/wp\/v2\/users\/6"}],"replies":[{"embeddable":true,"href":"https:\/\/lasentinelle.dz\/index.php\/wp-json\/wp\/v2\/comments?post=62228"}],"version-history":[{"count":2,"href":"https:\/\/lasentinelle.dz\/index.php\/wp-json\/wp\/v2\/posts\/62228\/revisions"}],"predecessor-version":[{"id":62231,"href":"https:\/\/lasentinelle.dz\/index.php\/wp-json\/wp\/v2\/posts\/62228\/revisions\/62231"}],"wp:featuredmedia":[{"embeddable":true,"href":"https:\/\/lasentinelle.dz\/index.php\/wp-json\/wp\/v2\/media\/62229"}],"wp:attachment":[{"href":"https:\/\/lasentinelle.dz\/index.php\/wp-json\/wp\/v2\/media?parent=62228"}],"wp:term":[{"taxonomy":"category","embeddable":true,"href":"https:\/\/lasentinelle.dz\/index.php\/wp-json\/wp\/v2\/categories?post=62228"},{"taxonomy":"post_tag","embeddable":true,"href":"https:\/\/lasentinelle.dz\/index.php\/wp-json\/wp\/v2\/tags?post=62228"}],"curies":[{"name":"wp","href":"https:\/\/api.w.org\/{rel}","templated":true}]}}