{"id":62292,"date":"2025-01-30T12:28:00","date_gmt":"2025-01-30T11:28:00","guid":{"rendered":"https:\/\/lasentinelle.dz\/?p=62292"},"modified":"2025-02-01T12:32:12","modified_gmt":"2025-02-01T11:32:12","slug":"transferts-andy-delort-fait-son-retour-a-montpelier","status":"publish","type":"post","link":"https:\/\/lasentinelle.dz\/index.php\/2025\/01\/30\/transferts-andy-delort-fait-son-retour-a-montpelier\/","title":{"rendered":"Transferts : Andy Delort fait son retour \u00e0 Montpelier"},"content":{"rendered":"\n<p>Andy Delort fait son grand retour \u00e0 la Mosson. L&rsquo;international alg\u00e9rien de 33 ans quitte le MC Alger pour retrouver son ancien club de Montpelier sous la forme d&rsquo;un pr\u00eat de six mois avec option d&rsquo;achat, comme l&rsquo;ont confirm\u00e9 les deux clubs hier.<\/p>\n\n\n\n<p>Pour le MHSC, actuellement englu\u00e9 \u00e0 l&rsquo;avant-derni\u00e8re place de la Ligue 1 fran\u00e7aise, ce retour pourrait bien \u00eatre le coup de poker dont le club a besoin pour se maintenir dans l&rsquo;\u00e9lite. Les statistiques de Delort sous le maillot pailladin parlent d&rsquo;elles-m\u00eames : 106 matchs, 47 buts et 21 passes d\u00e9cisives en trois saisons entre 2018 et 2021, des chiffres qui ont marqu\u00e9 les esprits dans l&rsquo;H\u00e9rault. \u00ab\u00a0Andy Delort est un enfant de la r\u00e9gion et ses statistiques sous les couleurs du Montpellier HSC d\u00e9fient toute concurrence\u00a0\u00bb, a d&rsquo;ailleurs soulign\u00e9 le club h\u00e9raultais dans son communiqu\u00e9 officiel, ajoutant que \u00ab\u00a0c&rsquo;est dans une optique avant tout collective qu&rsquo;Andy renoue aujourd&rsquo;hui le fil de son aventure montpelli\u00e9raine\u00a0\u00bb. Le choix du num\u00e9ro 7 pour son retour symbolise cette volont\u00e9 de renouer avec les succ\u00e8s pass\u00e9s. Pour le MC Alger, qui occupe actuellement la deuxi\u00e8me place du championnat de Ligue 1 Mobilis avec 24 points, ce d\u00e9part pourrait sembler surprenant. Arriv\u00e9 en septembre dernier avec un contrat de trois ans, Delort n&rsquo;aura finalement inscrit que trois buts lors de la phase aller de la Ligue 1 Mobilis. Ce pr\u00eat intervient \u00e0 un moment crucial pour les deux clubs : Montpellier re\u00e7oit Lens vendredi \u00e0 la Mosson pour le compte de la 20e journ\u00e9e de Ligue 1, un match qui pourrait d\u00e9j\u00e0 \u00eatre d\u00e9cisif dans la course au maintien, tandis que le MCA a accueilli hier la JS Saoura avec l&rsquo;opportunit\u00e9 de prendre provisoirement les commandes du championnat national. Ce transfert marque un nouveau chapitre dans la carri\u00e8re mouvement\u00e9e de l&rsquo;attaquant alg\u00e9rien, qui a multipli\u00e9 les exp\u00e9riences ces derni\u00e8res ann\u00e9es. Apr\u00e8s son premier passage r\u00e9ussi \u00e0 Montpellier, Delort avait rejoint l&rsquo;OGC Nice (2021-janvier 2023), puis le FC Nantes (janvier-juin 2023), avant une courte exp\u00e9rience au Qatar avec Umm-Salal (juillet 2023-janvier 2024), suivie de son passage \u00e9clair au MC Alger. Son retour \u00e0 Montpellier, o\u00f9 il a connu ses plus belles ann\u00e9es en Ligue 1 fran\u00e7aise, pourrait bien \u00eatre l&rsquo;occasion de relancer sa carri\u00e8re tout en aidant son club formateur \u00e0 sortir de l&rsquo;orni\u00e8re. La signature du contrat, immortalis\u00e9e par une photo o\u00f9 l&rsquo;on voit le joueur parapher les documents avec son nouveau maillot floqu\u00e9 du num\u00e9ro 7 sur la table, symbolise cette volont\u00e9 commune de renouer avec le succ\u00e8s. Pour le MHSC, l&rsquo;arriv\u00e9e de Delort repr\u00e9sente bien plus qu&rsquo;un simple renfort offensif : c&rsquo;est le retour d&rsquo;un joueur qui conna\u00eet parfaitement la maison et dont l&rsquo;exp\u00e9rience pourrait s&rsquo;av\u00e9rer pr\u00e9cieuse dans la lutte pour le maintien.<\/p>\n\n\n\n<p>M.D.<\/p>\n","protected":false},"excerpt":{"rendered":"<p>Andy Delort fait son grand retour \u00e0 la Mosson. L&rsquo;international alg\u00e9rien de 33 ans quitte le MC Alger pour retrouver<\/p>\n","protected":false},"author":6,"featured_media":9633,"comment_status":"open","ping_status":"closed","sticky":false,"template":"","format":"standard","meta":{"colormag_page_container_layout":"default_layout","colormag_page_sidebar_layout":"default_layout","om_disable_all_campaigns":false,"_monsterinsights_skip_tracking":false,"_monsterinsights_sitenote_active":false,"_monsterinsights_sitenote_note":"","_monsterinsights_sitenote_category":0,"footnotes":"","_wpscppro_dont_share_socialmedia":false,"_wpscppro_custom_social_share_image":0,"_facebook_share_type":"default","_twitter_share_type":"default","_linkedin_share_type":"default","_pinterest_share_type":"default","_linkedin_share_type_page":"","_instagram_share_type":"default","_medium_share_type":"default","_threads_share_type":"","_google_business_share_type":"","_selected_social_profile":[],"_wpsp_enable_custom_social_template":false,"_wpsp_social_scheduling":{"enabled":false,"datetime":null,"platforms":[],"status":"template_only","dateOption":"today","timeOption":"now","customDays":"","customHours":"","customDate":"","customTime":"","schedulingType":"absolute"},"_wpsp_active_default_template":true},"categories":[33],"tags":[],"class_list":["post-62292","post","type-post","status-publish","format-standard","has-post-thumbnail","hentry","category-sports"],"aioseo_notices":[],"yoast_head":"<!-- This site is optimized with the Yoast SEO plugin v27.5 - https:\/\/yoast.com\/product\/yoast-seo-wordpress\/ -->\n<title>Transferts : Andy Delort fait son retour \u00e0 Montpelier - La Sentinelle<\/title>\n<meta name=\"robots\" content=\"index, follow, max-snippet:-1, max-image-preview:large, max-video-preview:-1\" \/>\n<link rel=\"canonical\" href=\"https:\/\/lasentinelle.dz\/index.php\/2025\/01\/30\/transferts-andy-delort-fait-son-retour-a-montpelier\/\" \/>\n<meta property=\"og:locale\" content=\"fr_FR\" \/>\n<meta property=\"og:type\" content=\"article\" \/>\n<meta property=\"og:title\" content=\"Transferts : Andy Delort fait son retour \u00e0 Montpelier - La Sentinelle\" \/>\n<meta property=\"og:description\" content=\"Andy Delort fait son grand retour \u00e0 la Mosson. L&rsquo;international alg\u00e9rien de 33 ans quitte le MC Alger pour retrouver\" \/>\n<meta property=\"og:url\" content=\"https:\/\/lasentinelle.dz\/index.php\/2025\/01\/30\/transferts-andy-delort-fait-son-retour-a-montpelier\/\" \/>\n<meta property=\"og:site_name\" content=\"La Sentinelle\" \/>\n<meta property=\"article:publisher\" content=\"https:\/\/www.facebook.com\/La-Sentinelle-104059864394773\" \/>\n<meta property=\"article:published_time\" content=\"2025-01-30T11:28:00+00:00\" \/>\n<meta property=\"article:modified_time\" content=\"2025-02-01T11:32:12+00:00\" \/>\n<meta property=\"og:image\" content=\"https:\/\/lasentinelle.dz\/wp-content\/uploads\/2021\/10\/Delort.jpg\" \/>\n\t<meta property=\"og:image:width\" content=\"2560\" \/>\n\t<meta property=\"og:image:height\" content=\"1697\" \/>\n\t<meta property=\"og:image:type\" content=\"image\/jpeg\" \/>\n<meta name=\"author\" content=\"admin\" \/>\n<meta name=\"twitter:card\" content=\"summary_large_image\" \/>\n<meta name=\"twitter:label1\" content=\"\u00c9crit par\" \/>\n\t<meta name=\"twitter:data1\" content=\"admin\" \/>\n\t<meta name=\"twitter:label2\" content=\"Dur\u00e9e de lecture estim\u00e9e\" \/>\n\t<meta name=\"twitter:data2\" content=\"3 minutes\" \/>\n<script type=\"application\/ld+json\" class=\"yoast-schema-graph\">{\"@context\":\"https:\\\/\\\/schema.org\",\"@graph\":[{\"@type\":\"Article\",\"@id\":\"https:\\\/\\\/lasentinelle.dz\\\/index.php\\\/2025\\\/01\\\/30\\\/transferts-andy-delort-fait-son-retour-a-montpelier\\\/#article\",\"isPartOf\":{\"@id\":\"https:\\\/\\\/lasentinelle.dz\\\/index.php\\\/2025\\\/01\\\/30\\\/transferts-andy-delort-fait-son-retour-a-montpelier\\\/\"},\"author\":{\"name\":\"admin\",\"@id\":\"https:\\\/\\\/lasentinelle.dz\\\/#\\\/schema\\\/person\\\/729ee0024f24e0b8c5ec17232f8e8b41\"},\"headline\":\"Transferts : Andy Delort fait son retour \u00e0 Montpelier\",\"datePublished\":\"2025-01-30T11:28:00+00:00\",\"dateModified\":\"2025-02-01T11:32:12+00:00\",\"mainEntityOfPage\":{\"@id\":\"https:\\\/\\\/lasentinelle.dz\\\/index.php\\\/2025\\\/01\\\/30\\\/transferts-andy-delort-fait-son-retour-a-montpelier\\\/\"},\"wordCount\":503,\"commentCount\":0,\"publisher\":{\"@id\":\"https:\\\/\\\/lasentinelle.dz\\\/#organization\"},\"image\":{\"@id\":\"https:\\\/\\\/lasentinelle.dz\\\/index.php\\\/2025\\\/01\\\/30\\\/transferts-andy-delort-fait-son-retour-a-montpelier\\\/#primaryimage\"},\"thumbnailUrl\":\"https:\\\/\\\/lasentinelle.dz\\\/wp-content\\\/uploads\\\/2021\\\/10\\\/Delort.jpg\",\"articleSection\":[\"Sports\"],\"inLanguage\":\"fr-FR\",\"potentialAction\":[{\"@type\":\"CommentAction\",\"name\":\"Comment\",\"target\":[\"https:\\\/\\\/lasentinelle.dz\\\/index.php\\\/2025\\\/01\\\/30\\\/transferts-andy-delort-fait-son-retour-a-montpelier\\\/#respond\"]}]},{\"@type\":\"WebPage\",\"@id\":\"https:\\\/\\\/lasentinelle.dz\\\/index.php\\\/2025\\\/01\\\/30\\\/transferts-andy-delort-fait-son-retour-a-montpelier\\\/\",\"url\":\"https:\\\/\\\/lasentinelle.dz\\\/index.php\\\/2025\\\/01\\\/30\\\/transferts-andy-delort-fait-son-retour-a-montpelier\\\/\",\"name\":\"Transferts : Andy Delort fait son retour \u00e0 Montpelier - La Sentinelle\",\"isPartOf\":{\"@id\":\"https:\\\/\\\/lasentinelle.dz\\\/#website\"},\"primaryImageOfPage\":{\"@id\":\"https:\\\/\\\/lasentinelle.dz\\\/index.php\\\/2025\\\/01\\\/30\\\/transferts-andy-delort-fait-son-retour-a-montpelier\\\/#primaryimage\"},\"image\":{\"@id\":\"https:\\\/\\\/lasentinelle.dz\\\/index.php\\\/2025\\\/01\\\/30\\\/transferts-andy-delort-fait-son-retour-a-montpelier\\\/#primaryimage\"},\"thumbnailUrl\":\"https:\\\/\\\/lasentinelle.dz\\\/wp-content\\\/uploads\\\/2021\\\/10\\\/Delort.jpg\",\"datePublished\":\"2025-01-30T11:28:00+00:00\",\"dateModified\":\"2025-02-01T11:32:12+00:00\",\"breadcrumb\":{\"@id\":\"https:\\\/\\\/lasentinelle.dz\\\/index.php\\\/2025\\\/01\\\/30\\\/transferts-andy-delort-fait-son-retour-a-montpelier\\\/#breadcrumb\"},\"inLanguage\":\"fr-FR\",\"potentialAction\":[{\"@type\":\"ReadAction\",\"target\":[\"https:\\\/\\\/lasentinelle.dz\\\/index.php\\\/2025\\\/01\\\/30\\\/transferts-andy-delort-fait-son-retour-a-montpelier\\\/\"]}]},{\"@type\":\"ImageObject\",\"inLanguage\":\"fr-FR\",\"@id\":\"https:\\\/\\\/lasentinelle.dz\\\/index.php\\\/2025\\\/01\\\/30\\\/transferts-andy-delort-fait-son-retour-a-montpelier\\\/#primaryimage\",\"url\":\"https:\\\/\\\/lasentinelle.dz\\\/wp-content\\\/uploads\\\/2021\\\/10\\\/Delort.jpg\",\"contentUrl\":\"https:\\\/\\\/lasentinelle.dz\\\/wp-content\\\/uploads\\\/2021\\\/10\\\/Delort.jpg\",\"width\":2560,\"height\":1697,\"caption\":\"Andy DELORT of Nice during the training of OGC Nice at Allianz Riviera on September 9, 2021 in Nice, France. (Photo by Germain Reze\\\/OGCNice\\\/Icon Sport) - Andy DELORT - Nice (France)\"},{\"@type\":\"BreadcrumbList\",\"@id\":\"https:\\\/\\\/lasentinelle.dz\\\/index.php\\\/2025\\\/01\\\/30\\\/transferts-andy-delort-fait-son-retour-a-montpelier\\\/#breadcrumb\",\"itemListElement\":[{\"@type\":\"ListItem\",\"position\":1,\"name\":\"Accueil\",\"item\":\"https:\\\/\\\/lasentinelle.dz\\\/\"},{\"@type\":\"ListItem\",\"position\":2,\"name\":\"Transferts : Andy Delort fait son retour \u00e0 Montpelier\"}]},{\"@type\":\"WebSite\",\"@id\":\"https:\\\/\\\/lasentinelle.dz\\\/#website\",\"url\":\"https:\\\/\\\/lasentinelle.dz\\\/\",\"name\":\"La Sentinelle\",\"description\":\"Quotidien national d&#039;information\",\"publisher\":{\"@id\":\"https:\\\/\\\/lasentinelle.dz\\\/#organization\"},\"potentialAction\":[{\"@type\":\"SearchAction\",\"target\":{\"@type\":\"EntryPoint\",\"urlTemplate\":\"https:\\\/\\\/lasentinelle.dz\\\/?s={search_term_string}\"},\"query-input\":{\"@type\":\"PropertyValueSpecification\",\"valueRequired\":true,\"valueName\":\"search_term_string\"}}],\"inLanguage\":\"fr-FR\"},{\"@type\":\"Organization\",\"@id\":\"https:\\\/\\\/lasentinelle.dz\\\/#organization\",\"name\":\"Quotidien La Sentinelle\",\"url\":\"https:\\\/\\\/lasentinelle.dz\\\/\",\"logo\":{\"@type\":\"ImageObject\",\"inLanguage\":\"fr-FR\",\"@id\":\"https:\\\/\\\/lasentinelle.dz\\\/#\\\/schema\\\/logo\\\/image\\\/\",\"url\":\"https:\\\/\\\/lasentinelle.dz\\\/wp-content\\\/uploads\\\/2021\\\/09\\\/logo-sentinelleSLOGAN-1.png\",\"contentUrl\":\"https:\\\/\\\/lasentinelle.dz\\\/wp-content\\\/uploads\\\/2021\\\/09\\\/logo-sentinelleSLOGAN-1.png\",\"width\":615,\"height\":142,\"caption\":\"Quotidien La Sentinelle\"},\"image\":{\"@id\":\"https:\\\/\\\/lasentinelle.dz\\\/#\\\/schema\\\/logo\\\/image\\\/\"},\"sameAs\":[\"https:\\\/\\\/www.facebook.com\\\/La-Sentinelle-104059864394773\"]},{\"@type\":\"Person\",\"@id\":\"https:\\\/\\\/lasentinelle.dz\\\/#\\\/schema\\\/person\\\/729ee0024f24e0b8c5ec17232f8e8b41\",\"name\":\"admin\",\"image\":{\"@type\":\"ImageObject\",\"inLanguage\":\"fr-FR\",\"@id\":\"https:\\\/\\\/secure.gravatar.com\\\/avatar\\\/4c81fed838786e9b53f540bf46533e750f5d292099ae3b66cfc6fb1982e29df7?s=96&d=mm&r=g\",\"url\":\"https:\\\/\\\/secure.gravatar.com\\\/avatar\\\/4c81fed838786e9b53f540bf46533e750f5d292099ae3b66cfc6fb1982e29df7?s=96&d=mm&r=g\",\"contentUrl\":\"https:\\\/\\\/secure.gravatar.com\\\/avatar\\\/4c81fed838786e9b53f540bf46533e750f5d292099ae3b66cfc6fb1982e29df7?s=96&d=mm&r=g\",\"caption\":\"admin\"},\"description\":\"admin\",\"url\":\"https:\\\/\\\/lasentinelle.dz\\\/author\\\/admin\\\/\"}]}<\/script>\n<!-- \/ Yoast SEO plugin. -->","yoast_head_json":{"title":"Transferts : Andy Delort fait son retour \u00e0 Montpelier - La Sentinelle","robots":{"index":"index","follow":"follow","max-snippet":"max-snippet:-1","max-image-preview":"max-image-preview:large","max-video-preview":"max-video-preview:-1"},"canonical":"https:\/\/lasentinelle.dz\/index.php\/2025\/01\/30\/transferts-andy-delort-fait-son-retour-a-montpelier\/","og_locale":"fr_FR","og_type":"article","og_title":"Transferts : Andy Delort fait son retour \u00e0 Montpelier - La Sentinelle","og_description":"Andy Delort fait son grand retour \u00e0 la Mosson. L&rsquo;international alg\u00e9rien de 33 ans quitte le MC Alger pour retrouver","og_url":"https:\/\/lasentinelle.dz\/index.php\/2025\/01\/30\/transferts-andy-delort-fait-son-retour-a-montpelier\/","og_site_name":"La Sentinelle","article_publisher":"https:\/\/www.facebook.com\/La-Sentinelle-104059864394773","article_published_time":"2025-01-30T11:28:00+00:00","article_modified_time":"2025-02-01T11:32:12+00:00","og_image":[{"width":2560,"height":1697,"url":"https:\/\/lasentinelle.dz\/wp-content\/uploads\/2021\/10\/Delort.jpg","type":"image\/jpeg"}],"author":"admin","twitter_card":"summary_large_image","twitter_misc":{"\u00c9crit par":"admin","Dur\u00e9e de lecture estim\u00e9e":"3 minutes"},"schema":{"@context":"https:\/\/schema.org","@graph":[{"@type":"Article","@id":"https:\/\/lasentinelle.dz\/index.php\/2025\/01\/30\/transferts-andy-delort-fait-son-retour-a-montpelier\/#article","isPartOf":{"@id":"https:\/\/lasentinelle.dz\/index.php\/2025\/01\/30\/transferts-andy-delort-fait-son-retour-a-montpelier\/"},"author":{"name":"admin","@id":"https:\/\/lasentinelle.dz\/#\/schema\/person\/729ee0024f24e0b8c5ec17232f8e8b41"},"headline":"Transferts : Andy Delort fait son retour \u00e0 Montpelier","datePublished":"2025-01-30T11:28:00+00:00","dateModified":"2025-02-01T11:32:12+00:00","mainEntityOfPage":{"@id":"https:\/\/lasentinelle.dz\/index.php\/2025\/01\/30\/transferts-andy-delort-fait-son-retour-a-montpelier\/"},"wordCount":503,"commentCount":0,"publisher":{"@id":"https:\/\/lasentinelle.dz\/#organization"},"image":{"@id":"https:\/\/lasentinelle.dz\/index.php\/2025\/01\/30\/transferts-andy-delort-fait-son-retour-a-montpelier\/#primaryimage"},"thumbnailUrl":"https:\/\/lasentinelle.dz\/wp-content\/uploads\/2021\/10\/Delort.jpg","articleSection":["Sports"],"inLanguage":"fr-FR","potentialAction":[{"@type":"CommentAction","name":"Comment","target":["https:\/\/lasentinelle.dz\/index.php\/2025\/01\/30\/transferts-andy-delort-fait-son-retour-a-montpelier\/#respond"]}]},{"@type":"WebPage","@id":"https:\/\/lasentinelle.dz\/index.php\/2025\/01\/30\/transferts-andy-delort-fait-son-retour-a-montpelier\/","url":"https:\/\/lasentinelle.dz\/index.php\/2025\/01\/30\/transferts-andy-delort-fait-son-retour-a-montpelier\/","name":"Transferts : Andy Delort fait son retour \u00e0 Montpelier - La Sentinelle","isPartOf":{"@id":"https:\/\/lasentinelle.dz\/#website"},"primaryImageOfPage":{"@id":"https:\/\/lasentinelle.dz\/index.php\/2025\/01\/30\/transferts-andy-delort-fait-son-retour-a-montpelier\/#primaryimage"},"image":{"@id":"https:\/\/lasentinelle.dz\/index.php\/2025\/01\/30\/transferts-andy-delort-fait-son-retour-a-montpelier\/#primaryimage"},"thumbnailUrl":"https:\/\/lasentinelle.dz\/wp-content\/uploads\/2021\/10\/Delort.jpg","datePublished":"2025-01-30T11:28:00+00:00","dateModified":"2025-02-01T11:32:12+00:00","breadcrumb":{"@id":"https:\/\/lasentinelle.dz\/index.php\/2025\/01\/30\/transferts-andy-delort-fait-son-retour-a-montpelier\/#breadcrumb"},"inLanguage":"fr-FR","potentialAction":[{"@type":"ReadAction","target":["https:\/\/lasentinelle.dz\/index.php\/2025\/01\/30\/transferts-andy-delort-fait-son-retour-a-montpelier\/"]}]},{"@type":"ImageObject","inLanguage":"fr-FR","@id":"https:\/\/lasentinelle.dz\/index.php\/2025\/01\/30\/transferts-andy-delort-fait-son-retour-a-montpelier\/#primaryimage","url":"https:\/\/lasentinelle.dz\/wp-content\/uploads\/2021\/10\/Delort.jpg","contentUrl":"https:\/\/lasentinelle.dz\/wp-content\/uploads\/2021\/10\/Delort.jpg","width":2560,"height":1697,"caption":"Andy DELORT of Nice during the training of OGC Nice at Allianz Riviera on September 9, 2021 in Nice, France. (Photo by Germain Reze\/OGCNice\/Icon Sport) - Andy DELORT - Nice (France)"},{"@type":"BreadcrumbList","@id":"https:\/\/lasentinelle.dz\/index.php\/2025\/01\/30\/transferts-andy-delort-fait-son-retour-a-montpelier\/#breadcrumb","itemListElement":[{"@type":"ListItem","position":1,"name":"Accueil","item":"https:\/\/lasentinelle.dz\/"},{"@type":"ListItem","position":2,"name":"Transferts : Andy Delort fait son retour \u00e0 Montpelier"}]},{"@type":"WebSite","@id":"https:\/\/lasentinelle.dz\/#website","url":"https:\/\/lasentinelle.dz\/","name":"La Sentinelle","description":"Quotidien national d&#039;information","publisher":{"@id":"https:\/\/lasentinelle.dz\/#organization"},"potentialAction":[{"@type":"SearchAction","target":{"@type":"EntryPoint","urlTemplate":"https:\/\/lasentinelle.dz\/?s={search_term_string}"},"query-input":{"@type":"PropertyValueSpecification","valueRequired":true,"valueName":"search_term_string"}}],"inLanguage":"fr-FR"},{"@type":"Organization","@id":"https:\/\/lasentinelle.dz\/#organization","name":"Quotidien La Sentinelle","url":"https:\/\/lasentinelle.dz\/","logo":{"@type":"ImageObject","inLanguage":"fr-FR","@id":"https:\/\/lasentinelle.dz\/#\/schema\/logo\/image\/","url":"https:\/\/lasentinelle.dz\/wp-content\/uploads\/2021\/09\/logo-sentinelleSLOGAN-1.png","contentUrl":"https:\/\/lasentinelle.dz\/wp-content\/uploads\/2021\/09\/logo-sentinelleSLOGAN-1.png","width":615,"height":142,"caption":"Quotidien La Sentinelle"},"image":{"@id":"https:\/\/lasentinelle.dz\/#\/schema\/logo\/image\/"},"sameAs":["https:\/\/www.facebook.com\/La-Sentinelle-104059864394773"]},{"@type":"Person","@id":"https:\/\/lasentinelle.dz\/#\/schema\/person\/729ee0024f24e0b8c5ec17232f8e8b41","name":"admin","image":{"@type":"ImageObject","inLanguage":"fr-FR","@id":"https:\/\/secure.gravatar.com\/avatar\/4c81fed838786e9b53f540bf46533e750f5d292099ae3b66cfc6fb1982e29df7?s=96&d=mm&r=g","url":"https:\/\/secure.gravatar.com\/avatar\/4c81fed838786e9b53f540bf46533e750f5d292099ae3b66cfc6fb1982e29df7?s=96&d=mm&r=g","contentUrl":"https:\/\/secure.gravatar.com\/avatar\/4c81fed838786e9b53f540bf46533e750f5d292099ae3b66cfc6fb1982e29df7?s=96&d=mm&r=g","caption":"admin"},"description":"admin","url":"https:\/\/lasentinelle.dz\/author\/admin\/"}]}},"_links":{"self":[{"href":"https:\/\/lasentinelle.dz\/index.php\/wp-json\/wp\/v2\/posts\/62292","targetHints":{"allow":["GET"]}}],"collection":[{"href":"https:\/\/lasentinelle.dz\/index.php\/wp-json\/wp\/v2\/posts"}],"about":[{"href":"https:\/\/lasentinelle.dz\/index.php\/wp-json\/wp\/v2\/types\/post"}],"author":[{"embeddable":true,"href":"https:\/\/lasentinelle.dz\/index.php\/wp-json\/wp\/v2\/users\/6"}],"replies":[{"embeddable":true,"href":"https:\/\/lasentinelle.dz\/index.php\/wp-json\/wp\/v2\/comments?post=62292"}],"version-history":[{"count":1,"href":"https:\/\/lasentinelle.dz\/index.php\/wp-json\/wp\/v2\/posts\/62292\/revisions"}],"predecessor-version":[{"id":62293,"href":"https:\/\/lasentinelle.dz\/index.php\/wp-json\/wp\/v2\/posts\/62292\/revisions\/62293"}],"wp:featuredmedia":[{"embeddable":true,"href":"https:\/\/lasentinelle.dz\/index.php\/wp-json\/wp\/v2\/media\/9633"}],"wp:attachment":[{"href":"https:\/\/lasentinelle.dz\/index.php\/wp-json\/wp\/v2\/media?parent=62292"}],"wp:term":[{"taxonomy":"category","embeddable":true,"href":"https:\/\/lasentinelle.dz\/index.php\/wp-json\/wp\/v2\/categories?post=62292"},{"taxonomy":"post_tag","embeddable":true,"href":"https:\/\/lasentinelle.dz\/index.php\/wp-json\/wp\/v2\/tags?post=62292"}],"curies":[{"name":"wp","href":"https:\/\/api.w.org\/{rel}","templated":true}]}}