{"id":62323,"date":"2025-01-30T12:45:00","date_gmt":"2025-01-30T11:45:00","guid":{"rendered":"https:\/\/lasentinelle.dz\/?p=62323"},"modified":"2025-02-01T12:52:07","modified_gmt":"2025-02-01T11:52:07","slug":"gatma-vers-lacquisition-de-trois-navires-en-2025","status":"publish","type":"post","link":"https:\/\/lasentinelle.dz\/index.php\/2025\/01\/30\/gatma-vers-lacquisition-de-trois-navires-en-2025\/","title":{"rendered":"GATMA : Vers l\u2019acquisition de trois navires en 2025"},"content":{"rendered":"\n<p>Le secteur maritime est au c\u0153ur d\u2019un plan de restructuration dont l\u2019objectif est de d\u00e9velopper des capacit\u00e9s nationales de fret afin d\u2019accompagner les ambitions de diversification des exportations. Cette \u00e9volution s&rsquo;inscrit dans le cadre ambitieux de la nouvelle strat\u00e9gie nationale d&rsquo;exportation hors hydrocarbures, visant \u00e0 atteindre 29 milliards de dollars d&rsquo;ici 2030, un objectif consid\u00e9rable compar\u00e9 aux 7 milliards enregistr\u00e9s en 2023. Dans ce contexte, le PDG du Groupe alg\u00e9rien de transport maritime (GATMA), Mohamed Tayeb Aboud, a d\u00e9voil\u00e9 hier, lors d&rsquo;une intervention sur les ondes de la radio alg\u00e9rienne un plan d&rsquo;acquisition majeur pour 2025, pr\u00e9cisant que \u00ab\u00a0le groupe ira sur le march\u00e9 international tr\u00e8s bient\u00f4t pour l&rsquo;acquisition de nouveaux navires vraquiers pour faire face aux besoins de l&rsquo;Office alg\u00e9rien interprofessionnel des c\u00e9r\u00e9ales (OAIC) en termes d&rsquo;importation et d&rsquo;exportation d&rsquo;exc\u00e9dents de c\u00e9r\u00e9ales, tel que le bl\u00e9, ainsi que pour les exportations du minerais de fer de Gara Djebilet\u00a0\u00bb. Le programme d&rsquo;acquisition pr\u00e9voit sp\u00e9cifiquement deux navires vraquiers d&rsquo;une capacit\u00e9 comprise entre 50.000 et 65.000 tonnes, ainsi qu&rsquo;un porte-containers pouvant transporter jusqu&rsquo;\u00e0 2000 unit\u00e9s. Le PDG de GATMA dira&nbsp;: \u00ab\u00a0Nous avons fix\u00e9 l&rsquo;\u00e9ch\u00e9ance de finaliser l&rsquo;op\u00e9ration d&rsquo;acquisition de ces trois navires avant la fin de l&rsquo;ann\u00e9e 2025. L&rsquo;acquisition de ces navires nous permettra de r\u00e9pondre \u00e0 la nouvelle strat\u00e9gie d&rsquo;exportation hors-hydrocarbures, notamment pour assurer des dessertes sur les lignes maritimes de l&rsquo;Afrique de l&rsquo;ouest\u00a0\u00bb. Parall\u00e8lement \u00e0 ces acquisitions, le GATMA poursuit un important programme de modernisation de sa flotte existante. Six des douze navires actuels font l&rsquo;objet d&rsquo;une op\u00e9ration de r\u00e9habilitation et de mise \u00e0 niveau, avec des r\u00e9sultats concrets imminents. Le premier navire r\u00e9nov\u00e9 doit reprendre la mer d\u00e8s la semaine suivante pour un voyage technique final, visant \u00e0 confirmer sa conformit\u00e9 aux nouvelles normes environnementales internationales. Pour les cinq autres navires en cours de r\u00e9habilitation, M. Aboud a fix\u00e9 une \u00e9ch\u00e9ance au 30 juin pour leur retour en exploitation. Cette modernisation s&rsquo;inscrit dans un mouvement plus large de restructuration du transport maritime alg\u00e9rien, illustr\u00e9 notamment par la cr\u00e9ation r\u00e9cente de \u00ab\u00a0CNAN El Djazair\u00a0\u00bb, r\u00e9sultant de la fusion de \u00ab\u00a0CNAN Nord\u00a0\u00bb et \u00ab\u00a0CNAN Med\u00a0\u00bb. L&rsquo;arriv\u00e9e de nouveaux acteurs comme la Madar Maritime Company (MMC), filiale de Madar Holding SPA, t\u00e9moigne \u00e9galement du dynamisme insuffl\u00e9 au secteur. Concernant le transport de passagers, l&rsquo;Entreprise nationale de transport maritime de voyageurs (ENTMV), filiale du GATMA, pr\u00e9pare activement la saison estivale \u00e0 venir. Les plans incluent l&rsquo;affr\u00e8tement d&rsquo;un nouveau navire pour r\u00e9pondre \u00e0 la demande croissante, en attendant le retour du navire Tariq Ibn Ziyad, actuellement en \u00ab\u00a0r\u00e9novation totale\u00a0\u00bb. Une attention particuli\u00e8re est port\u00e9e aux services aux passagers, notamment pendant le Ramadhan, avec la reconduction des r\u00e9ductions tarifaires pour la communaut\u00e9 nationale \u00e0 l&rsquo;\u00e9tranger, accompagn\u00e9e selon M. Aboud d&rsquo;une \u00ab\u00a0nette am\u00e9lioration de la qualit\u00e9 des services \u00e0 bord des navires\u00a0\u00bb. Cette transformation du secteur maritime repr\u00e9sente un \u00e9l\u00e9ment cl\u00e9 dans la strat\u00e9gie nationale de diversification \u00e9conomique et de renforcement des capacit\u00e9s d&rsquo;exportation, positionnant le pays comme un acteur maritime r\u00e9gional de premier plan.<\/p>\n\n\n\n<p><strong>Chokri Hafed<\/strong><\/p>\n","protected":false},"excerpt":{"rendered":"<p>Le secteur maritime est au c\u0153ur d\u2019un plan de restructuration dont l\u2019objectif est de d\u00e9velopper des capacit\u00e9s nationales de fret<\/p>\n","protected":false},"author":6,"featured_media":62324,"comment_status":"open","ping_status":"closed","sticky":false,"template":"","format":"standard","meta":{"colormag_page_container_layout":"default_layout","colormag_page_sidebar_layout":"default_layout","om_disable_all_campaigns":false,"_monsterinsights_skip_tracking":false,"_monsterinsights_sitenote_active":false,"_monsterinsights_sitenote_note":"","_monsterinsights_sitenote_category":0,"footnotes":"","_wpscppro_dont_share_socialmedia":false,"_wpscppro_custom_social_share_image":0,"_facebook_share_type":"default","_twitter_share_type":"default","_linkedin_share_type":"default","_pinterest_share_type":"default","_linkedin_share_type_page":"","_instagram_share_type":"default","_medium_share_type":"default","_threads_share_type":"","_google_business_share_type":"","_selected_social_profile":[],"_wpsp_enable_custom_social_template":false,"_wpsp_social_scheduling":{"enabled":false,"datetime":null,"platforms":[],"status":"template_only","dateOption":"today","timeOption":"now","customDays":"","customHours":"","customDate":"","customTime":"","schedulingType":"absolute"},"_wpsp_active_default_template":true},"categories":[27],"tags":[],"class_list":["post-62323","post","type-post","status-publish","format-standard","has-post-thumbnail","hentry","category-actualite"],"aioseo_notices":[],"yoast_head":"<!-- This site is optimized with the Yoast SEO plugin v27.5 - https:\/\/yoast.com\/product\/yoast-seo-wordpress\/ -->\n<title>GATMA : Vers l\u2019acquisition de trois navires en 2025 - La Sentinelle<\/title>\n<meta name=\"robots\" content=\"index, follow, max-snippet:-1, max-image-preview:large, max-video-preview:-1\" \/>\n<link rel=\"canonical\" href=\"https:\/\/lasentinelle.dz\/index.php\/2025\/01\/30\/gatma-vers-lacquisition-de-trois-navires-en-2025\/\" \/>\n<meta property=\"og:locale\" content=\"fr_FR\" \/>\n<meta property=\"og:type\" content=\"article\" \/>\n<meta property=\"og:title\" content=\"GATMA : Vers l\u2019acquisition de trois navires en 2025 - La Sentinelle\" \/>\n<meta property=\"og:description\" content=\"Le secteur maritime est au c\u0153ur d\u2019un plan de restructuration dont l\u2019objectif est de d\u00e9velopper des capacit\u00e9s nationales de fret\" \/>\n<meta property=\"og:url\" content=\"https:\/\/lasentinelle.dz\/index.php\/2025\/01\/30\/gatma-vers-lacquisition-de-trois-navires-en-2025\/\" \/>\n<meta property=\"og:site_name\" content=\"La Sentinelle\" \/>\n<meta property=\"article:publisher\" content=\"https:\/\/www.facebook.com\/La-Sentinelle-104059864394773\" \/>\n<meta property=\"article:published_time\" content=\"2025-01-30T11:45:00+00:00\" \/>\n<meta property=\"article:modified_time\" content=\"2025-02-01T11:52:07+00:00\" \/>\n<meta property=\"og:image\" content=\"https:\/\/lasentinelle.dz\/wp-content\/uploads\/2025\/02\/navires.jpg\" \/>\n\t<meta property=\"og:image:width\" content=\"924\" \/>\n\t<meta property=\"og:image:height\" content=\"751\" \/>\n\t<meta property=\"og:image:type\" content=\"image\/jpeg\" \/>\n<meta name=\"author\" content=\"admin\" \/>\n<meta name=\"twitter:card\" content=\"summary_large_image\" \/>\n<meta name=\"twitter:label1\" content=\"\u00c9crit par\" \/>\n\t<meta name=\"twitter:data1\" content=\"admin\" \/>\n\t<meta name=\"twitter:label2\" content=\"Dur\u00e9e de lecture estim\u00e9e\" \/>\n\t<meta name=\"twitter:data2\" content=\"3 minutes\" \/>\n<script type=\"application\/ld+json\" class=\"yoast-schema-graph\">{\"@context\":\"https:\\\/\\\/schema.org\",\"@graph\":[{\"@type\":\"Article\",\"@id\":\"https:\\\/\\\/lasentinelle.dz\\\/index.php\\\/2025\\\/01\\\/30\\\/gatma-vers-lacquisition-de-trois-navires-en-2025\\\/#article\",\"isPartOf\":{\"@id\":\"https:\\\/\\\/lasentinelle.dz\\\/index.php\\\/2025\\\/01\\\/30\\\/gatma-vers-lacquisition-de-trois-navires-en-2025\\\/\"},\"author\":{\"name\":\"admin\",\"@id\":\"https:\\\/\\\/lasentinelle.dz\\\/#\\\/schema\\\/person\\\/729ee0024f24e0b8c5ec17232f8e8b41\"},\"headline\":\"GATMA : Vers l\u2019acquisition de trois navires en 2025\",\"datePublished\":\"2025-01-30T11:45:00+00:00\",\"dateModified\":\"2025-02-01T11:52:07+00:00\",\"mainEntityOfPage\":{\"@id\":\"https:\\\/\\\/lasentinelle.dz\\\/index.php\\\/2025\\\/01\\\/30\\\/gatma-vers-lacquisition-de-trois-navires-en-2025\\\/\"},\"wordCount\":569,\"commentCount\":0,\"publisher\":{\"@id\":\"https:\\\/\\\/lasentinelle.dz\\\/#organization\"},\"image\":{\"@id\":\"https:\\\/\\\/lasentinelle.dz\\\/index.php\\\/2025\\\/01\\\/30\\\/gatma-vers-lacquisition-de-trois-navires-en-2025\\\/#primaryimage\"},\"thumbnailUrl\":\"https:\\\/\\\/lasentinelle.dz\\\/wp-content\\\/uploads\\\/2025\\\/02\\\/navires.jpg\",\"articleSection\":[\"Actualit\u00e9\"],\"inLanguage\":\"fr-FR\",\"potentialAction\":[{\"@type\":\"CommentAction\",\"name\":\"Comment\",\"target\":[\"https:\\\/\\\/lasentinelle.dz\\\/index.php\\\/2025\\\/01\\\/30\\\/gatma-vers-lacquisition-de-trois-navires-en-2025\\\/#respond\"]}]},{\"@type\":\"WebPage\",\"@id\":\"https:\\\/\\\/lasentinelle.dz\\\/index.php\\\/2025\\\/01\\\/30\\\/gatma-vers-lacquisition-de-trois-navires-en-2025\\\/\",\"url\":\"https:\\\/\\\/lasentinelle.dz\\\/index.php\\\/2025\\\/01\\\/30\\\/gatma-vers-lacquisition-de-trois-navires-en-2025\\\/\",\"name\":\"GATMA : Vers l\u2019acquisition de trois navires en 2025 - La Sentinelle\",\"isPartOf\":{\"@id\":\"https:\\\/\\\/lasentinelle.dz\\\/#website\"},\"primaryImageOfPage\":{\"@id\":\"https:\\\/\\\/lasentinelle.dz\\\/index.php\\\/2025\\\/01\\\/30\\\/gatma-vers-lacquisition-de-trois-navires-en-2025\\\/#primaryimage\"},\"image\":{\"@id\":\"https:\\\/\\\/lasentinelle.dz\\\/index.php\\\/2025\\\/01\\\/30\\\/gatma-vers-lacquisition-de-trois-navires-en-2025\\\/#primaryimage\"},\"thumbnailUrl\":\"https:\\\/\\\/lasentinelle.dz\\\/wp-content\\\/uploads\\\/2025\\\/02\\\/navires.jpg\",\"datePublished\":\"2025-01-30T11:45:00+00:00\",\"dateModified\":\"2025-02-01T11:52:07+00:00\",\"breadcrumb\":{\"@id\":\"https:\\\/\\\/lasentinelle.dz\\\/index.php\\\/2025\\\/01\\\/30\\\/gatma-vers-lacquisition-de-trois-navires-en-2025\\\/#breadcrumb\"},\"inLanguage\":\"fr-FR\",\"potentialAction\":[{\"@type\":\"ReadAction\",\"target\":[\"https:\\\/\\\/lasentinelle.dz\\\/index.php\\\/2025\\\/01\\\/30\\\/gatma-vers-lacquisition-de-trois-navires-en-2025\\\/\"]}]},{\"@type\":\"ImageObject\",\"inLanguage\":\"fr-FR\",\"@id\":\"https:\\\/\\\/lasentinelle.dz\\\/index.php\\\/2025\\\/01\\\/30\\\/gatma-vers-lacquisition-de-trois-navires-en-2025\\\/#primaryimage\",\"url\":\"https:\\\/\\\/lasentinelle.dz\\\/wp-content\\\/uploads\\\/2025\\\/02\\\/navires.jpg\",\"contentUrl\":\"https:\\\/\\\/lasentinelle.dz\\\/wp-content\\\/uploads\\\/2025\\\/02\\\/navires.jpg\",\"width\":924,\"height\":751},{\"@type\":\"BreadcrumbList\",\"@id\":\"https:\\\/\\\/lasentinelle.dz\\\/index.php\\\/2025\\\/01\\\/30\\\/gatma-vers-lacquisition-de-trois-navires-en-2025\\\/#breadcrumb\",\"itemListElement\":[{\"@type\":\"ListItem\",\"position\":1,\"name\":\"Accueil\",\"item\":\"https:\\\/\\\/lasentinelle.dz\\\/\"},{\"@type\":\"ListItem\",\"position\":2,\"name\":\"GATMA : Vers l\u2019acquisition de trois navires en 2025\"}]},{\"@type\":\"WebSite\",\"@id\":\"https:\\\/\\\/lasentinelle.dz\\\/#website\",\"url\":\"https:\\\/\\\/lasentinelle.dz\\\/\",\"name\":\"La Sentinelle\",\"description\":\"Quotidien national d&#039;information\",\"publisher\":{\"@id\":\"https:\\\/\\\/lasentinelle.dz\\\/#organization\"},\"potentialAction\":[{\"@type\":\"SearchAction\",\"target\":{\"@type\":\"EntryPoint\",\"urlTemplate\":\"https:\\\/\\\/lasentinelle.dz\\\/?s={search_term_string}\"},\"query-input\":{\"@type\":\"PropertyValueSpecification\",\"valueRequired\":true,\"valueName\":\"search_term_string\"}}],\"inLanguage\":\"fr-FR\"},{\"@type\":\"Organization\",\"@id\":\"https:\\\/\\\/lasentinelle.dz\\\/#organization\",\"name\":\"Quotidien La Sentinelle\",\"url\":\"https:\\\/\\\/lasentinelle.dz\\\/\",\"logo\":{\"@type\":\"ImageObject\",\"inLanguage\":\"fr-FR\",\"@id\":\"https:\\\/\\\/lasentinelle.dz\\\/#\\\/schema\\\/logo\\\/image\\\/\",\"url\":\"https:\\\/\\\/lasentinelle.dz\\\/wp-content\\\/uploads\\\/2021\\\/09\\\/logo-sentinelleSLOGAN-1.png\",\"contentUrl\":\"https:\\\/\\\/lasentinelle.dz\\\/wp-content\\\/uploads\\\/2021\\\/09\\\/logo-sentinelleSLOGAN-1.png\",\"width\":615,\"height\":142,\"caption\":\"Quotidien La Sentinelle\"},\"image\":{\"@id\":\"https:\\\/\\\/lasentinelle.dz\\\/#\\\/schema\\\/logo\\\/image\\\/\"},\"sameAs\":[\"https:\\\/\\\/www.facebook.com\\\/La-Sentinelle-104059864394773\"]},{\"@type\":\"Person\",\"@id\":\"https:\\\/\\\/lasentinelle.dz\\\/#\\\/schema\\\/person\\\/729ee0024f24e0b8c5ec17232f8e8b41\",\"name\":\"admin\",\"image\":{\"@type\":\"ImageObject\",\"inLanguage\":\"fr-FR\",\"@id\":\"https:\\\/\\\/secure.gravatar.com\\\/avatar\\\/4c81fed838786e9b53f540bf46533e750f5d292099ae3b66cfc6fb1982e29df7?s=96&d=mm&r=g\",\"url\":\"https:\\\/\\\/secure.gravatar.com\\\/avatar\\\/4c81fed838786e9b53f540bf46533e750f5d292099ae3b66cfc6fb1982e29df7?s=96&d=mm&r=g\",\"contentUrl\":\"https:\\\/\\\/secure.gravatar.com\\\/avatar\\\/4c81fed838786e9b53f540bf46533e750f5d292099ae3b66cfc6fb1982e29df7?s=96&d=mm&r=g\",\"caption\":\"admin\"},\"description\":\"admin\",\"url\":\"https:\\\/\\\/lasentinelle.dz\\\/author\\\/admin\\\/\"}]}<\/script>\n<!-- \/ Yoast SEO plugin. -->","yoast_head_json":{"title":"GATMA : Vers l\u2019acquisition de trois navires en 2025 - La Sentinelle","robots":{"index":"index","follow":"follow","max-snippet":"max-snippet:-1","max-image-preview":"max-image-preview:large","max-video-preview":"max-video-preview:-1"},"canonical":"https:\/\/lasentinelle.dz\/index.php\/2025\/01\/30\/gatma-vers-lacquisition-de-trois-navires-en-2025\/","og_locale":"fr_FR","og_type":"article","og_title":"GATMA : Vers l\u2019acquisition de trois navires en 2025 - La Sentinelle","og_description":"Le secteur maritime est au c\u0153ur d\u2019un plan de restructuration dont l\u2019objectif est de d\u00e9velopper des capacit\u00e9s nationales de fret","og_url":"https:\/\/lasentinelle.dz\/index.php\/2025\/01\/30\/gatma-vers-lacquisition-de-trois-navires-en-2025\/","og_site_name":"La Sentinelle","article_publisher":"https:\/\/www.facebook.com\/La-Sentinelle-104059864394773","article_published_time":"2025-01-30T11:45:00+00:00","article_modified_time":"2025-02-01T11:52:07+00:00","og_image":[{"width":924,"height":751,"url":"https:\/\/lasentinelle.dz\/wp-content\/uploads\/2025\/02\/navires.jpg","type":"image\/jpeg"}],"author":"admin","twitter_card":"summary_large_image","twitter_misc":{"\u00c9crit par":"admin","Dur\u00e9e de lecture estim\u00e9e":"3 minutes"},"schema":{"@context":"https:\/\/schema.org","@graph":[{"@type":"Article","@id":"https:\/\/lasentinelle.dz\/index.php\/2025\/01\/30\/gatma-vers-lacquisition-de-trois-navires-en-2025\/#article","isPartOf":{"@id":"https:\/\/lasentinelle.dz\/index.php\/2025\/01\/30\/gatma-vers-lacquisition-de-trois-navires-en-2025\/"},"author":{"name":"admin","@id":"https:\/\/lasentinelle.dz\/#\/schema\/person\/729ee0024f24e0b8c5ec17232f8e8b41"},"headline":"GATMA : Vers l\u2019acquisition de trois navires en 2025","datePublished":"2025-01-30T11:45:00+00:00","dateModified":"2025-02-01T11:52:07+00:00","mainEntityOfPage":{"@id":"https:\/\/lasentinelle.dz\/index.php\/2025\/01\/30\/gatma-vers-lacquisition-de-trois-navires-en-2025\/"},"wordCount":569,"commentCount":0,"publisher":{"@id":"https:\/\/lasentinelle.dz\/#organization"},"image":{"@id":"https:\/\/lasentinelle.dz\/index.php\/2025\/01\/30\/gatma-vers-lacquisition-de-trois-navires-en-2025\/#primaryimage"},"thumbnailUrl":"https:\/\/lasentinelle.dz\/wp-content\/uploads\/2025\/02\/navires.jpg","articleSection":["Actualit\u00e9"],"inLanguage":"fr-FR","potentialAction":[{"@type":"CommentAction","name":"Comment","target":["https:\/\/lasentinelle.dz\/index.php\/2025\/01\/30\/gatma-vers-lacquisition-de-trois-navires-en-2025\/#respond"]}]},{"@type":"WebPage","@id":"https:\/\/lasentinelle.dz\/index.php\/2025\/01\/30\/gatma-vers-lacquisition-de-trois-navires-en-2025\/","url":"https:\/\/lasentinelle.dz\/index.php\/2025\/01\/30\/gatma-vers-lacquisition-de-trois-navires-en-2025\/","name":"GATMA : Vers l\u2019acquisition de trois navires en 2025 - La Sentinelle","isPartOf":{"@id":"https:\/\/lasentinelle.dz\/#website"},"primaryImageOfPage":{"@id":"https:\/\/lasentinelle.dz\/index.php\/2025\/01\/30\/gatma-vers-lacquisition-de-trois-navires-en-2025\/#primaryimage"},"image":{"@id":"https:\/\/lasentinelle.dz\/index.php\/2025\/01\/30\/gatma-vers-lacquisition-de-trois-navires-en-2025\/#primaryimage"},"thumbnailUrl":"https:\/\/lasentinelle.dz\/wp-content\/uploads\/2025\/02\/navires.jpg","datePublished":"2025-01-30T11:45:00+00:00","dateModified":"2025-02-01T11:52:07+00:00","breadcrumb":{"@id":"https:\/\/lasentinelle.dz\/index.php\/2025\/01\/30\/gatma-vers-lacquisition-de-trois-navires-en-2025\/#breadcrumb"},"inLanguage":"fr-FR","potentialAction":[{"@type":"ReadAction","target":["https:\/\/lasentinelle.dz\/index.php\/2025\/01\/30\/gatma-vers-lacquisition-de-trois-navires-en-2025\/"]}]},{"@type":"ImageObject","inLanguage":"fr-FR","@id":"https:\/\/lasentinelle.dz\/index.php\/2025\/01\/30\/gatma-vers-lacquisition-de-trois-navires-en-2025\/#primaryimage","url":"https:\/\/lasentinelle.dz\/wp-content\/uploads\/2025\/02\/navires.jpg","contentUrl":"https:\/\/lasentinelle.dz\/wp-content\/uploads\/2025\/02\/navires.jpg","width":924,"height":751},{"@type":"BreadcrumbList","@id":"https:\/\/lasentinelle.dz\/index.php\/2025\/01\/30\/gatma-vers-lacquisition-de-trois-navires-en-2025\/#breadcrumb","itemListElement":[{"@type":"ListItem","position":1,"name":"Accueil","item":"https:\/\/lasentinelle.dz\/"},{"@type":"ListItem","position":2,"name":"GATMA : Vers l\u2019acquisition de trois navires en 2025"}]},{"@type":"WebSite","@id":"https:\/\/lasentinelle.dz\/#website","url":"https:\/\/lasentinelle.dz\/","name":"La Sentinelle","description":"Quotidien national d&#039;information","publisher":{"@id":"https:\/\/lasentinelle.dz\/#organization"},"potentialAction":[{"@type":"SearchAction","target":{"@type":"EntryPoint","urlTemplate":"https:\/\/lasentinelle.dz\/?s={search_term_string}"},"query-input":{"@type":"PropertyValueSpecification","valueRequired":true,"valueName":"search_term_string"}}],"inLanguage":"fr-FR"},{"@type":"Organization","@id":"https:\/\/lasentinelle.dz\/#organization","name":"Quotidien La Sentinelle","url":"https:\/\/lasentinelle.dz\/","logo":{"@type":"ImageObject","inLanguage":"fr-FR","@id":"https:\/\/lasentinelle.dz\/#\/schema\/logo\/image\/","url":"https:\/\/lasentinelle.dz\/wp-content\/uploads\/2021\/09\/logo-sentinelleSLOGAN-1.png","contentUrl":"https:\/\/lasentinelle.dz\/wp-content\/uploads\/2021\/09\/logo-sentinelleSLOGAN-1.png","width":615,"height":142,"caption":"Quotidien La Sentinelle"},"image":{"@id":"https:\/\/lasentinelle.dz\/#\/schema\/logo\/image\/"},"sameAs":["https:\/\/www.facebook.com\/La-Sentinelle-104059864394773"]},{"@type":"Person","@id":"https:\/\/lasentinelle.dz\/#\/schema\/person\/729ee0024f24e0b8c5ec17232f8e8b41","name":"admin","image":{"@type":"ImageObject","inLanguage":"fr-FR","@id":"https:\/\/secure.gravatar.com\/avatar\/4c81fed838786e9b53f540bf46533e750f5d292099ae3b66cfc6fb1982e29df7?s=96&d=mm&r=g","url":"https:\/\/secure.gravatar.com\/avatar\/4c81fed838786e9b53f540bf46533e750f5d292099ae3b66cfc6fb1982e29df7?s=96&d=mm&r=g","contentUrl":"https:\/\/secure.gravatar.com\/avatar\/4c81fed838786e9b53f540bf46533e750f5d292099ae3b66cfc6fb1982e29df7?s=96&d=mm&r=g","caption":"admin"},"description":"admin","url":"https:\/\/lasentinelle.dz\/author\/admin\/"}]}},"_links":{"self":[{"href":"https:\/\/lasentinelle.dz\/index.php\/wp-json\/wp\/v2\/posts\/62323","targetHints":{"allow":["GET"]}}],"collection":[{"href":"https:\/\/lasentinelle.dz\/index.php\/wp-json\/wp\/v2\/posts"}],"about":[{"href":"https:\/\/lasentinelle.dz\/index.php\/wp-json\/wp\/v2\/types\/post"}],"author":[{"embeddable":true,"href":"https:\/\/lasentinelle.dz\/index.php\/wp-json\/wp\/v2\/users\/6"}],"replies":[{"embeddable":true,"href":"https:\/\/lasentinelle.dz\/index.php\/wp-json\/wp\/v2\/comments?post=62323"}],"version-history":[{"count":1,"href":"https:\/\/lasentinelle.dz\/index.php\/wp-json\/wp\/v2\/posts\/62323\/revisions"}],"predecessor-version":[{"id":62325,"href":"https:\/\/lasentinelle.dz\/index.php\/wp-json\/wp\/v2\/posts\/62323\/revisions\/62325"}],"wp:featuredmedia":[{"embeddable":true,"href":"https:\/\/lasentinelle.dz\/index.php\/wp-json\/wp\/v2\/media\/62324"}],"wp:attachment":[{"href":"https:\/\/lasentinelle.dz\/index.php\/wp-json\/wp\/v2\/media?parent=62323"}],"wp:term":[{"taxonomy":"category","embeddable":true,"href":"https:\/\/lasentinelle.dz\/index.php\/wp-json\/wp\/v2\/categories?post=62323"},{"taxonomy":"post_tag","embeddable":true,"href":"https:\/\/lasentinelle.dz\/index.php\/wp-json\/wp\/v2\/tags?post=62323"}],"curies":[{"name":"wp","href":"https:\/\/api.w.org\/{rel}","templated":true}]}}