{"id":62335,"date":"2025-01-30T12:55:00","date_gmt":"2025-01-30T11:55:00","guid":{"rendered":"https:\/\/lasentinelle.dz\/?p=62335"},"modified":"2025-02-01T12:57:24","modified_gmt":"2025-02-01T11:57:24","slug":"consultations-politiques-les-partis-adherent-a-la-demarche-du-president-tebboune","status":"publish","type":"post","link":"https:\/\/lasentinelle.dz\/index.php\/2025\/01\/30\/consultations-politiques-les-partis-adherent-a-la-demarche-du-president-tebboune\/","title":{"rendered":"Consultations politiques \u00a0: Les partis adh\u00e8rent \u00e0 la d\u00e9marche du Pr\u00e9sident Tebboune"},"content":{"rendered":"\n<p>Les consultations politiques initi\u00e9es par le pr\u00e9sident de la R\u00e9publique, Abdelmadjid Tebboune, se poursuit avec la r\u00e9ception des diff\u00e9rentes formations politiques. Apr\u00e8s avoir re\u00e7u le Mouvement de la Soci\u00e9t\u00e9 pour la Paix (MSP), le Front des Forces Socialistes (FFS), le Rassemblement National D\u00e9mocratique (RND), le parti Sawt Echaab et le Conseil sup\u00e9rieur de la jeunesse, le chef de l&rsquo;\u00c9tat a accord\u00e9 hier une audience au pr\u00e9sident du Front El-Moustakbel, Fateh Boutbig, accompagn\u00e9 d&rsquo;une d\u00e9l\u00e9gation de son parti, en pr\u00e9sence du directeur de Cabinet \u00e0 la Pr\u00e9sidence de la R\u00e9publique, Boualem Boualem, et du Conseiller pr\u00e9sidentiel charg\u00e9 de la Direction g\u00e9n\u00e9rale de la communication, Kamel Sidi Sa\u00efd.<\/p>\n\n\n\n<p>La veille, le pr\u00e9sident du Mouvement El-Bina, Abdelkader Bengrina, avait \u00e9t\u00e9 re\u00e7u par le chef de l&rsquo;\u00c9tat dans le cadre de ces consultations politiques pr\u00e9paratoires au dialogue national. \u00c0 l&rsquo;issue de cette rencontre qu&rsquo;il a qualifi\u00e9e de \u00ab\u00a0fructueuse et r\u00e9ussie \u00e0 tous points de vue\u00a0\u00bb, M. Bengrina s&rsquo;est f\u00e9licit\u00e9 de cette initiative pr\u00e9sidentielle qui s&rsquo;inscrit dans une \u00ab\u00a0tradition consacr\u00e9e\u00a0\u00bb par M. Tebboune. Le pr\u00e9sident d&rsquo;El-Bina a notamment salu\u00e9 l&rsquo;engagement du pr\u00e9sident de la R\u00e9publique en faveur du dialogue avec toutes les composantes de la classe politique, conform\u00e9ment \u00e0 la promesse faite lors de sa prestation de serment, dans l&rsquo;objectif de poursuivre la consolidation du front interne et la pr\u00e9servation des acquis en mati\u00e8re de s\u00e9curit\u00e9 et de stabilit\u00e9 dont jouit l&rsquo;Alg\u00e9rie.<\/p>\n\n\n\n<p>\u00c0 cette occasion, M. Bengrina a remis au pr\u00e9sident de la R\u00e9publique \u00ab\u00a0un document exhaustif\u00a0\u00bb abordant l&rsquo;ensemble des aspects politiques et socio-\u00e9conomiques. Il s&rsquo;est notamment r\u00e9joui de l&rsquo;accueil favorable r\u00e9serv\u00e9 par le chef de l&rsquo;\u00c9tat aux propositions de sa formation politique, ce qui selon lui \u00ab\u00a0conforte notre confiance en sa personne, en son action et en sa bonne foi\u00a0\u00bb. Le pr\u00e9sident d&rsquo;El-Bina a particuli\u00e8rement insist\u00e9 sur \u00ab\u00a0la n\u00e9cessit\u00e9 pour tout un chacun de veiller \u00e0 l&rsquo;application et \u00e0 la mise en \u0153uvre du programme du pr\u00e9sident de la R\u00e9publique qui profitera, au final, \u00e0 toute la nation alg\u00e9rienne et \u00e0 ses futures g\u00e9n\u00e9rations\u00a0\u00bb.<\/p>\n\n\n\n<p>Les discussions ont \u00e9galement port\u00e9 sur divers dossiers d&rsquo;actualit\u00e9, notamment les questions sociales, l&rsquo;investissement, la lutte contre la bureaucratie, ainsi que le renforcement des libert\u00e9s et de la s\u00e9curit\u00e9 sanitaire et alimentaire. Sur le plan international, la cause palestinienne a occup\u00e9 une place importante dans les \u00e9changes, en particulier les aspects li\u00e9s \u00e0 la r\u00e9unification des rangs palestiniens et \u00e0 la reconstruction.<\/p>\n\n\n\n<p>Lors d&rsquo;une conf\u00e9rence de presse tenue hier au si\u00e8ge de son parti, M. Bengrina a par ailleurs d\u00e9nonc\u00e9 \u00ab\u00a0les tentatives de certaines parties visant \u00e0 semer la discorde en Alg\u00e9rie et \u00e0 cr\u00e9er un climat de d\u00e9sespoir\u00a0\u00bb. Dans ce contexte, il a salu\u00e9 la fermet\u00e9 des autorit\u00e9s alg\u00e9riennes face aux \u00ab\u00a0traitements provocateurs\u00a0\u00bb subis par les citoyens alg\u00e9riens dans les a\u00e9roports parisiens, comme en t\u00e9moigne la convocation de l&rsquo;ambassadeur fran\u00e7ais. Pour le pr\u00e9sident d&rsquo;El-Bina, cette r\u00e9action refl\u00e8te la d\u00e9termination de l&rsquo;\u00c9tat \u00e0 \u00ab\u00a0ne pas passer sous silence les atteintes aux int\u00e9r\u00eats vitaux de notre pays par la provocation et l&rsquo;intimidation\u00a0\u00bb. La poursuite de ces consultations politiques, marqu\u00e9es par une large participation des diff\u00e9rentes sensibilit\u00e9s de la sc\u00e8ne politique nationale, t\u00e9moigne de la volont\u00e9 du pr\u00e9sident Tebboune de consolider le dialogue comme mode de gouvernance et de renforcer le front interne face aux d\u00e9fis qui se posent au pays.<\/p>\n\n\n\n<p>Salim Amokrane<\/p>\n\n\n\n<p><strong>Le pr\u00e9sident de la R\u00e9publique re\u00e7oit le vice Premier ministre russe&nbsp;<\/strong><\/p>\n\n\n\n<p>Le pr\u00e9sident de la R\u00e9publique, M. Abdelmadjid Tebboune, a re\u00e7u, mercredi, M. Dimitri Patrouchev, vice Premier ministre russe et la d\u00e9l\u00e9gation qui l&rsquo;accompagne, indique un communiqu\u00e9 de la Pr\u00e9sidence de la R\u00e9publique. L&rsquo;audience s&rsquo;est d\u00e9roul\u00e9e en pr\u00e9sence du directeur de Cabinet \u00e0 la Pr\u00e9sidence de la R\u00e9publique, M. Boualem Boualem, du ministre de l&rsquo;Agriculture, du D\u00e9veloppement rural et de la P\u00eache, M. Youcef Cherfa et de l&rsquo;ambassadeur d&rsquo;Alg\u00e9rie en Russie, M. Boumediene Guennad.(APS)<\/p>\n","protected":false},"excerpt":{"rendered":"<p>Les consultations politiques initi\u00e9es par le pr\u00e9sident de la R\u00e9publique, Abdelmadjid Tebboune, se poursuit avec la r\u00e9ception des diff\u00e9rentes formations<\/p>\n","protected":false},"author":6,"featured_media":62336,"comment_status":"open","ping_status":"closed","sticky":false,"template":"","format":"standard","meta":{"colormag_page_container_layout":"default_layout","colormag_page_sidebar_layout":"default_layout","om_disable_all_campaigns":false,"_monsterinsights_skip_tracking":false,"_monsterinsights_sitenote_active":false,"_monsterinsights_sitenote_note":"","_monsterinsights_sitenote_category":0,"footnotes":"","_wpscppro_dont_share_socialmedia":false,"_wpscppro_custom_social_share_image":0,"_facebook_share_type":"default","_twitter_share_type":"default","_linkedin_share_type":"default","_pinterest_share_type":"default","_linkedin_share_type_page":"","_instagram_share_type":"default","_medium_share_type":"default","_threads_share_type":"","_google_business_share_type":"","_selected_social_profile":[],"_wpsp_enable_custom_social_template":false,"_wpsp_social_scheduling":{"enabled":false,"datetime":null,"platforms":[],"status":"template_only","dateOption":"today","timeOption":"now","customDays":"","customHours":"","customDate":"","customTime":"","schedulingType":"absolute"},"_wpsp_active_default_template":true},"categories":[52,27],"tags":[],"class_list":["post-62335","post","type-post","status-publish","format-standard","has-post-thumbnail","hentry","category-a-la-une","category-actualite"],"aioseo_notices":[],"yoast_head":"<!-- This site is optimized with the Yoast SEO plugin v27.5 - https:\/\/yoast.com\/product\/yoast-seo-wordpress\/ -->\n<title>Consultations politiques \u00a0: Les partis adh\u00e8rent \u00e0 la d\u00e9marche du Pr\u00e9sident Tebboune - La Sentinelle<\/title>\n<meta name=\"robots\" content=\"index, follow, max-snippet:-1, max-image-preview:large, max-video-preview:-1\" \/>\n<link rel=\"canonical\" href=\"https:\/\/lasentinelle.dz\/index.php\/2025\/01\/30\/consultations-politiques-les-partis-adherent-a-la-demarche-du-president-tebboune\/\" \/>\n<meta property=\"og:locale\" content=\"fr_FR\" \/>\n<meta property=\"og:type\" content=\"article\" \/>\n<meta property=\"og:title\" content=\"Consultations politiques \u00a0: Les partis adh\u00e8rent \u00e0 la d\u00e9marche du Pr\u00e9sident Tebboune - La Sentinelle\" \/>\n<meta property=\"og:description\" content=\"Les consultations politiques initi\u00e9es par le pr\u00e9sident de la R\u00e9publique, Abdelmadjid Tebboune, se poursuit avec la r\u00e9ception des diff\u00e9rentes formations\" \/>\n<meta property=\"og:url\" content=\"https:\/\/lasentinelle.dz\/index.php\/2025\/01\/30\/consultations-politiques-les-partis-adherent-a-la-demarche-du-president-tebboune\/\" \/>\n<meta property=\"og:site_name\" content=\"La Sentinelle\" \/>\n<meta property=\"article:publisher\" content=\"https:\/\/www.facebook.com\/La-Sentinelle-104059864394773\" \/>\n<meta property=\"article:published_time\" content=\"2025-01-30T11:55:00+00:00\" \/>\n<meta property=\"article:modified_time\" content=\"2025-02-01T11:57:24+00:00\" \/>\n<meta property=\"og:image\" content=\"https:\/\/lasentinelle.dz\/wp-content\/uploads\/2025\/02\/tebboune.jpeg\" \/>\n\t<meta property=\"og:image:width\" content=\"1439\" \/>\n\t<meta property=\"og:image:height\" content=\"960\" \/>\n\t<meta property=\"og:image:type\" content=\"image\/jpeg\" \/>\n<meta name=\"author\" content=\"admin\" \/>\n<meta name=\"twitter:card\" content=\"summary_large_image\" \/>\n<meta name=\"twitter:label1\" content=\"\u00c9crit par\" \/>\n\t<meta name=\"twitter:data1\" content=\"admin\" \/>\n\t<meta name=\"twitter:label2\" content=\"Dur\u00e9e de lecture estim\u00e9e\" \/>\n\t<meta name=\"twitter:data2\" content=\"4 minutes\" \/>\n<script type=\"application\/ld+json\" class=\"yoast-schema-graph\">{\"@context\":\"https:\\\/\\\/schema.org\",\"@graph\":[{\"@type\":\"Article\",\"@id\":\"https:\\\/\\\/lasentinelle.dz\\\/index.php\\\/2025\\\/01\\\/30\\\/consultations-politiques-les-partis-adherent-a-la-demarche-du-president-tebboune\\\/#article\",\"isPartOf\":{\"@id\":\"https:\\\/\\\/lasentinelle.dz\\\/index.php\\\/2025\\\/01\\\/30\\\/consultations-politiques-les-partis-adherent-a-la-demarche-du-president-tebboune\\\/\"},\"author\":{\"name\":\"admin\",\"@id\":\"https:\\\/\\\/lasentinelle.dz\\\/#\\\/schema\\\/person\\\/729ee0024f24e0b8c5ec17232f8e8b41\"},\"headline\":\"Consultations politiques \u00a0: Les partis adh\u00e8rent \u00e0 la d\u00e9marche du Pr\u00e9sident Tebboune\",\"datePublished\":\"2025-01-30T11:55:00+00:00\",\"dateModified\":\"2025-02-01T11:57:24+00:00\",\"mainEntityOfPage\":{\"@id\":\"https:\\\/\\\/lasentinelle.dz\\\/index.php\\\/2025\\\/01\\\/30\\\/consultations-politiques-les-partis-adherent-a-la-demarche-du-president-tebboune\\\/\"},\"wordCount\":751,\"commentCount\":0,\"publisher\":{\"@id\":\"https:\\\/\\\/lasentinelle.dz\\\/#organization\"},\"image\":{\"@id\":\"https:\\\/\\\/lasentinelle.dz\\\/index.php\\\/2025\\\/01\\\/30\\\/consultations-politiques-les-partis-adherent-a-la-demarche-du-president-tebboune\\\/#primaryimage\"},\"thumbnailUrl\":\"https:\\\/\\\/lasentinelle.dz\\\/wp-content\\\/uploads\\\/2025\\\/02\\\/tebboune.jpeg\",\"articleSection\":[\"\u00c0 la Une\",\"Actualit\u00e9\"],\"inLanguage\":\"fr-FR\",\"potentialAction\":[{\"@type\":\"CommentAction\",\"name\":\"Comment\",\"target\":[\"https:\\\/\\\/lasentinelle.dz\\\/index.php\\\/2025\\\/01\\\/30\\\/consultations-politiques-les-partis-adherent-a-la-demarche-du-president-tebboune\\\/#respond\"]}]},{\"@type\":\"WebPage\",\"@id\":\"https:\\\/\\\/lasentinelle.dz\\\/index.php\\\/2025\\\/01\\\/30\\\/consultations-politiques-les-partis-adherent-a-la-demarche-du-president-tebboune\\\/\",\"url\":\"https:\\\/\\\/lasentinelle.dz\\\/index.php\\\/2025\\\/01\\\/30\\\/consultations-politiques-les-partis-adherent-a-la-demarche-du-president-tebboune\\\/\",\"name\":\"Consultations politiques \u00a0: Les partis adh\u00e8rent \u00e0 la d\u00e9marche du Pr\u00e9sident Tebboune - La Sentinelle\",\"isPartOf\":{\"@id\":\"https:\\\/\\\/lasentinelle.dz\\\/#website\"},\"primaryImageOfPage\":{\"@id\":\"https:\\\/\\\/lasentinelle.dz\\\/index.php\\\/2025\\\/01\\\/30\\\/consultations-politiques-les-partis-adherent-a-la-demarche-du-president-tebboune\\\/#primaryimage\"},\"image\":{\"@id\":\"https:\\\/\\\/lasentinelle.dz\\\/index.php\\\/2025\\\/01\\\/30\\\/consultations-politiques-les-partis-adherent-a-la-demarche-du-president-tebboune\\\/#primaryimage\"},\"thumbnailUrl\":\"https:\\\/\\\/lasentinelle.dz\\\/wp-content\\\/uploads\\\/2025\\\/02\\\/tebboune.jpeg\",\"datePublished\":\"2025-01-30T11:55:00+00:00\",\"dateModified\":\"2025-02-01T11:57:24+00:00\",\"breadcrumb\":{\"@id\":\"https:\\\/\\\/lasentinelle.dz\\\/index.php\\\/2025\\\/01\\\/30\\\/consultations-politiques-les-partis-adherent-a-la-demarche-du-president-tebboune\\\/#breadcrumb\"},\"inLanguage\":\"fr-FR\",\"potentialAction\":[{\"@type\":\"ReadAction\",\"target\":[\"https:\\\/\\\/lasentinelle.dz\\\/index.php\\\/2025\\\/01\\\/30\\\/consultations-politiques-les-partis-adherent-a-la-demarche-du-president-tebboune\\\/\"]}]},{\"@type\":\"ImageObject\",\"inLanguage\":\"fr-FR\",\"@id\":\"https:\\\/\\\/lasentinelle.dz\\\/index.php\\\/2025\\\/01\\\/30\\\/consultations-politiques-les-partis-adherent-a-la-demarche-du-president-tebboune\\\/#primaryimage\",\"url\":\"https:\\\/\\\/lasentinelle.dz\\\/wp-content\\\/uploads\\\/2025\\\/02\\\/tebboune.jpeg\",\"contentUrl\":\"https:\\\/\\\/lasentinelle.dz\\\/wp-content\\\/uploads\\\/2025\\\/02\\\/tebboune.jpeg\",\"width\":1439,\"height\":960},{\"@type\":\"BreadcrumbList\",\"@id\":\"https:\\\/\\\/lasentinelle.dz\\\/index.php\\\/2025\\\/01\\\/30\\\/consultations-politiques-les-partis-adherent-a-la-demarche-du-president-tebboune\\\/#breadcrumb\",\"itemListElement\":[{\"@type\":\"ListItem\",\"position\":1,\"name\":\"Accueil\",\"item\":\"https:\\\/\\\/lasentinelle.dz\\\/\"},{\"@type\":\"ListItem\",\"position\":2,\"name\":\"Consultations politiques \u00a0: Les partis adh\u00e8rent \u00e0 la d\u00e9marche du Pr\u00e9sident Tebboune\"}]},{\"@type\":\"WebSite\",\"@id\":\"https:\\\/\\\/lasentinelle.dz\\\/#website\",\"url\":\"https:\\\/\\\/lasentinelle.dz\\\/\",\"name\":\"La Sentinelle\",\"description\":\"Quotidien national d&#039;information\",\"publisher\":{\"@id\":\"https:\\\/\\\/lasentinelle.dz\\\/#organization\"},\"potentialAction\":[{\"@type\":\"SearchAction\",\"target\":{\"@type\":\"EntryPoint\",\"urlTemplate\":\"https:\\\/\\\/lasentinelle.dz\\\/?s={search_term_string}\"},\"query-input\":{\"@type\":\"PropertyValueSpecification\",\"valueRequired\":true,\"valueName\":\"search_term_string\"}}],\"inLanguage\":\"fr-FR\"},{\"@type\":\"Organization\",\"@id\":\"https:\\\/\\\/lasentinelle.dz\\\/#organization\",\"name\":\"Quotidien La Sentinelle\",\"url\":\"https:\\\/\\\/lasentinelle.dz\\\/\",\"logo\":{\"@type\":\"ImageObject\",\"inLanguage\":\"fr-FR\",\"@id\":\"https:\\\/\\\/lasentinelle.dz\\\/#\\\/schema\\\/logo\\\/image\\\/\",\"url\":\"https:\\\/\\\/lasentinelle.dz\\\/wp-content\\\/uploads\\\/2021\\\/09\\\/logo-sentinelleSLOGAN-1.png\",\"contentUrl\":\"https:\\\/\\\/lasentinelle.dz\\\/wp-content\\\/uploads\\\/2021\\\/09\\\/logo-sentinelleSLOGAN-1.png\",\"width\":615,\"height\":142,\"caption\":\"Quotidien La Sentinelle\"},\"image\":{\"@id\":\"https:\\\/\\\/lasentinelle.dz\\\/#\\\/schema\\\/logo\\\/image\\\/\"},\"sameAs\":[\"https:\\\/\\\/www.facebook.com\\\/La-Sentinelle-104059864394773\"]},{\"@type\":\"Person\",\"@id\":\"https:\\\/\\\/lasentinelle.dz\\\/#\\\/schema\\\/person\\\/729ee0024f24e0b8c5ec17232f8e8b41\",\"name\":\"admin\",\"image\":{\"@type\":\"ImageObject\",\"inLanguage\":\"fr-FR\",\"@id\":\"https:\\\/\\\/secure.gravatar.com\\\/avatar\\\/4c81fed838786e9b53f540bf46533e750f5d292099ae3b66cfc6fb1982e29df7?s=96&d=mm&r=g\",\"url\":\"https:\\\/\\\/secure.gravatar.com\\\/avatar\\\/4c81fed838786e9b53f540bf46533e750f5d292099ae3b66cfc6fb1982e29df7?s=96&d=mm&r=g\",\"contentUrl\":\"https:\\\/\\\/secure.gravatar.com\\\/avatar\\\/4c81fed838786e9b53f540bf46533e750f5d292099ae3b66cfc6fb1982e29df7?s=96&d=mm&r=g\",\"caption\":\"admin\"},\"description\":\"admin\",\"url\":\"https:\\\/\\\/lasentinelle.dz\\\/author\\\/admin\\\/\"}]}<\/script>\n<!-- \/ Yoast SEO plugin. -->","yoast_head_json":{"title":"Consultations politiques \u00a0: Les partis adh\u00e8rent \u00e0 la d\u00e9marche du Pr\u00e9sident Tebboune - La Sentinelle","robots":{"index":"index","follow":"follow","max-snippet":"max-snippet:-1","max-image-preview":"max-image-preview:large","max-video-preview":"max-video-preview:-1"},"canonical":"https:\/\/lasentinelle.dz\/index.php\/2025\/01\/30\/consultations-politiques-les-partis-adherent-a-la-demarche-du-president-tebboune\/","og_locale":"fr_FR","og_type":"article","og_title":"Consultations politiques \u00a0: Les partis adh\u00e8rent \u00e0 la d\u00e9marche du Pr\u00e9sident Tebboune - La Sentinelle","og_description":"Les consultations politiques initi\u00e9es par le pr\u00e9sident de la R\u00e9publique, Abdelmadjid Tebboune, se poursuit avec la r\u00e9ception des diff\u00e9rentes formations","og_url":"https:\/\/lasentinelle.dz\/index.php\/2025\/01\/30\/consultations-politiques-les-partis-adherent-a-la-demarche-du-president-tebboune\/","og_site_name":"La Sentinelle","article_publisher":"https:\/\/www.facebook.com\/La-Sentinelle-104059864394773","article_published_time":"2025-01-30T11:55:00+00:00","article_modified_time":"2025-02-01T11:57:24+00:00","og_image":[{"width":1439,"height":960,"url":"https:\/\/lasentinelle.dz\/wp-content\/uploads\/2025\/02\/tebboune.jpeg","type":"image\/jpeg"}],"author":"admin","twitter_card":"summary_large_image","twitter_misc":{"\u00c9crit par":"admin","Dur\u00e9e de lecture estim\u00e9e":"4 minutes"},"schema":{"@context":"https:\/\/schema.org","@graph":[{"@type":"Article","@id":"https:\/\/lasentinelle.dz\/index.php\/2025\/01\/30\/consultations-politiques-les-partis-adherent-a-la-demarche-du-president-tebboune\/#article","isPartOf":{"@id":"https:\/\/lasentinelle.dz\/index.php\/2025\/01\/30\/consultations-politiques-les-partis-adherent-a-la-demarche-du-president-tebboune\/"},"author":{"name":"admin","@id":"https:\/\/lasentinelle.dz\/#\/schema\/person\/729ee0024f24e0b8c5ec17232f8e8b41"},"headline":"Consultations politiques \u00a0: Les partis adh\u00e8rent \u00e0 la d\u00e9marche du Pr\u00e9sident Tebboune","datePublished":"2025-01-30T11:55:00+00:00","dateModified":"2025-02-01T11:57:24+00:00","mainEntityOfPage":{"@id":"https:\/\/lasentinelle.dz\/index.php\/2025\/01\/30\/consultations-politiques-les-partis-adherent-a-la-demarche-du-president-tebboune\/"},"wordCount":751,"commentCount":0,"publisher":{"@id":"https:\/\/lasentinelle.dz\/#organization"},"image":{"@id":"https:\/\/lasentinelle.dz\/index.php\/2025\/01\/30\/consultations-politiques-les-partis-adherent-a-la-demarche-du-president-tebboune\/#primaryimage"},"thumbnailUrl":"https:\/\/lasentinelle.dz\/wp-content\/uploads\/2025\/02\/tebboune.jpeg","articleSection":["\u00c0 la Une","Actualit\u00e9"],"inLanguage":"fr-FR","potentialAction":[{"@type":"CommentAction","name":"Comment","target":["https:\/\/lasentinelle.dz\/index.php\/2025\/01\/30\/consultations-politiques-les-partis-adherent-a-la-demarche-du-president-tebboune\/#respond"]}]},{"@type":"WebPage","@id":"https:\/\/lasentinelle.dz\/index.php\/2025\/01\/30\/consultations-politiques-les-partis-adherent-a-la-demarche-du-president-tebboune\/","url":"https:\/\/lasentinelle.dz\/index.php\/2025\/01\/30\/consultations-politiques-les-partis-adherent-a-la-demarche-du-president-tebboune\/","name":"Consultations politiques \u00a0: Les partis adh\u00e8rent \u00e0 la d\u00e9marche du Pr\u00e9sident Tebboune - La Sentinelle","isPartOf":{"@id":"https:\/\/lasentinelle.dz\/#website"},"primaryImageOfPage":{"@id":"https:\/\/lasentinelle.dz\/index.php\/2025\/01\/30\/consultations-politiques-les-partis-adherent-a-la-demarche-du-president-tebboune\/#primaryimage"},"image":{"@id":"https:\/\/lasentinelle.dz\/index.php\/2025\/01\/30\/consultations-politiques-les-partis-adherent-a-la-demarche-du-president-tebboune\/#primaryimage"},"thumbnailUrl":"https:\/\/lasentinelle.dz\/wp-content\/uploads\/2025\/02\/tebboune.jpeg","datePublished":"2025-01-30T11:55:00+00:00","dateModified":"2025-02-01T11:57:24+00:00","breadcrumb":{"@id":"https:\/\/lasentinelle.dz\/index.php\/2025\/01\/30\/consultations-politiques-les-partis-adherent-a-la-demarche-du-president-tebboune\/#breadcrumb"},"inLanguage":"fr-FR","potentialAction":[{"@type":"ReadAction","target":["https:\/\/lasentinelle.dz\/index.php\/2025\/01\/30\/consultations-politiques-les-partis-adherent-a-la-demarche-du-president-tebboune\/"]}]},{"@type":"ImageObject","inLanguage":"fr-FR","@id":"https:\/\/lasentinelle.dz\/index.php\/2025\/01\/30\/consultations-politiques-les-partis-adherent-a-la-demarche-du-president-tebboune\/#primaryimage","url":"https:\/\/lasentinelle.dz\/wp-content\/uploads\/2025\/02\/tebboune.jpeg","contentUrl":"https:\/\/lasentinelle.dz\/wp-content\/uploads\/2025\/02\/tebboune.jpeg","width":1439,"height":960},{"@type":"BreadcrumbList","@id":"https:\/\/lasentinelle.dz\/index.php\/2025\/01\/30\/consultations-politiques-les-partis-adherent-a-la-demarche-du-president-tebboune\/#breadcrumb","itemListElement":[{"@type":"ListItem","position":1,"name":"Accueil","item":"https:\/\/lasentinelle.dz\/"},{"@type":"ListItem","position":2,"name":"Consultations politiques \u00a0: Les partis adh\u00e8rent \u00e0 la d\u00e9marche du Pr\u00e9sident Tebboune"}]},{"@type":"WebSite","@id":"https:\/\/lasentinelle.dz\/#website","url":"https:\/\/lasentinelle.dz\/","name":"La Sentinelle","description":"Quotidien national d&#039;information","publisher":{"@id":"https:\/\/lasentinelle.dz\/#organization"},"potentialAction":[{"@type":"SearchAction","target":{"@type":"EntryPoint","urlTemplate":"https:\/\/lasentinelle.dz\/?s={search_term_string}"},"query-input":{"@type":"PropertyValueSpecification","valueRequired":true,"valueName":"search_term_string"}}],"inLanguage":"fr-FR"},{"@type":"Organization","@id":"https:\/\/lasentinelle.dz\/#organization","name":"Quotidien La Sentinelle","url":"https:\/\/lasentinelle.dz\/","logo":{"@type":"ImageObject","inLanguage":"fr-FR","@id":"https:\/\/lasentinelle.dz\/#\/schema\/logo\/image\/","url":"https:\/\/lasentinelle.dz\/wp-content\/uploads\/2021\/09\/logo-sentinelleSLOGAN-1.png","contentUrl":"https:\/\/lasentinelle.dz\/wp-content\/uploads\/2021\/09\/logo-sentinelleSLOGAN-1.png","width":615,"height":142,"caption":"Quotidien La Sentinelle"},"image":{"@id":"https:\/\/lasentinelle.dz\/#\/schema\/logo\/image\/"},"sameAs":["https:\/\/www.facebook.com\/La-Sentinelle-104059864394773"]},{"@type":"Person","@id":"https:\/\/lasentinelle.dz\/#\/schema\/person\/729ee0024f24e0b8c5ec17232f8e8b41","name":"admin","image":{"@type":"ImageObject","inLanguage":"fr-FR","@id":"https:\/\/secure.gravatar.com\/avatar\/4c81fed838786e9b53f540bf46533e750f5d292099ae3b66cfc6fb1982e29df7?s=96&d=mm&r=g","url":"https:\/\/secure.gravatar.com\/avatar\/4c81fed838786e9b53f540bf46533e750f5d292099ae3b66cfc6fb1982e29df7?s=96&d=mm&r=g","contentUrl":"https:\/\/secure.gravatar.com\/avatar\/4c81fed838786e9b53f540bf46533e750f5d292099ae3b66cfc6fb1982e29df7?s=96&d=mm&r=g","caption":"admin"},"description":"admin","url":"https:\/\/lasentinelle.dz\/author\/admin\/"}]}},"_links":{"self":[{"href":"https:\/\/lasentinelle.dz\/index.php\/wp-json\/wp\/v2\/posts\/62335","targetHints":{"allow":["GET"]}}],"collection":[{"href":"https:\/\/lasentinelle.dz\/index.php\/wp-json\/wp\/v2\/posts"}],"about":[{"href":"https:\/\/lasentinelle.dz\/index.php\/wp-json\/wp\/v2\/types\/post"}],"author":[{"embeddable":true,"href":"https:\/\/lasentinelle.dz\/index.php\/wp-json\/wp\/v2\/users\/6"}],"replies":[{"embeddable":true,"href":"https:\/\/lasentinelle.dz\/index.php\/wp-json\/wp\/v2\/comments?post=62335"}],"version-history":[{"count":1,"href":"https:\/\/lasentinelle.dz\/index.php\/wp-json\/wp\/v2\/posts\/62335\/revisions"}],"predecessor-version":[{"id":62337,"href":"https:\/\/lasentinelle.dz\/index.php\/wp-json\/wp\/v2\/posts\/62335\/revisions\/62337"}],"wp:featuredmedia":[{"embeddable":true,"href":"https:\/\/lasentinelle.dz\/index.php\/wp-json\/wp\/v2\/media\/62336"}],"wp:attachment":[{"href":"https:\/\/lasentinelle.dz\/index.php\/wp-json\/wp\/v2\/media?parent=62335"}],"wp:term":[{"taxonomy":"category","embeddable":true,"href":"https:\/\/lasentinelle.dz\/index.php\/wp-json\/wp\/v2\/categories?post=62335"},{"taxonomy":"post_tag","embeddable":true,"href":"https:\/\/lasentinelle.dz\/index.php\/wp-json\/wp\/v2\/tags?post=62335"}],"curies":[{"name":"wp","href":"https:\/\/api.w.org\/{rel}","templated":true}]}}