{"id":62355,"date":"2025-02-02T12:42:56","date_gmt":"2025-02-02T11:42:56","guid":{"rendered":"https:\/\/lasentinelle.dz\/?p=62355"},"modified":"2025-02-02T12:42:56","modified_gmt":"2025-02-02T11:42:56","slug":"patrimoine-vers-le-classement-de-lhotel-de-ville-dannaba","status":"publish","type":"post","link":"https:\/\/lasentinelle.dz\/index.php\/2025\/02\/02\/patrimoine-vers-le-classement-de-lhotel-de-ville-dannaba\/","title":{"rendered":"Patrimoine: Vers le classement de l\u2019h\u00f4tel de ville d\u2019Annaba\u00a0?"},"content":{"rendered":"\n<p>Remontant \u00e0 l\u2019\u00e9poque coloniale, l\u2019h\u00f4tel de ville d\u2019Annaba, bijou architectural par excellence, m\u00e9rite d\u2019\u00eatre class\u00e9e au patrimoine national.<\/p>\n\n\n\n<p>Une proposition a \u00e9t\u00e9 faite dans ce sens, afin de donner \u00e0 ce prestigieux \u00e9difice, la place qui lui convient, au sein du patrimoine national. Une demande a \u00e9t\u00e9 formul\u00e9e et propos\u00e9e \u00e0 la commission de wilaya des biens culturels pour son classement au patrimoine national, nous confie une source relevant de la direction de la culture et des Arts de la wilaya d\u2019Annaba. La demande est motiv\u00e9e par la d\u00e9gradation avanc\u00e9e de la b\u00e2tisse, dont l\u2019enceinte pr\u00e9sente un art architectural et historique ind\u00e9niable. La proposition du classement du si\u00e8ge de l\u2019h\u00f4tel de ville du chef -lieu de la wilaya d\u2019Annaba, a pour objectif la pr\u00e9servation de ce chef-d\u2019\u0153uvre architectural et sa valorisation et de permettre \u00e0 la direction de la culture de la wilaya d\u2019Annaba de disposer du cadre juridique susceptible de lui procurer la qualit\u00e9 ad\u00e9quate pour le valoriser, a-t-on expliqu\u00e9. Selon la m\u00eame source, un plan d\u2019urgence a \u00e9t\u00e9 propos\u00e9, pour sa mise valeur et sa r\u00e9habilitation dans une premi\u00e8re phase, notamment la partie externe au niveau du toit qui \u00e9tait initialement couvert d\u2019ardoise naturelle de forme rectangulaire, avant d\u2019\u00eatre ravag\u00e9 par un incendie criminel, commis par l\u2019Organisation de l\u2019Arm\u00e9e Secr\u00e8te (OAS) en 1962. Depuis, ce bien culturel subit de plein fouet, les affres du temps, et surtout l\u2019indiff\u00e9rence de l\u2019APC. Ces locataires de l\u2019embl\u00e9matique h\u00f4tel de ville de l\u2019ex B\u00f4ne, n\u2019ont jamais manifest\u00e9 la moindre volont\u00e9 pour le reconstruire. Et dire que des pourparlers avaient \u00e9t\u00e9 engag\u00e9es dans ce sens, il y a quelques ann\u00e9es, et un budget avait \u00e9t\u00e9 retenu pour la reconstruction de ce toit, dont les photos devaient servir de r\u00e9f\u00e9rences. Malheureusement depuis, jamais aucune initiative n\u2019a \u00e9t\u00e9 entreprise, et la d\u00e9t\u00e9rioration de l\u2019\u00e9difice s\u2019est acc\u00e9l\u00e9r\u00e9e et ce, en l\u2019absence de r\u00e9habilitation et surtout d\u2019entretien. Aujourd\u2019hui, la b\u00e2tisse manifeste des signes d\u2019effritement en raison des fissures visibles \u00e0 l\u2019\u0153il nu. Et pourtant, conform\u00e9ment \u00e0 la loi n\u00b0 98-04 relative \u00e0 l\u2019entretien et la r\u00e9habilitation des biens culturels et historiques, l\u2019h\u00f4tel de ville d\u2019Annaba est bel et bien concern\u00e9. Car, convient-il de souligner, ladite loi a pour objet de d\u00e9finir le patrimoine culturel de la Nation, d\u2019\u00e9dicter les r\u00e8gles g\u00e9n\u00e9rales de sa protection, sa sauvegarde et sa mise en valeur, et de fixer les conditions de leur mise en \u0153uvre. On rappelle que l\u2019\u00e9difice est l\u2019\u0153uvre de l\u2019architecte fran\u00e7ais Denis Marius Toudoire, qui l\u2019avait con\u00e7u \u00e0 l\u2019\u00e9poque en forme architecturale \u00e9clectique, un style qui annonce le d\u00e9but d\u2019une nouvelle \u00e8re de construction moderne et diversifi\u00e9e et qui a fait du b\u00e2timent une \u0153uvre architecturale pr\u00e9sentant tous les sens historiques de la r\u00e9gion et surtout de l\u2019\u00e9poque. Il a \u00e9t\u00e9 recommand\u00e9 d&rsquo;engager une r\u00e9flexion \u00e9largie quant \u00e0 une intervention rapide et urgente pour pr\u00e9server et sauvegarder ce b\u00e2timent. Aussi, les colonnes formant les arcades de la devanture de l\u2019h\u00f4tel de ville, des piliers en pierre volcaniques, ont perdu leur couleur d\u2019origine (grise), en raison d\u2019une op\u00e9ration de sablage, en guise d\u2019un semblant entretien engag\u00e9 en 2001. \u00c0 cela s\u2019ajoute l\u2019affichage sauvage notamment en p\u00e9riode d\u2019\u00e9lections. Cela appauvrit l\u2019esth\u00e9tique de l\u2019\u00e9difice. En conclusion, la proposition du classement de l\u2019h\u00f4tel de ville d\u2019Annaba est salutaire et devra permettre la sauvegarde de cet \u00e9difice historique et embl\u00e9matique. Car, il faut noter que la wilaya d\u2019Annaba dispose de plusieurs sites historiques qui m\u00e9ritent d\u2019\u00eatre class\u00e9s patrimoine culturel. On cite dans ce contexte, \u00ab Dar El Bacha&nbsp;\u00bb, situ\u00e9 dans la vieille-ville, juste en face de la mosqu\u00e9e \u00ab&nbsp;Abou Marouane Echarif&nbsp;\u00bb, ou encore \u00ab&nbsp;Dar El Kadhi&nbsp;\u00bb, situ\u00e9e \u00e9galement \u00e0 la ville-ville. Cette maison qui remonte \u00e0 l\u2019\u00e9poque Ottomane a \u00e9t\u00e9 transform\u00e9e pendant quelque temps, par l\u2019APC d\u2019Annaba, en service des cartes grises. C\u2019est pour dire que les \u00e9difices historiques ne manquent pas \u00e0 Annaba. Mais par manque d\u2019attention et de volont\u00e9, ils sont soumis \u00e0 l\u2019oubli, et avec eux, toute l\u2019histoire de l\u2019antique Hippone.<\/p>\n\n\n\n<p>Sofia Chahine<\/p>\n","protected":false},"excerpt":{"rendered":"<p>Remontant \u00e0 l\u2019\u00e9poque coloniale, l\u2019h\u00f4tel de ville d\u2019Annaba, bijou architectural par excellence, m\u00e9rite d\u2019\u00eatre class\u00e9e au patrimoine national. Une proposition<\/p>\n","protected":false},"author":6,"featured_media":62356,"comment_status":"open","ping_status":"closed","sticky":false,"template":"","format":"standard","meta":{"colormag_page_container_layout":"default_layout","colormag_page_sidebar_layout":"default_layout","om_disable_all_campaigns":false,"_monsterinsights_skip_tracking":false,"_monsterinsights_sitenote_active":false,"_monsterinsights_sitenote_note":"","_monsterinsights_sitenote_category":0,"footnotes":"","_wpscppro_dont_share_socialmedia":false,"_wpscppro_custom_social_share_image":0,"_facebook_share_type":"default","_twitter_share_type":"default","_linkedin_share_type":"default","_pinterest_share_type":"default","_linkedin_share_type_page":"","_instagram_share_type":"default","_medium_share_type":"default","_threads_share_type":"","_google_business_share_type":"","_selected_social_profile":[],"_wpsp_enable_custom_social_template":false,"_wpsp_social_scheduling":{"enabled":false,"datetime":null,"platforms":[],"status":"template_only","dateOption":"today","timeOption":"now","customDays":"","customHours":"","customDate":"","customTime":"","schedulingType":"absolute"},"_wpsp_active_default_template":true},"categories":[36],"tags":[],"class_list":["post-62355","post","type-post","status-publish","format-standard","has-post-thumbnail","hentry","category-culture"],"aioseo_notices":[],"yoast_head":"<!-- This site is optimized with the Yoast SEO plugin v27.4 - https:\/\/yoast.com\/product\/yoast-seo-wordpress\/ -->\n<title>Patrimoine: Vers le classement de l\u2019h\u00f4tel de ville d\u2019Annaba\u00a0? - La Sentinelle<\/title>\n<meta name=\"robots\" content=\"index, follow, max-snippet:-1, max-image-preview:large, max-video-preview:-1\" \/>\n<link rel=\"canonical\" href=\"https:\/\/lasentinelle.dz\/index.php\/2025\/02\/02\/patrimoine-vers-le-classement-de-lhotel-de-ville-dannaba\/\" \/>\n<meta property=\"og:locale\" content=\"fr_FR\" \/>\n<meta property=\"og:type\" content=\"article\" \/>\n<meta property=\"og:title\" content=\"Patrimoine: Vers le classement de l\u2019h\u00f4tel de ville d\u2019Annaba\u00a0? - La Sentinelle\" \/>\n<meta property=\"og:description\" content=\"Remontant \u00e0 l\u2019\u00e9poque coloniale, l\u2019h\u00f4tel de ville d\u2019Annaba, bijou architectural par excellence, m\u00e9rite d\u2019\u00eatre class\u00e9e au patrimoine national. Une proposition\" \/>\n<meta property=\"og:url\" content=\"https:\/\/lasentinelle.dz\/index.php\/2025\/02\/02\/patrimoine-vers-le-classement-de-lhotel-de-ville-dannaba\/\" \/>\n<meta property=\"og:site_name\" content=\"La Sentinelle\" \/>\n<meta property=\"article:publisher\" content=\"https:\/\/www.facebook.com\/La-Sentinelle-104059864394773\" \/>\n<meta property=\"article:published_time\" content=\"2025-02-02T11:42:56+00:00\" \/>\n<meta property=\"og:image\" content=\"https:\/\/lasentinelle.dz\/wp-content\/uploads\/2025\/02\/annaba.jpeg\" \/>\n\t<meta property=\"og:image:width\" content=\"960\" \/>\n\t<meta property=\"og:image:height\" content=\"720\" \/>\n\t<meta property=\"og:image:type\" content=\"image\/jpeg\" \/>\n<meta name=\"author\" content=\"admin\" \/>\n<meta name=\"twitter:card\" content=\"summary_large_image\" \/>\n<meta name=\"twitter:label1\" content=\"\u00c9crit par\" \/>\n\t<meta name=\"twitter:data1\" content=\"admin\" \/>\n\t<meta name=\"twitter:label2\" content=\"Dur\u00e9e de lecture estim\u00e9e\" \/>\n\t<meta name=\"twitter:data2\" content=\"4 minutes\" \/>\n<script type=\"application\/ld+json\" class=\"yoast-schema-graph\">{\"@context\":\"https:\\\/\\\/schema.org\",\"@graph\":[{\"@type\":\"Article\",\"@id\":\"https:\\\/\\\/lasentinelle.dz\\\/index.php\\\/2025\\\/02\\\/02\\\/patrimoine-vers-le-classement-de-lhotel-de-ville-dannaba\\\/#article\",\"isPartOf\":{\"@id\":\"https:\\\/\\\/lasentinelle.dz\\\/index.php\\\/2025\\\/02\\\/02\\\/patrimoine-vers-le-classement-de-lhotel-de-ville-dannaba\\\/\"},\"author\":{\"name\":\"admin\",\"@id\":\"https:\\\/\\\/lasentinelle.dz\\\/#\\\/schema\\\/person\\\/729ee0024f24e0b8c5ec17232f8e8b41\"},\"headline\":\"Patrimoine: Vers le classement de l\u2019h\u00f4tel de ville d\u2019Annaba\u00a0?\",\"datePublished\":\"2025-02-02T11:42:56+00:00\",\"mainEntityOfPage\":{\"@id\":\"https:\\\/\\\/lasentinelle.dz\\\/index.php\\\/2025\\\/02\\\/02\\\/patrimoine-vers-le-classement-de-lhotel-de-ville-dannaba\\\/\"},\"wordCount\":777,\"commentCount\":0,\"publisher\":{\"@id\":\"https:\\\/\\\/lasentinelle.dz\\\/#organization\"},\"image\":{\"@id\":\"https:\\\/\\\/lasentinelle.dz\\\/index.php\\\/2025\\\/02\\\/02\\\/patrimoine-vers-le-classement-de-lhotel-de-ville-dannaba\\\/#primaryimage\"},\"thumbnailUrl\":\"https:\\\/\\\/lasentinelle.dz\\\/wp-content\\\/uploads\\\/2025\\\/02\\\/annaba.jpeg\",\"articleSection\":[\"Culture\"],\"inLanguage\":\"fr-FR\",\"potentialAction\":[{\"@type\":\"CommentAction\",\"name\":\"Comment\",\"target\":[\"https:\\\/\\\/lasentinelle.dz\\\/index.php\\\/2025\\\/02\\\/02\\\/patrimoine-vers-le-classement-de-lhotel-de-ville-dannaba\\\/#respond\"]}]},{\"@type\":\"WebPage\",\"@id\":\"https:\\\/\\\/lasentinelle.dz\\\/index.php\\\/2025\\\/02\\\/02\\\/patrimoine-vers-le-classement-de-lhotel-de-ville-dannaba\\\/\",\"url\":\"https:\\\/\\\/lasentinelle.dz\\\/index.php\\\/2025\\\/02\\\/02\\\/patrimoine-vers-le-classement-de-lhotel-de-ville-dannaba\\\/\",\"name\":\"Patrimoine: Vers le classement de l\u2019h\u00f4tel de ville d\u2019Annaba\u00a0? - La Sentinelle\",\"isPartOf\":{\"@id\":\"https:\\\/\\\/lasentinelle.dz\\\/#website\"},\"primaryImageOfPage\":{\"@id\":\"https:\\\/\\\/lasentinelle.dz\\\/index.php\\\/2025\\\/02\\\/02\\\/patrimoine-vers-le-classement-de-lhotel-de-ville-dannaba\\\/#primaryimage\"},\"image\":{\"@id\":\"https:\\\/\\\/lasentinelle.dz\\\/index.php\\\/2025\\\/02\\\/02\\\/patrimoine-vers-le-classement-de-lhotel-de-ville-dannaba\\\/#primaryimage\"},\"thumbnailUrl\":\"https:\\\/\\\/lasentinelle.dz\\\/wp-content\\\/uploads\\\/2025\\\/02\\\/annaba.jpeg\",\"datePublished\":\"2025-02-02T11:42:56+00:00\",\"breadcrumb\":{\"@id\":\"https:\\\/\\\/lasentinelle.dz\\\/index.php\\\/2025\\\/02\\\/02\\\/patrimoine-vers-le-classement-de-lhotel-de-ville-dannaba\\\/#breadcrumb\"},\"inLanguage\":\"fr-FR\",\"potentialAction\":[{\"@type\":\"ReadAction\",\"target\":[\"https:\\\/\\\/lasentinelle.dz\\\/index.php\\\/2025\\\/02\\\/02\\\/patrimoine-vers-le-classement-de-lhotel-de-ville-dannaba\\\/\"]}]},{\"@type\":\"ImageObject\",\"inLanguage\":\"fr-FR\",\"@id\":\"https:\\\/\\\/lasentinelle.dz\\\/index.php\\\/2025\\\/02\\\/02\\\/patrimoine-vers-le-classement-de-lhotel-de-ville-dannaba\\\/#primaryimage\",\"url\":\"https:\\\/\\\/lasentinelle.dz\\\/wp-content\\\/uploads\\\/2025\\\/02\\\/annaba.jpeg\",\"contentUrl\":\"https:\\\/\\\/lasentinelle.dz\\\/wp-content\\\/uploads\\\/2025\\\/02\\\/annaba.jpeg\",\"width\":960,\"height\":720},{\"@type\":\"BreadcrumbList\",\"@id\":\"https:\\\/\\\/lasentinelle.dz\\\/index.php\\\/2025\\\/02\\\/02\\\/patrimoine-vers-le-classement-de-lhotel-de-ville-dannaba\\\/#breadcrumb\",\"itemListElement\":[{\"@type\":\"ListItem\",\"position\":1,\"name\":\"Accueil\",\"item\":\"https:\\\/\\\/lasentinelle.dz\\\/\"},{\"@type\":\"ListItem\",\"position\":2,\"name\":\"Patrimoine: Vers le classement de l\u2019h\u00f4tel de ville d\u2019Annaba\u00a0?\"}]},{\"@type\":\"WebSite\",\"@id\":\"https:\\\/\\\/lasentinelle.dz\\\/#website\",\"url\":\"https:\\\/\\\/lasentinelle.dz\\\/\",\"name\":\"La Sentinelle\",\"description\":\"Quotidien national d&#039;information\",\"publisher\":{\"@id\":\"https:\\\/\\\/lasentinelle.dz\\\/#organization\"},\"potentialAction\":[{\"@type\":\"SearchAction\",\"target\":{\"@type\":\"EntryPoint\",\"urlTemplate\":\"https:\\\/\\\/lasentinelle.dz\\\/?s={search_term_string}\"},\"query-input\":{\"@type\":\"PropertyValueSpecification\",\"valueRequired\":true,\"valueName\":\"search_term_string\"}}],\"inLanguage\":\"fr-FR\"},{\"@type\":\"Organization\",\"@id\":\"https:\\\/\\\/lasentinelle.dz\\\/#organization\",\"name\":\"Quotidien La Sentinelle\",\"url\":\"https:\\\/\\\/lasentinelle.dz\\\/\",\"logo\":{\"@type\":\"ImageObject\",\"inLanguage\":\"fr-FR\",\"@id\":\"https:\\\/\\\/lasentinelle.dz\\\/#\\\/schema\\\/logo\\\/image\\\/\",\"url\":\"https:\\\/\\\/lasentinelle.dz\\\/wp-content\\\/uploads\\\/2021\\\/09\\\/logo-sentinelleSLOGAN-1.png\",\"contentUrl\":\"https:\\\/\\\/lasentinelle.dz\\\/wp-content\\\/uploads\\\/2021\\\/09\\\/logo-sentinelleSLOGAN-1.png\",\"width\":615,\"height\":142,\"caption\":\"Quotidien La Sentinelle\"},\"image\":{\"@id\":\"https:\\\/\\\/lasentinelle.dz\\\/#\\\/schema\\\/logo\\\/image\\\/\"},\"sameAs\":[\"https:\\\/\\\/www.facebook.com\\\/La-Sentinelle-104059864394773\"]},{\"@type\":\"Person\",\"@id\":\"https:\\\/\\\/lasentinelle.dz\\\/#\\\/schema\\\/person\\\/729ee0024f24e0b8c5ec17232f8e8b41\",\"name\":\"admin\",\"image\":{\"@type\":\"ImageObject\",\"inLanguage\":\"fr-FR\",\"@id\":\"https:\\\/\\\/secure.gravatar.com\\\/avatar\\\/4c81fed838786e9b53f540bf46533e750f5d292099ae3b66cfc6fb1982e29df7?s=96&d=mm&r=g\",\"url\":\"https:\\\/\\\/secure.gravatar.com\\\/avatar\\\/4c81fed838786e9b53f540bf46533e750f5d292099ae3b66cfc6fb1982e29df7?s=96&d=mm&r=g\",\"contentUrl\":\"https:\\\/\\\/secure.gravatar.com\\\/avatar\\\/4c81fed838786e9b53f540bf46533e750f5d292099ae3b66cfc6fb1982e29df7?s=96&d=mm&r=g\",\"caption\":\"admin\"},\"description\":\"admin\",\"url\":\"https:\\\/\\\/lasentinelle.dz\\\/author\\\/admin\\\/\"}]}<\/script>\n<!-- \/ Yoast SEO plugin. -->","yoast_head_json":{"title":"Patrimoine: Vers le classement de l\u2019h\u00f4tel de ville d\u2019Annaba\u00a0? - La Sentinelle","robots":{"index":"index","follow":"follow","max-snippet":"max-snippet:-1","max-image-preview":"max-image-preview:large","max-video-preview":"max-video-preview:-1"},"canonical":"https:\/\/lasentinelle.dz\/index.php\/2025\/02\/02\/patrimoine-vers-le-classement-de-lhotel-de-ville-dannaba\/","og_locale":"fr_FR","og_type":"article","og_title":"Patrimoine: Vers le classement de l\u2019h\u00f4tel de ville d\u2019Annaba\u00a0? - La Sentinelle","og_description":"Remontant \u00e0 l\u2019\u00e9poque coloniale, l\u2019h\u00f4tel de ville d\u2019Annaba, bijou architectural par excellence, m\u00e9rite d\u2019\u00eatre class\u00e9e au patrimoine national. Une proposition","og_url":"https:\/\/lasentinelle.dz\/index.php\/2025\/02\/02\/patrimoine-vers-le-classement-de-lhotel-de-ville-dannaba\/","og_site_name":"La Sentinelle","article_publisher":"https:\/\/www.facebook.com\/La-Sentinelle-104059864394773","article_published_time":"2025-02-02T11:42:56+00:00","og_image":[{"width":960,"height":720,"url":"https:\/\/lasentinelle.dz\/wp-content\/uploads\/2025\/02\/annaba.jpeg","type":"image\/jpeg"}],"author":"admin","twitter_card":"summary_large_image","twitter_misc":{"\u00c9crit par":"admin","Dur\u00e9e de lecture estim\u00e9e":"4 minutes"},"schema":{"@context":"https:\/\/schema.org","@graph":[{"@type":"Article","@id":"https:\/\/lasentinelle.dz\/index.php\/2025\/02\/02\/patrimoine-vers-le-classement-de-lhotel-de-ville-dannaba\/#article","isPartOf":{"@id":"https:\/\/lasentinelle.dz\/index.php\/2025\/02\/02\/patrimoine-vers-le-classement-de-lhotel-de-ville-dannaba\/"},"author":{"name":"admin","@id":"https:\/\/lasentinelle.dz\/#\/schema\/person\/729ee0024f24e0b8c5ec17232f8e8b41"},"headline":"Patrimoine: Vers le classement de l\u2019h\u00f4tel de ville d\u2019Annaba\u00a0?","datePublished":"2025-02-02T11:42:56+00:00","mainEntityOfPage":{"@id":"https:\/\/lasentinelle.dz\/index.php\/2025\/02\/02\/patrimoine-vers-le-classement-de-lhotel-de-ville-dannaba\/"},"wordCount":777,"commentCount":0,"publisher":{"@id":"https:\/\/lasentinelle.dz\/#organization"},"image":{"@id":"https:\/\/lasentinelle.dz\/index.php\/2025\/02\/02\/patrimoine-vers-le-classement-de-lhotel-de-ville-dannaba\/#primaryimage"},"thumbnailUrl":"https:\/\/lasentinelle.dz\/wp-content\/uploads\/2025\/02\/annaba.jpeg","articleSection":["Culture"],"inLanguage":"fr-FR","potentialAction":[{"@type":"CommentAction","name":"Comment","target":["https:\/\/lasentinelle.dz\/index.php\/2025\/02\/02\/patrimoine-vers-le-classement-de-lhotel-de-ville-dannaba\/#respond"]}]},{"@type":"WebPage","@id":"https:\/\/lasentinelle.dz\/index.php\/2025\/02\/02\/patrimoine-vers-le-classement-de-lhotel-de-ville-dannaba\/","url":"https:\/\/lasentinelle.dz\/index.php\/2025\/02\/02\/patrimoine-vers-le-classement-de-lhotel-de-ville-dannaba\/","name":"Patrimoine: Vers le classement de l\u2019h\u00f4tel de ville d\u2019Annaba\u00a0? - La Sentinelle","isPartOf":{"@id":"https:\/\/lasentinelle.dz\/#website"},"primaryImageOfPage":{"@id":"https:\/\/lasentinelle.dz\/index.php\/2025\/02\/02\/patrimoine-vers-le-classement-de-lhotel-de-ville-dannaba\/#primaryimage"},"image":{"@id":"https:\/\/lasentinelle.dz\/index.php\/2025\/02\/02\/patrimoine-vers-le-classement-de-lhotel-de-ville-dannaba\/#primaryimage"},"thumbnailUrl":"https:\/\/lasentinelle.dz\/wp-content\/uploads\/2025\/02\/annaba.jpeg","datePublished":"2025-02-02T11:42:56+00:00","breadcrumb":{"@id":"https:\/\/lasentinelle.dz\/index.php\/2025\/02\/02\/patrimoine-vers-le-classement-de-lhotel-de-ville-dannaba\/#breadcrumb"},"inLanguage":"fr-FR","potentialAction":[{"@type":"ReadAction","target":["https:\/\/lasentinelle.dz\/index.php\/2025\/02\/02\/patrimoine-vers-le-classement-de-lhotel-de-ville-dannaba\/"]}]},{"@type":"ImageObject","inLanguage":"fr-FR","@id":"https:\/\/lasentinelle.dz\/index.php\/2025\/02\/02\/patrimoine-vers-le-classement-de-lhotel-de-ville-dannaba\/#primaryimage","url":"https:\/\/lasentinelle.dz\/wp-content\/uploads\/2025\/02\/annaba.jpeg","contentUrl":"https:\/\/lasentinelle.dz\/wp-content\/uploads\/2025\/02\/annaba.jpeg","width":960,"height":720},{"@type":"BreadcrumbList","@id":"https:\/\/lasentinelle.dz\/index.php\/2025\/02\/02\/patrimoine-vers-le-classement-de-lhotel-de-ville-dannaba\/#breadcrumb","itemListElement":[{"@type":"ListItem","position":1,"name":"Accueil","item":"https:\/\/lasentinelle.dz\/"},{"@type":"ListItem","position":2,"name":"Patrimoine: Vers le classement de l\u2019h\u00f4tel de ville d\u2019Annaba\u00a0?"}]},{"@type":"WebSite","@id":"https:\/\/lasentinelle.dz\/#website","url":"https:\/\/lasentinelle.dz\/","name":"La Sentinelle","description":"Quotidien national d&#039;information","publisher":{"@id":"https:\/\/lasentinelle.dz\/#organization"},"potentialAction":[{"@type":"SearchAction","target":{"@type":"EntryPoint","urlTemplate":"https:\/\/lasentinelle.dz\/?s={search_term_string}"},"query-input":{"@type":"PropertyValueSpecification","valueRequired":true,"valueName":"search_term_string"}}],"inLanguage":"fr-FR"},{"@type":"Organization","@id":"https:\/\/lasentinelle.dz\/#organization","name":"Quotidien La Sentinelle","url":"https:\/\/lasentinelle.dz\/","logo":{"@type":"ImageObject","inLanguage":"fr-FR","@id":"https:\/\/lasentinelle.dz\/#\/schema\/logo\/image\/","url":"https:\/\/lasentinelle.dz\/wp-content\/uploads\/2021\/09\/logo-sentinelleSLOGAN-1.png","contentUrl":"https:\/\/lasentinelle.dz\/wp-content\/uploads\/2021\/09\/logo-sentinelleSLOGAN-1.png","width":615,"height":142,"caption":"Quotidien La Sentinelle"},"image":{"@id":"https:\/\/lasentinelle.dz\/#\/schema\/logo\/image\/"},"sameAs":["https:\/\/www.facebook.com\/La-Sentinelle-104059864394773"]},{"@type":"Person","@id":"https:\/\/lasentinelle.dz\/#\/schema\/person\/729ee0024f24e0b8c5ec17232f8e8b41","name":"admin","image":{"@type":"ImageObject","inLanguage":"fr-FR","@id":"https:\/\/secure.gravatar.com\/avatar\/4c81fed838786e9b53f540bf46533e750f5d292099ae3b66cfc6fb1982e29df7?s=96&d=mm&r=g","url":"https:\/\/secure.gravatar.com\/avatar\/4c81fed838786e9b53f540bf46533e750f5d292099ae3b66cfc6fb1982e29df7?s=96&d=mm&r=g","contentUrl":"https:\/\/secure.gravatar.com\/avatar\/4c81fed838786e9b53f540bf46533e750f5d292099ae3b66cfc6fb1982e29df7?s=96&d=mm&r=g","caption":"admin"},"description":"admin","url":"https:\/\/lasentinelle.dz\/author\/admin\/"}]}},"_links":{"self":[{"href":"https:\/\/lasentinelle.dz\/index.php\/wp-json\/wp\/v2\/posts\/62355","targetHints":{"allow":["GET"]}}],"collection":[{"href":"https:\/\/lasentinelle.dz\/index.php\/wp-json\/wp\/v2\/posts"}],"about":[{"href":"https:\/\/lasentinelle.dz\/index.php\/wp-json\/wp\/v2\/types\/post"}],"author":[{"embeddable":true,"href":"https:\/\/lasentinelle.dz\/index.php\/wp-json\/wp\/v2\/users\/6"}],"replies":[{"embeddable":true,"href":"https:\/\/lasentinelle.dz\/index.php\/wp-json\/wp\/v2\/comments?post=62355"}],"version-history":[{"count":1,"href":"https:\/\/lasentinelle.dz\/index.php\/wp-json\/wp\/v2\/posts\/62355\/revisions"}],"predecessor-version":[{"id":62357,"href":"https:\/\/lasentinelle.dz\/index.php\/wp-json\/wp\/v2\/posts\/62355\/revisions\/62357"}],"wp:featuredmedia":[{"embeddable":true,"href":"https:\/\/lasentinelle.dz\/index.php\/wp-json\/wp\/v2\/media\/62356"}],"wp:attachment":[{"href":"https:\/\/lasentinelle.dz\/index.php\/wp-json\/wp\/v2\/media?parent=62355"}],"wp:term":[{"taxonomy":"category","embeddable":true,"href":"https:\/\/lasentinelle.dz\/index.php\/wp-json\/wp\/v2\/categories?post=62355"},{"taxonomy":"post_tag","embeddable":true,"href":"https:\/\/lasentinelle.dz\/index.php\/wp-json\/wp\/v2\/tags?post=62355"}],"curies":[{"name":"wp","href":"https:\/\/api.w.org\/{rel}","templated":true}]}}