{"id":62391,"date":"2025-02-02T13:02:22","date_gmt":"2025-02-02T12:02:22","guid":{"rendered":"https:\/\/lasentinelle.dz\/?p=62391"},"modified":"2025-02-02T13:02:23","modified_gmt":"2025-02-02T12:02:23","slug":"dessalement-deau-de-mer-succes-de-la-premiere-operation-de-production-deau-a-la-station-de-cap-blanc-doran","status":"publish","type":"post","link":"https:\/\/lasentinelle.dz\/index.php\/2025\/02\/02\/dessalement-deau-de-mer-succes-de-la-premiere-operation-de-production-deau-a-la-station-de-cap-blanc-doran\/","title":{"rendered":"Dessalement d\u2019eau de mer: Succ\u00e8s de la premi\u00e8re op\u00e9ration de production d&rsquo;eau \u00e0 la station de Cap Blanc d&rsquo;Oran"},"content":{"rendered":"\n<p>La strat\u00e9gie nationale de dessalement de l&rsquo;eau de mer franchit une nouvelle \u00e9tape d\u00e9cisive avec le succ\u00e8s de la premi\u00e8re op\u00e9ration de production d&rsquo;eau \u00e0 la station de Cap Blanc d&rsquo;Oran. Dans un communiqu\u00e9 publi\u00e9 ce samedi, le groupe Sonatrach annonce que \u00ab\u00a0la premi\u00e8re op\u00e9ration de production d&rsquo;eau \u00e0 partir de l&rsquo;unit\u00e9 d&rsquo;osmose inverse de la station de dessalement de Cap Blanc dans la wilaya d&rsquo;Oran\u00a0\u00bb a \u00e9t\u00e9 r\u00e9alis\u00e9e avec succ\u00e8s. Cette op\u00e9ration cruciale, men\u00e9e samedi \u00e0 03h00 au niveau de l&rsquo;unit\u00e9 d&rsquo;osmose inverse, s&rsquo;inscrit dans le cadre des essais techniques lanc\u00e9s le 9 janvier dernier. Le groupe pr\u00e9cise qu&rsquo;il s&rsquo;agit de \u00ab\u00a0la principale unit\u00e9 dans le processus de dessalement de l&rsquo;eau de mer, avant le d\u00e9marrage de la distribution d&rsquo;eau\u00a0\u00bb. Avec une capacit\u00e9 de production pr\u00e9vue de 300.000 m3 par jour, cette infrastructure majeure est dimensionn\u00e9e pour alimenter en eau potable trois millions de citoyens. La r\u00e9alisation de ce projet strat\u00e9gique t\u00e9moigne de la mont\u00e9e en puissance des comp\u00e9tences nationales, ayant \u00e9t\u00e9 assur\u00e9e par la Soci\u00e9t\u00e9 nationale de g\u00e9nie civil et b\u00e2timent (GCB), sous la supervision de l&rsquo;Algerian Energy Company (AEC), toutes deux filiales du groupe Sonatrach, avec l&rsquo;assistance technique de l&rsquo;Entreprise nationale de grands travaux p\u00e9troliers (ENGTP). Cette avanc\u00e9e \u00e0 Oran s&rsquo;inscrit dans une dynamique nationale plus large de d\u00e9veloppement des capacit\u00e9s de dessalement, comme en t\u00e9moigne l&rsquo;annonce simultan\u00e9e de l&rsquo;entr\u00e9e en phase de d\u00e9bit exp\u00e9rimental de la station de Fouka 2 dans la wilaya de Tipasa. Cette nouvelle installation, \u00e9galement dimensionn\u00e9e pour une capacit\u00e9 de 300.000 m\u00b3 quotidiens, vise \u00e0 renforcer l&rsquo;approvisionnement en eau potable des populations des wilayas de Tipasa, Alger et Blida, b\u00e9n\u00e9ficiant ainsi \u00e0 pr\u00e8s de 3 millions d&rsquo;habitants. Cette phase exp\u00e9rimentale marque la premi\u00e8re \u00e9tape vers la mise en service compl\u00e8te de l&rsquo;installation et l&rsquo;acheminement des premi\u00e8res quantit\u00e9s d&rsquo;eau dessal\u00e9e vers le r\u00e9seau de distribution. Le programme national de dessalement conna\u00eet ainsi une acc\u00e9l\u00e9ration significative, avec des avanc\u00e9es notables sur plusieurs fronts. \u00c0 El Tarf, la station de Koudiat Eddraouch s&rsquo;appr\u00eate \u00e9galement \u00e0 entrer en production. Selon les d\u00e9clarations du PDG de Sonatrach, Rachid Hachichi, cette installation devrait commencer \u00e0 produire 60.000 m\u00b3 d&rsquo;eau dessal\u00e9e d\u00e8s le 7 f\u00e9vrier, pour atteindre sa capacit\u00e9 nominale de 300.000 m\u00b3 par jour le 14 mars. Ces d\u00e9veloppements s&rsquo;inscrivent dans le cadre du programme pr\u00e9sidentiel de s\u00e9curit\u00e9 hydrique, port\u00e9 personnellement par le pr\u00e9sident Abdelmadjid Tebboune, qui pr\u00e9voit dans sa premi\u00e8re phase la r\u00e9alisation de cinq stations principales de dessalement, chacune dot\u00e9e d&rsquo;une capacit\u00e9 de 300.000 m\u00b3 quotidiens. L&rsquo;ambition ne s&rsquo;arr\u00eate pas l\u00e0, puisque Sonatrach a d\u00e9j\u00e0 programm\u00e9 six stations suppl\u00e9mentaires, dont la construction d\u00e9butera imm\u00e9diatement apr\u00e8s la mise en service des cinq stations de ce plan d\u2019urgence. Cette planification \u00e0 long terme d\u00e9montre la volont\u00e9 des autorit\u00e9s alg\u00e9riennes de r\u00e9pondre durablement aux d\u00e9fis de la s\u00e9curit\u00e9 hydrique, dans un contexte marqu\u00e9 par le changement climatique et la rar\u00e9faction des ressources en eau conventionnelles. La r\u00e9ussite de ces projets illustre \u00e9galement la mont\u00e9e en comp\u00e9tence technologique de l&rsquo;Alg\u00e9rie dans le domaine du dessalement. La mobilisation des capacit\u00e9s nationales pour la r\u00e9alisation de ces infrastructures complexes t\u00e9moigne de l&rsquo;expertise d\u00e9velopp\u00e9e par les entreprises alg\u00e9riennes. Cette ma\u00eetrise technologique contribue \u00e0 renforcer la souverainet\u00e9 du pays dans un secteur strat\u00e9gique, tout en optimisant les co\u00fbts de r\u00e9alisation et d&rsquo;exploitation. Le maillage territorial cr\u00e9\u00e9 par ces stations de dessalement constitue une r\u00e9ponse structurelle aux probl\u00e9matiques hydriques du pays, transformant la contrainte g\u00e9ographique de la proximit\u00e9 maritime en atout strat\u00e9gique. L&rsquo;objectif affich\u00e9 d&rsquo;une mise en service progressive avant le mois sacr\u00e9 de Ramadhan t\u00e9moigne de la volont\u00e9 des autorit\u00e9s de r\u00e9pondre rapidement aux besoins des citoyens, tout en construisant une infrastructure durable pour l&rsquo;avenir.<\/p>\n\n\n\n<p>Lyna Larbi<\/p>\n","protected":false},"excerpt":{"rendered":"<p>La strat\u00e9gie nationale de dessalement de l&rsquo;eau de mer franchit une nouvelle \u00e9tape d\u00e9cisive avec le succ\u00e8s de la premi\u00e8re<\/p>\n","protected":false},"author":6,"featured_media":54635,"comment_status":"open","ping_status":"closed","sticky":false,"template":"","format":"standard","meta":{"colormag_page_container_layout":"default_layout","colormag_page_sidebar_layout":"default_layout","om_disable_all_campaigns":false,"_monsterinsights_skip_tracking":false,"_monsterinsights_sitenote_active":false,"_monsterinsights_sitenote_note":"","_monsterinsights_sitenote_category":0,"footnotes":"","_wpscppro_dont_share_socialmedia":false,"_wpscppro_custom_social_share_image":0,"_facebook_share_type":"default","_twitter_share_type":"default","_linkedin_share_type":"default","_pinterest_share_type":"default","_linkedin_share_type_page":"","_instagram_share_type":"default","_medium_share_type":"default","_threads_share_type":"","_google_business_share_type":"","_selected_social_profile":[],"_wpsp_enable_custom_social_template":false,"_wpsp_social_scheduling":{"enabled":false,"datetime":null,"platforms":[],"status":"template_only","dateOption":"today","timeOption":"now","customDays":"","customHours":"","customDate":"","customTime":"","schedulingType":"absolute"},"_wpsp_active_default_template":true},"categories":[27],"tags":[],"class_list":["post-62391","post","type-post","status-publish","format-standard","has-post-thumbnail","hentry","category-actualite"],"aioseo_notices":[],"yoast_head":"<!-- This site is optimized with the Yoast SEO plugin v27.4 - https:\/\/yoast.com\/product\/yoast-seo-wordpress\/ -->\n<title>Dessalement d\u2019eau de mer: Succ\u00e8s de la premi\u00e8re op\u00e9ration de production d&rsquo;eau \u00e0 la station de Cap Blanc d&rsquo;Oran - La Sentinelle<\/title>\n<meta name=\"robots\" content=\"index, follow, max-snippet:-1, max-image-preview:large, max-video-preview:-1\" \/>\n<link rel=\"canonical\" href=\"https:\/\/lasentinelle.dz\/index.php\/2025\/02\/02\/dessalement-deau-de-mer-succes-de-la-premiere-operation-de-production-deau-a-la-station-de-cap-blanc-doran\/\" \/>\n<meta property=\"og:locale\" content=\"fr_FR\" \/>\n<meta property=\"og:type\" content=\"article\" \/>\n<meta property=\"og:title\" content=\"Dessalement d\u2019eau de mer: Succ\u00e8s de la premi\u00e8re op\u00e9ration de production d&rsquo;eau \u00e0 la station de Cap Blanc d&rsquo;Oran - La Sentinelle\" \/>\n<meta property=\"og:description\" content=\"La strat\u00e9gie nationale de dessalement de l&rsquo;eau de mer franchit une nouvelle \u00e9tape d\u00e9cisive avec le succ\u00e8s de la premi\u00e8re\" \/>\n<meta property=\"og:url\" content=\"https:\/\/lasentinelle.dz\/index.php\/2025\/02\/02\/dessalement-deau-de-mer-succes-de-la-premiere-operation-de-production-deau-a-la-station-de-cap-blanc-doran\/\" \/>\n<meta property=\"og:site_name\" content=\"La Sentinelle\" \/>\n<meta property=\"article:publisher\" content=\"https:\/\/www.facebook.com\/La-Sentinelle-104059864394773\" \/>\n<meta property=\"article:published_time\" content=\"2025-02-02T12:02:22+00:00\" \/>\n<meta property=\"article:modified_time\" content=\"2025-02-02T12:02:23+00:00\" \/>\n<meta property=\"og:image\" content=\"https:\/\/lasentinelle.dz\/wp-content\/uploads\/2024\/07\/station-ben-saf.jpeg\" \/>\n\t<meta property=\"og:image:width\" content=\"1024\" \/>\n\t<meta property=\"og:image:height\" content=\"768\" \/>\n\t<meta property=\"og:image:type\" content=\"image\/jpeg\" \/>\n<meta name=\"author\" content=\"admin\" \/>\n<meta name=\"twitter:card\" content=\"summary_large_image\" \/>\n<meta name=\"twitter:label1\" content=\"\u00c9crit par\" \/>\n\t<meta name=\"twitter:data1\" content=\"admin\" \/>\n\t<meta name=\"twitter:label2\" content=\"Dur\u00e9e de lecture estim\u00e9e\" \/>\n\t<meta name=\"twitter:data2\" content=\"4 minutes\" \/>\n<script type=\"application\/ld+json\" class=\"yoast-schema-graph\">{\"@context\":\"https:\\\/\\\/schema.org\",\"@graph\":[{\"@type\":\"Article\",\"@id\":\"https:\\\/\\\/lasentinelle.dz\\\/index.php\\\/2025\\\/02\\\/02\\\/dessalement-deau-de-mer-succes-de-la-premiere-operation-de-production-deau-a-la-station-de-cap-blanc-doran\\\/#article\",\"isPartOf\":{\"@id\":\"https:\\\/\\\/lasentinelle.dz\\\/index.php\\\/2025\\\/02\\\/02\\\/dessalement-deau-de-mer-succes-de-la-premiere-operation-de-production-deau-a-la-station-de-cap-blanc-doran\\\/\"},\"author\":{\"name\":\"admin\",\"@id\":\"https:\\\/\\\/lasentinelle.dz\\\/#\\\/schema\\\/person\\\/729ee0024f24e0b8c5ec17232f8e8b41\"},\"headline\":\"Dessalement d\u2019eau de mer: Succ\u00e8s de la premi\u00e8re op\u00e9ration de production d&rsquo;eau \u00e0 la station de Cap Blanc d&rsquo;Oran\",\"datePublished\":\"2025-02-02T12:02:22+00:00\",\"dateModified\":\"2025-02-02T12:02:23+00:00\",\"mainEntityOfPage\":{\"@id\":\"https:\\\/\\\/lasentinelle.dz\\\/index.php\\\/2025\\\/02\\\/02\\\/dessalement-deau-de-mer-succes-de-la-premiere-operation-de-production-deau-a-la-station-de-cap-blanc-doran\\\/\"},\"wordCount\":743,\"commentCount\":0,\"publisher\":{\"@id\":\"https:\\\/\\\/lasentinelle.dz\\\/#organization\"},\"image\":{\"@id\":\"https:\\\/\\\/lasentinelle.dz\\\/index.php\\\/2025\\\/02\\\/02\\\/dessalement-deau-de-mer-succes-de-la-premiere-operation-de-production-deau-a-la-station-de-cap-blanc-doran\\\/#primaryimage\"},\"thumbnailUrl\":\"https:\\\/\\\/lasentinelle.dz\\\/wp-content\\\/uploads\\\/2024\\\/07\\\/station-ben-saf.jpeg\",\"articleSection\":[\"Actualit\u00e9\"],\"inLanguage\":\"fr-FR\",\"potentialAction\":[{\"@type\":\"CommentAction\",\"name\":\"Comment\",\"target\":[\"https:\\\/\\\/lasentinelle.dz\\\/index.php\\\/2025\\\/02\\\/02\\\/dessalement-deau-de-mer-succes-de-la-premiere-operation-de-production-deau-a-la-station-de-cap-blanc-doran\\\/#respond\"]}]},{\"@type\":\"WebPage\",\"@id\":\"https:\\\/\\\/lasentinelle.dz\\\/index.php\\\/2025\\\/02\\\/02\\\/dessalement-deau-de-mer-succes-de-la-premiere-operation-de-production-deau-a-la-station-de-cap-blanc-doran\\\/\",\"url\":\"https:\\\/\\\/lasentinelle.dz\\\/index.php\\\/2025\\\/02\\\/02\\\/dessalement-deau-de-mer-succes-de-la-premiere-operation-de-production-deau-a-la-station-de-cap-blanc-doran\\\/\",\"name\":\"Dessalement d\u2019eau de mer: Succ\u00e8s de la premi\u00e8re op\u00e9ration de production d&rsquo;eau \u00e0 la station de Cap Blanc d&rsquo;Oran - La Sentinelle\",\"isPartOf\":{\"@id\":\"https:\\\/\\\/lasentinelle.dz\\\/#website\"},\"primaryImageOfPage\":{\"@id\":\"https:\\\/\\\/lasentinelle.dz\\\/index.php\\\/2025\\\/02\\\/02\\\/dessalement-deau-de-mer-succes-de-la-premiere-operation-de-production-deau-a-la-station-de-cap-blanc-doran\\\/#primaryimage\"},\"image\":{\"@id\":\"https:\\\/\\\/lasentinelle.dz\\\/index.php\\\/2025\\\/02\\\/02\\\/dessalement-deau-de-mer-succes-de-la-premiere-operation-de-production-deau-a-la-station-de-cap-blanc-doran\\\/#primaryimage\"},\"thumbnailUrl\":\"https:\\\/\\\/lasentinelle.dz\\\/wp-content\\\/uploads\\\/2024\\\/07\\\/station-ben-saf.jpeg\",\"datePublished\":\"2025-02-02T12:02:22+00:00\",\"dateModified\":\"2025-02-02T12:02:23+00:00\",\"breadcrumb\":{\"@id\":\"https:\\\/\\\/lasentinelle.dz\\\/index.php\\\/2025\\\/02\\\/02\\\/dessalement-deau-de-mer-succes-de-la-premiere-operation-de-production-deau-a-la-station-de-cap-blanc-doran\\\/#breadcrumb\"},\"inLanguage\":\"fr-FR\",\"potentialAction\":[{\"@type\":\"ReadAction\",\"target\":[\"https:\\\/\\\/lasentinelle.dz\\\/index.php\\\/2025\\\/02\\\/02\\\/dessalement-deau-de-mer-succes-de-la-premiere-operation-de-production-deau-a-la-station-de-cap-blanc-doran\\\/\"]}]},{\"@type\":\"ImageObject\",\"inLanguage\":\"fr-FR\",\"@id\":\"https:\\\/\\\/lasentinelle.dz\\\/index.php\\\/2025\\\/02\\\/02\\\/dessalement-deau-de-mer-succes-de-la-premiere-operation-de-production-deau-a-la-station-de-cap-blanc-doran\\\/#primaryimage\",\"url\":\"https:\\\/\\\/lasentinelle.dz\\\/wp-content\\\/uploads\\\/2024\\\/07\\\/station-ben-saf.jpeg\",\"contentUrl\":\"https:\\\/\\\/lasentinelle.dz\\\/wp-content\\\/uploads\\\/2024\\\/07\\\/station-ben-saf.jpeg\",\"width\":1024,\"height\":768},{\"@type\":\"BreadcrumbList\",\"@id\":\"https:\\\/\\\/lasentinelle.dz\\\/index.php\\\/2025\\\/02\\\/02\\\/dessalement-deau-de-mer-succes-de-la-premiere-operation-de-production-deau-a-la-station-de-cap-blanc-doran\\\/#breadcrumb\",\"itemListElement\":[{\"@type\":\"ListItem\",\"position\":1,\"name\":\"Accueil\",\"item\":\"https:\\\/\\\/lasentinelle.dz\\\/\"},{\"@type\":\"ListItem\",\"position\":2,\"name\":\"Dessalement d\u2019eau de mer: Succ\u00e8s de la premi\u00e8re op\u00e9ration de production d&rsquo;eau \u00e0 la station de Cap Blanc d&rsquo;Oran\"}]},{\"@type\":\"WebSite\",\"@id\":\"https:\\\/\\\/lasentinelle.dz\\\/#website\",\"url\":\"https:\\\/\\\/lasentinelle.dz\\\/\",\"name\":\"La Sentinelle\",\"description\":\"Quotidien national d&#039;information\",\"publisher\":{\"@id\":\"https:\\\/\\\/lasentinelle.dz\\\/#organization\"},\"potentialAction\":[{\"@type\":\"SearchAction\",\"target\":{\"@type\":\"EntryPoint\",\"urlTemplate\":\"https:\\\/\\\/lasentinelle.dz\\\/?s={search_term_string}\"},\"query-input\":{\"@type\":\"PropertyValueSpecification\",\"valueRequired\":true,\"valueName\":\"search_term_string\"}}],\"inLanguage\":\"fr-FR\"},{\"@type\":\"Organization\",\"@id\":\"https:\\\/\\\/lasentinelle.dz\\\/#organization\",\"name\":\"Quotidien La Sentinelle\",\"url\":\"https:\\\/\\\/lasentinelle.dz\\\/\",\"logo\":{\"@type\":\"ImageObject\",\"inLanguage\":\"fr-FR\",\"@id\":\"https:\\\/\\\/lasentinelle.dz\\\/#\\\/schema\\\/logo\\\/image\\\/\",\"url\":\"https:\\\/\\\/lasentinelle.dz\\\/wp-content\\\/uploads\\\/2021\\\/09\\\/logo-sentinelleSLOGAN-1.png\",\"contentUrl\":\"https:\\\/\\\/lasentinelle.dz\\\/wp-content\\\/uploads\\\/2021\\\/09\\\/logo-sentinelleSLOGAN-1.png\",\"width\":615,\"height\":142,\"caption\":\"Quotidien La Sentinelle\"},\"image\":{\"@id\":\"https:\\\/\\\/lasentinelle.dz\\\/#\\\/schema\\\/logo\\\/image\\\/\"},\"sameAs\":[\"https:\\\/\\\/www.facebook.com\\\/La-Sentinelle-104059864394773\"]},{\"@type\":\"Person\",\"@id\":\"https:\\\/\\\/lasentinelle.dz\\\/#\\\/schema\\\/person\\\/729ee0024f24e0b8c5ec17232f8e8b41\",\"name\":\"admin\",\"image\":{\"@type\":\"ImageObject\",\"inLanguage\":\"fr-FR\",\"@id\":\"https:\\\/\\\/secure.gravatar.com\\\/avatar\\\/4c81fed838786e9b53f540bf46533e750f5d292099ae3b66cfc6fb1982e29df7?s=96&d=mm&r=g\",\"url\":\"https:\\\/\\\/secure.gravatar.com\\\/avatar\\\/4c81fed838786e9b53f540bf46533e750f5d292099ae3b66cfc6fb1982e29df7?s=96&d=mm&r=g\",\"contentUrl\":\"https:\\\/\\\/secure.gravatar.com\\\/avatar\\\/4c81fed838786e9b53f540bf46533e750f5d292099ae3b66cfc6fb1982e29df7?s=96&d=mm&r=g\",\"caption\":\"admin\"},\"description\":\"admin\",\"url\":\"https:\\\/\\\/lasentinelle.dz\\\/author\\\/admin\\\/\"}]}<\/script>\n<!-- \/ Yoast SEO plugin. -->","yoast_head_json":{"title":"Dessalement d\u2019eau de mer: Succ\u00e8s de la premi\u00e8re op\u00e9ration de production d&rsquo;eau \u00e0 la station de Cap Blanc d&rsquo;Oran - La Sentinelle","robots":{"index":"index","follow":"follow","max-snippet":"max-snippet:-1","max-image-preview":"max-image-preview:large","max-video-preview":"max-video-preview:-1"},"canonical":"https:\/\/lasentinelle.dz\/index.php\/2025\/02\/02\/dessalement-deau-de-mer-succes-de-la-premiere-operation-de-production-deau-a-la-station-de-cap-blanc-doran\/","og_locale":"fr_FR","og_type":"article","og_title":"Dessalement d\u2019eau de mer: Succ\u00e8s de la premi\u00e8re op\u00e9ration de production d&rsquo;eau \u00e0 la station de Cap Blanc d&rsquo;Oran - La Sentinelle","og_description":"La strat\u00e9gie nationale de dessalement de l&rsquo;eau de mer franchit une nouvelle \u00e9tape d\u00e9cisive avec le succ\u00e8s de la premi\u00e8re","og_url":"https:\/\/lasentinelle.dz\/index.php\/2025\/02\/02\/dessalement-deau-de-mer-succes-de-la-premiere-operation-de-production-deau-a-la-station-de-cap-blanc-doran\/","og_site_name":"La Sentinelle","article_publisher":"https:\/\/www.facebook.com\/La-Sentinelle-104059864394773","article_published_time":"2025-02-02T12:02:22+00:00","article_modified_time":"2025-02-02T12:02:23+00:00","og_image":[{"width":1024,"height":768,"url":"https:\/\/lasentinelle.dz\/wp-content\/uploads\/2024\/07\/station-ben-saf.jpeg","type":"image\/jpeg"}],"author":"admin","twitter_card":"summary_large_image","twitter_misc":{"\u00c9crit par":"admin","Dur\u00e9e de lecture estim\u00e9e":"4 minutes"},"schema":{"@context":"https:\/\/schema.org","@graph":[{"@type":"Article","@id":"https:\/\/lasentinelle.dz\/index.php\/2025\/02\/02\/dessalement-deau-de-mer-succes-de-la-premiere-operation-de-production-deau-a-la-station-de-cap-blanc-doran\/#article","isPartOf":{"@id":"https:\/\/lasentinelle.dz\/index.php\/2025\/02\/02\/dessalement-deau-de-mer-succes-de-la-premiere-operation-de-production-deau-a-la-station-de-cap-blanc-doran\/"},"author":{"name":"admin","@id":"https:\/\/lasentinelle.dz\/#\/schema\/person\/729ee0024f24e0b8c5ec17232f8e8b41"},"headline":"Dessalement d\u2019eau de mer: Succ\u00e8s de la premi\u00e8re op\u00e9ration de production d&rsquo;eau \u00e0 la station de Cap Blanc d&rsquo;Oran","datePublished":"2025-02-02T12:02:22+00:00","dateModified":"2025-02-02T12:02:23+00:00","mainEntityOfPage":{"@id":"https:\/\/lasentinelle.dz\/index.php\/2025\/02\/02\/dessalement-deau-de-mer-succes-de-la-premiere-operation-de-production-deau-a-la-station-de-cap-blanc-doran\/"},"wordCount":743,"commentCount":0,"publisher":{"@id":"https:\/\/lasentinelle.dz\/#organization"},"image":{"@id":"https:\/\/lasentinelle.dz\/index.php\/2025\/02\/02\/dessalement-deau-de-mer-succes-de-la-premiere-operation-de-production-deau-a-la-station-de-cap-blanc-doran\/#primaryimage"},"thumbnailUrl":"https:\/\/lasentinelle.dz\/wp-content\/uploads\/2024\/07\/station-ben-saf.jpeg","articleSection":["Actualit\u00e9"],"inLanguage":"fr-FR","potentialAction":[{"@type":"CommentAction","name":"Comment","target":["https:\/\/lasentinelle.dz\/index.php\/2025\/02\/02\/dessalement-deau-de-mer-succes-de-la-premiere-operation-de-production-deau-a-la-station-de-cap-blanc-doran\/#respond"]}]},{"@type":"WebPage","@id":"https:\/\/lasentinelle.dz\/index.php\/2025\/02\/02\/dessalement-deau-de-mer-succes-de-la-premiere-operation-de-production-deau-a-la-station-de-cap-blanc-doran\/","url":"https:\/\/lasentinelle.dz\/index.php\/2025\/02\/02\/dessalement-deau-de-mer-succes-de-la-premiere-operation-de-production-deau-a-la-station-de-cap-blanc-doran\/","name":"Dessalement d\u2019eau de mer: Succ\u00e8s de la premi\u00e8re op\u00e9ration de production d&rsquo;eau \u00e0 la station de Cap Blanc d&rsquo;Oran - La Sentinelle","isPartOf":{"@id":"https:\/\/lasentinelle.dz\/#website"},"primaryImageOfPage":{"@id":"https:\/\/lasentinelle.dz\/index.php\/2025\/02\/02\/dessalement-deau-de-mer-succes-de-la-premiere-operation-de-production-deau-a-la-station-de-cap-blanc-doran\/#primaryimage"},"image":{"@id":"https:\/\/lasentinelle.dz\/index.php\/2025\/02\/02\/dessalement-deau-de-mer-succes-de-la-premiere-operation-de-production-deau-a-la-station-de-cap-blanc-doran\/#primaryimage"},"thumbnailUrl":"https:\/\/lasentinelle.dz\/wp-content\/uploads\/2024\/07\/station-ben-saf.jpeg","datePublished":"2025-02-02T12:02:22+00:00","dateModified":"2025-02-02T12:02:23+00:00","breadcrumb":{"@id":"https:\/\/lasentinelle.dz\/index.php\/2025\/02\/02\/dessalement-deau-de-mer-succes-de-la-premiere-operation-de-production-deau-a-la-station-de-cap-blanc-doran\/#breadcrumb"},"inLanguage":"fr-FR","potentialAction":[{"@type":"ReadAction","target":["https:\/\/lasentinelle.dz\/index.php\/2025\/02\/02\/dessalement-deau-de-mer-succes-de-la-premiere-operation-de-production-deau-a-la-station-de-cap-blanc-doran\/"]}]},{"@type":"ImageObject","inLanguage":"fr-FR","@id":"https:\/\/lasentinelle.dz\/index.php\/2025\/02\/02\/dessalement-deau-de-mer-succes-de-la-premiere-operation-de-production-deau-a-la-station-de-cap-blanc-doran\/#primaryimage","url":"https:\/\/lasentinelle.dz\/wp-content\/uploads\/2024\/07\/station-ben-saf.jpeg","contentUrl":"https:\/\/lasentinelle.dz\/wp-content\/uploads\/2024\/07\/station-ben-saf.jpeg","width":1024,"height":768},{"@type":"BreadcrumbList","@id":"https:\/\/lasentinelle.dz\/index.php\/2025\/02\/02\/dessalement-deau-de-mer-succes-de-la-premiere-operation-de-production-deau-a-la-station-de-cap-blanc-doran\/#breadcrumb","itemListElement":[{"@type":"ListItem","position":1,"name":"Accueil","item":"https:\/\/lasentinelle.dz\/"},{"@type":"ListItem","position":2,"name":"Dessalement d\u2019eau de mer: Succ\u00e8s de la premi\u00e8re op\u00e9ration de production d&rsquo;eau \u00e0 la station de Cap Blanc d&rsquo;Oran"}]},{"@type":"WebSite","@id":"https:\/\/lasentinelle.dz\/#website","url":"https:\/\/lasentinelle.dz\/","name":"La Sentinelle","description":"Quotidien national d&#039;information","publisher":{"@id":"https:\/\/lasentinelle.dz\/#organization"},"potentialAction":[{"@type":"SearchAction","target":{"@type":"EntryPoint","urlTemplate":"https:\/\/lasentinelle.dz\/?s={search_term_string}"},"query-input":{"@type":"PropertyValueSpecification","valueRequired":true,"valueName":"search_term_string"}}],"inLanguage":"fr-FR"},{"@type":"Organization","@id":"https:\/\/lasentinelle.dz\/#organization","name":"Quotidien La Sentinelle","url":"https:\/\/lasentinelle.dz\/","logo":{"@type":"ImageObject","inLanguage":"fr-FR","@id":"https:\/\/lasentinelle.dz\/#\/schema\/logo\/image\/","url":"https:\/\/lasentinelle.dz\/wp-content\/uploads\/2021\/09\/logo-sentinelleSLOGAN-1.png","contentUrl":"https:\/\/lasentinelle.dz\/wp-content\/uploads\/2021\/09\/logo-sentinelleSLOGAN-1.png","width":615,"height":142,"caption":"Quotidien La Sentinelle"},"image":{"@id":"https:\/\/lasentinelle.dz\/#\/schema\/logo\/image\/"},"sameAs":["https:\/\/www.facebook.com\/La-Sentinelle-104059864394773"]},{"@type":"Person","@id":"https:\/\/lasentinelle.dz\/#\/schema\/person\/729ee0024f24e0b8c5ec17232f8e8b41","name":"admin","image":{"@type":"ImageObject","inLanguage":"fr-FR","@id":"https:\/\/secure.gravatar.com\/avatar\/4c81fed838786e9b53f540bf46533e750f5d292099ae3b66cfc6fb1982e29df7?s=96&d=mm&r=g","url":"https:\/\/secure.gravatar.com\/avatar\/4c81fed838786e9b53f540bf46533e750f5d292099ae3b66cfc6fb1982e29df7?s=96&d=mm&r=g","contentUrl":"https:\/\/secure.gravatar.com\/avatar\/4c81fed838786e9b53f540bf46533e750f5d292099ae3b66cfc6fb1982e29df7?s=96&d=mm&r=g","caption":"admin"},"description":"admin","url":"https:\/\/lasentinelle.dz\/author\/admin\/"}]}},"_links":{"self":[{"href":"https:\/\/lasentinelle.dz\/index.php\/wp-json\/wp\/v2\/posts\/62391","targetHints":{"allow":["GET"]}}],"collection":[{"href":"https:\/\/lasentinelle.dz\/index.php\/wp-json\/wp\/v2\/posts"}],"about":[{"href":"https:\/\/lasentinelle.dz\/index.php\/wp-json\/wp\/v2\/types\/post"}],"author":[{"embeddable":true,"href":"https:\/\/lasentinelle.dz\/index.php\/wp-json\/wp\/v2\/users\/6"}],"replies":[{"embeddable":true,"href":"https:\/\/lasentinelle.dz\/index.php\/wp-json\/wp\/v2\/comments?post=62391"}],"version-history":[{"count":2,"href":"https:\/\/lasentinelle.dz\/index.php\/wp-json\/wp\/v2\/posts\/62391\/revisions"}],"predecessor-version":[{"id":62393,"href":"https:\/\/lasentinelle.dz\/index.php\/wp-json\/wp\/v2\/posts\/62391\/revisions\/62393"}],"wp:featuredmedia":[{"embeddable":true,"href":"https:\/\/lasentinelle.dz\/index.php\/wp-json\/wp\/v2\/media\/54635"}],"wp:attachment":[{"href":"https:\/\/lasentinelle.dz\/index.php\/wp-json\/wp\/v2\/media?parent=62391"}],"wp:term":[{"taxonomy":"category","embeddable":true,"href":"https:\/\/lasentinelle.dz\/index.php\/wp-json\/wp\/v2\/categories?post=62391"},{"taxonomy":"post_tag","embeddable":true,"href":"https:\/\/lasentinelle.dz\/index.php\/wp-json\/wp\/v2\/tags?post=62391"}],"curies":[{"name":"wp","href":"https:\/\/api.w.org\/{rel}","templated":true}]}}