{"id":62414,"date":"2025-02-03T11:15:42","date_gmt":"2025-02-03T10:15:42","guid":{"rendered":"https:\/\/lasentinelle.dz\/?p=62414"},"modified":"2025-02-03T11:15:43","modified_gmt":"2025-02-03T10:15:43","slug":"asal-les-technologies-spatiales-au-service-de-la-lutte-antiacridienne","status":"publish","type":"post","link":"https:\/\/lasentinelle.dz\/index.php\/2025\/02\/03\/asal-les-technologies-spatiales-au-service-de-la-lutte-antiacridienne\/","title":{"rendered":"ASAL: Les technologies spatiales au service de la lutte antiacridienne"},"content":{"rendered":"\n<p>L&rsquo;Agence spatiale alg\u00e9rienne (ASAL) d\u00e9cide de renforcer sa contribution \u00e0 la lutte contre le criquet p\u00e8lerin en mettant son expertise et ses technologies spatiales au service de la Commission de Lutte contre le Criquet P\u00e8lerin dans la R\u00e9gion Occidentale (CLCPRO). Un accord de coop\u00e9ration pour la p\u00e9riode 2025-2030 a \u00e9t\u00e9 sign\u00e9 hier \u00e0 Alger entre les deux organisations, dans un objectif de modernisation des syst\u00e8mes de surveillance acridienne en Afrique. La c\u00e9r\u00e9monie de signature, qui s&rsquo;est d\u00e9roul\u00e9e sous la supervision du secr\u00e9taire g\u00e9n\u00e9ral du minist\u00e8re de l&rsquo;Agriculture, du D\u00e9veloppement rural et de la P\u00eache, Hamid Bensaad, a r\u00e9uni le directeur g\u00e9n\u00e9ral de l&rsquo;ASAL, Azzedine Oussedik, et le secr\u00e9taire ex\u00e9cutif du CLCPRO, Mohamed Lamine Hamouni, ainsi que de nombreux hauts responsables et partenaires institutionnels. Parmi les personnalit\u00e9s pr\u00e9sentes figuraient notamment des repr\u00e9sentants de l&rsquo;Agence alg\u00e9rienne de Coop\u00e9ration Internationale pour la Solidarit\u00e9 et le D\u00e9veloppement et des organisations du Syst\u00e8me des Nations Unies accr\u00e9dit\u00e9es en Alg\u00e9rie, soulignant l&rsquo;importance internationale de cette initiative. L&rsquo;accord vise \u00e0 doter la CLCPRO et ses pays membres d&rsquo;un syst\u00e8me de surveillance modernis\u00e9, s&rsquo;appuyant sur l&rsquo;exploitation des donn\u00e9es satellitaires fournies par l&rsquo;ASAL. Cette collaboration repr\u00e9sente une avanc\u00e9e significative dans la lutte antiacridienne, comme l&rsquo;a soulign\u00e9 Hamid Bensaad, qui a mis en avant les succ\u00e8s d\u00e9j\u00e0 obtenus gr\u00e2ce \u00e0 l&rsquo;utilisation de l&rsquo;imagerie satellite en Alg\u00e9rie. Le pays a en effet r\u00e9ussi \u00e0 ma\u00eetriser efficacement les invasions acridiennes sur son territoire et souhaite d\u00e9sormais partager cette pr\u00e9cieuse exp\u00e9rience avec les autres nations de la r\u00e9gion. La situation actuelle en Alg\u00e9rie t\u00e9moigne de l&rsquo;efficacit\u00e9 de cette approche technologique : la menace acridienne est parfaitement ma\u00eetris\u00e9e, m\u00eame si la vigilance reste de mise, particuli\u00e8rement dans la r\u00e9gion d&rsquo;In Guezzam, \u00e0 proximit\u00e9 de la fronti\u00e8re nig\u00e9rienne. Les mesures pr\u00e9ventives mises en place ont permis le traitement de 23.000 hectares, et huit \u00e9quipes sp\u00e9cialis\u00e9es sont actuellement d\u00e9ploy\u00e9es dans le sud du pays pour assurer une surveillance continue. Le directeur g\u00e9n\u00e9ral de l&rsquo;ASAL, Azzedine Oussedik, a d\u00e9taill\u00e9 l&rsquo;engagement de son agence dans ce partenariat strat\u00e9gique. L&rsquo;ASAL s&rsquo;engage non seulement \u00e0 fournir des donn\u00e9es satellitaires cruciales pour la surveillance des zones \u00e0 risque, mais aussi \u00e0 contribuer \u00e0 la formation des experts nationaux pour optimiser l&rsquo;exploitation de ces informations. Ces donn\u00e9es seront int\u00e9gr\u00e9es aux m\u00e9canismes de suivi et d&rsquo;alerte de la CLCPRO, permettant ainsi d&rsquo;am\u00e9liorer significativement la capacit\u00e9 de r\u00e9action face aux menaces acridiennes. Pour Mohamed Lamine Hamouni, secr\u00e9taire ex\u00e9cutif de la CLCPRO, cette collaboration repr\u00e9sente une avanc\u00e9e majeure dans la lutte contre le criquet p\u00e8lerin en Afrique de l&rsquo;Ouest et du Nord-Ouest. Elle illustre parfaitement l&rsquo;int\u00e9gration r\u00e9ussie des innovations technologiques dans les strat\u00e9gies de pr\u00e9vention traditionnelles. La CLCPRO pr\u00e9voit d&rsquo;ailleurs d&rsquo;associer \u00e9troitement l&rsquo;ASAL \u00e0 l&rsquo;ensemble de ses activit\u00e9s li\u00e9es \u00e0 la lutte antiacridienne, cr\u00e9ant ainsi une synergie durable entre expertise spatiale et connaissance du terrain. Cette coop\u00e9ration s&rsquo;inscrit dans une d\u00e9marche plus large de collaboration r\u00e9gionale et d&rsquo;innovation technologique, dont l&rsquo;objectif principal est de garantir une protection efficace des ressources agricoles des pays membres. Elle repr\u00e9sente un exemple concret de l&rsquo;importance croissante des technologies spatiales dans la gestion des d\u00e9fis environnementaux et agricoles contemporains. En combinant l&rsquo;expertise spatiale de l&rsquo;ASAL avec l&rsquo;exp\u00e9rience de terrain de la CLCPRO, ce partenariat ouvre de nouvelles perspectives pour une lutte antiacridienne plus efficace et mieux coordonn\u00e9e \u00e0 l&rsquo;\u00e9chelle r\u00e9gionale.<\/p>\n\n\n\n<p><strong>Amar Malki<\/strong><\/p>\n","protected":false},"excerpt":{"rendered":"<p>L&rsquo;Agence spatiale alg\u00e9rienne (ASAL) d\u00e9cide de renforcer sa contribution \u00e0 la lutte contre le criquet p\u00e8lerin en mettant son expertise<\/p>\n","protected":false},"author":6,"featured_media":62415,"comment_status":"open","ping_status":"closed","sticky":false,"template":"","format":"standard","meta":{"colormag_page_container_layout":"default_layout","colormag_page_sidebar_layout":"default_layout","om_disable_all_campaigns":false,"_monsterinsights_skip_tracking":false,"_monsterinsights_sitenote_active":false,"_monsterinsights_sitenote_note":"","_monsterinsights_sitenote_category":0,"footnotes":"","_wpscppro_dont_share_socialmedia":false,"_wpscppro_custom_social_share_image":0,"_facebook_share_type":"default","_twitter_share_type":"default","_linkedin_share_type":"default","_pinterest_share_type":"default","_linkedin_share_type_page":"","_instagram_share_type":"default","_medium_share_type":"default","_threads_share_type":"","_google_business_share_type":"","_selected_social_profile":[],"_wpsp_enable_custom_social_template":false,"_wpsp_social_scheduling":{"enabled":false,"datetime":null,"platforms":[],"status":"template_only","dateOption":"today","timeOption":"now","customDays":"","customHours":"","customDate":"","customTime":"","schedulingType":"absolute"},"_wpsp_active_default_template":true},"categories":[27],"tags":[],"class_list":["post-62414","post","type-post","status-publish","format-standard","has-post-thumbnail","hentry","category-actualite"],"aioseo_notices":[],"yoast_head":"<!-- This site is optimized with the Yoast SEO plugin v27.5 - https:\/\/yoast.com\/product\/yoast-seo-wordpress\/ -->\n<title>ASAL: Les technologies spatiales au service de la lutte antiacridienne - La Sentinelle<\/title>\n<meta name=\"robots\" content=\"index, follow, max-snippet:-1, max-image-preview:large, max-video-preview:-1\" \/>\n<link rel=\"canonical\" href=\"https:\/\/lasentinelle.dz\/index.php\/2025\/02\/03\/asal-les-technologies-spatiales-au-service-de-la-lutte-antiacridienne\/\" \/>\n<meta property=\"og:locale\" content=\"fr_FR\" \/>\n<meta property=\"og:type\" content=\"article\" \/>\n<meta property=\"og:title\" content=\"ASAL: Les technologies spatiales au service de la lutte antiacridienne - La Sentinelle\" \/>\n<meta property=\"og:description\" content=\"L&rsquo;Agence spatiale alg\u00e9rienne (ASAL) d\u00e9cide de renforcer sa contribution \u00e0 la lutte contre le criquet p\u00e8lerin en mettant son expertise\" \/>\n<meta property=\"og:url\" content=\"https:\/\/lasentinelle.dz\/index.php\/2025\/02\/03\/asal-les-technologies-spatiales-au-service-de-la-lutte-antiacridienne\/\" \/>\n<meta property=\"og:site_name\" content=\"La Sentinelle\" \/>\n<meta property=\"article:publisher\" content=\"https:\/\/www.facebook.com\/La-Sentinelle-104059864394773\" \/>\n<meta property=\"article:published_time\" content=\"2025-02-03T10:15:42+00:00\" \/>\n<meta property=\"article:modified_time\" content=\"2025-02-03T10:15:43+00:00\" \/>\n<meta property=\"og:image\" content=\"https:\/\/lasentinelle.dz\/wp-content\/uploads\/2025\/02\/Lutte-antiacridienne.jpg\" \/>\n\t<meta property=\"og:image:width\" content=\"580\" \/>\n\t<meta property=\"og:image:height\" content=\"350\" \/>\n\t<meta property=\"og:image:type\" content=\"image\/jpeg\" \/>\n<meta name=\"author\" content=\"admin\" \/>\n<meta name=\"twitter:card\" content=\"summary_large_image\" \/>\n<meta name=\"twitter:label1\" content=\"\u00c9crit par\" \/>\n\t<meta name=\"twitter:data1\" content=\"admin\" \/>\n\t<meta name=\"twitter:label2\" content=\"Dur\u00e9e de lecture estim\u00e9e\" \/>\n\t<meta name=\"twitter:data2\" content=\"3 minutes\" \/>\n<script type=\"application\/ld+json\" class=\"yoast-schema-graph\">{\"@context\":\"https:\\\/\\\/schema.org\",\"@graph\":[{\"@type\":\"Article\",\"@id\":\"https:\\\/\\\/lasentinelle.dz\\\/index.php\\\/2025\\\/02\\\/03\\\/asal-les-technologies-spatiales-au-service-de-la-lutte-antiacridienne\\\/#article\",\"isPartOf\":{\"@id\":\"https:\\\/\\\/lasentinelle.dz\\\/index.php\\\/2025\\\/02\\\/03\\\/asal-les-technologies-spatiales-au-service-de-la-lutte-antiacridienne\\\/\"},\"author\":{\"name\":\"admin\",\"@id\":\"https:\\\/\\\/lasentinelle.dz\\\/#\\\/schema\\\/person\\\/729ee0024f24e0b8c5ec17232f8e8b41\"},\"headline\":\"ASAL: Les technologies spatiales au service de la lutte antiacridienne\",\"datePublished\":\"2025-02-03T10:15:42+00:00\",\"dateModified\":\"2025-02-03T10:15:43+00:00\",\"mainEntityOfPage\":{\"@id\":\"https:\\\/\\\/lasentinelle.dz\\\/index.php\\\/2025\\\/02\\\/03\\\/asal-les-technologies-spatiales-au-service-de-la-lutte-antiacridienne\\\/\"},\"wordCount\":667,\"commentCount\":0,\"publisher\":{\"@id\":\"https:\\\/\\\/lasentinelle.dz\\\/#organization\"},\"image\":{\"@id\":\"https:\\\/\\\/lasentinelle.dz\\\/index.php\\\/2025\\\/02\\\/03\\\/asal-les-technologies-spatiales-au-service-de-la-lutte-antiacridienne\\\/#primaryimage\"},\"thumbnailUrl\":\"https:\\\/\\\/lasentinelle.dz\\\/wp-content\\\/uploads\\\/2025\\\/02\\\/Lutte-antiacridienne.jpg\",\"articleSection\":[\"Actualit\u00e9\"],\"inLanguage\":\"fr-FR\",\"potentialAction\":[{\"@type\":\"CommentAction\",\"name\":\"Comment\",\"target\":[\"https:\\\/\\\/lasentinelle.dz\\\/index.php\\\/2025\\\/02\\\/03\\\/asal-les-technologies-spatiales-au-service-de-la-lutte-antiacridienne\\\/#respond\"]}]},{\"@type\":\"WebPage\",\"@id\":\"https:\\\/\\\/lasentinelle.dz\\\/index.php\\\/2025\\\/02\\\/03\\\/asal-les-technologies-spatiales-au-service-de-la-lutte-antiacridienne\\\/\",\"url\":\"https:\\\/\\\/lasentinelle.dz\\\/index.php\\\/2025\\\/02\\\/03\\\/asal-les-technologies-spatiales-au-service-de-la-lutte-antiacridienne\\\/\",\"name\":\"ASAL: Les technologies spatiales au service de la lutte antiacridienne - La Sentinelle\",\"isPartOf\":{\"@id\":\"https:\\\/\\\/lasentinelle.dz\\\/#website\"},\"primaryImageOfPage\":{\"@id\":\"https:\\\/\\\/lasentinelle.dz\\\/index.php\\\/2025\\\/02\\\/03\\\/asal-les-technologies-spatiales-au-service-de-la-lutte-antiacridienne\\\/#primaryimage\"},\"image\":{\"@id\":\"https:\\\/\\\/lasentinelle.dz\\\/index.php\\\/2025\\\/02\\\/03\\\/asal-les-technologies-spatiales-au-service-de-la-lutte-antiacridienne\\\/#primaryimage\"},\"thumbnailUrl\":\"https:\\\/\\\/lasentinelle.dz\\\/wp-content\\\/uploads\\\/2025\\\/02\\\/Lutte-antiacridienne.jpg\",\"datePublished\":\"2025-02-03T10:15:42+00:00\",\"dateModified\":\"2025-02-03T10:15:43+00:00\",\"breadcrumb\":{\"@id\":\"https:\\\/\\\/lasentinelle.dz\\\/index.php\\\/2025\\\/02\\\/03\\\/asal-les-technologies-spatiales-au-service-de-la-lutte-antiacridienne\\\/#breadcrumb\"},\"inLanguage\":\"fr-FR\",\"potentialAction\":[{\"@type\":\"ReadAction\",\"target\":[\"https:\\\/\\\/lasentinelle.dz\\\/index.php\\\/2025\\\/02\\\/03\\\/asal-les-technologies-spatiales-au-service-de-la-lutte-antiacridienne\\\/\"]}]},{\"@type\":\"ImageObject\",\"inLanguage\":\"fr-FR\",\"@id\":\"https:\\\/\\\/lasentinelle.dz\\\/index.php\\\/2025\\\/02\\\/03\\\/asal-les-technologies-spatiales-au-service-de-la-lutte-antiacridienne\\\/#primaryimage\",\"url\":\"https:\\\/\\\/lasentinelle.dz\\\/wp-content\\\/uploads\\\/2025\\\/02\\\/Lutte-antiacridienne.jpg\",\"contentUrl\":\"https:\\\/\\\/lasentinelle.dz\\\/wp-content\\\/uploads\\\/2025\\\/02\\\/Lutte-antiacridienne.jpg\",\"width\":580,\"height\":350},{\"@type\":\"BreadcrumbList\",\"@id\":\"https:\\\/\\\/lasentinelle.dz\\\/index.php\\\/2025\\\/02\\\/03\\\/asal-les-technologies-spatiales-au-service-de-la-lutte-antiacridienne\\\/#breadcrumb\",\"itemListElement\":[{\"@type\":\"ListItem\",\"position\":1,\"name\":\"Accueil\",\"item\":\"https:\\\/\\\/lasentinelle.dz\\\/\"},{\"@type\":\"ListItem\",\"position\":2,\"name\":\"ASAL: Les technologies spatiales au service de la lutte antiacridienne\"}]},{\"@type\":\"WebSite\",\"@id\":\"https:\\\/\\\/lasentinelle.dz\\\/#website\",\"url\":\"https:\\\/\\\/lasentinelle.dz\\\/\",\"name\":\"La Sentinelle\",\"description\":\"Quotidien national d&#039;information\",\"publisher\":{\"@id\":\"https:\\\/\\\/lasentinelle.dz\\\/#organization\"},\"potentialAction\":[{\"@type\":\"SearchAction\",\"target\":{\"@type\":\"EntryPoint\",\"urlTemplate\":\"https:\\\/\\\/lasentinelle.dz\\\/?s={search_term_string}\"},\"query-input\":{\"@type\":\"PropertyValueSpecification\",\"valueRequired\":true,\"valueName\":\"search_term_string\"}}],\"inLanguage\":\"fr-FR\"},{\"@type\":\"Organization\",\"@id\":\"https:\\\/\\\/lasentinelle.dz\\\/#organization\",\"name\":\"Quotidien La Sentinelle\",\"url\":\"https:\\\/\\\/lasentinelle.dz\\\/\",\"logo\":{\"@type\":\"ImageObject\",\"inLanguage\":\"fr-FR\",\"@id\":\"https:\\\/\\\/lasentinelle.dz\\\/#\\\/schema\\\/logo\\\/image\\\/\",\"url\":\"https:\\\/\\\/lasentinelle.dz\\\/wp-content\\\/uploads\\\/2021\\\/09\\\/logo-sentinelleSLOGAN-1.png\",\"contentUrl\":\"https:\\\/\\\/lasentinelle.dz\\\/wp-content\\\/uploads\\\/2021\\\/09\\\/logo-sentinelleSLOGAN-1.png\",\"width\":615,\"height\":142,\"caption\":\"Quotidien La Sentinelle\"},\"image\":{\"@id\":\"https:\\\/\\\/lasentinelle.dz\\\/#\\\/schema\\\/logo\\\/image\\\/\"},\"sameAs\":[\"https:\\\/\\\/www.facebook.com\\\/La-Sentinelle-104059864394773\"]},{\"@type\":\"Person\",\"@id\":\"https:\\\/\\\/lasentinelle.dz\\\/#\\\/schema\\\/person\\\/729ee0024f24e0b8c5ec17232f8e8b41\",\"name\":\"admin\",\"image\":{\"@type\":\"ImageObject\",\"inLanguage\":\"fr-FR\",\"@id\":\"https:\\\/\\\/secure.gravatar.com\\\/avatar\\\/4c81fed838786e9b53f540bf46533e750f5d292099ae3b66cfc6fb1982e29df7?s=96&d=mm&r=g\",\"url\":\"https:\\\/\\\/secure.gravatar.com\\\/avatar\\\/4c81fed838786e9b53f540bf46533e750f5d292099ae3b66cfc6fb1982e29df7?s=96&d=mm&r=g\",\"contentUrl\":\"https:\\\/\\\/secure.gravatar.com\\\/avatar\\\/4c81fed838786e9b53f540bf46533e750f5d292099ae3b66cfc6fb1982e29df7?s=96&d=mm&r=g\",\"caption\":\"admin\"},\"description\":\"admin\",\"url\":\"https:\\\/\\\/lasentinelle.dz\\\/author\\\/admin\\\/\"}]}<\/script>\n<!-- \/ Yoast SEO plugin. -->","yoast_head_json":{"title":"ASAL: Les technologies spatiales au service de la lutte antiacridienne - La Sentinelle","robots":{"index":"index","follow":"follow","max-snippet":"max-snippet:-1","max-image-preview":"max-image-preview:large","max-video-preview":"max-video-preview:-1"},"canonical":"https:\/\/lasentinelle.dz\/index.php\/2025\/02\/03\/asal-les-technologies-spatiales-au-service-de-la-lutte-antiacridienne\/","og_locale":"fr_FR","og_type":"article","og_title":"ASAL: Les technologies spatiales au service de la lutte antiacridienne - La Sentinelle","og_description":"L&rsquo;Agence spatiale alg\u00e9rienne (ASAL) d\u00e9cide de renforcer sa contribution \u00e0 la lutte contre le criquet p\u00e8lerin en mettant son expertise","og_url":"https:\/\/lasentinelle.dz\/index.php\/2025\/02\/03\/asal-les-technologies-spatiales-au-service-de-la-lutte-antiacridienne\/","og_site_name":"La Sentinelle","article_publisher":"https:\/\/www.facebook.com\/La-Sentinelle-104059864394773","article_published_time":"2025-02-03T10:15:42+00:00","article_modified_time":"2025-02-03T10:15:43+00:00","og_image":[{"width":580,"height":350,"url":"https:\/\/lasentinelle.dz\/wp-content\/uploads\/2025\/02\/Lutte-antiacridienne.jpg","type":"image\/jpeg"}],"author":"admin","twitter_card":"summary_large_image","twitter_misc":{"\u00c9crit par":"admin","Dur\u00e9e de lecture estim\u00e9e":"3 minutes"},"schema":{"@context":"https:\/\/schema.org","@graph":[{"@type":"Article","@id":"https:\/\/lasentinelle.dz\/index.php\/2025\/02\/03\/asal-les-technologies-spatiales-au-service-de-la-lutte-antiacridienne\/#article","isPartOf":{"@id":"https:\/\/lasentinelle.dz\/index.php\/2025\/02\/03\/asal-les-technologies-spatiales-au-service-de-la-lutte-antiacridienne\/"},"author":{"name":"admin","@id":"https:\/\/lasentinelle.dz\/#\/schema\/person\/729ee0024f24e0b8c5ec17232f8e8b41"},"headline":"ASAL: Les technologies spatiales au service de la lutte antiacridienne","datePublished":"2025-02-03T10:15:42+00:00","dateModified":"2025-02-03T10:15:43+00:00","mainEntityOfPage":{"@id":"https:\/\/lasentinelle.dz\/index.php\/2025\/02\/03\/asal-les-technologies-spatiales-au-service-de-la-lutte-antiacridienne\/"},"wordCount":667,"commentCount":0,"publisher":{"@id":"https:\/\/lasentinelle.dz\/#organization"},"image":{"@id":"https:\/\/lasentinelle.dz\/index.php\/2025\/02\/03\/asal-les-technologies-spatiales-au-service-de-la-lutte-antiacridienne\/#primaryimage"},"thumbnailUrl":"https:\/\/lasentinelle.dz\/wp-content\/uploads\/2025\/02\/Lutte-antiacridienne.jpg","articleSection":["Actualit\u00e9"],"inLanguage":"fr-FR","potentialAction":[{"@type":"CommentAction","name":"Comment","target":["https:\/\/lasentinelle.dz\/index.php\/2025\/02\/03\/asal-les-technologies-spatiales-au-service-de-la-lutte-antiacridienne\/#respond"]}]},{"@type":"WebPage","@id":"https:\/\/lasentinelle.dz\/index.php\/2025\/02\/03\/asal-les-technologies-spatiales-au-service-de-la-lutte-antiacridienne\/","url":"https:\/\/lasentinelle.dz\/index.php\/2025\/02\/03\/asal-les-technologies-spatiales-au-service-de-la-lutte-antiacridienne\/","name":"ASAL: Les technologies spatiales au service de la lutte antiacridienne - La Sentinelle","isPartOf":{"@id":"https:\/\/lasentinelle.dz\/#website"},"primaryImageOfPage":{"@id":"https:\/\/lasentinelle.dz\/index.php\/2025\/02\/03\/asal-les-technologies-spatiales-au-service-de-la-lutte-antiacridienne\/#primaryimage"},"image":{"@id":"https:\/\/lasentinelle.dz\/index.php\/2025\/02\/03\/asal-les-technologies-spatiales-au-service-de-la-lutte-antiacridienne\/#primaryimage"},"thumbnailUrl":"https:\/\/lasentinelle.dz\/wp-content\/uploads\/2025\/02\/Lutte-antiacridienne.jpg","datePublished":"2025-02-03T10:15:42+00:00","dateModified":"2025-02-03T10:15:43+00:00","breadcrumb":{"@id":"https:\/\/lasentinelle.dz\/index.php\/2025\/02\/03\/asal-les-technologies-spatiales-au-service-de-la-lutte-antiacridienne\/#breadcrumb"},"inLanguage":"fr-FR","potentialAction":[{"@type":"ReadAction","target":["https:\/\/lasentinelle.dz\/index.php\/2025\/02\/03\/asal-les-technologies-spatiales-au-service-de-la-lutte-antiacridienne\/"]}]},{"@type":"ImageObject","inLanguage":"fr-FR","@id":"https:\/\/lasentinelle.dz\/index.php\/2025\/02\/03\/asal-les-technologies-spatiales-au-service-de-la-lutte-antiacridienne\/#primaryimage","url":"https:\/\/lasentinelle.dz\/wp-content\/uploads\/2025\/02\/Lutte-antiacridienne.jpg","contentUrl":"https:\/\/lasentinelle.dz\/wp-content\/uploads\/2025\/02\/Lutte-antiacridienne.jpg","width":580,"height":350},{"@type":"BreadcrumbList","@id":"https:\/\/lasentinelle.dz\/index.php\/2025\/02\/03\/asal-les-technologies-spatiales-au-service-de-la-lutte-antiacridienne\/#breadcrumb","itemListElement":[{"@type":"ListItem","position":1,"name":"Accueil","item":"https:\/\/lasentinelle.dz\/"},{"@type":"ListItem","position":2,"name":"ASAL: Les technologies spatiales au service de la lutte antiacridienne"}]},{"@type":"WebSite","@id":"https:\/\/lasentinelle.dz\/#website","url":"https:\/\/lasentinelle.dz\/","name":"La Sentinelle","description":"Quotidien national d&#039;information","publisher":{"@id":"https:\/\/lasentinelle.dz\/#organization"},"potentialAction":[{"@type":"SearchAction","target":{"@type":"EntryPoint","urlTemplate":"https:\/\/lasentinelle.dz\/?s={search_term_string}"},"query-input":{"@type":"PropertyValueSpecification","valueRequired":true,"valueName":"search_term_string"}}],"inLanguage":"fr-FR"},{"@type":"Organization","@id":"https:\/\/lasentinelle.dz\/#organization","name":"Quotidien La Sentinelle","url":"https:\/\/lasentinelle.dz\/","logo":{"@type":"ImageObject","inLanguage":"fr-FR","@id":"https:\/\/lasentinelle.dz\/#\/schema\/logo\/image\/","url":"https:\/\/lasentinelle.dz\/wp-content\/uploads\/2021\/09\/logo-sentinelleSLOGAN-1.png","contentUrl":"https:\/\/lasentinelle.dz\/wp-content\/uploads\/2021\/09\/logo-sentinelleSLOGAN-1.png","width":615,"height":142,"caption":"Quotidien La Sentinelle"},"image":{"@id":"https:\/\/lasentinelle.dz\/#\/schema\/logo\/image\/"},"sameAs":["https:\/\/www.facebook.com\/La-Sentinelle-104059864394773"]},{"@type":"Person","@id":"https:\/\/lasentinelle.dz\/#\/schema\/person\/729ee0024f24e0b8c5ec17232f8e8b41","name":"admin","image":{"@type":"ImageObject","inLanguage":"fr-FR","@id":"https:\/\/secure.gravatar.com\/avatar\/4c81fed838786e9b53f540bf46533e750f5d292099ae3b66cfc6fb1982e29df7?s=96&d=mm&r=g","url":"https:\/\/secure.gravatar.com\/avatar\/4c81fed838786e9b53f540bf46533e750f5d292099ae3b66cfc6fb1982e29df7?s=96&d=mm&r=g","contentUrl":"https:\/\/secure.gravatar.com\/avatar\/4c81fed838786e9b53f540bf46533e750f5d292099ae3b66cfc6fb1982e29df7?s=96&d=mm&r=g","caption":"admin"},"description":"admin","url":"https:\/\/lasentinelle.dz\/author\/admin\/"}]}},"_links":{"self":[{"href":"https:\/\/lasentinelle.dz\/index.php\/wp-json\/wp\/v2\/posts\/62414","targetHints":{"allow":["GET"]}}],"collection":[{"href":"https:\/\/lasentinelle.dz\/index.php\/wp-json\/wp\/v2\/posts"}],"about":[{"href":"https:\/\/lasentinelle.dz\/index.php\/wp-json\/wp\/v2\/types\/post"}],"author":[{"embeddable":true,"href":"https:\/\/lasentinelle.dz\/index.php\/wp-json\/wp\/v2\/users\/6"}],"replies":[{"embeddable":true,"href":"https:\/\/lasentinelle.dz\/index.php\/wp-json\/wp\/v2\/comments?post=62414"}],"version-history":[{"count":1,"href":"https:\/\/lasentinelle.dz\/index.php\/wp-json\/wp\/v2\/posts\/62414\/revisions"}],"predecessor-version":[{"id":62416,"href":"https:\/\/lasentinelle.dz\/index.php\/wp-json\/wp\/v2\/posts\/62414\/revisions\/62416"}],"wp:featuredmedia":[{"embeddable":true,"href":"https:\/\/lasentinelle.dz\/index.php\/wp-json\/wp\/v2\/media\/62415"}],"wp:attachment":[{"href":"https:\/\/lasentinelle.dz\/index.php\/wp-json\/wp\/v2\/media?parent=62414"}],"wp:term":[{"taxonomy":"category","embeddable":true,"href":"https:\/\/lasentinelle.dz\/index.php\/wp-json\/wp\/v2\/categories?post=62414"},{"taxonomy":"post_tag","embeddable":true,"href":"https:\/\/lasentinelle.dz\/index.php\/wp-json\/wp\/v2\/tags?post=62414"}],"curies":[{"name":"wp","href":"https:\/\/api.w.org\/{rel}","templated":true}]}}