{"id":62436,"date":"2025-02-03T11:32:57","date_gmt":"2025-02-03T10:32:57","guid":{"rendered":"https:\/\/lasentinelle.dz\/?p=62436"},"modified":"2025-02-03T11:32:58","modified_gmt":"2025-02-03T10:32:58","slug":"ligue-1-mobilis-le-mercato-dans-sa-derniere-ligne-droite","status":"publish","type":"post","link":"https:\/\/lasentinelle.dz\/index.php\/2025\/02\/03\/ligue-1-mobilis-le-mercato-dans-sa-derniere-ligne-droite\/","title":{"rendered":"Ligue 1 Mobilis : Le mercato dans sa derni\u00e8re ligne droite"},"content":{"rendered":"\n<p>Le mercato hivernal de la Ligue 1 Mobilis entre dans sa derni\u00e8re ligne droite avec une s\u00e9rie de mouvements significatifs qui redessinent le paysage du championnat national. \u00c0 trois jours de la cl\u00f4ture de la p\u00e9riode des transferts, les clubs multiplient les initiatives pour renforcer leurs effectifs, entre arriv\u00e9es prometteuses et d\u00e9parts notables.<\/p>\n\n\n\n<p>Du c\u00f4t\u00e9 du MC Oran, le club poursuit sa restructuration avec l&rsquo;arriv\u00e9e d&rsquo;Abdelaziz Moulay, ailier droit en provenance de l&rsquo;ES S\u00e9tif. Cette recrue, qui conna\u00eet bien la r\u00e9gion pour avoir \u00e9volu\u00e9 \u00e0 l&rsquo;ASM Oran puis \u00e0 l&rsquo;ES Mostaganem avant son passage \u00e0 l&rsquo;ASO Chlef, devient la troisi\u00e8me signature hivernale des Hamraoua apr\u00e8s Amar Bourdim et Dalil Hassen-Khodja. En parall\u00e8le, le club oranais a officialis\u00e9 le d\u00e9part de Merouane Boussalem, qui rejoint ainsi l&rsquo;Ivoirien Sery Gnoleba, Walid Ardji et Aymen Chadli sur la liste des joueurs ayant quitt\u00e9 le navire cet hiver. La transition s&rsquo;op\u00e8re \u00e9galement sur le banc du MCO, o\u00f9 Abdelkader Amrani s&rsquo;appr\u00eate \u00e0 entamer son troisi\u00e8me mandat en remplacement d&rsquo;Eric Chell, parti diriger la s\u00e9lection nig\u00e9riane. Toutefois, des d\u00e9tails administratifs concernant la r\u00e9siliation de son contrat avec le CR Belouizdad retardent encore sa prise de fonction officielle. Plus au sud, la JS Saoura fait parler d&rsquo;elle avec un coup retentissant sur le march\u00e9 des transferts. Le club de B\u00e9char s&rsquo;est attach\u00e9 les services de Guy St\u00e9phane B\u00e9di, meilleur buteur du championnat ivoirien en 2024 avec 15 r\u00e9alisations. L&rsquo;attaquant de 30 ans, qui a notamment brill\u00e9 sous les couleurs de l&rsquo;ASEC Mimosas et du TP Mazembe, s&rsquo;engage jusqu&rsquo;en juillet 2025. Une arriv\u00e9e qui pourrait s&rsquo;av\u00e9rer d\u00e9cisive pour une \u00e9quipe actuellement 13e du championnat et en qu\u00eate de points pour s&rsquo;\u00e9loigner de la zone rouge.<\/p>\n\n\n\n<p>La JSK lorgne Feghouli et Belfodil<\/p>\n\n\n\n<p>La JS Kabylie, dauphine au classement, ne reste pas inactive et vise haut pour renforcer son effectif. Le club kabyle est en n\u00e9gociations avanc\u00e9es avec deux figures majeures du football alg\u00e9rien : Sofiane Feghouli et Ishak Belfodil. \u00c0 35 ans, Feghouli, champion d&rsquo;Afrique 2019, pourrait apporter toute son exp\u00e9rience internationale \u00e0 une formation qui court apr\u00e8s le titre depuis 17 ans. Quant \u00e0 Belfodil, libre depuis son passage au Sabah FK en Azerba\u00efdjan, il fait l&rsquo;objet d&rsquo;une concurrence acharn\u00e9e entre plusieurs cadors du championnat. En effet, le buteur de 33 ans, qui n&rsquo;a \u00e9trangement jamais \u00e9volu\u00e9 dans le championnat alg\u00e9rien malgr\u00e9 une carri\u00e8re riche en exp\u00e9riences internationales, se retrouve \u00e9galement dans le viseur du Mouloudia d&rsquo;Alger et du CR Belouizdad. Le MCA, leader actuel, cherche notamment \u00e0 combler le vide laiss\u00e9 par le d\u00e9part d&rsquo;Andy Delort, tandis que le CRB, troisi\u00e8me, reste \u00e0 l&rsquo;aff\u00fbt d&rsquo;une opportunit\u00e9 pour se renforcer offensivement.Ces mouvements interviennent dans un contexte o\u00f9 la course au titre s&rsquo;annonce particuli\u00e8rement serr\u00e9e et illustre parfaitement les enjeux de cette p\u00e9riode de transferts pour les clubs cherchant \u00e0 am\u00e9liorer leur position au classement. \u00c0 quelques jours de la fermeture du mercato, fix\u00e9e au 5 f\u00e9vrier, d&rsquo;autres mouvements pourraient encore survenir, notamment du c\u00f4t\u00e9 du MCO qui envisage une ou deux recrues suppl\u00e9mentaires apr\u00e8s avoir lib\u00e9r\u00e9 plusieurs joueurs. Cette derni\u00e8re semaine de transferts promet donc encore son lot de surprises et pourrait s&rsquo;av\u00e9rer d\u00e9cisive dans la course au titre comme dans la lutte pour le maintien.<\/p>\n\n\n\n<p>Moncef Dahleb<\/p>\n\n\n\n<p><strong>Club Sportif Constantinois<\/strong><\/p>\n\n\n\n<p><strong>Quatre joueurs du club convoit\u00e9s par des \u00e9quipes du Golfe<\/strong><\/p>\n\n\n\n<p>Quatre joueurs du Club Sportif Constantinois, du Championnat de Ligue 1 de football \u00ab\u00a0Mobilis\u00a0\u00bb, ont \u00e9t\u00e9 convoit\u00e9s par des \u00e9quipes \u00e9voluant dans diff\u00e9rents pays du Golfe, durant le mercato hivernal, a annonc\u00e9 l&rsquo;entra\u00eeneur du club constantinois, Khe\u00efreddine Madoui, pr\u00e9cisant toutefois que le staff technique \u00ab\u00a0s&rsquo;est oppos\u00e9 \u00e0 ces propositions\u00a0\u00bb. S&rsquo;exprimant en marge de la s\u00e9ance de reprise des entrainements, samedi en fin d&rsquo;apr\u00e8s-midi au p\u00f4le sportif Abdelhamid Daamache, \u00e0 la cit\u00e9 Chaabet Erssas au chef-lieu de wilaya, le coach des \u00ab\u00a0Sanafirs\u00a0\u00bb a fait savoir que \u00a0\u00bb la direction du club a re\u00e7u des propositions \u00e9manant d&rsquo;Arabie saoudite, des Emirats arabes unis et du Kowe\u00eft pour les joueurs Abdennour Belhocini, Moundir Tamine, Chahine Bellaoul et Achraf Boudrama, en vue de leur transfert lors du mercato hivernal en cours\u00a0\u00bb. Cependant, le staff technique \u00ab\u00a0s&rsquo;est oppos\u00e9 \u00e0 ces propositions en raison de la place pr\u00e9pond\u00e9rante de ces \u00e9l\u00e9ments au sein de l&rsquo;\u00e9quipe, ainsi que pour les importantes \u00e9ch\u00e9ances dans lesquelles est engag\u00e9e\u00a0\u00bb. Par ailleurs, la Direction du club a arr\u00eat\u00e9 la liste des joueurs lib\u00e9rables, \u00e0 l&rsquo;image de Mohamed-Lamine Ben Messabih, qui a re\u00e7u une offre de NC Magra. L&rsquo;op\u00e9ration de lib\u00e9ration de certains joueurs pourrait faciliter au CSC le recrutement d&rsquo;autres \u00e9l\u00e9ments \u00e0 l&rsquo;image d&rsquo;Adem Berdjem et Maameri de la JS Kabylie, sous r\u00e9serve de l&rsquo;accord du club kabyle. A noter que l&rsquo;effectif du CSC a repris, samedi apr\u00e8s-midi, le chemin des entrainements en pr\u00e9vision de son match de Coupe d&rsquo;Alg\u00e9rie, pr\u00e9vu mercredi prochain, contre l&rsquo;Olympique Akbou au stade de l&rsquo;Unit\u00e9 Maghr\u00e9bine de B\u00e9ja\u00efa.<\/p>\n","protected":false},"excerpt":{"rendered":"<p>Le mercato hivernal de la Ligue 1 Mobilis entre dans sa derni\u00e8re ligne droite avec une s\u00e9rie de mouvements significatifs<\/p>\n","protected":false},"author":6,"featured_media":62437,"comment_status":"open","ping_status":"closed","sticky":false,"template":"","format":"standard","meta":{"colormag_page_container_layout":"default_layout","colormag_page_sidebar_layout":"default_layout","om_disable_all_campaigns":false,"_monsterinsights_skip_tracking":false,"_monsterinsights_sitenote_active":false,"_monsterinsights_sitenote_note":"","_monsterinsights_sitenote_category":0,"footnotes":"","_wpscppro_dont_share_socialmedia":false,"_wpscppro_custom_social_share_image":0,"_facebook_share_type":"default","_twitter_share_type":"default","_linkedin_share_type":"default","_pinterest_share_type":"default","_linkedin_share_type_page":"","_instagram_share_type":"default","_medium_share_type":"default","_threads_share_type":"","_google_business_share_type":"","_selected_social_profile":[],"_wpsp_enable_custom_social_template":false,"_wpsp_social_scheduling":{"enabled":false,"datetime":null,"platforms":[],"status":"template_only","dateOption":"today","timeOption":"now","customDays":"","customHours":"","customDate":"","customTime":"","schedulingType":"absolute"},"_wpsp_active_default_template":true},"categories":[33],"tags":[],"class_list":["post-62436","post","type-post","status-publish","format-standard","has-post-thumbnail","hentry","category-sports"],"aioseo_notices":[],"yoast_head":"<!-- This site is optimized with the Yoast SEO plugin v27.5 - https:\/\/yoast.com\/product\/yoast-seo-wordpress\/ -->\n<title>Ligue 1 Mobilis : Le mercato dans sa derni\u00e8re ligne droite - La Sentinelle<\/title>\n<meta name=\"robots\" content=\"index, follow, max-snippet:-1, max-image-preview:large, max-video-preview:-1\" \/>\n<link rel=\"canonical\" href=\"https:\/\/lasentinelle.dz\/index.php\/2025\/02\/03\/ligue-1-mobilis-le-mercato-dans-sa-derniere-ligne-droite\/\" \/>\n<meta property=\"og:locale\" content=\"fr_FR\" \/>\n<meta property=\"og:type\" content=\"article\" \/>\n<meta property=\"og:title\" content=\"Ligue 1 Mobilis : Le mercato dans sa derni\u00e8re ligne droite - La Sentinelle\" \/>\n<meta property=\"og:description\" content=\"Le mercato hivernal de la Ligue 1 Mobilis entre dans sa derni\u00e8re ligne droite avec une s\u00e9rie de mouvements significatifs\" \/>\n<meta property=\"og:url\" content=\"https:\/\/lasentinelle.dz\/index.php\/2025\/02\/03\/ligue-1-mobilis-le-mercato-dans-sa-derniere-ligne-droite\/\" \/>\n<meta property=\"og:site_name\" content=\"La Sentinelle\" \/>\n<meta property=\"article:publisher\" content=\"https:\/\/www.facebook.com\/La-Sentinelle-104059864394773\" \/>\n<meta property=\"article:published_time\" content=\"2025-02-03T10:32:57+00:00\" \/>\n<meta property=\"article:modified_time\" content=\"2025-02-03T10:32:58+00:00\" \/>\n<meta property=\"og:image\" content=\"https:\/\/lasentinelle.dz\/wp-content\/uploads\/2025\/02\/Bedi.jpeg\" \/>\n\t<meta property=\"og:image:width\" content=\"650\" \/>\n\t<meta property=\"og:image:height\" content=\"415\" \/>\n\t<meta property=\"og:image:type\" content=\"image\/jpeg\" \/>\n<meta name=\"author\" content=\"admin\" \/>\n<meta name=\"twitter:card\" content=\"summary_large_image\" \/>\n<meta name=\"twitter:label1\" content=\"\u00c9crit par\" \/>\n\t<meta name=\"twitter:data1\" content=\"admin\" \/>\n\t<meta name=\"twitter:label2\" content=\"Dur\u00e9e de lecture estim\u00e9e\" \/>\n\t<meta name=\"twitter:data2\" content=\"5 minutes\" \/>\n<script type=\"application\/ld+json\" class=\"yoast-schema-graph\">{\"@context\":\"https:\\\/\\\/schema.org\",\"@graph\":[{\"@type\":\"Article\",\"@id\":\"https:\\\/\\\/lasentinelle.dz\\\/index.php\\\/2025\\\/02\\\/03\\\/ligue-1-mobilis-le-mercato-dans-sa-derniere-ligne-droite\\\/#article\",\"isPartOf\":{\"@id\":\"https:\\\/\\\/lasentinelle.dz\\\/index.php\\\/2025\\\/02\\\/03\\\/ligue-1-mobilis-le-mercato-dans-sa-derniere-ligne-droite\\\/\"},\"author\":{\"name\":\"admin\",\"@id\":\"https:\\\/\\\/lasentinelle.dz\\\/#\\\/schema\\\/person\\\/729ee0024f24e0b8c5ec17232f8e8b41\"},\"headline\":\"Ligue 1 Mobilis : Le mercato dans sa derni\u00e8re ligne droite\",\"datePublished\":\"2025-02-03T10:32:57+00:00\",\"dateModified\":\"2025-02-03T10:32:58+00:00\",\"mainEntityOfPage\":{\"@id\":\"https:\\\/\\\/lasentinelle.dz\\\/index.php\\\/2025\\\/02\\\/03\\\/ligue-1-mobilis-le-mercato-dans-sa-derniere-ligne-droite\\\/\"},\"wordCount\":909,\"commentCount\":0,\"publisher\":{\"@id\":\"https:\\\/\\\/lasentinelle.dz\\\/#organization\"},\"image\":{\"@id\":\"https:\\\/\\\/lasentinelle.dz\\\/index.php\\\/2025\\\/02\\\/03\\\/ligue-1-mobilis-le-mercato-dans-sa-derniere-ligne-droite\\\/#primaryimage\"},\"thumbnailUrl\":\"https:\\\/\\\/lasentinelle.dz\\\/wp-content\\\/uploads\\\/2025\\\/02\\\/Bedi.jpeg\",\"articleSection\":[\"Sports\"],\"inLanguage\":\"fr-FR\",\"potentialAction\":[{\"@type\":\"CommentAction\",\"name\":\"Comment\",\"target\":[\"https:\\\/\\\/lasentinelle.dz\\\/index.php\\\/2025\\\/02\\\/03\\\/ligue-1-mobilis-le-mercato-dans-sa-derniere-ligne-droite\\\/#respond\"]}]},{\"@type\":\"WebPage\",\"@id\":\"https:\\\/\\\/lasentinelle.dz\\\/index.php\\\/2025\\\/02\\\/03\\\/ligue-1-mobilis-le-mercato-dans-sa-derniere-ligne-droite\\\/\",\"url\":\"https:\\\/\\\/lasentinelle.dz\\\/index.php\\\/2025\\\/02\\\/03\\\/ligue-1-mobilis-le-mercato-dans-sa-derniere-ligne-droite\\\/\",\"name\":\"Ligue 1 Mobilis : Le mercato dans sa derni\u00e8re ligne droite - La Sentinelle\",\"isPartOf\":{\"@id\":\"https:\\\/\\\/lasentinelle.dz\\\/#website\"},\"primaryImageOfPage\":{\"@id\":\"https:\\\/\\\/lasentinelle.dz\\\/index.php\\\/2025\\\/02\\\/03\\\/ligue-1-mobilis-le-mercato-dans-sa-derniere-ligne-droite\\\/#primaryimage\"},\"image\":{\"@id\":\"https:\\\/\\\/lasentinelle.dz\\\/index.php\\\/2025\\\/02\\\/03\\\/ligue-1-mobilis-le-mercato-dans-sa-derniere-ligne-droite\\\/#primaryimage\"},\"thumbnailUrl\":\"https:\\\/\\\/lasentinelle.dz\\\/wp-content\\\/uploads\\\/2025\\\/02\\\/Bedi.jpeg\",\"datePublished\":\"2025-02-03T10:32:57+00:00\",\"dateModified\":\"2025-02-03T10:32:58+00:00\",\"breadcrumb\":{\"@id\":\"https:\\\/\\\/lasentinelle.dz\\\/index.php\\\/2025\\\/02\\\/03\\\/ligue-1-mobilis-le-mercato-dans-sa-derniere-ligne-droite\\\/#breadcrumb\"},\"inLanguage\":\"fr-FR\",\"potentialAction\":[{\"@type\":\"ReadAction\",\"target\":[\"https:\\\/\\\/lasentinelle.dz\\\/index.php\\\/2025\\\/02\\\/03\\\/ligue-1-mobilis-le-mercato-dans-sa-derniere-ligne-droite\\\/\"]}]},{\"@type\":\"ImageObject\",\"inLanguage\":\"fr-FR\",\"@id\":\"https:\\\/\\\/lasentinelle.dz\\\/index.php\\\/2025\\\/02\\\/03\\\/ligue-1-mobilis-le-mercato-dans-sa-derniere-ligne-droite\\\/#primaryimage\",\"url\":\"https:\\\/\\\/lasentinelle.dz\\\/wp-content\\\/uploads\\\/2025\\\/02\\\/Bedi.jpeg\",\"contentUrl\":\"https:\\\/\\\/lasentinelle.dz\\\/wp-content\\\/uploads\\\/2025\\\/02\\\/Bedi.jpeg\",\"width\":650,\"height\":415},{\"@type\":\"BreadcrumbList\",\"@id\":\"https:\\\/\\\/lasentinelle.dz\\\/index.php\\\/2025\\\/02\\\/03\\\/ligue-1-mobilis-le-mercato-dans-sa-derniere-ligne-droite\\\/#breadcrumb\",\"itemListElement\":[{\"@type\":\"ListItem\",\"position\":1,\"name\":\"Accueil\",\"item\":\"https:\\\/\\\/lasentinelle.dz\\\/\"},{\"@type\":\"ListItem\",\"position\":2,\"name\":\"Ligue 1 Mobilis : Le mercato dans sa derni\u00e8re ligne droite\"}]},{\"@type\":\"WebSite\",\"@id\":\"https:\\\/\\\/lasentinelle.dz\\\/#website\",\"url\":\"https:\\\/\\\/lasentinelle.dz\\\/\",\"name\":\"La Sentinelle\",\"description\":\"Quotidien national d&#039;information\",\"publisher\":{\"@id\":\"https:\\\/\\\/lasentinelle.dz\\\/#organization\"},\"potentialAction\":[{\"@type\":\"SearchAction\",\"target\":{\"@type\":\"EntryPoint\",\"urlTemplate\":\"https:\\\/\\\/lasentinelle.dz\\\/?s={search_term_string}\"},\"query-input\":{\"@type\":\"PropertyValueSpecification\",\"valueRequired\":true,\"valueName\":\"search_term_string\"}}],\"inLanguage\":\"fr-FR\"},{\"@type\":\"Organization\",\"@id\":\"https:\\\/\\\/lasentinelle.dz\\\/#organization\",\"name\":\"Quotidien La Sentinelle\",\"url\":\"https:\\\/\\\/lasentinelle.dz\\\/\",\"logo\":{\"@type\":\"ImageObject\",\"inLanguage\":\"fr-FR\",\"@id\":\"https:\\\/\\\/lasentinelle.dz\\\/#\\\/schema\\\/logo\\\/image\\\/\",\"url\":\"https:\\\/\\\/lasentinelle.dz\\\/wp-content\\\/uploads\\\/2021\\\/09\\\/logo-sentinelleSLOGAN-1.png\",\"contentUrl\":\"https:\\\/\\\/lasentinelle.dz\\\/wp-content\\\/uploads\\\/2021\\\/09\\\/logo-sentinelleSLOGAN-1.png\",\"width\":615,\"height\":142,\"caption\":\"Quotidien La Sentinelle\"},\"image\":{\"@id\":\"https:\\\/\\\/lasentinelle.dz\\\/#\\\/schema\\\/logo\\\/image\\\/\"},\"sameAs\":[\"https:\\\/\\\/www.facebook.com\\\/La-Sentinelle-104059864394773\"]},{\"@type\":\"Person\",\"@id\":\"https:\\\/\\\/lasentinelle.dz\\\/#\\\/schema\\\/person\\\/729ee0024f24e0b8c5ec17232f8e8b41\",\"name\":\"admin\",\"image\":{\"@type\":\"ImageObject\",\"inLanguage\":\"fr-FR\",\"@id\":\"https:\\\/\\\/secure.gravatar.com\\\/avatar\\\/4c81fed838786e9b53f540bf46533e750f5d292099ae3b66cfc6fb1982e29df7?s=96&d=mm&r=g\",\"url\":\"https:\\\/\\\/secure.gravatar.com\\\/avatar\\\/4c81fed838786e9b53f540bf46533e750f5d292099ae3b66cfc6fb1982e29df7?s=96&d=mm&r=g\",\"contentUrl\":\"https:\\\/\\\/secure.gravatar.com\\\/avatar\\\/4c81fed838786e9b53f540bf46533e750f5d292099ae3b66cfc6fb1982e29df7?s=96&d=mm&r=g\",\"caption\":\"admin\"},\"description\":\"admin\",\"url\":\"https:\\\/\\\/lasentinelle.dz\\\/author\\\/admin\\\/\"}]}<\/script>\n<!-- \/ Yoast SEO plugin. -->","yoast_head_json":{"title":"Ligue 1 Mobilis : Le mercato dans sa derni\u00e8re ligne droite - La Sentinelle","robots":{"index":"index","follow":"follow","max-snippet":"max-snippet:-1","max-image-preview":"max-image-preview:large","max-video-preview":"max-video-preview:-1"},"canonical":"https:\/\/lasentinelle.dz\/index.php\/2025\/02\/03\/ligue-1-mobilis-le-mercato-dans-sa-derniere-ligne-droite\/","og_locale":"fr_FR","og_type":"article","og_title":"Ligue 1 Mobilis : Le mercato dans sa derni\u00e8re ligne droite - La Sentinelle","og_description":"Le mercato hivernal de la Ligue 1 Mobilis entre dans sa derni\u00e8re ligne droite avec une s\u00e9rie de mouvements significatifs","og_url":"https:\/\/lasentinelle.dz\/index.php\/2025\/02\/03\/ligue-1-mobilis-le-mercato-dans-sa-derniere-ligne-droite\/","og_site_name":"La Sentinelle","article_publisher":"https:\/\/www.facebook.com\/La-Sentinelle-104059864394773","article_published_time":"2025-02-03T10:32:57+00:00","article_modified_time":"2025-02-03T10:32:58+00:00","og_image":[{"width":650,"height":415,"url":"https:\/\/lasentinelle.dz\/wp-content\/uploads\/2025\/02\/Bedi.jpeg","type":"image\/jpeg"}],"author":"admin","twitter_card":"summary_large_image","twitter_misc":{"\u00c9crit par":"admin","Dur\u00e9e de lecture estim\u00e9e":"5 minutes"},"schema":{"@context":"https:\/\/schema.org","@graph":[{"@type":"Article","@id":"https:\/\/lasentinelle.dz\/index.php\/2025\/02\/03\/ligue-1-mobilis-le-mercato-dans-sa-derniere-ligne-droite\/#article","isPartOf":{"@id":"https:\/\/lasentinelle.dz\/index.php\/2025\/02\/03\/ligue-1-mobilis-le-mercato-dans-sa-derniere-ligne-droite\/"},"author":{"name":"admin","@id":"https:\/\/lasentinelle.dz\/#\/schema\/person\/729ee0024f24e0b8c5ec17232f8e8b41"},"headline":"Ligue 1 Mobilis : Le mercato dans sa derni\u00e8re ligne droite","datePublished":"2025-02-03T10:32:57+00:00","dateModified":"2025-02-03T10:32:58+00:00","mainEntityOfPage":{"@id":"https:\/\/lasentinelle.dz\/index.php\/2025\/02\/03\/ligue-1-mobilis-le-mercato-dans-sa-derniere-ligne-droite\/"},"wordCount":909,"commentCount":0,"publisher":{"@id":"https:\/\/lasentinelle.dz\/#organization"},"image":{"@id":"https:\/\/lasentinelle.dz\/index.php\/2025\/02\/03\/ligue-1-mobilis-le-mercato-dans-sa-derniere-ligne-droite\/#primaryimage"},"thumbnailUrl":"https:\/\/lasentinelle.dz\/wp-content\/uploads\/2025\/02\/Bedi.jpeg","articleSection":["Sports"],"inLanguage":"fr-FR","potentialAction":[{"@type":"CommentAction","name":"Comment","target":["https:\/\/lasentinelle.dz\/index.php\/2025\/02\/03\/ligue-1-mobilis-le-mercato-dans-sa-derniere-ligne-droite\/#respond"]}]},{"@type":"WebPage","@id":"https:\/\/lasentinelle.dz\/index.php\/2025\/02\/03\/ligue-1-mobilis-le-mercato-dans-sa-derniere-ligne-droite\/","url":"https:\/\/lasentinelle.dz\/index.php\/2025\/02\/03\/ligue-1-mobilis-le-mercato-dans-sa-derniere-ligne-droite\/","name":"Ligue 1 Mobilis : Le mercato dans sa derni\u00e8re ligne droite - La Sentinelle","isPartOf":{"@id":"https:\/\/lasentinelle.dz\/#website"},"primaryImageOfPage":{"@id":"https:\/\/lasentinelle.dz\/index.php\/2025\/02\/03\/ligue-1-mobilis-le-mercato-dans-sa-derniere-ligne-droite\/#primaryimage"},"image":{"@id":"https:\/\/lasentinelle.dz\/index.php\/2025\/02\/03\/ligue-1-mobilis-le-mercato-dans-sa-derniere-ligne-droite\/#primaryimage"},"thumbnailUrl":"https:\/\/lasentinelle.dz\/wp-content\/uploads\/2025\/02\/Bedi.jpeg","datePublished":"2025-02-03T10:32:57+00:00","dateModified":"2025-02-03T10:32:58+00:00","breadcrumb":{"@id":"https:\/\/lasentinelle.dz\/index.php\/2025\/02\/03\/ligue-1-mobilis-le-mercato-dans-sa-derniere-ligne-droite\/#breadcrumb"},"inLanguage":"fr-FR","potentialAction":[{"@type":"ReadAction","target":["https:\/\/lasentinelle.dz\/index.php\/2025\/02\/03\/ligue-1-mobilis-le-mercato-dans-sa-derniere-ligne-droite\/"]}]},{"@type":"ImageObject","inLanguage":"fr-FR","@id":"https:\/\/lasentinelle.dz\/index.php\/2025\/02\/03\/ligue-1-mobilis-le-mercato-dans-sa-derniere-ligne-droite\/#primaryimage","url":"https:\/\/lasentinelle.dz\/wp-content\/uploads\/2025\/02\/Bedi.jpeg","contentUrl":"https:\/\/lasentinelle.dz\/wp-content\/uploads\/2025\/02\/Bedi.jpeg","width":650,"height":415},{"@type":"BreadcrumbList","@id":"https:\/\/lasentinelle.dz\/index.php\/2025\/02\/03\/ligue-1-mobilis-le-mercato-dans-sa-derniere-ligne-droite\/#breadcrumb","itemListElement":[{"@type":"ListItem","position":1,"name":"Accueil","item":"https:\/\/lasentinelle.dz\/"},{"@type":"ListItem","position":2,"name":"Ligue 1 Mobilis : Le mercato dans sa derni\u00e8re ligne droite"}]},{"@type":"WebSite","@id":"https:\/\/lasentinelle.dz\/#website","url":"https:\/\/lasentinelle.dz\/","name":"La Sentinelle","description":"Quotidien national d&#039;information","publisher":{"@id":"https:\/\/lasentinelle.dz\/#organization"},"potentialAction":[{"@type":"SearchAction","target":{"@type":"EntryPoint","urlTemplate":"https:\/\/lasentinelle.dz\/?s={search_term_string}"},"query-input":{"@type":"PropertyValueSpecification","valueRequired":true,"valueName":"search_term_string"}}],"inLanguage":"fr-FR"},{"@type":"Organization","@id":"https:\/\/lasentinelle.dz\/#organization","name":"Quotidien La Sentinelle","url":"https:\/\/lasentinelle.dz\/","logo":{"@type":"ImageObject","inLanguage":"fr-FR","@id":"https:\/\/lasentinelle.dz\/#\/schema\/logo\/image\/","url":"https:\/\/lasentinelle.dz\/wp-content\/uploads\/2021\/09\/logo-sentinelleSLOGAN-1.png","contentUrl":"https:\/\/lasentinelle.dz\/wp-content\/uploads\/2021\/09\/logo-sentinelleSLOGAN-1.png","width":615,"height":142,"caption":"Quotidien La Sentinelle"},"image":{"@id":"https:\/\/lasentinelle.dz\/#\/schema\/logo\/image\/"},"sameAs":["https:\/\/www.facebook.com\/La-Sentinelle-104059864394773"]},{"@type":"Person","@id":"https:\/\/lasentinelle.dz\/#\/schema\/person\/729ee0024f24e0b8c5ec17232f8e8b41","name":"admin","image":{"@type":"ImageObject","inLanguage":"fr-FR","@id":"https:\/\/secure.gravatar.com\/avatar\/4c81fed838786e9b53f540bf46533e750f5d292099ae3b66cfc6fb1982e29df7?s=96&d=mm&r=g","url":"https:\/\/secure.gravatar.com\/avatar\/4c81fed838786e9b53f540bf46533e750f5d292099ae3b66cfc6fb1982e29df7?s=96&d=mm&r=g","contentUrl":"https:\/\/secure.gravatar.com\/avatar\/4c81fed838786e9b53f540bf46533e750f5d292099ae3b66cfc6fb1982e29df7?s=96&d=mm&r=g","caption":"admin"},"description":"admin","url":"https:\/\/lasentinelle.dz\/author\/admin\/"}]}},"_links":{"self":[{"href":"https:\/\/lasentinelle.dz\/index.php\/wp-json\/wp\/v2\/posts\/62436","targetHints":{"allow":["GET"]}}],"collection":[{"href":"https:\/\/lasentinelle.dz\/index.php\/wp-json\/wp\/v2\/posts"}],"about":[{"href":"https:\/\/lasentinelle.dz\/index.php\/wp-json\/wp\/v2\/types\/post"}],"author":[{"embeddable":true,"href":"https:\/\/lasentinelle.dz\/index.php\/wp-json\/wp\/v2\/users\/6"}],"replies":[{"embeddable":true,"href":"https:\/\/lasentinelle.dz\/index.php\/wp-json\/wp\/v2\/comments?post=62436"}],"version-history":[{"count":1,"href":"https:\/\/lasentinelle.dz\/index.php\/wp-json\/wp\/v2\/posts\/62436\/revisions"}],"predecessor-version":[{"id":62438,"href":"https:\/\/lasentinelle.dz\/index.php\/wp-json\/wp\/v2\/posts\/62436\/revisions\/62438"}],"wp:featuredmedia":[{"embeddable":true,"href":"https:\/\/lasentinelle.dz\/index.php\/wp-json\/wp\/v2\/media\/62437"}],"wp:attachment":[{"href":"https:\/\/lasentinelle.dz\/index.php\/wp-json\/wp\/v2\/media?parent=62436"}],"wp:term":[{"taxonomy":"category","embeddable":true,"href":"https:\/\/lasentinelle.dz\/index.php\/wp-json\/wp\/v2\/categories?post=62436"},{"taxonomy":"post_tag","embeddable":true,"href":"https:\/\/lasentinelle.dz\/index.php\/wp-json\/wp\/v2\/tags?post=62436"}],"curies":[{"name":"wp","href":"https:\/\/api.w.org\/{rel}","templated":true}]}}