{"id":62439,"date":"2025-02-03T11:33:40","date_gmt":"2025-02-03T10:33:40","guid":{"rendered":"https:\/\/lasentinelle.dz\/?p=62439"},"modified":"2025-02-03T11:33:41","modified_gmt":"2025-02-03T10:33:41","slug":"faf-un-bilan-financier-solide-sous-la-presidence-sadi","status":"publish","type":"post","link":"https:\/\/lasentinelle.dz\/index.php\/2025\/02\/03\/faf-un-bilan-financier-solide-sous-la-presidence-sadi\/","title":{"rendered":"FAF : Un bilan financier solide sous la pr\u00e9sidence Sadi"},"content":{"rendered":"\n<p>Le Bureau F\u00e9d\u00e9ral de la F\u00e9d\u00e9ration Alg\u00e9rienne de Football s&rsquo;est r\u00e9uni jeudi au Centre Technique National de Sidi Moussa pour sa derni\u00e8re session du mandat 2021-2025. Cette r\u00e9union, pr\u00e9sid\u00e9e par Walid Sadi, a \u00e9t\u00e9 l&rsquo;occasion de dresser un bilan positif des seize derniers mois et de tracer les perspectives pour l&rsquo;ensemble des s\u00e9lections nationales. Un bilan marqu\u00e9 par l&rsquo;annonce d&rsquo;un r\u00e9sultat financier positif remarquable et la pr\u00e9sentation d&rsquo;un programme ambitieux pour l&rsquo;ensemble des s\u00e9lections nationales.<\/p>\n\n\n\n<p>En effet, apr\u00e8s plusieurs ann\u00e9es o\u00f9 les comptes \u00e9taient dans le rouge, la F\u00e9d\u00e9ration alg\u00e9rienne de football (FAF) a annonc\u00e9 avoir cl\u00f4tur\u00e9 l\u2019ann\u00e9e 2024 sur une note positive, avec un exc\u00e9dent budg\u00e9taire significatif. La sant\u00e9 financi\u00e8re de la FAF se r\u00e9v\u00e8le particuli\u00e8rement robuste, avec un exc\u00e9dent net de plus de 4,48 milliards de dinars pour l&rsquo;exercice 2024, comme l&rsquo;a d\u00e9taill\u00e9 Djamil Ould Ammar, responsable de la commission des finances. Ce r\u00e9sultat positif, d\u00fbment valid\u00e9 par le commissaire aux comptes dans son rapport annuel, t\u00e9moigne d&rsquo;une gestion rigoureuse des ressources de la f\u00e9d\u00e9ration. Le Bureau F\u00e9d\u00e9ral a \u00e9galement approuv\u00e9 le budget pr\u00e9visionnel 2025, qui sera prochainement soumis \u00e0 l&rsquo;assembl\u00e9e g\u00e9n\u00e9rale, laissant entrevoir de nouvelles perspectives de d\u00e9veloppement pour le football national. Une situation qui contraste avec le d\u00e9ficit de 700 milliards de dinars de passifs laiss\u00e9s par les pr\u00e9d\u00e9cesseurs de la Walid Sadi.<\/p>\n\n\n\n<p>Sur le plan sportif, le bilan de la FAF met en avant des r\u00e9sultats positifs de 16 mois de gestion sous la direction de Sadi.<\/p>\n\n\n\n<p>La bonne sant\u00e9 financi\u00e8re de la f\u00e9d\u00e9ration permet ainsi de soutenir activement le d\u00e9veloppement des infrastructures. Le Centre Technique R\u00e9gional de Tlemcen entre dans sa phase finale de r\u00e9alisation, avec une mise en exploitation pr\u00e9vue fin mai 2025. Cet investissement strat\u00e9gique comprend la finalisation des terrains, de l&rsquo;\u00e9clairage et des \u00e9quipements, illustrant la volont\u00e9 de la FAF de doter le football alg\u00e9rien d&rsquo;installations modernes. La modernisation de l&rsquo;arbitrage se poursuit avec l&rsquo;acquisition de quatre stations VAR, financ\u00e9e par le programme FIFA\/FORWARD. Plusieurs arbitres alg\u00e9riens participeront aux stages de pr\u00e9s\u00e9lection pour les grandes comp\u00e9titions internationales : Mustapha Ghorbal, Youcef Gamouh et Lahlou Benbraham pour le Mondial 2026, et Ghada Mehat pour la Coupe du Monde f\u00e9minine 2027.<\/p>\n\n\n\n<p>Sur le plan sportif, la r\u00e9union du BF a permis de faire le point sur l\u2019\u00e9volution des s\u00e9lections nationales, alors que les prochaines semaines s\u2019annoncent studieuses. L&rsquo;\u00e9quipe nationale A, qui poursuit sa campagne qualificative pour la Coupe du Monde FIFA 2026, s&rsquo;appr\u00eate \u00e0 vivre un mois de mars crucial. Les Fennecs se d\u00e9placeront \u00e0 Gaborone pour d\u00e9fier le Botswana avant de recevoir le Mozambique dans l&rsquo;antre du stade Hocine A\u00eft Ahmed de Tizi-Ouzou. Ces deux rencontres, programm\u00e9es respectivement les 17 et 25 mars, pourraient s&rsquo;av\u00e9rer d\u00e9cisives dans la course \u00e0 la qualification. Mais l&rsquo;horizon des Verts ne se limite pas \u00e0 ces \u00e9ch\u00e9ances. La CAF a d\u00e9voil\u00e9 le calendrier de la phase finale de la CAN 2025, o\u00f9 l&rsquo;Alg\u00e9rie h\u00e9rite d&rsquo;un groupe relev\u00e9. Les hommes de Vladimir Petkovicd\u00e9buteront leur campagne face au Soudan le 24 d\u00e9cembre, avant d&rsquo;encha\u00eener contre le Burkina Faso le 28 d\u00e9cembre et de cl\u00f4turer la phase de poules face \u00e0 la Guin\u00e9e \u00c9quatoriale le 31 d\u00e9cembre. Du c\u00f4t\u00e9 de l&rsquo;\u00e9quipe A&rsquo;, Madjid Bougherra et ses prot\u00e9g\u00e9s ne ch\u00f4meront pas en 2025. Un premier stage de pr\u00e9paration est programm\u00e9 en mars, en vue du CHAN pr\u00e9vu en ao\u00fbt et de la Coupe Arabe qui se tiendra en d\u00e9cembre. Une double \u00e9ch\u00e9ance qui permettra aux locaux de briller sur la sc\u00e8ne continentale et r\u00e9gionale. La formation n&rsquo;est pas en reste, puisque les s\u00e9lections U17 et U20 masculines vont \u00eatre relanc\u00e9es avec un objectif clair : pr\u00e9parer les \u00e9liminatoires de la Coupe du Monde 2026. Un programme de d\u00e9tection et de pr\u00e9paration rigoureux sera mis en place pour ces jeunes talents qui repr\u00e9sentent l&rsquo;avenir du football alg\u00e9rien. Le football f\u00e9minin conna\u00eet \u00e9galement une dynamique positive. La s\u00e9lection senior s&rsquo;appr\u00eate \u00e0 disputer les \u00e9liminatoires de la CAN 2026, avec un d\u00e9placement p\u00e9rilleux \u00e0 Djouba pour affronter le Soudan du Sud, avant le match retour pr\u00e9vu \u00e0 Blida. En cas de qualification, les Vertes croiseront le fer avec le redoutable Cameroun en octobre 2025. Les jeunes Alg\u00e9riennes ne sont pas en reste. La s\u00e9lection U20 se pr\u00e9pare activement pour les \u00e9liminatoires du Mondial 2026, avec un double affrontement face au S\u00e9n\u00e9gal en septembre 2025. Quant aux U17, qualifi\u00e9es aux d\u00e9pens de la Tunisie, elles d\u00e9fieront le Botswana en mars 2025 dans le cadre des \u00e9liminatoires de leur Coupe du Monde.<\/p>\n\n\n\n<p>Le futsal n&rsquo;est pas oubli\u00e9, avec pas moins de sept fen\u00eatres FIFA programm\u00e9es tout au long de l&rsquo;ann\u00e9e 2025 pour pr\u00e9parer le Championnat d&rsquo;Afrique pr\u00e9vu d\u00e9but 2026. Un calendrier dense qui t\u00e9moigne de l&rsquo;ambition de la FAF dans cette discipline en pleine expansion. La rel\u00e8ve est \u00e9galement assur\u00e9e avec la brillante qualification de la s\u00e9lection scolaire U15 (gar\u00e7ons et filles) pour le championnat d&rsquo;Afrique de mai 2025, obtenue lors du tournoi UNAF \u00e0 Oran. Une performance qui valide la politique de d\u00e9veloppement du football scolaire men\u00e9e par la f\u00e9d\u00e9ration. Cette derni\u00e8re session du Bureau F\u00e9d\u00e9ral aura donc mis en lumi\u00e8re une double r\u00e9ussite : sportive avec des projets ambitieux pour toutes les s\u00e9lections nationales, et financi\u00e8re avec des comptes exc\u00e9dentaires qui permettent d&rsquo;envisager sereinement l&rsquo;avenir du football alg\u00e9rien. L&rsquo;assembl\u00e9e g\u00e9n\u00e9rale du 1er f\u00e9vrier 2025 devrait valider ces orientations, avant l&rsquo;\u00e9lection d&rsquo;un nouveau bureau f\u00e9d\u00e9ral le 25 f\u00e9vrier prochain.<\/p>\n\n\n\n<p>Moncef Dahleb<\/p>\n","protected":false},"excerpt":{"rendered":"<p>Le Bureau F\u00e9d\u00e9ral de la F\u00e9d\u00e9ration Alg\u00e9rienne de Football s&rsquo;est r\u00e9uni jeudi au Centre Technique National de Sidi Moussa pour<\/p>\n","protected":false},"author":6,"featured_media":62440,"comment_status":"open","ping_status":"closed","sticky":false,"template":"","format":"standard","meta":{"colormag_page_container_layout":"default_layout","colormag_page_sidebar_layout":"default_layout","om_disable_all_campaigns":false,"_monsterinsights_skip_tracking":false,"_monsterinsights_sitenote_active":false,"_monsterinsights_sitenote_note":"","_monsterinsights_sitenote_category":0,"footnotes":"","_wpscppro_dont_share_socialmedia":false,"_wpscppro_custom_social_share_image":0,"_facebook_share_type":"default","_twitter_share_type":"default","_linkedin_share_type":"default","_pinterest_share_type":"default","_linkedin_share_type_page":"","_instagram_share_type":"default","_medium_share_type":"default","_threads_share_type":"","_google_business_share_type":"","_selected_social_profile":[],"_wpsp_enable_custom_social_template":false,"_wpsp_social_scheduling":{"enabled":false,"datetime":null,"platforms":[],"status":"template_only","dateOption":"today","timeOption":"now","customDays":"","customHours":"","customDate":"","customTime":"","schedulingType":"absolute"},"_wpsp_active_default_template":true},"categories":[52,33],"tags":[],"class_list":["post-62439","post","type-post","status-publish","format-standard","has-post-thumbnail","hentry","category-a-la-une","category-sports"],"aioseo_notices":[],"yoast_head":"<!-- This site is optimized with the Yoast SEO plugin v27.5 - https:\/\/yoast.com\/product\/yoast-seo-wordpress\/ -->\n<title>FAF : Un bilan financier solide sous la pr\u00e9sidence Sadi - La Sentinelle<\/title>\n<meta name=\"robots\" content=\"index, follow, max-snippet:-1, max-image-preview:large, max-video-preview:-1\" \/>\n<link rel=\"canonical\" href=\"https:\/\/lasentinelle.dz\/index.php\/2025\/02\/03\/faf-un-bilan-financier-solide-sous-la-presidence-sadi\/\" \/>\n<meta property=\"og:locale\" content=\"fr_FR\" \/>\n<meta property=\"og:type\" content=\"article\" \/>\n<meta property=\"og:title\" content=\"FAF : Un bilan financier solide sous la pr\u00e9sidence Sadi - La Sentinelle\" \/>\n<meta property=\"og:description\" content=\"Le Bureau F\u00e9d\u00e9ral de la F\u00e9d\u00e9ration Alg\u00e9rienne de Football s&rsquo;est r\u00e9uni jeudi au Centre Technique National de Sidi Moussa pour\" \/>\n<meta property=\"og:url\" content=\"https:\/\/lasentinelle.dz\/index.php\/2025\/02\/03\/faf-un-bilan-financier-solide-sous-la-presidence-sadi\/\" \/>\n<meta property=\"og:site_name\" content=\"La Sentinelle\" \/>\n<meta property=\"article:publisher\" content=\"https:\/\/www.facebook.com\/La-Sentinelle-104059864394773\" \/>\n<meta property=\"article:published_time\" content=\"2025-02-03T10:33:40+00:00\" \/>\n<meta property=\"article:modified_time\" content=\"2025-02-03T10:33:41+00:00\" \/>\n<meta property=\"og:image\" content=\"https:\/\/lasentinelle.dz\/wp-content\/uploads\/2025\/02\/Sadi-1.jpeg\" \/>\n\t<meta property=\"og:image:width\" content=\"2400\" \/>\n\t<meta property=\"og:image:height\" content=\"1600\" \/>\n\t<meta property=\"og:image:type\" content=\"image\/jpeg\" \/>\n<meta name=\"author\" content=\"admin\" \/>\n<meta name=\"twitter:card\" content=\"summary_large_image\" \/>\n<meta name=\"twitter:label1\" content=\"\u00c9crit par\" \/>\n\t<meta name=\"twitter:data1\" content=\"admin\" \/>\n\t<meta name=\"twitter:label2\" content=\"Dur\u00e9e de lecture estim\u00e9e\" \/>\n\t<meta name=\"twitter:data2\" content=\"5 minutes\" \/>\n<script type=\"application\/ld+json\" class=\"yoast-schema-graph\">{\"@context\":\"https:\\\/\\\/schema.org\",\"@graph\":[{\"@type\":\"Article\",\"@id\":\"https:\\\/\\\/lasentinelle.dz\\\/index.php\\\/2025\\\/02\\\/03\\\/faf-un-bilan-financier-solide-sous-la-presidence-sadi\\\/#article\",\"isPartOf\":{\"@id\":\"https:\\\/\\\/lasentinelle.dz\\\/index.php\\\/2025\\\/02\\\/03\\\/faf-un-bilan-financier-solide-sous-la-presidence-sadi\\\/\"},\"author\":{\"name\":\"admin\",\"@id\":\"https:\\\/\\\/lasentinelle.dz\\\/#\\\/schema\\\/person\\\/729ee0024f24e0b8c5ec17232f8e8b41\"},\"headline\":\"FAF : Un bilan financier solide sous la pr\u00e9sidence Sadi\",\"datePublished\":\"2025-02-03T10:33:40+00:00\",\"dateModified\":\"2025-02-03T10:33:41+00:00\",\"mainEntityOfPage\":{\"@id\":\"https:\\\/\\\/lasentinelle.dz\\\/index.php\\\/2025\\\/02\\\/03\\\/faf-un-bilan-financier-solide-sous-la-presidence-sadi\\\/\"},\"wordCount\":1042,\"commentCount\":0,\"publisher\":{\"@id\":\"https:\\\/\\\/lasentinelle.dz\\\/#organization\"},\"image\":{\"@id\":\"https:\\\/\\\/lasentinelle.dz\\\/index.php\\\/2025\\\/02\\\/03\\\/faf-un-bilan-financier-solide-sous-la-presidence-sadi\\\/#primaryimage\"},\"thumbnailUrl\":\"https:\\\/\\\/lasentinelle.dz\\\/wp-content\\\/uploads\\\/2025\\\/02\\\/Sadi-1.jpeg\",\"articleSection\":[\"\u00c0 la Une\",\"Sports\"],\"inLanguage\":\"fr-FR\",\"potentialAction\":[{\"@type\":\"CommentAction\",\"name\":\"Comment\",\"target\":[\"https:\\\/\\\/lasentinelle.dz\\\/index.php\\\/2025\\\/02\\\/03\\\/faf-un-bilan-financier-solide-sous-la-presidence-sadi\\\/#respond\"]}]},{\"@type\":\"WebPage\",\"@id\":\"https:\\\/\\\/lasentinelle.dz\\\/index.php\\\/2025\\\/02\\\/03\\\/faf-un-bilan-financier-solide-sous-la-presidence-sadi\\\/\",\"url\":\"https:\\\/\\\/lasentinelle.dz\\\/index.php\\\/2025\\\/02\\\/03\\\/faf-un-bilan-financier-solide-sous-la-presidence-sadi\\\/\",\"name\":\"FAF : Un bilan financier solide sous la pr\u00e9sidence Sadi - La Sentinelle\",\"isPartOf\":{\"@id\":\"https:\\\/\\\/lasentinelle.dz\\\/#website\"},\"primaryImageOfPage\":{\"@id\":\"https:\\\/\\\/lasentinelle.dz\\\/index.php\\\/2025\\\/02\\\/03\\\/faf-un-bilan-financier-solide-sous-la-presidence-sadi\\\/#primaryimage\"},\"image\":{\"@id\":\"https:\\\/\\\/lasentinelle.dz\\\/index.php\\\/2025\\\/02\\\/03\\\/faf-un-bilan-financier-solide-sous-la-presidence-sadi\\\/#primaryimage\"},\"thumbnailUrl\":\"https:\\\/\\\/lasentinelle.dz\\\/wp-content\\\/uploads\\\/2025\\\/02\\\/Sadi-1.jpeg\",\"datePublished\":\"2025-02-03T10:33:40+00:00\",\"dateModified\":\"2025-02-03T10:33:41+00:00\",\"breadcrumb\":{\"@id\":\"https:\\\/\\\/lasentinelle.dz\\\/index.php\\\/2025\\\/02\\\/03\\\/faf-un-bilan-financier-solide-sous-la-presidence-sadi\\\/#breadcrumb\"},\"inLanguage\":\"fr-FR\",\"potentialAction\":[{\"@type\":\"ReadAction\",\"target\":[\"https:\\\/\\\/lasentinelle.dz\\\/index.php\\\/2025\\\/02\\\/03\\\/faf-un-bilan-financier-solide-sous-la-presidence-sadi\\\/\"]}]},{\"@type\":\"ImageObject\",\"inLanguage\":\"fr-FR\",\"@id\":\"https:\\\/\\\/lasentinelle.dz\\\/index.php\\\/2025\\\/02\\\/03\\\/faf-un-bilan-financier-solide-sous-la-presidence-sadi\\\/#primaryimage\",\"url\":\"https:\\\/\\\/lasentinelle.dz\\\/wp-content\\\/uploads\\\/2025\\\/02\\\/Sadi-1.jpeg\",\"contentUrl\":\"https:\\\/\\\/lasentinelle.dz\\\/wp-content\\\/uploads\\\/2025\\\/02\\\/Sadi-1.jpeg\",\"width\":2400,\"height\":1600},{\"@type\":\"BreadcrumbList\",\"@id\":\"https:\\\/\\\/lasentinelle.dz\\\/index.php\\\/2025\\\/02\\\/03\\\/faf-un-bilan-financier-solide-sous-la-presidence-sadi\\\/#breadcrumb\",\"itemListElement\":[{\"@type\":\"ListItem\",\"position\":1,\"name\":\"Accueil\",\"item\":\"https:\\\/\\\/lasentinelle.dz\\\/\"},{\"@type\":\"ListItem\",\"position\":2,\"name\":\"FAF : Un bilan financier solide sous la pr\u00e9sidence Sadi\"}]},{\"@type\":\"WebSite\",\"@id\":\"https:\\\/\\\/lasentinelle.dz\\\/#website\",\"url\":\"https:\\\/\\\/lasentinelle.dz\\\/\",\"name\":\"La Sentinelle\",\"description\":\"Quotidien national d&#039;information\",\"publisher\":{\"@id\":\"https:\\\/\\\/lasentinelle.dz\\\/#organization\"},\"potentialAction\":[{\"@type\":\"SearchAction\",\"target\":{\"@type\":\"EntryPoint\",\"urlTemplate\":\"https:\\\/\\\/lasentinelle.dz\\\/?s={search_term_string}\"},\"query-input\":{\"@type\":\"PropertyValueSpecification\",\"valueRequired\":true,\"valueName\":\"search_term_string\"}}],\"inLanguage\":\"fr-FR\"},{\"@type\":\"Organization\",\"@id\":\"https:\\\/\\\/lasentinelle.dz\\\/#organization\",\"name\":\"Quotidien La Sentinelle\",\"url\":\"https:\\\/\\\/lasentinelle.dz\\\/\",\"logo\":{\"@type\":\"ImageObject\",\"inLanguage\":\"fr-FR\",\"@id\":\"https:\\\/\\\/lasentinelle.dz\\\/#\\\/schema\\\/logo\\\/image\\\/\",\"url\":\"https:\\\/\\\/lasentinelle.dz\\\/wp-content\\\/uploads\\\/2021\\\/09\\\/logo-sentinelleSLOGAN-1.png\",\"contentUrl\":\"https:\\\/\\\/lasentinelle.dz\\\/wp-content\\\/uploads\\\/2021\\\/09\\\/logo-sentinelleSLOGAN-1.png\",\"width\":615,\"height\":142,\"caption\":\"Quotidien La Sentinelle\"},\"image\":{\"@id\":\"https:\\\/\\\/lasentinelle.dz\\\/#\\\/schema\\\/logo\\\/image\\\/\"},\"sameAs\":[\"https:\\\/\\\/www.facebook.com\\\/La-Sentinelle-104059864394773\"]},{\"@type\":\"Person\",\"@id\":\"https:\\\/\\\/lasentinelle.dz\\\/#\\\/schema\\\/person\\\/729ee0024f24e0b8c5ec17232f8e8b41\",\"name\":\"admin\",\"image\":{\"@type\":\"ImageObject\",\"inLanguage\":\"fr-FR\",\"@id\":\"https:\\\/\\\/secure.gravatar.com\\\/avatar\\\/4c81fed838786e9b53f540bf46533e750f5d292099ae3b66cfc6fb1982e29df7?s=96&d=mm&r=g\",\"url\":\"https:\\\/\\\/secure.gravatar.com\\\/avatar\\\/4c81fed838786e9b53f540bf46533e750f5d292099ae3b66cfc6fb1982e29df7?s=96&d=mm&r=g\",\"contentUrl\":\"https:\\\/\\\/secure.gravatar.com\\\/avatar\\\/4c81fed838786e9b53f540bf46533e750f5d292099ae3b66cfc6fb1982e29df7?s=96&d=mm&r=g\",\"caption\":\"admin\"},\"description\":\"admin\",\"url\":\"https:\\\/\\\/lasentinelle.dz\\\/author\\\/admin\\\/\"}]}<\/script>\n<!-- \/ Yoast SEO plugin. -->","yoast_head_json":{"title":"FAF : Un bilan financier solide sous la pr\u00e9sidence Sadi - La Sentinelle","robots":{"index":"index","follow":"follow","max-snippet":"max-snippet:-1","max-image-preview":"max-image-preview:large","max-video-preview":"max-video-preview:-1"},"canonical":"https:\/\/lasentinelle.dz\/index.php\/2025\/02\/03\/faf-un-bilan-financier-solide-sous-la-presidence-sadi\/","og_locale":"fr_FR","og_type":"article","og_title":"FAF : Un bilan financier solide sous la pr\u00e9sidence Sadi - La Sentinelle","og_description":"Le Bureau F\u00e9d\u00e9ral de la F\u00e9d\u00e9ration Alg\u00e9rienne de Football s&rsquo;est r\u00e9uni jeudi au Centre Technique National de Sidi Moussa pour","og_url":"https:\/\/lasentinelle.dz\/index.php\/2025\/02\/03\/faf-un-bilan-financier-solide-sous-la-presidence-sadi\/","og_site_name":"La Sentinelle","article_publisher":"https:\/\/www.facebook.com\/La-Sentinelle-104059864394773","article_published_time":"2025-02-03T10:33:40+00:00","article_modified_time":"2025-02-03T10:33:41+00:00","og_image":[{"width":2400,"height":1600,"url":"https:\/\/lasentinelle.dz\/wp-content\/uploads\/2025\/02\/Sadi-1.jpeg","type":"image\/jpeg"}],"author":"admin","twitter_card":"summary_large_image","twitter_misc":{"\u00c9crit par":"admin","Dur\u00e9e de lecture estim\u00e9e":"5 minutes"},"schema":{"@context":"https:\/\/schema.org","@graph":[{"@type":"Article","@id":"https:\/\/lasentinelle.dz\/index.php\/2025\/02\/03\/faf-un-bilan-financier-solide-sous-la-presidence-sadi\/#article","isPartOf":{"@id":"https:\/\/lasentinelle.dz\/index.php\/2025\/02\/03\/faf-un-bilan-financier-solide-sous-la-presidence-sadi\/"},"author":{"name":"admin","@id":"https:\/\/lasentinelle.dz\/#\/schema\/person\/729ee0024f24e0b8c5ec17232f8e8b41"},"headline":"FAF : Un bilan financier solide sous la pr\u00e9sidence Sadi","datePublished":"2025-02-03T10:33:40+00:00","dateModified":"2025-02-03T10:33:41+00:00","mainEntityOfPage":{"@id":"https:\/\/lasentinelle.dz\/index.php\/2025\/02\/03\/faf-un-bilan-financier-solide-sous-la-presidence-sadi\/"},"wordCount":1042,"commentCount":0,"publisher":{"@id":"https:\/\/lasentinelle.dz\/#organization"},"image":{"@id":"https:\/\/lasentinelle.dz\/index.php\/2025\/02\/03\/faf-un-bilan-financier-solide-sous-la-presidence-sadi\/#primaryimage"},"thumbnailUrl":"https:\/\/lasentinelle.dz\/wp-content\/uploads\/2025\/02\/Sadi-1.jpeg","articleSection":["\u00c0 la Une","Sports"],"inLanguage":"fr-FR","potentialAction":[{"@type":"CommentAction","name":"Comment","target":["https:\/\/lasentinelle.dz\/index.php\/2025\/02\/03\/faf-un-bilan-financier-solide-sous-la-presidence-sadi\/#respond"]}]},{"@type":"WebPage","@id":"https:\/\/lasentinelle.dz\/index.php\/2025\/02\/03\/faf-un-bilan-financier-solide-sous-la-presidence-sadi\/","url":"https:\/\/lasentinelle.dz\/index.php\/2025\/02\/03\/faf-un-bilan-financier-solide-sous-la-presidence-sadi\/","name":"FAF : Un bilan financier solide sous la pr\u00e9sidence Sadi - La Sentinelle","isPartOf":{"@id":"https:\/\/lasentinelle.dz\/#website"},"primaryImageOfPage":{"@id":"https:\/\/lasentinelle.dz\/index.php\/2025\/02\/03\/faf-un-bilan-financier-solide-sous-la-presidence-sadi\/#primaryimage"},"image":{"@id":"https:\/\/lasentinelle.dz\/index.php\/2025\/02\/03\/faf-un-bilan-financier-solide-sous-la-presidence-sadi\/#primaryimage"},"thumbnailUrl":"https:\/\/lasentinelle.dz\/wp-content\/uploads\/2025\/02\/Sadi-1.jpeg","datePublished":"2025-02-03T10:33:40+00:00","dateModified":"2025-02-03T10:33:41+00:00","breadcrumb":{"@id":"https:\/\/lasentinelle.dz\/index.php\/2025\/02\/03\/faf-un-bilan-financier-solide-sous-la-presidence-sadi\/#breadcrumb"},"inLanguage":"fr-FR","potentialAction":[{"@type":"ReadAction","target":["https:\/\/lasentinelle.dz\/index.php\/2025\/02\/03\/faf-un-bilan-financier-solide-sous-la-presidence-sadi\/"]}]},{"@type":"ImageObject","inLanguage":"fr-FR","@id":"https:\/\/lasentinelle.dz\/index.php\/2025\/02\/03\/faf-un-bilan-financier-solide-sous-la-presidence-sadi\/#primaryimage","url":"https:\/\/lasentinelle.dz\/wp-content\/uploads\/2025\/02\/Sadi-1.jpeg","contentUrl":"https:\/\/lasentinelle.dz\/wp-content\/uploads\/2025\/02\/Sadi-1.jpeg","width":2400,"height":1600},{"@type":"BreadcrumbList","@id":"https:\/\/lasentinelle.dz\/index.php\/2025\/02\/03\/faf-un-bilan-financier-solide-sous-la-presidence-sadi\/#breadcrumb","itemListElement":[{"@type":"ListItem","position":1,"name":"Accueil","item":"https:\/\/lasentinelle.dz\/"},{"@type":"ListItem","position":2,"name":"FAF : Un bilan financier solide sous la pr\u00e9sidence Sadi"}]},{"@type":"WebSite","@id":"https:\/\/lasentinelle.dz\/#website","url":"https:\/\/lasentinelle.dz\/","name":"La Sentinelle","description":"Quotidien national d&#039;information","publisher":{"@id":"https:\/\/lasentinelle.dz\/#organization"},"potentialAction":[{"@type":"SearchAction","target":{"@type":"EntryPoint","urlTemplate":"https:\/\/lasentinelle.dz\/?s={search_term_string}"},"query-input":{"@type":"PropertyValueSpecification","valueRequired":true,"valueName":"search_term_string"}}],"inLanguage":"fr-FR"},{"@type":"Organization","@id":"https:\/\/lasentinelle.dz\/#organization","name":"Quotidien La Sentinelle","url":"https:\/\/lasentinelle.dz\/","logo":{"@type":"ImageObject","inLanguage":"fr-FR","@id":"https:\/\/lasentinelle.dz\/#\/schema\/logo\/image\/","url":"https:\/\/lasentinelle.dz\/wp-content\/uploads\/2021\/09\/logo-sentinelleSLOGAN-1.png","contentUrl":"https:\/\/lasentinelle.dz\/wp-content\/uploads\/2021\/09\/logo-sentinelleSLOGAN-1.png","width":615,"height":142,"caption":"Quotidien La Sentinelle"},"image":{"@id":"https:\/\/lasentinelle.dz\/#\/schema\/logo\/image\/"},"sameAs":["https:\/\/www.facebook.com\/La-Sentinelle-104059864394773"]},{"@type":"Person","@id":"https:\/\/lasentinelle.dz\/#\/schema\/person\/729ee0024f24e0b8c5ec17232f8e8b41","name":"admin","image":{"@type":"ImageObject","inLanguage":"fr-FR","@id":"https:\/\/secure.gravatar.com\/avatar\/4c81fed838786e9b53f540bf46533e750f5d292099ae3b66cfc6fb1982e29df7?s=96&d=mm&r=g","url":"https:\/\/secure.gravatar.com\/avatar\/4c81fed838786e9b53f540bf46533e750f5d292099ae3b66cfc6fb1982e29df7?s=96&d=mm&r=g","contentUrl":"https:\/\/secure.gravatar.com\/avatar\/4c81fed838786e9b53f540bf46533e750f5d292099ae3b66cfc6fb1982e29df7?s=96&d=mm&r=g","caption":"admin"},"description":"admin","url":"https:\/\/lasentinelle.dz\/author\/admin\/"}]}},"_links":{"self":[{"href":"https:\/\/lasentinelle.dz\/index.php\/wp-json\/wp\/v2\/posts\/62439","targetHints":{"allow":["GET"]}}],"collection":[{"href":"https:\/\/lasentinelle.dz\/index.php\/wp-json\/wp\/v2\/posts"}],"about":[{"href":"https:\/\/lasentinelle.dz\/index.php\/wp-json\/wp\/v2\/types\/post"}],"author":[{"embeddable":true,"href":"https:\/\/lasentinelle.dz\/index.php\/wp-json\/wp\/v2\/users\/6"}],"replies":[{"embeddable":true,"href":"https:\/\/lasentinelle.dz\/index.php\/wp-json\/wp\/v2\/comments?post=62439"}],"version-history":[{"count":1,"href":"https:\/\/lasentinelle.dz\/index.php\/wp-json\/wp\/v2\/posts\/62439\/revisions"}],"predecessor-version":[{"id":62441,"href":"https:\/\/lasentinelle.dz\/index.php\/wp-json\/wp\/v2\/posts\/62439\/revisions\/62441"}],"wp:featuredmedia":[{"embeddable":true,"href":"https:\/\/lasentinelle.dz\/index.php\/wp-json\/wp\/v2\/media\/62440"}],"wp:attachment":[{"href":"https:\/\/lasentinelle.dz\/index.php\/wp-json\/wp\/v2\/media?parent=62439"}],"wp:term":[{"taxonomy":"category","embeddable":true,"href":"https:\/\/lasentinelle.dz\/index.php\/wp-json\/wp\/v2\/categories?post=62439"},{"taxonomy":"post_tag","embeddable":true,"href":"https:\/\/lasentinelle.dz\/index.php\/wp-json\/wp\/v2\/tags?post=62439"}],"curies":[{"name":"wp","href":"https:\/\/api.w.org\/{rel}","templated":true}]}}