{"id":62457,"date":"2025-02-03T11:42:05","date_gmt":"2025-02-03T10:42:05","guid":{"rendered":"https:\/\/lasentinelle.dz\/?p=62457"},"modified":"2025-02-03T11:42:06","modified_gmt":"2025-02-03T10:42:06","slug":"finances-un-plan-pour-reduire-les-depenses-de-letat","status":"publish","type":"post","link":"https:\/\/lasentinelle.dz\/index.php\/2025\/02\/03\/finances-un-plan-pour-reduire-les-depenses-de-letat\/","title":{"rendered":"Finances: Un plan pour r\u00e9duire les d\u00e9penses de l\u2019\u00c9tat"},"content":{"rendered":"\n<p>Dans un contexte \u00e9conomique marqu\u00e9 par des besoins croissants, le gouvernement vient de d\u00e9voiler une s\u00e9rie de mesures visant \u00e0 rationaliser et ma\u00eetriser les d\u00e9penses publiques et r\u00e9duire le train de vie de l\u2019\u00c9tat. Cette initiative, d\u00e9taill\u00e9e dans une nouvelle instruction minist\u00e9rielle, s&rsquo;inscrit dans une d\u00e9marche globale de modernisation et d&rsquo;optimisation de la gestion des deniers publics.<\/p>\n\n\n\n<p>La r\u00e9forme s&rsquo;articule autour de plusieurs axes majeurs, avec comme objectif principal d&rsquo;assurer une utilisation plus efficiente des ressources tout en maintenant la qualit\u00e9 des services publics. Face \u00e0 une demande croissante de services publics performants, l&rsquo;\u00c9tat entend adopter des pratiques de gestion plus rigoureuses pour lutter contre les gaspillages et am\u00e9liorer la transparence des d\u00e9penses publiques. Dans ce sens, le minist\u00e8re des Finances a adress\u00e9 une note dat\u00e9e du 22 janvier aux diff\u00e9rents d\u00e9partements minist\u00e9riels listant les diff\u00e9rentes mesures et dispositions \u00e0 mettre en place imp\u00e9rativement pour r\u00e9duire les d\u00e9penses de fonctionnements de l\u2019\u00c9tat.<\/p>\n\n\n\n<p>Le premier volet de cette r\u00e9forme concerne la ma\u00eetrise des d\u00e9penses de personnel, qui repr\u00e9sentent une part significative du budget de l&rsquo;\u00c9tat. Ces charges, par nature permanentes et difficilement compressibles, feront l&rsquo;objet d&rsquo;une attention particuli\u00e8re. L&rsquo;objectif est d&rsquo;optimiser l&rsquo;utilisation des ressources humaines tout en pr\u00e9servant la qualit\u00e9 du service public. Cette approche implique une gestion plus strat\u00e9gique des effectifs et une meilleure allocation des comp\u00e9tences au sein des services. Les d\u00e9penses de fonctionnement constituent le deuxi\u00e8me axe majeur de cette r\u00e9forme. Une attention particuli\u00e8re est port\u00e9e aux charges annexes, notamment la consommation d&rsquo;\u00e9lectricit\u00e9, d&rsquo;eau et de t\u00e9l\u00e9phone. L&rsquo;instruction pr\u00e9voit une s\u00e9rie de mesures concr\u00e8tes pour r\u00e9duire ces co\u00fbts. Les responsables administratifs devront notamment veiller \u00e0 une utilisation plus rationnelle des ressources \u00e9nerg\u00e9tiques, en adoptant une approche \u00e0 la fois \u00e9conomique et environnementale. La gestion des logements de fonction fait \u00e9galement l&rsquo;objet d&rsquo;un encadrement plus strict, avec l&rsquo;obligation pour les occupants de supporter leurs charges annexes conform\u00e9ment aux textes en vigueur. Dans le domaine des communications, l&rsquo;utilisation des t\u00e9l\u00e9phones fixes et mobiles sera d\u00e9sormais strictement encadr\u00e9e et r\u00e9serv\u00e9e aux besoins de service. Les abonnements \u00e0 la presse \u00e9crite seront \u00e9galement rationalis\u00e9s, tenant compte de l&rsquo;\u00e9volution des technologies de l&rsquo;information. Ces abonnements seront limit\u00e9s aux fonctions sup\u00e9rieures de cat\u00e9gorie E et plus, ainsi qu&rsquo;aux services charg\u00e9s de la documentation et de la communication, avec un maximum de trois journaux. La modernisation des pratiques administratives constitue un autre aspect important de cette r\u00e9forme. L&rsquo;accent est mis sur la r\u00e9duction de la consommation de fournitures de bureau, notamment la papeterie, en privil\u00e9giant l&rsquo;usage des nouvelles technologies de l&rsquo;information et de la communication. Le recours \u00e0 la signature \u00e9lectronique sera encourag\u00e9 pour la transmission des documents et courriers. Les d\u00e9placements professionnels font \u00e9galement l&rsquo;objet d&rsquo;une attention particuli\u00e8re. L&rsquo;instruction pr\u00e9conise une r\u00e9duction de la composition des d\u00e9l\u00e9gations au strict n\u00e9cessaire, avec une pr\u00e9f\u00e9rence pour les moyens de transport collectif et \u00e9conomique. Les missions devront \u00eatre limit\u00e9es aux cas r\u00e9ellement indispensables, en privil\u00e9giant le recours aux techniques de communication \u00e0 distance comme la visioconf\u00e9rence. L&rsquo;utilisation des infrastructures appartenant \u00e0 l&rsquo;administration sera favoris\u00e9e pour l&rsquo;h\u00e9bergement des agents en d\u00e9placement.<\/p>\n\n\n\n<p>Contrats de performance<\/p>\n\n\n\n<p>La gestion du parc automobile administratif n&rsquo;\u00e9chappe pas \u00e0 cette volont\u00e9 de rationalisation. Les textes juridiques r\u00e9gissant les v\u00e9hicules administratifs devront \u00eatre appliqu\u00e9s avec rigueur, en veillant \u00e0 une meilleure affectation et r\u00e9partition des v\u00e9hicules. Les b\u00e9n\u00e9ficiaires d&rsquo;indemnit\u00e9s compensatrices pour l&rsquo;utilisation de leur v\u00e9hicule personnel seront encourag\u00e9s \u00e0 faire usage de cette option, permettant ainsi de r\u00e9duire la taille des parcs automobiles administratifs. Un volet important de cette r\u00e9forme concerne les \u00e9tablissements publics sous tutelle. La cr\u00e9ation de nouveaux \u00e9tablissements publics \u00e0 caract\u00e8re administratif sera strictement encadr\u00e9e et soumise \u00e0 l&rsquo;accord pr\u00e9alable du Premier Ministre. L&rsquo;objectif est de ma\u00eetriser l&rsquo;\u00e9volution des d\u00e9penses d&rsquo;investissement, de fonctionnement et de personnel \u00e0 l&rsquo;\u00e9chelle nationale. Le regroupement d&rsquo;\u00e9tablissements aux missions similaires sera encourag\u00e9 pour concilier \u00e9conomie budg\u00e9taire et efficacit\u00e9 du service public. La r\u00e9forme pr\u00e9voit \u00e9galement un meilleur encadrement des subventions et contributions accord\u00e9es aux \u00e9tablissements publics, notamment celles destin\u00e9es au financement des suj\u00e9tions de service public. Une attention particuli\u00e8re sera port\u00e9e au train de vie des \u00e9tablissements publics \u00e0 caract\u00e8re industriel et commercial (EPIC) financ\u00e9s sur le budget de l&rsquo;\u00c9tat, avec notamment un encadrement des primes de d\u00e9part \u00e0 la retraite des cadres dirigeants. Enfin, l&rsquo;instruction met l&rsquo;accent sur l&rsquo;am\u00e9lioration du recouvrement des ressources. Les responsables des portefeuilles de programmes devront \u00e9laborer, en collaboration avec le Ministre des Finances, une feuille de route pr\u00e9cise dont la mise en \u0153uvre fera l&rsquo;objet d&rsquo;un suivi et d&rsquo;une \u00e9valuation p\u00e9riodique. L&rsquo;ensemble de ces mesures s&rsquo;inscrit dans le cadre d&rsquo;un Contrat d&rsquo;Objectifs et de Performance (COP) que chaque responsable de portefeuille de programmes est invit\u00e9 \u00e0 \u00e9laborer et \u00e0 mettre en place. Ce dispositif permettra d&rsquo;\u00e9valuer l&rsquo;efficacit\u00e9 des mesures prises et d&rsquo;assurer un suivi rigoureux de leur mise en \u0153uvre. Les services centraux et d\u00e9concentr\u00e9s, ainsi que les \u00e9tablissements sous tutelle, seront mobilis\u00e9s pour garantir le succ\u00e8s de cette r\u00e9forme ambitieuse visant \u00e0 moderniser la gestion des finances publiques tout en pr\u00e9servant la qualit\u00e9 du service public.<\/p>\n\n\n\n<p>Sabrina Aziouez<\/p>\n","protected":false},"excerpt":{"rendered":"<p>Dans un contexte \u00e9conomique marqu\u00e9 par des besoins croissants, le gouvernement vient de d\u00e9voiler une s\u00e9rie de mesures visant \u00e0<\/p>\n","protected":false},"author":6,"featured_media":11957,"comment_status":"open","ping_status":"closed","sticky":false,"template":"","format":"standard","meta":{"colormag_page_container_layout":"default_layout","colormag_page_sidebar_layout":"default_layout","om_disable_all_campaigns":false,"_monsterinsights_skip_tracking":false,"_monsterinsights_sitenote_active":false,"_monsterinsights_sitenote_note":"","_monsterinsights_sitenote_category":0,"footnotes":"","_wpscppro_dont_share_socialmedia":false,"_wpscppro_custom_social_share_image":0,"_facebook_share_type":"default","_twitter_share_type":"default","_linkedin_share_type":"default","_pinterest_share_type":"default","_linkedin_share_type_page":"","_instagram_share_type":"default","_medium_share_type":"default","_threads_share_type":"","_google_business_share_type":"","_selected_social_profile":[],"_wpsp_enable_custom_social_template":false,"_wpsp_social_scheduling":{"enabled":false,"datetime":null,"platforms":[],"status":"template_only","dateOption":"today","timeOption":"now","customDays":"","customHours":"","customDate":"","customTime":"","schedulingType":"absolute"},"_wpsp_active_default_template":true},"categories":[52,29],"tags":[],"class_list":["post-62457","post","type-post","status-publish","format-standard","has-post-thumbnail","hentry","category-a-la-une","category-economie"],"aioseo_notices":[],"yoast_head":"<!-- This site is optimized with the Yoast SEO plugin v27.5 - https:\/\/yoast.com\/product\/yoast-seo-wordpress\/ -->\n<title>Finances: Un plan pour r\u00e9duire les d\u00e9penses de l\u2019\u00c9tat - La Sentinelle<\/title>\n<meta name=\"robots\" content=\"index, follow, max-snippet:-1, max-image-preview:large, max-video-preview:-1\" \/>\n<link rel=\"canonical\" href=\"https:\/\/lasentinelle.dz\/index.php\/2025\/02\/03\/finances-un-plan-pour-reduire-les-depenses-de-letat\/\" \/>\n<meta property=\"og:locale\" content=\"fr_FR\" \/>\n<meta property=\"og:type\" content=\"article\" \/>\n<meta property=\"og:title\" content=\"Finances: Un plan pour r\u00e9duire les d\u00e9penses de l\u2019\u00c9tat - La Sentinelle\" \/>\n<meta property=\"og:description\" content=\"Dans un contexte \u00e9conomique marqu\u00e9 par des besoins croissants, le gouvernement vient de d\u00e9voiler une s\u00e9rie de mesures visant \u00e0\" \/>\n<meta property=\"og:url\" content=\"https:\/\/lasentinelle.dz\/index.php\/2025\/02\/03\/finances-un-plan-pour-reduire-les-depenses-de-letat\/\" \/>\n<meta property=\"og:site_name\" content=\"La Sentinelle\" \/>\n<meta property=\"article:publisher\" content=\"https:\/\/www.facebook.com\/La-Sentinelle-104059864394773\" \/>\n<meta property=\"article:published_time\" content=\"2025-02-03T10:42:05+00:00\" \/>\n<meta property=\"article:modified_time\" content=\"2025-02-03T10:42:06+00:00\" \/>\n<meta property=\"og:image\" content=\"https:\/\/lasentinelle.dz\/wp-content\/uploads\/2021\/10\/ministere-des-finances-.jpeg\" \/>\n\t<meta property=\"og:image:width\" content=\"580\" \/>\n\t<meta property=\"og:image:height\" content=\"350\" \/>\n\t<meta property=\"og:image:type\" content=\"image\/jpeg\" \/>\n<meta name=\"author\" content=\"admin\" \/>\n<meta name=\"twitter:card\" content=\"summary_large_image\" \/>\n<meta name=\"twitter:label1\" content=\"\u00c9crit par\" \/>\n\t<meta name=\"twitter:data1\" content=\"admin\" \/>\n\t<meta name=\"twitter:label2\" content=\"Dur\u00e9e de lecture estim\u00e9e\" \/>\n\t<meta name=\"twitter:data2\" content=\"5 minutes\" \/>\n<script type=\"application\/ld+json\" class=\"yoast-schema-graph\">{\"@context\":\"https:\\\/\\\/schema.org\",\"@graph\":[{\"@type\":\"Article\",\"@id\":\"https:\\\/\\\/lasentinelle.dz\\\/index.php\\\/2025\\\/02\\\/03\\\/finances-un-plan-pour-reduire-les-depenses-de-letat\\\/#article\",\"isPartOf\":{\"@id\":\"https:\\\/\\\/lasentinelle.dz\\\/index.php\\\/2025\\\/02\\\/03\\\/finances-un-plan-pour-reduire-les-depenses-de-letat\\\/\"},\"author\":{\"name\":\"admin\",\"@id\":\"https:\\\/\\\/lasentinelle.dz\\\/#\\\/schema\\\/person\\\/729ee0024f24e0b8c5ec17232f8e8b41\"},\"headline\":\"Finances: Un plan pour r\u00e9duire les d\u00e9penses de l\u2019\u00c9tat\",\"datePublished\":\"2025-02-03T10:42:05+00:00\",\"dateModified\":\"2025-02-03T10:42:06+00:00\",\"mainEntityOfPage\":{\"@id\":\"https:\\\/\\\/lasentinelle.dz\\\/index.php\\\/2025\\\/02\\\/03\\\/finances-un-plan-pour-reduire-les-depenses-de-letat\\\/\"},\"wordCount\":985,\"commentCount\":0,\"publisher\":{\"@id\":\"https:\\\/\\\/lasentinelle.dz\\\/#organization\"},\"image\":{\"@id\":\"https:\\\/\\\/lasentinelle.dz\\\/index.php\\\/2025\\\/02\\\/03\\\/finances-un-plan-pour-reduire-les-depenses-de-letat\\\/#primaryimage\"},\"thumbnailUrl\":\"https:\\\/\\\/lasentinelle.dz\\\/wp-content\\\/uploads\\\/2021\\\/10\\\/ministere-des-finances-.jpeg\",\"articleSection\":[\"\u00c0 la Une\",\"\u00c9conomie\"],\"inLanguage\":\"fr-FR\",\"potentialAction\":[{\"@type\":\"CommentAction\",\"name\":\"Comment\",\"target\":[\"https:\\\/\\\/lasentinelle.dz\\\/index.php\\\/2025\\\/02\\\/03\\\/finances-un-plan-pour-reduire-les-depenses-de-letat\\\/#respond\"]}]},{\"@type\":\"WebPage\",\"@id\":\"https:\\\/\\\/lasentinelle.dz\\\/index.php\\\/2025\\\/02\\\/03\\\/finances-un-plan-pour-reduire-les-depenses-de-letat\\\/\",\"url\":\"https:\\\/\\\/lasentinelle.dz\\\/index.php\\\/2025\\\/02\\\/03\\\/finances-un-plan-pour-reduire-les-depenses-de-letat\\\/\",\"name\":\"Finances: Un plan pour r\u00e9duire les d\u00e9penses de l\u2019\u00c9tat - La Sentinelle\",\"isPartOf\":{\"@id\":\"https:\\\/\\\/lasentinelle.dz\\\/#website\"},\"primaryImageOfPage\":{\"@id\":\"https:\\\/\\\/lasentinelle.dz\\\/index.php\\\/2025\\\/02\\\/03\\\/finances-un-plan-pour-reduire-les-depenses-de-letat\\\/#primaryimage\"},\"image\":{\"@id\":\"https:\\\/\\\/lasentinelle.dz\\\/index.php\\\/2025\\\/02\\\/03\\\/finances-un-plan-pour-reduire-les-depenses-de-letat\\\/#primaryimage\"},\"thumbnailUrl\":\"https:\\\/\\\/lasentinelle.dz\\\/wp-content\\\/uploads\\\/2021\\\/10\\\/ministere-des-finances-.jpeg\",\"datePublished\":\"2025-02-03T10:42:05+00:00\",\"dateModified\":\"2025-02-03T10:42:06+00:00\",\"breadcrumb\":{\"@id\":\"https:\\\/\\\/lasentinelle.dz\\\/index.php\\\/2025\\\/02\\\/03\\\/finances-un-plan-pour-reduire-les-depenses-de-letat\\\/#breadcrumb\"},\"inLanguage\":\"fr-FR\",\"potentialAction\":[{\"@type\":\"ReadAction\",\"target\":[\"https:\\\/\\\/lasentinelle.dz\\\/index.php\\\/2025\\\/02\\\/03\\\/finances-un-plan-pour-reduire-les-depenses-de-letat\\\/\"]}]},{\"@type\":\"ImageObject\",\"inLanguage\":\"fr-FR\",\"@id\":\"https:\\\/\\\/lasentinelle.dz\\\/index.php\\\/2025\\\/02\\\/03\\\/finances-un-plan-pour-reduire-les-depenses-de-letat\\\/#primaryimage\",\"url\":\"https:\\\/\\\/lasentinelle.dz\\\/wp-content\\\/uploads\\\/2021\\\/10\\\/ministere-des-finances-.jpeg\",\"contentUrl\":\"https:\\\/\\\/lasentinelle.dz\\\/wp-content\\\/uploads\\\/2021\\\/10\\\/ministere-des-finances-.jpeg\",\"width\":580,\"height\":350},{\"@type\":\"BreadcrumbList\",\"@id\":\"https:\\\/\\\/lasentinelle.dz\\\/index.php\\\/2025\\\/02\\\/03\\\/finances-un-plan-pour-reduire-les-depenses-de-letat\\\/#breadcrumb\",\"itemListElement\":[{\"@type\":\"ListItem\",\"position\":1,\"name\":\"Accueil\",\"item\":\"https:\\\/\\\/lasentinelle.dz\\\/\"},{\"@type\":\"ListItem\",\"position\":2,\"name\":\"Finances: Un plan pour r\u00e9duire les d\u00e9penses de l\u2019\u00c9tat\"}]},{\"@type\":\"WebSite\",\"@id\":\"https:\\\/\\\/lasentinelle.dz\\\/#website\",\"url\":\"https:\\\/\\\/lasentinelle.dz\\\/\",\"name\":\"La Sentinelle\",\"description\":\"Quotidien national d&#039;information\",\"publisher\":{\"@id\":\"https:\\\/\\\/lasentinelle.dz\\\/#organization\"},\"potentialAction\":[{\"@type\":\"SearchAction\",\"target\":{\"@type\":\"EntryPoint\",\"urlTemplate\":\"https:\\\/\\\/lasentinelle.dz\\\/?s={search_term_string}\"},\"query-input\":{\"@type\":\"PropertyValueSpecification\",\"valueRequired\":true,\"valueName\":\"search_term_string\"}}],\"inLanguage\":\"fr-FR\"},{\"@type\":\"Organization\",\"@id\":\"https:\\\/\\\/lasentinelle.dz\\\/#organization\",\"name\":\"Quotidien La Sentinelle\",\"url\":\"https:\\\/\\\/lasentinelle.dz\\\/\",\"logo\":{\"@type\":\"ImageObject\",\"inLanguage\":\"fr-FR\",\"@id\":\"https:\\\/\\\/lasentinelle.dz\\\/#\\\/schema\\\/logo\\\/image\\\/\",\"url\":\"https:\\\/\\\/lasentinelle.dz\\\/wp-content\\\/uploads\\\/2021\\\/09\\\/logo-sentinelleSLOGAN-1.png\",\"contentUrl\":\"https:\\\/\\\/lasentinelle.dz\\\/wp-content\\\/uploads\\\/2021\\\/09\\\/logo-sentinelleSLOGAN-1.png\",\"width\":615,\"height\":142,\"caption\":\"Quotidien La Sentinelle\"},\"image\":{\"@id\":\"https:\\\/\\\/lasentinelle.dz\\\/#\\\/schema\\\/logo\\\/image\\\/\"},\"sameAs\":[\"https:\\\/\\\/www.facebook.com\\\/La-Sentinelle-104059864394773\"]},{\"@type\":\"Person\",\"@id\":\"https:\\\/\\\/lasentinelle.dz\\\/#\\\/schema\\\/person\\\/729ee0024f24e0b8c5ec17232f8e8b41\",\"name\":\"admin\",\"image\":{\"@type\":\"ImageObject\",\"inLanguage\":\"fr-FR\",\"@id\":\"https:\\\/\\\/secure.gravatar.com\\\/avatar\\\/4c81fed838786e9b53f540bf46533e750f5d292099ae3b66cfc6fb1982e29df7?s=96&d=mm&r=g\",\"url\":\"https:\\\/\\\/secure.gravatar.com\\\/avatar\\\/4c81fed838786e9b53f540bf46533e750f5d292099ae3b66cfc6fb1982e29df7?s=96&d=mm&r=g\",\"contentUrl\":\"https:\\\/\\\/secure.gravatar.com\\\/avatar\\\/4c81fed838786e9b53f540bf46533e750f5d292099ae3b66cfc6fb1982e29df7?s=96&d=mm&r=g\",\"caption\":\"admin\"},\"description\":\"admin\",\"url\":\"https:\\\/\\\/lasentinelle.dz\\\/author\\\/admin\\\/\"}]}<\/script>\n<!-- \/ Yoast SEO plugin. -->","yoast_head_json":{"title":"Finances: Un plan pour r\u00e9duire les d\u00e9penses de l\u2019\u00c9tat - La Sentinelle","robots":{"index":"index","follow":"follow","max-snippet":"max-snippet:-1","max-image-preview":"max-image-preview:large","max-video-preview":"max-video-preview:-1"},"canonical":"https:\/\/lasentinelle.dz\/index.php\/2025\/02\/03\/finances-un-plan-pour-reduire-les-depenses-de-letat\/","og_locale":"fr_FR","og_type":"article","og_title":"Finances: Un plan pour r\u00e9duire les d\u00e9penses de l\u2019\u00c9tat - La Sentinelle","og_description":"Dans un contexte \u00e9conomique marqu\u00e9 par des besoins croissants, le gouvernement vient de d\u00e9voiler une s\u00e9rie de mesures visant \u00e0","og_url":"https:\/\/lasentinelle.dz\/index.php\/2025\/02\/03\/finances-un-plan-pour-reduire-les-depenses-de-letat\/","og_site_name":"La Sentinelle","article_publisher":"https:\/\/www.facebook.com\/La-Sentinelle-104059864394773","article_published_time":"2025-02-03T10:42:05+00:00","article_modified_time":"2025-02-03T10:42:06+00:00","og_image":[{"width":580,"height":350,"url":"https:\/\/lasentinelle.dz\/wp-content\/uploads\/2021\/10\/ministere-des-finances-.jpeg","type":"image\/jpeg"}],"author":"admin","twitter_card":"summary_large_image","twitter_misc":{"\u00c9crit par":"admin","Dur\u00e9e de lecture estim\u00e9e":"5 minutes"},"schema":{"@context":"https:\/\/schema.org","@graph":[{"@type":"Article","@id":"https:\/\/lasentinelle.dz\/index.php\/2025\/02\/03\/finances-un-plan-pour-reduire-les-depenses-de-letat\/#article","isPartOf":{"@id":"https:\/\/lasentinelle.dz\/index.php\/2025\/02\/03\/finances-un-plan-pour-reduire-les-depenses-de-letat\/"},"author":{"name":"admin","@id":"https:\/\/lasentinelle.dz\/#\/schema\/person\/729ee0024f24e0b8c5ec17232f8e8b41"},"headline":"Finances: Un plan pour r\u00e9duire les d\u00e9penses de l\u2019\u00c9tat","datePublished":"2025-02-03T10:42:05+00:00","dateModified":"2025-02-03T10:42:06+00:00","mainEntityOfPage":{"@id":"https:\/\/lasentinelle.dz\/index.php\/2025\/02\/03\/finances-un-plan-pour-reduire-les-depenses-de-letat\/"},"wordCount":985,"commentCount":0,"publisher":{"@id":"https:\/\/lasentinelle.dz\/#organization"},"image":{"@id":"https:\/\/lasentinelle.dz\/index.php\/2025\/02\/03\/finances-un-plan-pour-reduire-les-depenses-de-letat\/#primaryimage"},"thumbnailUrl":"https:\/\/lasentinelle.dz\/wp-content\/uploads\/2021\/10\/ministere-des-finances-.jpeg","articleSection":["\u00c0 la Une","\u00c9conomie"],"inLanguage":"fr-FR","potentialAction":[{"@type":"CommentAction","name":"Comment","target":["https:\/\/lasentinelle.dz\/index.php\/2025\/02\/03\/finances-un-plan-pour-reduire-les-depenses-de-letat\/#respond"]}]},{"@type":"WebPage","@id":"https:\/\/lasentinelle.dz\/index.php\/2025\/02\/03\/finances-un-plan-pour-reduire-les-depenses-de-letat\/","url":"https:\/\/lasentinelle.dz\/index.php\/2025\/02\/03\/finances-un-plan-pour-reduire-les-depenses-de-letat\/","name":"Finances: Un plan pour r\u00e9duire les d\u00e9penses de l\u2019\u00c9tat - La Sentinelle","isPartOf":{"@id":"https:\/\/lasentinelle.dz\/#website"},"primaryImageOfPage":{"@id":"https:\/\/lasentinelle.dz\/index.php\/2025\/02\/03\/finances-un-plan-pour-reduire-les-depenses-de-letat\/#primaryimage"},"image":{"@id":"https:\/\/lasentinelle.dz\/index.php\/2025\/02\/03\/finances-un-plan-pour-reduire-les-depenses-de-letat\/#primaryimage"},"thumbnailUrl":"https:\/\/lasentinelle.dz\/wp-content\/uploads\/2021\/10\/ministere-des-finances-.jpeg","datePublished":"2025-02-03T10:42:05+00:00","dateModified":"2025-02-03T10:42:06+00:00","breadcrumb":{"@id":"https:\/\/lasentinelle.dz\/index.php\/2025\/02\/03\/finances-un-plan-pour-reduire-les-depenses-de-letat\/#breadcrumb"},"inLanguage":"fr-FR","potentialAction":[{"@type":"ReadAction","target":["https:\/\/lasentinelle.dz\/index.php\/2025\/02\/03\/finances-un-plan-pour-reduire-les-depenses-de-letat\/"]}]},{"@type":"ImageObject","inLanguage":"fr-FR","@id":"https:\/\/lasentinelle.dz\/index.php\/2025\/02\/03\/finances-un-plan-pour-reduire-les-depenses-de-letat\/#primaryimage","url":"https:\/\/lasentinelle.dz\/wp-content\/uploads\/2021\/10\/ministere-des-finances-.jpeg","contentUrl":"https:\/\/lasentinelle.dz\/wp-content\/uploads\/2021\/10\/ministere-des-finances-.jpeg","width":580,"height":350},{"@type":"BreadcrumbList","@id":"https:\/\/lasentinelle.dz\/index.php\/2025\/02\/03\/finances-un-plan-pour-reduire-les-depenses-de-letat\/#breadcrumb","itemListElement":[{"@type":"ListItem","position":1,"name":"Accueil","item":"https:\/\/lasentinelle.dz\/"},{"@type":"ListItem","position":2,"name":"Finances: Un plan pour r\u00e9duire les d\u00e9penses de l\u2019\u00c9tat"}]},{"@type":"WebSite","@id":"https:\/\/lasentinelle.dz\/#website","url":"https:\/\/lasentinelle.dz\/","name":"La Sentinelle","description":"Quotidien national d&#039;information","publisher":{"@id":"https:\/\/lasentinelle.dz\/#organization"},"potentialAction":[{"@type":"SearchAction","target":{"@type":"EntryPoint","urlTemplate":"https:\/\/lasentinelle.dz\/?s={search_term_string}"},"query-input":{"@type":"PropertyValueSpecification","valueRequired":true,"valueName":"search_term_string"}}],"inLanguage":"fr-FR"},{"@type":"Organization","@id":"https:\/\/lasentinelle.dz\/#organization","name":"Quotidien La Sentinelle","url":"https:\/\/lasentinelle.dz\/","logo":{"@type":"ImageObject","inLanguage":"fr-FR","@id":"https:\/\/lasentinelle.dz\/#\/schema\/logo\/image\/","url":"https:\/\/lasentinelle.dz\/wp-content\/uploads\/2021\/09\/logo-sentinelleSLOGAN-1.png","contentUrl":"https:\/\/lasentinelle.dz\/wp-content\/uploads\/2021\/09\/logo-sentinelleSLOGAN-1.png","width":615,"height":142,"caption":"Quotidien La Sentinelle"},"image":{"@id":"https:\/\/lasentinelle.dz\/#\/schema\/logo\/image\/"},"sameAs":["https:\/\/www.facebook.com\/La-Sentinelle-104059864394773"]},{"@type":"Person","@id":"https:\/\/lasentinelle.dz\/#\/schema\/person\/729ee0024f24e0b8c5ec17232f8e8b41","name":"admin","image":{"@type":"ImageObject","inLanguage":"fr-FR","@id":"https:\/\/secure.gravatar.com\/avatar\/4c81fed838786e9b53f540bf46533e750f5d292099ae3b66cfc6fb1982e29df7?s=96&d=mm&r=g","url":"https:\/\/secure.gravatar.com\/avatar\/4c81fed838786e9b53f540bf46533e750f5d292099ae3b66cfc6fb1982e29df7?s=96&d=mm&r=g","contentUrl":"https:\/\/secure.gravatar.com\/avatar\/4c81fed838786e9b53f540bf46533e750f5d292099ae3b66cfc6fb1982e29df7?s=96&d=mm&r=g","caption":"admin"},"description":"admin","url":"https:\/\/lasentinelle.dz\/author\/admin\/"}]}},"_links":{"self":[{"href":"https:\/\/lasentinelle.dz\/index.php\/wp-json\/wp\/v2\/posts\/62457","targetHints":{"allow":["GET"]}}],"collection":[{"href":"https:\/\/lasentinelle.dz\/index.php\/wp-json\/wp\/v2\/posts"}],"about":[{"href":"https:\/\/lasentinelle.dz\/index.php\/wp-json\/wp\/v2\/types\/post"}],"author":[{"embeddable":true,"href":"https:\/\/lasentinelle.dz\/index.php\/wp-json\/wp\/v2\/users\/6"}],"replies":[{"embeddable":true,"href":"https:\/\/lasentinelle.dz\/index.php\/wp-json\/wp\/v2\/comments?post=62457"}],"version-history":[{"count":1,"href":"https:\/\/lasentinelle.dz\/index.php\/wp-json\/wp\/v2\/posts\/62457\/revisions"}],"predecessor-version":[{"id":62458,"href":"https:\/\/lasentinelle.dz\/index.php\/wp-json\/wp\/v2\/posts\/62457\/revisions\/62458"}],"wp:featuredmedia":[{"embeddable":true,"href":"https:\/\/lasentinelle.dz\/index.php\/wp-json\/wp\/v2\/media\/11957"}],"wp:attachment":[{"href":"https:\/\/lasentinelle.dz\/index.php\/wp-json\/wp\/v2\/media?parent=62457"}],"wp:term":[{"taxonomy":"category","embeddable":true,"href":"https:\/\/lasentinelle.dz\/index.php\/wp-json\/wp\/v2\/categories?post=62457"},{"taxonomy":"post_tag","embeddable":true,"href":"https:\/\/lasentinelle.dz\/index.php\/wp-json\/wp\/v2\/tags?post=62457"}],"curies":[{"name":"wp","href":"https:\/\/api.w.org\/{rel}","templated":true}]}}