{"id":62470,"date":"2025-02-03T11:47:03","date_gmt":"2025-02-03T10:47:03","guid":{"rendered":"https:\/\/lasentinelle.dz\/?p=62470"},"modified":"2025-02-03T11:47:04","modified_gmt":"2025-02-03T10:47:04","slug":"conflit-en-rdc-lalgerie-lance-une-importante-initiative-diplomatique","status":"publish","type":"post","link":"https:\/\/lasentinelle.dz\/index.php\/2025\/02\/03\/conflit-en-rdc-lalgerie-lance-une-importante-initiative-diplomatique\/","title":{"rendered":"Conflit en RDC: L\u2019Alg\u00e9rie lance une importante initiative diplomatique"},"content":{"rendered":"\n<p>Dans le cadre de son engagement constant pour la paix en Afrique et de son r\u00f4le de membre non-permanent du Conseil de s\u00e9curit\u00e9 des Nations unies, l&rsquo;Alg\u00e9rie vient de lancer une importante initiative diplomatique pour contribuer \u00e0 la r\u00e9solution du conflit qui secoue la R\u00e9publique d\u00e9mocratique du Congo. Cette d\u00e9marche, initi\u00e9e sur instructions directes du pr\u00e9sident de la R\u00e9publique, Abdelmadjid Tebboune, t\u00e9moigne de la volont\u00e9 de l&rsquo;Alg\u00e9rie de jouer un r\u00f4le actif dans la stabilisation du continent africain, particuli\u00e8rement dans la r\u00e9gion des Grands Lacs qui conna\u00eet actuellement une dangereuse escalade des tensions. Face \u00e0 la d\u00e9t\u00e9rioration de la situation s\u00e9curitaire en RDC, l&rsquo;Alg\u00e9rie a d&rsquo;abord exprim\u00e9 sa \u00ab\u00a0profonde pr\u00e9occupation\u00a0\u00bb face \u00e0 \u00ab\u00a0la reprise du conflit et son escalade\u00a0\u00bb, comme l&rsquo;a soulign\u00e9 un communiqu\u00e9 du minist\u00e8re des Affaires \u00e9trang\u00e8res. Dans ce contexte tendu, le pays a \u00ab\u00a0appel\u00e9 instamment \u00e0 la retenue et \u00e0 la d\u00e9sescalade dans la perspective de l&rsquo;instauration des conditions d&rsquo;une reprise responsable du dialogue et de la n\u00e9gociation en vue du r\u00e9tablissement de la paix dans la r\u00e9gion\u00a0\u00bb.<\/p>\n\n\n\n<p>Donnant suite \u00e0 cette position de principe, le ministre d&rsquo;\u00c9tat, ministre des Affaires \u00e9trang\u00e8res, de la Communaut\u00e9 nationale \u00e0 l&rsquo;\u00e9tranger et des Affaires africaines, Ahmed Attaf, a entrepris, sur instruction du Pr\u00e9sident Tebboune, ce dimanche une s\u00e9rie de consultations diplomatiques avec ses homologues des pays concern\u00e9s. Cette initiative s&rsquo;inscrit, selon le minist\u00e8re, \u00ab\u00a0dans le cadre de l&rsquo;exercice par l&rsquo;Alg\u00e9rie de son mandat de membre non-permanent du Conseil de s\u00e9curit\u00e9 des Nations unies\u00a0\u00bb et est \u00ab\u00a0mue par le souci permanent de notre pays d&rsquo;apporter activement sa contribution \u00e0 tout effort visant \u00e0 promouvoir la paix et la s\u00e9curit\u00e9 \u00e0 travers le continent et \u00e0 promouvoir les meilleures relations entre les pays africains\u00a0\u00bb. Les consultations men\u00e9es par M. Attaf ont notamment inclus des entretiens avec ses homologues de la RDC et du Rwanda, au cours desquels ils ont \u00ab\u00a0\u00e9chang\u00e9 sur les voies et moyens susceptibles de mettre un terme \u00e0 la dangereuse escalade du conflit pr\u00e9valant dans l&rsquo;Est de la RDC et d&rsquo;ouvrir la voie \u00e0 une relance effective du processus politique pour le r\u00e8glement d\u00e9finitif de ce conflit\u00a0\u00bb. Ces \u00e9changes d\u00e9montrent la volont\u00e9 de l&rsquo;Alg\u00e9rie de contribuer activement \u00e0 la recherche d&rsquo;une solution pacifique. L&rsquo;Alg\u00e9rie a \u00e9galement tenu \u00e0 saluer les efforts de m\u00e9diation en cours, notamment ceux men\u00e9s par l&rsquo;Angola et le Kenya. Lors de ses entretiens avec ses homologues de ces deux pays, M. Attaf a \u00ab\u00a0rendu un hommage appuy\u00e9 pour l&rsquo;engagement soutenu de leurs pays dans le r\u00e8glement de la crise en RDC \u00e0 travers les processus de Luanda et de Nairobi\u00a0\u00bb. Il a assur\u00e9 ses interlocuteurs \u00ab\u00a0du plein soutien de l&rsquo;Alg\u00e9rie et de sa disposition \u00e0 les accompagner dans la conduite de cette \u0153uvre de paix au profit de la R\u00e9publique d\u00e9mocratique du Congo et de la r\u00e9gion des Grands Lacs dans son ensemble\u00a0\u00bb. La dimension r\u00e9gionale de l&rsquo;initiative alg\u00e9rienne s&rsquo;est \u00e9galement manifest\u00e9e \u00e0 travers des consultations avec les ministres des Affaires \u00e9trang\u00e8res de l&rsquo;Afrique du Sud et de l&rsquo;Ouganda. Ces \u00e9changes ont permis de s&rsquo;entendre sur \u00ab\u00a0la n\u00e9cessit\u00e9 d&rsquo;une mobilisation diplomatique accrue de toutes les forces vives du continent pour favoriser un climat d&rsquo;apaisement et de s\u00e9r\u00e9nit\u00e9, propice aux efforts de m\u00e9diation et de r\u00e8glement de ce conflit\u00a0\u00bb. Dans ce contexte, l&rsquo;Alg\u00e9rie a exprim\u00e9 son soutien \u00e0 l&rsquo;initiative conjointe de la Communaut\u00e9 d&rsquo;Afrique de l&rsquo;Est et de la Communaut\u00e9 de d\u00e9veloppement d&rsquo;Afrique australe d&rsquo;organiser prochainement un sommet sur cette probl\u00e9matique. Cette initiative a \u00e9t\u00e9 \u00ab\u00a0accueillie tr\u00e8s favorablement\u00a0\u00bb par le ministre Ahmed Attaf et ses homologues africains, \u00e9tant consid\u00e9r\u00e9e comme \u00ab\u00a0une opportunit\u00e9 qu&rsquo;il convient de saisir pour amorcer un retour au cessez-le-feu en RDC et promouvoir les conditions d&rsquo;une paix durable dans la r\u00e9gion\u00a0\u00bb. L&rsquo;engagement de l&rsquo;Alg\u00e9rie s&rsquo;inscrit dans la continuit\u00e9 de sa tradition diplomatique en faveur de la paix et de la stabilit\u00e9 en Afrique. Le pays fait notamment \u00ab\u00a0sienne les conclusions des Sommets extraordinaires de la Communaut\u00e9 d&rsquo;Afrique de l&rsquo;Est et de la Communaut\u00e9 de d\u00e9veloppement d&rsquo;Afrique australe appelant \u00e0 un dialogue sinc\u00e8re et de bonne foi entre toutes les parties impliqu\u00e9es dans ce conflit\u00a0\u00bb. Cette position r\u00e9affirme le r\u00f4le historique de l&rsquo;Alg\u00e9rie comme acteur de paix sur le continent africain, particuli\u00e8rement dans les situations de crise n\u00e9cessitant une m\u00e9diation internationale.<\/p>\n\n\n\n<p>Salim Amokrane<\/p>\n","protected":false},"excerpt":{"rendered":"<p>Dans le cadre de son engagement constant pour la paix en Afrique et de son r\u00f4le de membre non-permanent du<\/p>\n","protected":false},"author":6,"featured_media":18422,"comment_status":"open","ping_status":"closed","sticky":false,"template":"","format":"standard","meta":{"colormag_page_container_layout":"default_layout","colormag_page_sidebar_layout":"default_layout","om_disable_all_campaigns":false,"_monsterinsights_skip_tracking":false,"_monsterinsights_sitenote_active":false,"_monsterinsights_sitenote_note":"","_monsterinsights_sitenote_category":0,"footnotes":"","_wpscppro_dont_share_socialmedia":false,"_wpscppro_custom_social_share_image":0,"_facebook_share_type":"default","_twitter_share_type":"default","_linkedin_share_type":"default","_pinterest_share_type":"default","_linkedin_share_type_page":"","_instagram_share_type":"default","_medium_share_type":"default","_threads_share_type":"","_google_business_share_type":"","_selected_social_profile":[],"_wpsp_enable_custom_social_template":false,"_wpsp_social_scheduling":{"enabled":false,"datetime":null,"platforms":[],"status":"template_only","dateOption":"today","timeOption":"now","customDays":"","customHours":"","customDate":"","customTime":"","schedulingType":"absolute"},"_wpsp_active_default_template":true},"categories":[52,27],"tags":[],"class_list":["post-62470","post","type-post","status-publish","format-standard","has-post-thumbnail","hentry","category-a-la-une","category-actualite"],"aioseo_notices":[],"yoast_head":"<!-- This site is optimized with the Yoast SEO plugin v27.5 - https:\/\/yoast.com\/product\/yoast-seo-wordpress\/ -->\n<title>Conflit en RDC: L\u2019Alg\u00e9rie lance une importante initiative diplomatique - La Sentinelle<\/title>\n<meta name=\"robots\" content=\"index, follow, max-snippet:-1, max-image-preview:large, max-video-preview:-1\" \/>\n<link rel=\"canonical\" href=\"https:\/\/lasentinelle.dz\/index.php\/2025\/02\/03\/conflit-en-rdc-lalgerie-lance-une-importante-initiative-diplomatique\/\" \/>\n<meta property=\"og:locale\" content=\"fr_FR\" \/>\n<meta property=\"og:type\" content=\"article\" \/>\n<meta property=\"og:title\" content=\"Conflit en RDC: L\u2019Alg\u00e9rie lance une importante initiative diplomatique - La Sentinelle\" \/>\n<meta property=\"og:description\" content=\"Dans le cadre de son engagement constant pour la paix en Afrique et de son r\u00f4le de membre non-permanent du\" \/>\n<meta property=\"og:url\" content=\"https:\/\/lasentinelle.dz\/index.php\/2025\/02\/03\/conflit-en-rdc-lalgerie-lance-une-importante-initiative-diplomatique\/\" \/>\n<meta property=\"og:site_name\" content=\"La Sentinelle\" \/>\n<meta property=\"article:publisher\" content=\"https:\/\/www.facebook.com\/La-Sentinelle-104059864394773\" \/>\n<meta property=\"article:published_time\" content=\"2025-02-03T10:47:03+00:00\" \/>\n<meta property=\"article:modified_time\" content=\"2025-02-03T10:47:04+00:00\" \/>\n<meta property=\"og:image\" content=\"https:\/\/lasentinelle.dz\/wp-content\/uploads\/2022\/03\/mae-2.png\" \/>\n\t<meta property=\"og:image:width\" content=\"1591\" \/>\n\t<meta property=\"og:image:height\" content=\"900\" \/>\n\t<meta property=\"og:image:type\" content=\"image\/png\" \/>\n<meta name=\"author\" content=\"admin\" \/>\n<meta name=\"twitter:card\" content=\"summary_large_image\" \/>\n<meta name=\"twitter:label1\" content=\"\u00c9crit par\" \/>\n\t<meta name=\"twitter:data1\" content=\"admin\" \/>\n\t<meta name=\"twitter:label2\" content=\"Dur\u00e9e de lecture estim\u00e9e\" \/>\n\t<meta name=\"twitter:data2\" content=\"4 minutes\" \/>\n<script type=\"application\/ld+json\" class=\"yoast-schema-graph\">{\"@context\":\"https:\\\/\\\/schema.org\",\"@graph\":[{\"@type\":\"Article\",\"@id\":\"https:\\\/\\\/lasentinelle.dz\\\/index.php\\\/2025\\\/02\\\/03\\\/conflit-en-rdc-lalgerie-lance-une-importante-initiative-diplomatique\\\/#article\",\"isPartOf\":{\"@id\":\"https:\\\/\\\/lasentinelle.dz\\\/index.php\\\/2025\\\/02\\\/03\\\/conflit-en-rdc-lalgerie-lance-une-importante-initiative-diplomatique\\\/\"},\"author\":{\"name\":\"admin\",\"@id\":\"https:\\\/\\\/lasentinelle.dz\\\/#\\\/schema\\\/person\\\/729ee0024f24e0b8c5ec17232f8e8b41\"},\"headline\":\"Conflit en RDC: L\u2019Alg\u00e9rie lance une importante initiative diplomatique\",\"datePublished\":\"2025-02-03T10:47:03+00:00\",\"dateModified\":\"2025-02-03T10:47:04+00:00\",\"mainEntityOfPage\":{\"@id\":\"https:\\\/\\\/lasentinelle.dz\\\/index.php\\\/2025\\\/02\\\/03\\\/conflit-en-rdc-lalgerie-lance-une-importante-initiative-diplomatique\\\/\"},\"wordCount\":808,\"commentCount\":0,\"publisher\":{\"@id\":\"https:\\\/\\\/lasentinelle.dz\\\/#organization\"},\"image\":{\"@id\":\"https:\\\/\\\/lasentinelle.dz\\\/index.php\\\/2025\\\/02\\\/03\\\/conflit-en-rdc-lalgerie-lance-une-importante-initiative-diplomatique\\\/#primaryimage\"},\"thumbnailUrl\":\"https:\\\/\\\/lasentinelle.dz\\\/wp-content\\\/uploads\\\/2022\\\/03\\\/mae-2.png\",\"articleSection\":[\"\u00c0 la Une\",\"Actualit\u00e9\"],\"inLanguage\":\"fr-FR\",\"potentialAction\":[{\"@type\":\"CommentAction\",\"name\":\"Comment\",\"target\":[\"https:\\\/\\\/lasentinelle.dz\\\/index.php\\\/2025\\\/02\\\/03\\\/conflit-en-rdc-lalgerie-lance-une-importante-initiative-diplomatique\\\/#respond\"]}]},{\"@type\":\"WebPage\",\"@id\":\"https:\\\/\\\/lasentinelle.dz\\\/index.php\\\/2025\\\/02\\\/03\\\/conflit-en-rdc-lalgerie-lance-une-importante-initiative-diplomatique\\\/\",\"url\":\"https:\\\/\\\/lasentinelle.dz\\\/index.php\\\/2025\\\/02\\\/03\\\/conflit-en-rdc-lalgerie-lance-une-importante-initiative-diplomatique\\\/\",\"name\":\"Conflit en RDC: L\u2019Alg\u00e9rie lance une importante initiative diplomatique - La Sentinelle\",\"isPartOf\":{\"@id\":\"https:\\\/\\\/lasentinelle.dz\\\/#website\"},\"primaryImageOfPage\":{\"@id\":\"https:\\\/\\\/lasentinelle.dz\\\/index.php\\\/2025\\\/02\\\/03\\\/conflit-en-rdc-lalgerie-lance-une-importante-initiative-diplomatique\\\/#primaryimage\"},\"image\":{\"@id\":\"https:\\\/\\\/lasentinelle.dz\\\/index.php\\\/2025\\\/02\\\/03\\\/conflit-en-rdc-lalgerie-lance-une-importante-initiative-diplomatique\\\/#primaryimage\"},\"thumbnailUrl\":\"https:\\\/\\\/lasentinelle.dz\\\/wp-content\\\/uploads\\\/2022\\\/03\\\/mae-2.png\",\"datePublished\":\"2025-02-03T10:47:03+00:00\",\"dateModified\":\"2025-02-03T10:47:04+00:00\",\"breadcrumb\":{\"@id\":\"https:\\\/\\\/lasentinelle.dz\\\/index.php\\\/2025\\\/02\\\/03\\\/conflit-en-rdc-lalgerie-lance-une-importante-initiative-diplomatique\\\/#breadcrumb\"},\"inLanguage\":\"fr-FR\",\"potentialAction\":[{\"@type\":\"ReadAction\",\"target\":[\"https:\\\/\\\/lasentinelle.dz\\\/index.php\\\/2025\\\/02\\\/03\\\/conflit-en-rdc-lalgerie-lance-une-importante-initiative-diplomatique\\\/\"]}]},{\"@type\":\"ImageObject\",\"inLanguage\":\"fr-FR\",\"@id\":\"https:\\\/\\\/lasentinelle.dz\\\/index.php\\\/2025\\\/02\\\/03\\\/conflit-en-rdc-lalgerie-lance-une-importante-initiative-diplomatique\\\/#primaryimage\",\"url\":\"https:\\\/\\\/lasentinelle.dz\\\/wp-content\\\/uploads\\\/2022\\\/03\\\/mae-2.png\",\"contentUrl\":\"https:\\\/\\\/lasentinelle.dz\\\/wp-content\\\/uploads\\\/2022\\\/03\\\/mae-2.png\",\"width\":1591,\"height\":900},{\"@type\":\"BreadcrumbList\",\"@id\":\"https:\\\/\\\/lasentinelle.dz\\\/index.php\\\/2025\\\/02\\\/03\\\/conflit-en-rdc-lalgerie-lance-une-importante-initiative-diplomatique\\\/#breadcrumb\",\"itemListElement\":[{\"@type\":\"ListItem\",\"position\":1,\"name\":\"Accueil\",\"item\":\"https:\\\/\\\/lasentinelle.dz\\\/\"},{\"@type\":\"ListItem\",\"position\":2,\"name\":\"Conflit en RDC: L\u2019Alg\u00e9rie lance une importante initiative diplomatique\"}]},{\"@type\":\"WebSite\",\"@id\":\"https:\\\/\\\/lasentinelle.dz\\\/#website\",\"url\":\"https:\\\/\\\/lasentinelle.dz\\\/\",\"name\":\"La Sentinelle\",\"description\":\"Quotidien national d&#039;information\",\"publisher\":{\"@id\":\"https:\\\/\\\/lasentinelle.dz\\\/#organization\"},\"potentialAction\":[{\"@type\":\"SearchAction\",\"target\":{\"@type\":\"EntryPoint\",\"urlTemplate\":\"https:\\\/\\\/lasentinelle.dz\\\/?s={search_term_string}\"},\"query-input\":{\"@type\":\"PropertyValueSpecification\",\"valueRequired\":true,\"valueName\":\"search_term_string\"}}],\"inLanguage\":\"fr-FR\"},{\"@type\":\"Organization\",\"@id\":\"https:\\\/\\\/lasentinelle.dz\\\/#organization\",\"name\":\"Quotidien La Sentinelle\",\"url\":\"https:\\\/\\\/lasentinelle.dz\\\/\",\"logo\":{\"@type\":\"ImageObject\",\"inLanguage\":\"fr-FR\",\"@id\":\"https:\\\/\\\/lasentinelle.dz\\\/#\\\/schema\\\/logo\\\/image\\\/\",\"url\":\"https:\\\/\\\/lasentinelle.dz\\\/wp-content\\\/uploads\\\/2021\\\/09\\\/logo-sentinelleSLOGAN-1.png\",\"contentUrl\":\"https:\\\/\\\/lasentinelle.dz\\\/wp-content\\\/uploads\\\/2021\\\/09\\\/logo-sentinelleSLOGAN-1.png\",\"width\":615,\"height\":142,\"caption\":\"Quotidien La Sentinelle\"},\"image\":{\"@id\":\"https:\\\/\\\/lasentinelle.dz\\\/#\\\/schema\\\/logo\\\/image\\\/\"},\"sameAs\":[\"https:\\\/\\\/www.facebook.com\\\/La-Sentinelle-104059864394773\"]},{\"@type\":\"Person\",\"@id\":\"https:\\\/\\\/lasentinelle.dz\\\/#\\\/schema\\\/person\\\/729ee0024f24e0b8c5ec17232f8e8b41\",\"name\":\"admin\",\"image\":{\"@type\":\"ImageObject\",\"inLanguage\":\"fr-FR\",\"@id\":\"https:\\\/\\\/secure.gravatar.com\\\/avatar\\\/4c81fed838786e9b53f540bf46533e750f5d292099ae3b66cfc6fb1982e29df7?s=96&d=mm&r=g\",\"url\":\"https:\\\/\\\/secure.gravatar.com\\\/avatar\\\/4c81fed838786e9b53f540bf46533e750f5d292099ae3b66cfc6fb1982e29df7?s=96&d=mm&r=g\",\"contentUrl\":\"https:\\\/\\\/secure.gravatar.com\\\/avatar\\\/4c81fed838786e9b53f540bf46533e750f5d292099ae3b66cfc6fb1982e29df7?s=96&d=mm&r=g\",\"caption\":\"admin\"},\"description\":\"admin\",\"url\":\"https:\\\/\\\/lasentinelle.dz\\\/author\\\/admin\\\/\"}]}<\/script>\n<!-- \/ Yoast SEO plugin. -->","yoast_head_json":{"title":"Conflit en RDC: L\u2019Alg\u00e9rie lance une importante initiative diplomatique - La Sentinelle","robots":{"index":"index","follow":"follow","max-snippet":"max-snippet:-1","max-image-preview":"max-image-preview:large","max-video-preview":"max-video-preview:-1"},"canonical":"https:\/\/lasentinelle.dz\/index.php\/2025\/02\/03\/conflit-en-rdc-lalgerie-lance-une-importante-initiative-diplomatique\/","og_locale":"fr_FR","og_type":"article","og_title":"Conflit en RDC: L\u2019Alg\u00e9rie lance une importante initiative diplomatique - La Sentinelle","og_description":"Dans le cadre de son engagement constant pour la paix en Afrique et de son r\u00f4le de membre non-permanent du","og_url":"https:\/\/lasentinelle.dz\/index.php\/2025\/02\/03\/conflit-en-rdc-lalgerie-lance-une-importante-initiative-diplomatique\/","og_site_name":"La Sentinelle","article_publisher":"https:\/\/www.facebook.com\/La-Sentinelle-104059864394773","article_published_time":"2025-02-03T10:47:03+00:00","article_modified_time":"2025-02-03T10:47:04+00:00","og_image":[{"width":1591,"height":900,"url":"https:\/\/lasentinelle.dz\/wp-content\/uploads\/2022\/03\/mae-2.png","type":"image\/png"}],"author":"admin","twitter_card":"summary_large_image","twitter_misc":{"\u00c9crit par":"admin","Dur\u00e9e de lecture estim\u00e9e":"4 minutes"},"schema":{"@context":"https:\/\/schema.org","@graph":[{"@type":"Article","@id":"https:\/\/lasentinelle.dz\/index.php\/2025\/02\/03\/conflit-en-rdc-lalgerie-lance-une-importante-initiative-diplomatique\/#article","isPartOf":{"@id":"https:\/\/lasentinelle.dz\/index.php\/2025\/02\/03\/conflit-en-rdc-lalgerie-lance-une-importante-initiative-diplomatique\/"},"author":{"name":"admin","@id":"https:\/\/lasentinelle.dz\/#\/schema\/person\/729ee0024f24e0b8c5ec17232f8e8b41"},"headline":"Conflit en RDC: L\u2019Alg\u00e9rie lance une importante initiative diplomatique","datePublished":"2025-02-03T10:47:03+00:00","dateModified":"2025-02-03T10:47:04+00:00","mainEntityOfPage":{"@id":"https:\/\/lasentinelle.dz\/index.php\/2025\/02\/03\/conflit-en-rdc-lalgerie-lance-une-importante-initiative-diplomatique\/"},"wordCount":808,"commentCount":0,"publisher":{"@id":"https:\/\/lasentinelle.dz\/#organization"},"image":{"@id":"https:\/\/lasentinelle.dz\/index.php\/2025\/02\/03\/conflit-en-rdc-lalgerie-lance-une-importante-initiative-diplomatique\/#primaryimage"},"thumbnailUrl":"https:\/\/lasentinelle.dz\/wp-content\/uploads\/2022\/03\/mae-2.png","articleSection":["\u00c0 la Une","Actualit\u00e9"],"inLanguage":"fr-FR","potentialAction":[{"@type":"CommentAction","name":"Comment","target":["https:\/\/lasentinelle.dz\/index.php\/2025\/02\/03\/conflit-en-rdc-lalgerie-lance-une-importante-initiative-diplomatique\/#respond"]}]},{"@type":"WebPage","@id":"https:\/\/lasentinelle.dz\/index.php\/2025\/02\/03\/conflit-en-rdc-lalgerie-lance-une-importante-initiative-diplomatique\/","url":"https:\/\/lasentinelle.dz\/index.php\/2025\/02\/03\/conflit-en-rdc-lalgerie-lance-une-importante-initiative-diplomatique\/","name":"Conflit en RDC: L\u2019Alg\u00e9rie lance une importante initiative diplomatique - La Sentinelle","isPartOf":{"@id":"https:\/\/lasentinelle.dz\/#website"},"primaryImageOfPage":{"@id":"https:\/\/lasentinelle.dz\/index.php\/2025\/02\/03\/conflit-en-rdc-lalgerie-lance-une-importante-initiative-diplomatique\/#primaryimage"},"image":{"@id":"https:\/\/lasentinelle.dz\/index.php\/2025\/02\/03\/conflit-en-rdc-lalgerie-lance-une-importante-initiative-diplomatique\/#primaryimage"},"thumbnailUrl":"https:\/\/lasentinelle.dz\/wp-content\/uploads\/2022\/03\/mae-2.png","datePublished":"2025-02-03T10:47:03+00:00","dateModified":"2025-02-03T10:47:04+00:00","breadcrumb":{"@id":"https:\/\/lasentinelle.dz\/index.php\/2025\/02\/03\/conflit-en-rdc-lalgerie-lance-une-importante-initiative-diplomatique\/#breadcrumb"},"inLanguage":"fr-FR","potentialAction":[{"@type":"ReadAction","target":["https:\/\/lasentinelle.dz\/index.php\/2025\/02\/03\/conflit-en-rdc-lalgerie-lance-une-importante-initiative-diplomatique\/"]}]},{"@type":"ImageObject","inLanguage":"fr-FR","@id":"https:\/\/lasentinelle.dz\/index.php\/2025\/02\/03\/conflit-en-rdc-lalgerie-lance-une-importante-initiative-diplomatique\/#primaryimage","url":"https:\/\/lasentinelle.dz\/wp-content\/uploads\/2022\/03\/mae-2.png","contentUrl":"https:\/\/lasentinelle.dz\/wp-content\/uploads\/2022\/03\/mae-2.png","width":1591,"height":900},{"@type":"BreadcrumbList","@id":"https:\/\/lasentinelle.dz\/index.php\/2025\/02\/03\/conflit-en-rdc-lalgerie-lance-une-importante-initiative-diplomatique\/#breadcrumb","itemListElement":[{"@type":"ListItem","position":1,"name":"Accueil","item":"https:\/\/lasentinelle.dz\/"},{"@type":"ListItem","position":2,"name":"Conflit en RDC: L\u2019Alg\u00e9rie lance une importante initiative diplomatique"}]},{"@type":"WebSite","@id":"https:\/\/lasentinelle.dz\/#website","url":"https:\/\/lasentinelle.dz\/","name":"La Sentinelle","description":"Quotidien national d&#039;information","publisher":{"@id":"https:\/\/lasentinelle.dz\/#organization"},"potentialAction":[{"@type":"SearchAction","target":{"@type":"EntryPoint","urlTemplate":"https:\/\/lasentinelle.dz\/?s={search_term_string}"},"query-input":{"@type":"PropertyValueSpecification","valueRequired":true,"valueName":"search_term_string"}}],"inLanguage":"fr-FR"},{"@type":"Organization","@id":"https:\/\/lasentinelle.dz\/#organization","name":"Quotidien La Sentinelle","url":"https:\/\/lasentinelle.dz\/","logo":{"@type":"ImageObject","inLanguage":"fr-FR","@id":"https:\/\/lasentinelle.dz\/#\/schema\/logo\/image\/","url":"https:\/\/lasentinelle.dz\/wp-content\/uploads\/2021\/09\/logo-sentinelleSLOGAN-1.png","contentUrl":"https:\/\/lasentinelle.dz\/wp-content\/uploads\/2021\/09\/logo-sentinelleSLOGAN-1.png","width":615,"height":142,"caption":"Quotidien La Sentinelle"},"image":{"@id":"https:\/\/lasentinelle.dz\/#\/schema\/logo\/image\/"},"sameAs":["https:\/\/www.facebook.com\/La-Sentinelle-104059864394773"]},{"@type":"Person","@id":"https:\/\/lasentinelle.dz\/#\/schema\/person\/729ee0024f24e0b8c5ec17232f8e8b41","name":"admin","image":{"@type":"ImageObject","inLanguage":"fr-FR","@id":"https:\/\/secure.gravatar.com\/avatar\/4c81fed838786e9b53f540bf46533e750f5d292099ae3b66cfc6fb1982e29df7?s=96&d=mm&r=g","url":"https:\/\/secure.gravatar.com\/avatar\/4c81fed838786e9b53f540bf46533e750f5d292099ae3b66cfc6fb1982e29df7?s=96&d=mm&r=g","contentUrl":"https:\/\/secure.gravatar.com\/avatar\/4c81fed838786e9b53f540bf46533e750f5d292099ae3b66cfc6fb1982e29df7?s=96&d=mm&r=g","caption":"admin"},"description":"admin","url":"https:\/\/lasentinelle.dz\/author\/admin\/"}]}},"_links":{"self":[{"href":"https:\/\/lasentinelle.dz\/index.php\/wp-json\/wp\/v2\/posts\/62470","targetHints":{"allow":["GET"]}}],"collection":[{"href":"https:\/\/lasentinelle.dz\/index.php\/wp-json\/wp\/v2\/posts"}],"about":[{"href":"https:\/\/lasentinelle.dz\/index.php\/wp-json\/wp\/v2\/types\/post"}],"author":[{"embeddable":true,"href":"https:\/\/lasentinelle.dz\/index.php\/wp-json\/wp\/v2\/users\/6"}],"replies":[{"embeddable":true,"href":"https:\/\/lasentinelle.dz\/index.php\/wp-json\/wp\/v2\/comments?post=62470"}],"version-history":[{"count":1,"href":"https:\/\/lasentinelle.dz\/index.php\/wp-json\/wp\/v2\/posts\/62470\/revisions"}],"predecessor-version":[{"id":62471,"href":"https:\/\/lasentinelle.dz\/index.php\/wp-json\/wp\/v2\/posts\/62470\/revisions\/62471"}],"wp:featuredmedia":[{"embeddable":true,"href":"https:\/\/lasentinelle.dz\/index.php\/wp-json\/wp\/v2\/media\/18422"}],"wp:attachment":[{"href":"https:\/\/lasentinelle.dz\/index.php\/wp-json\/wp\/v2\/media?parent=62470"}],"wp:term":[{"taxonomy":"category","embeddable":true,"href":"https:\/\/lasentinelle.dz\/index.php\/wp-json\/wp\/v2\/categories?post=62470"},{"taxonomy":"post_tag","embeddable":true,"href":"https:\/\/lasentinelle.dz\/index.php\/wp-json\/wp\/v2\/tags?post=62470"}],"curies":[{"name":"wp","href":"https:\/\/api.w.org\/{rel}","templated":true}]}}