{"id":62477,"date":"2025-02-03T11:50:07","date_gmt":"2025-02-03T10:50:07","guid":{"rendered":"https:\/\/lasentinelle.dz\/?p=62477"},"modified":"2025-02-03T11:50:08","modified_gmt":"2025-02-03T10:50:08","slug":"conference-debat-jeudi-prochain-a-paris-sur-les-atrocites-coloniales-commises-en-algerie-la-france-face-a-son-passe-colonial","status":"publish","type":"post","link":"https:\/\/lasentinelle.dz\/index.php\/2025\/02\/03\/conference-debat-jeudi-prochain-a-paris-sur-les-atrocites-coloniales-commises-en-algerie-la-france-face-a-son-passe-colonial\/","title":{"rendered":"Conf\u00e9rence-d\u00e9bat jeudi prochain \u00e0 Paris sur les atrocit\u00e9s coloniales commises en Alg\u00e9rie : La France face \u00e0 son pass\u00e9 colonial"},"content":{"rendered":"\n<p>La torture, les essais nucl\u00e9aires et les massacres en Alg\u00e9rie, ces pages sombres de l&rsquo;histoire fran\u00e7aise continuent de hanter les relations franco-alg\u00e9riennes. Alors qu&rsquo;une conf\u00e9rence-d\u00e9bat s&rsquo;appr\u00eate \u00e0 lever le voile sur ces atrocit\u00e9s jeudi prochain \u00e0 Paris, retour sur un pass\u00e9 qui ne passe pas.<\/p>\n\n\n\n<p>Entre 1960 et 1966, la France a men\u00e9 57 essais nucl\u00e9aires dans le Sahara alg\u00e9rien, principalement \u00e0 Reggane et In Ekker. Ces tests, dont quatre atmosph\u00e9riques et treize souterrains, ont laiss\u00e9 des s\u00e9quelles durables. Les populations locales continuent de payer le prix fort : cancers, malformations cong\u00e9nitales et contamination des sols. Certaines zones restent dangereusement radioactives plus de 60 ans apr\u00e8s les faits, tandis que la France tarde \u00e0 assumer pleinement sa responsabilit\u00e9 dans cette catastrophe environnementale et sanitaire.<\/p>\n\n\n\n<p>Durant la guerre d&rsquo;ind\u00e9pendance qui a dur\u00e9 pr\u00e8s de huit ans, la torture est devenue un outil syst\u00e9matique de r\u00e9pression. \u00c9lectrocutions, \u00ab\u00a0g\u00e9g\u00e8ne\u00a0\u00bb, simulation de noyade, les m\u00e9thodes employ\u00e9es par l&rsquo;arm\u00e9e fran\u00e7aise ont marqu\u00e9 des g\u00e9n\u00e9rations enti\u00e8res. Des figures comme le g\u00e9n\u00e9ral Aussaresses ont plus tard reconnu publiquement ces pratiques, sans pour autant que la France ne pr\u00e9sente des excuses officielles aux victimes. De S\u00e9tif et Guelma, en mai 1945 aux ratonnades de Paris en octobre 1961, la r\u00e9pression coloniale a fait des dizaines de milliers de victimes civiles. Le massacre de S\u00e9tif, qui a fait entre 15 000 et 45 000 morts selon les sources, reste embl\u00e9matique de cette violence coloniale. C&rsquo;est dans ce contexte que plusieurs associations organisent une conf\u00e9rence-d\u00e9bat cruciale \u00e0 Paris. L&rsquo;\u00e9v\u00e9nement r\u00e9unira notamment Nils Andersson, t\u00e9moin majeur de la r\u00e9sistance \u00e0 la guerre de lib\u00e9ration, et l&rsquo;historien Fabrice Riceputi, auteur de \u00ab\u00a0Le Pen et la torture, Alger 1957, l&rsquo;histoire contre l&rsquo;oubli\u00a0\u00bb. Cette rencontre, organis\u00e9e par l&rsquo;ACCA, les 4 ACG, l&rsquo;AFASPA et le groupe Histoire coloniale et postcoloniale, vise \u00e0 ouvrir un dialogue franc sur ces m\u00e9moires douloureuses. Elle s&rsquo;inscrit dans un mouvement plus large r\u00e9clamant la reconnaissance officielle des crimes commis pendant la p\u00e9riode coloniale. La rencontre promet d&rsquo;\u00eatre un moment fort de r\u00e9flexion sur l&rsquo;h\u00e9ritage colonial fran\u00e7ais et ses cons\u00e9quences contemporaines. Elle souligne l&rsquo;importance cruciale du devoir de m\u00e9moire dans la construction d&rsquo;un avenir commun apais\u00e9 entre les deux nations.<\/p>\n\n\n\n<p>Notons dans ce contexte que l\u2019Alg\u00e9rie se pr\u00e9pare \u00e0 comm\u00e9morer le 65e anniversaire des explosions nucl\u00e9aires fran\u00e7aises dans le Sahara alg\u00e9rien.&nbsp; Le ministre des Moudjahidine et des Ayants droit, La\u00efd Rebiga, a dans ce sens pr\u00e9sid\u00e9, hier, une r\u00e9union pr\u00e9paratoire. Il a rappel\u00e9 \u00e0 cette occasion, que l&rsquo;Etat alg\u00e9rien exige de la France de \u00abnettoyer les sites des explosions qui, bien plus que de simples essais, \u00e9taient de v\u00e9ritables crimes de guerre et des crimes contre l&rsquo;humanit\u00e9 dont les effets d\u00e9l\u00e9t\u00e8res subsistent encore aujourd&rsquo;hui\u00bb.<\/p>\n\n\n\n<p>A ce propos, le ministre a pr\u00e9cis\u00e9 que les autorit\u00e9s comp\u00e9tentes avaient recens\u00e9, \u00e0 ce jour, \u00abplus de 26 maladies directement li\u00e9es aux cons\u00e9quences de ces explosions nucl\u00e9aires\u00bb, soulignant que la France coloniale a \u00abr\u00e9alis\u00e9 57 explosions, la premi\u00e8re \u00e9tant celle de la +Gerboise bleue+ \u00e0 Reggane, le 13 f\u00e9vrier 1960, avec une puissance de 60 \u00e0 70 kilotonnes d&rsquo;explosifs, soit cinq fois celle de la bombe atomique d&rsquo;Hiroshima au Japon\u00bb.<\/p>\n\n\n\n<p>Samir Benisid<\/p>\n","protected":false},"excerpt":{"rendered":"<p>La torture, les essais nucl\u00e9aires et les massacres en Alg\u00e9rie, ces pages sombres de l&rsquo;histoire fran\u00e7aise continuent de hanter les<\/p>\n","protected":false},"author":6,"featured_media":62478,"comment_status":"open","ping_status":"closed","sticky":false,"template":"","format":"standard","meta":{"colormag_page_container_layout":"default_layout","colormag_page_sidebar_layout":"default_layout","om_disable_all_campaigns":false,"_monsterinsights_skip_tracking":false,"_monsterinsights_sitenote_active":false,"_monsterinsights_sitenote_note":"","_monsterinsights_sitenote_category":0,"footnotes":"","_wpscppro_dont_share_socialmedia":false,"_wpscppro_custom_social_share_image":0,"_facebook_share_type":"default","_twitter_share_type":"default","_linkedin_share_type":"default","_pinterest_share_type":"default","_linkedin_share_type_page":"","_instagram_share_type":"default","_medium_share_type":"default","_threads_share_type":"","_google_business_share_type":"","_selected_social_profile":[],"_wpsp_enable_custom_social_template":false,"_wpsp_social_scheduling":{"enabled":false,"datetime":null,"platforms":[],"status":"template_only","dateOption":"today","timeOption":"now","customDays":"","customHours":"","customDate":"","customTime":"","schedulingType":"absolute"},"_wpsp_active_default_template":true},"categories":[27],"tags":[],"class_list":["post-62477","post","type-post","status-publish","format-standard","has-post-thumbnail","hentry","category-actualite"],"aioseo_notices":[],"yoast_head":"<!-- This site is optimized with the Yoast SEO plugin v27.5 - https:\/\/yoast.com\/product\/yoast-seo-wordpress\/ -->\n<title>Conf\u00e9rence-d\u00e9bat jeudi prochain \u00e0 Paris sur les atrocit\u00e9s coloniales commises en Alg\u00e9rie : La France face \u00e0 son pass\u00e9 colonial - La Sentinelle<\/title>\n<meta name=\"robots\" content=\"index, follow, max-snippet:-1, max-image-preview:large, max-video-preview:-1\" \/>\n<link rel=\"canonical\" href=\"https:\/\/lasentinelle.dz\/index.php\/2025\/02\/03\/conference-debat-jeudi-prochain-a-paris-sur-les-atrocites-coloniales-commises-en-algerie-la-france-face-a-son-passe-colonial\/\" \/>\n<meta property=\"og:locale\" content=\"fr_FR\" \/>\n<meta property=\"og:type\" content=\"article\" \/>\n<meta property=\"og:title\" content=\"Conf\u00e9rence-d\u00e9bat jeudi prochain \u00e0 Paris sur les atrocit\u00e9s coloniales commises en Alg\u00e9rie : La France face \u00e0 son pass\u00e9 colonial - La Sentinelle\" \/>\n<meta property=\"og:description\" content=\"La torture, les essais nucl\u00e9aires et les massacres en Alg\u00e9rie, ces pages sombres de l&rsquo;histoire fran\u00e7aise continuent de hanter les\" \/>\n<meta property=\"og:url\" content=\"https:\/\/lasentinelle.dz\/index.php\/2025\/02\/03\/conference-debat-jeudi-prochain-a-paris-sur-les-atrocites-coloniales-commises-en-algerie-la-france-face-a-son-passe-colonial\/\" \/>\n<meta property=\"og:site_name\" content=\"La Sentinelle\" \/>\n<meta property=\"article:publisher\" content=\"https:\/\/www.facebook.com\/La-Sentinelle-104059864394773\" \/>\n<meta property=\"article:published_time\" content=\"2025-02-03T10:50:07+00:00\" \/>\n<meta property=\"article:modified_time\" content=\"2025-02-03T10:50:08+00:00\" \/>\n<meta property=\"og:image\" content=\"https:\/\/lasentinelle.dz\/wp-content\/uploads\/2025\/02\/crimes-coloniaux.jpg\" \/>\n\t<meta property=\"og:image:width\" content=\"1060\" \/>\n\t<meta property=\"og:image:height\" content=\"800\" \/>\n\t<meta property=\"og:image:type\" content=\"image\/jpeg\" \/>\n<meta name=\"author\" content=\"admin\" \/>\n<meta name=\"twitter:card\" content=\"summary_large_image\" \/>\n<meta name=\"twitter:label1\" content=\"\u00c9crit par\" \/>\n\t<meta name=\"twitter:data1\" content=\"admin\" \/>\n\t<meta name=\"twitter:label2\" content=\"Dur\u00e9e de lecture estim\u00e9e\" \/>\n\t<meta name=\"twitter:data2\" content=\"3 minutes\" \/>\n<script type=\"application\/ld+json\" class=\"yoast-schema-graph\">{\"@context\":\"https:\\\/\\\/schema.org\",\"@graph\":[{\"@type\":\"Article\",\"@id\":\"https:\\\/\\\/lasentinelle.dz\\\/index.php\\\/2025\\\/02\\\/03\\\/conference-debat-jeudi-prochain-a-paris-sur-les-atrocites-coloniales-commises-en-algerie-la-france-face-a-son-passe-colonial\\\/#article\",\"isPartOf\":{\"@id\":\"https:\\\/\\\/lasentinelle.dz\\\/index.php\\\/2025\\\/02\\\/03\\\/conference-debat-jeudi-prochain-a-paris-sur-les-atrocites-coloniales-commises-en-algerie-la-france-face-a-son-passe-colonial\\\/\"},\"author\":{\"name\":\"admin\",\"@id\":\"https:\\\/\\\/lasentinelle.dz\\\/#\\\/schema\\\/person\\\/729ee0024f24e0b8c5ec17232f8e8b41\"},\"headline\":\"Conf\u00e9rence-d\u00e9bat jeudi prochain \u00e0 Paris sur les atrocit\u00e9s coloniales commises en Alg\u00e9rie : La France face \u00e0 son pass\u00e9 colonial\",\"datePublished\":\"2025-02-03T10:50:07+00:00\",\"dateModified\":\"2025-02-03T10:50:08+00:00\",\"mainEntityOfPage\":{\"@id\":\"https:\\\/\\\/lasentinelle.dz\\\/index.php\\\/2025\\\/02\\\/03\\\/conference-debat-jeudi-prochain-a-paris-sur-les-atrocites-coloniales-commises-en-algerie-la-france-face-a-son-passe-colonial\\\/\"},\"wordCount\":604,\"commentCount\":0,\"publisher\":{\"@id\":\"https:\\\/\\\/lasentinelle.dz\\\/#organization\"},\"image\":{\"@id\":\"https:\\\/\\\/lasentinelle.dz\\\/index.php\\\/2025\\\/02\\\/03\\\/conference-debat-jeudi-prochain-a-paris-sur-les-atrocites-coloniales-commises-en-algerie-la-france-face-a-son-passe-colonial\\\/#primaryimage\"},\"thumbnailUrl\":\"https:\\\/\\\/lasentinelle.dz\\\/wp-content\\\/uploads\\\/2025\\\/02\\\/crimes-coloniaux.jpg\",\"articleSection\":[\"Actualit\u00e9\"],\"inLanguage\":\"fr-FR\",\"potentialAction\":[{\"@type\":\"CommentAction\",\"name\":\"Comment\",\"target\":[\"https:\\\/\\\/lasentinelle.dz\\\/index.php\\\/2025\\\/02\\\/03\\\/conference-debat-jeudi-prochain-a-paris-sur-les-atrocites-coloniales-commises-en-algerie-la-france-face-a-son-passe-colonial\\\/#respond\"]}]},{\"@type\":\"WebPage\",\"@id\":\"https:\\\/\\\/lasentinelle.dz\\\/index.php\\\/2025\\\/02\\\/03\\\/conference-debat-jeudi-prochain-a-paris-sur-les-atrocites-coloniales-commises-en-algerie-la-france-face-a-son-passe-colonial\\\/\",\"url\":\"https:\\\/\\\/lasentinelle.dz\\\/index.php\\\/2025\\\/02\\\/03\\\/conference-debat-jeudi-prochain-a-paris-sur-les-atrocites-coloniales-commises-en-algerie-la-france-face-a-son-passe-colonial\\\/\",\"name\":\"Conf\u00e9rence-d\u00e9bat jeudi prochain \u00e0 Paris sur les atrocit\u00e9s coloniales commises en Alg\u00e9rie : La France face \u00e0 son pass\u00e9 colonial - La Sentinelle\",\"isPartOf\":{\"@id\":\"https:\\\/\\\/lasentinelle.dz\\\/#website\"},\"primaryImageOfPage\":{\"@id\":\"https:\\\/\\\/lasentinelle.dz\\\/index.php\\\/2025\\\/02\\\/03\\\/conference-debat-jeudi-prochain-a-paris-sur-les-atrocites-coloniales-commises-en-algerie-la-france-face-a-son-passe-colonial\\\/#primaryimage\"},\"image\":{\"@id\":\"https:\\\/\\\/lasentinelle.dz\\\/index.php\\\/2025\\\/02\\\/03\\\/conference-debat-jeudi-prochain-a-paris-sur-les-atrocites-coloniales-commises-en-algerie-la-france-face-a-son-passe-colonial\\\/#primaryimage\"},\"thumbnailUrl\":\"https:\\\/\\\/lasentinelle.dz\\\/wp-content\\\/uploads\\\/2025\\\/02\\\/crimes-coloniaux.jpg\",\"datePublished\":\"2025-02-03T10:50:07+00:00\",\"dateModified\":\"2025-02-03T10:50:08+00:00\",\"breadcrumb\":{\"@id\":\"https:\\\/\\\/lasentinelle.dz\\\/index.php\\\/2025\\\/02\\\/03\\\/conference-debat-jeudi-prochain-a-paris-sur-les-atrocites-coloniales-commises-en-algerie-la-france-face-a-son-passe-colonial\\\/#breadcrumb\"},\"inLanguage\":\"fr-FR\",\"potentialAction\":[{\"@type\":\"ReadAction\",\"target\":[\"https:\\\/\\\/lasentinelle.dz\\\/index.php\\\/2025\\\/02\\\/03\\\/conference-debat-jeudi-prochain-a-paris-sur-les-atrocites-coloniales-commises-en-algerie-la-france-face-a-son-passe-colonial\\\/\"]}]},{\"@type\":\"ImageObject\",\"inLanguage\":\"fr-FR\",\"@id\":\"https:\\\/\\\/lasentinelle.dz\\\/index.php\\\/2025\\\/02\\\/03\\\/conference-debat-jeudi-prochain-a-paris-sur-les-atrocites-coloniales-commises-en-algerie-la-france-face-a-son-passe-colonial\\\/#primaryimage\",\"url\":\"https:\\\/\\\/lasentinelle.dz\\\/wp-content\\\/uploads\\\/2025\\\/02\\\/crimes-coloniaux.jpg\",\"contentUrl\":\"https:\\\/\\\/lasentinelle.dz\\\/wp-content\\\/uploads\\\/2025\\\/02\\\/crimes-coloniaux.jpg\",\"width\":1060,\"height\":800},{\"@type\":\"BreadcrumbList\",\"@id\":\"https:\\\/\\\/lasentinelle.dz\\\/index.php\\\/2025\\\/02\\\/03\\\/conference-debat-jeudi-prochain-a-paris-sur-les-atrocites-coloniales-commises-en-algerie-la-france-face-a-son-passe-colonial\\\/#breadcrumb\",\"itemListElement\":[{\"@type\":\"ListItem\",\"position\":1,\"name\":\"Accueil\",\"item\":\"https:\\\/\\\/lasentinelle.dz\\\/\"},{\"@type\":\"ListItem\",\"position\":2,\"name\":\"Conf\u00e9rence-d\u00e9bat jeudi prochain \u00e0 Paris sur les atrocit\u00e9s coloniales commises en Alg\u00e9rie : La France face \u00e0 son pass\u00e9 colonial\"}]},{\"@type\":\"WebSite\",\"@id\":\"https:\\\/\\\/lasentinelle.dz\\\/#website\",\"url\":\"https:\\\/\\\/lasentinelle.dz\\\/\",\"name\":\"La Sentinelle\",\"description\":\"Quotidien national d&#039;information\",\"publisher\":{\"@id\":\"https:\\\/\\\/lasentinelle.dz\\\/#organization\"},\"potentialAction\":[{\"@type\":\"SearchAction\",\"target\":{\"@type\":\"EntryPoint\",\"urlTemplate\":\"https:\\\/\\\/lasentinelle.dz\\\/?s={search_term_string}\"},\"query-input\":{\"@type\":\"PropertyValueSpecification\",\"valueRequired\":true,\"valueName\":\"search_term_string\"}}],\"inLanguage\":\"fr-FR\"},{\"@type\":\"Organization\",\"@id\":\"https:\\\/\\\/lasentinelle.dz\\\/#organization\",\"name\":\"Quotidien La Sentinelle\",\"url\":\"https:\\\/\\\/lasentinelle.dz\\\/\",\"logo\":{\"@type\":\"ImageObject\",\"inLanguage\":\"fr-FR\",\"@id\":\"https:\\\/\\\/lasentinelle.dz\\\/#\\\/schema\\\/logo\\\/image\\\/\",\"url\":\"https:\\\/\\\/lasentinelle.dz\\\/wp-content\\\/uploads\\\/2021\\\/09\\\/logo-sentinelleSLOGAN-1.png\",\"contentUrl\":\"https:\\\/\\\/lasentinelle.dz\\\/wp-content\\\/uploads\\\/2021\\\/09\\\/logo-sentinelleSLOGAN-1.png\",\"width\":615,\"height\":142,\"caption\":\"Quotidien La Sentinelle\"},\"image\":{\"@id\":\"https:\\\/\\\/lasentinelle.dz\\\/#\\\/schema\\\/logo\\\/image\\\/\"},\"sameAs\":[\"https:\\\/\\\/www.facebook.com\\\/La-Sentinelle-104059864394773\"]},{\"@type\":\"Person\",\"@id\":\"https:\\\/\\\/lasentinelle.dz\\\/#\\\/schema\\\/person\\\/729ee0024f24e0b8c5ec17232f8e8b41\",\"name\":\"admin\",\"image\":{\"@type\":\"ImageObject\",\"inLanguage\":\"fr-FR\",\"@id\":\"https:\\\/\\\/secure.gravatar.com\\\/avatar\\\/4c81fed838786e9b53f540bf46533e750f5d292099ae3b66cfc6fb1982e29df7?s=96&d=mm&r=g\",\"url\":\"https:\\\/\\\/secure.gravatar.com\\\/avatar\\\/4c81fed838786e9b53f540bf46533e750f5d292099ae3b66cfc6fb1982e29df7?s=96&d=mm&r=g\",\"contentUrl\":\"https:\\\/\\\/secure.gravatar.com\\\/avatar\\\/4c81fed838786e9b53f540bf46533e750f5d292099ae3b66cfc6fb1982e29df7?s=96&d=mm&r=g\",\"caption\":\"admin\"},\"description\":\"admin\",\"url\":\"https:\\\/\\\/lasentinelle.dz\\\/author\\\/admin\\\/\"}]}<\/script>\n<!-- \/ Yoast SEO plugin. -->","yoast_head_json":{"title":"Conf\u00e9rence-d\u00e9bat jeudi prochain \u00e0 Paris sur les atrocit\u00e9s coloniales commises en Alg\u00e9rie : La France face \u00e0 son pass\u00e9 colonial - La Sentinelle","robots":{"index":"index","follow":"follow","max-snippet":"max-snippet:-1","max-image-preview":"max-image-preview:large","max-video-preview":"max-video-preview:-1"},"canonical":"https:\/\/lasentinelle.dz\/index.php\/2025\/02\/03\/conference-debat-jeudi-prochain-a-paris-sur-les-atrocites-coloniales-commises-en-algerie-la-france-face-a-son-passe-colonial\/","og_locale":"fr_FR","og_type":"article","og_title":"Conf\u00e9rence-d\u00e9bat jeudi prochain \u00e0 Paris sur les atrocit\u00e9s coloniales commises en Alg\u00e9rie : La France face \u00e0 son pass\u00e9 colonial - La Sentinelle","og_description":"La torture, les essais nucl\u00e9aires et les massacres en Alg\u00e9rie, ces pages sombres de l&rsquo;histoire fran\u00e7aise continuent de hanter les","og_url":"https:\/\/lasentinelle.dz\/index.php\/2025\/02\/03\/conference-debat-jeudi-prochain-a-paris-sur-les-atrocites-coloniales-commises-en-algerie-la-france-face-a-son-passe-colonial\/","og_site_name":"La Sentinelle","article_publisher":"https:\/\/www.facebook.com\/La-Sentinelle-104059864394773","article_published_time":"2025-02-03T10:50:07+00:00","article_modified_time":"2025-02-03T10:50:08+00:00","og_image":[{"width":1060,"height":800,"url":"https:\/\/lasentinelle.dz\/wp-content\/uploads\/2025\/02\/crimes-coloniaux.jpg","type":"image\/jpeg"}],"author":"admin","twitter_card":"summary_large_image","twitter_misc":{"\u00c9crit par":"admin","Dur\u00e9e de lecture estim\u00e9e":"3 minutes"},"schema":{"@context":"https:\/\/schema.org","@graph":[{"@type":"Article","@id":"https:\/\/lasentinelle.dz\/index.php\/2025\/02\/03\/conference-debat-jeudi-prochain-a-paris-sur-les-atrocites-coloniales-commises-en-algerie-la-france-face-a-son-passe-colonial\/#article","isPartOf":{"@id":"https:\/\/lasentinelle.dz\/index.php\/2025\/02\/03\/conference-debat-jeudi-prochain-a-paris-sur-les-atrocites-coloniales-commises-en-algerie-la-france-face-a-son-passe-colonial\/"},"author":{"name":"admin","@id":"https:\/\/lasentinelle.dz\/#\/schema\/person\/729ee0024f24e0b8c5ec17232f8e8b41"},"headline":"Conf\u00e9rence-d\u00e9bat jeudi prochain \u00e0 Paris sur les atrocit\u00e9s coloniales commises en Alg\u00e9rie : La France face \u00e0 son pass\u00e9 colonial","datePublished":"2025-02-03T10:50:07+00:00","dateModified":"2025-02-03T10:50:08+00:00","mainEntityOfPage":{"@id":"https:\/\/lasentinelle.dz\/index.php\/2025\/02\/03\/conference-debat-jeudi-prochain-a-paris-sur-les-atrocites-coloniales-commises-en-algerie-la-france-face-a-son-passe-colonial\/"},"wordCount":604,"commentCount":0,"publisher":{"@id":"https:\/\/lasentinelle.dz\/#organization"},"image":{"@id":"https:\/\/lasentinelle.dz\/index.php\/2025\/02\/03\/conference-debat-jeudi-prochain-a-paris-sur-les-atrocites-coloniales-commises-en-algerie-la-france-face-a-son-passe-colonial\/#primaryimage"},"thumbnailUrl":"https:\/\/lasentinelle.dz\/wp-content\/uploads\/2025\/02\/crimes-coloniaux.jpg","articleSection":["Actualit\u00e9"],"inLanguage":"fr-FR","potentialAction":[{"@type":"CommentAction","name":"Comment","target":["https:\/\/lasentinelle.dz\/index.php\/2025\/02\/03\/conference-debat-jeudi-prochain-a-paris-sur-les-atrocites-coloniales-commises-en-algerie-la-france-face-a-son-passe-colonial\/#respond"]}]},{"@type":"WebPage","@id":"https:\/\/lasentinelle.dz\/index.php\/2025\/02\/03\/conference-debat-jeudi-prochain-a-paris-sur-les-atrocites-coloniales-commises-en-algerie-la-france-face-a-son-passe-colonial\/","url":"https:\/\/lasentinelle.dz\/index.php\/2025\/02\/03\/conference-debat-jeudi-prochain-a-paris-sur-les-atrocites-coloniales-commises-en-algerie-la-france-face-a-son-passe-colonial\/","name":"Conf\u00e9rence-d\u00e9bat jeudi prochain \u00e0 Paris sur les atrocit\u00e9s coloniales commises en Alg\u00e9rie : La France face \u00e0 son pass\u00e9 colonial - La Sentinelle","isPartOf":{"@id":"https:\/\/lasentinelle.dz\/#website"},"primaryImageOfPage":{"@id":"https:\/\/lasentinelle.dz\/index.php\/2025\/02\/03\/conference-debat-jeudi-prochain-a-paris-sur-les-atrocites-coloniales-commises-en-algerie-la-france-face-a-son-passe-colonial\/#primaryimage"},"image":{"@id":"https:\/\/lasentinelle.dz\/index.php\/2025\/02\/03\/conference-debat-jeudi-prochain-a-paris-sur-les-atrocites-coloniales-commises-en-algerie-la-france-face-a-son-passe-colonial\/#primaryimage"},"thumbnailUrl":"https:\/\/lasentinelle.dz\/wp-content\/uploads\/2025\/02\/crimes-coloniaux.jpg","datePublished":"2025-02-03T10:50:07+00:00","dateModified":"2025-02-03T10:50:08+00:00","breadcrumb":{"@id":"https:\/\/lasentinelle.dz\/index.php\/2025\/02\/03\/conference-debat-jeudi-prochain-a-paris-sur-les-atrocites-coloniales-commises-en-algerie-la-france-face-a-son-passe-colonial\/#breadcrumb"},"inLanguage":"fr-FR","potentialAction":[{"@type":"ReadAction","target":["https:\/\/lasentinelle.dz\/index.php\/2025\/02\/03\/conference-debat-jeudi-prochain-a-paris-sur-les-atrocites-coloniales-commises-en-algerie-la-france-face-a-son-passe-colonial\/"]}]},{"@type":"ImageObject","inLanguage":"fr-FR","@id":"https:\/\/lasentinelle.dz\/index.php\/2025\/02\/03\/conference-debat-jeudi-prochain-a-paris-sur-les-atrocites-coloniales-commises-en-algerie-la-france-face-a-son-passe-colonial\/#primaryimage","url":"https:\/\/lasentinelle.dz\/wp-content\/uploads\/2025\/02\/crimes-coloniaux.jpg","contentUrl":"https:\/\/lasentinelle.dz\/wp-content\/uploads\/2025\/02\/crimes-coloniaux.jpg","width":1060,"height":800},{"@type":"BreadcrumbList","@id":"https:\/\/lasentinelle.dz\/index.php\/2025\/02\/03\/conference-debat-jeudi-prochain-a-paris-sur-les-atrocites-coloniales-commises-en-algerie-la-france-face-a-son-passe-colonial\/#breadcrumb","itemListElement":[{"@type":"ListItem","position":1,"name":"Accueil","item":"https:\/\/lasentinelle.dz\/"},{"@type":"ListItem","position":2,"name":"Conf\u00e9rence-d\u00e9bat jeudi prochain \u00e0 Paris sur les atrocit\u00e9s coloniales commises en Alg\u00e9rie : La France face \u00e0 son pass\u00e9 colonial"}]},{"@type":"WebSite","@id":"https:\/\/lasentinelle.dz\/#website","url":"https:\/\/lasentinelle.dz\/","name":"La Sentinelle","description":"Quotidien national d&#039;information","publisher":{"@id":"https:\/\/lasentinelle.dz\/#organization"},"potentialAction":[{"@type":"SearchAction","target":{"@type":"EntryPoint","urlTemplate":"https:\/\/lasentinelle.dz\/?s={search_term_string}"},"query-input":{"@type":"PropertyValueSpecification","valueRequired":true,"valueName":"search_term_string"}}],"inLanguage":"fr-FR"},{"@type":"Organization","@id":"https:\/\/lasentinelle.dz\/#organization","name":"Quotidien La Sentinelle","url":"https:\/\/lasentinelle.dz\/","logo":{"@type":"ImageObject","inLanguage":"fr-FR","@id":"https:\/\/lasentinelle.dz\/#\/schema\/logo\/image\/","url":"https:\/\/lasentinelle.dz\/wp-content\/uploads\/2021\/09\/logo-sentinelleSLOGAN-1.png","contentUrl":"https:\/\/lasentinelle.dz\/wp-content\/uploads\/2021\/09\/logo-sentinelleSLOGAN-1.png","width":615,"height":142,"caption":"Quotidien La Sentinelle"},"image":{"@id":"https:\/\/lasentinelle.dz\/#\/schema\/logo\/image\/"},"sameAs":["https:\/\/www.facebook.com\/La-Sentinelle-104059864394773"]},{"@type":"Person","@id":"https:\/\/lasentinelle.dz\/#\/schema\/person\/729ee0024f24e0b8c5ec17232f8e8b41","name":"admin","image":{"@type":"ImageObject","inLanguage":"fr-FR","@id":"https:\/\/secure.gravatar.com\/avatar\/4c81fed838786e9b53f540bf46533e750f5d292099ae3b66cfc6fb1982e29df7?s=96&d=mm&r=g","url":"https:\/\/secure.gravatar.com\/avatar\/4c81fed838786e9b53f540bf46533e750f5d292099ae3b66cfc6fb1982e29df7?s=96&d=mm&r=g","contentUrl":"https:\/\/secure.gravatar.com\/avatar\/4c81fed838786e9b53f540bf46533e750f5d292099ae3b66cfc6fb1982e29df7?s=96&d=mm&r=g","caption":"admin"},"description":"admin","url":"https:\/\/lasentinelle.dz\/author\/admin\/"}]}},"_links":{"self":[{"href":"https:\/\/lasentinelle.dz\/index.php\/wp-json\/wp\/v2\/posts\/62477","targetHints":{"allow":["GET"]}}],"collection":[{"href":"https:\/\/lasentinelle.dz\/index.php\/wp-json\/wp\/v2\/posts"}],"about":[{"href":"https:\/\/lasentinelle.dz\/index.php\/wp-json\/wp\/v2\/types\/post"}],"author":[{"embeddable":true,"href":"https:\/\/lasentinelle.dz\/index.php\/wp-json\/wp\/v2\/users\/6"}],"replies":[{"embeddable":true,"href":"https:\/\/lasentinelle.dz\/index.php\/wp-json\/wp\/v2\/comments?post=62477"}],"version-history":[{"count":1,"href":"https:\/\/lasentinelle.dz\/index.php\/wp-json\/wp\/v2\/posts\/62477\/revisions"}],"predecessor-version":[{"id":62479,"href":"https:\/\/lasentinelle.dz\/index.php\/wp-json\/wp\/v2\/posts\/62477\/revisions\/62479"}],"wp:featuredmedia":[{"embeddable":true,"href":"https:\/\/lasentinelle.dz\/index.php\/wp-json\/wp\/v2\/media\/62478"}],"wp:attachment":[{"href":"https:\/\/lasentinelle.dz\/index.php\/wp-json\/wp\/v2\/media?parent=62477"}],"wp:term":[{"taxonomy":"category","embeddable":true,"href":"https:\/\/lasentinelle.dz\/index.php\/wp-json\/wp\/v2\/categories?post=62477"},{"taxonomy":"post_tag","embeddable":true,"href":"https:\/\/lasentinelle.dz\/index.php\/wp-json\/wp\/v2\/tags?post=62477"}],"curies":[{"name":"wp","href":"https:\/\/api.w.org\/{rel}","templated":true}]}}