{"id":62480,"date":"2025-02-03T11:50:46","date_gmt":"2025-02-03T10:50:46","guid":{"rendered":"https:\/\/lasentinelle.dz\/?p=62480"},"modified":"2025-02-03T11:50:47","modified_gmt":"2025-02-03T10:50:47","slug":"la-campagne-de-lextreme-droite-francaise-vertement-decriee-la-souverainete-de-lalgerie-une-ligne-rouge","status":"publish","type":"post","link":"https:\/\/lasentinelle.dz\/index.php\/2025\/02\/03\/la-campagne-de-lextreme-droite-francaise-vertement-decriee-la-souverainete-de-lalgerie-une-ligne-rouge\/","title":{"rendered":"La campagne de l\u2019extr\u00eame droite fran\u00e7aise vertement d\u00e9cri\u00e9e: La Souverainet\u00e9 de l&rsquo;Alg\u00e9rie, une ligne rouge"},"content":{"rendered":"\n<p>Les relations franco-alg\u00e9riennes traversent une nouvelle p\u00e9riode de turbulence, marqu\u00e9e par des tensions diplomatiques croissantes sur fond d\u2019une mont\u00e9e des discours alg\u00e9ro-phobes de l&rsquo;extr\u00eame droite fran\u00e7aise. Pour le sp\u00e9cialiste des relations internationales Gamal Abina, la persistance de ces tensions trouve sa source dans le rapport probl\u00e9matique que la France entretient avec son histoire coloniale, n&rsquo;ayant \u00ab\u00a0toujours pas dig\u00e9r\u00e9 sa d\u00e9faite\u00a0\u00bb en Alg\u00e9rie. S&rsquo;exprimant dans l&rsquo;\u00e9mission \u00ab\u00a0L&rsquo;invit\u00e9 du jour\u00a0\u00bb de la radio alg\u00e9rienne, l&rsquo;expert pointe du doigt l&rsquo;attitude condescendante persistante de Paris envers Alger, notamment dans son refus de reconna\u00eetre pleinement ses crimes coloniaux, une position qui continue d&#8217;empoisonner les relations bilat\u00e9rales 63 ans apr\u00e8s l&rsquo;ind\u00e9pendance. Cette tension s&rsquo;est particuli\u00e8rement cristallis\u00e9e autour des r\u00e9centes d\u00e9clarations de Marine Le Pen, pr\u00e9sidente du groupe Rassemblement National \u00e0 l&rsquo;Assembl\u00e9e nationale fran\u00e7aise, qui a provoqu\u00e9 l&rsquo;indignation en affirmant que la colonisation n&rsquo;\u00e9tait pas un drame et que l&rsquo;Alg\u00e9rie aurait pu devenir \u00ab\u00a0la Norv\u00e8ge du Maghreb\u00a0\u00bb. Face \u00e0 ces propos, Abina rappelle avec force que les infrastructures coloniales ont \u00e9t\u00e9 construites \u00ab\u00a0par le sang et le dur labeur des ouvriers alg\u00e9riens r\u00e9duits \u00e0 l&rsquo;esclavage\u00a0\u00bb, d\u00e9non\u00e7ant une lecture de l&rsquo;histoire \u00ab\u00a0mythifi\u00e9e\u00a0\u00bb et d\u00e9connect\u00e9e des travaux des v\u00e9ritables historiens. La situation s&rsquo;est encore d\u00e9t\u00e9rior\u00e9e avec la multiplication des incidents impliquant des ressortissants alg\u00e9riens dans les a\u00e9roports fran\u00e7ais, r\u00e9v\u00e9lant selon Abina une volont\u00e9 d\u00e9lib\u00e9r\u00e9e de l&rsquo;extr\u00eame droite de stigmatiser la communaut\u00e9 alg\u00e9rienne. Cette strat\u00e9gie s&rsquo;inscrit dans un contexte plus large de crise politique et \u00e9conomique en France, o\u00f9 certains cherchent \u00e0 faire de l&rsquo;Alg\u00e9rie et des Alg\u00e9riens les boucs \u00e9missaires des difficult\u00e9s nationales.<\/p>\n\n\n\n<p>Une campagne d\u00e9nonc\u00e9e en France<\/p>\n\n\n\n<p>Cependant, ces positions extr\u00e9mistes ne font pas l&rsquo;unanimit\u00e9 en France. Plusieurs voix s&rsquo;\u00e9l\u00e8vent pour d\u00e9noncer cet acharnement contre l&rsquo;Alg\u00e9rie, \u00e0 l&rsquo;image de l&rsquo;ancienne ministre S\u00e9gol\u00e8ne Royal qui a fermement condamn\u00e9 les \u00ab\u00a0discours m\u00e9prisants\u00a0\u00bb envers l&rsquo;Alg\u00e9rie, rappelant l&rsquo;existence d&rsquo;une \u00ab\u00a0grande civilisation alg\u00e9rienne\u00a0\u00bb brutalement bris\u00e9e par la colonisation. Dans la m\u00eame veine, le d\u00e9put\u00e9 de La France Insoumise Bastien Lachaud a d\u00e9nonc\u00e9 au Parlement l'\u00a0\u00bbalg\u00e9rophobie\u00a0\u00bb comme rente politique de la droite et de l&rsquo;extr\u00eame droite, appelant \u00e0 \u00ab\u00a0s&rsquo;opposer \u00e0 ce d\u00e9ferlement de haine\u00a0\u00bb. Les r\u00e9centes pol\u00e9miques, notamment autour de l&rsquo;expulsion controvers\u00e9e d&rsquo;un influenceur alg\u00e9rien et de pr\u00e9tendues dettes hospitali\u00e8res, ont d&rsquo;ailleurs \u00e9t\u00e9 largement d\u00e9construites par les institutions fran\u00e7aises elles-m\u00eames. Le tribunal administratif de Paris a ainsi d\u00e9savou\u00e9 le ministre de l&rsquo;Int\u00e9rieur Bruno Retailleau concernant la proc\u00e9dure d&rsquo;expulsion, tandis que le ministre des Affaires \u00e9trang\u00e8res Jean-Noel Barrot a compl\u00e8tement d\u00e9fait la propagande de l\u2019extr\u00eame droite sur la dette hospitali\u00e8re alg\u00e9rienne, confirmant que celle-ci ne s\u2019\u00e9l\u00e8ve qu\u2019\u00e0 2,58 millions d&rsquo;euros, repr\u00e9sentait une situation \u00ab\u00a0tr\u00e8s acceptable\u00a0\u00bb, sachant que ce montant fait l\u2019objet d\u2019un contentieux sur lequel Paris \u00e9vite de se pencher. Ces d\u00e9veloppements r\u00e9v\u00e8lent l&rsquo;\u00e9mergence d&rsquo;une autre France, plus lucide sur les enjeux r\u00e9els des relations franco-alg\u00e9riennes et consciente des dangers d&rsquo;une instrumentalisation politique de l&rsquo;histoire coloniale. Face aux d\u00e9fis majeurs auxquels est confront\u00e9e la R\u00e9publique fran\u00e7aise &#8211; relance \u00e9conomique, d\u00e9ficit budg\u00e9taire, positionnement g\u00e9ostrat\u00e9gique, perte d&rsquo;influence &#8211; le recours \u00e0 des pol\u00e9miques artificielles avec l&rsquo;Alg\u00e9rie appara\u00eet comme un \u00ab\u00a0cache-mis\u00e8re\u00a0\u00bb destin\u00e9 \u00e0 masquer l&rsquo;absence de solutions concr\u00e8tes aux probl\u00e8mes nationaux en France. La souverainet\u00e9 de l&rsquo;Alg\u00e9rie demeure ainsi une ligne rouge intangible, dont la remise en cause par certains cercles fran\u00e7ais traduit moins une vision politique coh\u00e9rente qu&rsquo;un aveu d&rsquo;impuissance face aux d\u00e9fis contemporains. Comme le souligne Catherine Tricot, directrice de la revue Regards, les attaques contre l&rsquo;Alg\u00e9rie servent de pr\u00e9texte pour \u00ab\u00a0d\u00e9velopper un discours de guerre de civilisation contre le monde musulman\u00a0\u00bb, r\u00e9v\u00e9lant ainsi les v\u00e9ritables motivations id\u00e9ologiques derri\u00e8re ces tensions diplomatiques.<\/p>\n\n\n\n<p>Chokri Hafed<\/p>\n","protected":false},"excerpt":{"rendered":"<p>Les relations franco-alg\u00e9riennes traversent une nouvelle p\u00e9riode de turbulence, marqu\u00e9e par des tensions diplomatiques croissantes sur fond d\u2019une mont\u00e9e des<\/p>\n","protected":false},"author":6,"featured_media":0,"comment_status":"open","ping_status":"closed","sticky":false,"template":"","format":"standard","meta":{"colormag_page_container_layout":"default_layout","colormag_page_sidebar_layout":"default_layout","om_disable_all_campaigns":false,"_monsterinsights_skip_tracking":false,"_monsterinsights_sitenote_active":false,"_monsterinsights_sitenote_note":"","_monsterinsights_sitenote_category":0,"footnotes":"","_wpscppro_dont_share_socialmedia":false,"_wpscppro_custom_social_share_image":0,"_facebook_share_type":"default","_twitter_share_type":"default","_linkedin_share_type":"default","_pinterest_share_type":"default","_linkedin_share_type_page":"","_instagram_share_type":"default","_medium_share_type":"default","_threads_share_type":"","_google_business_share_type":"","_selected_social_profile":[],"_wpsp_enable_custom_social_template":false,"_wpsp_social_scheduling":{"enabled":false,"datetime":null,"platforms":[],"status":"template_only","dateOption":"today","timeOption":"now","customDays":"","customHours":"","customDate":"","customTime":"","schedulingType":"absolute"},"_wpsp_active_default_template":true},"categories":[27],"tags":[],"class_list":["post-62480","post","type-post","status-publish","format-standard","hentry","category-actualite"],"aioseo_notices":[],"yoast_head":"<!-- This site is optimized with the Yoast SEO plugin v27.5 - https:\/\/yoast.com\/product\/yoast-seo-wordpress\/ -->\n<title>La campagne de l\u2019extr\u00eame droite fran\u00e7aise vertement d\u00e9cri\u00e9e: La Souverainet\u00e9 de l&rsquo;Alg\u00e9rie, une ligne rouge - La Sentinelle<\/title>\n<meta name=\"robots\" content=\"index, follow, max-snippet:-1, max-image-preview:large, max-video-preview:-1\" \/>\n<link rel=\"canonical\" href=\"https:\/\/lasentinelle.dz\/index.php\/2025\/02\/03\/la-campagne-de-lextreme-droite-francaise-vertement-decriee-la-souverainete-de-lalgerie-une-ligne-rouge\/\" \/>\n<meta property=\"og:locale\" content=\"fr_FR\" \/>\n<meta property=\"og:type\" content=\"article\" \/>\n<meta property=\"og:title\" content=\"La campagne de l\u2019extr\u00eame droite fran\u00e7aise vertement d\u00e9cri\u00e9e: La Souverainet\u00e9 de l&rsquo;Alg\u00e9rie, une ligne rouge - La Sentinelle\" \/>\n<meta property=\"og:description\" content=\"Les relations franco-alg\u00e9riennes traversent une nouvelle p\u00e9riode de turbulence, marqu\u00e9e par des tensions diplomatiques croissantes sur fond d\u2019une mont\u00e9e des\" \/>\n<meta property=\"og:url\" content=\"https:\/\/lasentinelle.dz\/index.php\/2025\/02\/03\/la-campagne-de-lextreme-droite-francaise-vertement-decriee-la-souverainete-de-lalgerie-une-ligne-rouge\/\" \/>\n<meta property=\"og:site_name\" content=\"La Sentinelle\" \/>\n<meta property=\"article:publisher\" content=\"https:\/\/www.facebook.com\/La-Sentinelle-104059864394773\" \/>\n<meta property=\"article:published_time\" content=\"2025-02-03T10:50:46+00:00\" \/>\n<meta property=\"article:modified_time\" content=\"2025-02-03T10:50:47+00:00\" \/>\n<meta name=\"author\" content=\"admin\" \/>\n<meta name=\"twitter:card\" content=\"summary_large_image\" \/>\n<meta name=\"twitter:label1\" content=\"\u00c9crit par\" \/>\n\t<meta name=\"twitter:data1\" content=\"admin\" \/>\n\t<meta name=\"twitter:label2\" content=\"Dur\u00e9e de lecture estim\u00e9e\" \/>\n\t<meta name=\"twitter:data2\" content=\"3 minutes\" \/>\n<script type=\"application\/ld+json\" class=\"yoast-schema-graph\">{\"@context\":\"https:\\\/\\\/schema.org\",\"@graph\":[{\"@type\":\"Article\",\"@id\":\"https:\\\/\\\/lasentinelle.dz\\\/index.php\\\/2025\\\/02\\\/03\\\/la-campagne-de-lextreme-droite-francaise-vertement-decriee-la-souverainete-de-lalgerie-une-ligne-rouge\\\/#article\",\"isPartOf\":{\"@id\":\"https:\\\/\\\/lasentinelle.dz\\\/index.php\\\/2025\\\/02\\\/03\\\/la-campagne-de-lextreme-droite-francaise-vertement-decriee-la-souverainete-de-lalgerie-une-ligne-rouge\\\/\"},\"author\":{\"name\":\"admin\",\"@id\":\"https:\\\/\\\/lasentinelle.dz\\\/#\\\/schema\\\/person\\\/729ee0024f24e0b8c5ec17232f8e8b41\"},\"headline\":\"La campagne de l\u2019extr\u00eame droite fran\u00e7aise vertement d\u00e9cri\u00e9e: La Souverainet\u00e9 de l&rsquo;Alg\u00e9rie, une ligne rouge\",\"datePublished\":\"2025-02-03T10:50:46+00:00\",\"dateModified\":\"2025-02-03T10:50:47+00:00\",\"mainEntityOfPage\":{\"@id\":\"https:\\\/\\\/lasentinelle.dz\\\/index.php\\\/2025\\\/02\\\/03\\\/la-campagne-de-lextreme-droite-francaise-vertement-decriee-la-souverainete-de-lalgerie-une-ligne-rouge\\\/\"},\"wordCount\":764,\"commentCount\":0,\"publisher\":{\"@id\":\"https:\\\/\\\/lasentinelle.dz\\\/#organization\"},\"articleSection\":[\"Actualit\u00e9\"],\"inLanguage\":\"fr-FR\",\"potentialAction\":[{\"@type\":\"CommentAction\",\"name\":\"Comment\",\"target\":[\"https:\\\/\\\/lasentinelle.dz\\\/index.php\\\/2025\\\/02\\\/03\\\/la-campagne-de-lextreme-droite-francaise-vertement-decriee-la-souverainete-de-lalgerie-une-ligne-rouge\\\/#respond\"]}]},{\"@type\":\"WebPage\",\"@id\":\"https:\\\/\\\/lasentinelle.dz\\\/index.php\\\/2025\\\/02\\\/03\\\/la-campagne-de-lextreme-droite-francaise-vertement-decriee-la-souverainete-de-lalgerie-une-ligne-rouge\\\/\",\"url\":\"https:\\\/\\\/lasentinelle.dz\\\/index.php\\\/2025\\\/02\\\/03\\\/la-campagne-de-lextreme-droite-francaise-vertement-decriee-la-souverainete-de-lalgerie-une-ligne-rouge\\\/\",\"name\":\"La campagne de l\u2019extr\u00eame droite fran\u00e7aise vertement d\u00e9cri\u00e9e: La Souverainet\u00e9 de l&rsquo;Alg\u00e9rie, une ligne rouge - La Sentinelle\",\"isPartOf\":{\"@id\":\"https:\\\/\\\/lasentinelle.dz\\\/#website\"},\"datePublished\":\"2025-02-03T10:50:46+00:00\",\"dateModified\":\"2025-02-03T10:50:47+00:00\",\"breadcrumb\":{\"@id\":\"https:\\\/\\\/lasentinelle.dz\\\/index.php\\\/2025\\\/02\\\/03\\\/la-campagne-de-lextreme-droite-francaise-vertement-decriee-la-souverainete-de-lalgerie-une-ligne-rouge\\\/#breadcrumb\"},\"inLanguage\":\"fr-FR\",\"potentialAction\":[{\"@type\":\"ReadAction\",\"target\":[\"https:\\\/\\\/lasentinelle.dz\\\/index.php\\\/2025\\\/02\\\/03\\\/la-campagne-de-lextreme-droite-francaise-vertement-decriee-la-souverainete-de-lalgerie-une-ligne-rouge\\\/\"]}]},{\"@type\":\"BreadcrumbList\",\"@id\":\"https:\\\/\\\/lasentinelle.dz\\\/index.php\\\/2025\\\/02\\\/03\\\/la-campagne-de-lextreme-droite-francaise-vertement-decriee-la-souverainete-de-lalgerie-une-ligne-rouge\\\/#breadcrumb\",\"itemListElement\":[{\"@type\":\"ListItem\",\"position\":1,\"name\":\"Accueil\",\"item\":\"https:\\\/\\\/lasentinelle.dz\\\/\"},{\"@type\":\"ListItem\",\"position\":2,\"name\":\"La campagne de l\u2019extr\u00eame droite fran\u00e7aise vertement d\u00e9cri\u00e9e: La Souverainet\u00e9 de l&rsquo;Alg\u00e9rie, une ligne rouge\"}]},{\"@type\":\"WebSite\",\"@id\":\"https:\\\/\\\/lasentinelle.dz\\\/#website\",\"url\":\"https:\\\/\\\/lasentinelle.dz\\\/\",\"name\":\"La Sentinelle\",\"description\":\"Quotidien national d&#039;information\",\"publisher\":{\"@id\":\"https:\\\/\\\/lasentinelle.dz\\\/#organization\"},\"potentialAction\":[{\"@type\":\"SearchAction\",\"target\":{\"@type\":\"EntryPoint\",\"urlTemplate\":\"https:\\\/\\\/lasentinelle.dz\\\/?s={search_term_string}\"},\"query-input\":{\"@type\":\"PropertyValueSpecification\",\"valueRequired\":true,\"valueName\":\"search_term_string\"}}],\"inLanguage\":\"fr-FR\"},{\"@type\":\"Organization\",\"@id\":\"https:\\\/\\\/lasentinelle.dz\\\/#organization\",\"name\":\"Quotidien La Sentinelle\",\"url\":\"https:\\\/\\\/lasentinelle.dz\\\/\",\"logo\":{\"@type\":\"ImageObject\",\"inLanguage\":\"fr-FR\",\"@id\":\"https:\\\/\\\/lasentinelle.dz\\\/#\\\/schema\\\/logo\\\/image\\\/\",\"url\":\"https:\\\/\\\/lasentinelle.dz\\\/wp-content\\\/uploads\\\/2021\\\/09\\\/logo-sentinelleSLOGAN-1.png\",\"contentUrl\":\"https:\\\/\\\/lasentinelle.dz\\\/wp-content\\\/uploads\\\/2021\\\/09\\\/logo-sentinelleSLOGAN-1.png\",\"width\":615,\"height\":142,\"caption\":\"Quotidien La Sentinelle\"},\"image\":{\"@id\":\"https:\\\/\\\/lasentinelle.dz\\\/#\\\/schema\\\/logo\\\/image\\\/\"},\"sameAs\":[\"https:\\\/\\\/www.facebook.com\\\/La-Sentinelle-104059864394773\"]},{\"@type\":\"Person\",\"@id\":\"https:\\\/\\\/lasentinelle.dz\\\/#\\\/schema\\\/person\\\/729ee0024f24e0b8c5ec17232f8e8b41\",\"name\":\"admin\",\"image\":{\"@type\":\"ImageObject\",\"inLanguage\":\"fr-FR\",\"@id\":\"https:\\\/\\\/secure.gravatar.com\\\/avatar\\\/4c81fed838786e9b53f540bf46533e750f5d292099ae3b66cfc6fb1982e29df7?s=96&d=mm&r=g\",\"url\":\"https:\\\/\\\/secure.gravatar.com\\\/avatar\\\/4c81fed838786e9b53f540bf46533e750f5d292099ae3b66cfc6fb1982e29df7?s=96&d=mm&r=g\",\"contentUrl\":\"https:\\\/\\\/secure.gravatar.com\\\/avatar\\\/4c81fed838786e9b53f540bf46533e750f5d292099ae3b66cfc6fb1982e29df7?s=96&d=mm&r=g\",\"caption\":\"admin\"},\"description\":\"admin\",\"url\":\"https:\\\/\\\/lasentinelle.dz\\\/author\\\/admin\\\/\"}]}<\/script>\n<!-- \/ Yoast SEO plugin. -->","yoast_head_json":{"title":"La campagne de l\u2019extr\u00eame droite fran\u00e7aise vertement d\u00e9cri\u00e9e: La Souverainet\u00e9 de l&rsquo;Alg\u00e9rie, une ligne rouge - La Sentinelle","robots":{"index":"index","follow":"follow","max-snippet":"max-snippet:-1","max-image-preview":"max-image-preview:large","max-video-preview":"max-video-preview:-1"},"canonical":"https:\/\/lasentinelle.dz\/index.php\/2025\/02\/03\/la-campagne-de-lextreme-droite-francaise-vertement-decriee-la-souverainete-de-lalgerie-une-ligne-rouge\/","og_locale":"fr_FR","og_type":"article","og_title":"La campagne de l\u2019extr\u00eame droite fran\u00e7aise vertement d\u00e9cri\u00e9e: La Souverainet\u00e9 de l&rsquo;Alg\u00e9rie, une ligne rouge - La Sentinelle","og_description":"Les relations franco-alg\u00e9riennes traversent une nouvelle p\u00e9riode de turbulence, marqu\u00e9e par des tensions diplomatiques croissantes sur fond d\u2019une mont\u00e9e des","og_url":"https:\/\/lasentinelle.dz\/index.php\/2025\/02\/03\/la-campagne-de-lextreme-droite-francaise-vertement-decriee-la-souverainete-de-lalgerie-une-ligne-rouge\/","og_site_name":"La Sentinelle","article_publisher":"https:\/\/www.facebook.com\/La-Sentinelle-104059864394773","article_published_time":"2025-02-03T10:50:46+00:00","article_modified_time":"2025-02-03T10:50:47+00:00","author":"admin","twitter_card":"summary_large_image","twitter_misc":{"\u00c9crit par":"admin","Dur\u00e9e de lecture estim\u00e9e":"3 minutes"},"schema":{"@context":"https:\/\/schema.org","@graph":[{"@type":"Article","@id":"https:\/\/lasentinelle.dz\/index.php\/2025\/02\/03\/la-campagne-de-lextreme-droite-francaise-vertement-decriee-la-souverainete-de-lalgerie-une-ligne-rouge\/#article","isPartOf":{"@id":"https:\/\/lasentinelle.dz\/index.php\/2025\/02\/03\/la-campagne-de-lextreme-droite-francaise-vertement-decriee-la-souverainete-de-lalgerie-une-ligne-rouge\/"},"author":{"name":"admin","@id":"https:\/\/lasentinelle.dz\/#\/schema\/person\/729ee0024f24e0b8c5ec17232f8e8b41"},"headline":"La campagne de l\u2019extr\u00eame droite fran\u00e7aise vertement d\u00e9cri\u00e9e: La Souverainet\u00e9 de l&rsquo;Alg\u00e9rie, une ligne rouge","datePublished":"2025-02-03T10:50:46+00:00","dateModified":"2025-02-03T10:50:47+00:00","mainEntityOfPage":{"@id":"https:\/\/lasentinelle.dz\/index.php\/2025\/02\/03\/la-campagne-de-lextreme-droite-francaise-vertement-decriee-la-souverainete-de-lalgerie-une-ligne-rouge\/"},"wordCount":764,"commentCount":0,"publisher":{"@id":"https:\/\/lasentinelle.dz\/#organization"},"articleSection":["Actualit\u00e9"],"inLanguage":"fr-FR","potentialAction":[{"@type":"CommentAction","name":"Comment","target":["https:\/\/lasentinelle.dz\/index.php\/2025\/02\/03\/la-campagne-de-lextreme-droite-francaise-vertement-decriee-la-souverainete-de-lalgerie-une-ligne-rouge\/#respond"]}]},{"@type":"WebPage","@id":"https:\/\/lasentinelle.dz\/index.php\/2025\/02\/03\/la-campagne-de-lextreme-droite-francaise-vertement-decriee-la-souverainete-de-lalgerie-une-ligne-rouge\/","url":"https:\/\/lasentinelle.dz\/index.php\/2025\/02\/03\/la-campagne-de-lextreme-droite-francaise-vertement-decriee-la-souverainete-de-lalgerie-une-ligne-rouge\/","name":"La campagne de l\u2019extr\u00eame droite fran\u00e7aise vertement d\u00e9cri\u00e9e: La Souverainet\u00e9 de l&rsquo;Alg\u00e9rie, une ligne rouge - La Sentinelle","isPartOf":{"@id":"https:\/\/lasentinelle.dz\/#website"},"datePublished":"2025-02-03T10:50:46+00:00","dateModified":"2025-02-03T10:50:47+00:00","breadcrumb":{"@id":"https:\/\/lasentinelle.dz\/index.php\/2025\/02\/03\/la-campagne-de-lextreme-droite-francaise-vertement-decriee-la-souverainete-de-lalgerie-une-ligne-rouge\/#breadcrumb"},"inLanguage":"fr-FR","potentialAction":[{"@type":"ReadAction","target":["https:\/\/lasentinelle.dz\/index.php\/2025\/02\/03\/la-campagne-de-lextreme-droite-francaise-vertement-decriee-la-souverainete-de-lalgerie-une-ligne-rouge\/"]}]},{"@type":"BreadcrumbList","@id":"https:\/\/lasentinelle.dz\/index.php\/2025\/02\/03\/la-campagne-de-lextreme-droite-francaise-vertement-decriee-la-souverainete-de-lalgerie-une-ligne-rouge\/#breadcrumb","itemListElement":[{"@type":"ListItem","position":1,"name":"Accueil","item":"https:\/\/lasentinelle.dz\/"},{"@type":"ListItem","position":2,"name":"La campagne de l\u2019extr\u00eame droite fran\u00e7aise vertement d\u00e9cri\u00e9e: La Souverainet\u00e9 de l&rsquo;Alg\u00e9rie, une ligne rouge"}]},{"@type":"WebSite","@id":"https:\/\/lasentinelle.dz\/#website","url":"https:\/\/lasentinelle.dz\/","name":"La Sentinelle","description":"Quotidien national d&#039;information","publisher":{"@id":"https:\/\/lasentinelle.dz\/#organization"},"potentialAction":[{"@type":"SearchAction","target":{"@type":"EntryPoint","urlTemplate":"https:\/\/lasentinelle.dz\/?s={search_term_string}"},"query-input":{"@type":"PropertyValueSpecification","valueRequired":true,"valueName":"search_term_string"}}],"inLanguage":"fr-FR"},{"@type":"Organization","@id":"https:\/\/lasentinelle.dz\/#organization","name":"Quotidien La Sentinelle","url":"https:\/\/lasentinelle.dz\/","logo":{"@type":"ImageObject","inLanguage":"fr-FR","@id":"https:\/\/lasentinelle.dz\/#\/schema\/logo\/image\/","url":"https:\/\/lasentinelle.dz\/wp-content\/uploads\/2021\/09\/logo-sentinelleSLOGAN-1.png","contentUrl":"https:\/\/lasentinelle.dz\/wp-content\/uploads\/2021\/09\/logo-sentinelleSLOGAN-1.png","width":615,"height":142,"caption":"Quotidien La Sentinelle"},"image":{"@id":"https:\/\/lasentinelle.dz\/#\/schema\/logo\/image\/"},"sameAs":["https:\/\/www.facebook.com\/La-Sentinelle-104059864394773"]},{"@type":"Person","@id":"https:\/\/lasentinelle.dz\/#\/schema\/person\/729ee0024f24e0b8c5ec17232f8e8b41","name":"admin","image":{"@type":"ImageObject","inLanguage":"fr-FR","@id":"https:\/\/secure.gravatar.com\/avatar\/4c81fed838786e9b53f540bf46533e750f5d292099ae3b66cfc6fb1982e29df7?s=96&d=mm&r=g","url":"https:\/\/secure.gravatar.com\/avatar\/4c81fed838786e9b53f540bf46533e750f5d292099ae3b66cfc6fb1982e29df7?s=96&d=mm&r=g","contentUrl":"https:\/\/secure.gravatar.com\/avatar\/4c81fed838786e9b53f540bf46533e750f5d292099ae3b66cfc6fb1982e29df7?s=96&d=mm&r=g","caption":"admin"},"description":"admin","url":"https:\/\/lasentinelle.dz\/author\/admin\/"}]}},"_links":{"self":[{"href":"https:\/\/lasentinelle.dz\/index.php\/wp-json\/wp\/v2\/posts\/62480","targetHints":{"allow":["GET"]}}],"collection":[{"href":"https:\/\/lasentinelle.dz\/index.php\/wp-json\/wp\/v2\/posts"}],"about":[{"href":"https:\/\/lasentinelle.dz\/index.php\/wp-json\/wp\/v2\/types\/post"}],"author":[{"embeddable":true,"href":"https:\/\/lasentinelle.dz\/index.php\/wp-json\/wp\/v2\/users\/6"}],"replies":[{"embeddable":true,"href":"https:\/\/lasentinelle.dz\/index.php\/wp-json\/wp\/v2\/comments?post=62480"}],"version-history":[{"count":2,"href":"https:\/\/lasentinelle.dz\/index.php\/wp-json\/wp\/v2\/posts\/62480\/revisions"}],"predecessor-version":[{"id":62482,"href":"https:\/\/lasentinelle.dz\/index.php\/wp-json\/wp\/v2\/posts\/62480\/revisions\/62482"}],"wp:attachment":[{"href":"https:\/\/lasentinelle.dz\/index.php\/wp-json\/wp\/v2\/media?parent=62480"}],"wp:term":[{"taxonomy":"category","embeddable":true,"href":"https:\/\/lasentinelle.dz\/index.php\/wp-json\/wp\/v2\/categories?post=62480"},{"taxonomy":"post_tag","embeddable":true,"href":"https:\/\/lasentinelle.dz\/index.php\/wp-json\/wp\/v2\/tags?post=62480"}],"curies":[{"name":"wp","href":"https:\/\/api.w.org\/{rel}","templated":true}]}}