{"id":62527,"date":"2025-02-04T11:37:32","date_gmt":"2025-02-04T10:37:32","guid":{"rendered":"https:\/\/lasentinelle.dz\/?p=62527"},"modified":"2025-02-04T11:37:32","modified_gmt":"2025-02-04T10:37:32","slug":"les-nouveaux-ministres-des-finances-et-de-lindustrie-pharmaceutique-prennent-leurs-fonctions","status":"publish","type":"post","link":"https:\/\/lasentinelle.dz\/index.php\/2025\/02\/04\/les-nouveaux-ministres-des-finances-et-de-lindustrie-pharmaceutique-prennent-leurs-fonctions\/","title":{"rendered":"Les nouveaux ministres des Finances et de l\u2019Industrie pharmaceutique prennent leurs fonctions"},"content":{"rendered":"\n<p>Wassim Kouidri a officiellement pris ses fonctions, hier, \u00e0 la t\u00eate du minist\u00e8re de l&rsquo;Industrie pharmaceutique, suite \u00e0 sa nomination par le pr\u00e9sident de la R\u00e9publique, Abdelmadjid Tebboune, dimanche.&nbsp; Kouidri succ\u00e8de ainsi \u00e0 Fouad Hadji, qui occupait auparavant le poste de ministre d\u00e9l\u00e9gu\u00e9 aupr\u00e8s du ministre de l\u2019Industrie, charg\u00e9 de la production pharmaceutique.&nbsp; &nbsp;Lors de son allocution, le ministre de l\u2019Industrie, Sifi Ghrib a soulign\u00e9 que l\u2019\u00e9l\u00e9vation du secteur de l\u2019industrie pharmaceutique au rang de minist\u00e8re \u00e0 part enti\u00e8re t\u00e9moigne de \u00ab l\u2019importance capitale accord\u00e9e par le pr\u00e9sident de la R\u00e9publique \u00e0 ce secteur strat\u00e9gique, pilier essentiel de la souverainet\u00e9 sanitaire du pays \u00bb.&nbsp; &nbsp;De son c\u00f4t\u00e9, Wassim Kouidri a exprim\u00e9 sa gratitude envers le chef de l\u2019\u00c9tat pour la confiance plac\u00e9e en lui, estimant qu\u2019il s\u2019agit d\u2019un \u00ab encouragement \u00e0 redoubler d\u2019efforts pour renforcer et d\u00e9velopper l\u2019industrie pharmaceutique en Alg\u00e9rie \u00bb. Il a \u00e9galement affirm\u00e9 son engagement \u00e0 travailler avec les diff\u00e9rentes parties prenantes afin de concr\u00e9tiser les directives pr\u00e9sidentielles visant la fabrication locale des m\u00e9dicaments et l\u2019am\u00e9lioration de la s\u00e9curit\u00e9 sanitaire au profit des citoyens alg\u00e9riens.&nbsp; &nbsp;Quant \u00e0 Fouad Hadji, il a tenu \u00e0 remercier le pr\u00e9sident de la R\u00e9publique pour la confiance dont il a b\u00e9n\u00e9fici\u00e9 tout au long de son mandat, ainsi que le ministre de l\u2019Industrie pour son soutien, tout en souhaitant plein succ\u00e8s \u00e0 son successeur.&nbsp; Avant sa nomination, Wassim Kouidri occupait depuis avril 2023 le poste de pr\u00e9sident-directeur g\u00e9n\u00e9ral du groupe pharmaceutique public Saidal. Titulaire d\u2019un doctorat en m\u00e9decine, il avait rejoint Saidal en 2002, d\u2019abord au sein de l\u2019antenne r\u00e9gionale d\u2019Oran, avant de gravir les \u00e9chelons jusqu\u2019au poste de directeur central au sein de la direction g\u00e9n\u00e9rale du groupe. Abdelkrim Bouzred a pour sa part pris ses fonctions de ministre des Finances, en remplacement de M. Laaziz Faid. La c\u00e9r\u00e9monie de passation de pouvoirs entre MM. Faid et Bouzred s&rsquo;est d\u00e9roul\u00e9e au si\u00e8ge du minist\u00e8re des Finances en pr\u00e9sence de nombre de directeurs de structures du minist\u00e8re. Avant sa nomination, M. Bouzred occupait le poste de Secr\u00e9taire g\u00e9n\u00e9ral du minist\u00e8re des Finances depuis octobre 2022. Il a \u00e9galement \u00e9t\u00e9 Directeur g\u00e9n\u00e9ral du Tr\u00e9sor et de la Comptabilit\u00e9 au m\u00eame minist\u00e8re.<\/p>\n\n\n\n<p>R.N.<\/p>\n","protected":false},"excerpt":{"rendered":"<p>Wassim Kouidri a officiellement pris ses fonctions, hier, \u00e0 la t\u00eate du minist\u00e8re de l&rsquo;Industrie pharmaceutique, suite \u00e0 sa nomination<\/p>\n","protected":false},"author":6,"featured_media":62528,"comment_status":"open","ping_status":"closed","sticky":false,"template":"","format":"standard","meta":{"colormag_page_container_layout":"default_layout","colormag_page_sidebar_layout":"default_layout","om_disable_all_campaigns":false,"_monsterinsights_skip_tracking":false,"_monsterinsights_sitenote_active":false,"_monsterinsights_sitenote_note":"","_monsterinsights_sitenote_category":0,"footnotes":"","_wpscppro_dont_share_socialmedia":false,"_wpscppro_custom_social_share_image":0,"_facebook_share_type":"default","_twitter_share_type":"default","_linkedin_share_type":"default","_pinterest_share_type":"default","_linkedin_share_type_page":"","_instagram_share_type":"default","_medium_share_type":"default","_threads_share_type":"","_google_business_share_type":"","_selected_social_profile":[],"_wpsp_enable_custom_social_template":false,"_wpsp_social_scheduling":{"enabled":false,"datetime":null,"platforms":[],"status":"template_only","dateOption":"today","timeOption":"now","customDays":"","customHours":"","customDate":"","customTime":"","schedulingType":"absolute"},"_wpsp_active_default_template":true},"categories":[27],"tags":[],"class_list":["post-62527","post","type-post","status-publish","format-standard","has-post-thumbnail","hentry","category-actualite"],"aioseo_notices":[],"yoast_head":"<!-- This site is optimized with the Yoast SEO plugin v27.5 - https:\/\/yoast.com\/product\/yoast-seo-wordpress\/ -->\n<title>Les nouveaux ministres des Finances et de l\u2019Industrie pharmaceutique prennent leurs fonctions - La Sentinelle<\/title>\n<meta name=\"robots\" content=\"index, follow, max-snippet:-1, max-image-preview:large, max-video-preview:-1\" \/>\n<link rel=\"canonical\" href=\"https:\/\/lasentinelle.dz\/index.php\/2025\/02\/04\/les-nouveaux-ministres-des-finances-et-de-lindustrie-pharmaceutique-prennent-leurs-fonctions\/\" \/>\n<meta property=\"og:locale\" content=\"fr_FR\" \/>\n<meta property=\"og:type\" content=\"article\" \/>\n<meta property=\"og:title\" content=\"Les nouveaux ministres des Finances et de l\u2019Industrie pharmaceutique prennent leurs fonctions - La Sentinelle\" \/>\n<meta property=\"og:description\" content=\"Wassim Kouidri a officiellement pris ses fonctions, hier, \u00e0 la t\u00eate du minist\u00e8re de l&rsquo;Industrie pharmaceutique, suite \u00e0 sa nomination\" \/>\n<meta property=\"og:url\" content=\"https:\/\/lasentinelle.dz\/index.php\/2025\/02\/04\/les-nouveaux-ministres-des-finances-et-de-lindustrie-pharmaceutique-prennent-leurs-fonctions\/\" \/>\n<meta property=\"og:site_name\" content=\"La Sentinelle\" \/>\n<meta property=\"article:publisher\" content=\"https:\/\/www.facebook.com\/La-Sentinelle-104059864394773\" \/>\n<meta property=\"article:published_time\" content=\"2025-02-04T10:37:32+00:00\" \/>\n<meta property=\"og:image\" content=\"https:\/\/lasentinelle.dz\/wp-content\/uploads\/2025\/02\/475698803_933139952332736_8607377151516800662_n.jpg\" \/>\n\t<meta property=\"og:image:width\" content=\"1600\" \/>\n\t<meta property=\"og:image:height\" content=\"1126\" \/>\n\t<meta property=\"og:image:type\" content=\"image\/jpeg\" \/>\n<meta name=\"author\" content=\"admin\" \/>\n<meta name=\"twitter:card\" content=\"summary_large_image\" \/>\n<meta name=\"twitter:label1\" content=\"\u00c9crit par\" \/>\n\t<meta name=\"twitter:data1\" content=\"admin\" \/>\n\t<meta name=\"twitter:label2\" content=\"Dur\u00e9e de lecture estim\u00e9e\" \/>\n\t<meta name=\"twitter:data2\" content=\"3 minutes\" \/>\n<script type=\"application\/ld+json\" class=\"yoast-schema-graph\">{\"@context\":\"https:\\\/\\\/schema.org\",\"@graph\":[{\"@type\":\"Article\",\"@id\":\"https:\\\/\\\/lasentinelle.dz\\\/index.php\\\/2025\\\/02\\\/04\\\/les-nouveaux-ministres-des-finances-et-de-lindustrie-pharmaceutique-prennent-leurs-fonctions\\\/#article\",\"isPartOf\":{\"@id\":\"https:\\\/\\\/lasentinelle.dz\\\/index.php\\\/2025\\\/02\\\/04\\\/les-nouveaux-ministres-des-finances-et-de-lindustrie-pharmaceutique-prennent-leurs-fonctions\\\/\"},\"author\":{\"name\":\"admin\",\"@id\":\"https:\\\/\\\/lasentinelle.dz\\\/#\\\/schema\\\/person\\\/729ee0024f24e0b8c5ec17232f8e8b41\"},\"headline\":\"Les nouveaux ministres des Finances et de l\u2019Industrie pharmaceutique prennent leurs fonctions\",\"datePublished\":\"2025-02-04T10:37:32+00:00\",\"mainEntityOfPage\":{\"@id\":\"https:\\\/\\\/lasentinelle.dz\\\/index.php\\\/2025\\\/02\\\/04\\\/les-nouveaux-ministres-des-finances-et-de-lindustrie-pharmaceutique-prennent-leurs-fonctions\\\/\"},\"wordCount\":440,\"commentCount\":0,\"publisher\":{\"@id\":\"https:\\\/\\\/lasentinelle.dz\\\/#organization\"},\"image\":{\"@id\":\"https:\\\/\\\/lasentinelle.dz\\\/index.php\\\/2025\\\/02\\\/04\\\/les-nouveaux-ministres-des-finances-et-de-lindustrie-pharmaceutique-prennent-leurs-fonctions\\\/#primaryimage\"},\"thumbnailUrl\":\"https:\\\/\\\/lasentinelle.dz\\\/wp-content\\\/uploads\\\/2025\\\/02\\\/475698803_933139952332736_8607377151516800662_n.jpg\",\"articleSection\":[\"Actualit\u00e9\"],\"inLanguage\":\"fr-FR\",\"potentialAction\":[{\"@type\":\"CommentAction\",\"name\":\"Comment\",\"target\":[\"https:\\\/\\\/lasentinelle.dz\\\/index.php\\\/2025\\\/02\\\/04\\\/les-nouveaux-ministres-des-finances-et-de-lindustrie-pharmaceutique-prennent-leurs-fonctions\\\/#respond\"]}]},{\"@type\":\"WebPage\",\"@id\":\"https:\\\/\\\/lasentinelle.dz\\\/index.php\\\/2025\\\/02\\\/04\\\/les-nouveaux-ministres-des-finances-et-de-lindustrie-pharmaceutique-prennent-leurs-fonctions\\\/\",\"url\":\"https:\\\/\\\/lasentinelle.dz\\\/index.php\\\/2025\\\/02\\\/04\\\/les-nouveaux-ministres-des-finances-et-de-lindustrie-pharmaceutique-prennent-leurs-fonctions\\\/\",\"name\":\"Les nouveaux ministres des Finances et de l\u2019Industrie pharmaceutique prennent leurs fonctions - La Sentinelle\",\"isPartOf\":{\"@id\":\"https:\\\/\\\/lasentinelle.dz\\\/#website\"},\"primaryImageOfPage\":{\"@id\":\"https:\\\/\\\/lasentinelle.dz\\\/index.php\\\/2025\\\/02\\\/04\\\/les-nouveaux-ministres-des-finances-et-de-lindustrie-pharmaceutique-prennent-leurs-fonctions\\\/#primaryimage\"},\"image\":{\"@id\":\"https:\\\/\\\/lasentinelle.dz\\\/index.php\\\/2025\\\/02\\\/04\\\/les-nouveaux-ministres-des-finances-et-de-lindustrie-pharmaceutique-prennent-leurs-fonctions\\\/#primaryimage\"},\"thumbnailUrl\":\"https:\\\/\\\/lasentinelle.dz\\\/wp-content\\\/uploads\\\/2025\\\/02\\\/475698803_933139952332736_8607377151516800662_n.jpg\",\"datePublished\":\"2025-02-04T10:37:32+00:00\",\"breadcrumb\":{\"@id\":\"https:\\\/\\\/lasentinelle.dz\\\/index.php\\\/2025\\\/02\\\/04\\\/les-nouveaux-ministres-des-finances-et-de-lindustrie-pharmaceutique-prennent-leurs-fonctions\\\/#breadcrumb\"},\"inLanguage\":\"fr-FR\",\"potentialAction\":[{\"@type\":\"ReadAction\",\"target\":[\"https:\\\/\\\/lasentinelle.dz\\\/index.php\\\/2025\\\/02\\\/04\\\/les-nouveaux-ministres-des-finances-et-de-lindustrie-pharmaceutique-prennent-leurs-fonctions\\\/\"]}]},{\"@type\":\"ImageObject\",\"inLanguage\":\"fr-FR\",\"@id\":\"https:\\\/\\\/lasentinelle.dz\\\/index.php\\\/2025\\\/02\\\/04\\\/les-nouveaux-ministres-des-finances-et-de-lindustrie-pharmaceutique-prennent-leurs-fonctions\\\/#primaryimage\",\"url\":\"https:\\\/\\\/lasentinelle.dz\\\/wp-content\\\/uploads\\\/2025\\\/02\\\/475698803_933139952332736_8607377151516800662_n.jpg\",\"contentUrl\":\"https:\\\/\\\/lasentinelle.dz\\\/wp-content\\\/uploads\\\/2025\\\/02\\\/475698803_933139952332736_8607377151516800662_n.jpg\",\"width\":1600,\"height\":1126},{\"@type\":\"BreadcrumbList\",\"@id\":\"https:\\\/\\\/lasentinelle.dz\\\/index.php\\\/2025\\\/02\\\/04\\\/les-nouveaux-ministres-des-finances-et-de-lindustrie-pharmaceutique-prennent-leurs-fonctions\\\/#breadcrumb\",\"itemListElement\":[{\"@type\":\"ListItem\",\"position\":1,\"name\":\"Accueil\",\"item\":\"https:\\\/\\\/lasentinelle.dz\\\/\"},{\"@type\":\"ListItem\",\"position\":2,\"name\":\"Les nouveaux ministres des Finances et de l\u2019Industrie pharmaceutique prennent leurs fonctions\"}]},{\"@type\":\"WebSite\",\"@id\":\"https:\\\/\\\/lasentinelle.dz\\\/#website\",\"url\":\"https:\\\/\\\/lasentinelle.dz\\\/\",\"name\":\"La Sentinelle\",\"description\":\"Quotidien national d&#039;information\",\"publisher\":{\"@id\":\"https:\\\/\\\/lasentinelle.dz\\\/#organization\"},\"potentialAction\":[{\"@type\":\"SearchAction\",\"target\":{\"@type\":\"EntryPoint\",\"urlTemplate\":\"https:\\\/\\\/lasentinelle.dz\\\/?s={search_term_string}\"},\"query-input\":{\"@type\":\"PropertyValueSpecification\",\"valueRequired\":true,\"valueName\":\"search_term_string\"}}],\"inLanguage\":\"fr-FR\"},{\"@type\":\"Organization\",\"@id\":\"https:\\\/\\\/lasentinelle.dz\\\/#organization\",\"name\":\"Quotidien La Sentinelle\",\"url\":\"https:\\\/\\\/lasentinelle.dz\\\/\",\"logo\":{\"@type\":\"ImageObject\",\"inLanguage\":\"fr-FR\",\"@id\":\"https:\\\/\\\/lasentinelle.dz\\\/#\\\/schema\\\/logo\\\/image\\\/\",\"url\":\"https:\\\/\\\/lasentinelle.dz\\\/wp-content\\\/uploads\\\/2021\\\/09\\\/logo-sentinelleSLOGAN-1.png\",\"contentUrl\":\"https:\\\/\\\/lasentinelle.dz\\\/wp-content\\\/uploads\\\/2021\\\/09\\\/logo-sentinelleSLOGAN-1.png\",\"width\":615,\"height\":142,\"caption\":\"Quotidien La Sentinelle\"},\"image\":{\"@id\":\"https:\\\/\\\/lasentinelle.dz\\\/#\\\/schema\\\/logo\\\/image\\\/\"},\"sameAs\":[\"https:\\\/\\\/www.facebook.com\\\/La-Sentinelle-104059864394773\"]},{\"@type\":\"Person\",\"@id\":\"https:\\\/\\\/lasentinelle.dz\\\/#\\\/schema\\\/person\\\/729ee0024f24e0b8c5ec17232f8e8b41\",\"name\":\"admin\",\"image\":{\"@type\":\"ImageObject\",\"inLanguage\":\"fr-FR\",\"@id\":\"https:\\\/\\\/secure.gravatar.com\\\/avatar\\\/4c81fed838786e9b53f540bf46533e750f5d292099ae3b66cfc6fb1982e29df7?s=96&d=mm&r=g\",\"url\":\"https:\\\/\\\/secure.gravatar.com\\\/avatar\\\/4c81fed838786e9b53f540bf46533e750f5d292099ae3b66cfc6fb1982e29df7?s=96&d=mm&r=g\",\"contentUrl\":\"https:\\\/\\\/secure.gravatar.com\\\/avatar\\\/4c81fed838786e9b53f540bf46533e750f5d292099ae3b66cfc6fb1982e29df7?s=96&d=mm&r=g\",\"caption\":\"admin\"},\"description\":\"admin\",\"url\":\"https:\\\/\\\/lasentinelle.dz\\\/author\\\/admin\\\/\"}]}<\/script>\n<!-- \/ Yoast SEO plugin. -->","yoast_head_json":{"title":"Les nouveaux ministres des Finances et de l\u2019Industrie pharmaceutique prennent leurs fonctions - La Sentinelle","robots":{"index":"index","follow":"follow","max-snippet":"max-snippet:-1","max-image-preview":"max-image-preview:large","max-video-preview":"max-video-preview:-1"},"canonical":"https:\/\/lasentinelle.dz\/index.php\/2025\/02\/04\/les-nouveaux-ministres-des-finances-et-de-lindustrie-pharmaceutique-prennent-leurs-fonctions\/","og_locale":"fr_FR","og_type":"article","og_title":"Les nouveaux ministres des Finances et de l\u2019Industrie pharmaceutique prennent leurs fonctions - La Sentinelle","og_description":"Wassim Kouidri a officiellement pris ses fonctions, hier, \u00e0 la t\u00eate du minist\u00e8re de l&rsquo;Industrie pharmaceutique, suite \u00e0 sa nomination","og_url":"https:\/\/lasentinelle.dz\/index.php\/2025\/02\/04\/les-nouveaux-ministres-des-finances-et-de-lindustrie-pharmaceutique-prennent-leurs-fonctions\/","og_site_name":"La Sentinelle","article_publisher":"https:\/\/www.facebook.com\/La-Sentinelle-104059864394773","article_published_time":"2025-02-04T10:37:32+00:00","og_image":[{"width":1600,"height":1126,"url":"https:\/\/lasentinelle.dz\/wp-content\/uploads\/2025\/02\/475698803_933139952332736_8607377151516800662_n.jpg","type":"image\/jpeg"}],"author":"admin","twitter_card":"summary_large_image","twitter_misc":{"\u00c9crit par":"admin","Dur\u00e9e de lecture estim\u00e9e":"3 minutes"},"schema":{"@context":"https:\/\/schema.org","@graph":[{"@type":"Article","@id":"https:\/\/lasentinelle.dz\/index.php\/2025\/02\/04\/les-nouveaux-ministres-des-finances-et-de-lindustrie-pharmaceutique-prennent-leurs-fonctions\/#article","isPartOf":{"@id":"https:\/\/lasentinelle.dz\/index.php\/2025\/02\/04\/les-nouveaux-ministres-des-finances-et-de-lindustrie-pharmaceutique-prennent-leurs-fonctions\/"},"author":{"name":"admin","@id":"https:\/\/lasentinelle.dz\/#\/schema\/person\/729ee0024f24e0b8c5ec17232f8e8b41"},"headline":"Les nouveaux ministres des Finances et de l\u2019Industrie pharmaceutique prennent leurs fonctions","datePublished":"2025-02-04T10:37:32+00:00","mainEntityOfPage":{"@id":"https:\/\/lasentinelle.dz\/index.php\/2025\/02\/04\/les-nouveaux-ministres-des-finances-et-de-lindustrie-pharmaceutique-prennent-leurs-fonctions\/"},"wordCount":440,"commentCount":0,"publisher":{"@id":"https:\/\/lasentinelle.dz\/#organization"},"image":{"@id":"https:\/\/lasentinelle.dz\/index.php\/2025\/02\/04\/les-nouveaux-ministres-des-finances-et-de-lindustrie-pharmaceutique-prennent-leurs-fonctions\/#primaryimage"},"thumbnailUrl":"https:\/\/lasentinelle.dz\/wp-content\/uploads\/2025\/02\/475698803_933139952332736_8607377151516800662_n.jpg","articleSection":["Actualit\u00e9"],"inLanguage":"fr-FR","potentialAction":[{"@type":"CommentAction","name":"Comment","target":["https:\/\/lasentinelle.dz\/index.php\/2025\/02\/04\/les-nouveaux-ministres-des-finances-et-de-lindustrie-pharmaceutique-prennent-leurs-fonctions\/#respond"]}]},{"@type":"WebPage","@id":"https:\/\/lasentinelle.dz\/index.php\/2025\/02\/04\/les-nouveaux-ministres-des-finances-et-de-lindustrie-pharmaceutique-prennent-leurs-fonctions\/","url":"https:\/\/lasentinelle.dz\/index.php\/2025\/02\/04\/les-nouveaux-ministres-des-finances-et-de-lindustrie-pharmaceutique-prennent-leurs-fonctions\/","name":"Les nouveaux ministres des Finances et de l\u2019Industrie pharmaceutique prennent leurs fonctions - La Sentinelle","isPartOf":{"@id":"https:\/\/lasentinelle.dz\/#website"},"primaryImageOfPage":{"@id":"https:\/\/lasentinelle.dz\/index.php\/2025\/02\/04\/les-nouveaux-ministres-des-finances-et-de-lindustrie-pharmaceutique-prennent-leurs-fonctions\/#primaryimage"},"image":{"@id":"https:\/\/lasentinelle.dz\/index.php\/2025\/02\/04\/les-nouveaux-ministres-des-finances-et-de-lindustrie-pharmaceutique-prennent-leurs-fonctions\/#primaryimage"},"thumbnailUrl":"https:\/\/lasentinelle.dz\/wp-content\/uploads\/2025\/02\/475698803_933139952332736_8607377151516800662_n.jpg","datePublished":"2025-02-04T10:37:32+00:00","breadcrumb":{"@id":"https:\/\/lasentinelle.dz\/index.php\/2025\/02\/04\/les-nouveaux-ministres-des-finances-et-de-lindustrie-pharmaceutique-prennent-leurs-fonctions\/#breadcrumb"},"inLanguage":"fr-FR","potentialAction":[{"@type":"ReadAction","target":["https:\/\/lasentinelle.dz\/index.php\/2025\/02\/04\/les-nouveaux-ministres-des-finances-et-de-lindustrie-pharmaceutique-prennent-leurs-fonctions\/"]}]},{"@type":"ImageObject","inLanguage":"fr-FR","@id":"https:\/\/lasentinelle.dz\/index.php\/2025\/02\/04\/les-nouveaux-ministres-des-finances-et-de-lindustrie-pharmaceutique-prennent-leurs-fonctions\/#primaryimage","url":"https:\/\/lasentinelle.dz\/wp-content\/uploads\/2025\/02\/475698803_933139952332736_8607377151516800662_n.jpg","contentUrl":"https:\/\/lasentinelle.dz\/wp-content\/uploads\/2025\/02\/475698803_933139952332736_8607377151516800662_n.jpg","width":1600,"height":1126},{"@type":"BreadcrumbList","@id":"https:\/\/lasentinelle.dz\/index.php\/2025\/02\/04\/les-nouveaux-ministres-des-finances-et-de-lindustrie-pharmaceutique-prennent-leurs-fonctions\/#breadcrumb","itemListElement":[{"@type":"ListItem","position":1,"name":"Accueil","item":"https:\/\/lasentinelle.dz\/"},{"@type":"ListItem","position":2,"name":"Les nouveaux ministres des Finances et de l\u2019Industrie pharmaceutique prennent leurs fonctions"}]},{"@type":"WebSite","@id":"https:\/\/lasentinelle.dz\/#website","url":"https:\/\/lasentinelle.dz\/","name":"La Sentinelle","description":"Quotidien national d&#039;information","publisher":{"@id":"https:\/\/lasentinelle.dz\/#organization"},"potentialAction":[{"@type":"SearchAction","target":{"@type":"EntryPoint","urlTemplate":"https:\/\/lasentinelle.dz\/?s={search_term_string}"},"query-input":{"@type":"PropertyValueSpecification","valueRequired":true,"valueName":"search_term_string"}}],"inLanguage":"fr-FR"},{"@type":"Organization","@id":"https:\/\/lasentinelle.dz\/#organization","name":"Quotidien La Sentinelle","url":"https:\/\/lasentinelle.dz\/","logo":{"@type":"ImageObject","inLanguage":"fr-FR","@id":"https:\/\/lasentinelle.dz\/#\/schema\/logo\/image\/","url":"https:\/\/lasentinelle.dz\/wp-content\/uploads\/2021\/09\/logo-sentinelleSLOGAN-1.png","contentUrl":"https:\/\/lasentinelle.dz\/wp-content\/uploads\/2021\/09\/logo-sentinelleSLOGAN-1.png","width":615,"height":142,"caption":"Quotidien La Sentinelle"},"image":{"@id":"https:\/\/lasentinelle.dz\/#\/schema\/logo\/image\/"},"sameAs":["https:\/\/www.facebook.com\/La-Sentinelle-104059864394773"]},{"@type":"Person","@id":"https:\/\/lasentinelle.dz\/#\/schema\/person\/729ee0024f24e0b8c5ec17232f8e8b41","name":"admin","image":{"@type":"ImageObject","inLanguage":"fr-FR","@id":"https:\/\/secure.gravatar.com\/avatar\/4c81fed838786e9b53f540bf46533e750f5d292099ae3b66cfc6fb1982e29df7?s=96&d=mm&r=g","url":"https:\/\/secure.gravatar.com\/avatar\/4c81fed838786e9b53f540bf46533e750f5d292099ae3b66cfc6fb1982e29df7?s=96&d=mm&r=g","contentUrl":"https:\/\/secure.gravatar.com\/avatar\/4c81fed838786e9b53f540bf46533e750f5d292099ae3b66cfc6fb1982e29df7?s=96&d=mm&r=g","caption":"admin"},"description":"admin","url":"https:\/\/lasentinelle.dz\/author\/admin\/"}]}},"_links":{"self":[{"href":"https:\/\/lasentinelle.dz\/index.php\/wp-json\/wp\/v2\/posts\/62527","targetHints":{"allow":["GET"]}}],"collection":[{"href":"https:\/\/lasentinelle.dz\/index.php\/wp-json\/wp\/v2\/posts"}],"about":[{"href":"https:\/\/lasentinelle.dz\/index.php\/wp-json\/wp\/v2\/types\/post"}],"author":[{"embeddable":true,"href":"https:\/\/lasentinelle.dz\/index.php\/wp-json\/wp\/v2\/users\/6"}],"replies":[{"embeddable":true,"href":"https:\/\/lasentinelle.dz\/index.php\/wp-json\/wp\/v2\/comments?post=62527"}],"version-history":[{"count":1,"href":"https:\/\/lasentinelle.dz\/index.php\/wp-json\/wp\/v2\/posts\/62527\/revisions"}],"predecessor-version":[{"id":62529,"href":"https:\/\/lasentinelle.dz\/index.php\/wp-json\/wp\/v2\/posts\/62527\/revisions\/62529"}],"wp:featuredmedia":[{"embeddable":true,"href":"https:\/\/lasentinelle.dz\/index.php\/wp-json\/wp\/v2\/media\/62528"}],"wp:attachment":[{"href":"https:\/\/lasentinelle.dz\/index.php\/wp-json\/wp\/v2\/media?parent=62527"}],"wp:term":[{"taxonomy":"category","embeddable":true,"href":"https:\/\/lasentinelle.dz\/index.php\/wp-json\/wp\/v2\/categories?post=62527"},{"taxonomy":"post_tag","embeddable":true,"href":"https:\/\/lasentinelle.dz\/index.php\/wp-json\/wp\/v2\/tags?post=62527"}],"curies":[{"name":"wp","href":"https:\/\/api.w.org\/{rel}","templated":true}]}}