{"id":62550,"date":"2025-02-04T11:51:13","date_gmt":"2025-02-04T10:51:13","guid":{"rendered":"https:\/\/lasentinelle.dz\/?p=62550"},"modified":"2025-02-04T11:51:14","modified_gmt":"2025-02-04T10:51:14","slug":"le-president-tebboune-dresse-un-bilan-des-realisations-et-les-perspectives-de-son-second-mandat-la-voie-est-tracee","status":"publish","type":"post","link":"https:\/\/lasentinelle.dz\/index.php\/2025\/02\/04\/le-president-tebboune-dresse-un-bilan-des-realisations-et-les-perspectives-de-son-second-mandat-la-voie-est-tracee\/","title":{"rendered":"Le pr\u00e9sident Tebboune dresse un bilan des r\u00e9alisations et les perspectives de son second mandat: \u00ab\u00a0La voie est trac\u00e9e\u00a0\u00bb"},"content":{"rendered":"\n<p>Dans un entretien accord\u00e9 au quotidien fran\u00e7ais L&rsquo;Opinion, le pr\u00e9sident de la R\u00e9publique Abdelmadjid Tebboune a livr\u00e9 une analyse d\u00e9taill\u00e9e de son parcours pr\u00e9sidentiel et de ses ambitions pour l&rsquo;Alg\u00e9rie, dressant un tableau nuanc\u00e9 des d\u00e9fis relev\u00e9s et des perspectives futures du pays. Le Pr\u00e9sident a reconnu avec humilit\u00e9 que son parcours n&rsquo;\u00e9tait pas parfait, mais porteur d&rsquo;espoir.<\/p>\n\n\n\n<p>Cet entretien intervient \u00e0 un moment charni\u00e8re, alors que le pr\u00e9sident entame son second mandat, p\u00e9riode qu&rsquo;il consid\u00e8re comme d\u00e9cisive pour parachever les grandes r\u00e9formes initi\u00e9es depuis 2020. Revenant sur son arriv\u00e9e au pouvoir en 2019, Tebboune a soulign\u00e9 la n\u00e9cessit\u00e9 de reconstruire les institutions dans un d\u00e9lai tr\u00e8s court, tout en reconnaissant les difficult\u00e9s suppl\u00e9mentaires caus\u00e9es par la crise sanitaire. Malgr\u00e9 ces obstacles, il affirme avec conviction : \u00ab\u00a0Nous avons tenu nos engagements et avons r\u00e9vis\u00e9 la Constitution\u00a0\u00bb. Cette r\u00e9vision constitutionnelle s&rsquo;inscrit dans une perspective de transformation politique profonde que le pr\u00e9sident entend poursuivre. Interrog\u00e9 sur son h\u00e9ritage politique, Tebboune a \u00e9t\u00e9 particuli\u00e8rement clair et sans ambigu\u00eft\u00e9 : \u00ab\u00a0Je n&rsquo;ai pas l&rsquo;intention de m&rsquo;\u00e9terniser au pouvoir. Je respecterai la Constitution (qui limite \u00e0 deux les mandats pr\u00e9sidentiels)\u00a0\u00bb. Cette d\u00e9claration illustre la volont\u00e9 du Pr\u00e9sident de rompre avec les &nbsp;pratiques politiques pass\u00e9es et de s&rsquo;inscrire dans un renouveau d\u00e9mocratique. Il s&rsquo;est engag\u00e9 \u00e0 laisser \u00ab\u00a0des infrastructures nouvelles, de grands chantiers et une r\u00e9forme du syst\u00e8me politique\u00a0\u00bb. Le pr\u00e9sident a reconnu avec humilit\u00e9 que son parcours n&rsquo;\u00e9tait pas parfait, mais porteur d&rsquo;espoir : \u00ab\u00a0M\u00eame si je n&rsquo;ai pas tout r\u00e9ussi, j&rsquo;aurais eu le m\u00e9rite de montrer aux Alg\u00e9riens que cela \u00e9tait possible. La voie sera trac\u00e9e. Ce sera aux g\u00e9n\u00e9rations futures de parachever le travail\u00a0\u00bb. Sur le plan \u00e9conomique, Tebboune affiche un optimisme prononc\u00e9. Il pr\u00e9dit qu&rsquo;avec la gr\u00e2ce divine, l&rsquo;Alg\u00e9rie deviendra probablement dans deux ans un pays \u00e9mergent, au niveau des pays du Sud de l&rsquo;Europe, avec un PIB d\u00e9passant les 400 milliards de dollars. Ses perspectives sont pr\u00e9cises : \u00ab\u00a0D\u00e9but 2027, tout au plus, nous aurons achev\u00e9 la construction de notre programme de 3,5 millions de logements &#8211; deux millions sont d\u00e9j\u00e0 livr\u00e9s -, nous en aurons aussi termin\u00e9 avec le probl\u00e8me de l&rsquo;eau et nous aurons r\u00e9duit l&rsquo;importation de mati\u00e8res premi\u00e8res pour nos usines\u00a0\u00bb. Le pr\u00e9sident a d\u00e9taill\u00e9 ses ambitions industrielles : \u00ab\u00a0Notre objectif est de fabriquer le maximum de produits sur place. Nous allons \u00eatre parmi les plus grands pays exportateurs de phosphates et d\u00e9riv\u00e9s. Nous allons aussi d\u00e9velopper l&rsquo;\u00e9nergie solaire et la production d&rsquo;hydrog\u00e8ne vert, une nouvelle ressource qui renforcera l&rsquo;attractivit\u00e9 industrielle de l&rsquo;Alg\u00e9rie\u00a0\u00bb. Ces projets visent non seulement \u00e0 diversifier l&rsquo;\u00e9conomie alg\u00e9rienne mais aussi \u00e0 renforcer sa position \u00e9nerg\u00e9tique internationale. Concernant les relations internationales, Tebboune a \u00e9t\u00e9 particuli\u00e8rement critique envers la France, rejetant cat\u00e9goriquement ses aides au d\u00e9veloppement. \u00ab\u00a0C&rsquo;est de l&rsquo;ordre de 20 \u00e0 30 millions par an. Le budget de l&rsquo;\u00c9tat alg\u00e9rien est de 130 milliards de dollars et nous n&rsquo;avons pas de dette ext\u00e9rieure\u00a0\u00bb, a-t-il soulign\u00e9. Il a clairement affirm\u00e9 : \u00ab\u00a0Nous n&rsquo;avons pas besoin de cet argent qui sert avant tout les int\u00e9r\u00eats d&rsquo;influence ext\u00e9rieure de la France\u00a0\u00bb. En revanche, il a salu\u00e9 la coop\u00e9ration avec d&rsquo;autres pays, notamment la Chine et l&rsquo;Italie. Sur les op\u00e9rateurs chinois, il a d\u00e9clar\u00e9 : \u00ab\u00a0Ils s&rsquo;int\u00e9ressent \u00e0 de nombreux secteurs d&rsquo;activit\u00e9 : des technologies de pointe \u00e0 l&rsquo;\u00e9lectronique en passant par le num\u00e9rique, les batteries au lithium\u00a0\u00bb. Quant \u00e0 l&rsquo;Italie, il a affirm\u00e9 : \u00ab\u00a0Nos amis italiens sont de bonne foi. On s&rsquo;aide r\u00e9ciproquement et l&rsquo;Italie renforce ses positions \u00e9conomiques chaque ann\u00e9e\u00a0\u00bb. Sur le plan politique int\u00e9rieur, Tebboune a annonc\u00e9 une s\u00e9rie de r\u00e9formes consensuelles : \u00ab\u00a0Nous allons trouver un consensus pour r\u00e9former la loi sur les partis, le syst\u00e8me \u00e9lectoral, les codes r\u00e9gissant les communes et les wilayas. Nous allons aussi renforcer l&rsquo;\u00e9conomie de ces r\u00e9gions en cr\u00e9ant une banque des collectivit\u00e9s locales\u00a0\u00bb.<\/p>\n\n\n\n<p>Concernant l&rsquo;Union europ\u00e9enne, sa demande de r\u00e9vision de l&rsquo;accord d&rsquo;association r\u00e9pond \u00e0 une ambition claire : permettre aux produits industriels et agricoles alg\u00e9riens d&rsquo;acc\u00e9der au march\u00e9 europ\u00e9en dans des conditions pr\u00e9f\u00e9rentielles. \u00ab\u00a0Notre ambition exportatrice s&rsquo;affirme. En 2005, nous n&rsquo;avions gu\u00e8re de production en dehors des hydrocarbures. Aujourd&rsquo;hui, nous avons une production industrielle nationale\u00a0\u00bb, a-t-il soulign\u00e9. Ce portrait pr\u00e9sidentiel r\u00e9v\u00e8le un dirigeant conscient des d\u00e9fis, pragmatique dans ses approches et ambitieux pour son pays. Tebboune semble d\u00e9termin\u00e9 \u00e0 transformer l&rsquo;Alg\u00e9rie, en jetant les bases d&rsquo;un d\u00e9veloppement \u00e9conomique diversifi\u00e9 et d&rsquo;un syst\u00e8me politique plus ouvert, tout en pr\u00e9servant son ind\u00e9pendance nationale.<\/p>\n\n\n\n<p>Samir Benisid<\/p>\n","protected":false},"excerpt":{"rendered":"<p>Dans un entretien accord\u00e9 au quotidien fran\u00e7ais L&rsquo;Opinion, le pr\u00e9sident de la R\u00e9publique Abdelmadjid Tebboune a livr\u00e9 une analyse d\u00e9taill\u00e9e<\/p>\n","protected":false},"author":6,"featured_media":62551,"comment_status":"open","ping_status":"closed","sticky":false,"template":"","format":"standard","meta":{"colormag_page_container_layout":"default_layout","colormag_page_sidebar_layout":"default_layout","om_disable_all_campaigns":false,"_monsterinsights_skip_tracking":false,"_monsterinsights_sitenote_active":false,"_monsterinsights_sitenote_note":"","_monsterinsights_sitenote_category":0,"footnotes":"","_wpscppro_dont_share_socialmedia":false,"_wpscppro_custom_social_share_image":0,"_facebook_share_type":"default","_twitter_share_type":"default","_linkedin_share_type":"default","_pinterest_share_type":"default","_linkedin_share_type_page":"","_instagram_share_type":"default","_medium_share_type":"default","_threads_share_type":"","_google_business_share_type":"","_selected_social_profile":[],"_wpsp_enable_custom_social_template":false,"_wpsp_social_scheduling":{"enabled":false,"datetime":null,"platforms":[],"status":"template_only","dateOption":"today","timeOption":"now","customDays":"","customHours":"","customDate":"","customTime":"","schedulingType":"absolute"},"_wpsp_active_default_template":true},"categories":[52,27],"tags":[],"class_list":["post-62550","post","type-post","status-publish","format-standard","has-post-thumbnail","hentry","category-a-la-une","category-actualite"],"aioseo_notices":[],"yoast_head":"<!-- This site is optimized with the Yoast SEO plugin v27.5 - https:\/\/yoast.com\/product\/yoast-seo-wordpress\/ -->\n<title>Le pr\u00e9sident Tebboune dresse un bilan des r\u00e9alisations et les perspectives de son second mandat: \u00ab\u00a0La voie est trac\u00e9e\u00a0\u00bb - La Sentinelle<\/title>\n<meta name=\"robots\" content=\"index, follow, max-snippet:-1, max-image-preview:large, max-video-preview:-1\" \/>\n<link rel=\"canonical\" href=\"https:\/\/lasentinelle.dz\/index.php\/2025\/02\/04\/le-president-tebboune-dresse-un-bilan-des-realisations-et-les-perspectives-de-son-second-mandat-la-voie-est-tracee\/\" \/>\n<meta property=\"og:locale\" content=\"fr_FR\" \/>\n<meta property=\"og:type\" content=\"article\" \/>\n<meta property=\"og:title\" content=\"Le pr\u00e9sident Tebboune dresse un bilan des r\u00e9alisations et les perspectives de son second mandat: \u00ab\u00a0La voie est trac\u00e9e\u00a0\u00bb - La Sentinelle\" \/>\n<meta property=\"og:description\" content=\"Dans un entretien accord\u00e9 au quotidien fran\u00e7ais L&rsquo;Opinion, le pr\u00e9sident de la R\u00e9publique Abdelmadjid Tebboune a livr\u00e9 une analyse d\u00e9taill\u00e9e\" \/>\n<meta property=\"og:url\" content=\"https:\/\/lasentinelle.dz\/index.php\/2025\/02\/04\/le-president-tebboune-dresse-un-bilan-des-realisations-et-les-perspectives-de-son-second-mandat-la-voie-est-tracee\/\" \/>\n<meta property=\"og:site_name\" content=\"La Sentinelle\" \/>\n<meta property=\"article:publisher\" content=\"https:\/\/www.facebook.com\/La-Sentinelle-104059864394773\" \/>\n<meta property=\"article:published_time\" content=\"2025-02-04T10:51:13+00:00\" \/>\n<meta property=\"article:modified_time\" content=\"2025-02-04T10:51:14+00:00\" \/>\n<meta property=\"og:image\" content=\"https:\/\/lasentinelle.dz\/wp-content\/uploads\/2025\/02\/Tebboune-2.jpeg\" \/>\n\t<meta property=\"og:image:width\" content=\"840\" \/>\n\t<meta property=\"og:image:height\" content=\"438\" \/>\n\t<meta property=\"og:image:type\" content=\"image\/jpeg\" \/>\n<meta name=\"author\" content=\"admin\" \/>\n<meta name=\"twitter:card\" content=\"summary_large_image\" \/>\n<meta name=\"twitter:label1\" content=\"\u00c9crit par\" \/>\n\t<meta name=\"twitter:data1\" content=\"admin\" \/>\n\t<meta name=\"twitter:label2\" content=\"Dur\u00e9e de lecture estim\u00e9e\" \/>\n\t<meta name=\"twitter:data2\" content=\"4 minutes\" \/>\n<script type=\"application\/ld+json\" class=\"yoast-schema-graph\">{\"@context\":\"https:\\\/\\\/schema.org\",\"@graph\":[{\"@type\":\"Article\",\"@id\":\"https:\\\/\\\/lasentinelle.dz\\\/index.php\\\/2025\\\/02\\\/04\\\/le-president-tebboune-dresse-un-bilan-des-realisations-et-les-perspectives-de-son-second-mandat-la-voie-est-tracee\\\/#article\",\"isPartOf\":{\"@id\":\"https:\\\/\\\/lasentinelle.dz\\\/index.php\\\/2025\\\/02\\\/04\\\/le-president-tebboune-dresse-un-bilan-des-realisations-et-les-perspectives-de-son-second-mandat-la-voie-est-tracee\\\/\"},\"author\":{\"name\":\"admin\",\"@id\":\"https:\\\/\\\/lasentinelle.dz\\\/#\\\/schema\\\/person\\\/729ee0024f24e0b8c5ec17232f8e8b41\"},\"headline\":\"Le pr\u00e9sident Tebboune dresse un bilan des r\u00e9alisations et les perspectives de son second mandat: \u00ab\u00a0La voie est trac\u00e9e\u00a0\u00bb\",\"datePublished\":\"2025-02-04T10:51:13+00:00\",\"dateModified\":\"2025-02-04T10:51:14+00:00\",\"mainEntityOfPage\":{\"@id\":\"https:\\\/\\\/lasentinelle.dz\\\/index.php\\\/2025\\\/02\\\/04\\\/le-president-tebboune-dresse-un-bilan-des-realisations-et-les-perspectives-de-son-second-mandat-la-voie-est-tracee\\\/\"},\"wordCount\":879,\"commentCount\":0,\"publisher\":{\"@id\":\"https:\\\/\\\/lasentinelle.dz\\\/#organization\"},\"image\":{\"@id\":\"https:\\\/\\\/lasentinelle.dz\\\/index.php\\\/2025\\\/02\\\/04\\\/le-president-tebboune-dresse-un-bilan-des-realisations-et-les-perspectives-de-son-second-mandat-la-voie-est-tracee\\\/#primaryimage\"},\"thumbnailUrl\":\"https:\\\/\\\/lasentinelle.dz\\\/wp-content\\\/uploads\\\/2025\\\/02\\\/Tebboune-2.jpeg\",\"articleSection\":[\"\u00c0 la Une\",\"Actualit\u00e9\"],\"inLanguage\":\"fr-FR\",\"potentialAction\":[{\"@type\":\"CommentAction\",\"name\":\"Comment\",\"target\":[\"https:\\\/\\\/lasentinelle.dz\\\/index.php\\\/2025\\\/02\\\/04\\\/le-president-tebboune-dresse-un-bilan-des-realisations-et-les-perspectives-de-son-second-mandat-la-voie-est-tracee\\\/#respond\"]}]},{\"@type\":\"WebPage\",\"@id\":\"https:\\\/\\\/lasentinelle.dz\\\/index.php\\\/2025\\\/02\\\/04\\\/le-president-tebboune-dresse-un-bilan-des-realisations-et-les-perspectives-de-son-second-mandat-la-voie-est-tracee\\\/\",\"url\":\"https:\\\/\\\/lasentinelle.dz\\\/index.php\\\/2025\\\/02\\\/04\\\/le-president-tebboune-dresse-un-bilan-des-realisations-et-les-perspectives-de-son-second-mandat-la-voie-est-tracee\\\/\",\"name\":\"Le pr\u00e9sident Tebboune dresse un bilan des r\u00e9alisations et les perspectives de son second mandat: \u00ab\u00a0La voie est trac\u00e9e\u00a0\u00bb - La Sentinelle\",\"isPartOf\":{\"@id\":\"https:\\\/\\\/lasentinelle.dz\\\/#website\"},\"primaryImageOfPage\":{\"@id\":\"https:\\\/\\\/lasentinelle.dz\\\/index.php\\\/2025\\\/02\\\/04\\\/le-president-tebboune-dresse-un-bilan-des-realisations-et-les-perspectives-de-son-second-mandat-la-voie-est-tracee\\\/#primaryimage\"},\"image\":{\"@id\":\"https:\\\/\\\/lasentinelle.dz\\\/index.php\\\/2025\\\/02\\\/04\\\/le-president-tebboune-dresse-un-bilan-des-realisations-et-les-perspectives-de-son-second-mandat-la-voie-est-tracee\\\/#primaryimage\"},\"thumbnailUrl\":\"https:\\\/\\\/lasentinelle.dz\\\/wp-content\\\/uploads\\\/2025\\\/02\\\/Tebboune-2.jpeg\",\"datePublished\":\"2025-02-04T10:51:13+00:00\",\"dateModified\":\"2025-02-04T10:51:14+00:00\",\"breadcrumb\":{\"@id\":\"https:\\\/\\\/lasentinelle.dz\\\/index.php\\\/2025\\\/02\\\/04\\\/le-president-tebboune-dresse-un-bilan-des-realisations-et-les-perspectives-de-son-second-mandat-la-voie-est-tracee\\\/#breadcrumb\"},\"inLanguage\":\"fr-FR\",\"potentialAction\":[{\"@type\":\"ReadAction\",\"target\":[\"https:\\\/\\\/lasentinelle.dz\\\/index.php\\\/2025\\\/02\\\/04\\\/le-president-tebboune-dresse-un-bilan-des-realisations-et-les-perspectives-de-son-second-mandat-la-voie-est-tracee\\\/\"]}]},{\"@type\":\"ImageObject\",\"inLanguage\":\"fr-FR\",\"@id\":\"https:\\\/\\\/lasentinelle.dz\\\/index.php\\\/2025\\\/02\\\/04\\\/le-president-tebboune-dresse-un-bilan-des-realisations-et-les-perspectives-de-son-second-mandat-la-voie-est-tracee\\\/#primaryimage\",\"url\":\"https:\\\/\\\/lasentinelle.dz\\\/wp-content\\\/uploads\\\/2025\\\/02\\\/Tebboune-2.jpeg\",\"contentUrl\":\"https:\\\/\\\/lasentinelle.dz\\\/wp-content\\\/uploads\\\/2025\\\/02\\\/Tebboune-2.jpeg\",\"width\":840,\"height\":438},{\"@type\":\"BreadcrumbList\",\"@id\":\"https:\\\/\\\/lasentinelle.dz\\\/index.php\\\/2025\\\/02\\\/04\\\/le-president-tebboune-dresse-un-bilan-des-realisations-et-les-perspectives-de-son-second-mandat-la-voie-est-tracee\\\/#breadcrumb\",\"itemListElement\":[{\"@type\":\"ListItem\",\"position\":1,\"name\":\"Accueil\",\"item\":\"https:\\\/\\\/lasentinelle.dz\\\/\"},{\"@type\":\"ListItem\",\"position\":2,\"name\":\"Le pr\u00e9sident Tebboune dresse un bilan des r\u00e9alisations et les perspectives de son second mandat: \u00ab\u00a0La voie est trac\u00e9e\u00a0\u00bb\"}]},{\"@type\":\"WebSite\",\"@id\":\"https:\\\/\\\/lasentinelle.dz\\\/#website\",\"url\":\"https:\\\/\\\/lasentinelle.dz\\\/\",\"name\":\"La Sentinelle\",\"description\":\"Quotidien national d&#039;information\",\"publisher\":{\"@id\":\"https:\\\/\\\/lasentinelle.dz\\\/#organization\"},\"potentialAction\":[{\"@type\":\"SearchAction\",\"target\":{\"@type\":\"EntryPoint\",\"urlTemplate\":\"https:\\\/\\\/lasentinelle.dz\\\/?s={search_term_string}\"},\"query-input\":{\"@type\":\"PropertyValueSpecification\",\"valueRequired\":true,\"valueName\":\"search_term_string\"}}],\"inLanguage\":\"fr-FR\"},{\"@type\":\"Organization\",\"@id\":\"https:\\\/\\\/lasentinelle.dz\\\/#organization\",\"name\":\"Quotidien La Sentinelle\",\"url\":\"https:\\\/\\\/lasentinelle.dz\\\/\",\"logo\":{\"@type\":\"ImageObject\",\"inLanguage\":\"fr-FR\",\"@id\":\"https:\\\/\\\/lasentinelle.dz\\\/#\\\/schema\\\/logo\\\/image\\\/\",\"url\":\"https:\\\/\\\/lasentinelle.dz\\\/wp-content\\\/uploads\\\/2021\\\/09\\\/logo-sentinelleSLOGAN-1.png\",\"contentUrl\":\"https:\\\/\\\/lasentinelle.dz\\\/wp-content\\\/uploads\\\/2021\\\/09\\\/logo-sentinelleSLOGAN-1.png\",\"width\":615,\"height\":142,\"caption\":\"Quotidien La Sentinelle\"},\"image\":{\"@id\":\"https:\\\/\\\/lasentinelle.dz\\\/#\\\/schema\\\/logo\\\/image\\\/\"},\"sameAs\":[\"https:\\\/\\\/www.facebook.com\\\/La-Sentinelle-104059864394773\"]},{\"@type\":\"Person\",\"@id\":\"https:\\\/\\\/lasentinelle.dz\\\/#\\\/schema\\\/person\\\/729ee0024f24e0b8c5ec17232f8e8b41\",\"name\":\"admin\",\"image\":{\"@type\":\"ImageObject\",\"inLanguage\":\"fr-FR\",\"@id\":\"https:\\\/\\\/secure.gravatar.com\\\/avatar\\\/4c81fed838786e9b53f540bf46533e750f5d292099ae3b66cfc6fb1982e29df7?s=96&d=mm&r=g\",\"url\":\"https:\\\/\\\/secure.gravatar.com\\\/avatar\\\/4c81fed838786e9b53f540bf46533e750f5d292099ae3b66cfc6fb1982e29df7?s=96&d=mm&r=g\",\"contentUrl\":\"https:\\\/\\\/secure.gravatar.com\\\/avatar\\\/4c81fed838786e9b53f540bf46533e750f5d292099ae3b66cfc6fb1982e29df7?s=96&d=mm&r=g\",\"caption\":\"admin\"},\"description\":\"admin\",\"url\":\"https:\\\/\\\/lasentinelle.dz\\\/author\\\/admin\\\/\"}]}<\/script>\n<!-- \/ Yoast SEO plugin. -->","yoast_head_json":{"title":"Le pr\u00e9sident Tebboune dresse un bilan des r\u00e9alisations et les perspectives de son second mandat: \u00ab\u00a0La voie est trac\u00e9e\u00a0\u00bb - La Sentinelle","robots":{"index":"index","follow":"follow","max-snippet":"max-snippet:-1","max-image-preview":"max-image-preview:large","max-video-preview":"max-video-preview:-1"},"canonical":"https:\/\/lasentinelle.dz\/index.php\/2025\/02\/04\/le-president-tebboune-dresse-un-bilan-des-realisations-et-les-perspectives-de-son-second-mandat-la-voie-est-tracee\/","og_locale":"fr_FR","og_type":"article","og_title":"Le pr\u00e9sident Tebboune dresse un bilan des r\u00e9alisations et les perspectives de son second mandat: \u00ab\u00a0La voie est trac\u00e9e\u00a0\u00bb - La Sentinelle","og_description":"Dans un entretien accord\u00e9 au quotidien fran\u00e7ais L&rsquo;Opinion, le pr\u00e9sident de la R\u00e9publique Abdelmadjid Tebboune a livr\u00e9 une analyse d\u00e9taill\u00e9e","og_url":"https:\/\/lasentinelle.dz\/index.php\/2025\/02\/04\/le-president-tebboune-dresse-un-bilan-des-realisations-et-les-perspectives-de-son-second-mandat-la-voie-est-tracee\/","og_site_name":"La Sentinelle","article_publisher":"https:\/\/www.facebook.com\/La-Sentinelle-104059864394773","article_published_time":"2025-02-04T10:51:13+00:00","article_modified_time":"2025-02-04T10:51:14+00:00","og_image":[{"width":840,"height":438,"url":"https:\/\/lasentinelle.dz\/wp-content\/uploads\/2025\/02\/Tebboune-2.jpeg","type":"image\/jpeg"}],"author":"admin","twitter_card":"summary_large_image","twitter_misc":{"\u00c9crit par":"admin","Dur\u00e9e de lecture estim\u00e9e":"4 minutes"},"schema":{"@context":"https:\/\/schema.org","@graph":[{"@type":"Article","@id":"https:\/\/lasentinelle.dz\/index.php\/2025\/02\/04\/le-president-tebboune-dresse-un-bilan-des-realisations-et-les-perspectives-de-son-second-mandat-la-voie-est-tracee\/#article","isPartOf":{"@id":"https:\/\/lasentinelle.dz\/index.php\/2025\/02\/04\/le-president-tebboune-dresse-un-bilan-des-realisations-et-les-perspectives-de-son-second-mandat-la-voie-est-tracee\/"},"author":{"name":"admin","@id":"https:\/\/lasentinelle.dz\/#\/schema\/person\/729ee0024f24e0b8c5ec17232f8e8b41"},"headline":"Le pr\u00e9sident Tebboune dresse un bilan des r\u00e9alisations et les perspectives de son second mandat: \u00ab\u00a0La voie est trac\u00e9e\u00a0\u00bb","datePublished":"2025-02-04T10:51:13+00:00","dateModified":"2025-02-04T10:51:14+00:00","mainEntityOfPage":{"@id":"https:\/\/lasentinelle.dz\/index.php\/2025\/02\/04\/le-president-tebboune-dresse-un-bilan-des-realisations-et-les-perspectives-de-son-second-mandat-la-voie-est-tracee\/"},"wordCount":879,"commentCount":0,"publisher":{"@id":"https:\/\/lasentinelle.dz\/#organization"},"image":{"@id":"https:\/\/lasentinelle.dz\/index.php\/2025\/02\/04\/le-president-tebboune-dresse-un-bilan-des-realisations-et-les-perspectives-de-son-second-mandat-la-voie-est-tracee\/#primaryimage"},"thumbnailUrl":"https:\/\/lasentinelle.dz\/wp-content\/uploads\/2025\/02\/Tebboune-2.jpeg","articleSection":["\u00c0 la Une","Actualit\u00e9"],"inLanguage":"fr-FR","potentialAction":[{"@type":"CommentAction","name":"Comment","target":["https:\/\/lasentinelle.dz\/index.php\/2025\/02\/04\/le-president-tebboune-dresse-un-bilan-des-realisations-et-les-perspectives-de-son-second-mandat-la-voie-est-tracee\/#respond"]}]},{"@type":"WebPage","@id":"https:\/\/lasentinelle.dz\/index.php\/2025\/02\/04\/le-president-tebboune-dresse-un-bilan-des-realisations-et-les-perspectives-de-son-second-mandat-la-voie-est-tracee\/","url":"https:\/\/lasentinelle.dz\/index.php\/2025\/02\/04\/le-president-tebboune-dresse-un-bilan-des-realisations-et-les-perspectives-de-son-second-mandat-la-voie-est-tracee\/","name":"Le pr\u00e9sident Tebboune dresse un bilan des r\u00e9alisations et les perspectives de son second mandat: \u00ab\u00a0La voie est trac\u00e9e\u00a0\u00bb - La Sentinelle","isPartOf":{"@id":"https:\/\/lasentinelle.dz\/#website"},"primaryImageOfPage":{"@id":"https:\/\/lasentinelle.dz\/index.php\/2025\/02\/04\/le-president-tebboune-dresse-un-bilan-des-realisations-et-les-perspectives-de-son-second-mandat-la-voie-est-tracee\/#primaryimage"},"image":{"@id":"https:\/\/lasentinelle.dz\/index.php\/2025\/02\/04\/le-president-tebboune-dresse-un-bilan-des-realisations-et-les-perspectives-de-son-second-mandat-la-voie-est-tracee\/#primaryimage"},"thumbnailUrl":"https:\/\/lasentinelle.dz\/wp-content\/uploads\/2025\/02\/Tebboune-2.jpeg","datePublished":"2025-02-04T10:51:13+00:00","dateModified":"2025-02-04T10:51:14+00:00","breadcrumb":{"@id":"https:\/\/lasentinelle.dz\/index.php\/2025\/02\/04\/le-president-tebboune-dresse-un-bilan-des-realisations-et-les-perspectives-de-son-second-mandat-la-voie-est-tracee\/#breadcrumb"},"inLanguage":"fr-FR","potentialAction":[{"@type":"ReadAction","target":["https:\/\/lasentinelle.dz\/index.php\/2025\/02\/04\/le-president-tebboune-dresse-un-bilan-des-realisations-et-les-perspectives-de-son-second-mandat-la-voie-est-tracee\/"]}]},{"@type":"ImageObject","inLanguage":"fr-FR","@id":"https:\/\/lasentinelle.dz\/index.php\/2025\/02\/04\/le-president-tebboune-dresse-un-bilan-des-realisations-et-les-perspectives-de-son-second-mandat-la-voie-est-tracee\/#primaryimage","url":"https:\/\/lasentinelle.dz\/wp-content\/uploads\/2025\/02\/Tebboune-2.jpeg","contentUrl":"https:\/\/lasentinelle.dz\/wp-content\/uploads\/2025\/02\/Tebboune-2.jpeg","width":840,"height":438},{"@type":"BreadcrumbList","@id":"https:\/\/lasentinelle.dz\/index.php\/2025\/02\/04\/le-president-tebboune-dresse-un-bilan-des-realisations-et-les-perspectives-de-son-second-mandat-la-voie-est-tracee\/#breadcrumb","itemListElement":[{"@type":"ListItem","position":1,"name":"Accueil","item":"https:\/\/lasentinelle.dz\/"},{"@type":"ListItem","position":2,"name":"Le pr\u00e9sident Tebboune dresse un bilan des r\u00e9alisations et les perspectives de son second mandat: \u00ab\u00a0La voie est trac\u00e9e\u00a0\u00bb"}]},{"@type":"WebSite","@id":"https:\/\/lasentinelle.dz\/#website","url":"https:\/\/lasentinelle.dz\/","name":"La Sentinelle","description":"Quotidien national d&#039;information","publisher":{"@id":"https:\/\/lasentinelle.dz\/#organization"},"potentialAction":[{"@type":"SearchAction","target":{"@type":"EntryPoint","urlTemplate":"https:\/\/lasentinelle.dz\/?s={search_term_string}"},"query-input":{"@type":"PropertyValueSpecification","valueRequired":true,"valueName":"search_term_string"}}],"inLanguage":"fr-FR"},{"@type":"Organization","@id":"https:\/\/lasentinelle.dz\/#organization","name":"Quotidien La Sentinelle","url":"https:\/\/lasentinelle.dz\/","logo":{"@type":"ImageObject","inLanguage":"fr-FR","@id":"https:\/\/lasentinelle.dz\/#\/schema\/logo\/image\/","url":"https:\/\/lasentinelle.dz\/wp-content\/uploads\/2021\/09\/logo-sentinelleSLOGAN-1.png","contentUrl":"https:\/\/lasentinelle.dz\/wp-content\/uploads\/2021\/09\/logo-sentinelleSLOGAN-1.png","width":615,"height":142,"caption":"Quotidien La Sentinelle"},"image":{"@id":"https:\/\/lasentinelle.dz\/#\/schema\/logo\/image\/"},"sameAs":["https:\/\/www.facebook.com\/La-Sentinelle-104059864394773"]},{"@type":"Person","@id":"https:\/\/lasentinelle.dz\/#\/schema\/person\/729ee0024f24e0b8c5ec17232f8e8b41","name":"admin","image":{"@type":"ImageObject","inLanguage":"fr-FR","@id":"https:\/\/secure.gravatar.com\/avatar\/4c81fed838786e9b53f540bf46533e750f5d292099ae3b66cfc6fb1982e29df7?s=96&d=mm&r=g","url":"https:\/\/secure.gravatar.com\/avatar\/4c81fed838786e9b53f540bf46533e750f5d292099ae3b66cfc6fb1982e29df7?s=96&d=mm&r=g","contentUrl":"https:\/\/secure.gravatar.com\/avatar\/4c81fed838786e9b53f540bf46533e750f5d292099ae3b66cfc6fb1982e29df7?s=96&d=mm&r=g","caption":"admin"},"description":"admin","url":"https:\/\/lasentinelle.dz\/author\/admin\/"}]}},"_links":{"self":[{"href":"https:\/\/lasentinelle.dz\/index.php\/wp-json\/wp\/v2\/posts\/62550","targetHints":{"allow":["GET"]}}],"collection":[{"href":"https:\/\/lasentinelle.dz\/index.php\/wp-json\/wp\/v2\/posts"}],"about":[{"href":"https:\/\/lasentinelle.dz\/index.php\/wp-json\/wp\/v2\/types\/post"}],"author":[{"embeddable":true,"href":"https:\/\/lasentinelle.dz\/index.php\/wp-json\/wp\/v2\/users\/6"}],"replies":[{"embeddable":true,"href":"https:\/\/lasentinelle.dz\/index.php\/wp-json\/wp\/v2\/comments?post=62550"}],"version-history":[{"count":1,"href":"https:\/\/lasentinelle.dz\/index.php\/wp-json\/wp\/v2\/posts\/62550\/revisions"}],"predecessor-version":[{"id":62552,"href":"https:\/\/lasentinelle.dz\/index.php\/wp-json\/wp\/v2\/posts\/62550\/revisions\/62552"}],"wp:featuredmedia":[{"embeddable":true,"href":"https:\/\/lasentinelle.dz\/index.php\/wp-json\/wp\/v2\/media\/62551"}],"wp:attachment":[{"href":"https:\/\/lasentinelle.dz\/index.php\/wp-json\/wp\/v2\/media?parent=62550"}],"wp:term":[{"taxonomy":"category","embeddable":true,"href":"https:\/\/lasentinelle.dz\/index.php\/wp-json\/wp\/v2\/categories?post=62550"},{"taxonomy":"post_tag","embeddable":true,"href":"https:\/\/lasentinelle.dz\/index.php\/wp-json\/wp\/v2\/tags?post=62550"}],"curies":[{"name":"wp","href":"https:\/\/api.w.org\/{rel}","templated":true}]}}