{"id":62580,"date":"2025-02-05T12:32:12","date_gmt":"2025-02-05T11:32:12","guid":{"rendered":"https:\/\/lasentinelle.dz\/?p=62580"},"modified":"2025-02-05T12:32:13","modified_gmt":"2025-02-05T11:32:13","slug":"championnats-europeens-un-mercato-anime-pour-les-algeriens","status":"publish","type":"post","link":"https:\/\/lasentinelle.dz\/index.php\/2025\/02\/05\/championnats-europeens-un-mercato-anime-pour-les-algeriens\/","title":{"rendered":"Championnats europ\u00e9ens: Un mercato anim\u00e9 pour les Alg\u00e9riens"},"content":{"rendered":"\n<p>Le mercato d&rsquo;hiver 2025 a \u00e9t\u00e9 particuli\u00e8rement anim\u00e9 pour les internationaux alg\u00e9riens. Cinq Fennecs ont d\u00e9cid\u00e9 de r\u00e9inventer leurs trajectoires professionnelles, d\u00e9montrant une nouvelle fois la r\u00e9silience et l&rsquo;adaptabilit\u00e9 des talents alg\u00e9riens sur la sc\u00e8ne footballistique internationale.<\/p>\n\n\n\n<p>L&rsquo;\u00e9picentre de ce mouvement se situe \u00e0 Marseille, o\u00f9 l&rsquo;Olympique, actuel dauphin du championnat fran\u00e7ais, a r\u00e9alis\u00e9 un coup double retentissant en recrutant deux internationaux alg\u00e9riens. Amine Gouiri, attaquant de 24 ans en provenance du Stade rennais, a sign\u00e9 un contrat longue dur\u00e9e jusqu&rsquo;en juin 2029. Dans la foul\u00e9e, le club phoc\u00e9en a \u00e9galement obtenu le pr\u00eat d&rsquo;Isma\u00ebl Bennacer, milieu de terrain de l&rsquo;AC Milan, selon un accord dont L&rsquo;Equipe rapporte les d\u00e9tails pr\u00e9cis : \u00ab L&rsquo;AC Milan et le club phoc\u00e9en ont trouv\u00e9 un accord de principe ce lundi soir pour un pr\u00eat avec option d&rsquo;achat de 10 millions d&rsquo;euros \u00bb. Un transfert conditionn\u00e9 par la finalisation du successeur de Bennacer \u00e0 Milan, qui marque son retour en France sept ans et demi apr\u00e8s son d\u00e9part en Italie. Apr\u00e8s avoir rejoint Empoli en 2017, le milieu des Fennecs avait sign\u00e9 \u00e0 l&rsquo;AC Milan en 2019 pour un contrat initial de cinq ans, prolong\u00e9 en janvier 2023 jusqu&rsquo;en 2027. Sous le maillot milanais, il aura disput\u00e9 178 matchs toutes comp\u00e9titions confondues, inscrit 8 buts, et remport\u00e9 le titre de champion en 2022 ainsi que la Supercoupe d&rsquo;Italie en 2024. Un palmar\u00e8s qui t\u00e9moigne de son importance dans le football europ\u00e9en.<\/p>\n\n\n\n<p>Autre transfert remarque, celui d\u2019Islam Slimani qui d\u00e9cide d\u2019\u00e9crire un nouveau chapitre de sa riche carri\u00e8re et de faire un retour en Europe. Apr\u00e8s une premi\u00e8re partie de saison mitig\u00e9e au CR Belouizdad, l&rsquo;actuel meilleur buteur historique de l&rsquo;\u00e9quipe nationale a choisi de retourner en Europe. Son choix : un pr\u00eat jusqu&rsquo;en fin de saison avec le club belge de KV Westerlo. Son retour au Chabab aura \u00e9t\u00e9 bref : seulement 11 matchs et 3 buts marqu\u00e9s apr\u00e8s onze ann\u00e9es pass\u00e9es \u00e0 l&rsquo;\u00e9tranger. \u00c0 36 ans, Slimani continue d&rsquo;\u00e9crire son aventure footballistique, lui qui avait d\u00e9j\u00e0 go\u00fbt\u00e9 au championnat belge avec Anderlecht (16 apparitions, 9 buts) et Malines (13 apparitions, 3 buts). Sa\u00efd Benrahma emprunte quant \u00e0 lui un chemin moins traditionnel. Le milieu offensif de l&rsquo;Olympique Lyon, qui avait rejoint le club en f\u00e9vrier 2024 en provenance de West Ham, a \u00e9t\u00e9 pr\u00eat\u00e9 au club saoudien de Neom SC (Division 2). Un transfert qui s&rsquo;accompagne d&rsquo;une option d&rsquo;achat obligatoire de 12 millions d&rsquo;euros, potentiellement bonifi\u00e9e de 3 millions en cas de mont\u00e9e en premi\u00e8re division. \u00c0 29 ans, Benrahma suit la voie trac\u00e9e par d\u2019autres footballeurs de renom comme Cristiano Ronaldo et Riyad Mahrez, qui ont r\u00e9cemment fait le choix de l&rsquo;Arabie saoudite. Lors de son passage \u00e0 Lyon, il aura disput\u00e9 22 matchs toutes comp\u00e9titions confondues, inscrivant 3 buts. Andy Delort, autre international alg\u00e9rien de 33 ans (15 s\u00e9lections, 2 buts), a \u00e9galement d\u00e9cid\u00e9 de changer d&rsquo;air. Apr\u00e8s une courte et peu concluante exp\u00e9rience avec le MC Alger (14 apparitions, 3 buts), il fait son retour \u00e0 Montpellier HSC en pr\u00eat, avec une option d&rsquo;achat. Un retour aux sources pour celui qui avait d\u00e9j\u00e0 port\u00e9 les couleurs du club entre 2018 et 2021. Dernier mouvement, celui d&rsquo;Ahmed Kendouci. Le milieu de terrain de 25 ans, originaire de Ghriss dans la wilaya de Mascara, a \u00e9t\u00e9 transf\u00e9r\u00e9 d\u00e9finitivement \u00e0 Ceramica Cleopatra en premi\u00e8re division \u00e9gyptienne. Son parcours est significatif : recrut\u00e9 par Al-Ahly SC en janvier 2023 pour un contrat de quatre ans et demi en provenance de l&rsquo;ES S\u00e9tif, il avait \u00e9t\u00e9 pr\u00eat\u00e9 \u00e0 Ceramica Cleopatra en raison de la forte concurrence au sein de l&rsquo;effectif. L&rsquo;entra\u00eeneur suisse Marcel Koller ne le comptait pas dans ses plans, motivant ce pr\u00eat puis ce transfert d\u00e9finitif.<\/p>\n\n\n\n<p>Ces mouvements traduisent la vitalit\u00e9 et la mobilit\u00e9 des talents alg\u00e9riens. De Marseille \u00e0 Westerlo, de Lyon \u00e0 Neom, de Montpellier au Caire, ces parcours dessinent la carte mouvante d&rsquo;un football alg\u00e9rien dynamique et ouvert sur le monde. Le mercato d&rsquo;hiver 2025 illustre parfaitement cette capacit\u00e9 d&rsquo;adaptation. Certains reviennent aux sources, comme Slimani et Delort, d&rsquo;autres partent \u00e0 la conqu\u00eate de nouveaux horizons comme Benrahma ou Bennacer.<\/p>\n\n\n\n<p>Moncef Dahleb<\/p>\n","protected":false},"excerpt":{"rendered":"<p>Le mercato d&rsquo;hiver 2025 a \u00e9t\u00e9 particuli\u00e8rement anim\u00e9 pour les internationaux alg\u00e9riens. Cinq Fennecs ont d\u00e9cid\u00e9 de r\u00e9inventer leurs trajectoires<\/p>\n","protected":false},"author":6,"featured_media":62581,"comment_status":"open","ping_status":"closed","sticky":false,"template":"","format":"standard","meta":{"colormag_page_container_layout":"default_layout","colormag_page_sidebar_layout":"default_layout","om_disable_all_campaigns":false,"_monsterinsights_skip_tracking":false,"_monsterinsights_sitenote_active":false,"_monsterinsights_sitenote_note":"","_monsterinsights_sitenote_category":0,"footnotes":"","_wpscppro_dont_share_socialmedia":false,"_wpscppro_custom_social_share_image":0,"_facebook_share_type":"default","_twitter_share_type":"default","_linkedin_share_type":"default","_pinterest_share_type":"default","_linkedin_share_type_page":"","_instagram_share_type":"default","_medium_share_type":"default","_threads_share_type":"","_google_business_share_type":"","_selected_social_profile":[],"_wpsp_enable_custom_social_template":false,"_wpsp_social_scheduling":{"enabled":false,"datetime":null,"platforms":[],"status":"template_only","dateOption":"today","timeOption":"now","customDays":"","customHours":"","customDate":"","customTime":"","schedulingType":"absolute"},"_wpsp_active_default_template":true},"categories":[52,33],"tags":[],"class_list":["post-62580","post","type-post","status-publish","format-standard","has-post-thumbnail","hentry","category-a-la-une","category-sports"],"aioseo_notices":[],"yoast_head":"<!-- This site is optimized with the Yoast SEO plugin v27.5 - https:\/\/yoast.com\/product\/yoast-seo-wordpress\/ -->\n<title>Championnats europ\u00e9ens: Un mercato anim\u00e9 pour les Alg\u00e9riens - La Sentinelle<\/title>\n<meta name=\"robots\" content=\"index, follow, max-snippet:-1, max-image-preview:large, max-video-preview:-1\" \/>\n<link rel=\"canonical\" href=\"https:\/\/lasentinelle.dz\/index.php\/2025\/02\/05\/championnats-europeens-un-mercato-anime-pour-les-algeriens\/\" \/>\n<meta property=\"og:locale\" content=\"fr_FR\" \/>\n<meta property=\"og:type\" content=\"article\" \/>\n<meta property=\"og:title\" content=\"Championnats europ\u00e9ens: Un mercato anim\u00e9 pour les Alg\u00e9riens - La Sentinelle\" \/>\n<meta property=\"og:description\" content=\"Le mercato d&rsquo;hiver 2025 a \u00e9t\u00e9 particuli\u00e8rement anim\u00e9 pour les internationaux alg\u00e9riens. Cinq Fennecs ont d\u00e9cid\u00e9 de r\u00e9inventer leurs trajectoires\" \/>\n<meta property=\"og:url\" content=\"https:\/\/lasentinelle.dz\/index.php\/2025\/02\/05\/championnats-europeens-un-mercato-anime-pour-les-algeriens\/\" \/>\n<meta property=\"og:site_name\" content=\"La Sentinelle\" \/>\n<meta property=\"article:publisher\" content=\"https:\/\/www.facebook.com\/La-Sentinelle-104059864394773\" \/>\n<meta property=\"article:published_time\" content=\"2025-02-05T11:32:12+00:00\" \/>\n<meta property=\"article:modified_time\" content=\"2025-02-05T11:32:13+00:00\" \/>\n<meta property=\"og:image\" content=\"https:\/\/lasentinelle.dz\/wp-content\/uploads\/2025\/02\/EN-P7-scaled.jpg\" \/>\n\t<meta property=\"og:image:width\" content=\"2560\" \/>\n\t<meta property=\"og:image:height\" content=\"1626\" \/>\n\t<meta property=\"og:image:type\" content=\"image\/jpeg\" \/>\n<meta name=\"author\" content=\"admin\" \/>\n<meta name=\"twitter:card\" content=\"summary_large_image\" \/>\n<meta name=\"twitter:label1\" content=\"\u00c9crit par\" \/>\n\t<meta name=\"twitter:data1\" content=\"admin\" \/>\n\t<meta name=\"twitter:label2\" content=\"Dur\u00e9e de lecture estim\u00e9e\" \/>\n\t<meta name=\"twitter:data2\" content=\"4 minutes\" \/>\n<script type=\"application\/ld+json\" class=\"yoast-schema-graph\">{\"@context\":\"https:\\\/\\\/schema.org\",\"@graph\":[{\"@type\":\"Article\",\"@id\":\"https:\\\/\\\/lasentinelle.dz\\\/index.php\\\/2025\\\/02\\\/05\\\/championnats-europeens-un-mercato-anime-pour-les-algeriens\\\/#article\",\"isPartOf\":{\"@id\":\"https:\\\/\\\/lasentinelle.dz\\\/index.php\\\/2025\\\/02\\\/05\\\/championnats-europeens-un-mercato-anime-pour-les-algeriens\\\/\"},\"author\":{\"name\":\"admin\",\"@id\":\"https:\\\/\\\/lasentinelle.dz\\\/#\\\/schema\\\/person\\\/729ee0024f24e0b8c5ec17232f8e8b41\"},\"headline\":\"Championnats europ\u00e9ens: Un mercato anim\u00e9 pour les Alg\u00e9riens\",\"datePublished\":\"2025-02-05T11:32:12+00:00\",\"dateModified\":\"2025-02-05T11:32:13+00:00\",\"mainEntityOfPage\":{\"@id\":\"https:\\\/\\\/lasentinelle.dz\\\/index.php\\\/2025\\\/02\\\/05\\\/championnats-europeens-un-mercato-anime-pour-les-algeriens\\\/\"},\"wordCount\":740,\"commentCount\":0,\"publisher\":{\"@id\":\"https:\\\/\\\/lasentinelle.dz\\\/#organization\"},\"image\":{\"@id\":\"https:\\\/\\\/lasentinelle.dz\\\/index.php\\\/2025\\\/02\\\/05\\\/championnats-europeens-un-mercato-anime-pour-les-algeriens\\\/#primaryimage\"},\"thumbnailUrl\":\"https:\\\/\\\/lasentinelle.dz\\\/wp-content\\\/uploads\\\/2025\\\/02\\\/EN-P7-scaled.jpg\",\"articleSection\":[\"\u00c0 la Une\",\"Sports\"],\"inLanguage\":\"fr-FR\",\"potentialAction\":[{\"@type\":\"CommentAction\",\"name\":\"Comment\",\"target\":[\"https:\\\/\\\/lasentinelle.dz\\\/index.php\\\/2025\\\/02\\\/05\\\/championnats-europeens-un-mercato-anime-pour-les-algeriens\\\/#respond\"]}]},{\"@type\":\"WebPage\",\"@id\":\"https:\\\/\\\/lasentinelle.dz\\\/index.php\\\/2025\\\/02\\\/05\\\/championnats-europeens-un-mercato-anime-pour-les-algeriens\\\/\",\"url\":\"https:\\\/\\\/lasentinelle.dz\\\/index.php\\\/2025\\\/02\\\/05\\\/championnats-europeens-un-mercato-anime-pour-les-algeriens\\\/\",\"name\":\"Championnats europ\u00e9ens: Un mercato anim\u00e9 pour les Alg\u00e9riens - La Sentinelle\",\"isPartOf\":{\"@id\":\"https:\\\/\\\/lasentinelle.dz\\\/#website\"},\"primaryImageOfPage\":{\"@id\":\"https:\\\/\\\/lasentinelle.dz\\\/index.php\\\/2025\\\/02\\\/05\\\/championnats-europeens-un-mercato-anime-pour-les-algeriens\\\/#primaryimage\"},\"image\":{\"@id\":\"https:\\\/\\\/lasentinelle.dz\\\/index.php\\\/2025\\\/02\\\/05\\\/championnats-europeens-un-mercato-anime-pour-les-algeriens\\\/#primaryimage\"},\"thumbnailUrl\":\"https:\\\/\\\/lasentinelle.dz\\\/wp-content\\\/uploads\\\/2025\\\/02\\\/EN-P7-scaled.jpg\",\"datePublished\":\"2025-02-05T11:32:12+00:00\",\"dateModified\":\"2025-02-05T11:32:13+00:00\",\"breadcrumb\":{\"@id\":\"https:\\\/\\\/lasentinelle.dz\\\/index.php\\\/2025\\\/02\\\/05\\\/championnats-europeens-un-mercato-anime-pour-les-algeriens\\\/#breadcrumb\"},\"inLanguage\":\"fr-FR\",\"potentialAction\":[{\"@type\":\"ReadAction\",\"target\":[\"https:\\\/\\\/lasentinelle.dz\\\/index.php\\\/2025\\\/02\\\/05\\\/championnats-europeens-un-mercato-anime-pour-les-algeriens\\\/\"]}]},{\"@type\":\"ImageObject\",\"inLanguage\":\"fr-FR\",\"@id\":\"https:\\\/\\\/lasentinelle.dz\\\/index.php\\\/2025\\\/02\\\/05\\\/championnats-europeens-un-mercato-anime-pour-les-algeriens\\\/#primaryimage\",\"url\":\"https:\\\/\\\/lasentinelle.dz\\\/wp-content\\\/uploads\\\/2025\\\/02\\\/EN-P7-scaled.jpg\",\"contentUrl\":\"https:\\\/\\\/lasentinelle.dz\\\/wp-content\\\/uploads\\\/2025\\\/02\\\/EN-P7-scaled.jpg\",\"width\":2560,\"height\":1626},{\"@type\":\"BreadcrumbList\",\"@id\":\"https:\\\/\\\/lasentinelle.dz\\\/index.php\\\/2025\\\/02\\\/05\\\/championnats-europeens-un-mercato-anime-pour-les-algeriens\\\/#breadcrumb\",\"itemListElement\":[{\"@type\":\"ListItem\",\"position\":1,\"name\":\"Accueil\",\"item\":\"https:\\\/\\\/lasentinelle.dz\\\/\"},{\"@type\":\"ListItem\",\"position\":2,\"name\":\"Championnats europ\u00e9ens: Un mercato anim\u00e9 pour les Alg\u00e9riens\"}]},{\"@type\":\"WebSite\",\"@id\":\"https:\\\/\\\/lasentinelle.dz\\\/#website\",\"url\":\"https:\\\/\\\/lasentinelle.dz\\\/\",\"name\":\"La Sentinelle\",\"description\":\"Quotidien national d&#039;information\",\"publisher\":{\"@id\":\"https:\\\/\\\/lasentinelle.dz\\\/#organization\"},\"potentialAction\":[{\"@type\":\"SearchAction\",\"target\":{\"@type\":\"EntryPoint\",\"urlTemplate\":\"https:\\\/\\\/lasentinelle.dz\\\/?s={search_term_string}\"},\"query-input\":{\"@type\":\"PropertyValueSpecification\",\"valueRequired\":true,\"valueName\":\"search_term_string\"}}],\"inLanguage\":\"fr-FR\"},{\"@type\":\"Organization\",\"@id\":\"https:\\\/\\\/lasentinelle.dz\\\/#organization\",\"name\":\"Quotidien La Sentinelle\",\"url\":\"https:\\\/\\\/lasentinelle.dz\\\/\",\"logo\":{\"@type\":\"ImageObject\",\"inLanguage\":\"fr-FR\",\"@id\":\"https:\\\/\\\/lasentinelle.dz\\\/#\\\/schema\\\/logo\\\/image\\\/\",\"url\":\"https:\\\/\\\/lasentinelle.dz\\\/wp-content\\\/uploads\\\/2021\\\/09\\\/logo-sentinelleSLOGAN-1.png\",\"contentUrl\":\"https:\\\/\\\/lasentinelle.dz\\\/wp-content\\\/uploads\\\/2021\\\/09\\\/logo-sentinelleSLOGAN-1.png\",\"width\":615,\"height\":142,\"caption\":\"Quotidien La Sentinelle\"},\"image\":{\"@id\":\"https:\\\/\\\/lasentinelle.dz\\\/#\\\/schema\\\/logo\\\/image\\\/\"},\"sameAs\":[\"https:\\\/\\\/www.facebook.com\\\/La-Sentinelle-104059864394773\"]},{\"@type\":\"Person\",\"@id\":\"https:\\\/\\\/lasentinelle.dz\\\/#\\\/schema\\\/person\\\/729ee0024f24e0b8c5ec17232f8e8b41\",\"name\":\"admin\",\"image\":{\"@type\":\"ImageObject\",\"inLanguage\":\"fr-FR\",\"@id\":\"https:\\\/\\\/secure.gravatar.com\\\/avatar\\\/4c81fed838786e9b53f540bf46533e750f5d292099ae3b66cfc6fb1982e29df7?s=96&d=mm&r=g\",\"url\":\"https:\\\/\\\/secure.gravatar.com\\\/avatar\\\/4c81fed838786e9b53f540bf46533e750f5d292099ae3b66cfc6fb1982e29df7?s=96&d=mm&r=g\",\"contentUrl\":\"https:\\\/\\\/secure.gravatar.com\\\/avatar\\\/4c81fed838786e9b53f540bf46533e750f5d292099ae3b66cfc6fb1982e29df7?s=96&d=mm&r=g\",\"caption\":\"admin\"},\"description\":\"admin\",\"url\":\"https:\\\/\\\/lasentinelle.dz\\\/author\\\/admin\\\/\"}]}<\/script>\n<!-- \/ Yoast SEO plugin. -->","yoast_head_json":{"title":"Championnats europ\u00e9ens: Un mercato anim\u00e9 pour les Alg\u00e9riens - La Sentinelle","robots":{"index":"index","follow":"follow","max-snippet":"max-snippet:-1","max-image-preview":"max-image-preview:large","max-video-preview":"max-video-preview:-1"},"canonical":"https:\/\/lasentinelle.dz\/index.php\/2025\/02\/05\/championnats-europeens-un-mercato-anime-pour-les-algeriens\/","og_locale":"fr_FR","og_type":"article","og_title":"Championnats europ\u00e9ens: Un mercato anim\u00e9 pour les Alg\u00e9riens - La Sentinelle","og_description":"Le mercato d&rsquo;hiver 2025 a \u00e9t\u00e9 particuli\u00e8rement anim\u00e9 pour les internationaux alg\u00e9riens. Cinq Fennecs ont d\u00e9cid\u00e9 de r\u00e9inventer leurs trajectoires","og_url":"https:\/\/lasentinelle.dz\/index.php\/2025\/02\/05\/championnats-europeens-un-mercato-anime-pour-les-algeriens\/","og_site_name":"La Sentinelle","article_publisher":"https:\/\/www.facebook.com\/La-Sentinelle-104059864394773","article_published_time":"2025-02-05T11:32:12+00:00","article_modified_time":"2025-02-05T11:32:13+00:00","og_image":[{"width":2560,"height":1626,"url":"https:\/\/lasentinelle.dz\/wp-content\/uploads\/2025\/02\/EN-P7-scaled.jpg","type":"image\/jpeg"}],"author":"admin","twitter_card":"summary_large_image","twitter_misc":{"\u00c9crit par":"admin","Dur\u00e9e de lecture estim\u00e9e":"4 minutes"},"schema":{"@context":"https:\/\/schema.org","@graph":[{"@type":"Article","@id":"https:\/\/lasentinelle.dz\/index.php\/2025\/02\/05\/championnats-europeens-un-mercato-anime-pour-les-algeriens\/#article","isPartOf":{"@id":"https:\/\/lasentinelle.dz\/index.php\/2025\/02\/05\/championnats-europeens-un-mercato-anime-pour-les-algeriens\/"},"author":{"name":"admin","@id":"https:\/\/lasentinelle.dz\/#\/schema\/person\/729ee0024f24e0b8c5ec17232f8e8b41"},"headline":"Championnats europ\u00e9ens: Un mercato anim\u00e9 pour les Alg\u00e9riens","datePublished":"2025-02-05T11:32:12+00:00","dateModified":"2025-02-05T11:32:13+00:00","mainEntityOfPage":{"@id":"https:\/\/lasentinelle.dz\/index.php\/2025\/02\/05\/championnats-europeens-un-mercato-anime-pour-les-algeriens\/"},"wordCount":740,"commentCount":0,"publisher":{"@id":"https:\/\/lasentinelle.dz\/#organization"},"image":{"@id":"https:\/\/lasentinelle.dz\/index.php\/2025\/02\/05\/championnats-europeens-un-mercato-anime-pour-les-algeriens\/#primaryimage"},"thumbnailUrl":"https:\/\/lasentinelle.dz\/wp-content\/uploads\/2025\/02\/EN-P7-scaled.jpg","articleSection":["\u00c0 la Une","Sports"],"inLanguage":"fr-FR","potentialAction":[{"@type":"CommentAction","name":"Comment","target":["https:\/\/lasentinelle.dz\/index.php\/2025\/02\/05\/championnats-europeens-un-mercato-anime-pour-les-algeriens\/#respond"]}]},{"@type":"WebPage","@id":"https:\/\/lasentinelle.dz\/index.php\/2025\/02\/05\/championnats-europeens-un-mercato-anime-pour-les-algeriens\/","url":"https:\/\/lasentinelle.dz\/index.php\/2025\/02\/05\/championnats-europeens-un-mercato-anime-pour-les-algeriens\/","name":"Championnats europ\u00e9ens: Un mercato anim\u00e9 pour les Alg\u00e9riens - La Sentinelle","isPartOf":{"@id":"https:\/\/lasentinelle.dz\/#website"},"primaryImageOfPage":{"@id":"https:\/\/lasentinelle.dz\/index.php\/2025\/02\/05\/championnats-europeens-un-mercato-anime-pour-les-algeriens\/#primaryimage"},"image":{"@id":"https:\/\/lasentinelle.dz\/index.php\/2025\/02\/05\/championnats-europeens-un-mercato-anime-pour-les-algeriens\/#primaryimage"},"thumbnailUrl":"https:\/\/lasentinelle.dz\/wp-content\/uploads\/2025\/02\/EN-P7-scaled.jpg","datePublished":"2025-02-05T11:32:12+00:00","dateModified":"2025-02-05T11:32:13+00:00","breadcrumb":{"@id":"https:\/\/lasentinelle.dz\/index.php\/2025\/02\/05\/championnats-europeens-un-mercato-anime-pour-les-algeriens\/#breadcrumb"},"inLanguage":"fr-FR","potentialAction":[{"@type":"ReadAction","target":["https:\/\/lasentinelle.dz\/index.php\/2025\/02\/05\/championnats-europeens-un-mercato-anime-pour-les-algeriens\/"]}]},{"@type":"ImageObject","inLanguage":"fr-FR","@id":"https:\/\/lasentinelle.dz\/index.php\/2025\/02\/05\/championnats-europeens-un-mercato-anime-pour-les-algeriens\/#primaryimage","url":"https:\/\/lasentinelle.dz\/wp-content\/uploads\/2025\/02\/EN-P7-scaled.jpg","contentUrl":"https:\/\/lasentinelle.dz\/wp-content\/uploads\/2025\/02\/EN-P7-scaled.jpg","width":2560,"height":1626},{"@type":"BreadcrumbList","@id":"https:\/\/lasentinelle.dz\/index.php\/2025\/02\/05\/championnats-europeens-un-mercato-anime-pour-les-algeriens\/#breadcrumb","itemListElement":[{"@type":"ListItem","position":1,"name":"Accueil","item":"https:\/\/lasentinelle.dz\/"},{"@type":"ListItem","position":2,"name":"Championnats europ\u00e9ens: Un mercato anim\u00e9 pour les Alg\u00e9riens"}]},{"@type":"WebSite","@id":"https:\/\/lasentinelle.dz\/#website","url":"https:\/\/lasentinelle.dz\/","name":"La Sentinelle","description":"Quotidien national d&#039;information","publisher":{"@id":"https:\/\/lasentinelle.dz\/#organization"},"potentialAction":[{"@type":"SearchAction","target":{"@type":"EntryPoint","urlTemplate":"https:\/\/lasentinelle.dz\/?s={search_term_string}"},"query-input":{"@type":"PropertyValueSpecification","valueRequired":true,"valueName":"search_term_string"}}],"inLanguage":"fr-FR"},{"@type":"Organization","@id":"https:\/\/lasentinelle.dz\/#organization","name":"Quotidien La Sentinelle","url":"https:\/\/lasentinelle.dz\/","logo":{"@type":"ImageObject","inLanguage":"fr-FR","@id":"https:\/\/lasentinelle.dz\/#\/schema\/logo\/image\/","url":"https:\/\/lasentinelle.dz\/wp-content\/uploads\/2021\/09\/logo-sentinelleSLOGAN-1.png","contentUrl":"https:\/\/lasentinelle.dz\/wp-content\/uploads\/2021\/09\/logo-sentinelleSLOGAN-1.png","width":615,"height":142,"caption":"Quotidien La Sentinelle"},"image":{"@id":"https:\/\/lasentinelle.dz\/#\/schema\/logo\/image\/"},"sameAs":["https:\/\/www.facebook.com\/La-Sentinelle-104059864394773"]},{"@type":"Person","@id":"https:\/\/lasentinelle.dz\/#\/schema\/person\/729ee0024f24e0b8c5ec17232f8e8b41","name":"admin","image":{"@type":"ImageObject","inLanguage":"fr-FR","@id":"https:\/\/secure.gravatar.com\/avatar\/4c81fed838786e9b53f540bf46533e750f5d292099ae3b66cfc6fb1982e29df7?s=96&d=mm&r=g","url":"https:\/\/secure.gravatar.com\/avatar\/4c81fed838786e9b53f540bf46533e750f5d292099ae3b66cfc6fb1982e29df7?s=96&d=mm&r=g","contentUrl":"https:\/\/secure.gravatar.com\/avatar\/4c81fed838786e9b53f540bf46533e750f5d292099ae3b66cfc6fb1982e29df7?s=96&d=mm&r=g","caption":"admin"},"description":"admin","url":"https:\/\/lasentinelle.dz\/author\/admin\/"}]}},"_links":{"self":[{"href":"https:\/\/lasentinelle.dz\/index.php\/wp-json\/wp\/v2\/posts\/62580","targetHints":{"allow":["GET"]}}],"collection":[{"href":"https:\/\/lasentinelle.dz\/index.php\/wp-json\/wp\/v2\/posts"}],"about":[{"href":"https:\/\/lasentinelle.dz\/index.php\/wp-json\/wp\/v2\/types\/post"}],"author":[{"embeddable":true,"href":"https:\/\/lasentinelle.dz\/index.php\/wp-json\/wp\/v2\/users\/6"}],"replies":[{"embeddable":true,"href":"https:\/\/lasentinelle.dz\/index.php\/wp-json\/wp\/v2\/comments?post=62580"}],"version-history":[{"count":1,"href":"https:\/\/lasentinelle.dz\/index.php\/wp-json\/wp\/v2\/posts\/62580\/revisions"}],"predecessor-version":[{"id":62582,"href":"https:\/\/lasentinelle.dz\/index.php\/wp-json\/wp\/v2\/posts\/62580\/revisions\/62582"}],"wp:featuredmedia":[{"embeddable":true,"href":"https:\/\/lasentinelle.dz\/index.php\/wp-json\/wp\/v2\/media\/62581"}],"wp:attachment":[{"href":"https:\/\/lasentinelle.dz\/index.php\/wp-json\/wp\/v2\/media?parent=62580"}],"wp:term":[{"taxonomy":"category","embeddable":true,"href":"https:\/\/lasentinelle.dz\/index.php\/wp-json\/wp\/v2\/categories?post=62580"},{"taxonomy":"post_tag","embeddable":true,"href":"https:\/\/lasentinelle.dz\/index.php\/wp-json\/wp\/v2\/tags?post=62580"}],"curies":[{"name":"wp","href":"https:\/\/api.w.org\/{rel}","templated":true}]}}