{"id":62611,"date":"2025-02-05T12:49:54","date_gmt":"2025-02-05T11:49:54","guid":{"rendered":"https:\/\/lasentinelle.dz\/?p=62611"},"modified":"2025-02-05T12:49:55","modified_gmt":"2025-02-05T11:49:55","slug":"ghaza-debut-de-la-seconde-phase-des-pourparlers-sur-laccord-de-cessez-le-feu","status":"publish","type":"post","link":"https:\/\/lasentinelle.dz\/index.php\/2025\/02\/05\/ghaza-debut-de-la-seconde-phase-des-pourparlers-sur-laccord-de-cessez-le-feu\/","title":{"rendered":"Ghaza: D\u00e9but de la seconde phase des pourparlers sur l&rsquo;accord de cessez-le-feu"},"content":{"rendered":"\n<p>La situation dans les territoires palestiniens occup\u00e9s demeure extr\u00eamement tendue en ce d\u00e9but f\u00e9vrier 2025, marqu\u00e9e par l&rsquo;intensification des agressions sionistes en Cisjordanie occup\u00e9e et la poursuite des n\u00e9gociations sur le cessez-le-feu \u00e0 Ghaza. Le Mouvement de r\u00e9sistance palestinien (Hamas) a confirm\u00e9 l&rsquo;entr\u00e9e dans une seconde phase des pourparlers sur l&rsquo;accord de cessez-le-feu et d&rsquo;\u00e9change de prisonniers. Son porte-parole, Abdel Latif al-Qanoua, a soulign\u00e9 que les efforts se concentrent d\u00e9sormais sur les abris, l&rsquo;aide humanitaire et la reconstruction de Ghaza, tout en accusant l&rsquo;entit\u00e9 sioniste de retarder la mise en \u0153uvre des protocoles humanitaires. Une situation d&rsquo;autant plus pr\u00e9occupante que le bilan de l&rsquo;agression g\u00e9nocidaire sioniste contre l&rsquo;enclave palestinienne s&rsquo;\u00e9l\u00e8ve d\u00e9sormais \u00e0 47.540 martyrs et 111.618 bless\u00e9s depuis le 7 octobre 2023. Dans ce contexte, le pr\u00e9sident du Conseil de s\u00e9curit\u00e9 de l&rsquo;ONU pour f\u00e9vrier, l&rsquo;ambassadeur chinois Fu Cong, a plac\u00e9 la consolidation du cessez-le-feu et le renforcement de l&rsquo;aide humanitaire \u00e0 Ghaza au centre des priorit\u00e9s du Conseil. Il a particuli\u00e8rement insist\u00e9 sur l&rsquo;importance de garantir la pleine mise en \u0153uvre de l&rsquo;accord et un acc\u00e8s sans entrave \u00e0 l&rsquo;aide humanitaire, tout en soulignant l&rsquo;attention particuli\u00e8re que devra recevoir l&rsquo;UNRWA, l&rsquo;agence onusienne pour les r\u00e9fugi\u00e9s palestiniens actuellement en difficult\u00e9. Cette derni\u00e8re fait face \u00e0 une situation critique apr\u00e8s la d\u00e9cision de l&rsquo;entit\u00e9 sioniste d&rsquo;annuler l&rsquo;accord de 1967, une d\u00e9cision fermement condamn\u00e9e par le Parlement arabe qui la qualifie de \u00ab\u00a0crime contre l&rsquo;humanit\u00e9\u00a0\u00bb. Le pr\u00e9sident du Parlement arabe, Mohammed bin Ahmed Al Yamahi, a mis en garde contre les cons\u00e9quences d\u00e9sastreuses que pourrait avoir toute entrave aux activit\u00e9s de l&rsquo;UNRWA, qui fournit une aide vitale \u00e0 environ 6,4 millions de r\u00e9fugi\u00e9s palestiniens, dont deux millions dans la bande de Ghaza. Le Commissaire g\u00e9n\u00e9ral de l&rsquo;UNRWA, Philippe Lazzarini, a quant \u00e0 lui r\u00e9affirm\u00e9 que les accusations port\u00e9es contre certains employ\u00e9s de l&rsquo;agence concernant leur participation pr\u00e9sum\u00e9e aux op\u00e9rations du 7 octobre \u00e9taient \u00ab\u00a0sans fondement\u00a0\u00bb et \u00ab\u00a0nuisaient \u00e0 la vie des gens\u00a0\u00bb. Pendant ce temps, l&rsquo;agression sioniste se poursuit avec une intensit\u00e9 particuli\u00e8re en Cisjordanie occup\u00e9e. La ville de J\u00e9nine et son camp subissent depuis quinze jours une offensive qui a d\u00e9j\u00e0 fait 25 martyrs et des dizaines de bless\u00e9s, accompagn\u00e9e d&rsquo;une destruction g\u00e9n\u00e9ralis\u00e9e des infrastructures. \u00c0 Tamoun, au sud de Tubas, les forces d&rsquo;occupation maintiennent leur si\u00e8ge depuis trois jours, proc\u00e9dant \u00e0 des arrestations massives et \u00e0 la destruction syst\u00e9matique des infrastructures. Face \u00e0 cette escalade, le Repr\u00e9sentant permanent de l&rsquo;\u00c9tat de Palestine aupr\u00e8s des Nations Unies, Riyad Mansour, a interpell\u00e9 les responsables de l&rsquo;ONU, soulignant que 70 citoyens palestiniens, dont 10 enfants, sont tomb\u00e9s en martyrs en Cisjordanie occup\u00e9e depuis le d\u00e9but de l&rsquo;ann\u00e9e. Sur le plan sanitaire, le Directeur G\u00e9n\u00e9ral de l&rsquo;OMS, Tedros Adhanom Ghebreyesus, a mis l&rsquo;accent sur l&rsquo;urgence de r\u00e9pondre aux besoins sanitaires \u00e0 Ghaza, annon\u00e7ant l&rsquo;envoi de 63 camions de fournitures m\u00e9dicales depuis le d\u00e9but du cessez-le-feu et la pr\u00e9paration de 30 autres. Dans ce contexte de tension croissante, 163 ONG et syndicats internationaux ont appel\u00e9 l&rsquo;Union europ\u00e9enne \u00e0 prendre des mesures concr\u00e8tes pour interdire tout commerce avec les colonies sionistes ill\u00e9gales dans les territoires palestiniens occup\u00e9s, soulignant que ces relations commerciales contribuent \u00e0 perp\u00e9tuer les violations graves et syst\u00e9matiques des droits humains et du droit international. Le Liban, pour sa part, a d\u00e9pos\u00e9 une nouvelle plainte contre l&rsquo;entit\u00e9 sioniste aupr\u00e8s du Conseil de s\u00e9curit\u00e9 de l&rsquo;ONU, d\u00e9non\u00e7ant les r\u00e9centes attaques contre son territoire et les violations flagrantes de sa souverainet\u00e9, qui ont fait 24 martyrs et plus de 124 bless\u00e9s depuis l&rsquo;entr\u00e9e en vigueur du cessez-le-feu fin novembre 2024.<\/p>\n\n\n\n<p><strong>Lyes Sa\u00efdi<\/strong><\/p>\n","protected":false},"excerpt":{"rendered":"<p>La situation dans les territoires palestiniens occup\u00e9s demeure extr\u00eamement tendue en ce d\u00e9but f\u00e9vrier 2025, marqu\u00e9e par l&rsquo;intensification des agressions<\/p>\n","protected":false},"author":6,"featured_media":62612,"comment_status":"open","ping_status":"closed","sticky":false,"template":"","format":"standard","meta":{"colormag_page_container_layout":"default_layout","colormag_page_sidebar_layout":"default_layout","om_disable_all_campaigns":false,"_monsterinsights_skip_tracking":false,"_monsterinsights_sitenote_active":false,"_monsterinsights_sitenote_note":"","_monsterinsights_sitenote_category":0,"footnotes":"","_wpscppro_dont_share_socialmedia":false,"_wpscppro_custom_social_share_image":0,"_facebook_share_type":"default","_twitter_share_type":"default","_linkedin_share_type":"default","_pinterest_share_type":"default","_linkedin_share_type_page":"","_instagram_share_type":"default","_medium_share_type":"default","_threads_share_type":"","_google_business_share_type":"","_selected_social_profile":[],"_wpsp_enable_custom_social_template":false,"_wpsp_social_scheduling":{"enabled":false,"datetime":null,"platforms":[],"status":"template_only","dateOption":"today","timeOption":"now","customDays":"","customHours":"","customDate":"","customTime":"","schedulingType":"absolute"},"_wpsp_active_default_template":true},"categories":[52,37],"tags":[],"class_list":["post-62611","post","type-post","status-publish","format-standard","has-post-thumbnail","hentry","category-a-la-une","category-monde"],"aioseo_notices":[],"yoast_head":"<!-- This site is optimized with the Yoast SEO plugin v27.5 - https:\/\/yoast.com\/product\/yoast-seo-wordpress\/ -->\n<title>Ghaza: D\u00e9but de la seconde phase des pourparlers sur l&rsquo;accord de cessez-le-feu - La Sentinelle<\/title>\n<meta name=\"robots\" content=\"index, follow, max-snippet:-1, max-image-preview:large, max-video-preview:-1\" \/>\n<link rel=\"canonical\" href=\"https:\/\/lasentinelle.dz\/index.php\/2025\/02\/05\/ghaza-debut-de-la-seconde-phase-des-pourparlers-sur-laccord-de-cessez-le-feu\/\" \/>\n<meta property=\"og:locale\" content=\"fr_FR\" \/>\n<meta property=\"og:type\" content=\"article\" \/>\n<meta property=\"og:title\" content=\"Ghaza: D\u00e9but de la seconde phase des pourparlers sur l&rsquo;accord de cessez-le-feu - La Sentinelle\" \/>\n<meta property=\"og:description\" content=\"La situation dans les territoires palestiniens occup\u00e9s demeure extr\u00eamement tendue en ce d\u00e9but f\u00e9vrier 2025, marqu\u00e9e par l&rsquo;intensification des agressions\" \/>\n<meta property=\"og:url\" content=\"https:\/\/lasentinelle.dz\/index.php\/2025\/02\/05\/ghaza-debut-de-la-seconde-phase-des-pourparlers-sur-laccord-de-cessez-le-feu\/\" \/>\n<meta property=\"og:site_name\" content=\"La Sentinelle\" \/>\n<meta property=\"article:publisher\" content=\"https:\/\/www.facebook.com\/La-Sentinelle-104059864394773\" \/>\n<meta property=\"article:published_time\" content=\"2025-02-05T11:49:54+00:00\" \/>\n<meta property=\"article:modified_time\" content=\"2025-02-05T11:49:55+00:00\" \/>\n<meta property=\"og:image\" content=\"https:\/\/lasentinelle.dz\/wp-content\/uploads\/2025\/02\/cessez-le-feu.jpg\" \/>\n\t<meta property=\"og:image:width\" content=\"733\" \/>\n\t<meta property=\"og:image:height\" content=\"550\" \/>\n\t<meta property=\"og:image:type\" content=\"image\/jpeg\" \/>\n<meta name=\"author\" content=\"admin\" \/>\n<meta name=\"twitter:card\" content=\"summary_large_image\" \/>\n<meta name=\"twitter:label1\" content=\"\u00c9crit par\" \/>\n\t<meta name=\"twitter:data1\" content=\"admin\" \/>\n\t<meta name=\"twitter:label2\" content=\"Dur\u00e9e de lecture estim\u00e9e\" \/>\n\t<meta name=\"twitter:data2\" content=\"4 minutes\" \/>\n<script type=\"application\/ld+json\" class=\"yoast-schema-graph\">{\"@context\":\"https:\\\/\\\/schema.org\",\"@graph\":[{\"@type\":\"Article\",\"@id\":\"https:\\\/\\\/lasentinelle.dz\\\/index.php\\\/2025\\\/02\\\/05\\\/ghaza-debut-de-la-seconde-phase-des-pourparlers-sur-laccord-de-cessez-le-feu\\\/#article\",\"isPartOf\":{\"@id\":\"https:\\\/\\\/lasentinelle.dz\\\/index.php\\\/2025\\\/02\\\/05\\\/ghaza-debut-de-la-seconde-phase-des-pourparlers-sur-laccord-de-cessez-le-feu\\\/\"},\"author\":{\"name\":\"admin\",\"@id\":\"https:\\\/\\\/lasentinelle.dz\\\/#\\\/schema\\\/person\\\/729ee0024f24e0b8c5ec17232f8e8b41\"},\"headline\":\"Ghaza: D\u00e9but de la seconde phase des pourparlers sur l&rsquo;accord de cessez-le-feu\",\"datePublished\":\"2025-02-05T11:49:54+00:00\",\"dateModified\":\"2025-02-05T11:49:55+00:00\",\"mainEntityOfPage\":{\"@id\":\"https:\\\/\\\/lasentinelle.dz\\\/index.php\\\/2025\\\/02\\\/05\\\/ghaza-debut-de-la-seconde-phase-des-pourparlers-sur-laccord-de-cessez-le-feu\\\/\"},\"wordCount\":692,\"commentCount\":0,\"publisher\":{\"@id\":\"https:\\\/\\\/lasentinelle.dz\\\/#organization\"},\"image\":{\"@id\":\"https:\\\/\\\/lasentinelle.dz\\\/index.php\\\/2025\\\/02\\\/05\\\/ghaza-debut-de-la-seconde-phase-des-pourparlers-sur-laccord-de-cessez-le-feu\\\/#primaryimage\"},\"thumbnailUrl\":\"https:\\\/\\\/lasentinelle.dz\\\/wp-content\\\/uploads\\\/2025\\\/02\\\/cessez-le-feu.jpg\",\"articleSection\":[\"\u00c0 la Une\",\"Monde\"],\"inLanguage\":\"fr-FR\",\"potentialAction\":[{\"@type\":\"CommentAction\",\"name\":\"Comment\",\"target\":[\"https:\\\/\\\/lasentinelle.dz\\\/index.php\\\/2025\\\/02\\\/05\\\/ghaza-debut-de-la-seconde-phase-des-pourparlers-sur-laccord-de-cessez-le-feu\\\/#respond\"]}]},{\"@type\":\"WebPage\",\"@id\":\"https:\\\/\\\/lasentinelle.dz\\\/index.php\\\/2025\\\/02\\\/05\\\/ghaza-debut-de-la-seconde-phase-des-pourparlers-sur-laccord-de-cessez-le-feu\\\/\",\"url\":\"https:\\\/\\\/lasentinelle.dz\\\/index.php\\\/2025\\\/02\\\/05\\\/ghaza-debut-de-la-seconde-phase-des-pourparlers-sur-laccord-de-cessez-le-feu\\\/\",\"name\":\"Ghaza: D\u00e9but de la seconde phase des pourparlers sur l&rsquo;accord de cessez-le-feu - La Sentinelle\",\"isPartOf\":{\"@id\":\"https:\\\/\\\/lasentinelle.dz\\\/#website\"},\"primaryImageOfPage\":{\"@id\":\"https:\\\/\\\/lasentinelle.dz\\\/index.php\\\/2025\\\/02\\\/05\\\/ghaza-debut-de-la-seconde-phase-des-pourparlers-sur-laccord-de-cessez-le-feu\\\/#primaryimage\"},\"image\":{\"@id\":\"https:\\\/\\\/lasentinelle.dz\\\/index.php\\\/2025\\\/02\\\/05\\\/ghaza-debut-de-la-seconde-phase-des-pourparlers-sur-laccord-de-cessez-le-feu\\\/#primaryimage\"},\"thumbnailUrl\":\"https:\\\/\\\/lasentinelle.dz\\\/wp-content\\\/uploads\\\/2025\\\/02\\\/cessez-le-feu.jpg\",\"datePublished\":\"2025-02-05T11:49:54+00:00\",\"dateModified\":\"2025-02-05T11:49:55+00:00\",\"breadcrumb\":{\"@id\":\"https:\\\/\\\/lasentinelle.dz\\\/index.php\\\/2025\\\/02\\\/05\\\/ghaza-debut-de-la-seconde-phase-des-pourparlers-sur-laccord-de-cessez-le-feu\\\/#breadcrumb\"},\"inLanguage\":\"fr-FR\",\"potentialAction\":[{\"@type\":\"ReadAction\",\"target\":[\"https:\\\/\\\/lasentinelle.dz\\\/index.php\\\/2025\\\/02\\\/05\\\/ghaza-debut-de-la-seconde-phase-des-pourparlers-sur-laccord-de-cessez-le-feu\\\/\"]}]},{\"@type\":\"ImageObject\",\"inLanguage\":\"fr-FR\",\"@id\":\"https:\\\/\\\/lasentinelle.dz\\\/index.php\\\/2025\\\/02\\\/05\\\/ghaza-debut-de-la-seconde-phase-des-pourparlers-sur-laccord-de-cessez-le-feu\\\/#primaryimage\",\"url\":\"https:\\\/\\\/lasentinelle.dz\\\/wp-content\\\/uploads\\\/2025\\\/02\\\/cessez-le-feu.jpg\",\"contentUrl\":\"https:\\\/\\\/lasentinelle.dz\\\/wp-content\\\/uploads\\\/2025\\\/02\\\/cessez-le-feu.jpg\",\"width\":733,\"height\":550},{\"@type\":\"BreadcrumbList\",\"@id\":\"https:\\\/\\\/lasentinelle.dz\\\/index.php\\\/2025\\\/02\\\/05\\\/ghaza-debut-de-la-seconde-phase-des-pourparlers-sur-laccord-de-cessez-le-feu\\\/#breadcrumb\",\"itemListElement\":[{\"@type\":\"ListItem\",\"position\":1,\"name\":\"Accueil\",\"item\":\"https:\\\/\\\/lasentinelle.dz\\\/\"},{\"@type\":\"ListItem\",\"position\":2,\"name\":\"Ghaza: D\u00e9but de la seconde phase des pourparlers sur l&rsquo;accord de cessez-le-feu\"}]},{\"@type\":\"WebSite\",\"@id\":\"https:\\\/\\\/lasentinelle.dz\\\/#website\",\"url\":\"https:\\\/\\\/lasentinelle.dz\\\/\",\"name\":\"La Sentinelle\",\"description\":\"Quotidien national d&#039;information\",\"publisher\":{\"@id\":\"https:\\\/\\\/lasentinelle.dz\\\/#organization\"},\"potentialAction\":[{\"@type\":\"SearchAction\",\"target\":{\"@type\":\"EntryPoint\",\"urlTemplate\":\"https:\\\/\\\/lasentinelle.dz\\\/?s={search_term_string}\"},\"query-input\":{\"@type\":\"PropertyValueSpecification\",\"valueRequired\":true,\"valueName\":\"search_term_string\"}}],\"inLanguage\":\"fr-FR\"},{\"@type\":\"Organization\",\"@id\":\"https:\\\/\\\/lasentinelle.dz\\\/#organization\",\"name\":\"Quotidien La Sentinelle\",\"url\":\"https:\\\/\\\/lasentinelle.dz\\\/\",\"logo\":{\"@type\":\"ImageObject\",\"inLanguage\":\"fr-FR\",\"@id\":\"https:\\\/\\\/lasentinelle.dz\\\/#\\\/schema\\\/logo\\\/image\\\/\",\"url\":\"https:\\\/\\\/lasentinelle.dz\\\/wp-content\\\/uploads\\\/2021\\\/09\\\/logo-sentinelleSLOGAN-1.png\",\"contentUrl\":\"https:\\\/\\\/lasentinelle.dz\\\/wp-content\\\/uploads\\\/2021\\\/09\\\/logo-sentinelleSLOGAN-1.png\",\"width\":615,\"height\":142,\"caption\":\"Quotidien La Sentinelle\"},\"image\":{\"@id\":\"https:\\\/\\\/lasentinelle.dz\\\/#\\\/schema\\\/logo\\\/image\\\/\"},\"sameAs\":[\"https:\\\/\\\/www.facebook.com\\\/La-Sentinelle-104059864394773\"]},{\"@type\":\"Person\",\"@id\":\"https:\\\/\\\/lasentinelle.dz\\\/#\\\/schema\\\/person\\\/729ee0024f24e0b8c5ec17232f8e8b41\",\"name\":\"admin\",\"image\":{\"@type\":\"ImageObject\",\"inLanguage\":\"fr-FR\",\"@id\":\"https:\\\/\\\/secure.gravatar.com\\\/avatar\\\/4c81fed838786e9b53f540bf46533e750f5d292099ae3b66cfc6fb1982e29df7?s=96&d=mm&r=g\",\"url\":\"https:\\\/\\\/secure.gravatar.com\\\/avatar\\\/4c81fed838786e9b53f540bf46533e750f5d292099ae3b66cfc6fb1982e29df7?s=96&d=mm&r=g\",\"contentUrl\":\"https:\\\/\\\/secure.gravatar.com\\\/avatar\\\/4c81fed838786e9b53f540bf46533e750f5d292099ae3b66cfc6fb1982e29df7?s=96&d=mm&r=g\",\"caption\":\"admin\"},\"description\":\"admin\",\"url\":\"https:\\\/\\\/lasentinelle.dz\\\/author\\\/admin\\\/\"}]}<\/script>\n<!-- \/ Yoast SEO plugin. -->","yoast_head_json":{"title":"Ghaza: D\u00e9but de la seconde phase des pourparlers sur l&rsquo;accord de cessez-le-feu - La Sentinelle","robots":{"index":"index","follow":"follow","max-snippet":"max-snippet:-1","max-image-preview":"max-image-preview:large","max-video-preview":"max-video-preview:-1"},"canonical":"https:\/\/lasentinelle.dz\/index.php\/2025\/02\/05\/ghaza-debut-de-la-seconde-phase-des-pourparlers-sur-laccord-de-cessez-le-feu\/","og_locale":"fr_FR","og_type":"article","og_title":"Ghaza: D\u00e9but de la seconde phase des pourparlers sur l&rsquo;accord de cessez-le-feu - La Sentinelle","og_description":"La situation dans les territoires palestiniens occup\u00e9s demeure extr\u00eamement tendue en ce d\u00e9but f\u00e9vrier 2025, marqu\u00e9e par l&rsquo;intensification des agressions","og_url":"https:\/\/lasentinelle.dz\/index.php\/2025\/02\/05\/ghaza-debut-de-la-seconde-phase-des-pourparlers-sur-laccord-de-cessez-le-feu\/","og_site_name":"La Sentinelle","article_publisher":"https:\/\/www.facebook.com\/La-Sentinelle-104059864394773","article_published_time":"2025-02-05T11:49:54+00:00","article_modified_time":"2025-02-05T11:49:55+00:00","og_image":[{"width":733,"height":550,"url":"https:\/\/lasentinelle.dz\/wp-content\/uploads\/2025\/02\/cessez-le-feu.jpg","type":"image\/jpeg"}],"author":"admin","twitter_card":"summary_large_image","twitter_misc":{"\u00c9crit par":"admin","Dur\u00e9e de lecture estim\u00e9e":"4 minutes"},"schema":{"@context":"https:\/\/schema.org","@graph":[{"@type":"Article","@id":"https:\/\/lasentinelle.dz\/index.php\/2025\/02\/05\/ghaza-debut-de-la-seconde-phase-des-pourparlers-sur-laccord-de-cessez-le-feu\/#article","isPartOf":{"@id":"https:\/\/lasentinelle.dz\/index.php\/2025\/02\/05\/ghaza-debut-de-la-seconde-phase-des-pourparlers-sur-laccord-de-cessez-le-feu\/"},"author":{"name":"admin","@id":"https:\/\/lasentinelle.dz\/#\/schema\/person\/729ee0024f24e0b8c5ec17232f8e8b41"},"headline":"Ghaza: D\u00e9but de la seconde phase des pourparlers sur l&rsquo;accord de cessez-le-feu","datePublished":"2025-02-05T11:49:54+00:00","dateModified":"2025-02-05T11:49:55+00:00","mainEntityOfPage":{"@id":"https:\/\/lasentinelle.dz\/index.php\/2025\/02\/05\/ghaza-debut-de-la-seconde-phase-des-pourparlers-sur-laccord-de-cessez-le-feu\/"},"wordCount":692,"commentCount":0,"publisher":{"@id":"https:\/\/lasentinelle.dz\/#organization"},"image":{"@id":"https:\/\/lasentinelle.dz\/index.php\/2025\/02\/05\/ghaza-debut-de-la-seconde-phase-des-pourparlers-sur-laccord-de-cessez-le-feu\/#primaryimage"},"thumbnailUrl":"https:\/\/lasentinelle.dz\/wp-content\/uploads\/2025\/02\/cessez-le-feu.jpg","articleSection":["\u00c0 la Une","Monde"],"inLanguage":"fr-FR","potentialAction":[{"@type":"CommentAction","name":"Comment","target":["https:\/\/lasentinelle.dz\/index.php\/2025\/02\/05\/ghaza-debut-de-la-seconde-phase-des-pourparlers-sur-laccord-de-cessez-le-feu\/#respond"]}]},{"@type":"WebPage","@id":"https:\/\/lasentinelle.dz\/index.php\/2025\/02\/05\/ghaza-debut-de-la-seconde-phase-des-pourparlers-sur-laccord-de-cessez-le-feu\/","url":"https:\/\/lasentinelle.dz\/index.php\/2025\/02\/05\/ghaza-debut-de-la-seconde-phase-des-pourparlers-sur-laccord-de-cessez-le-feu\/","name":"Ghaza: D\u00e9but de la seconde phase des pourparlers sur l&rsquo;accord de cessez-le-feu - La Sentinelle","isPartOf":{"@id":"https:\/\/lasentinelle.dz\/#website"},"primaryImageOfPage":{"@id":"https:\/\/lasentinelle.dz\/index.php\/2025\/02\/05\/ghaza-debut-de-la-seconde-phase-des-pourparlers-sur-laccord-de-cessez-le-feu\/#primaryimage"},"image":{"@id":"https:\/\/lasentinelle.dz\/index.php\/2025\/02\/05\/ghaza-debut-de-la-seconde-phase-des-pourparlers-sur-laccord-de-cessez-le-feu\/#primaryimage"},"thumbnailUrl":"https:\/\/lasentinelle.dz\/wp-content\/uploads\/2025\/02\/cessez-le-feu.jpg","datePublished":"2025-02-05T11:49:54+00:00","dateModified":"2025-02-05T11:49:55+00:00","breadcrumb":{"@id":"https:\/\/lasentinelle.dz\/index.php\/2025\/02\/05\/ghaza-debut-de-la-seconde-phase-des-pourparlers-sur-laccord-de-cessez-le-feu\/#breadcrumb"},"inLanguage":"fr-FR","potentialAction":[{"@type":"ReadAction","target":["https:\/\/lasentinelle.dz\/index.php\/2025\/02\/05\/ghaza-debut-de-la-seconde-phase-des-pourparlers-sur-laccord-de-cessez-le-feu\/"]}]},{"@type":"ImageObject","inLanguage":"fr-FR","@id":"https:\/\/lasentinelle.dz\/index.php\/2025\/02\/05\/ghaza-debut-de-la-seconde-phase-des-pourparlers-sur-laccord-de-cessez-le-feu\/#primaryimage","url":"https:\/\/lasentinelle.dz\/wp-content\/uploads\/2025\/02\/cessez-le-feu.jpg","contentUrl":"https:\/\/lasentinelle.dz\/wp-content\/uploads\/2025\/02\/cessez-le-feu.jpg","width":733,"height":550},{"@type":"BreadcrumbList","@id":"https:\/\/lasentinelle.dz\/index.php\/2025\/02\/05\/ghaza-debut-de-la-seconde-phase-des-pourparlers-sur-laccord-de-cessez-le-feu\/#breadcrumb","itemListElement":[{"@type":"ListItem","position":1,"name":"Accueil","item":"https:\/\/lasentinelle.dz\/"},{"@type":"ListItem","position":2,"name":"Ghaza: D\u00e9but de la seconde phase des pourparlers sur l&rsquo;accord de cessez-le-feu"}]},{"@type":"WebSite","@id":"https:\/\/lasentinelle.dz\/#website","url":"https:\/\/lasentinelle.dz\/","name":"La Sentinelle","description":"Quotidien national d&#039;information","publisher":{"@id":"https:\/\/lasentinelle.dz\/#organization"},"potentialAction":[{"@type":"SearchAction","target":{"@type":"EntryPoint","urlTemplate":"https:\/\/lasentinelle.dz\/?s={search_term_string}"},"query-input":{"@type":"PropertyValueSpecification","valueRequired":true,"valueName":"search_term_string"}}],"inLanguage":"fr-FR"},{"@type":"Organization","@id":"https:\/\/lasentinelle.dz\/#organization","name":"Quotidien La Sentinelle","url":"https:\/\/lasentinelle.dz\/","logo":{"@type":"ImageObject","inLanguage":"fr-FR","@id":"https:\/\/lasentinelle.dz\/#\/schema\/logo\/image\/","url":"https:\/\/lasentinelle.dz\/wp-content\/uploads\/2021\/09\/logo-sentinelleSLOGAN-1.png","contentUrl":"https:\/\/lasentinelle.dz\/wp-content\/uploads\/2021\/09\/logo-sentinelleSLOGAN-1.png","width":615,"height":142,"caption":"Quotidien La Sentinelle"},"image":{"@id":"https:\/\/lasentinelle.dz\/#\/schema\/logo\/image\/"},"sameAs":["https:\/\/www.facebook.com\/La-Sentinelle-104059864394773"]},{"@type":"Person","@id":"https:\/\/lasentinelle.dz\/#\/schema\/person\/729ee0024f24e0b8c5ec17232f8e8b41","name":"admin","image":{"@type":"ImageObject","inLanguage":"fr-FR","@id":"https:\/\/secure.gravatar.com\/avatar\/4c81fed838786e9b53f540bf46533e750f5d292099ae3b66cfc6fb1982e29df7?s=96&d=mm&r=g","url":"https:\/\/secure.gravatar.com\/avatar\/4c81fed838786e9b53f540bf46533e750f5d292099ae3b66cfc6fb1982e29df7?s=96&d=mm&r=g","contentUrl":"https:\/\/secure.gravatar.com\/avatar\/4c81fed838786e9b53f540bf46533e750f5d292099ae3b66cfc6fb1982e29df7?s=96&d=mm&r=g","caption":"admin"},"description":"admin","url":"https:\/\/lasentinelle.dz\/author\/admin\/"}]}},"_links":{"self":[{"href":"https:\/\/lasentinelle.dz\/index.php\/wp-json\/wp\/v2\/posts\/62611","targetHints":{"allow":["GET"]}}],"collection":[{"href":"https:\/\/lasentinelle.dz\/index.php\/wp-json\/wp\/v2\/posts"}],"about":[{"href":"https:\/\/lasentinelle.dz\/index.php\/wp-json\/wp\/v2\/types\/post"}],"author":[{"embeddable":true,"href":"https:\/\/lasentinelle.dz\/index.php\/wp-json\/wp\/v2\/users\/6"}],"replies":[{"embeddable":true,"href":"https:\/\/lasentinelle.dz\/index.php\/wp-json\/wp\/v2\/comments?post=62611"}],"version-history":[{"count":2,"href":"https:\/\/lasentinelle.dz\/index.php\/wp-json\/wp\/v2\/posts\/62611\/revisions"}],"predecessor-version":[{"id":62614,"href":"https:\/\/lasentinelle.dz\/index.php\/wp-json\/wp\/v2\/posts\/62611\/revisions\/62614"}],"wp:featuredmedia":[{"embeddable":true,"href":"https:\/\/lasentinelle.dz\/index.php\/wp-json\/wp\/v2\/media\/62612"}],"wp:attachment":[{"href":"https:\/\/lasentinelle.dz\/index.php\/wp-json\/wp\/v2\/media?parent=62611"}],"wp:term":[{"taxonomy":"category","embeddable":true,"href":"https:\/\/lasentinelle.dz\/index.php\/wp-json\/wp\/v2\/categories?post=62611"},{"taxonomy":"post_tag","embeddable":true,"href":"https:\/\/lasentinelle.dz\/index.php\/wp-json\/wp\/v2\/tags?post=62611"}],"curies":[{"name":"wp","href":"https:\/\/api.w.org\/{rel}","templated":true}]}}