{"id":62623,"date":"2025-02-06T11:30:55","date_gmt":"2025-02-06T10:30:55","guid":{"rendered":"https:\/\/lasentinelle.dz\/?p=62623"},"modified":"2025-02-08T11:43:04","modified_gmt":"2025-02-08T10:43:04","slug":"anp-saisie-de-pres-dune-tonne-et-demi-de-kif-en-provenance-du-maroc","status":"publish","type":"post","link":"https:\/\/lasentinelle.dz\/index.php\/2025\/02\/06\/anp-saisie-de-pres-dune-tonne-et-demi-de-kif-en-provenance-du-maroc\/","title":{"rendered":"ANP: Saisie de pr\u00e8s d\u2019une tonne et demi de kif en provenance du Maroc"},"content":{"rendered":"\n<p>Dans un communiqu\u00e9 publi\u00e9 hier, le minist\u00e8re de la D\u00e9fense Nationale (MDN) a d\u00e9voil\u00e9 un bilan op\u00e9rationnel d\u00e9taill\u00e9 des Forces de l\u2019Arm\u00e9e nationale populaire (ANP) men\u00e9 du 29 janvier au 4 f\u00e9vrier, t\u00e9moignant d&rsquo;une lutte r\u00e9solue contre le terrorisme, le narcotrafic et la criminalit\u00e9 transfrontali\u00e8re. Les d\u00e9tachements de l&rsquo;ANP ont d\u00e9montr\u00e9 une efficacit\u00e9 remarquable sur plusieurs fronts strat\u00e9giques. Sur le volet antiterroriste, les forces de l\u2019ANP ont r\u00e9cup\u00e9r\u00e9 un important arsenal comprenant 4 pistolets mitrailleurs kalachnikov, 1 pistolet automatique, 1 fusil \u00e0 lunette, 2 fusils mitrailleurs et 1 lance-roquettes. Sept \u00e9l\u00e9ments de soutien aux groupes terroristes ont \u00e9t\u00e9 arr\u00eat\u00e9s lors d&rsquo;op\u00e9rations men\u00e9es \u00e0 Tamanrasset et Bordj Badji Mokhtar, consolidant la s\u00e9curit\u00e9 dans ces r\u00e9gions sensibles.<\/p>\n\n\n\n<p>Le front du narcotrafic a connu des succ\u00e8s significatifs avec l&rsquo;interception de 75 trafiquants et la mise en \u00e9chec de tentatives d&rsquo;introduction de 14,35 quintaux de kif trait\u00e9 via les fronti\u00e8res avec le Maroc. Les services de l&rsquo;ANP ont \u00e9galement saisi 2,3 kg de coca\u00efne et 1.029.180 comprim\u00e9s psychotropes, portant un coup s\u00e9v\u00e8re aux r\u00e9seaux de trafic de stup\u00e9fiants. La lutte contre l&rsquo;orpaillage ill\u00e9gal a mobilis\u00e9 344 individus arr\u00eat\u00e9s dans plusieurs r\u00e9gions, dont Tamanrasset, Bordj Badji Mokhtar, Djanet, In Salah, Tindouf et Illizi. Ces op\u00e9rations ont permis la saisie de 22 v\u00e9hicules, 258 groupes \u00e9lectrog\u00e8nes, 155 marteaux piqueurs et 5 d\u00e9tecteurs de m\u00e9taux, d\u00e9mant\u00e8lement syst\u00e9matique des infrastructures ill\u00e9gales. Dans le domaine de la contrebande, 9 individus suppl\u00e9mentaires ont \u00e9t\u00e9 interpell\u00e9s, avec la saisie d&rsquo;un arsenal comprenant un pistolet mitrailleur kalachnikov, un fusil mitrailleur et un pistolet automatique. Les services ont \u00e9galement intercept\u00e9 28.838 litres de carburant, 22 quintaux de tabac et 8 tonnes de denr\u00e9es alimentaires destin\u00e9es \u00e0 la contrebande et \u00e0 la sp\u00e9culation. Le volet migration a \u00e9galement \u00e9t\u00e9 couvert, avec le d\u00e9mant\u00e8lement de tentatives d&rsquo;\u00e9migration clandestine par les Garde-c\u00f4tes qui ont sauv\u00e9 7 personnes et intercept\u00e9 314 immigrants clandestins de diff\u00e9rentes nationalit\u00e9s le long des c\u00f4tes nationales. Ce bilan d\u00e9taill\u00e9, selon le MDN, refl\u00e8te le professionnalisme, la vigilance et la d\u00e9termination ind\u00e9fectible des Forces de l&rsquo;Arm\u00e9e Nationale Populaire dans leur mission de protection du territoire national et de lutte contre les diverses formes de criminalit\u00e9 transfrontali\u00e8re. Les op\u00e9rations men\u00e9es d\u00e9montrent une approche multidimensionnelle et r\u00e9solue face aux d\u00e9fis s\u00e9curitaires contemporains.<\/p>\n\n\n\n<p><strong>Sofia Chahine<\/strong><\/p>\n","protected":false},"excerpt":{"rendered":"<p>Dans un communiqu\u00e9 publi\u00e9 hier, le minist\u00e8re de la D\u00e9fense Nationale (MDN) a d\u00e9voil\u00e9 un bilan op\u00e9rationnel d\u00e9taill\u00e9 des Forces<\/p>\n","protected":false},"author":6,"featured_media":42978,"comment_status":"open","ping_status":"closed","sticky":false,"template":"","format":"standard","meta":{"colormag_page_container_layout":"default_layout","colormag_page_sidebar_layout":"default_layout","om_disable_all_campaigns":false,"_monsterinsights_skip_tracking":false,"_monsterinsights_sitenote_active":false,"_monsterinsights_sitenote_note":"","_monsterinsights_sitenote_category":0,"footnotes":"","_wpscppro_dont_share_socialmedia":false,"_wpscppro_custom_social_share_image":0,"_facebook_share_type":"default","_twitter_share_type":"default","_linkedin_share_type":"default","_pinterest_share_type":"default","_linkedin_share_type_page":"","_instagram_share_type":"default","_medium_share_type":"default","_threads_share_type":"","_google_business_share_type":"","_selected_social_profile":[],"_wpsp_enable_custom_social_template":false,"_wpsp_social_scheduling":{"enabled":false,"datetime":null,"platforms":[],"status":"template_only","dateOption":"today","timeOption":"now","customDays":"","customHours":"","customDate":"","customTime":"","schedulingType":"absolute"},"_wpsp_active_default_template":true},"categories":[52,27],"tags":[],"class_list":["post-62623","post","type-post","status-publish","format-standard","has-post-thumbnail","hentry","category-a-la-une","category-actualite"],"aioseo_notices":[],"yoast_head":"<!-- This site is optimized with the Yoast SEO plugin v27.5 - https:\/\/yoast.com\/product\/yoast-seo-wordpress\/ -->\n<title>ANP: Saisie de pr\u00e8s d\u2019une tonne et demi de kif en provenance du Maroc - La Sentinelle<\/title>\n<meta name=\"robots\" content=\"index, follow, max-snippet:-1, max-image-preview:large, max-video-preview:-1\" \/>\n<link rel=\"canonical\" href=\"https:\/\/lasentinelle.dz\/index.php\/2025\/02\/06\/anp-saisie-de-pres-dune-tonne-et-demi-de-kif-en-provenance-du-maroc\/\" \/>\n<meta property=\"og:locale\" content=\"fr_FR\" \/>\n<meta property=\"og:type\" content=\"article\" \/>\n<meta property=\"og:title\" content=\"ANP: Saisie de pr\u00e8s d\u2019une tonne et demi de kif en provenance du Maroc - La Sentinelle\" \/>\n<meta property=\"og:description\" content=\"Dans un communiqu\u00e9 publi\u00e9 hier, le minist\u00e8re de la D\u00e9fense Nationale (MDN) a d\u00e9voil\u00e9 un bilan op\u00e9rationnel d\u00e9taill\u00e9 des Forces\" \/>\n<meta property=\"og:url\" content=\"https:\/\/lasentinelle.dz\/index.php\/2025\/02\/06\/anp-saisie-de-pres-dune-tonne-et-demi-de-kif-en-provenance-du-maroc\/\" \/>\n<meta property=\"og:site_name\" content=\"La Sentinelle\" \/>\n<meta property=\"article:publisher\" content=\"https:\/\/www.facebook.com\/La-Sentinelle-104059864394773\" \/>\n<meta property=\"article:published_time\" content=\"2025-02-06T10:30:55+00:00\" \/>\n<meta property=\"article:modified_time\" content=\"2025-02-08T10:43:04+00:00\" \/>\n<meta property=\"og:image\" content=\"https:\/\/lasentinelle.dz\/wp-content\/uploads\/2023\/06\/kif.jpg\" \/>\n\t<meta property=\"og:image:width\" content=\"1210\" \/>\n\t<meta property=\"og:image:height\" content=\"682\" \/>\n\t<meta property=\"og:image:type\" content=\"image\/jpeg\" \/>\n<meta name=\"author\" content=\"admin\" \/>\n<meta name=\"twitter:card\" content=\"summary_large_image\" \/>\n<meta name=\"twitter:label1\" content=\"\u00c9crit par\" \/>\n\t<meta name=\"twitter:data1\" content=\"admin\" \/>\n\t<meta name=\"twitter:label2\" content=\"Dur\u00e9e de lecture estim\u00e9e\" \/>\n\t<meta name=\"twitter:data2\" content=\"3 minutes\" \/>\n<script type=\"application\/ld+json\" class=\"yoast-schema-graph\">{\"@context\":\"https:\\\/\\\/schema.org\",\"@graph\":[{\"@type\":\"Article\",\"@id\":\"https:\\\/\\\/lasentinelle.dz\\\/index.php\\\/2025\\\/02\\\/06\\\/anp-saisie-de-pres-dune-tonne-et-demi-de-kif-en-provenance-du-maroc\\\/#article\",\"isPartOf\":{\"@id\":\"https:\\\/\\\/lasentinelle.dz\\\/index.php\\\/2025\\\/02\\\/06\\\/anp-saisie-de-pres-dune-tonne-et-demi-de-kif-en-provenance-du-maroc\\\/\"},\"author\":{\"name\":\"admin\",\"@id\":\"https:\\\/\\\/lasentinelle.dz\\\/#\\\/schema\\\/person\\\/729ee0024f24e0b8c5ec17232f8e8b41\"},\"headline\":\"ANP: Saisie de pr\u00e8s d\u2019une tonne et demi de kif en provenance du Maroc\",\"datePublished\":\"2025-02-06T10:30:55+00:00\",\"dateModified\":\"2025-02-08T10:43:04+00:00\",\"mainEntityOfPage\":{\"@id\":\"https:\\\/\\\/lasentinelle.dz\\\/index.php\\\/2025\\\/02\\\/06\\\/anp-saisie-de-pres-dune-tonne-et-demi-de-kif-en-provenance-du-maroc\\\/\"},\"wordCount\":437,\"commentCount\":0,\"publisher\":{\"@id\":\"https:\\\/\\\/lasentinelle.dz\\\/#organization\"},\"image\":{\"@id\":\"https:\\\/\\\/lasentinelle.dz\\\/index.php\\\/2025\\\/02\\\/06\\\/anp-saisie-de-pres-dune-tonne-et-demi-de-kif-en-provenance-du-maroc\\\/#primaryimage\"},\"thumbnailUrl\":\"https:\\\/\\\/lasentinelle.dz\\\/wp-content\\\/uploads\\\/2023\\\/06\\\/kif.jpg\",\"articleSection\":[\"\u00c0 la Une\",\"Actualit\u00e9\"],\"inLanguage\":\"fr-FR\",\"potentialAction\":[{\"@type\":\"CommentAction\",\"name\":\"Comment\",\"target\":[\"https:\\\/\\\/lasentinelle.dz\\\/index.php\\\/2025\\\/02\\\/06\\\/anp-saisie-de-pres-dune-tonne-et-demi-de-kif-en-provenance-du-maroc\\\/#respond\"]}]},{\"@type\":\"WebPage\",\"@id\":\"https:\\\/\\\/lasentinelle.dz\\\/index.php\\\/2025\\\/02\\\/06\\\/anp-saisie-de-pres-dune-tonne-et-demi-de-kif-en-provenance-du-maroc\\\/\",\"url\":\"https:\\\/\\\/lasentinelle.dz\\\/index.php\\\/2025\\\/02\\\/06\\\/anp-saisie-de-pres-dune-tonne-et-demi-de-kif-en-provenance-du-maroc\\\/\",\"name\":\"ANP: Saisie de pr\u00e8s d\u2019une tonne et demi de kif en provenance du Maroc - La Sentinelle\",\"isPartOf\":{\"@id\":\"https:\\\/\\\/lasentinelle.dz\\\/#website\"},\"primaryImageOfPage\":{\"@id\":\"https:\\\/\\\/lasentinelle.dz\\\/index.php\\\/2025\\\/02\\\/06\\\/anp-saisie-de-pres-dune-tonne-et-demi-de-kif-en-provenance-du-maroc\\\/#primaryimage\"},\"image\":{\"@id\":\"https:\\\/\\\/lasentinelle.dz\\\/index.php\\\/2025\\\/02\\\/06\\\/anp-saisie-de-pres-dune-tonne-et-demi-de-kif-en-provenance-du-maroc\\\/#primaryimage\"},\"thumbnailUrl\":\"https:\\\/\\\/lasentinelle.dz\\\/wp-content\\\/uploads\\\/2023\\\/06\\\/kif.jpg\",\"datePublished\":\"2025-02-06T10:30:55+00:00\",\"dateModified\":\"2025-02-08T10:43:04+00:00\",\"breadcrumb\":{\"@id\":\"https:\\\/\\\/lasentinelle.dz\\\/index.php\\\/2025\\\/02\\\/06\\\/anp-saisie-de-pres-dune-tonne-et-demi-de-kif-en-provenance-du-maroc\\\/#breadcrumb\"},\"inLanguage\":\"fr-FR\",\"potentialAction\":[{\"@type\":\"ReadAction\",\"target\":[\"https:\\\/\\\/lasentinelle.dz\\\/index.php\\\/2025\\\/02\\\/06\\\/anp-saisie-de-pres-dune-tonne-et-demi-de-kif-en-provenance-du-maroc\\\/\"]}]},{\"@type\":\"ImageObject\",\"inLanguage\":\"fr-FR\",\"@id\":\"https:\\\/\\\/lasentinelle.dz\\\/index.php\\\/2025\\\/02\\\/06\\\/anp-saisie-de-pres-dune-tonne-et-demi-de-kif-en-provenance-du-maroc\\\/#primaryimage\",\"url\":\"https:\\\/\\\/lasentinelle.dz\\\/wp-content\\\/uploads\\\/2023\\\/06\\\/kif.jpg\",\"contentUrl\":\"https:\\\/\\\/lasentinelle.dz\\\/wp-content\\\/uploads\\\/2023\\\/06\\\/kif.jpg\",\"width\":1210,\"height\":682},{\"@type\":\"BreadcrumbList\",\"@id\":\"https:\\\/\\\/lasentinelle.dz\\\/index.php\\\/2025\\\/02\\\/06\\\/anp-saisie-de-pres-dune-tonne-et-demi-de-kif-en-provenance-du-maroc\\\/#breadcrumb\",\"itemListElement\":[{\"@type\":\"ListItem\",\"position\":1,\"name\":\"Accueil\",\"item\":\"https:\\\/\\\/lasentinelle.dz\\\/\"},{\"@type\":\"ListItem\",\"position\":2,\"name\":\"ANP: Saisie de pr\u00e8s d\u2019une tonne et demi de kif en provenance du Maroc\"}]},{\"@type\":\"WebSite\",\"@id\":\"https:\\\/\\\/lasentinelle.dz\\\/#website\",\"url\":\"https:\\\/\\\/lasentinelle.dz\\\/\",\"name\":\"La Sentinelle\",\"description\":\"Quotidien national d&#039;information\",\"publisher\":{\"@id\":\"https:\\\/\\\/lasentinelle.dz\\\/#organization\"},\"potentialAction\":[{\"@type\":\"SearchAction\",\"target\":{\"@type\":\"EntryPoint\",\"urlTemplate\":\"https:\\\/\\\/lasentinelle.dz\\\/?s={search_term_string}\"},\"query-input\":{\"@type\":\"PropertyValueSpecification\",\"valueRequired\":true,\"valueName\":\"search_term_string\"}}],\"inLanguage\":\"fr-FR\"},{\"@type\":\"Organization\",\"@id\":\"https:\\\/\\\/lasentinelle.dz\\\/#organization\",\"name\":\"Quotidien La Sentinelle\",\"url\":\"https:\\\/\\\/lasentinelle.dz\\\/\",\"logo\":{\"@type\":\"ImageObject\",\"inLanguage\":\"fr-FR\",\"@id\":\"https:\\\/\\\/lasentinelle.dz\\\/#\\\/schema\\\/logo\\\/image\\\/\",\"url\":\"https:\\\/\\\/lasentinelle.dz\\\/wp-content\\\/uploads\\\/2021\\\/09\\\/logo-sentinelleSLOGAN-1.png\",\"contentUrl\":\"https:\\\/\\\/lasentinelle.dz\\\/wp-content\\\/uploads\\\/2021\\\/09\\\/logo-sentinelleSLOGAN-1.png\",\"width\":615,\"height\":142,\"caption\":\"Quotidien La Sentinelle\"},\"image\":{\"@id\":\"https:\\\/\\\/lasentinelle.dz\\\/#\\\/schema\\\/logo\\\/image\\\/\"},\"sameAs\":[\"https:\\\/\\\/www.facebook.com\\\/La-Sentinelle-104059864394773\"]},{\"@type\":\"Person\",\"@id\":\"https:\\\/\\\/lasentinelle.dz\\\/#\\\/schema\\\/person\\\/729ee0024f24e0b8c5ec17232f8e8b41\",\"name\":\"admin\",\"image\":{\"@type\":\"ImageObject\",\"inLanguage\":\"fr-FR\",\"@id\":\"https:\\\/\\\/secure.gravatar.com\\\/avatar\\\/4c81fed838786e9b53f540bf46533e750f5d292099ae3b66cfc6fb1982e29df7?s=96&d=mm&r=g\",\"url\":\"https:\\\/\\\/secure.gravatar.com\\\/avatar\\\/4c81fed838786e9b53f540bf46533e750f5d292099ae3b66cfc6fb1982e29df7?s=96&d=mm&r=g\",\"contentUrl\":\"https:\\\/\\\/secure.gravatar.com\\\/avatar\\\/4c81fed838786e9b53f540bf46533e750f5d292099ae3b66cfc6fb1982e29df7?s=96&d=mm&r=g\",\"caption\":\"admin\"},\"description\":\"admin\",\"url\":\"https:\\\/\\\/lasentinelle.dz\\\/author\\\/admin\\\/\"}]}<\/script>\n<!-- \/ Yoast SEO plugin. -->","yoast_head_json":{"title":"ANP: Saisie de pr\u00e8s d\u2019une tonne et demi de kif en provenance du Maroc - La Sentinelle","robots":{"index":"index","follow":"follow","max-snippet":"max-snippet:-1","max-image-preview":"max-image-preview:large","max-video-preview":"max-video-preview:-1"},"canonical":"https:\/\/lasentinelle.dz\/index.php\/2025\/02\/06\/anp-saisie-de-pres-dune-tonne-et-demi-de-kif-en-provenance-du-maroc\/","og_locale":"fr_FR","og_type":"article","og_title":"ANP: Saisie de pr\u00e8s d\u2019une tonne et demi de kif en provenance du Maroc - La Sentinelle","og_description":"Dans un communiqu\u00e9 publi\u00e9 hier, le minist\u00e8re de la D\u00e9fense Nationale (MDN) a d\u00e9voil\u00e9 un bilan op\u00e9rationnel d\u00e9taill\u00e9 des Forces","og_url":"https:\/\/lasentinelle.dz\/index.php\/2025\/02\/06\/anp-saisie-de-pres-dune-tonne-et-demi-de-kif-en-provenance-du-maroc\/","og_site_name":"La Sentinelle","article_publisher":"https:\/\/www.facebook.com\/La-Sentinelle-104059864394773","article_published_time":"2025-02-06T10:30:55+00:00","article_modified_time":"2025-02-08T10:43:04+00:00","og_image":[{"width":1210,"height":682,"url":"https:\/\/lasentinelle.dz\/wp-content\/uploads\/2023\/06\/kif.jpg","type":"image\/jpeg"}],"author":"admin","twitter_card":"summary_large_image","twitter_misc":{"\u00c9crit par":"admin","Dur\u00e9e de lecture estim\u00e9e":"3 minutes"},"schema":{"@context":"https:\/\/schema.org","@graph":[{"@type":"Article","@id":"https:\/\/lasentinelle.dz\/index.php\/2025\/02\/06\/anp-saisie-de-pres-dune-tonne-et-demi-de-kif-en-provenance-du-maroc\/#article","isPartOf":{"@id":"https:\/\/lasentinelle.dz\/index.php\/2025\/02\/06\/anp-saisie-de-pres-dune-tonne-et-demi-de-kif-en-provenance-du-maroc\/"},"author":{"name":"admin","@id":"https:\/\/lasentinelle.dz\/#\/schema\/person\/729ee0024f24e0b8c5ec17232f8e8b41"},"headline":"ANP: Saisie de pr\u00e8s d\u2019une tonne et demi de kif en provenance du Maroc","datePublished":"2025-02-06T10:30:55+00:00","dateModified":"2025-02-08T10:43:04+00:00","mainEntityOfPage":{"@id":"https:\/\/lasentinelle.dz\/index.php\/2025\/02\/06\/anp-saisie-de-pres-dune-tonne-et-demi-de-kif-en-provenance-du-maroc\/"},"wordCount":437,"commentCount":0,"publisher":{"@id":"https:\/\/lasentinelle.dz\/#organization"},"image":{"@id":"https:\/\/lasentinelle.dz\/index.php\/2025\/02\/06\/anp-saisie-de-pres-dune-tonne-et-demi-de-kif-en-provenance-du-maroc\/#primaryimage"},"thumbnailUrl":"https:\/\/lasentinelle.dz\/wp-content\/uploads\/2023\/06\/kif.jpg","articleSection":["\u00c0 la Une","Actualit\u00e9"],"inLanguage":"fr-FR","potentialAction":[{"@type":"CommentAction","name":"Comment","target":["https:\/\/lasentinelle.dz\/index.php\/2025\/02\/06\/anp-saisie-de-pres-dune-tonne-et-demi-de-kif-en-provenance-du-maroc\/#respond"]}]},{"@type":"WebPage","@id":"https:\/\/lasentinelle.dz\/index.php\/2025\/02\/06\/anp-saisie-de-pres-dune-tonne-et-demi-de-kif-en-provenance-du-maroc\/","url":"https:\/\/lasentinelle.dz\/index.php\/2025\/02\/06\/anp-saisie-de-pres-dune-tonne-et-demi-de-kif-en-provenance-du-maroc\/","name":"ANP: Saisie de pr\u00e8s d\u2019une tonne et demi de kif en provenance du Maroc - La Sentinelle","isPartOf":{"@id":"https:\/\/lasentinelle.dz\/#website"},"primaryImageOfPage":{"@id":"https:\/\/lasentinelle.dz\/index.php\/2025\/02\/06\/anp-saisie-de-pres-dune-tonne-et-demi-de-kif-en-provenance-du-maroc\/#primaryimage"},"image":{"@id":"https:\/\/lasentinelle.dz\/index.php\/2025\/02\/06\/anp-saisie-de-pres-dune-tonne-et-demi-de-kif-en-provenance-du-maroc\/#primaryimage"},"thumbnailUrl":"https:\/\/lasentinelle.dz\/wp-content\/uploads\/2023\/06\/kif.jpg","datePublished":"2025-02-06T10:30:55+00:00","dateModified":"2025-02-08T10:43:04+00:00","breadcrumb":{"@id":"https:\/\/lasentinelle.dz\/index.php\/2025\/02\/06\/anp-saisie-de-pres-dune-tonne-et-demi-de-kif-en-provenance-du-maroc\/#breadcrumb"},"inLanguage":"fr-FR","potentialAction":[{"@type":"ReadAction","target":["https:\/\/lasentinelle.dz\/index.php\/2025\/02\/06\/anp-saisie-de-pres-dune-tonne-et-demi-de-kif-en-provenance-du-maroc\/"]}]},{"@type":"ImageObject","inLanguage":"fr-FR","@id":"https:\/\/lasentinelle.dz\/index.php\/2025\/02\/06\/anp-saisie-de-pres-dune-tonne-et-demi-de-kif-en-provenance-du-maroc\/#primaryimage","url":"https:\/\/lasentinelle.dz\/wp-content\/uploads\/2023\/06\/kif.jpg","contentUrl":"https:\/\/lasentinelle.dz\/wp-content\/uploads\/2023\/06\/kif.jpg","width":1210,"height":682},{"@type":"BreadcrumbList","@id":"https:\/\/lasentinelle.dz\/index.php\/2025\/02\/06\/anp-saisie-de-pres-dune-tonne-et-demi-de-kif-en-provenance-du-maroc\/#breadcrumb","itemListElement":[{"@type":"ListItem","position":1,"name":"Accueil","item":"https:\/\/lasentinelle.dz\/"},{"@type":"ListItem","position":2,"name":"ANP: Saisie de pr\u00e8s d\u2019une tonne et demi de kif en provenance du Maroc"}]},{"@type":"WebSite","@id":"https:\/\/lasentinelle.dz\/#website","url":"https:\/\/lasentinelle.dz\/","name":"La Sentinelle","description":"Quotidien national d&#039;information","publisher":{"@id":"https:\/\/lasentinelle.dz\/#organization"},"potentialAction":[{"@type":"SearchAction","target":{"@type":"EntryPoint","urlTemplate":"https:\/\/lasentinelle.dz\/?s={search_term_string}"},"query-input":{"@type":"PropertyValueSpecification","valueRequired":true,"valueName":"search_term_string"}}],"inLanguage":"fr-FR"},{"@type":"Organization","@id":"https:\/\/lasentinelle.dz\/#organization","name":"Quotidien La Sentinelle","url":"https:\/\/lasentinelle.dz\/","logo":{"@type":"ImageObject","inLanguage":"fr-FR","@id":"https:\/\/lasentinelle.dz\/#\/schema\/logo\/image\/","url":"https:\/\/lasentinelle.dz\/wp-content\/uploads\/2021\/09\/logo-sentinelleSLOGAN-1.png","contentUrl":"https:\/\/lasentinelle.dz\/wp-content\/uploads\/2021\/09\/logo-sentinelleSLOGAN-1.png","width":615,"height":142,"caption":"Quotidien La Sentinelle"},"image":{"@id":"https:\/\/lasentinelle.dz\/#\/schema\/logo\/image\/"},"sameAs":["https:\/\/www.facebook.com\/La-Sentinelle-104059864394773"]},{"@type":"Person","@id":"https:\/\/lasentinelle.dz\/#\/schema\/person\/729ee0024f24e0b8c5ec17232f8e8b41","name":"admin","image":{"@type":"ImageObject","inLanguage":"fr-FR","@id":"https:\/\/secure.gravatar.com\/avatar\/4c81fed838786e9b53f540bf46533e750f5d292099ae3b66cfc6fb1982e29df7?s=96&d=mm&r=g","url":"https:\/\/secure.gravatar.com\/avatar\/4c81fed838786e9b53f540bf46533e750f5d292099ae3b66cfc6fb1982e29df7?s=96&d=mm&r=g","contentUrl":"https:\/\/secure.gravatar.com\/avatar\/4c81fed838786e9b53f540bf46533e750f5d292099ae3b66cfc6fb1982e29df7?s=96&d=mm&r=g","caption":"admin"},"description":"admin","url":"https:\/\/lasentinelle.dz\/author\/admin\/"}]}},"_links":{"self":[{"href":"https:\/\/lasentinelle.dz\/index.php\/wp-json\/wp\/v2\/posts\/62623","targetHints":{"allow":["GET"]}}],"collection":[{"href":"https:\/\/lasentinelle.dz\/index.php\/wp-json\/wp\/v2\/posts"}],"about":[{"href":"https:\/\/lasentinelle.dz\/index.php\/wp-json\/wp\/v2\/types\/post"}],"author":[{"embeddable":true,"href":"https:\/\/lasentinelle.dz\/index.php\/wp-json\/wp\/v2\/users\/6"}],"replies":[{"embeddable":true,"href":"https:\/\/lasentinelle.dz\/index.php\/wp-json\/wp\/v2\/comments?post=62623"}],"version-history":[{"count":1,"href":"https:\/\/lasentinelle.dz\/index.php\/wp-json\/wp\/v2\/posts\/62623\/revisions"}],"predecessor-version":[{"id":62624,"href":"https:\/\/lasentinelle.dz\/index.php\/wp-json\/wp\/v2\/posts\/62623\/revisions\/62624"}],"wp:featuredmedia":[{"embeddable":true,"href":"https:\/\/lasentinelle.dz\/index.php\/wp-json\/wp\/v2\/media\/42978"}],"wp:attachment":[{"href":"https:\/\/lasentinelle.dz\/index.php\/wp-json\/wp\/v2\/media?parent=62623"}],"wp:term":[{"taxonomy":"category","embeddable":true,"href":"https:\/\/lasentinelle.dz\/index.php\/wp-json\/wp\/v2\/categories?post=62623"},{"taxonomy":"post_tag","embeddable":true,"href":"https:\/\/lasentinelle.dz\/index.php\/wp-json\/wp\/v2\/tags?post=62623"}],"curies":[{"name":"wp","href":"https:\/\/api.w.org\/{rel}","templated":true}]}}