{"id":62635,"date":"2025-02-06T11:38:26","date_gmt":"2025-02-06T10:38:26","guid":{"rendered":"https:\/\/lasentinelle.dz\/?p=62635"},"modified":"2025-02-08T11:42:03","modified_gmt":"2025-02-08T10:42:03","slug":"bennacer-il-nest-pas-question-de-jouer-les-seconds-roles","status":"publish","type":"post","link":"https:\/\/lasentinelle.dz\/index.php\/2025\/02\/06\/bennacer-il-nest-pas-question-de-jouer-les-seconds-roles\/","title":{"rendered":"Bennacer : \u00ab\u00a0Il n&rsquo;est pas question de jouer les seconds r\u00f4les\u00a0\u00bb"},"content":{"rendered":"\n<p>Isma\u00ebl Bennacer est officiellement marseillais. Apr\u00e8s une longue histoire d&rsquo;amour \u00e0 distance, le milieu de terrain international alg\u00e9rien a enfin rejoint le club de ses r\u00eaves, celui qu&rsquo;il a toujours support\u00e9 depuis son enfance. Hier, lors de sa pr\u00e9sentation officielle, Bennacer a fait vibrer les supporters phoc\u00e9ens avec des d\u00e9clarations aussi passionn\u00e9es que strat\u00e9giques.<\/p>\n\n\n\n<p>Son attachement au club n&rsquo;est pas un vain mot. \u00ab\u00a0Quand on habite Marseille ou pr\u00e8s de Marseille, il n&rsquo;y a pas d&rsquo;autre club que l&rsquo;OM\u00a0\u00bb, affirme-t-il avec cette conviction qui caract\u00e9rise les vrais amoureux. \u00ab\u00a0J&rsquo;ai toujours \u00e9t\u00e9 supporteur de l&rsquo;OM. C&rsquo;\u00e9tait dans un coin de ma t\u00eate. Je suis press\u00e9 de porter le maillot\u00a0\u00bb, ajoute-il. Son arriv\u00e9e n&rsquo;est pas le fruit du hasard mais d&rsquo;une r\u00e9flexion m\u00fbrement r\u00e9fl\u00e9chie. Plusieurs acteurs ont jou\u00e9 un r\u00f4le d\u00e9terminant dans sa d\u00e9cision, au premier rang desquels Mehdi Benatia. \u00ab\u00a0Il a su me convaincre concernant le projet. Il m&rsquo;a expliqu\u00e9 les changements qui sont en train d&rsquo;\u00eatre faits. L&rsquo;optimisation du club\u00a0\u00bb, r\u00e9v\u00e8le-t-il. Un mentor dont l&rsquo;influence a \u00e9t\u00e9 cruciale dans ce transfert. Roberto De Zerbi, le nouvel entra\u00eeneur de l&rsquo;OM, a \u00e9galement pes\u00e9 dans la balance. \u00ab\u00a0Le coach a \u00e9t\u00e9 tr\u00e8s important dans mon choix. Je sais que je corresponds au type de jeu qu&rsquo;il veut. Il aime avoir la possession, garder le ballon et gagner\u00a0\u00bb, explique Bennacer, soulignant sa parfaite ad\u00e9quation avec le projet marseillais. Son d\u00e9part de l&rsquo;AC Milan n&rsquo;est pas non plus le r\u00e9sultat d&rsquo;une quelconque mise \u00e0 l&rsquo;\u00e9cart. \u00ab\u00a0Si je suis l\u00e0, ce n&rsquo;est pas parce que quelqu&rsquo;un m&rsquo;a dit de venir. Ce n&rsquo;est pas parce que le club ne me voulait plus. Bien au contraire. C&rsquo;\u00e9tait vraiment ma volont\u00e9\u00a0\u00bb, tient-il \u00e0 clarifier, montrant son engagement total dans ce nouveau challenge. Les ambitions sont clairement affich\u00e9es. Pas question de jouer les seconds r\u00f4les : \u00ab\u00a0Ce n&rsquo;est pas pour \u00eatre deuxi\u00e8me ni troisi\u00e8me. Quand on est un joueur de Marseille, la mentalit\u00e9, c&rsquo;est d&rsquo;essayer de gagner tous les matchs.\u00a0\u00bb Et si le PSG reste un adversaire de taille, Bennacer est convaincu du potentiel marseillais : \u00ab\u00a0Paris est une bonne \u00e9quipe, mais nous sommes en train de construire quelque chose de nouveau et de fort.\u00a0\u00bb C\u00f4t\u00e9 forme physique, l&rsquo;international alg\u00e9rien rassure : \u00ab\u00a0Au niveau de ma sant\u00e9, \u00e7a va tr\u00e8s bien. Cela fait un mois et demi que je suis revenu. Je suis \u00e0 100 %. Je serai dans le groupe dimanche.\u00a0\u00bb Et d&rsquo;ajouter avec ambition : \u00ab\u00a0Je ne suis pas venu ici pour faire autre chose que de gagner et d&rsquo;essayer de performer.\u00a0\u00bb<\/p>\n\n\n\n<p>Cerise sur le g\u00e2teau, Bennacer esp\u00e8re que ce mouvement ne s&rsquo;arr\u00eatera pas l\u00e0. \u00ab\u00a0L&rsquo;OM ce n&rsquo;est pas une petite \u00e9quipe. Qui dit grande \u00e9quipe, dit grands joueurs\u00a0\u00bb, lance-t-il, appelant de ses v\u0153ux de nouvelles recrues de prestige. \u00ab\u00a0J&rsquo;esp\u00e8re qu&rsquo;il y aura de plus grands joueurs qui viendront. Si d&rsquo;autres grands joueurs viennent, ce sera avec plaisir.\u00a0\u00bb<\/p>\n\n\n\n<p>M. Dahleb<\/p>\n","protected":false},"excerpt":{"rendered":"<p>Isma\u00ebl Bennacer est officiellement marseillais. Apr\u00e8s une longue histoire d&rsquo;amour \u00e0 distance, le milieu de terrain international alg\u00e9rien a enfin<\/p>\n","protected":false},"author":6,"featured_media":62636,"comment_status":"open","ping_status":"closed","sticky":false,"template":"","format":"standard","meta":{"colormag_page_container_layout":"default_layout","colormag_page_sidebar_layout":"default_layout","om_disable_all_campaigns":false,"_monsterinsights_skip_tracking":false,"_monsterinsights_sitenote_active":false,"_monsterinsights_sitenote_note":"","_monsterinsights_sitenote_category":0,"footnotes":"","_wpscppro_dont_share_socialmedia":false,"_wpscppro_custom_social_share_image":0,"_facebook_share_type":"default","_twitter_share_type":"default","_linkedin_share_type":"default","_pinterest_share_type":"default","_linkedin_share_type_page":"","_instagram_share_type":"default","_medium_share_type":"default","_threads_share_type":"","_google_business_share_type":"","_selected_social_profile":[],"_wpsp_enable_custom_social_template":false,"_wpsp_social_scheduling":{"enabled":false,"datetime":null,"platforms":[],"status":"template_only","dateOption":"today","timeOption":"now","customDays":"","customHours":"","customDate":"","customTime":"","schedulingType":"absolute"},"_wpsp_active_default_template":true},"categories":[33],"tags":[],"class_list":["post-62635","post","type-post","status-publish","format-standard","has-post-thumbnail","hentry","category-sports"],"aioseo_notices":[],"yoast_head":"<!-- This site is optimized with the Yoast SEO plugin v27.5 - https:\/\/yoast.com\/product\/yoast-seo-wordpress\/ -->\n<title>Bennacer : \u00ab\u00a0Il n&rsquo;est pas question de jouer les seconds r\u00f4les\u00a0\u00bb - La Sentinelle<\/title>\n<meta name=\"robots\" content=\"index, follow, max-snippet:-1, max-image-preview:large, max-video-preview:-1\" \/>\n<link rel=\"canonical\" href=\"https:\/\/lasentinelle.dz\/index.php\/2025\/02\/06\/bennacer-il-nest-pas-question-de-jouer-les-seconds-roles\/\" \/>\n<meta property=\"og:locale\" content=\"fr_FR\" \/>\n<meta property=\"og:type\" content=\"article\" \/>\n<meta property=\"og:title\" content=\"Bennacer : \u00ab\u00a0Il n&rsquo;est pas question de jouer les seconds r\u00f4les\u00a0\u00bb - La Sentinelle\" \/>\n<meta property=\"og:description\" content=\"Isma\u00ebl Bennacer est officiellement marseillais. Apr\u00e8s une longue histoire d&rsquo;amour \u00e0 distance, le milieu de terrain international alg\u00e9rien a enfin\" \/>\n<meta property=\"og:url\" content=\"https:\/\/lasentinelle.dz\/index.php\/2025\/02\/06\/bennacer-il-nest-pas-question-de-jouer-les-seconds-roles\/\" \/>\n<meta property=\"og:site_name\" content=\"La Sentinelle\" \/>\n<meta property=\"article:publisher\" content=\"https:\/\/www.facebook.com\/La-Sentinelle-104059864394773\" \/>\n<meta property=\"article:published_time\" content=\"2025-02-06T10:38:26+00:00\" \/>\n<meta property=\"article:modified_time\" content=\"2025-02-08T10:42:03+00:00\" \/>\n<meta property=\"og:image\" content=\"https:\/\/lasentinelle.dz\/wp-content\/uploads\/2025\/02\/Bennacer.jpg\" \/>\n\t<meta property=\"og:image:width\" content=\"1200\" \/>\n\t<meta property=\"og:image:height\" content=\"800\" \/>\n\t<meta property=\"og:image:type\" content=\"image\/jpeg\" \/>\n<meta name=\"author\" content=\"admin\" \/>\n<meta name=\"twitter:card\" content=\"summary_large_image\" \/>\n<meta name=\"twitter:label1\" content=\"\u00c9crit par\" \/>\n\t<meta name=\"twitter:data1\" content=\"admin\" \/>\n\t<meta name=\"twitter:label2\" content=\"Dur\u00e9e de lecture estim\u00e9e\" \/>\n\t<meta name=\"twitter:data2\" content=\"3 minutes\" \/>\n<script type=\"application\/ld+json\" class=\"yoast-schema-graph\">{\"@context\":\"https:\\\/\\\/schema.org\",\"@graph\":[{\"@type\":\"Article\",\"@id\":\"https:\\\/\\\/lasentinelle.dz\\\/index.php\\\/2025\\\/02\\\/06\\\/bennacer-il-nest-pas-question-de-jouer-les-seconds-roles\\\/#article\",\"isPartOf\":{\"@id\":\"https:\\\/\\\/lasentinelle.dz\\\/index.php\\\/2025\\\/02\\\/06\\\/bennacer-il-nest-pas-question-de-jouer-les-seconds-roles\\\/\"},\"author\":{\"name\":\"admin\",\"@id\":\"https:\\\/\\\/lasentinelle.dz\\\/#\\\/schema\\\/person\\\/729ee0024f24e0b8c5ec17232f8e8b41\"},\"headline\":\"Bennacer : \u00ab\u00a0Il n&rsquo;est pas question de jouer les seconds r\u00f4les\u00a0\u00bb\",\"datePublished\":\"2025-02-06T10:38:26+00:00\",\"dateModified\":\"2025-02-08T10:42:03+00:00\",\"mainEntityOfPage\":{\"@id\":\"https:\\\/\\\/lasentinelle.dz\\\/index.php\\\/2025\\\/02\\\/06\\\/bennacer-il-nest-pas-question-de-jouer-les-seconds-roles\\\/\"},\"wordCount\":553,\"commentCount\":0,\"publisher\":{\"@id\":\"https:\\\/\\\/lasentinelle.dz\\\/#organization\"},\"image\":{\"@id\":\"https:\\\/\\\/lasentinelle.dz\\\/index.php\\\/2025\\\/02\\\/06\\\/bennacer-il-nest-pas-question-de-jouer-les-seconds-roles\\\/#primaryimage\"},\"thumbnailUrl\":\"https:\\\/\\\/lasentinelle.dz\\\/wp-content\\\/uploads\\\/2025\\\/02\\\/Bennacer.jpg\",\"articleSection\":[\"Sports\"],\"inLanguage\":\"fr-FR\",\"potentialAction\":[{\"@type\":\"CommentAction\",\"name\":\"Comment\",\"target\":[\"https:\\\/\\\/lasentinelle.dz\\\/index.php\\\/2025\\\/02\\\/06\\\/bennacer-il-nest-pas-question-de-jouer-les-seconds-roles\\\/#respond\"]}]},{\"@type\":\"WebPage\",\"@id\":\"https:\\\/\\\/lasentinelle.dz\\\/index.php\\\/2025\\\/02\\\/06\\\/bennacer-il-nest-pas-question-de-jouer-les-seconds-roles\\\/\",\"url\":\"https:\\\/\\\/lasentinelle.dz\\\/index.php\\\/2025\\\/02\\\/06\\\/bennacer-il-nest-pas-question-de-jouer-les-seconds-roles\\\/\",\"name\":\"Bennacer : \u00ab\u00a0Il n&rsquo;est pas question de jouer les seconds r\u00f4les\u00a0\u00bb - La Sentinelle\",\"isPartOf\":{\"@id\":\"https:\\\/\\\/lasentinelle.dz\\\/#website\"},\"primaryImageOfPage\":{\"@id\":\"https:\\\/\\\/lasentinelle.dz\\\/index.php\\\/2025\\\/02\\\/06\\\/bennacer-il-nest-pas-question-de-jouer-les-seconds-roles\\\/#primaryimage\"},\"image\":{\"@id\":\"https:\\\/\\\/lasentinelle.dz\\\/index.php\\\/2025\\\/02\\\/06\\\/bennacer-il-nest-pas-question-de-jouer-les-seconds-roles\\\/#primaryimage\"},\"thumbnailUrl\":\"https:\\\/\\\/lasentinelle.dz\\\/wp-content\\\/uploads\\\/2025\\\/02\\\/Bennacer.jpg\",\"datePublished\":\"2025-02-06T10:38:26+00:00\",\"dateModified\":\"2025-02-08T10:42:03+00:00\",\"breadcrumb\":{\"@id\":\"https:\\\/\\\/lasentinelle.dz\\\/index.php\\\/2025\\\/02\\\/06\\\/bennacer-il-nest-pas-question-de-jouer-les-seconds-roles\\\/#breadcrumb\"},\"inLanguage\":\"fr-FR\",\"potentialAction\":[{\"@type\":\"ReadAction\",\"target\":[\"https:\\\/\\\/lasentinelle.dz\\\/index.php\\\/2025\\\/02\\\/06\\\/bennacer-il-nest-pas-question-de-jouer-les-seconds-roles\\\/\"]}]},{\"@type\":\"ImageObject\",\"inLanguage\":\"fr-FR\",\"@id\":\"https:\\\/\\\/lasentinelle.dz\\\/index.php\\\/2025\\\/02\\\/06\\\/bennacer-il-nest-pas-question-de-jouer-les-seconds-roles\\\/#primaryimage\",\"url\":\"https:\\\/\\\/lasentinelle.dz\\\/wp-content\\\/uploads\\\/2025\\\/02\\\/Bennacer.jpg\",\"contentUrl\":\"https:\\\/\\\/lasentinelle.dz\\\/wp-content\\\/uploads\\\/2025\\\/02\\\/Bennacer.jpg\",\"width\":1200,\"height\":800},{\"@type\":\"BreadcrumbList\",\"@id\":\"https:\\\/\\\/lasentinelle.dz\\\/index.php\\\/2025\\\/02\\\/06\\\/bennacer-il-nest-pas-question-de-jouer-les-seconds-roles\\\/#breadcrumb\",\"itemListElement\":[{\"@type\":\"ListItem\",\"position\":1,\"name\":\"Accueil\",\"item\":\"https:\\\/\\\/lasentinelle.dz\\\/\"},{\"@type\":\"ListItem\",\"position\":2,\"name\":\"Bennacer : \u00ab\u00a0Il n&rsquo;est pas question de jouer les seconds r\u00f4les\u00a0\u00bb\"}]},{\"@type\":\"WebSite\",\"@id\":\"https:\\\/\\\/lasentinelle.dz\\\/#website\",\"url\":\"https:\\\/\\\/lasentinelle.dz\\\/\",\"name\":\"La Sentinelle\",\"description\":\"Quotidien national d&#039;information\",\"publisher\":{\"@id\":\"https:\\\/\\\/lasentinelle.dz\\\/#organization\"},\"potentialAction\":[{\"@type\":\"SearchAction\",\"target\":{\"@type\":\"EntryPoint\",\"urlTemplate\":\"https:\\\/\\\/lasentinelle.dz\\\/?s={search_term_string}\"},\"query-input\":{\"@type\":\"PropertyValueSpecification\",\"valueRequired\":true,\"valueName\":\"search_term_string\"}}],\"inLanguage\":\"fr-FR\"},{\"@type\":\"Organization\",\"@id\":\"https:\\\/\\\/lasentinelle.dz\\\/#organization\",\"name\":\"Quotidien La Sentinelle\",\"url\":\"https:\\\/\\\/lasentinelle.dz\\\/\",\"logo\":{\"@type\":\"ImageObject\",\"inLanguage\":\"fr-FR\",\"@id\":\"https:\\\/\\\/lasentinelle.dz\\\/#\\\/schema\\\/logo\\\/image\\\/\",\"url\":\"https:\\\/\\\/lasentinelle.dz\\\/wp-content\\\/uploads\\\/2021\\\/09\\\/logo-sentinelleSLOGAN-1.png\",\"contentUrl\":\"https:\\\/\\\/lasentinelle.dz\\\/wp-content\\\/uploads\\\/2021\\\/09\\\/logo-sentinelleSLOGAN-1.png\",\"width\":615,\"height\":142,\"caption\":\"Quotidien La Sentinelle\"},\"image\":{\"@id\":\"https:\\\/\\\/lasentinelle.dz\\\/#\\\/schema\\\/logo\\\/image\\\/\"},\"sameAs\":[\"https:\\\/\\\/www.facebook.com\\\/La-Sentinelle-104059864394773\"]},{\"@type\":\"Person\",\"@id\":\"https:\\\/\\\/lasentinelle.dz\\\/#\\\/schema\\\/person\\\/729ee0024f24e0b8c5ec17232f8e8b41\",\"name\":\"admin\",\"image\":{\"@type\":\"ImageObject\",\"inLanguage\":\"fr-FR\",\"@id\":\"https:\\\/\\\/secure.gravatar.com\\\/avatar\\\/4c81fed838786e9b53f540bf46533e750f5d292099ae3b66cfc6fb1982e29df7?s=96&d=mm&r=g\",\"url\":\"https:\\\/\\\/secure.gravatar.com\\\/avatar\\\/4c81fed838786e9b53f540bf46533e750f5d292099ae3b66cfc6fb1982e29df7?s=96&d=mm&r=g\",\"contentUrl\":\"https:\\\/\\\/secure.gravatar.com\\\/avatar\\\/4c81fed838786e9b53f540bf46533e750f5d292099ae3b66cfc6fb1982e29df7?s=96&d=mm&r=g\",\"caption\":\"admin\"},\"description\":\"admin\",\"url\":\"https:\\\/\\\/lasentinelle.dz\\\/author\\\/admin\\\/\"}]}<\/script>\n<!-- \/ Yoast SEO plugin. -->","yoast_head_json":{"title":"Bennacer : \u00ab\u00a0Il n&rsquo;est pas question de jouer les seconds r\u00f4les\u00a0\u00bb - La Sentinelle","robots":{"index":"index","follow":"follow","max-snippet":"max-snippet:-1","max-image-preview":"max-image-preview:large","max-video-preview":"max-video-preview:-1"},"canonical":"https:\/\/lasentinelle.dz\/index.php\/2025\/02\/06\/bennacer-il-nest-pas-question-de-jouer-les-seconds-roles\/","og_locale":"fr_FR","og_type":"article","og_title":"Bennacer : \u00ab\u00a0Il n&rsquo;est pas question de jouer les seconds r\u00f4les\u00a0\u00bb - La Sentinelle","og_description":"Isma\u00ebl Bennacer est officiellement marseillais. Apr\u00e8s une longue histoire d&rsquo;amour \u00e0 distance, le milieu de terrain international alg\u00e9rien a enfin","og_url":"https:\/\/lasentinelle.dz\/index.php\/2025\/02\/06\/bennacer-il-nest-pas-question-de-jouer-les-seconds-roles\/","og_site_name":"La Sentinelle","article_publisher":"https:\/\/www.facebook.com\/La-Sentinelle-104059864394773","article_published_time":"2025-02-06T10:38:26+00:00","article_modified_time":"2025-02-08T10:42:03+00:00","og_image":[{"width":1200,"height":800,"url":"https:\/\/lasentinelle.dz\/wp-content\/uploads\/2025\/02\/Bennacer.jpg","type":"image\/jpeg"}],"author":"admin","twitter_card":"summary_large_image","twitter_misc":{"\u00c9crit par":"admin","Dur\u00e9e de lecture estim\u00e9e":"3 minutes"},"schema":{"@context":"https:\/\/schema.org","@graph":[{"@type":"Article","@id":"https:\/\/lasentinelle.dz\/index.php\/2025\/02\/06\/bennacer-il-nest-pas-question-de-jouer-les-seconds-roles\/#article","isPartOf":{"@id":"https:\/\/lasentinelle.dz\/index.php\/2025\/02\/06\/bennacer-il-nest-pas-question-de-jouer-les-seconds-roles\/"},"author":{"name":"admin","@id":"https:\/\/lasentinelle.dz\/#\/schema\/person\/729ee0024f24e0b8c5ec17232f8e8b41"},"headline":"Bennacer : \u00ab\u00a0Il n&rsquo;est pas question de jouer les seconds r\u00f4les\u00a0\u00bb","datePublished":"2025-02-06T10:38:26+00:00","dateModified":"2025-02-08T10:42:03+00:00","mainEntityOfPage":{"@id":"https:\/\/lasentinelle.dz\/index.php\/2025\/02\/06\/bennacer-il-nest-pas-question-de-jouer-les-seconds-roles\/"},"wordCount":553,"commentCount":0,"publisher":{"@id":"https:\/\/lasentinelle.dz\/#organization"},"image":{"@id":"https:\/\/lasentinelle.dz\/index.php\/2025\/02\/06\/bennacer-il-nest-pas-question-de-jouer-les-seconds-roles\/#primaryimage"},"thumbnailUrl":"https:\/\/lasentinelle.dz\/wp-content\/uploads\/2025\/02\/Bennacer.jpg","articleSection":["Sports"],"inLanguage":"fr-FR","potentialAction":[{"@type":"CommentAction","name":"Comment","target":["https:\/\/lasentinelle.dz\/index.php\/2025\/02\/06\/bennacer-il-nest-pas-question-de-jouer-les-seconds-roles\/#respond"]}]},{"@type":"WebPage","@id":"https:\/\/lasentinelle.dz\/index.php\/2025\/02\/06\/bennacer-il-nest-pas-question-de-jouer-les-seconds-roles\/","url":"https:\/\/lasentinelle.dz\/index.php\/2025\/02\/06\/bennacer-il-nest-pas-question-de-jouer-les-seconds-roles\/","name":"Bennacer : \u00ab\u00a0Il n&rsquo;est pas question de jouer les seconds r\u00f4les\u00a0\u00bb - La Sentinelle","isPartOf":{"@id":"https:\/\/lasentinelle.dz\/#website"},"primaryImageOfPage":{"@id":"https:\/\/lasentinelle.dz\/index.php\/2025\/02\/06\/bennacer-il-nest-pas-question-de-jouer-les-seconds-roles\/#primaryimage"},"image":{"@id":"https:\/\/lasentinelle.dz\/index.php\/2025\/02\/06\/bennacer-il-nest-pas-question-de-jouer-les-seconds-roles\/#primaryimage"},"thumbnailUrl":"https:\/\/lasentinelle.dz\/wp-content\/uploads\/2025\/02\/Bennacer.jpg","datePublished":"2025-02-06T10:38:26+00:00","dateModified":"2025-02-08T10:42:03+00:00","breadcrumb":{"@id":"https:\/\/lasentinelle.dz\/index.php\/2025\/02\/06\/bennacer-il-nest-pas-question-de-jouer-les-seconds-roles\/#breadcrumb"},"inLanguage":"fr-FR","potentialAction":[{"@type":"ReadAction","target":["https:\/\/lasentinelle.dz\/index.php\/2025\/02\/06\/bennacer-il-nest-pas-question-de-jouer-les-seconds-roles\/"]}]},{"@type":"ImageObject","inLanguage":"fr-FR","@id":"https:\/\/lasentinelle.dz\/index.php\/2025\/02\/06\/bennacer-il-nest-pas-question-de-jouer-les-seconds-roles\/#primaryimage","url":"https:\/\/lasentinelle.dz\/wp-content\/uploads\/2025\/02\/Bennacer.jpg","contentUrl":"https:\/\/lasentinelle.dz\/wp-content\/uploads\/2025\/02\/Bennacer.jpg","width":1200,"height":800},{"@type":"BreadcrumbList","@id":"https:\/\/lasentinelle.dz\/index.php\/2025\/02\/06\/bennacer-il-nest-pas-question-de-jouer-les-seconds-roles\/#breadcrumb","itemListElement":[{"@type":"ListItem","position":1,"name":"Accueil","item":"https:\/\/lasentinelle.dz\/"},{"@type":"ListItem","position":2,"name":"Bennacer : \u00ab\u00a0Il n&rsquo;est pas question de jouer les seconds r\u00f4les\u00a0\u00bb"}]},{"@type":"WebSite","@id":"https:\/\/lasentinelle.dz\/#website","url":"https:\/\/lasentinelle.dz\/","name":"La Sentinelle","description":"Quotidien national d&#039;information","publisher":{"@id":"https:\/\/lasentinelle.dz\/#organization"},"potentialAction":[{"@type":"SearchAction","target":{"@type":"EntryPoint","urlTemplate":"https:\/\/lasentinelle.dz\/?s={search_term_string}"},"query-input":{"@type":"PropertyValueSpecification","valueRequired":true,"valueName":"search_term_string"}}],"inLanguage":"fr-FR"},{"@type":"Organization","@id":"https:\/\/lasentinelle.dz\/#organization","name":"Quotidien La Sentinelle","url":"https:\/\/lasentinelle.dz\/","logo":{"@type":"ImageObject","inLanguage":"fr-FR","@id":"https:\/\/lasentinelle.dz\/#\/schema\/logo\/image\/","url":"https:\/\/lasentinelle.dz\/wp-content\/uploads\/2021\/09\/logo-sentinelleSLOGAN-1.png","contentUrl":"https:\/\/lasentinelle.dz\/wp-content\/uploads\/2021\/09\/logo-sentinelleSLOGAN-1.png","width":615,"height":142,"caption":"Quotidien La Sentinelle"},"image":{"@id":"https:\/\/lasentinelle.dz\/#\/schema\/logo\/image\/"},"sameAs":["https:\/\/www.facebook.com\/La-Sentinelle-104059864394773"]},{"@type":"Person","@id":"https:\/\/lasentinelle.dz\/#\/schema\/person\/729ee0024f24e0b8c5ec17232f8e8b41","name":"admin","image":{"@type":"ImageObject","inLanguage":"fr-FR","@id":"https:\/\/secure.gravatar.com\/avatar\/4c81fed838786e9b53f540bf46533e750f5d292099ae3b66cfc6fb1982e29df7?s=96&d=mm&r=g","url":"https:\/\/secure.gravatar.com\/avatar\/4c81fed838786e9b53f540bf46533e750f5d292099ae3b66cfc6fb1982e29df7?s=96&d=mm&r=g","contentUrl":"https:\/\/secure.gravatar.com\/avatar\/4c81fed838786e9b53f540bf46533e750f5d292099ae3b66cfc6fb1982e29df7?s=96&d=mm&r=g","caption":"admin"},"description":"admin","url":"https:\/\/lasentinelle.dz\/author\/admin\/"}]}},"_links":{"self":[{"href":"https:\/\/lasentinelle.dz\/index.php\/wp-json\/wp\/v2\/posts\/62635","targetHints":{"allow":["GET"]}}],"collection":[{"href":"https:\/\/lasentinelle.dz\/index.php\/wp-json\/wp\/v2\/posts"}],"about":[{"href":"https:\/\/lasentinelle.dz\/index.php\/wp-json\/wp\/v2\/types\/post"}],"author":[{"embeddable":true,"href":"https:\/\/lasentinelle.dz\/index.php\/wp-json\/wp\/v2\/users\/6"}],"replies":[{"embeddable":true,"href":"https:\/\/lasentinelle.dz\/index.php\/wp-json\/wp\/v2\/comments?post=62635"}],"version-history":[{"count":2,"href":"https:\/\/lasentinelle.dz\/index.php\/wp-json\/wp\/v2\/posts\/62635\/revisions"}],"predecessor-version":[{"id":62638,"href":"https:\/\/lasentinelle.dz\/index.php\/wp-json\/wp\/v2\/posts\/62635\/revisions\/62638"}],"wp:featuredmedia":[{"embeddable":true,"href":"https:\/\/lasentinelle.dz\/index.php\/wp-json\/wp\/v2\/media\/62636"}],"wp:attachment":[{"href":"https:\/\/lasentinelle.dz\/index.php\/wp-json\/wp\/v2\/media?parent=62635"}],"wp:term":[{"taxonomy":"category","embeddable":true,"href":"https:\/\/lasentinelle.dz\/index.php\/wp-json\/wp\/v2\/categories?post=62635"},{"taxonomy":"post_tag","embeddable":true,"href":"https:\/\/lasentinelle.dz\/index.php\/wp-json\/wp\/v2\/tags?post=62635"}],"curies":[{"name":"wp","href":"https:\/\/api.w.org\/{rel}","templated":true}]}}