{"id":62687,"date":"2025-02-09T12:50:11","date_gmt":"2025-02-09T11:50:11","guid":{"rendered":"https:\/\/lasentinelle.dz\/?p=62687"},"modified":"2025-02-09T12:50:11","modified_gmt":"2025-02-09T11:50:11","slug":"reunion-durgence-en-tanzanie-sur-la-situation-en-rdc-appel-a-un-cessez-le-feu-immediat","status":"publish","type":"post","link":"https:\/\/lasentinelle.dz\/index.php\/2025\/02\/09\/reunion-durgence-en-tanzanie-sur-la-situation-en-rdc-appel-a-un-cessez-le-feu-immediat\/","title":{"rendered":"R\u00e9union d&rsquo;urgence en Tanzanie sur la situation en RDC\u00a0: Appel \u00e0 un cessez-le-feu imm\u00e9diat"},"content":{"rendered":"\n<p>La situation dans l&rsquo;est de la R\u00e9publique d\u00e9mocratique du Congo (RDC) atteint un point critique alors que les dirigeants d&rsquo;Afrique de l&rsquo;Est et d&rsquo;Afrique australe se sont r\u00e9unis d&rsquo;urgence samedi en Tanzanie, dans une tentative sans pr\u00e9c\u00e9dent de trouver une solution \u00e0 un conflit qui menace de d\u00e9stabiliser toute la r\u00e9gion. Cette r\u00e9union historique, premi\u00e8re du genre entre les deux blocs r\u00e9gionaux, intervient dans un contexte d&rsquo;extr\u00eame tension apr\u00e8s la prise de Goma, la plus grande ville de l&rsquo;Est de la RDC, par les rebelles du M23, dont l&rsquo;avanc\u00e9e rapide vers le sud en direction de Bukavu fait craindre une extension du conflit malgr\u00e9 l&rsquo;annonce d&rsquo;un cessez-le-feu unilat\u00e9ral. La gravit\u00e9 de la situation a \u00e9t\u00e9 soulign\u00e9e par la pr\u00e9sidente tanzanienne Samia Suluhu Hassan lors de la c\u00e9r\u00e9monie d&rsquo;ouverture, d\u00e9clarant que \u00ab l&rsquo;histoire nous jugera s\u00e9v\u00e8rement si nous restons les bras crois\u00e9s et regardons la situation s&rsquo;aggraver, jour apr\u00e8s jour \u00bb. Le sommet, qui r\u00e9unit les huit pays membres de la Communaut\u00e9 d&rsquo;Afrique de l&rsquo;Est (EAC) et les seize pays membres de la Communaut\u00e9 de d\u00e9veloppement de l&rsquo;Afrique australe (SADC), rev\u00eat une importance particuli\u00e8re avec la pr\u00e9sence du pr\u00e9sident rwandais Paul Kagame et la participation par liaison vid\u00e9o du pr\u00e9sident congolais F\u00e9lix Tshisekedi. Face \u00e0 l&rsquo;urgence de la situation, le pr\u00e9sident k\u00e9nyan William Ruto, qui pr\u00e9side actuellement l&rsquo;EAC, a appel\u00e9 \u00e0 un \u00ab cessez-le-feu imm\u00e9diat \u00bb, exhortant le M23 \u00e0 \u00ab cesser toute progression \u00bb et \u00ab les forces arm\u00e9es de la RDC \u00e0 cesser toute mesure de repr\u00e9sailles \u00bb. Selon lui, \u00ab un cessez-le-feu imm\u00e9diat est le seul moyen de cr\u00e9er les conditions n\u00e9cessaires \u00e0 un dialogue constructif et \u00e0 la mise en \u0153uvre d&rsquo;un accord de paix global \u00bb. La crise humanitaire qui d\u00e9coule de ce conflit s&rsquo;aggrave de jour en jour, particuli\u00e8rement depuis que le M23 a \u00e9tendu son contr\u00f4le aux mines de coltan, d&rsquo;or et d&rsquo;\u00e9tain de la province du Nord-Kivu le mois dernier. Les organisations humanitaires font face \u00e0 une situation dramatique, avec des h\u00f4pitaux d\u00e9bord\u00e9s et la n\u00e9cessit\u00e9 d&rsquo;enterrer les corps d&rsquo;au moins 2.000 personnes tu\u00e9es dans la bataille de Goma, tandis que plane la menace de la propagation de maladies. La situation est d&rsquo;autant plus pr\u00e9occupante que le bureau des droits de l&rsquo;homme de l&rsquo;ONU a signal\u00e9 aux procureurs de la Cour p\u00e9nale internationale des cas de massacres, de viols, de viols collectifs et d&rsquo;esclavage sexuel. Dans ce contexte, l&rsquo;Alg\u00e9rie, par la voix de son Repr\u00e9sentant permanent aupr\u00e8s des Nations unies \u00e0 Gen\u00e8ve, Rachid Bladehane, a exprim\u00e9 sa profonde pr\u00e9occupation lors d&rsquo;une session extraordinaire du Conseil des droits de l&rsquo;Homme. Le diplomate alg\u00e9rien a d\u00e9clar\u00e9 que l&rsquo;Alg\u00e9rie \u00ab est profond\u00e9ment pr\u00e9occup\u00e9e par la reprise du conflit \u00e0 l&rsquo;Est de la RDC, engendrant des violences syst\u00e9miques, en particulier les attaques contre les civils, les femmes et les enfants, ainsi que des violations massives des droits humains et du droit humanitaire \u00bb, qualifiant d&rsquo;\u00ab alarmante \u00bb la situation de vuln\u00e9rabilit\u00e9 extr\u00eame dont souffrent des millions de Congolais. Il a soulign\u00e9 que \u00ab l&rsquo;Alg\u00e9rie insiste sur l&rsquo;importance vitale de garantir l&rsquo;acc\u00e8s de l&rsquo;aide humanitaire aux personnes vuln\u00e9rables et rappelle \u00e0 toutes les parties leurs obligations en vertu du droit international humanitaire : la vie des civils et celle du personnel humanitaire doivent \u00eatre prot\u00e9g\u00e9es, l&rsquo;acheminement de l&rsquo;aide doit se faire sans entrave, et les corridors humanitaires doivent \u00eatre respect\u00e9s \u00bb. Le repr\u00e9sentant alg\u00e9rien a \u00e9galement affirm\u00e9 que son pays \u00ab appelle instamment \u00e0 la retenue et \u00e0 la d\u00e9sescalade dans la perspective de permettre la reprise du dialogue, en vue d&rsquo;une solution politique \u00e0 m\u00eame de mettre fin \u00e0 la souffrance des Congolais, de garantir le respect de la souverainet\u00e9 et de l&rsquo;int\u00e9grit\u00e9 territoriale de la RDC et d&rsquo;instaurer une paix durable dans la r\u00e9gion \u00bb. La complexit\u00e9 de la situation est accentu\u00e9e par les accusations mutuelles entre la RDC et le Rwanda. Bien entra\u00een\u00e9 et arm\u00e9 de mani\u00e8re professionnelle, le M23, dernier d&rsquo;une longue s\u00e9rie de mouvements rebelles dirig\u00e9s par des Tutsis \u00e0 \u00e9merger dans l&rsquo;est du Congo, est accus\u00e9 par le gouvernement congolais d&rsquo;\u00eatre soutenu par le Rwanda, ce que le groupe rebelle d\u00e9ment. De son c\u00f4t\u00e9, le Rwanda rejette les accusations selon lesquelles des milliers de ses soldats combattraient aux c\u00f4t\u00e9s du M23, tout en affirmant se d\u00e9fendre contre une milice dirig\u00e9e par des Hutus qui combattrait aux c\u00f4t\u00e9s de l&rsquo;arm\u00e9e congolaise. Cette escalade des tensions a conduit les \u00c9tats-Unis \u00e0 \u00e9voquer la possibilit\u00e9 de sanctions contre les responsables rwandais et congolais, dans une tentative d&rsquo;augmenter la pression pour trouver une solution \u00e0 un conflit qui trouve ses racines dans le g\u00e9nocide rwandais de 1994 et la lutte pour le contr\u00f4le des richesses mini\u00e8res du Congo. Les ministres des Affaires \u00e9trang\u00e8res des deux blocs r\u00e9gionaux ont recommand\u00e9 lors du sommet de lancer un appel \u00e0 la cessation des hostilit\u00e9s, un cessez-le-feu inconditionnel et la r\u00e9ouverture de l&rsquo;a\u00e9roport de Goma et d&rsquo;autres voies pour acheminer de l&rsquo;aide humanitaire d&rsquo;urgence. Dans ce contexte, l&rsquo;Alg\u00e9rie, comme l&rsquo;a soulign\u00e9 M. Bladehane, \u00ab fait sienne les conclusions des Sommets extraordinaires de la Communaut\u00e9 d&rsquo;Afrique de l&rsquo;Est (EAC) et de la Communaut\u00e9 de d\u00e9veloppement d&rsquo;Afrique australe (SADC) \u00bb et \u00ab se dit pr\u00eate \u00e0 accompagner ces efforts de m\u00e9diation r\u00e9gionale en cours et \u00e0 \u0153uvrer au service du r\u00e9tablissement de la paix et de la stabilit\u00e9 en RDC et dans la r\u00e9gion des Grands Lacs \u00bb.<\/p>\n\n\n\n<p>L.S.<\/p>\n","protected":false},"excerpt":{"rendered":"<p>La situation dans l&rsquo;est de la R\u00e9publique d\u00e9mocratique du Congo (RDC) atteint un point critique alors que les dirigeants d&rsquo;Afrique<\/p>\n","protected":false},"author":6,"featured_media":62688,"comment_status":"open","ping_status":"closed","sticky":false,"template":"","format":"standard","meta":{"colormag_page_container_layout":"default_layout","colormag_page_sidebar_layout":"default_layout","om_disable_all_campaigns":false,"_monsterinsights_skip_tracking":false,"_monsterinsights_sitenote_active":false,"_monsterinsights_sitenote_note":"","_monsterinsights_sitenote_category":0,"footnotes":"","_wpscppro_dont_share_socialmedia":false,"_wpscppro_custom_social_share_image":0,"_facebook_share_type":"default","_twitter_share_type":"default","_linkedin_share_type":"default","_pinterest_share_type":"default","_linkedin_share_type_page":"","_instagram_share_type":"default","_medium_share_type":"default","_threads_share_type":"","_google_business_share_type":"","_selected_social_profile":[],"_wpsp_enable_custom_social_template":false,"_wpsp_social_scheduling":{"enabled":false,"datetime":null,"platforms":[],"status":"template_only","dateOption":"today","timeOption":"now","customDays":"","customHours":"","customDate":"","customTime":"","schedulingType":"absolute"},"_wpsp_active_default_template":true},"categories":[37],"tags":[],"class_list":["post-62687","post","type-post","status-publish","format-standard","has-post-thumbnail","hentry","category-monde"],"aioseo_notices":[],"yoast_head":"<!-- This site is optimized with the Yoast SEO plugin v27.5 - https:\/\/yoast.com\/product\/yoast-seo-wordpress\/ -->\n<title>R\u00e9union d&rsquo;urgence en Tanzanie sur la situation en RDC\u00a0: Appel \u00e0 un cessez-le-feu imm\u00e9diat - La Sentinelle<\/title>\n<meta name=\"robots\" content=\"index, follow, max-snippet:-1, max-image-preview:large, max-video-preview:-1\" \/>\n<link rel=\"canonical\" href=\"https:\/\/lasentinelle.dz\/index.php\/2025\/02\/09\/reunion-durgence-en-tanzanie-sur-la-situation-en-rdc-appel-a-un-cessez-le-feu-immediat\/\" \/>\n<meta property=\"og:locale\" content=\"fr_FR\" \/>\n<meta property=\"og:type\" content=\"article\" \/>\n<meta property=\"og:title\" content=\"R\u00e9union d&rsquo;urgence en Tanzanie sur la situation en RDC\u00a0: Appel \u00e0 un cessez-le-feu imm\u00e9diat - La Sentinelle\" \/>\n<meta property=\"og:description\" content=\"La situation dans l&rsquo;est de la R\u00e9publique d\u00e9mocratique du Congo (RDC) atteint un point critique alors que les dirigeants d&rsquo;Afrique\" \/>\n<meta property=\"og:url\" content=\"https:\/\/lasentinelle.dz\/index.php\/2025\/02\/09\/reunion-durgence-en-tanzanie-sur-la-situation-en-rdc-appel-a-un-cessez-le-feu-immediat\/\" \/>\n<meta property=\"og:site_name\" content=\"La Sentinelle\" \/>\n<meta property=\"article:publisher\" content=\"https:\/\/www.facebook.com\/La-Sentinelle-104059864394773\" \/>\n<meta property=\"article:published_time\" content=\"2025-02-09T11:50:11+00:00\" \/>\n<meta property=\"og:image\" content=\"https:\/\/lasentinelle.dz\/wp-content\/uploads\/2025\/02\/reunion-RDC.jpeg\" \/>\n\t<meta property=\"og:image:width\" content=\"980\" \/>\n\t<meta property=\"og:image:height\" content=\"551\" \/>\n\t<meta property=\"og:image:type\" content=\"image\/jpeg\" \/>\n<meta name=\"author\" content=\"admin\" \/>\n<meta name=\"twitter:card\" content=\"summary_large_image\" \/>\n<meta name=\"twitter:label1\" content=\"\u00c9crit par\" \/>\n\t<meta name=\"twitter:data1\" content=\"admin\" \/>\n\t<meta name=\"twitter:label2\" content=\"Dur\u00e9e de lecture estim\u00e9e\" \/>\n\t<meta name=\"twitter:data2\" content=\"5 minutes\" \/>\n<script type=\"application\/ld+json\" class=\"yoast-schema-graph\">{\"@context\":\"https:\\\/\\\/schema.org\",\"@graph\":[{\"@type\":\"Article\",\"@id\":\"https:\\\/\\\/lasentinelle.dz\\\/index.php\\\/2025\\\/02\\\/09\\\/reunion-durgence-en-tanzanie-sur-la-situation-en-rdc-appel-a-un-cessez-le-feu-immediat\\\/#article\",\"isPartOf\":{\"@id\":\"https:\\\/\\\/lasentinelle.dz\\\/index.php\\\/2025\\\/02\\\/09\\\/reunion-durgence-en-tanzanie-sur-la-situation-en-rdc-appel-a-un-cessez-le-feu-immediat\\\/\"},\"author\":{\"name\":\"admin\",\"@id\":\"https:\\\/\\\/lasentinelle.dz\\\/#\\\/schema\\\/person\\\/729ee0024f24e0b8c5ec17232f8e8b41\"},\"headline\":\"R\u00e9union d&rsquo;urgence en Tanzanie sur la situation en RDC\u00a0: Appel \u00e0 un cessez-le-feu imm\u00e9diat\",\"datePublished\":\"2025-02-09T11:50:11+00:00\",\"mainEntityOfPage\":{\"@id\":\"https:\\\/\\\/lasentinelle.dz\\\/index.php\\\/2025\\\/02\\\/09\\\/reunion-durgence-en-tanzanie-sur-la-situation-en-rdc-appel-a-un-cessez-le-feu-immediat\\\/\"},\"wordCount\":1022,\"commentCount\":0,\"publisher\":{\"@id\":\"https:\\\/\\\/lasentinelle.dz\\\/#organization\"},\"image\":{\"@id\":\"https:\\\/\\\/lasentinelle.dz\\\/index.php\\\/2025\\\/02\\\/09\\\/reunion-durgence-en-tanzanie-sur-la-situation-en-rdc-appel-a-un-cessez-le-feu-immediat\\\/#primaryimage\"},\"thumbnailUrl\":\"https:\\\/\\\/lasentinelle.dz\\\/wp-content\\\/uploads\\\/2025\\\/02\\\/reunion-RDC.jpeg\",\"articleSection\":[\"Monde\"],\"inLanguage\":\"fr-FR\",\"potentialAction\":[{\"@type\":\"CommentAction\",\"name\":\"Comment\",\"target\":[\"https:\\\/\\\/lasentinelle.dz\\\/index.php\\\/2025\\\/02\\\/09\\\/reunion-durgence-en-tanzanie-sur-la-situation-en-rdc-appel-a-un-cessez-le-feu-immediat\\\/#respond\"]}]},{\"@type\":\"WebPage\",\"@id\":\"https:\\\/\\\/lasentinelle.dz\\\/index.php\\\/2025\\\/02\\\/09\\\/reunion-durgence-en-tanzanie-sur-la-situation-en-rdc-appel-a-un-cessez-le-feu-immediat\\\/\",\"url\":\"https:\\\/\\\/lasentinelle.dz\\\/index.php\\\/2025\\\/02\\\/09\\\/reunion-durgence-en-tanzanie-sur-la-situation-en-rdc-appel-a-un-cessez-le-feu-immediat\\\/\",\"name\":\"R\u00e9union d&rsquo;urgence en Tanzanie sur la situation en RDC\u00a0: Appel \u00e0 un cessez-le-feu imm\u00e9diat - La Sentinelle\",\"isPartOf\":{\"@id\":\"https:\\\/\\\/lasentinelle.dz\\\/#website\"},\"primaryImageOfPage\":{\"@id\":\"https:\\\/\\\/lasentinelle.dz\\\/index.php\\\/2025\\\/02\\\/09\\\/reunion-durgence-en-tanzanie-sur-la-situation-en-rdc-appel-a-un-cessez-le-feu-immediat\\\/#primaryimage\"},\"image\":{\"@id\":\"https:\\\/\\\/lasentinelle.dz\\\/index.php\\\/2025\\\/02\\\/09\\\/reunion-durgence-en-tanzanie-sur-la-situation-en-rdc-appel-a-un-cessez-le-feu-immediat\\\/#primaryimage\"},\"thumbnailUrl\":\"https:\\\/\\\/lasentinelle.dz\\\/wp-content\\\/uploads\\\/2025\\\/02\\\/reunion-RDC.jpeg\",\"datePublished\":\"2025-02-09T11:50:11+00:00\",\"breadcrumb\":{\"@id\":\"https:\\\/\\\/lasentinelle.dz\\\/index.php\\\/2025\\\/02\\\/09\\\/reunion-durgence-en-tanzanie-sur-la-situation-en-rdc-appel-a-un-cessez-le-feu-immediat\\\/#breadcrumb\"},\"inLanguage\":\"fr-FR\",\"potentialAction\":[{\"@type\":\"ReadAction\",\"target\":[\"https:\\\/\\\/lasentinelle.dz\\\/index.php\\\/2025\\\/02\\\/09\\\/reunion-durgence-en-tanzanie-sur-la-situation-en-rdc-appel-a-un-cessez-le-feu-immediat\\\/\"]}]},{\"@type\":\"ImageObject\",\"inLanguage\":\"fr-FR\",\"@id\":\"https:\\\/\\\/lasentinelle.dz\\\/index.php\\\/2025\\\/02\\\/09\\\/reunion-durgence-en-tanzanie-sur-la-situation-en-rdc-appel-a-un-cessez-le-feu-immediat\\\/#primaryimage\",\"url\":\"https:\\\/\\\/lasentinelle.dz\\\/wp-content\\\/uploads\\\/2025\\\/02\\\/reunion-RDC.jpeg\",\"contentUrl\":\"https:\\\/\\\/lasentinelle.dz\\\/wp-content\\\/uploads\\\/2025\\\/02\\\/reunion-RDC.jpeg\",\"width\":980,\"height\":551},{\"@type\":\"BreadcrumbList\",\"@id\":\"https:\\\/\\\/lasentinelle.dz\\\/index.php\\\/2025\\\/02\\\/09\\\/reunion-durgence-en-tanzanie-sur-la-situation-en-rdc-appel-a-un-cessez-le-feu-immediat\\\/#breadcrumb\",\"itemListElement\":[{\"@type\":\"ListItem\",\"position\":1,\"name\":\"Accueil\",\"item\":\"https:\\\/\\\/lasentinelle.dz\\\/\"},{\"@type\":\"ListItem\",\"position\":2,\"name\":\"R\u00e9union d&rsquo;urgence en Tanzanie sur la situation en RDC\u00a0: Appel \u00e0 un cessez-le-feu imm\u00e9diat\"}]},{\"@type\":\"WebSite\",\"@id\":\"https:\\\/\\\/lasentinelle.dz\\\/#website\",\"url\":\"https:\\\/\\\/lasentinelle.dz\\\/\",\"name\":\"La Sentinelle\",\"description\":\"Quotidien national d&#039;information\",\"publisher\":{\"@id\":\"https:\\\/\\\/lasentinelle.dz\\\/#organization\"},\"potentialAction\":[{\"@type\":\"SearchAction\",\"target\":{\"@type\":\"EntryPoint\",\"urlTemplate\":\"https:\\\/\\\/lasentinelle.dz\\\/?s={search_term_string}\"},\"query-input\":{\"@type\":\"PropertyValueSpecification\",\"valueRequired\":true,\"valueName\":\"search_term_string\"}}],\"inLanguage\":\"fr-FR\"},{\"@type\":\"Organization\",\"@id\":\"https:\\\/\\\/lasentinelle.dz\\\/#organization\",\"name\":\"Quotidien La Sentinelle\",\"url\":\"https:\\\/\\\/lasentinelle.dz\\\/\",\"logo\":{\"@type\":\"ImageObject\",\"inLanguage\":\"fr-FR\",\"@id\":\"https:\\\/\\\/lasentinelle.dz\\\/#\\\/schema\\\/logo\\\/image\\\/\",\"url\":\"https:\\\/\\\/lasentinelle.dz\\\/wp-content\\\/uploads\\\/2021\\\/09\\\/logo-sentinelleSLOGAN-1.png\",\"contentUrl\":\"https:\\\/\\\/lasentinelle.dz\\\/wp-content\\\/uploads\\\/2021\\\/09\\\/logo-sentinelleSLOGAN-1.png\",\"width\":615,\"height\":142,\"caption\":\"Quotidien La Sentinelle\"},\"image\":{\"@id\":\"https:\\\/\\\/lasentinelle.dz\\\/#\\\/schema\\\/logo\\\/image\\\/\"},\"sameAs\":[\"https:\\\/\\\/www.facebook.com\\\/La-Sentinelle-104059864394773\"]},{\"@type\":\"Person\",\"@id\":\"https:\\\/\\\/lasentinelle.dz\\\/#\\\/schema\\\/person\\\/729ee0024f24e0b8c5ec17232f8e8b41\",\"name\":\"admin\",\"image\":{\"@type\":\"ImageObject\",\"inLanguage\":\"fr-FR\",\"@id\":\"https:\\\/\\\/secure.gravatar.com\\\/avatar\\\/4c81fed838786e9b53f540bf46533e750f5d292099ae3b66cfc6fb1982e29df7?s=96&d=mm&r=g\",\"url\":\"https:\\\/\\\/secure.gravatar.com\\\/avatar\\\/4c81fed838786e9b53f540bf46533e750f5d292099ae3b66cfc6fb1982e29df7?s=96&d=mm&r=g\",\"contentUrl\":\"https:\\\/\\\/secure.gravatar.com\\\/avatar\\\/4c81fed838786e9b53f540bf46533e750f5d292099ae3b66cfc6fb1982e29df7?s=96&d=mm&r=g\",\"caption\":\"admin\"},\"description\":\"admin\",\"url\":\"https:\\\/\\\/lasentinelle.dz\\\/author\\\/admin\\\/\"}]}<\/script>\n<!-- \/ Yoast SEO plugin. -->","yoast_head_json":{"title":"R\u00e9union d&rsquo;urgence en Tanzanie sur la situation en RDC\u00a0: Appel \u00e0 un cessez-le-feu imm\u00e9diat - La Sentinelle","robots":{"index":"index","follow":"follow","max-snippet":"max-snippet:-1","max-image-preview":"max-image-preview:large","max-video-preview":"max-video-preview:-1"},"canonical":"https:\/\/lasentinelle.dz\/index.php\/2025\/02\/09\/reunion-durgence-en-tanzanie-sur-la-situation-en-rdc-appel-a-un-cessez-le-feu-immediat\/","og_locale":"fr_FR","og_type":"article","og_title":"R\u00e9union d&rsquo;urgence en Tanzanie sur la situation en RDC\u00a0: Appel \u00e0 un cessez-le-feu imm\u00e9diat - La Sentinelle","og_description":"La situation dans l&rsquo;est de la R\u00e9publique d\u00e9mocratique du Congo (RDC) atteint un point critique alors que les dirigeants d&rsquo;Afrique","og_url":"https:\/\/lasentinelle.dz\/index.php\/2025\/02\/09\/reunion-durgence-en-tanzanie-sur-la-situation-en-rdc-appel-a-un-cessez-le-feu-immediat\/","og_site_name":"La Sentinelle","article_publisher":"https:\/\/www.facebook.com\/La-Sentinelle-104059864394773","article_published_time":"2025-02-09T11:50:11+00:00","og_image":[{"width":980,"height":551,"url":"https:\/\/lasentinelle.dz\/wp-content\/uploads\/2025\/02\/reunion-RDC.jpeg","type":"image\/jpeg"}],"author":"admin","twitter_card":"summary_large_image","twitter_misc":{"\u00c9crit par":"admin","Dur\u00e9e de lecture estim\u00e9e":"5 minutes"},"schema":{"@context":"https:\/\/schema.org","@graph":[{"@type":"Article","@id":"https:\/\/lasentinelle.dz\/index.php\/2025\/02\/09\/reunion-durgence-en-tanzanie-sur-la-situation-en-rdc-appel-a-un-cessez-le-feu-immediat\/#article","isPartOf":{"@id":"https:\/\/lasentinelle.dz\/index.php\/2025\/02\/09\/reunion-durgence-en-tanzanie-sur-la-situation-en-rdc-appel-a-un-cessez-le-feu-immediat\/"},"author":{"name":"admin","@id":"https:\/\/lasentinelle.dz\/#\/schema\/person\/729ee0024f24e0b8c5ec17232f8e8b41"},"headline":"R\u00e9union d&rsquo;urgence en Tanzanie sur la situation en RDC\u00a0: Appel \u00e0 un cessez-le-feu imm\u00e9diat","datePublished":"2025-02-09T11:50:11+00:00","mainEntityOfPage":{"@id":"https:\/\/lasentinelle.dz\/index.php\/2025\/02\/09\/reunion-durgence-en-tanzanie-sur-la-situation-en-rdc-appel-a-un-cessez-le-feu-immediat\/"},"wordCount":1022,"commentCount":0,"publisher":{"@id":"https:\/\/lasentinelle.dz\/#organization"},"image":{"@id":"https:\/\/lasentinelle.dz\/index.php\/2025\/02\/09\/reunion-durgence-en-tanzanie-sur-la-situation-en-rdc-appel-a-un-cessez-le-feu-immediat\/#primaryimage"},"thumbnailUrl":"https:\/\/lasentinelle.dz\/wp-content\/uploads\/2025\/02\/reunion-RDC.jpeg","articleSection":["Monde"],"inLanguage":"fr-FR","potentialAction":[{"@type":"CommentAction","name":"Comment","target":["https:\/\/lasentinelle.dz\/index.php\/2025\/02\/09\/reunion-durgence-en-tanzanie-sur-la-situation-en-rdc-appel-a-un-cessez-le-feu-immediat\/#respond"]}]},{"@type":"WebPage","@id":"https:\/\/lasentinelle.dz\/index.php\/2025\/02\/09\/reunion-durgence-en-tanzanie-sur-la-situation-en-rdc-appel-a-un-cessez-le-feu-immediat\/","url":"https:\/\/lasentinelle.dz\/index.php\/2025\/02\/09\/reunion-durgence-en-tanzanie-sur-la-situation-en-rdc-appel-a-un-cessez-le-feu-immediat\/","name":"R\u00e9union d&rsquo;urgence en Tanzanie sur la situation en RDC\u00a0: Appel \u00e0 un cessez-le-feu imm\u00e9diat - La Sentinelle","isPartOf":{"@id":"https:\/\/lasentinelle.dz\/#website"},"primaryImageOfPage":{"@id":"https:\/\/lasentinelle.dz\/index.php\/2025\/02\/09\/reunion-durgence-en-tanzanie-sur-la-situation-en-rdc-appel-a-un-cessez-le-feu-immediat\/#primaryimage"},"image":{"@id":"https:\/\/lasentinelle.dz\/index.php\/2025\/02\/09\/reunion-durgence-en-tanzanie-sur-la-situation-en-rdc-appel-a-un-cessez-le-feu-immediat\/#primaryimage"},"thumbnailUrl":"https:\/\/lasentinelle.dz\/wp-content\/uploads\/2025\/02\/reunion-RDC.jpeg","datePublished":"2025-02-09T11:50:11+00:00","breadcrumb":{"@id":"https:\/\/lasentinelle.dz\/index.php\/2025\/02\/09\/reunion-durgence-en-tanzanie-sur-la-situation-en-rdc-appel-a-un-cessez-le-feu-immediat\/#breadcrumb"},"inLanguage":"fr-FR","potentialAction":[{"@type":"ReadAction","target":["https:\/\/lasentinelle.dz\/index.php\/2025\/02\/09\/reunion-durgence-en-tanzanie-sur-la-situation-en-rdc-appel-a-un-cessez-le-feu-immediat\/"]}]},{"@type":"ImageObject","inLanguage":"fr-FR","@id":"https:\/\/lasentinelle.dz\/index.php\/2025\/02\/09\/reunion-durgence-en-tanzanie-sur-la-situation-en-rdc-appel-a-un-cessez-le-feu-immediat\/#primaryimage","url":"https:\/\/lasentinelle.dz\/wp-content\/uploads\/2025\/02\/reunion-RDC.jpeg","contentUrl":"https:\/\/lasentinelle.dz\/wp-content\/uploads\/2025\/02\/reunion-RDC.jpeg","width":980,"height":551},{"@type":"BreadcrumbList","@id":"https:\/\/lasentinelle.dz\/index.php\/2025\/02\/09\/reunion-durgence-en-tanzanie-sur-la-situation-en-rdc-appel-a-un-cessez-le-feu-immediat\/#breadcrumb","itemListElement":[{"@type":"ListItem","position":1,"name":"Accueil","item":"https:\/\/lasentinelle.dz\/"},{"@type":"ListItem","position":2,"name":"R\u00e9union d&rsquo;urgence en Tanzanie sur la situation en RDC\u00a0: Appel \u00e0 un cessez-le-feu imm\u00e9diat"}]},{"@type":"WebSite","@id":"https:\/\/lasentinelle.dz\/#website","url":"https:\/\/lasentinelle.dz\/","name":"La Sentinelle","description":"Quotidien national d&#039;information","publisher":{"@id":"https:\/\/lasentinelle.dz\/#organization"},"potentialAction":[{"@type":"SearchAction","target":{"@type":"EntryPoint","urlTemplate":"https:\/\/lasentinelle.dz\/?s={search_term_string}"},"query-input":{"@type":"PropertyValueSpecification","valueRequired":true,"valueName":"search_term_string"}}],"inLanguage":"fr-FR"},{"@type":"Organization","@id":"https:\/\/lasentinelle.dz\/#organization","name":"Quotidien La Sentinelle","url":"https:\/\/lasentinelle.dz\/","logo":{"@type":"ImageObject","inLanguage":"fr-FR","@id":"https:\/\/lasentinelle.dz\/#\/schema\/logo\/image\/","url":"https:\/\/lasentinelle.dz\/wp-content\/uploads\/2021\/09\/logo-sentinelleSLOGAN-1.png","contentUrl":"https:\/\/lasentinelle.dz\/wp-content\/uploads\/2021\/09\/logo-sentinelleSLOGAN-1.png","width":615,"height":142,"caption":"Quotidien La Sentinelle"},"image":{"@id":"https:\/\/lasentinelle.dz\/#\/schema\/logo\/image\/"},"sameAs":["https:\/\/www.facebook.com\/La-Sentinelle-104059864394773"]},{"@type":"Person","@id":"https:\/\/lasentinelle.dz\/#\/schema\/person\/729ee0024f24e0b8c5ec17232f8e8b41","name":"admin","image":{"@type":"ImageObject","inLanguage":"fr-FR","@id":"https:\/\/secure.gravatar.com\/avatar\/4c81fed838786e9b53f540bf46533e750f5d292099ae3b66cfc6fb1982e29df7?s=96&d=mm&r=g","url":"https:\/\/secure.gravatar.com\/avatar\/4c81fed838786e9b53f540bf46533e750f5d292099ae3b66cfc6fb1982e29df7?s=96&d=mm&r=g","contentUrl":"https:\/\/secure.gravatar.com\/avatar\/4c81fed838786e9b53f540bf46533e750f5d292099ae3b66cfc6fb1982e29df7?s=96&d=mm&r=g","caption":"admin"},"description":"admin","url":"https:\/\/lasentinelle.dz\/author\/admin\/"}]}},"_links":{"self":[{"href":"https:\/\/lasentinelle.dz\/index.php\/wp-json\/wp\/v2\/posts\/62687","targetHints":{"allow":["GET"]}}],"collection":[{"href":"https:\/\/lasentinelle.dz\/index.php\/wp-json\/wp\/v2\/posts"}],"about":[{"href":"https:\/\/lasentinelle.dz\/index.php\/wp-json\/wp\/v2\/types\/post"}],"author":[{"embeddable":true,"href":"https:\/\/lasentinelle.dz\/index.php\/wp-json\/wp\/v2\/users\/6"}],"replies":[{"embeddable":true,"href":"https:\/\/lasentinelle.dz\/index.php\/wp-json\/wp\/v2\/comments?post=62687"}],"version-history":[{"count":2,"href":"https:\/\/lasentinelle.dz\/index.php\/wp-json\/wp\/v2\/posts\/62687\/revisions"}],"predecessor-version":[{"id":62690,"href":"https:\/\/lasentinelle.dz\/index.php\/wp-json\/wp\/v2\/posts\/62687\/revisions\/62690"}],"wp:featuredmedia":[{"embeddable":true,"href":"https:\/\/lasentinelle.dz\/index.php\/wp-json\/wp\/v2\/media\/62688"}],"wp:attachment":[{"href":"https:\/\/lasentinelle.dz\/index.php\/wp-json\/wp\/v2\/media?parent=62687"}],"wp:term":[{"taxonomy":"category","embeddable":true,"href":"https:\/\/lasentinelle.dz\/index.php\/wp-json\/wp\/v2\/categories?post=62687"},{"taxonomy":"post_tag","embeddable":true,"href":"https:\/\/lasentinelle.dz\/index.php\/wp-json\/wp\/v2\/tags?post=62687"}],"curies":[{"name":"wp","href":"https:\/\/api.w.org\/{rel}","templated":true}]}}