{"id":62691,"date":"2025-02-09T12:50:49","date_gmt":"2025-02-09T11:50:49","guid":{"rendered":"https:\/\/lasentinelle.dz\/?p=62691"},"modified":"2025-02-09T12:50:50","modified_gmt":"2025-02-09T11:50:50","slug":"loccupation-marocaine-a-expulse-307-militants-des-droits-de-lhomme-et-journalistes","status":"publish","type":"post","link":"https:\/\/lasentinelle.dz\/index.php\/2025\/02\/09\/loccupation-marocaine-a-expulse-307-militants-des-droits-de-lhomme-et-journalistes\/","title":{"rendered":"L&rsquo;occupation marocaine a expuls\u00e9 307 militants des droits de l&rsquo;Homme et journalistes"},"content":{"rendered":"\n<p><strong>Le Makhzen intensifie la r\u00e9pression au Sahara occidental<\/strong><\/p>\n\n\n\n<p>La r\u00e9pression syst\u00e9matique de la libert\u00e9 d&rsquo;expression au Sahara occidental occup\u00e9 s&rsquo;intensifie, comme en t\u00e9moigne l&rsquo;expulsion r\u00e9cente du journaliste espagnol Francisco Carri\u00f3n du quotidien \u00ab\u00a0El Independiente\u00a0\u00bb de la ville occup\u00e9e de Dakhla.&nbsp;<\/p>\n\n\n\n<p>Cet incident s&rsquo;inscrit dans une strat\u00e9gie d\u00e9lib\u00e9r\u00e9e du r\u00e9gime marocain visant \u00e0 imposer un black-out m\u00e9diatique total sur les violations des droits de l&rsquo;Homme dans les territoires sahraouis occup\u00e9s, alors m\u00eame que la cause sahraouie continue de gagner en soutien international, notamment \u00e0 Cuba o\u00f9 plusieurs universit\u00e9s c\u00e9l\u00e8brent actuellement le 49e anniversaire de la proclamation de la R\u00e9publique sahraouie.L&rsquo;Union des journalistes et \u00e9crivains sahraouis (UPES) a \u00ab condamn\u00e9 fermement \u00bb cette nouvelle expulsion, qui n&rsquo;est pas un cas isol\u00e9 mais s&rsquo;inscrit dans une politique syst\u00e9matique de r\u00e9pression de la libert\u00e9 de la presse. Selon les donn\u00e9es disponibles, le Maroc a d\u00e9j\u00e0 expuls\u00e9 pas moins de 307 personnes, comprenant des professionnels des m\u00e9dias, des avocats et des militants des droits de l&rsquo;homme, qui tentaient simplement d&rsquo;enqu\u00eater ou de v\u00e9rifier la situation des droits de l&rsquo;homme dans le territoire occup\u00e9. Cette politique d&rsquo;obstruction s&rsquo;\u00e9tend \u00e9galement aux experts de l&rsquo;ONU et aux observateurs internationaux, syst\u00e9matiquement emp\u00each\u00e9s d&rsquo;acc\u00e9der aux territoires sahraouis occup\u00e9s pour y mener des enqu\u00eates ind\u00e9pendantes sur la situation des droits humains.&nbsp;L&rsquo;UPES souligne que \u00ab le Maroc n&rsquo;autorise que des visites au service de la propagande coloniale au Sahara occidental occup\u00e9, tandis que les villes sahraouies occup\u00e9es sont ferm\u00e9es aux journalistes, militants et observateurs qui traitent la question sahraouie de mani\u00e8re impartiale ou en solidarit\u00e9 avec la juste lutte du peuple sahraoui \u00bb. Cette strat\u00e9gie de contr\u00f4le de l&rsquo;information est particuli\u00e8rement pr\u00e9occupante dans le cas de Francisco Carri\u00f3n, reconnu comme l&rsquo;un des journalistes sp\u00e9cialis\u00e9s dans la question du Sahara Occidental, auteur de nombreux articles et travaux journalistiques sur le dossier et ses d\u00e9veloppements. Son expulsion, ainsi que celle r\u00e9cente des membres de la Coordination des associations d&rsquo;amiti\u00e9 avec le peuple sahraoui (CEAS) et du journaliste Jos\u00e9 Carmona de Dakhla, d\u00e9montre la volont\u00e9 manifeste des autorit\u00e9s&nbsp;d&rsquo;occupation&nbsp;marocaines d&rsquo;\u00e9touffer toute couverture m\u00e9diatique ind\u00e9pendante.&nbsp;La r\u00e9pression s&rsquo;\u00e9tend \u00e9galement aux militants et journalistes locaux qui tentent de couvrir les manifestations appelant \u00e0 un r\u00e9f\u00e9rendum d&rsquo;autod\u00e9termination, nombreux sont ceux qui ont \u00e9t\u00e9 arr\u00eat\u00e9s pour avoir simplement exerc\u00e9 leur droit \u00e0 l&rsquo;information. Cette r\u00e9pression s&rsquo;inscrit dans une campagne plus large visant \u00e0 faire taire toute voix dissidente sur la question du Sahara occidental, incluant l&rsquo;intimidation syst\u00e9matique des journalistes et l&rsquo;expulsion de d\u00e9l\u00e9gations parlementaires et de correspondants \u00e9trangers.<\/p>\n\n\n\n<p>Un soutien international grandissant \u00e0 la cause sahraouie<\/p>\n\n\n\n<p>Pendant ce temps, le soutien international \u00e0 la cause sahraouie continue de se manifester, notamment \u00e0 Cuba o\u00f9 plusieurs universit\u00e9s organisent des \u00e9v\u00e9nements de solidarit\u00e9. L&rsquo;Universit\u00e9 agricole de la province de Mayabeque, l&rsquo;Universit\u00e9 des sciences de l&rsquo;information de La Havane et l&rsquo;Universit\u00e9 \u00ab\u00a0Camilo Cienfuegos\u00a0\u00bb de Matanzas ont r\u00e9cemment accueilli des conf\u00e9rences d&rsquo;information sur la lutte du peuple sahraoui sous la direction du Front Polisario. Ces \u00e9v\u00e9nements, marqu\u00e9s par \u00ab une vague d&rsquo;expressions de solidarit\u00e9 et de soutien \u00e0 la lutte h\u00e9ro\u00efque du peuple sahraoui \u00bb, permettent aux professeurs et \u00e9tudiants de mieux comprendre le parcours de lib\u00e9ration du peuple sahraoui et les diff\u00e9rentes \u00e9tapes de sa lutte pour l&rsquo;autod\u00e9termination.&nbsp;Cette solidarit\u00e9 internationale intervient \u00e0 un moment crucial, alors que les Sahraouis se pr\u00e9parent \u00e0 comm\u00e9morer le 49e anniversaire de la proclamation de leur R\u00e9publique, le 27 f\u00e9vrier 1976. Cette date rappelle les cons\u00e9quences de l&rsquo;inf\u00e2me Accord de Madrid du 14 novembre 1975 et de l&rsquo;invasion marocaine qui s&rsquo;en est suivie, une occupation ill\u00e9gale dont les Sahraouis continuent de subir les cons\u00e9quences aujourd&rsquo;hui. Malgr\u00e9 les ann\u00e9es de combat acharn\u00e9, le peuple sahraoui maintient sa d\u00e9termination \u00e0 lib\u00e9rer l&rsquo;ensemble de ses terres, faisant \u00e9chouer toutes les tentatives d&rsquo;occupation visant \u00e0 l\u00e9gitimer la mainmise marocaine sur les territoires sahraouis, \u00ab malgr\u00e9 toutes les m\u00e9thodes malhonn\u00eates employ\u00e9es, telles que l&rsquo;achat de consciences, la corruption, la manipulation, le chantage et la normalisation avec l&rsquo;entit\u00e9 sioniste \u00bb.&nbsp;Alors que le Maroc tente d&rsquo;imposer un black-out m\u00e9diatique total sur les violations des droits de l&rsquo;Homme dans les territoires occup\u00e9s, la solidarit\u00e9 internationale avec le peuple sahraoui ne cesse de se renforcer, d\u00e9montrant l&rsquo;\u00e9chec de la strat\u00e9gie marocaine visant \u00e0 \u00e9touffer la question sahraouie.<\/p>\n\n\n\n<p>Lyes Sa\u00efdi<\/p>\n","protected":false},"excerpt":{"rendered":"<p>Le Makhzen intensifie la r\u00e9pression au Sahara occidental La r\u00e9pression syst\u00e9matique de la libert\u00e9 d&rsquo;expression au Sahara occidental occup\u00e9 s&rsquo;intensifie,<\/p>\n","protected":false},"author":6,"featured_media":57408,"comment_status":"open","ping_status":"closed","sticky":false,"template":"","format":"standard","meta":{"colormag_page_container_layout":"default_layout","colormag_page_sidebar_layout":"default_layout","om_disable_all_campaigns":false,"_monsterinsights_skip_tracking":false,"_monsterinsights_sitenote_active":false,"_monsterinsights_sitenote_note":"","_monsterinsights_sitenote_category":0,"footnotes":"","_wpscppro_dont_share_socialmedia":false,"_wpscppro_custom_social_share_image":0,"_facebook_share_type":"default","_twitter_share_type":"default","_linkedin_share_type":"default","_pinterest_share_type":"default","_linkedin_share_type_page":"","_instagram_share_type":"default","_medium_share_type":"default","_threads_share_type":"","_google_business_share_type":"","_selected_social_profile":[],"_wpsp_enable_custom_social_template":false,"_wpsp_social_scheduling":{"enabled":false,"datetime":null,"platforms":[],"status":"template_only","dateOption":"today","timeOption":"now","customDays":"","customHours":"","customDate":"","customTime":"","schedulingType":"absolute"},"_wpsp_active_default_template":true},"categories":[37],"tags":[],"class_list":["post-62691","post","type-post","status-publish","format-standard","has-post-thumbnail","hentry","category-monde"],"aioseo_notices":[],"yoast_head":"<!-- This site is optimized with the Yoast SEO plugin v27.5 - https:\/\/yoast.com\/product\/yoast-seo-wordpress\/ -->\n<title>L&rsquo;occupation marocaine a expuls\u00e9 307 militants des droits de l&rsquo;Homme et journalistes - La Sentinelle<\/title>\n<meta name=\"robots\" content=\"index, follow, max-snippet:-1, max-image-preview:large, max-video-preview:-1\" \/>\n<link rel=\"canonical\" href=\"https:\/\/lasentinelle.dz\/index.php\/2025\/02\/09\/loccupation-marocaine-a-expulse-307-militants-des-droits-de-lhomme-et-journalistes\/\" \/>\n<meta property=\"og:locale\" content=\"fr_FR\" \/>\n<meta property=\"og:type\" content=\"article\" \/>\n<meta property=\"og:title\" content=\"L&rsquo;occupation marocaine a expuls\u00e9 307 militants des droits de l&rsquo;Homme et journalistes - La Sentinelle\" \/>\n<meta property=\"og:description\" content=\"Le Makhzen intensifie la r\u00e9pression au Sahara occidental La r\u00e9pression syst\u00e9matique de la libert\u00e9 d&rsquo;expression au Sahara occidental occup\u00e9 s&rsquo;intensifie,\" \/>\n<meta property=\"og:url\" content=\"https:\/\/lasentinelle.dz\/index.php\/2025\/02\/09\/loccupation-marocaine-a-expulse-307-militants-des-droits-de-lhomme-et-journalistes\/\" \/>\n<meta property=\"og:site_name\" content=\"La Sentinelle\" \/>\n<meta property=\"article:publisher\" content=\"https:\/\/www.facebook.com\/La-Sentinelle-104059864394773\" \/>\n<meta property=\"article:published_time\" content=\"2025-02-09T11:50:49+00:00\" \/>\n<meta property=\"article:modified_time\" content=\"2025-02-09T11:50:50+00:00\" \/>\n<meta property=\"og:image\" content=\"https:\/\/lasentinelle.dz\/wp-content\/uploads\/2024\/09\/sahara-occidental.jpg\" \/>\n\t<meta property=\"og:image:width\" content=\"580\" \/>\n\t<meta property=\"og:image:height\" content=\"350\" \/>\n\t<meta property=\"og:image:type\" content=\"image\/jpeg\" \/>\n<meta name=\"author\" content=\"admin\" \/>\n<meta name=\"twitter:card\" content=\"summary_large_image\" \/>\n<meta name=\"twitter:label1\" content=\"\u00c9crit par\" \/>\n\t<meta name=\"twitter:data1\" content=\"admin\" \/>\n\t<meta name=\"twitter:label2\" content=\"Dur\u00e9e de lecture estim\u00e9e\" \/>\n\t<meta name=\"twitter:data2\" content=\"4 minutes\" \/>\n<script type=\"application\/ld+json\" class=\"yoast-schema-graph\">{\"@context\":\"https:\\\/\\\/schema.org\",\"@graph\":[{\"@type\":\"Article\",\"@id\":\"https:\\\/\\\/lasentinelle.dz\\\/index.php\\\/2025\\\/02\\\/09\\\/loccupation-marocaine-a-expulse-307-militants-des-droits-de-lhomme-et-journalistes\\\/#article\",\"isPartOf\":{\"@id\":\"https:\\\/\\\/lasentinelle.dz\\\/index.php\\\/2025\\\/02\\\/09\\\/loccupation-marocaine-a-expulse-307-militants-des-droits-de-lhomme-et-journalistes\\\/\"},\"author\":{\"name\":\"admin\",\"@id\":\"https:\\\/\\\/lasentinelle.dz\\\/#\\\/schema\\\/person\\\/729ee0024f24e0b8c5ec17232f8e8b41\"},\"headline\":\"L&rsquo;occupation marocaine a expuls\u00e9 307 militants des droits de l&rsquo;Homme et journalistes\",\"datePublished\":\"2025-02-09T11:50:49+00:00\",\"dateModified\":\"2025-02-09T11:50:50+00:00\",\"mainEntityOfPage\":{\"@id\":\"https:\\\/\\\/lasentinelle.dz\\\/index.php\\\/2025\\\/02\\\/09\\\/loccupation-marocaine-a-expulse-307-militants-des-droits-de-lhomme-et-journalistes\\\/\"},\"wordCount\":829,\"commentCount\":0,\"publisher\":{\"@id\":\"https:\\\/\\\/lasentinelle.dz\\\/#organization\"},\"image\":{\"@id\":\"https:\\\/\\\/lasentinelle.dz\\\/index.php\\\/2025\\\/02\\\/09\\\/loccupation-marocaine-a-expulse-307-militants-des-droits-de-lhomme-et-journalistes\\\/#primaryimage\"},\"thumbnailUrl\":\"https:\\\/\\\/lasentinelle.dz\\\/wp-content\\\/uploads\\\/2024\\\/09\\\/sahara-occidental.jpg\",\"articleSection\":[\"Monde\"],\"inLanguage\":\"fr-FR\",\"potentialAction\":[{\"@type\":\"CommentAction\",\"name\":\"Comment\",\"target\":[\"https:\\\/\\\/lasentinelle.dz\\\/index.php\\\/2025\\\/02\\\/09\\\/loccupation-marocaine-a-expulse-307-militants-des-droits-de-lhomme-et-journalistes\\\/#respond\"]}]},{\"@type\":\"WebPage\",\"@id\":\"https:\\\/\\\/lasentinelle.dz\\\/index.php\\\/2025\\\/02\\\/09\\\/loccupation-marocaine-a-expulse-307-militants-des-droits-de-lhomme-et-journalistes\\\/\",\"url\":\"https:\\\/\\\/lasentinelle.dz\\\/index.php\\\/2025\\\/02\\\/09\\\/loccupation-marocaine-a-expulse-307-militants-des-droits-de-lhomme-et-journalistes\\\/\",\"name\":\"L&rsquo;occupation marocaine a expuls\u00e9 307 militants des droits de l&rsquo;Homme et journalistes - La Sentinelle\",\"isPartOf\":{\"@id\":\"https:\\\/\\\/lasentinelle.dz\\\/#website\"},\"primaryImageOfPage\":{\"@id\":\"https:\\\/\\\/lasentinelle.dz\\\/index.php\\\/2025\\\/02\\\/09\\\/loccupation-marocaine-a-expulse-307-militants-des-droits-de-lhomme-et-journalistes\\\/#primaryimage\"},\"image\":{\"@id\":\"https:\\\/\\\/lasentinelle.dz\\\/index.php\\\/2025\\\/02\\\/09\\\/loccupation-marocaine-a-expulse-307-militants-des-droits-de-lhomme-et-journalistes\\\/#primaryimage\"},\"thumbnailUrl\":\"https:\\\/\\\/lasentinelle.dz\\\/wp-content\\\/uploads\\\/2024\\\/09\\\/sahara-occidental.jpg\",\"datePublished\":\"2025-02-09T11:50:49+00:00\",\"dateModified\":\"2025-02-09T11:50:50+00:00\",\"breadcrumb\":{\"@id\":\"https:\\\/\\\/lasentinelle.dz\\\/index.php\\\/2025\\\/02\\\/09\\\/loccupation-marocaine-a-expulse-307-militants-des-droits-de-lhomme-et-journalistes\\\/#breadcrumb\"},\"inLanguage\":\"fr-FR\",\"potentialAction\":[{\"@type\":\"ReadAction\",\"target\":[\"https:\\\/\\\/lasentinelle.dz\\\/index.php\\\/2025\\\/02\\\/09\\\/loccupation-marocaine-a-expulse-307-militants-des-droits-de-lhomme-et-journalistes\\\/\"]}]},{\"@type\":\"ImageObject\",\"inLanguage\":\"fr-FR\",\"@id\":\"https:\\\/\\\/lasentinelle.dz\\\/index.php\\\/2025\\\/02\\\/09\\\/loccupation-marocaine-a-expulse-307-militants-des-droits-de-lhomme-et-journalistes\\\/#primaryimage\",\"url\":\"https:\\\/\\\/lasentinelle.dz\\\/wp-content\\\/uploads\\\/2024\\\/09\\\/sahara-occidental.jpg\",\"contentUrl\":\"https:\\\/\\\/lasentinelle.dz\\\/wp-content\\\/uploads\\\/2024\\\/09\\\/sahara-occidental.jpg\",\"width\":580,\"height\":350},{\"@type\":\"BreadcrumbList\",\"@id\":\"https:\\\/\\\/lasentinelle.dz\\\/index.php\\\/2025\\\/02\\\/09\\\/loccupation-marocaine-a-expulse-307-militants-des-droits-de-lhomme-et-journalistes\\\/#breadcrumb\",\"itemListElement\":[{\"@type\":\"ListItem\",\"position\":1,\"name\":\"Accueil\",\"item\":\"https:\\\/\\\/lasentinelle.dz\\\/\"},{\"@type\":\"ListItem\",\"position\":2,\"name\":\"L&rsquo;occupation marocaine a expuls\u00e9 307 militants des droits de l&rsquo;Homme et journalistes\"}]},{\"@type\":\"WebSite\",\"@id\":\"https:\\\/\\\/lasentinelle.dz\\\/#website\",\"url\":\"https:\\\/\\\/lasentinelle.dz\\\/\",\"name\":\"La Sentinelle\",\"description\":\"Quotidien national d&#039;information\",\"publisher\":{\"@id\":\"https:\\\/\\\/lasentinelle.dz\\\/#organization\"},\"potentialAction\":[{\"@type\":\"SearchAction\",\"target\":{\"@type\":\"EntryPoint\",\"urlTemplate\":\"https:\\\/\\\/lasentinelle.dz\\\/?s={search_term_string}\"},\"query-input\":{\"@type\":\"PropertyValueSpecification\",\"valueRequired\":true,\"valueName\":\"search_term_string\"}}],\"inLanguage\":\"fr-FR\"},{\"@type\":\"Organization\",\"@id\":\"https:\\\/\\\/lasentinelle.dz\\\/#organization\",\"name\":\"Quotidien La Sentinelle\",\"url\":\"https:\\\/\\\/lasentinelle.dz\\\/\",\"logo\":{\"@type\":\"ImageObject\",\"inLanguage\":\"fr-FR\",\"@id\":\"https:\\\/\\\/lasentinelle.dz\\\/#\\\/schema\\\/logo\\\/image\\\/\",\"url\":\"https:\\\/\\\/lasentinelle.dz\\\/wp-content\\\/uploads\\\/2021\\\/09\\\/logo-sentinelleSLOGAN-1.png\",\"contentUrl\":\"https:\\\/\\\/lasentinelle.dz\\\/wp-content\\\/uploads\\\/2021\\\/09\\\/logo-sentinelleSLOGAN-1.png\",\"width\":615,\"height\":142,\"caption\":\"Quotidien La Sentinelle\"},\"image\":{\"@id\":\"https:\\\/\\\/lasentinelle.dz\\\/#\\\/schema\\\/logo\\\/image\\\/\"},\"sameAs\":[\"https:\\\/\\\/www.facebook.com\\\/La-Sentinelle-104059864394773\"]},{\"@type\":\"Person\",\"@id\":\"https:\\\/\\\/lasentinelle.dz\\\/#\\\/schema\\\/person\\\/729ee0024f24e0b8c5ec17232f8e8b41\",\"name\":\"admin\",\"image\":{\"@type\":\"ImageObject\",\"inLanguage\":\"fr-FR\",\"@id\":\"https:\\\/\\\/secure.gravatar.com\\\/avatar\\\/4c81fed838786e9b53f540bf46533e750f5d292099ae3b66cfc6fb1982e29df7?s=96&d=mm&r=g\",\"url\":\"https:\\\/\\\/secure.gravatar.com\\\/avatar\\\/4c81fed838786e9b53f540bf46533e750f5d292099ae3b66cfc6fb1982e29df7?s=96&d=mm&r=g\",\"contentUrl\":\"https:\\\/\\\/secure.gravatar.com\\\/avatar\\\/4c81fed838786e9b53f540bf46533e750f5d292099ae3b66cfc6fb1982e29df7?s=96&d=mm&r=g\",\"caption\":\"admin\"},\"description\":\"admin\",\"url\":\"https:\\\/\\\/lasentinelle.dz\\\/author\\\/admin\\\/\"}]}<\/script>\n<!-- \/ Yoast SEO plugin. -->","yoast_head_json":{"title":"L&rsquo;occupation marocaine a expuls\u00e9 307 militants des droits de l&rsquo;Homme et journalistes - La Sentinelle","robots":{"index":"index","follow":"follow","max-snippet":"max-snippet:-1","max-image-preview":"max-image-preview:large","max-video-preview":"max-video-preview:-1"},"canonical":"https:\/\/lasentinelle.dz\/index.php\/2025\/02\/09\/loccupation-marocaine-a-expulse-307-militants-des-droits-de-lhomme-et-journalistes\/","og_locale":"fr_FR","og_type":"article","og_title":"L&rsquo;occupation marocaine a expuls\u00e9 307 militants des droits de l&rsquo;Homme et journalistes - La Sentinelle","og_description":"Le Makhzen intensifie la r\u00e9pression au Sahara occidental La r\u00e9pression syst\u00e9matique de la libert\u00e9 d&rsquo;expression au Sahara occidental occup\u00e9 s&rsquo;intensifie,","og_url":"https:\/\/lasentinelle.dz\/index.php\/2025\/02\/09\/loccupation-marocaine-a-expulse-307-militants-des-droits-de-lhomme-et-journalistes\/","og_site_name":"La Sentinelle","article_publisher":"https:\/\/www.facebook.com\/La-Sentinelle-104059864394773","article_published_time":"2025-02-09T11:50:49+00:00","article_modified_time":"2025-02-09T11:50:50+00:00","og_image":[{"width":580,"height":350,"url":"https:\/\/lasentinelle.dz\/wp-content\/uploads\/2024\/09\/sahara-occidental.jpg","type":"image\/jpeg"}],"author":"admin","twitter_card":"summary_large_image","twitter_misc":{"\u00c9crit par":"admin","Dur\u00e9e de lecture estim\u00e9e":"4 minutes"},"schema":{"@context":"https:\/\/schema.org","@graph":[{"@type":"Article","@id":"https:\/\/lasentinelle.dz\/index.php\/2025\/02\/09\/loccupation-marocaine-a-expulse-307-militants-des-droits-de-lhomme-et-journalistes\/#article","isPartOf":{"@id":"https:\/\/lasentinelle.dz\/index.php\/2025\/02\/09\/loccupation-marocaine-a-expulse-307-militants-des-droits-de-lhomme-et-journalistes\/"},"author":{"name":"admin","@id":"https:\/\/lasentinelle.dz\/#\/schema\/person\/729ee0024f24e0b8c5ec17232f8e8b41"},"headline":"L&rsquo;occupation marocaine a expuls\u00e9 307 militants des droits de l&rsquo;Homme et journalistes","datePublished":"2025-02-09T11:50:49+00:00","dateModified":"2025-02-09T11:50:50+00:00","mainEntityOfPage":{"@id":"https:\/\/lasentinelle.dz\/index.php\/2025\/02\/09\/loccupation-marocaine-a-expulse-307-militants-des-droits-de-lhomme-et-journalistes\/"},"wordCount":829,"commentCount":0,"publisher":{"@id":"https:\/\/lasentinelle.dz\/#organization"},"image":{"@id":"https:\/\/lasentinelle.dz\/index.php\/2025\/02\/09\/loccupation-marocaine-a-expulse-307-militants-des-droits-de-lhomme-et-journalistes\/#primaryimage"},"thumbnailUrl":"https:\/\/lasentinelle.dz\/wp-content\/uploads\/2024\/09\/sahara-occidental.jpg","articleSection":["Monde"],"inLanguage":"fr-FR","potentialAction":[{"@type":"CommentAction","name":"Comment","target":["https:\/\/lasentinelle.dz\/index.php\/2025\/02\/09\/loccupation-marocaine-a-expulse-307-militants-des-droits-de-lhomme-et-journalistes\/#respond"]}]},{"@type":"WebPage","@id":"https:\/\/lasentinelle.dz\/index.php\/2025\/02\/09\/loccupation-marocaine-a-expulse-307-militants-des-droits-de-lhomme-et-journalistes\/","url":"https:\/\/lasentinelle.dz\/index.php\/2025\/02\/09\/loccupation-marocaine-a-expulse-307-militants-des-droits-de-lhomme-et-journalistes\/","name":"L&rsquo;occupation marocaine a expuls\u00e9 307 militants des droits de l&rsquo;Homme et journalistes - La Sentinelle","isPartOf":{"@id":"https:\/\/lasentinelle.dz\/#website"},"primaryImageOfPage":{"@id":"https:\/\/lasentinelle.dz\/index.php\/2025\/02\/09\/loccupation-marocaine-a-expulse-307-militants-des-droits-de-lhomme-et-journalistes\/#primaryimage"},"image":{"@id":"https:\/\/lasentinelle.dz\/index.php\/2025\/02\/09\/loccupation-marocaine-a-expulse-307-militants-des-droits-de-lhomme-et-journalistes\/#primaryimage"},"thumbnailUrl":"https:\/\/lasentinelle.dz\/wp-content\/uploads\/2024\/09\/sahara-occidental.jpg","datePublished":"2025-02-09T11:50:49+00:00","dateModified":"2025-02-09T11:50:50+00:00","breadcrumb":{"@id":"https:\/\/lasentinelle.dz\/index.php\/2025\/02\/09\/loccupation-marocaine-a-expulse-307-militants-des-droits-de-lhomme-et-journalistes\/#breadcrumb"},"inLanguage":"fr-FR","potentialAction":[{"@type":"ReadAction","target":["https:\/\/lasentinelle.dz\/index.php\/2025\/02\/09\/loccupation-marocaine-a-expulse-307-militants-des-droits-de-lhomme-et-journalistes\/"]}]},{"@type":"ImageObject","inLanguage":"fr-FR","@id":"https:\/\/lasentinelle.dz\/index.php\/2025\/02\/09\/loccupation-marocaine-a-expulse-307-militants-des-droits-de-lhomme-et-journalistes\/#primaryimage","url":"https:\/\/lasentinelle.dz\/wp-content\/uploads\/2024\/09\/sahara-occidental.jpg","contentUrl":"https:\/\/lasentinelle.dz\/wp-content\/uploads\/2024\/09\/sahara-occidental.jpg","width":580,"height":350},{"@type":"BreadcrumbList","@id":"https:\/\/lasentinelle.dz\/index.php\/2025\/02\/09\/loccupation-marocaine-a-expulse-307-militants-des-droits-de-lhomme-et-journalistes\/#breadcrumb","itemListElement":[{"@type":"ListItem","position":1,"name":"Accueil","item":"https:\/\/lasentinelle.dz\/"},{"@type":"ListItem","position":2,"name":"L&rsquo;occupation marocaine a expuls\u00e9 307 militants des droits de l&rsquo;Homme et journalistes"}]},{"@type":"WebSite","@id":"https:\/\/lasentinelle.dz\/#website","url":"https:\/\/lasentinelle.dz\/","name":"La Sentinelle","description":"Quotidien national d&#039;information","publisher":{"@id":"https:\/\/lasentinelle.dz\/#organization"},"potentialAction":[{"@type":"SearchAction","target":{"@type":"EntryPoint","urlTemplate":"https:\/\/lasentinelle.dz\/?s={search_term_string}"},"query-input":{"@type":"PropertyValueSpecification","valueRequired":true,"valueName":"search_term_string"}}],"inLanguage":"fr-FR"},{"@type":"Organization","@id":"https:\/\/lasentinelle.dz\/#organization","name":"Quotidien La Sentinelle","url":"https:\/\/lasentinelle.dz\/","logo":{"@type":"ImageObject","inLanguage":"fr-FR","@id":"https:\/\/lasentinelle.dz\/#\/schema\/logo\/image\/","url":"https:\/\/lasentinelle.dz\/wp-content\/uploads\/2021\/09\/logo-sentinelleSLOGAN-1.png","contentUrl":"https:\/\/lasentinelle.dz\/wp-content\/uploads\/2021\/09\/logo-sentinelleSLOGAN-1.png","width":615,"height":142,"caption":"Quotidien La Sentinelle"},"image":{"@id":"https:\/\/lasentinelle.dz\/#\/schema\/logo\/image\/"},"sameAs":["https:\/\/www.facebook.com\/La-Sentinelle-104059864394773"]},{"@type":"Person","@id":"https:\/\/lasentinelle.dz\/#\/schema\/person\/729ee0024f24e0b8c5ec17232f8e8b41","name":"admin","image":{"@type":"ImageObject","inLanguage":"fr-FR","@id":"https:\/\/secure.gravatar.com\/avatar\/4c81fed838786e9b53f540bf46533e750f5d292099ae3b66cfc6fb1982e29df7?s=96&d=mm&r=g","url":"https:\/\/secure.gravatar.com\/avatar\/4c81fed838786e9b53f540bf46533e750f5d292099ae3b66cfc6fb1982e29df7?s=96&d=mm&r=g","contentUrl":"https:\/\/secure.gravatar.com\/avatar\/4c81fed838786e9b53f540bf46533e750f5d292099ae3b66cfc6fb1982e29df7?s=96&d=mm&r=g","caption":"admin"},"description":"admin","url":"https:\/\/lasentinelle.dz\/author\/admin\/"}]}},"_links":{"self":[{"href":"https:\/\/lasentinelle.dz\/index.php\/wp-json\/wp\/v2\/posts\/62691","targetHints":{"allow":["GET"]}}],"collection":[{"href":"https:\/\/lasentinelle.dz\/index.php\/wp-json\/wp\/v2\/posts"}],"about":[{"href":"https:\/\/lasentinelle.dz\/index.php\/wp-json\/wp\/v2\/types\/post"}],"author":[{"embeddable":true,"href":"https:\/\/lasentinelle.dz\/index.php\/wp-json\/wp\/v2\/users\/6"}],"replies":[{"embeddable":true,"href":"https:\/\/lasentinelle.dz\/index.php\/wp-json\/wp\/v2\/comments?post=62691"}],"version-history":[{"count":2,"href":"https:\/\/lasentinelle.dz\/index.php\/wp-json\/wp\/v2\/posts\/62691\/revisions"}],"predecessor-version":[{"id":62693,"href":"https:\/\/lasentinelle.dz\/index.php\/wp-json\/wp\/v2\/posts\/62691\/revisions\/62693"}],"wp:featuredmedia":[{"embeddable":true,"href":"https:\/\/lasentinelle.dz\/index.php\/wp-json\/wp\/v2\/media\/57408"}],"wp:attachment":[{"href":"https:\/\/lasentinelle.dz\/index.php\/wp-json\/wp\/v2\/media?parent=62691"}],"wp:term":[{"taxonomy":"category","embeddable":true,"href":"https:\/\/lasentinelle.dz\/index.php\/wp-json\/wp\/v2\/categories?post=62691"},{"taxonomy":"post_tag","embeddable":true,"href":"https:\/\/lasentinelle.dz\/index.php\/wp-json\/wp\/v2\/tags?post=62691"}],"curies":[{"name":"wp","href":"https:\/\/api.w.org\/{rel}","templated":true}]}}