{"id":6270,"date":"2021-09-02T00:05:00","date_gmt":"2021-09-01T23:05:00","guid":{"rendered":"https:\/\/lasentinelle.dz\/?p=6270"},"modified":"2021-09-01T23:07:35","modified_gmt":"2021-09-01T22:07:35","slug":"fln-la-contestation-reprend","status":"publish","type":"post","link":"https:\/\/lasentinelle.dz\/index.php\/2021\/09\/02\/fln-la-contestation-reprend\/","title":{"rendered":"FLN : La contestation reprend"},"content":{"rendered":"\n<p>Le mouvement de contestation qui secoue le FLN depuis le mois de mars dernier ne semble pas s\u2019estomper. Il retrouve m\u00eame de la vigueur ces derniers jours, anim\u00e9 par l\u2019attitude du SG de l\u2019ex-parti unique qui s\u2019est lanc\u00e9 dans le processus de confection des listes \u00e9lectorales sur injonction en pr\u00e9vision des prochaines \u00e9ch\u00e9ances, en sus de la volont\u00e9 qu\u2019il manifeste \u00e0 \u00e9carter et museler toutes les voix dissonantes au sein du parti.<\/p>\n\n\n\n<p>L\u2019offensive de la dissidence qui r\u00e9clame la tenue du 11<sup>e<\/sup> congr\u00e8s qui devra \u00e9lire une nouvelle direction du parti reprend de plus belle. Bien que la revendication soit l\u00e9gitime, Abou Al-FadhlBa\u00e2djipersiste et signe. Il a, en ce sens, convoqu\u00e9 plusieurs cadres influents et membres influents du parti en Conseil de discipline. Ce qui ne fait qu\u2019alimenter la protesta au FLN. Mais cela ne semble pas pr\u00e9occuper plus que cela le staff de Ba\u00e2dji qui se pr\u00e9occupe des pr\u00e9paratifs pour les prochaines \u00e9lections locales. C\u2019est d\u2019ailleurs ce que laisse entendre Saadi Djeroud, membre de l\u2019instance nationale de cette formation politique et premier responsable de la Mouhafadha de la Soummam, qui annonce le lancement, depuis le 25 ao\u00fbt dernier, d\u2019un cycle de rencontres entre Abou Fadhl B\u00e2adji avec l\u2019ensemble des 120 responsables des instances de wilaya que compte le FLN \u00e0 l\u2019\u00e9chelle nationale et ce, avec deux points \u00e0 l\u2019ordre du jour, la situation organique dans chaque wilaya et les pr\u00e9paratifs des prochaines \u00e9lections l\u00e9gislatives. D\u2019autant, ajoute-il que les structures locales du FLN restent en dehors de ce mouvement. Il explique d\u2019ailleurs qu\u2019en sa qualit\u00e9 de premier responsable de la Mouhafadha de la Soummam, il n\u2019a jamais \u00e9t\u00e9 contact\u00e9 pour \u00eatre consult\u00e9 sur cette question.<\/p>\n\n\n\n<p>Mais cela n\u2019enl\u00e8ve rien \u00e0 la l\u00e9gitimit\u00e9 de la revendication de la dissidence pour la tenue du 11<sup>e<\/sup> congr\u00e8s, d\u2019autant que le parti se trouve en porte-\u00e0-faux avec ses statuts. C\u2019est ce que rappelle d\u2019ailleurs, Djamel Benhamouda, candidat malheureux au poste de SG du FLN et qui avait \u00e9t\u00e9 \u00e9vinc\u00e9, gr\u00e2ce \u00e0 une entourloupe, au profit d\u2019Abou Al FadhlBa\u00e2dji lors de la r\u00e9union du Comit\u00e9 central du parti en mai 2021.<\/p>\n\n\n\n<p>C\u2019est dans ce sens que Benhamouda a rappel\u00e9 de quelle mani\u00e8re des dirigeants du FLN ont \u00e9t\u00e9 impos\u00e9s ces derni\u00e8res ann\u00e9es. Ainsi et apr\u00e8s les \u00abd\u00e9missions successives de Djamel Ould Abbas et MouadBouchareb, des forces avaient impos\u00e9 Mohamed Djemai, qui une fois en prison,a \u00e9t\u00e9 remplac\u00e9 par Abou Fadhl B\u00e2adji, impos\u00e9s par les m\u00eames forces externes au parti \u00bb, ass\u00e8ne Djamel Ben Hamouda, qui rappelle qu\u2019au moment fort du \u00ab Hirak \u00bb des militants (FLN) avaient tent\u00e9 de redorer le blason du parti en r\u00e9habilitant les militants et cadres patriotes marginalis\u00e9s durant le r\u00e8gne de Bouteflika.<\/p>\n\n\n\n<p>Notre interlocuteur, nous expliquera que si l\u2019on se conforme \u00e0 ses statuts, le FLN actuel est dans une position d\u2019ill\u00e9galit\u00e9, pr\u00e9cisant que les statuts, impose la tenue d\u2019un congr\u00e8s chaque cinq ann\u00e9es avec une prolongation de seulement six mois \u00e0 la date d\u2019expiration des d\u00e9lais impartis.Or, dit-il \u00ab le 10e congr\u00e8s a eu lieu en 2015 et le 11e devait se tenir, avec cette prorogation des six mois accord\u00e9s par la loi, en novembre 2020 \u00bb, ce qui placeainsi donc, le FLN dans cette situation d\u2019ill\u00e9galit\u00e9 vis-\u00e0-vis, \u00e0 la fois, des statuts de cette formation politique mais aussi vis-\u00e0-vis de la loi sur les partis politiques.<\/p>\n\n\n\n<p>Aussi, Djamel Ben Hamouda d\u00e9plore l\u2019attitude de l\u2019actuel secr\u00e9taire g\u00e9n\u00e9ral lui reprochant son\u00ab comportement antid\u00e9mocratique \u00bb.\u00ab Quand on pr\u00e9tend d\u00e9fendre les valeurs d\u00e9mocratiques, il faudra d\u2019abord se les appliquer \u00e0 soi m\u00eame et les accepter au sein du parti auquel vous appartenez \u00bb, mart\u00e8le notre interlocuteur.Concernant les chances de voir se tenir ce 11e congr\u00e8s qui mettra le FLN en conformit\u00e9 avec les lois de la R\u00e9publique, Djamel Ben Hamouda se dit \u00ab optimiste \u00bb, mettant en avant \u00ab la d\u00e9termination des militants et cadres pour que ces assises aient lieu et \u00e0 l\u2019issue desquelles sera \u00e9lu un secr\u00e9taire g\u00e9n\u00e9ral r\u00e9ellement issu du FLN et convaincu des principes du parti h\u00e9rit\u00e9 du FLN r\u00e9volutionnaire \u00bb, pr\u00e9cisant sur son passage, qu\u2019en sa qualit\u00e9 de militant,ce mouvement de contestation qui a d\u00e9but\u00e9 en mars dernier, a toujours \u00e9t\u00e9 ouvert \u00e0 tous les militants et cadres de cette formation politique qui sont convaincus de \u00ab la justesse de nos revendications \u00bb.<\/p>\n\n\n\n<p><strong>Boubekeur Amrani<\/strong><\/p>\n","protected":false},"excerpt":{"rendered":"<p>Le mouvement de contestation qui secoue le FLN depuis le mois de mars dernier ne semble pas s\u2019estomper. Il retrouve<\/p>\n","protected":false},"author":3,"featured_media":6279,"comment_status":"open","ping_status":"closed","sticky":false,"template":"","format":"standard","meta":{"colormag_page_container_layout":"default_layout","colormag_page_sidebar_layout":"default_layout","om_disable_all_campaigns":false,"_monsterinsights_skip_tracking":false,"_monsterinsights_sitenote_active":false,"_monsterinsights_sitenote_note":"","_monsterinsights_sitenote_category":0,"footnotes":"","_wpscppro_dont_share_socialmedia":false,"_wpscppro_custom_social_share_image":0,"_facebook_share_type":"","_twitter_share_type":"","_linkedin_share_type":"","_pinterest_share_type":"","_linkedin_share_type_page":"","_instagram_share_type":"","_medium_share_type":"","_threads_share_type":"","_google_business_share_type":"","_selected_social_profile":[],"_wpsp_enable_custom_social_template":false,"_wpsp_social_scheduling":{"enabled":false,"datetime":null,"platforms":[],"status":"template_only","dateOption":"today","timeOption":"now","customDays":"","customHours":"","customDate":"","customTime":"","schedulingType":"absolute"},"_wpsp_active_default_template":true},"categories":[52,27],"tags":[],"class_list":["post-6270","post","type-post","status-publish","format-standard","has-post-thumbnail","hentry","category-a-la-une","category-actualite"],"aioseo_notices":[],"yoast_head":"<!-- This site is optimized with the Yoast SEO plugin v27.5 - https:\/\/yoast.com\/product\/yoast-seo-wordpress\/ -->\n<title>FLN : La contestation reprend - La Sentinelle<\/title>\n<meta name=\"robots\" content=\"index, follow, max-snippet:-1, max-image-preview:large, max-video-preview:-1\" \/>\n<link rel=\"canonical\" href=\"https:\/\/lasentinelle.dz\/index.php\/2021\/09\/02\/fln-la-contestation-reprend\/\" \/>\n<meta property=\"og:locale\" content=\"fr_FR\" \/>\n<meta property=\"og:type\" content=\"article\" \/>\n<meta property=\"og:title\" content=\"FLN : La contestation reprend - La Sentinelle\" \/>\n<meta property=\"og:description\" content=\"Le mouvement de contestation qui secoue le FLN depuis le mois de mars dernier ne semble pas s\u2019estomper. Il retrouve\" \/>\n<meta property=\"og:url\" content=\"https:\/\/lasentinelle.dz\/index.php\/2021\/09\/02\/fln-la-contestation-reprend\/\" \/>\n<meta property=\"og:site_name\" content=\"La Sentinelle\" \/>\n<meta property=\"article:publisher\" content=\"https:\/\/www.facebook.com\/La-Sentinelle-104059864394773\" \/>\n<meta property=\"article:published_time\" content=\"2021-09-01T23:05:00+00:00\" \/>\n<meta property=\"og:image\" content=\"https:\/\/lasentinelle.dz\/wp-content\/uploads\/2021\/09\/image_2021-09-01_182653.png\" \/>\n\t<meta property=\"og:image:width\" content=\"850\" \/>\n\t<meta property=\"og:image:height\" content=\"480\" \/>\n\t<meta property=\"og:image:type\" content=\"image\/png\" \/>\n<meta name=\"author\" content=\"La Sentinelle\" \/>\n<meta name=\"twitter:card\" content=\"summary_large_image\" \/>\n<meta name=\"twitter:label1\" content=\"\u00c9crit par\" \/>\n\t<meta name=\"twitter:data1\" content=\"La Sentinelle\" \/>\n\t<meta name=\"twitter:label2\" content=\"Dur\u00e9e de lecture estim\u00e9e\" \/>\n\t<meta name=\"twitter:data2\" content=\"4 minutes\" \/>\n<script type=\"application\/ld+json\" class=\"yoast-schema-graph\">{\"@context\":\"https:\\\/\\\/schema.org\",\"@graph\":[{\"@type\":\"Article\",\"@id\":\"https:\\\/\\\/lasentinelle.dz\\\/index.php\\\/2021\\\/09\\\/02\\\/fln-la-contestation-reprend\\\/#article\",\"isPartOf\":{\"@id\":\"https:\\\/\\\/lasentinelle.dz\\\/index.php\\\/2021\\\/09\\\/02\\\/fln-la-contestation-reprend\\\/\"},\"author\":{\"name\":\"La Sentinelle\",\"@id\":\"https:\\\/\\\/lasentinelle.dz\\\/#\\\/schema\\\/person\\\/d865044e22e70a75174ce8bcad3acfb3\"},\"headline\":\"FLN : La contestation reprend\",\"datePublished\":\"2021-09-01T23:05:00+00:00\",\"mainEntityOfPage\":{\"@id\":\"https:\\\/\\\/lasentinelle.dz\\\/index.php\\\/2021\\\/09\\\/02\\\/fln-la-contestation-reprend\\\/\"},\"wordCount\":788,\"commentCount\":0,\"publisher\":{\"@id\":\"https:\\\/\\\/lasentinelle.dz\\\/#organization\"},\"image\":{\"@id\":\"https:\\\/\\\/lasentinelle.dz\\\/index.php\\\/2021\\\/09\\\/02\\\/fln-la-contestation-reprend\\\/#primaryimage\"},\"thumbnailUrl\":\"https:\\\/\\\/lasentinelle.dz\\\/wp-content\\\/uploads\\\/2021\\\/09\\\/image_2021-09-01_182653.png\",\"articleSection\":[\"\u00c0 la Une\",\"Actualit\u00e9\"],\"inLanguage\":\"fr-FR\",\"potentialAction\":[{\"@type\":\"CommentAction\",\"name\":\"Comment\",\"target\":[\"https:\\\/\\\/lasentinelle.dz\\\/index.php\\\/2021\\\/09\\\/02\\\/fln-la-contestation-reprend\\\/#respond\"]}]},{\"@type\":\"WebPage\",\"@id\":\"https:\\\/\\\/lasentinelle.dz\\\/index.php\\\/2021\\\/09\\\/02\\\/fln-la-contestation-reprend\\\/\",\"url\":\"https:\\\/\\\/lasentinelle.dz\\\/index.php\\\/2021\\\/09\\\/02\\\/fln-la-contestation-reprend\\\/\",\"name\":\"FLN : La contestation reprend - La Sentinelle\",\"isPartOf\":{\"@id\":\"https:\\\/\\\/lasentinelle.dz\\\/#website\"},\"primaryImageOfPage\":{\"@id\":\"https:\\\/\\\/lasentinelle.dz\\\/index.php\\\/2021\\\/09\\\/02\\\/fln-la-contestation-reprend\\\/#primaryimage\"},\"image\":{\"@id\":\"https:\\\/\\\/lasentinelle.dz\\\/index.php\\\/2021\\\/09\\\/02\\\/fln-la-contestation-reprend\\\/#primaryimage\"},\"thumbnailUrl\":\"https:\\\/\\\/lasentinelle.dz\\\/wp-content\\\/uploads\\\/2021\\\/09\\\/image_2021-09-01_182653.png\",\"datePublished\":\"2021-09-01T23:05:00+00:00\",\"breadcrumb\":{\"@id\":\"https:\\\/\\\/lasentinelle.dz\\\/index.php\\\/2021\\\/09\\\/02\\\/fln-la-contestation-reprend\\\/#breadcrumb\"},\"inLanguage\":\"fr-FR\",\"potentialAction\":[{\"@type\":\"ReadAction\",\"target\":[\"https:\\\/\\\/lasentinelle.dz\\\/index.php\\\/2021\\\/09\\\/02\\\/fln-la-contestation-reprend\\\/\"]}]},{\"@type\":\"ImageObject\",\"inLanguage\":\"fr-FR\",\"@id\":\"https:\\\/\\\/lasentinelle.dz\\\/index.php\\\/2021\\\/09\\\/02\\\/fln-la-contestation-reprend\\\/#primaryimage\",\"url\":\"https:\\\/\\\/lasentinelle.dz\\\/wp-content\\\/uploads\\\/2021\\\/09\\\/image_2021-09-01_182653.png\",\"contentUrl\":\"https:\\\/\\\/lasentinelle.dz\\\/wp-content\\\/uploads\\\/2021\\\/09\\\/image_2021-09-01_182653.png\",\"width\":850,\"height\":480},{\"@type\":\"BreadcrumbList\",\"@id\":\"https:\\\/\\\/lasentinelle.dz\\\/index.php\\\/2021\\\/09\\\/02\\\/fln-la-contestation-reprend\\\/#breadcrumb\",\"itemListElement\":[{\"@type\":\"ListItem\",\"position\":1,\"name\":\"Accueil\",\"item\":\"https:\\\/\\\/lasentinelle.dz\\\/\"},{\"@type\":\"ListItem\",\"position\":2,\"name\":\"FLN : La contestation reprend\"}]},{\"@type\":\"WebSite\",\"@id\":\"https:\\\/\\\/lasentinelle.dz\\\/#website\",\"url\":\"https:\\\/\\\/lasentinelle.dz\\\/\",\"name\":\"La Sentinelle\",\"description\":\"Quotidien national d&#039;information\",\"publisher\":{\"@id\":\"https:\\\/\\\/lasentinelle.dz\\\/#organization\"},\"potentialAction\":[{\"@type\":\"SearchAction\",\"target\":{\"@type\":\"EntryPoint\",\"urlTemplate\":\"https:\\\/\\\/lasentinelle.dz\\\/?s={search_term_string}\"},\"query-input\":{\"@type\":\"PropertyValueSpecification\",\"valueRequired\":true,\"valueName\":\"search_term_string\"}}],\"inLanguage\":\"fr-FR\"},{\"@type\":\"Organization\",\"@id\":\"https:\\\/\\\/lasentinelle.dz\\\/#organization\",\"name\":\"Quotidien La Sentinelle\",\"url\":\"https:\\\/\\\/lasentinelle.dz\\\/\",\"logo\":{\"@type\":\"ImageObject\",\"inLanguage\":\"fr-FR\",\"@id\":\"https:\\\/\\\/lasentinelle.dz\\\/#\\\/schema\\\/logo\\\/image\\\/\",\"url\":\"https:\\\/\\\/lasentinelle.dz\\\/wp-content\\\/uploads\\\/2021\\\/09\\\/logo-sentinelleSLOGAN-1.png\",\"contentUrl\":\"https:\\\/\\\/lasentinelle.dz\\\/wp-content\\\/uploads\\\/2021\\\/09\\\/logo-sentinelleSLOGAN-1.png\",\"width\":615,\"height\":142,\"caption\":\"Quotidien La Sentinelle\"},\"image\":{\"@id\":\"https:\\\/\\\/lasentinelle.dz\\\/#\\\/schema\\\/logo\\\/image\\\/\"},\"sameAs\":[\"https:\\\/\\\/www.facebook.com\\\/La-Sentinelle-104059864394773\"]},{\"@type\":\"Person\",\"@id\":\"https:\\\/\\\/lasentinelle.dz\\\/#\\\/schema\\\/person\\\/d865044e22e70a75174ce8bcad3acfb3\",\"name\":\"La Sentinelle\",\"image\":{\"@type\":\"ImageObject\",\"inLanguage\":\"fr-FR\",\"@id\":\"https:\\\/\\\/secure.gravatar.com\\\/avatar\\\/57de8e5d4b15d43fb361a71fbb36338450fe67865b528a43dd10ef7c51a20392?s=96&d=mm&r=g\",\"url\":\"https:\\\/\\\/secure.gravatar.com\\\/avatar\\\/57de8e5d4b15d43fb361a71fbb36338450fe67865b528a43dd10ef7c51a20392?s=96&d=mm&r=g\",\"contentUrl\":\"https:\\\/\\\/secure.gravatar.com\\\/avatar\\\/57de8e5d4b15d43fb361a71fbb36338450fe67865b528a43dd10ef7c51a20392?s=96&d=mm&r=g\",\"caption\":\"La Sentinelle\"},\"sameAs\":[\"http:\\\/\\\/www.lasentinelle.dz\"],\"url\":\"https:\\\/\\\/lasentinelle.dz\\\/author\\\/redaction\\\/\"}]}<\/script>\n<!-- \/ Yoast SEO plugin. -->","yoast_head_json":{"title":"FLN : La contestation reprend - La Sentinelle","robots":{"index":"index","follow":"follow","max-snippet":"max-snippet:-1","max-image-preview":"max-image-preview:large","max-video-preview":"max-video-preview:-1"},"canonical":"https:\/\/lasentinelle.dz\/index.php\/2021\/09\/02\/fln-la-contestation-reprend\/","og_locale":"fr_FR","og_type":"article","og_title":"FLN : La contestation reprend - La Sentinelle","og_description":"Le mouvement de contestation qui secoue le FLN depuis le mois de mars dernier ne semble pas s\u2019estomper. Il retrouve","og_url":"https:\/\/lasentinelle.dz\/index.php\/2021\/09\/02\/fln-la-contestation-reprend\/","og_site_name":"La Sentinelle","article_publisher":"https:\/\/www.facebook.com\/La-Sentinelle-104059864394773","article_published_time":"2021-09-01T23:05:00+00:00","og_image":[{"width":850,"height":480,"url":"https:\/\/lasentinelle.dz\/wp-content\/uploads\/2021\/09\/image_2021-09-01_182653.png","type":"image\/png"}],"author":"La Sentinelle","twitter_card":"summary_large_image","twitter_misc":{"\u00c9crit par":"La Sentinelle","Dur\u00e9e de lecture estim\u00e9e":"4 minutes"},"schema":{"@context":"https:\/\/schema.org","@graph":[{"@type":"Article","@id":"https:\/\/lasentinelle.dz\/index.php\/2021\/09\/02\/fln-la-contestation-reprend\/#article","isPartOf":{"@id":"https:\/\/lasentinelle.dz\/index.php\/2021\/09\/02\/fln-la-contestation-reprend\/"},"author":{"name":"La Sentinelle","@id":"https:\/\/lasentinelle.dz\/#\/schema\/person\/d865044e22e70a75174ce8bcad3acfb3"},"headline":"FLN : La contestation reprend","datePublished":"2021-09-01T23:05:00+00:00","mainEntityOfPage":{"@id":"https:\/\/lasentinelle.dz\/index.php\/2021\/09\/02\/fln-la-contestation-reprend\/"},"wordCount":788,"commentCount":0,"publisher":{"@id":"https:\/\/lasentinelle.dz\/#organization"},"image":{"@id":"https:\/\/lasentinelle.dz\/index.php\/2021\/09\/02\/fln-la-contestation-reprend\/#primaryimage"},"thumbnailUrl":"https:\/\/lasentinelle.dz\/wp-content\/uploads\/2021\/09\/image_2021-09-01_182653.png","articleSection":["\u00c0 la Une","Actualit\u00e9"],"inLanguage":"fr-FR","potentialAction":[{"@type":"CommentAction","name":"Comment","target":["https:\/\/lasentinelle.dz\/index.php\/2021\/09\/02\/fln-la-contestation-reprend\/#respond"]}]},{"@type":"WebPage","@id":"https:\/\/lasentinelle.dz\/index.php\/2021\/09\/02\/fln-la-contestation-reprend\/","url":"https:\/\/lasentinelle.dz\/index.php\/2021\/09\/02\/fln-la-contestation-reprend\/","name":"FLN : La contestation reprend - La Sentinelle","isPartOf":{"@id":"https:\/\/lasentinelle.dz\/#website"},"primaryImageOfPage":{"@id":"https:\/\/lasentinelle.dz\/index.php\/2021\/09\/02\/fln-la-contestation-reprend\/#primaryimage"},"image":{"@id":"https:\/\/lasentinelle.dz\/index.php\/2021\/09\/02\/fln-la-contestation-reprend\/#primaryimage"},"thumbnailUrl":"https:\/\/lasentinelle.dz\/wp-content\/uploads\/2021\/09\/image_2021-09-01_182653.png","datePublished":"2021-09-01T23:05:00+00:00","breadcrumb":{"@id":"https:\/\/lasentinelle.dz\/index.php\/2021\/09\/02\/fln-la-contestation-reprend\/#breadcrumb"},"inLanguage":"fr-FR","potentialAction":[{"@type":"ReadAction","target":["https:\/\/lasentinelle.dz\/index.php\/2021\/09\/02\/fln-la-contestation-reprend\/"]}]},{"@type":"ImageObject","inLanguage":"fr-FR","@id":"https:\/\/lasentinelle.dz\/index.php\/2021\/09\/02\/fln-la-contestation-reprend\/#primaryimage","url":"https:\/\/lasentinelle.dz\/wp-content\/uploads\/2021\/09\/image_2021-09-01_182653.png","contentUrl":"https:\/\/lasentinelle.dz\/wp-content\/uploads\/2021\/09\/image_2021-09-01_182653.png","width":850,"height":480},{"@type":"BreadcrumbList","@id":"https:\/\/lasentinelle.dz\/index.php\/2021\/09\/02\/fln-la-contestation-reprend\/#breadcrumb","itemListElement":[{"@type":"ListItem","position":1,"name":"Accueil","item":"https:\/\/lasentinelle.dz\/"},{"@type":"ListItem","position":2,"name":"FLN : La contestation reprend"}]},{"@type":"WebSite","@id":"https:\/\/lasentinelle.dz\/#website","url":"https:\/\/lasentinelle.dz\/","name":"La Sentinelle","description":"Quotidien national d&#039;information","publisher":{"@id":"https:\/\/lasentinelle.dz\/#organization"},"potentialAction":[{"@type":"SearchAction","target":{"@type":"EntryPoint","urlTemplate":"https:\/\/lasentinelle.dz\/?s={search_term_string}"},"query-input":{"@type":"PropertyValueSpecification","valueRequired":true,"valueName":"search_term_string"}}],"inLanguage":"fr-FR"},{"@type":"Organization","@id":"https:\/\/lasentinelle.dz\/#organization","name":"Quotidien La Sentinelle","url":"https:\/\/lasentinelle.dz\/","logo":{"@type":"ImageObject","inLanguage":"fr-FR","@id":"https:\/\/lasentinelle.dz\/#\/schema\/logo\/image\/","url":"https:\/\/lasentinelle.dz\/wp-content\/uploads\/2021\/09\/logo-sentinelleSLOGAN-1.png","contentUrl":"https:\/\/lasentinelle.dz\/wp-content\/uploads\/2021\/09\/logo-sentinelleSLOGAN-1.png","width":615,"height":142,"caption":"Quotidien La Sentinelle"},"image":{"@id":"https:\/\/lasentinelle.dz\/#\/schema\/logo\/image\/"},"sameAs":["https:\/\/www.facebook.com\/La-Sentinelle-104059864394773"]},{"@type":"Person","@id":"https:\/\/lasentinelle.dz\/#\/schema\/person\/d865044e22e70a75174ce8bcad3acfb3","name":"La Sentinelle","image":{"@type":"ImageObject","inLanguage":"fr-FR","@id":"https:\/\/secure.gravatar.com\/avatar\/57de8e5d4b15d43fb361a71fbb36338450fe67865b528a43dd10ef7c51a20392?s=96&d=mm&r=g","url":"https:\/\/secure.gravatar.com\/avatar\/57de8e5d4b15d43fb361a71fbb36338450fe67865b528a43dd10ef7c51a20392?s=96&d=mm&r=g","contentUrl":"https:\/\/secure.gravatar.com\/avatar\/57de8e5d4b15d43fb361a71fbb36338450fe67865b528a43dd10ef7c51a20392?s=96&d=mm&r=g","caption":"La Sentinelle"},"sameAs":["http:\/\/www.lasentinelle.dz"],"url":"https:\/\/lasentinelle.dz\/author\/redaction\/"}]}},"_links":{"self":[{"href":"https:\/\/lasentinelle.dz\/index.php\/wp-json\/wp\/v2\/posts\/6270","targetHints":{"allow":["GET"]}}],"collection":[{"href":"https:\/\/lasentinelle.dz\/index.php\/wp-json\/wp\/v2\/posts"}],"about":[{"href":"https:\/\/lasentinelle.dz\/index.php\/wp-json\/wp\/v2\/types\/post"}],"author":[{"embeddable":true,"href":"https:\/\/lasentinelle.dz\/index.php\/wp-json\/wp\/v2\/users\/3"}],"replies":[{"embeddable":true,"href":"https:\/\/lasentinelle.dz\/index.php\/wp-json\/wp\/v2\/comments?post=6270"}],"version-history":[{"count":1,"href":"https:\/\/lasentinelle.dz\/index.php\/wp-json\/wp\/v2\/posts\/6270\/revisions"}],"predecessor-version":[{"id":6280,"href":"https:\/\/lasentinelle.dz\/index.php\/wp-json\/wp\/v2\/posts\/6270\/revisions\/6280"}],"wp:featuredmedia":[{"embeddable":true,"href":"https:\/\/lasentinelle.dz\/index.php\/wp-json\/wp\/v2\/media\/6279"}],"wp:attachment":[{"href":"https:\/\/lasentinelle.dz\/index.php\/wp-json\/wp\/v2\/media?parent=6270"}],"wp:term":[{"taxonomy":"category","embeddable":true,"href":"https:\/\/lasentinelle.dz\/index.php\/wp-json\/wp\/v2\/categories?post=6270"},{"taxonomy":"post_tag","embeddable":true,"href":"https:\/\/lasentinelle.dz\/index.php\/wp-json\/wp\/v2\/tags?post=6270"}],"curies":[{"name":"wp","href":"https:\/\/api.w.org\/{rel}","templated":true}]}}