{"id":62706,"date":"2025-02-09T12:55:38","date_gmt":"2025-02-09T11:55:38","guid":{"rendered":"https:\/\/lasentinelle.dz\/?p=62706"},"modified":"2025-02-09T12:55:39","modified_gmt":"2025-02-09T11:55:39","slug":"judo-lopen-africain-dalger-sera-jumele-avec-la-coupe-dafrique-des-cadets","status":"publish","type":"post","link":"https:\/\/lasentinelle.dz\/index.php\/2025\/02\/09\/judo-lopen-africain-dalger-sera-jumele-avec-la-coupe-dafrique-des-cadets\/","title":{"rendered":"Judo\u00a0: L&rsquo;Open Africain d&rsquo;Alger sera jumel\u00e9 avec la Coupe d&rsquo;Afrique des cadets\u00a0"},"content":{"rendered":"\n<p>L&rsquo;Open Africain 2025 d&rsquo;Alger sera jumel\u00e9 avec la Coupe d&rsquo;Afrique des cadets, a annonc\u00e9 vendredi la F\u00e9d\u00e9ration alg\u00e9rienne de judo (FAJ), organisatrice des deux comp\u00e9titions, sous l&rsquo;\u00e9gide de l&rsquo;Union africaine de la discipline (UAJ). La Coupe des cadets sera le premi\u00e8re \u00e0 se d\u00e9rouler, le 21 f\u00e9vrier, et elle sera imm\u00e9diatement suivie de l&rsquo;Open Africain, r\u00e9serv\u00e9 aux seniors (messieurs et dames), et qui lui aura lieu les 22-23 f\u00e9vrier, selon la m\u00eame source. Le d\u00e9lai des engagements est toujours ouvert, mais 14 pays ont d\u00e9j\u00e0 confirm\u00e9 leur participation \u00e0 l&rsquo;Open Africain d&rsquo;Alger, et 7 autres pays \u00e0 la Coupe d&rsquo;Afrique des cadets, en attendant les autres. Avant cela, la s\u00e9lection nationale (seniors) aura disput\u00e9 l&rsquo;Open Africain de Tunis, pr\u00e9vu les 15-16 f\u00e9vrier courant, en pr\u00e9sence de 23 pays, issus de quatre continents. L&rsquo;Alg\u00e9rie y sera pr\u00e9sente avec un total de vingt-six judokas (16 messieurs et 10 dames), suivant la liste d&rsquo;admission, d\u00e9voil\u00e9e vendredi par les organisateurs.&nbsp;Le tournoi est marqu\u00e9 par la participation&nbsp;de 23 pays, issus de quatre continents, suivant la liste d&rsquo;admission, d\u00e9voil\u00e9e vendredi par les organisateurs. Il s&rsquo;agit de Salim Rabhi (-60 kg), Salah-Eddine Moudathir (-60 kg), Rachid Cherrad (-66 kg), Ka\u00efs Moudathir (-66 kg), Ayoub Benlaribi (-66 kg), Oussama Hezil (-66 kg), Anis Saoudi (-66 kg), Ahmed Mehibel (-73 kg), Imad Mehibel (-73 kg), Abdeslam Belbelhout (-73 kg), Denni Achour (-81 kg), Loukmane Daroul (-90 kg), Sid Ali Benaboura (-90 kg), Rayan Zakaria Benattia (-100 kg), Othmane Arbaoui (-100kg) et Mohamed El Mahdi Lili (+100 kg) chez les messieurs. Chez les dames, la Direction technique nationale (DTN) a retenu Houaria Kaddour (-48 kg), Fa\u00efza A\u00efssahine (-52 kg), Khadidja Bekhira (-57 kg), Nourhane Ghazali (-57 kg), Hanane Brahimi (-57 kg), Louisa Icha\u00e2lal (-70 kg), Chanez Aliouane (-70 kg), Dyhia Bencha\u00e2lal (-78 kg), Maroua Mammeri (+78 kg) et Yassemine Youcefi (+78 kg). Selon les organisateurs, 201 judokas (118 messieurs et 83 dames) repr\u00e9sentant 23 pays, ont d\u00e9j\u00e0 confirm\u00e9 leur participation \u00e0 ce tournoi. Avec un total de 47 judokas engag\u00e9s (23 messieurs et 24 dames), la Tunisie sera le pays le mieux repr\u00e9sent\u00e9.&nbsp;<\/p>\n\n\n\n<p>R.S.<\/p>\n","protected":false},"excerpt":{"rendered":"<p>L&rsquo;Open Africain 2025 d&rsquo;Alger sera jumel\u00e9 avec la Coupe d&rsquo;Afrique des cadets, a annonc\u00e9 vendredi la F\u00e9d\u00e9ration alg\u00e9rienne de judo<\/p>\n","protected":false},"author":6,"featured_media":61765,"comment_status":"open","ping_status":"closed","sticky":false,"template":"","format":"standard","meta":{"colormag_page_container_layout":"default_layout","colormag_page_sidebar_layout":"default_layout","om_disable_all_campaigns":false,"_monsterinsights_skip_tracking":false,"_monsterinsights_sitenote_active":false,"_monsterinsights_sitenote_note":"","_monsterinsights_sitenote_category":0,"footnotes":"","_wpscppro_dont_share_socialmedia":false,"_wpscppro_custom_social_share_image":0,"_facebook_share_type":"default","_twitter_share_type":"default","_linkedin_share_type":"default","_pinterest_share_type":"default","_linkedin_share_type_page":"","_instagram_share_type":"default","_medium_share_type":"default","_threads_share_type":"","_google_business_share_type":"","_selected_social_profile":[],"_wpsp_enable_custom_social_template":false,"_wpsp_social_scheduling":{"enabled":false,"datetime":null,"platforms":[],"status":"template_only","dateOption":"today","timeOption":"now","customDays":"","customHours":"","customDate":"","customTime":"","schedulingType":"absolute"},"_wpsp_active_default_template":true},"categories":[33],"tags":[],"class_list":["post-62706","post","type-post","status-publish","format-standard","has-post-thumbnail","hentry","category-sports"],"aioseo_notices":[],"yoast_head":"<!-- This site is optimized with the Yoast SEO plugin v27.5 - https:\/\/yoast.com\/product\/yoast-seo-wordpress\/ -->\n<title>Judo\u00a0: L&rsquo;Open Africain d&rsquo;Alger sera jumel\u00e9 avec la Coupe d&rsquo;Afrique des cadets\u00a0 - La Sentinelle<\/title>\n<meta name=\"robots\" content=\"index, follow, max-snippet:-1, max-image-preview:large, max-video-preview:-1\" \/>\n<link rel=\"canonical\" href=\"https:\/\/lasentinelle.dz\/index.php\/2025\/02\/09\/judo-lopen-africain-dalger-sera-jumele-avec-la-coupe-dafrique-des-cadets\/\" \/>\n<meta property=\"og:locale\" content=\"fr_FR\" \/>\n<meta property=\"og:type\" content=\"article\" \/>\n<meta property=\"og:title\" content=\"Judo\u00a0: L&rsquo;Open Africain d&rsquo;Alger sera jumel\u00e9 avec la Coupe d&rsquo;Afrique des cadets\u00a0 - La Sentinelle\" \/>\n<meta property=\"og:description\" content=\"L&rsquo;Open Africain 2025 d&rsquo;Alger sera jumel\u00e9 avec la Coupe d&rsquo;Afrique des cadets, a annonc\u00e9 vendredi la F\u00e9d\u00e9ration alg\u00e9rienne de judo\" \/>\n<meta property=\"og:url\" content=\"https:\/\/lasentinelle.dz\/index.php\/2025\/02\/09\/judo-lopen-africain-dalger-sera-jumele-avec-la-coupe-dafrique-des-cadets\/\" \/>\n<meta property=\"og:site_name\" content=\"La Sentinelle\" \/>\n<meta property=\"article:publisher\" content=\"https:\/\/www.facebook.com\/La-Sentinelle-104059864394773\" \/>\n<meta property=\"article:published_time\" content=\"2025-02-09T11:55:38+00:00\" \/>\n<meta property=\"article:modified_time\" content=\"2025-02-09T11:55:39+00:00\" \/>\n<meta property=\"og:image\" content=\"https:\/\/lasentinelle.dz\/wp-content\/uploads\/2025\/01\/Judo.jpeg\" \/>\n\t<meta property=\"og:image:width\" content=\"745\" \/>\n\t<meta property=\"og:image:height\" content=\"470\" \/>\n\t<meta property=\"og:image:type\" content=\"image\/jpeg\" \/>\n<meta name=\"author\" content=\"admin\" \/>\n<meta name=\"twitter:card\" content=\"summary_large_image\" \/>\n<meta name=\"twitter:label1\" content=\"\u00c9crit par\" \/>\n\t<meta name=\"twitter:data1\" content=\"admin\" \/>\n\t<meta name=\"twitter:label2\" content=\"Dur\u00e9e de lecture estim\u00e9e\" \/>\n\t<meta name=\"twitter:data2\" content=\"2 minutes\" \/>\n<script type=\"application\/ld+json\" class=\"yoast-schema-graph\">{\"@context\":\"https:\\\/\\\/schema.org\",\"@graph\":[{\"@type\":\"Article\",\"@id\":\"https:\\\/\\\/lasentinelle.dz\\\/index.php\\\/2025\\\/02\\\/09\\\/judo-lopen-africain-dalger-sera-jumele-avec-la-coupe-dafrique-des-cadets\\\/#article\",\"isPartOf\":{\"@id\":\"https:\\\/\\\/lasentinelle.dz\\\/index.php\\\/2025\\\/02\\\/09\\\/judo-lopen-africain-dalger-sera-jumele-avec-la-coupe-dafrique-des-cadets\\\/\"},\"author\":{\"name\":\"admin\",\"@id\":\"https:\\\/\\\/lasentinelle.dz\\\/#\\\/schema\\\/person\\\/729ee0024f24e0b8c5ec17232f8e8b41\"},\"headline\":\"Judo\u00a0: L&rsquo;Open Africain d&rsquo;Alger sera jumel\u00e9 avec la Coupe d&rsquo;Afrique des cadets\u00a0\",\"datePublished\":\"2025-02-09T11:55:38+00:00\",\"dateModified\":\"2025-02-09T11:55:39+00:00\",\"mainEntityOfPage\":{\"@id\":\"https:\\\/\\\/lasentinelle.dz\\\/index.php\\\/2025\\\/02\\\/09\\\/judo-lopen-africain-dalger-sera-jumele-avec-la-coupe-dafrique-des-cadets\\\/\"},\"wordCount\":393,\"commentCount\":0,\"publisher\":{\"@id\":\"https:\\\/\\\/lasentinelle.dz\\\/#organization\"},\"image\":{\"@id\":\"https:\\\/\\\/lasentinelle.dz\\\/index.php\\\/2025\\\/02\\\/09\\\/judo-lopen-africain-dalger-sera-jumele-avec-la-coupe-dafrique-des-cadets\\\/#primaryimage\"},\"thumbnailUrl\":\"https:\\\/\\\/lasentinelle.dz\\\/wp-content\\\/uploads\\\/2025\\\/01\\\/Judo.jpeg\",\"articleSection\":[\"Sports\"],\"inLanguage\":\"fr-FR\",\"potentialAction\":[{\"@type\":\"CommentAction\",\"name\":\"Comment\",\"target\":[\"https:\\\/\\\/lasentinelle.dz\\\/index.php\\\/2025\\\/02\\\/09\\\/judo-lopen-africain-dalger-sera-jumele-avec-la-coupe-dafrique-des-cadets\\\/#respond\"]}]},{\"@type\":\"WebPage\",\"@id\":\"https:\\\/\\\/lasentinelle.dz\\\/index.php\\\/2025\\\/02\\\/09\\\/judo-lopen-africain-dalger-sera-jumele-avec-la-coupe-dafrique-des-cadets\\\/\",\"url\":\"https:\\\/\\\/lasentinelle.dz\\\/index.php\\\/2025\\\/02\\\/09\\\/judo-lopen-africain-dalger-sera-jumele-avec-la-coupe-dafrique-des-cadets\\\/\",\"name\":\"Judo\u00a0: L&rsquo;Open Africain d&rsquo;Alger sera jumel\u00e9 avec la Coupe d&rsquo;Afrique des cadets\u00a0 - La Sentinelle\",\"isPartOf\":{\"@id\":\"https:\\\/\\\/lasentinelle.dz\\\/#website\"},\"primaryImageOfPage\":{\"@id\":\"https:\\\/\\\/lasentinelle.dz\\\/index.php\\\/2025\\\/02\\\/09\\\/judo-lopen-africain-dalger-sera-jumele-avec-la-coupe-dafrique-des-cadets\\\/#primaryimage\"},\"image\":{\"@id\":\"https:\\\/\\\/lasentinelle.dz\\\/index.php\\\/2025\\\/02\\\/09\\\/judo-lopen-africain-dalger-sera-jumele-avec-la-coupe-dafrique-des-cadets\\\/#primaryimage\"},\"thumbnailUrl\":\"https:\\\/\\\/lasentinelle.dz\\\/wp-content\\\/uploads\\\/2025\\\/01\\\/Judo.jpeg\",\"datePublished\":\"2025-02-09T11:55:38+00:00\",\"dateModified\":\"2025-02-09T11:55:39+00:00\",\"breadcrumb\":{\"@id\":\"https:\\\/\\\/lasentinelle.dz\\\/index.php\\\/2025\\\/02\\\/09\\\/judo-lopen-africain-dalger-sera-jumele-avec-la-coupe-dafrique-des-cadets\\\/#breadcrumb\"},\"inLanguage\":\"fr-FR\",\"potentialAction\":[{\"@type\":\"ReadAction\",\"target\":[\"https:\\\/\\\/lasentinelle.dz\\\/index.php\\\/2025\\\/02\\\/09\\\/judo-lopen-africain-dalger-sera-jumele-avec-la-coupe-dafrique-des-cadets\\\/\"]}]},{\"@type\":\"ImageObject\",\"inLanguage\":\"fr-FR\",\"@id\":\"https:\\\/\\\/lasentinelle.dz\\\/index.php\\\/2025\\\/02\\\/09\\\/judo-lopen-africain-dalger-sera-jumele-avec-la-coupe-dafrique-des-cadets\\\/#primaryimage\",\"url\":\"https:\\\/\\\/lasentinelle.dz\\\/wp-content\\\/uploads\\\/2025\\\/01\\\/Judo.jpeg\",\"contentUrl\":\"https:\\\/\\\/lasentinelle.dz\\\/wp-content\\\/uploads\\\/2025\\\/01\\\/Judo.jpeg\",\"width\":745,\"height\":470},{\"@type\":\"BreadcrumbList\",\"@id\":\"https:\\\/\\\/lasentinelle.dz\\\/index.php\\\/2025\\\/02\\\/09\\\/judo-lopen-africain-dalger-sera-jumele-avec-la-coupe-dafrique-des-cadets\\\/#breadcrumb\",\"itemListElement\":[{\"@type\":\"ListItem\",\"position\":1,\"name\":\"Accueil\",\"item\":\"https:\\\/\\\/lasentinelle.dz\\\/\"},{\"@type\":\"ListItem\",\"position\":2,\"name\":\"Judo\u00a0: L&rsquo;Open Africain d&rsquo;Alger sera jumel\u00e9 avec la Coupe d&rsquo;Afrique des cadets\u00a0\"}]},{\"@type\":\"WebSite\",\"@id\":\"https:\\\/\\\/lasentinelle.dz\\\/#website\",\"url\":\"https:\\\/\\\/lasentinelle.dz\\\/\",\"name\":\"La Sentinelle\",\"description\":\"Quotidien national d&#039;information\",\"publisher\":{\"@id\":\"https:\\\/\\\/lasentinelle.dz\\\/#organization\"},\"potentialAction\":[{\"@type\":\"SearchAction\",\"target\":{\"@type\":\"EntryPoint\",\"urlTemplate\":\"https:\\\/\\\/lasentinelle.dz\\\/?s={search_term_string}\"},\"query-input\":{\"@type\":\"PropertyValueSpecification\",\"valueRequired\":true,\"valueName\":\"search_term_string\"}}],\"inLanguage\":\"fr-FR\"},{\"@type\":\"Organization\",\"@id\":\"https:\\\/\\\/lasentinelle.dz\\\/#organization\",\"name\":\"Quotidien La Sentinelle\",\"url\":\"https:\\\/\\\/lasentinelle.dz\\\/\",\"logo\":{\"@type\":\"ImageObject\",\"inLanguage\":\"fr-FR\",\"@id\":\"https:\\\/\\\/lasentinelle.dz\\\/#\\\/schema\\\/logo\\\/image\\\/\",\"url\":\"https:\\\/\\\/lasentinelle.dz\\\/wp-content\\\/uploads\\\/2021\\\/09\\\/logo-sentinelleSLOGAN-1.png\",\"contentUrl\":\"https:\\\/\\\/lasentinelle.dz\\\/wp-content\\\/uploads\\\/2021\\\/09\\\/logo-sentinelleSLOGAN-1.png\",\"width\":615,\"height\":142,\"caption\":\"Quotidien La Sentinelle\"},\"image\":{\"@id\":\"https:\\\/\\\/lasentinelle.dz\\\/#\\\/schema\\\/logo\\\/image\\\/\"},\"sameAs\":[\"https:\\\/\\\/www.facebook.com\\\/La-Sentinelle-104059864394773\"]},{\"@type\":\"Person\",\"@id\":\"https:\\\/\\\/lasentinelle.dz\\\/#\\\/schema\\\/person\\\/729ee0024f24e0b8c5ec17232f8e8b41\",\"name\":\"admin\",\"image\":{\"@type\":\"ImageObject\",\"inLanguage\":\"fr-FR\",\"@id\":\"https:\\\/\\\/secure.gravatar.com\\\/avatar\\\/4c81fed838786e9b53f540bf46533e750f5d292099ae3b66cfc6fb1982e29df7?s=96&d=mm&r=g\",\"url\":\"https:\\\/\\\/secure.gravatar.com\\\/avatar\\\/4c81fed838786e9b53f540bf46533e750f5d292099ae3b66cfc6fb1982e29df7?s=96&d=mm&r=g\",\"contentUrl\":\"https:\\\/\\\/secure.gravatar.com\\\/avatar\\\/4c81fed838786e9b53f540bf46533e750f5d292099ae3b66cfc6fb1982e29df7?s=96&d=mm&r=g\",\"caption\":\"admin\"},\"description\":\"admin\",\"url\":\"https:\\\/\\\/lasentinelle.dz\\\/author\\\/admin\\\/\"}]}<\/script>\n<!-- \/ Yoast SEO plugin. -->","yoast_head_json":{"title":"Judo\u00a0: L&rsquo;Open Africain d&rsquo;Alger sera jumel\u00e9 avec la Coupe d&rsquo;Afrique des cadets\u00a0 - La Sentinelle","robots":{"index":"index","follow":"follow","max-snippet":"max-snippet:-1","max-image-preview":"max-image-preview:large","max-video-preview":"max-video-preview:-1"},"canonical":"https:\/\/lasentinelle.dz\/index.php\/2025\/02\/09\/judo-lopen-africain-dalger-sera-jumele-avec-la-coupe-dafrique-des-cadets\/","og_locale":"fr_FR","og_type":"article","og_title":"Judo\u00a0: L&rsquo;Open Africain d&rsquo;Alger sera jumel\u00e9 avec la Coupe d&rsquo;Afrique des cadets\u00a0 - La Sentinelle","og_description":"L&rsquo;Open Africain 2025 d&rsquo;Alger sera jumel\u00e9 avec la Coupe d&rsquo;Afrique des cadets, a annonc\u00e9 vendredi la F\u00e9d\u00e9ration alg\u00e9rienne de judo","og_url":"https:\/\/lasentinelle.dz\/index.php\/2025\/02\/09\/judo-lopen-africain-dalger-sera-jumele-avec-la-coupe-dafrique-des-cadets\/","og_site_name":"La Sentinelle","article_publisher":"https:\/\/www.facebook.com\/La-Sentinelle-104059864394773","article_published_time":"2025-02-09T11:55:38+00:00","article_modified_time":"2025-02-09T11:55:39+00:00","og_image":[{"width":745,"height":470,"url":"https:\/\/lasentinelle.dz\/wp-content\/uploads\/2025\/01\/Judo.jpeg","type":"image\/jpeg"}],"author":"admin","twitter_card":"summary_large_image","twitter_misc":{"\u00c9crit par":"admin","Dur\u00e9e de lecture estim\u00e9e":"2 minutes"},"schema":{"@context":"https:\/\/schema.org","@graph":[{"@type":"Article","@id":"https:\/\/lasentinelle.dz\/index.php\/2025\/02\/09\/judo-lopen-africain-dalger-sera-jumele-avec-la-coupe-dafrique-des-cadets\/#article","isPartOf":{"@id":"https:\/\/lasentinelle.dz\/index.php\/2025\/02\/09\/judo-lopen-africain-dalger-sera-jumele-avec-la-coupe-dafrique-des-cadets\/"},"author":{"name":"admin","@id":"https:\/\/lasentinelle.dz\/#\/schema\/person\/729ee0024f24e0b8c5ec17232f8e8b41"},"headline":"Judo\u00a0: L&rsquo;Open Africain d&rsquo;Alger sera jumel\u00e9 avec la Coupe d&rsquo;Afrique des cadets\u00a0","datePublished":"2025-02-09T11:55:38+00:00","dateModified":"2025-02-09T11:55:39+00:00","mainEntityOfPage":{"@id":"https:\/\/lasentinelle.dz\/index.php\/2025\/02\/09\/judo-lopen-africain-dalger-sera-jumele-avec-la-coupe-dafrique-des-cadets\/"},"wordCount":393,"commentCount":0,"publisher":{"@id":"https:\/\/lasentinelle.dz\/#organization"},"image":{"@id":"https:\/\/lasentinelle.dz\/index.php\/2025\/02\/09\/judo-lopen-africain-dalger-sera-jumele-avec-la-coupe-dafrique-des-cadets\/#primaryimage"},"thumbnailUrl":"https:\/\/lasentinelle.dz\/wp-content\/uploads\/2025\/01\/Judo.jpeg","articleSection":["Sports"],"inLanguage":"fr-FR","potentialAction":[{"@type":"CommentAction","name":"Comment","target":["https:\/\/lasentinelle.dz\/index.php\/2025\/02\/09\/judo-lopen-africain-dalger-sera-jumele-avec-la-coupe-dafrique-des-cadets\/#respond"]}]},{"@type":"WebPage","@id":"https:\/\/lasentinelle.dz\/index.php\/2025\/02\/09\/judo-lopen-africain-dalger-sera-jumele-avec-la-coupe-dafrique-des-cadets\/","url":"https:\/\/lasentinelle.dz\/index.php\/2025\/02\/09\/judo-lopen-africain-dalger-sera-jumele-avec-la-coupe-dafrique-des-cadets\/","name":"Judo\u00a0: L&rsquo;Open Africain d&rsquo;Alger sera jumel\u00e9 avec la Coupe d&rsquo;Afrique des cadets\u00a0 - La Sentinelle","isPartOf":{"@id":"https:\/\/lasentinelle.dz\/#website"},"primaryImageOfPage":{"@id":"https:\/\/lasentinelle.dz\/index.php\/2025\/02\/09\/judo-lopen-africain-dalger-sera-jumele-avec-la-coupe-dafrique-des-cadets\/#primaryimage"},"image":{"@id":"https:\/\/lasentinelle.dz\/index.php\/2025\/02\/09\/judo-lopen-africain-dalger-sera-jumele-avec-la-coupe-dafrique-des-cadets\/#primaryimage"},"thumbnailUrl":"https:\/\/lasentinelle.dz\/wp-content\/uploads\/2025\/01\/Judo.jpeg","datePublished":"2025-02-09T11:55:38+00:00","dateModified":"2025-02-09T11:55:39+00:00","breadcrumb":{"@id":"https:\/\/lasentinelle.dz\/index.php\/2025\/02\/09\/judo-lopen-africain-dalger-sera-jumele-avec-la-coupe-dafrique-des-cadets\/#breadcrumb"},"inLanguage":"fr-FR","potentialAction":[{"@type":"ReadAction","target":["https:\/\/lasentinelle.dz\/index.php\/2025\/02\/09\/judo-lopen-africain-dalger-sera-jumele-avec-la-coupe-dafrique-des-cadets\/"]}]},{"@type":"ImageObject","inLanguage":"fr-FR","@id":"https:\/\/lasentinelle.dz\/index.php\/2025\/02\/09\/judo-lopen-africain-dalger-sera-jumele-avec-la-coupe-dafrique-des-cadets\/#primaryimage","url":"https:\/\/lasentinelle.dz\/wp-content\/uploads\/2025\/01\/Judo.jpeg","contentUrl":"https:\/\/lasentinelle.dz\/wp-content\/uploads\/2025\/01\/Judo.jpeg","width":745,"height":470},{"@type":"BreadcrumbList","@id":"https:\/\/lasentinelle.dz\/index.php\/2025\/02\/09\/judo-lopen-africain-dalger-sera-jumele-avec-la-coupe-dafrique-des-cadets\/#breadcrumb","itemListElement":[{"@type":"ListItem","position":1,"name":"Accueil","item":"https:\/\/lasentinelle.dz\/"},{"@type":"ListItem","position":2,"name":"Judo\u00a0: L&rsquo;Open Africain d&rsquo;Alger sera jumel\u00e9 avec la Coupe d&rsquo;Afrique des cadets\u00a0"}]},{"@type":"WebSite","@id":"https:\/\/lasentinelle.dz\/#website","url":"https:\/\/lasentinelle.dz\/","name":"La Sentinelle","description":"Quotidien national d&#039;information","publisher":{"@id":"https:\/\/lasentinelle.dz\/#organization"},"potentialAction":[{"@type":"SearchAction","target":{"@type":"EntryPoint","urlTemplate":"https:\/\/lasentinelle.dz\/?s={search_term_string}"},"query-input":{"@type":"PropertyValueSpecification","valueRequired":true,"valueName":"search_term_string"}}],"inLanguage":"fr-FR"},{"@type":"Organization","@id":"https:\/\/lasentinelle.dz\/#organization","name":"Quotidien La Sentinelle","url":"https:\/\/lasentinelle.dz\/","logo":{"@type":"ImageObject","inLanguage":"fr-FR","@id":"https:\/\/lasentinelle.dz\/#\/schema\/logo\/image\/","url":"https:\/\/lasentinelle.dz\/wp-content\/uploads\/2021\/09\/logo-sentinelleSLOGAN-1.png","contentUrl":"https:\/\/lasentinelle.dz\/wp-content\/uploads\/2021\/09\/logo-sentinelleSLOGAN-1.png","width":615,"height":142,"caption":"Quotidien La Sentinelle"},"image":{"@id":"https:\/\/lasentinelle.dz\/#\/schema\/logo\/image\/"},"sameAs":["https:\/\/www.facebook.com\/La-Sentinelle-104059864394773"]},{"@type":"Person","@id":"https:\/\/lasentinelle.dz\/#\/schema\/person\/729ee0024f24e0b8c5ec17232f8e8b41","name":"admin","image":{"@type":"ImageObject","inLanguage":"fr-FR","@id":"https:\/\/secure.gravatar.com\/avatar\/4c81fed838786e9b53f540bf46533e750f5d292099ae3b66cfc6fb1982e29df7?s=96&d=mm&r=g","url":"https:\/\/secure.gravatar.com\/avatar\/4c81fed838786e9b53f540bf46533e750f5d292099ae3b66cfc6fb1982e29df7?s=96&d=mm&r=g","contentUrl":"https:\/\/secure.gravatar.com\/avatar\/4c81fed838786e9b53f540bf46533e750f5d292099ae3b66cfc6fb1982e29df7?s=96&d=mm&r=g","caption":"admin"},"description":"admin","url":"https:\/\/lasentinelle.dz\/author\/admin\/"}]}},"_links":{"self":[{"href":"https:\/\/lasentinelle.dz\/index.php\/wp-json\/wp\/v2\/posts\/62706","targetHints":{"allow":["GET"]}}],"collection":[{"href":"https:\/\/lasentinelle.dz\/index.php\/wp-json\/wp\/v2\/posts"}],"about":[{"href":"https:\/\/lasentinelle.dz\/index.php\/wp-json\/wp\/v2\/types\/post"}],"author":[{"embeddable":true,"href":"https:\/\/lasentinelle.dz\/index.php\/wp-json\/wp\/v2\/users\/6"}],"replies":[{"embeddable":true,"href":"https:\/\/lasentinelle.dz\/index.php\/wp-json\/wp\/v2\/comments?post=62706"}],"version-history":[{"count":2,"href":"https:\/\/lasentinelle.dz\/index.php\/wp-json\/wp\/v2\/posts\/62706\/revisions"}],"predecessor-version":[{"id":62708,"href":"https:\/\/lasentinelle.dz\/index.php\/wp-json\/wp\/v2\/posts\/62706\/revisions\/62708"}],"wp:featuredmedia":[{"embeddable":true,"href":"https:\/\/lasentinelle.dz\/index.php\/wp-json\/wp\/v2\/media\/61765"}],"wp:attachment":[{"href":"https:\/\/lasentinelle.dz\/index.php\/wp-json\/wp\/v2\/media?parent=62706"}],"wp:term":[{"taxonomy":"category","embeddable":true,"href":"https:\/\/lasentinelle.dz\/index.php\/wp-json\/wp\/v2\/categories?post=62706"},{"taxonomy":"post_tag","embeddable":true,"href":"https:\/\/lasentinelle.dz\/index.php\/wp-json\/wp\/v2\/tags?post=62706"}],"curies":[{"name":"wp","href":"https:\/\/api.w.org\/{rel}","templated":true}]}}