{"id":6271,"date":"2021-09-02T00:01:00","date_gmt":"2021-09-01T23:01:00","guid":{"rendered":"https:\/\/lasentinelle.dz\/?p=6271"},"modified":"2021-09-01T18:25:43","modified_gmt":"2021-09-01T17:25:43","slug":"amar-belhimer-ministre-de-la-communication-mettre-un-terme-a-lanarchie-dans-le-secteur-de-laudiovisuel","status":"publish","type":"post","link":"https:\/\/lasentinelle.dz\/index.php\/2021\/09\/02\/amar-belhimer-ministre-de-la-communication-mettre-un-terme-a-lanarchie-dans-le-secteur-de-laudiovisuel\/","title":{"rendered":"Amar Belhimer, ministre de la Communication : \u00abMettre un terme \u00e0 l\u2019anarchie dans le secteur de l\u2019audiovisuel\u00bb"},"content":{"rendered":"\n<p>&nbsp;Le ministre de la Communication, Amar Belhimer, a indiqu\u00e9 dans un entretien accord\u00e9e \u00e0 l\u2019APS que le projet de loi sur l\u2019audiovisuel\u00ab est \u00e0 m\u00eame de contribuer \u00e0 la promotion de l\u2019image et de la voix de l\u2019Alg\u00e9rie tant \u00e0 l\u2019int\u00e9rieur qu\u2019\u00e0 l\u2019ext\u00e9rieur du pays \u00bb.C\u2019est dans ce sens que le ministre a expliqu\u00e9 que \u00ab la mise en \u0153uvre de la loi, requiert une actualisation r\u00e9guli\u00e8re et son respect par les professionnels et les investisseurs en s\u2019appuyant sur les valeurs citoyennes et l\u2019auto-responsabilit\u00e9 qui constituent des garanties majeures pour le d\u00e9veloppement du champs m\u00e9diatique et pour en faire un instrument efficace en vue de consolider les constantes de la Nation et contrer les attaques syst\u00e9matiques qu\u2019elles subissent, notamment via internet \u00bb.<\/p>\n\n\n\n<p>D\u00e9plorant des d\u00e9passements et des infractions juridiques et professionnels, Amar Belhimer, fera remarquer que le secteur de l\u2019audiovisuel \u00ab exige de trouver des m\u00e9canismes juridiques permettant \u00e0 l\u2019\u00c9tat de s\u2019acquitter de toutes ses missions en mati\u00e8re de r\u00e9gulation et d\u2019organisation de ce secteur, en proie \u00e0 des activit\u00e9s contraire \u00e0 la loi, \u00e0 la logique et au professionnalisme \u00bb.C\u2019est la raison pour laquelle il estime qu\u2019 \u00ab aux fins de combler les lacunes juridiques et rem\u00e9dier aux situations anarchiques enregistr\u00e9es, a \u00e9t\u00e9 institu\u00e9 l\u2019Autorit\u00e9 nationale ind\u00e9pendante de l\u2019audiovisuel (ANIRA) \u00bb, un organisme, explique Ammar Belhimer \u00ab dot\u00e9 de la personnalit\u00e9 morale jouissant de l\u2019autonomie financi\u00e8re et dont les pr\u00e9rogatives, incluent la r\u00e9gulation, le contr\u00f4le, la consultation et le r\u00e8glement des litiges \u00bb.Il a fait savoir, dans le m\u00eame ordred\u2019id\u00e9e que \u00ab les dispositions du projet de loi visaient \u00e0 conf\u00e9rer la transparence et la l\u00e9gitimit\u00e9 n\u00e9cessaires aux activit\u00e9s audiovisuelles \u00bb et ce, ajoute Ammar Belhimer, \u00ab par l\u2019adoption notamment de cahiers des chargessous formes d\u2019accords encadr\u00e9s par la loi qui obligent les cha\u00eenes aussi bien publiques que priv\u00e9es \u00e0 se conformer \u00e0 la loi et \u00e0 respecter l\u2019\u00e9thique et la d\u00e9ontologie \u00bb.Le ministre de la Communication a tenu \u00e0 pr\u00e9ciser \u00e0 ce sujet que\u00ab les \u00e9tablissements s\u2019engagent\u00e0 \u00e9viter le monopole \u00e0 travers le respect par chaque actionnaire de la condition de ne pas d\u00e9tenir, au maximum que 33% des parts, tout en assurant le droit de pr\u00e9emption au profit de l\u2019Etat \u00bb, ajoutant qu\u2019 \u00ab il s\u2019agit \u00e9galement de d\u00e9finir, avec pr\u00e9cision et transparence, les sources de financement, de pr\u00e9venir toute source de financement ambig\u00fce ou suspecte, et de pr\u00e9ciser la nature de la chaine, son identit\u00e9, ses objectifs et le contenu de ses programmes \u00bb.<\/p>\n\n\n\n<p>Concernant la mise en \u0153uvre de ces dispositions de lois, \u00ab ce projet pr\u00e9voit des ajouts indispensables, dont l\u2019\u00e9largissement de son champ d\u2019application aux chaines th\u00e9matiques et\/ou g\u00e9n\u00e9rales soumises obligatoirement au droit alg\u00e9rien \u00bb, pr\u00e9cisant que \u00ab la possibilit\u00e9 au secteur public de contribuer au capital des services priv\u00e9s autoris\u00e9s, l\u2019octroi d\u2019agr\u00e9ments selon des conditions strictement d\u00e9finies pour la cr\u00e9ation et l\u2019exploitation des services de communication audiovisuelle, (relevant du secteur public ainsi que ceux autoris\u00e9s, y compris les activit\u00e9s des Web radios et de t\u00e9l\u00e9vision), la simplification des conditions de renouvellement des agr\u00e9ments pour l\u2019exploitation imm\u00e9diate des services audiovisuels et la mise des services Web radio et de t\u00e9l\u00e9vision au m\u00eame pieds d\u2019\u00e9galit\u00e9s que les services audiovisuels autoris\u00e9s \u00bb.C\u2019est par rapport \u00e0 cela qu\u2019Ammar Belhimer a mis en avant l\u2019importance \u00ab dedeux types de cahiers des charges, un cahier de conditions g\u00e9n\u00e9rales fixant les r\u00e8gles imposables aux services audiovisuelset un cahier de conditions sp\u00e9cifiques d\u00e9finissant la relation contractuelle entre l\u2019ANIRA et les \u00e9tablissements de programmes priv\u00e9s \u00bb, rappelant que \u00ab c\u2019est l\u2019ANIRA qui est charg\u00e9e du suivi de la mise en \u0153uvre de ces cahiers de charges par les chaines publiques et priv\u00e9es, en toute objectivit\u00e9, transparence et impartialit\u00e9 \u00bb.Il a \u00e9galement mis en avant \u00ab la n\u00e9cessit\u00e9 de mettre en place des r\u00e8gles juridiques et des mesures disciplinaires susceptibles de mettre fin aux situations d\u2019anarchie et de combler les vides juridiques exploit\u00e9es par des chaines priv\u00e9es dont les si\u00e8ges sociaux se trouvent \u00e0 l\u2019\u00e9tranger et partant, soumis au droit \u00e9tranger, alors que leur activit\u00e9 est exerc\u00e9e en Alg\u00e9rie, ses personnels sont Alg\u00e9riens et leurs programmes sont destin\u00e9s aux t\u00e9l\u00e9spectateurs Alg\u00e9riens \u00bb.Il s\u2019agit, selon le ministre de la communication \u00ab de r\u00e8gles visant \u00e0 organiser et rationnaliser les d\u00e9penses et \u00e0 suivre le processus des op\u00e9rations financi\u00e8res etfiscales li\u00e9es \u00e0 l\u2019activit\u00e9 audiovisuelle, mais aussi de faire face aux pratiques ill\u00e9gales, telle la cr\u00e9ation de lobbies soumis \u00e0 l\u2019argent et \u00e0 d\u2019autres d\u00e9passementsgraves comme le marchandage, le chantage et l\u2019atteinte \u00e0 la vie priv\u00e9e \u00bb.En ce qui concerne l\u2019accompagnement de la promulgation de cette nouvelle loi, Amar Belhimer, a fait \u00e9tat de \u00ab l\u2019\u00e9laboration d\u2019un projet d\u2019arr\u00eat\u00e9 portant conditions g\u00e9n\u00e9rales imposables \u00e0 tout service de t\u00e9l\u00e9diffusion en ad\u00e9quation avec la Constitution de 2020 et avec les deux nouveaux textes de l\u2019information et de l\u2019audiovisuel \u00bb.Ce texte vise, selon le ministre de la communication \u00ab \u00e0 contribuer au renforcement du respect des libert\u00e9s fondamentales, tels la libert\u00e9 d\u2019expression et les droits de l\u2019homme et les exigences de la gestion d\u00e9mocratique de la soci\u00e9t\u00e9, en l\u2019occurrence le pluralisme et la transparence, en sus de celles de la pr\u00e9servation de la s\u00e9curit\u00e9, de l\u2019ordre public et des int\u00e9r\u00eats supr\u00eames de la Nation \u00bb, ajoutant que ce texte \u00ab fixe par ailleurs les engagements \u00e9thiques en mati\u00e8re de traitement professionnel de l\u2019information, de la programmation et de la diffusion des contenusainsi que la soumission au contr\u00f4le de l\u2019Autorit\u00e9 nationale ind\u00e9pendante de r\u00e9gulation de l\u2019audiovisuel et la mise en \u0153uvre de ses recommandations \u00bb.A propos du projet de loi organique sur l\u2019information, Amar Belhimer a indiqu\u00e9 que \u00ab vu l\u2019importance de la communication et du r\u00f4le de l\u2019information, notamment au regard des mutations nationales profondes et des d\u00e9veloppements internationaux effr\u00e9n\u00e9s, les dispositions de la Constitution de 2020 en ont fait des domaines importants \u00e0 organiser en vertu d\u2019une loi organique qui consacre la pratique d\u00e9mocratique et d\u00e9termine et r\u00e9gule les droits et libert\u00e9s, tout en garantissant le service public et l\u2019int\u00e9r\u00eat national \u00bb.Pour ce membre du gouvernement \u00ab l\u2019adaptation de la loi organique sur l\u2019information \u00e0 cette vision et aux nouvelles orientations, s\u2019est r\u00e9v\u00e9l\u00e9e plus que n\u00e9cessaire en vue de promouvoir le droit \u00e0 l\u2019information, de renforcer l\u2019exercice journalistique en toute libert\u00e9 et responsabilit\u00e9 et de se diriger vers une information \u00e9lectronique positive et efficace, \u00e0 laquelle font recours des milliards de personnes, notamment les jeunes \u00bb.<\/p>\n\n\n\n<p><strong>Boubekeur Amrani<\/strong><\/p>\n","protected":false},"excerpt":{"rendered":"<p>&nbsp;Le ministre de la Communication, Amar Belhimer, a indiqu\u00e9 dans un entretien accord\u00e9e \u00e0 l\u2019APS que le projet de loi<\/p>\n","protected":false},"author":3,"featured_media":6276,"comment_status":"open","ping_status":"closed","sticky":false,"template":"","format":"standard","meta":{"colormag_page_container_layout":"default_layout","colormag_page_sidebar_layout":"default_layout","om_disable_all_campaigns":false,"_monsterinsights_skip_tracking":false,"_monsterinsights_sitenote_active":false,"_monsterinsights_sitenote_note":"","_monsterinsights_sitenote_category":0,"footnotes":"","_wpscppro_dont_share_socialmedia":false,"_wpscppro_custom_social_share_image":0,"_facebook_share_type":"","_twitter_share_type":"","_linkedin_share_type":"","_pinterest_share_type":"","_linkedin_share_type_page":"","_instagram_share_type":"","_medium_share_type":"","_threads_share_type":"","_google_business_share_type":"","_selected_social_profile":[],"_wpsp_enable_custom_social_template":false,"_wpsp_social_scheduling":{"enabled":false,"datetime":null,"platforms":[],"status":"template_only","dateOption":"today","timeOption":"now","customDays":"","customHours":"","customDate":"","customTime":"","schedulingType":"absolute"},"_wpsp_active_default_template":true},"categories":[27],"tags":[],"class_list":["post-6271","post","type-post","status-publish","format-standard","has-post-thumbnail","hentry","category-actualite"],"aioseo_notices":[],"yoast_head":"<!-- This site is optimized with the Yoast SEO plugin v27.5 - https:\/\/yoast.com\/product\/yoast-seo-wordpress\/ -->\n<title>Amar Belhimer, ministre de la Communication : \u00abMettre un terme \u00e0 l\u2019anarchie dans le secteur de l\u2019audiovisuel\u00bb - La Sentinelle<\/title>\n<meta name=\"robots\" content=\"index, follow, max-snippet:-1, max-image-preview:large, max-video-preview:-1\" \/>\n<link rel=\"canonical\" href=\"https:\/\/lasentinelle.dz\/index.php\/2021\/09\/02\/amar-belhimer-ministre-de-la-communication-mettre-un-terme-a-lanarchie-dans-le-secteur-de-laudiovisuel\/\" \/>\n<meta property=\"og:locale\" content=\"fr_FR\" \/>\n<meta property=\"og:type\" content=\"article\" \/>\n<meta property=\"og:title\" content=\"Amar Belhimer, ministre de la Communication : \u00abMettre un terme \u00e0 l\u2019anarchie dans le secteur de l\u2019audiovisuel\u00bb - La Sentinelle\" \/>\n<meta property=\"og:description\" content=\"&nbsp;Le ministre de la Communication, Amar Belhimer, a indiqu\u00e9 dans un entretien accord\u00e9e \u00e0 l\u2019APS que le projet de loi\" \/>\n<meta property=\"og:url\" content=\"https:\/\/lasentinelle.dz\/index.php\/2021\/09\/02\/amar-belhimer-ministre-de-la-communication-mettre-un-terme-a-lanarchie-dans-le-secteur-de-laudiovisuel\/\" \/>\n<meta property=\"og:site_name\" content=\"La Sentinelle\" \/>\n<meta property=\"article:publisher\" content=\"https:\/\/www.facebook.com\/La-Sentinelle-104059864394773\" \/>\n<meta property=\"article:published_time\" content=\"2021-09-01T23:01:00+00:00\" \/>\n<meta property=\"og:image\" content=\"https:\/\/lasentinelle.dz\/wp-content\/uploads\/2021\/09\/image_2021-09-01_182535.png\" \/>\n\t<meta property=\"og:image:width\" content=\"745\" \/>\n\t<meta property=\"og:image:height\" content=\"470\" \/>\n\t<meta property=\"og:image:type\" content=\"image\/png\" \/>\n<meta name=\"author\" content=\"La Sentinelle\" \/>\n<meta name=\"twitter:card\" content=\"summary_large_image\" \/>\n<meta name=\"twitter:label1\" content=\"\u00c9crit par\" \/>\n\t<meta name=\"twitter:data1\" content=\"La Sentinelle\" \/>\n\t<meta name=\"twitter:label2\" content=\"Dur\u00e9e de lecture estim\u00e9e\" \/>\n\t<meta name=\"twitter:data2\" content=\"5 minutes\" \/>\n<script type=\"application\/ld+json\" class=\"yoast-schema-graph\">{\"@context\":\"https:\\\/\\\/schema.org\",\"@graph\":[{\"@type\":\"Article\",\"@id\":\"https:\\\/\\\/lasentinelle.dz\\\/index.php\\\/2021\\\/09\\\/02\\\/amar-belhimer-ministre-de-la-communication-mettre-un-terme-a-lanarchie-dans-le-secteur-de-laudiovisuel\\\/#article\",\"isPartOf\":{\"@id\":\"https:\\\/\\\/lasentinelle.dz\\\/index.php\\\/2021\\\/09\\\/02\\\/amar-belhimer-ministre-de-la-communication-mettre-un-terme-a-lanarchie-dans-le-secteur-de-laudiovisuel\\\/\"},\"author\":{\"name\":\"La Sentinelle\",\"@id\":\"https:\\\/\\\/lasentinelle.dz\\\/#\\\/schema\\\/person\\\/d865044e22e70a75174ce8bcad3acfb3\"},\"headline\":\"Amar Belhimer, ministre de la Communication : \u00abMettre un terme \u00e0 l\u2019anarchie dans le secteur de l\u2019audiovisuel\u00bb\",\"datePublished\":\"2021-09-01T23:01:00+00:00\",\"mainEntityOfPage\":{\"@id\":\"https:\\\/\\\/lasentinelle.dz\\\/index.php\\\/2021\\\/09\\\/02\\\/amar-belhimer-ministre-de-la-communication-mettre-un-terme-a-lanarchie-dans-le-secteur-de-laudiovisuel\\\/\"},\"wordCount\":1204,\"commentCount\":0,\"publisher\":{\"@id\":\"https:\\\/\\\/lasentinelle.dz\\\/#organization\"},\"image\":{\"@id\":\"https:\\\/\\\/lasentinelle.dz\\\/index.php\\\/2021\\\/09\\\/02\\\/amar-belhimer-ministre-de-la-communication-mettre-un-terme-a-lanarchie-dans-le-secteur-de-laudiovisuel\\\/#primaryimage\"},\"thumbnailUrl\":\"https:\\\/\\\/lasentinelle.dz\\\/wp-content\\\/uploads\\\/2021\\\/09\\\/image_2021-09-01_182535.png\",\"articleSection\":[\"Actualit\u00e9\"],\"inLanguage\":\"fr-FR\",\"potentialAction\":[{\"@type\":\"CommentAction\",\"name\":\"Comment\",\"target\":[\"https:\\\/\\\/lasentinelle.dz\\\/index.php\\\/2021\\\/09\\\/02\\\/amar-belhimer-ministre-de-la-communication-mettre-un-terme-a-lanarchie-dans-le-secteur-de-laudiovisuel\\\/#respond\"]}]},{\"@type\":\"WebPage\",\"@id\":\"https:\\\/\\\/lasentinelle.dz\\\/index.php\\\/2021\\\/09\\\/02\\\/amar-belhimer-ministre-de-la-communication-mettre-un-terme-a-lanarchie-dans-le-secteur-de-laudiovisuel\\\/\",\"url\":\"https:\\\/\\\/lasentinelle.dz\\\/index.php\\\/2021\\\/09\\\/02\\\/amar-belhimer-ministre-de-la-communication-mettre-un-terme-a-lanarchie-dans-le-secteur-de-laudiovisuel\\\/\",\"name\":\"Amar Belhimer, ministre de la Communication : \u00abMettre un terme \u00e0 l\u2019anarchie dans le secteur de l\u2019audiovisuel\u00bb - La Sentinelle\",\"isPartOf\":{\"@id\":\"https:\\\/\\\/lasentinelle.dz\\\/#website\"},\"primaryImageOfPage\":{\"@id\":\"https:\\\/\\\/lasentinelle.dz\\\/index.php\\\/2021\\\/09\\\/02\\\/amar-belhimer-ministre-de-la-communication-mettre-un-terme-a-lanarchie-dans-le-secteur-de-laudiovisuel\\\/#primaryimage\"},\"image\":{\"@id\":\"https:\\\/\\\/lasentinelle.dz\\\/index.php\\\/2021\\\/09\\\/02\\\/amar-belhimer-ministre-de-la-communication-mettre-un-terme-a-lanarchie-dans-le-secteur-de-laudiovisuel\\\/#primaryimage\"},\"thumbnailUrl\":\"https:\\\/\\\/lasentinelle.dz\\\/wp-content\\\/uploads\\\/2021\\\/09\\\/image_2021-09-01_182535.png\",\"datePublished\":\"2021-09-01T23:01:00+00:00\",\"breadcrumb\":{\"@id\":\"https:\\\/\\\/lasentinelle.dz\\\/index.php\\\/2021\\\/09\\\/02\\\/amar-belhimer-ministre-de-la-communication-mettre-un-terme-a-lanarchie-dans-le-secteur-de-laudiovisuel\\\/#breadcrumb\"},\"inLanguage\":\"fr-FR\",\"potentialAction\":[{\"@type\":\"ReadAction\",\"target\":[\"https:\\\/\\\/lasentinelle.dz\\\/index.php\\\/2021\\\/09\\\/02\\\/amar-belhimer-ministre-de-la-communication-mettre-un-terme-a-lanarchie-dans-le-secteur-de-laudiovisuel\\\/\"]}]},{\"@type\":\"ImageObject\",\"inLanguage\":\"fr-FR\",\"@id\":\"https:\\\/\\\/lasentinelle.dz\\\/index.php\\\/2021\\\/09\\\/02\\\/amar-belhimer-ministre-de-la-communication-mettre-un-terme-a-lanarchie-dans-le-secteur-de-laudiovisuel\\\/#primaryimage\",\"url\":\"https:\\\/\\\/lasentinelle.dz\\\/wp-content\\\/uploads\\\/2021\\\/09\\\/image_2021-09-01_182535.png\",\"contentUrl\":\"https:\\\/\\\/lasentinelle.dz\\\/wp-content\\\/uploads\\\/2021\\\/09\\\/image_2021-09-01_182535.png\",\"width\":745,\"height\":470},{\"@type\":\"BreadcrumbList\",\"@id\":\"https:\\\/\\\/lasentinelle.dz\\\/index.php\\\/2021\\\/09\\\/02\\\/amar-belhimer-ministre-de-la-communication-mettre-un-terme-a-lanarchie-dans-le-secteur-de-laudiovisuel\\\/#breadcrumb\",\"itemListElement\":[{\"@type\":\"ListItem\",\"position\":1,\"name\":\"Accueil\",\"item\":\"https:\\\/\\\/lasentinelle.dz\\\/\"},{\"@type\":\"ListItem\",\"position\":2,\"name\":\"Amar Belhimer, ministre de la Communication : \u00abMettre un terme \u00e0 l\u2019anarchie dans le secteur de l\u2019audiovisuel\u00bb\"}]},{\"@type\":\"WebSite\",\"@id\":\"https:\\\/\\\/lasentinelle.dz\\\/#website\",\"url\":\"https:\\\/\\\/lasentinelle.dz\\\/\",\"name\":\"La Sentinelle\",\"description\":\"Quotidien national d&#039;information\",\"publisher\":{\"@id\":\"https:\\\/\\\/lasentinelle.dz\\\/#organization\"},\"potentialAction\":[{\"@type\":\"SearchAction\",\"target\":{\"@type\":\"EntryPoint\",\"urlTemplate\":\"https:\\\/\\\/lasentinelle.dz\\\/?s={search_term_string}\"},\"query-input\":{\"@type\":\"PropertyValueSpecification\",\"valueRequired\":true,\"valueName\":\"search_term_string\"}}],\"inLanguage\":\"fr-FR\"},{\"@type\":\"Organization\",\"@id\":\"https:\\\/\\\/lasentinelle.dz\\\/#organization\",\"name\":\"Quotidien La Sentinelle\",\"url\":\"https:\\\/\\\/lasentinelle.dz\\\/\",\"logo\":{\"@type\":\"ImageObject\",\"inLanguage\":\"fr-FR\",\"@id\":\"https:\\\/\\\/lasentinelle.dz\\\/#\\\/schema\\\/logo\\\/image\\\/\",\"url\":\"https:\\\/\\\/lasentinelle.dz\\\/wp-content\\\/uploads\\\/2021\\\/09\\\/logo-sentinelleSLOGAN-1.png\",\"contentUrl\":\"https:\\\/\\\/lasentinelle.dz\\\/wp-content\\\/uploads\\\/2021\\\/09\\\/logo-sentinelleSLOGAN-1.png\",\"width\":615,\"height\":142,\"caption\":\"Quotidien La Sentinelle\"},\"image\":{\"@id\":\"https:\\\/\\\/lasentinelle.dz\\\/#\\\/schema\\\/logo\\\/image\\\/\"},\"sameAs\":[\"https:\\\/\\\/www.facebook.com\\\/La-Sentinelle-104059864394773\"]},{\"@type\":\"Person\",\"@id\":\"https:\\\/\\\/lasentinelle.dz\\\/#\\\/schema\\\/person\\\/d865044e22e70a75174ce8bcad3acfb3\",\"name\":\"La Sentinelle\",\"image\":{\"@type\":\"ImageObject\",\"inLanguage\":\"fr-FR\",\"@id\":\"https:\\\/\\\/secure.gravatar.com\\\/avatar\\\/57de8e5d4b15d43fb361a71fbb36338450fe67865b528a43dd10ef7c51a20392?s=96&d=mm&r=g\",\"url\":\"https:\\\/\\\/secure.gravatar.com\\\/avatar\\\/57de8e5d4b15d43fb361a71fbb36338450fe67865b528a43dd10ef7c51a20392?s=96&d=mm&r=g\",\"contentUrl\":\"https:\\\/\\\/secure.gravatar.com\\\/avatar\\\/57de8e5d4b15d43fb361a71fbb36338450fe67865b528a43dd10ef7c51a20392?s=96&d=mm&r=g\",\"caption\":\"La Sentinelle\"},\"sameAs\":[\"http:\\\/\\\/www.lasentinelle.dz\"],\"url\":\"https:\\\/\\\/lasentinelle.dz\\\/author\\\/redaction\\\/\"}]}<\/script>\n<!-- \/ Yoast SEO plugin. -->","yoast_head_json":{"title":"Amar Belhimer, ministre de la Communication : \u00abMettre un terme \u00e0 l\u2019anarchie dans le secteur de l\u2019audiovisuel\u00bb - La Sentinelle","robots":{"index":"index","follow":"follow","max-snippet":"max-snippet:-1","max-image-preview":"max-image-preview:large","max-video-preview":"max-video-preview:-1"},"canonical":"https:\/\/lasentinelle.dz\/index.php\/2021\/09\/02\/amar-belhimer-ministre-de-la-communication-mettre-un-terme-a-lanarchie-dans-le-secteur-de-laudiovisuel\/","og_locale":"fr_FR","og_type":"article","og_title":"Amar Belhimer, ministre de la Communication : \u00abMettre un terme \u00e0 l\u2019anarchie dans le secteur de l\u2019audiovisuel\u00bb - La Sentinelle","og_description":"&nbsp;Le ministre de la Communication, Amar Belhimer, a indiqu\u00e9 dans un entretien accord\u00e9e \u00e0 l\u2019APS que le projet de loi","og_url":"https:\/\/lasentinelle.dz\/index.php\/2021\/09\/02\/amar-belhimer-ministre-de-la-communication-mettre-un-terme-a-lanarchie-dans-le-secteur-de-laudiovisuel\/","og_site_name":"La Sentinelle","article_publisher":"https:\/\/www.facebook.com\/La-Sentinelle-104059864394773","article_published_time":"2021-09-01T23:01:00+00:00","og_image":[{"width":745,"height":470,"url":"https:\/\/lasentinelle.dz\/wp-content\/uploads\/2021\/09\/image_2021-09-01_182535.png","type":"image\/png"}],"author":"La Sentinelle","twitter_card":"summary_large_image","twitter_misc":{"\u00c9crit par":"La Sentinelle","Dur\u00e9e de lecture estim\u00e9e":"5 minutes"},"schema":{"@context":"https:\/\/schema.org","@graph":[{"@type":"Article","@id":"https:\/\/lasentinelle.dz\/index.php\/2021\/09\/02\/amar-belhimer-ministre-de-la-communication-mettre-un-terme-a-lanarchie-dans-le-secteur-de-laudiovisuel\/#article","isPartOf":{"@id":"https:\/\/lasentinelle.dz\/index.php\/2021\/09\/02\/amar-belhimer-ministre-de-la-communication-mettre-un-terme-a-lanarchie-dans-le-secteur-de-laudiovisuel\/"},"author":{"name":"La Sentinelle","@id":"https:\/\/lasentinelle.dz\/#\/schema\/person\/d865044e22e70a75174ce8bcad3acfb3"},"headline":"Amar Belhimer, ministre de la Communication : \u00abMettre un terme \u00e0 l\u2019anarchie dans le secteur de l\u2019audiovisuel\u00bb","datePublished":"2021-09-01T23:01:00+00:00","mainEntityOfPage":{"@id":"https:\/\/lasentinelle.dz\/index.php\/2021\/09\/02\/amar-belhimer-ministre-de-la-communication-mettre-un-terme-a-lanarchie-dans-le-secteur-de-laudiovisuel\/"},"wordCount":1204,"commentCount":0,"publisher":{"@id":"https:\/\/lasentinelle.dz\/#organization"},"image":{"@id":"https:\/\/lasentinelle.dz\/index.php\/2021\/09\/02\/amar-belhimer-ministre-de-la-communication-mettre-un-terme-a-lanarchie-dans-le-secteur-de-laudiovisuel\/#primaryimage"},"thumbnailUrl":"https:\/\/lasentinelle.dz\/wp-content\/uploads\/2021\/09\/image_2021-09-01_182535.png","articleSection":["Actualit\u00e9"],"inLanguage":"fr-FR","potentialAction":[{"@type":"CommentAction","name":"Comment","target":["https:\/\/lasentinelle.dz\/index.php\/2021\/09\/02\/amar-belhimer-ministre-de-la-communication-mettre-un-terme-a-lanarchie-dans-le-secteur-de-laudiovisuel\/#respond"]}]},{"@type":"WebPage","@id":"https:\/\/lasentinelle.dz\/index.php\/2021\/09\/02\/amar-belhimer-ministre-de-la-communication-mettre-un-terme-a-lanarchie-dans-le-secteur-de-laudiovisuel\/","url":"https:\/\/lasentinelle.dz\/index.php\/2021\/09\/02\/amar-belhimer-ministre-de-la-communication-mettre-un-terme-a-lanarchie-dans-le-secteur-de-laudiovisuel\/","name":"Amar Belhimer, ministre de la Communication : \u00abMettre un terme \u00e0 l\u2019anarchie dans le secteur de l\u2019audiovisuel\u00bb - La Sentinelle","isPartOf":{"@id":"https:\/\/lasentinelle.dz\/#website"},"primaryImageOfPage":{"@id":"https:\/\/lasentinelle.dz\/index.php\/2021\/09\/02\/amar-belhimer-ministre-de-la-communication-mettre-un-terme-a-lanarchie-dans-le-secteur-de-laudiovisuel\/#primaryimage"},"image":{"@id":"https:\/\/lasentinelle.dz\/index.php\/2021\/09\/02\/amar-belhimer-ministre-de-la-communication-mettre-un-terme-a-lanarchie-dans-le-secteur-de-laudiovisuel\/#primaryimage"},"thumbnailUrl":"https:\/\/lasentinelle.dz\/wp-content\/uploads\/2021\/09\/image_2021-09-01_182535.png","datePublished":"2021-09-01T23:01:00+00:00","breadcrumb":{"@id":"https:\/\/lasentinelle.dz\/index.php\/2021\/09\/02\/amar-belhimer-ministre-de-la-communication-mettre-un-terme-a-lanarchie-dans-le-secteur-de-laudiovisuel\/#breadcrumb"},"inLanguage":"fr-FR","potentialAction":[{"@type":"ReadAction","target":["https:\/\/lasentinelle.dz\/index.php\/2021\/09\/02\/amar-belhimer-ministre-de-la-communication-mettre-un-terme-a-lanarchie-dans-le-secteur-de-laudiovisuel\/"]}]},{"@type":"ImageObject","inLanguage":"fr-FR","@id":"https:\/\/lasentinelle.dz\/index.php\/2021\/09\/02\/amar-belhimer-ministre-de-la-communication-mettre-un-terme-a-lanarchie-dans-le-secteur-de-laudiovisuel\/#primaryimage","url":"https:\/\/lasentinelle.dz\/wp-content\/uploads\/2021\/09\/image_2021-09-01_182535.png","contentUrl":"https:\/\/lasentinelle.dz\/wp-content\/uploads\/2021\/09\/image_2021-09-01_182535.png","width":745,"height":470},{"@type":"BreadcrumbList","@id":"https:\/\/lasentinelle.dz\/index.php\/2021\/09\/02\/amar-belhimer-ministre-de-la-communication-mettre-un-terme-a-lanarchie-dans-le-secteur-de-laudiovisuel\/#breadcrumb","itemListElement":[{"@type":"ListItem","position":1,"name":"Accueil","item":"https:\/\/lasentinelle.dz\/"},{"@type":"ListItem","position":2,"name":"Amar Belhimer, ministre de la Communication : \u00abMettre un terme \u00e0 l\u2019anarchie dans le secteur de l\u2019audiovisuel\u00bb"}]},{"@type":"WebSite","@id":"https:\/\/lasentinelle.dz\/#website","url":"https:\/\/lasentinelle.dz\/","name":"La Sentinelle","description":"Quotidien national d&#039;information","publisher":{"@id":"https:\/\/lasentinelle.dz\/#organization"},"potentialAction":[{"@type":"SearchAction","target":{"@type":"EntryPoint","urlTemplate":"https:\/\/lasentinelle.dz\/?s={search_term_string}"},"query-input":{"@type":"PropertyValueSpecification","valueRequired":true,"valueName":"search_term_string"}}],"inLanguage":"fr-FR"},{"@type":"Organization","@id":"https:\/\/lasentinelle.dz\/#organization","name":"Quotidien La Sentinelle","url":"https:\/\/lasentinelle.dz\/","logo":{"@type":"ImageObject","inLanguage":"fr-FR","@id":"https:\/\/lasentinelle.dz\/#\/schema\/logo\/image\/","url":"https:\/\/lasentinelle.dz\/wp-content\/uploads\/2021\/09\/logo-sentinelleSLOGAN-1.png","contentUrl":"https:\/\/lasentinelle.dz\/wp-content\/uploads\/2021\/09\/logo-sentinelleSLOGAN-1.png","width":615,"height":142,"caption":"Quotidien La Sentinelle"},"image":{"@id":"https:\/\/lasentinelle.dz\/#\/schema\/logo\/image\/"},"sameAs":["https:\/\/www.facebook.com\/La-Sentinelle-104059864394773"]},{"@type":"Person","@id":"https:\/\/lasentinelle.dz\/#\/schema\/person\/d865044e22e70a75174ce8bcad3acfb3","name":"La Sentinelle","image":{"@type":"ImageObject","inLanguage":"fr-FR","@id":"https:\/\/secure.gravatar.com\/avatar\/57de8e5d4b15d43fb361a71fbb36338450fe67865b528a43dd10ef7c51a20392?s=96&d=mm&r=g","url":"https:\/\/secure.gravatar.com\/avatar\/57de8e5d4b15d43fb361a71fbb36338450fe67865b528a43dd10ef7c51a20392?s=96&d=mm&r=g","contentUrl":"https:\/\/secure.gravatar.com\/avatar\/57de8e5d4b15d43fb361a71fbb36338450fe67865b528a43dd10ef7c51a20392?s=96&d=mm&r=g","caption":"La Sentinelle"},"sameAs":["http:\/\/www.lasentinelle.dz"],"url":"https:\/\/lasentinelle.dz\/author\/redaction\/"}]}},"_links":{"self":[{"href":"https:\/\/lasentinelle.dz\/index.php\/wp-json\/wp\/v2\/posts\/6271","targetHints":{"allow":["GET"]}}],"collection":[{"href":"https:\/\/lasentinelle.dz\/index.php\/wp-json\/wp\/v2\/posts"}],"about":[{"href":"https:\/\/lasentinelle.dz\/index.php\/wp-json\/wp\/v2\/types\/post"}],"author":[{"embeddable":true,"href":"https:\/\/lasentinelle.dz\/index.php\/wp-json\/wp\/v2\/users\/3"}],"replies":[{"embeddable":true,"href":"https:\/\/lasentinelle.dz\/index.php\/wp-json\/wp\/v2\/comments?post=6271"}],"version-history":[{"count":1,"href":"https:\/\/lasentinelle.dz\/index.php\/wp-json\/wp\/v2\/posts\/6271\/revisions"}],"predecessor-version":[{"id":6277,"href":"https:\/\/lasentinelle.dz\/index.php\/wp-json\/wp\/v2\/posts\/6271\/revisions\/6277"}],"wp:featuredmedia":[{"embeddable":true,"href":"https:\/\/lasentinelle.dz\/index.php\/wp-json\/wp\/v2\/media\/6276"}],"wp:attachment":[{"href":"https:\/\/lasentinelle.dz\/index.php\/wp-json\/wp\/v2\/media?parent=6271"}],"wp:term":[{"taxonomy":"category","embeddable":true,"href":"https:\/\/lasentinelle.dz\/index.php\/wp-json\/wp\/v2\/categories?post=6271"},{"taxonomy":"post_tag","embeddable":true,"href":"https:\/\/lasentinelle.dz\/index.php\/wp-json\/wp\/v2\/tags?post=6271"}],"curies":[{"name":"wp","href":"https:\/\/api.w.org\/{rel}","templated":true}]}}