{"id":62712,"date":"2025-02-09T12:57:01","date_gmt":"2025-02-09T11:57:01","guid":{"rendered":"https:\/\/lasentinelle.dz\/?p=62712"},"modified":"2025-02-09T12:57:02","modified_gmt":"2025-02-09T11:57:02","slug":"tour-dalgerie-2025-une-25e-edition-entre-memoire-et-decouverte","status":"publish","type":"post","link":"https:\/\/lasentinelle.dz\/index.php\/2025\/02\/09\/tour-dalgerie-2025-une-25e-edition-entre-memoire-et-decouverte\/","title":{"rendered":"Tour d&rsquo;Alg\u00e9rie 2025\u00a0:\u00a0Une 25e \u00e9dition entre m\u00e9moire et d\u00e9couverte"},"content":{"rendered":"\n<p>Entre symboles historiques et d\u00e9fis sportifs, la 25e \u00e9dition du Tour d&rsquo;Alg\u00e9rie cycliste (TAC 2025) s&rsquo;annonce comme un \u00e9v\u00e9nement exceptionnel qui marquera l&rsquo;histoire du cyclisme africain. Cette grande f\u00eate du v\u00e9lo, qui s&rsquo;\u00e9lancera&nbsp;aujourd&rsquo;hui&nbsp;pour dix jours de comp\u00e9tition intense, promet de conjuguer performance sportive et d\u00e9couverte des splendeurs de l&rsquo;Est et du Sud alg\u00e9riens, sur un parcours total de 1404 kilom\u00e8tres traversant pas moins de douze villes du pays.<\/p>\n\n\n\n<p>La Maison de la Culture de Guelma a vibr\u00e9 vendredi soir lors de la traditionnelle c\u00e9r\u00e9monie de pr\u00e9sentation des \u00e9quipes, en pr\u00e9sence d&rsquo;un parterre de personnalit\u00e9s, dont la Wali de Guelma, Mme Houria Aggoune, le pr\u00e9sident du Comit\u00e9 olympique et sportif alg\u00e9rien, Abderrahmane Hammad, et le pr\u00e9sident de la F\u00e9d\u00e9ration alg\u00e9rienne de cyclisme, Khierddine Barbari. Ce dernier a d&rsquo;ailleurs donn\u00e9 le ton de cette \u00e9dition particuli\u00e8re dans son discours d&rsquo;ouverture : \u00ab\u00a0Pour cette 25e \u00e9dition, la caravane du TAC s&rsquo;\u00e9lancera de Tunisie \u00e0 travers l&rsquo;organisation du Grand Prix de Sakiet Sidi Youcef le 8 f\u00e9vrier, une date historique pour nos deux pays. Cette \u00e9dition enregistrera \u00e9galement la participation symbolique de la s\u00e9lection du Sahara occidental, invit\u00e9e d&rsquo;honneur du TAC 2025.\u00a0\u00bb&nbsp;L&rsquo;\u00e9dition 2025 rassemble un plateau particuli\u00e8rement relev\u00e9 avec quinze \u00e9quipes engag\u00e9es, dont six formations alg\u00e9riennes. Parmi elles, on retrouve les prestigieux Madar Procycling Team et MC Alger, ainsi que Majd El Guerara et IRBEK El Kantra, sans oublier les s\u00e9lections nationales Elite et D\u00e9veloppement. La dimension internationale est assur\u00e9e par neuf \u00e9quipes \u00e9trang\u00e8res de renom, notamment la Team Flanders de Belgique, la Team Technipes Inemilia Romania d&rsquo;Italie, l&rsquo;Universe Cycling Team des Pays-Bas, la CLN Cycling de Suisse, la Team Stork d&rsquo;Allemagne et la Glory Mentech de Chine. Les s\u00e9lections nationales de Tunisie, Maurice et \u00c9rythr\u00e9e compl\u00e8tent ce plateau cosmopolite.&nbsp;Comme l&rsquo;explique Barbari : \u00ab\u00a0Nous avons invit\u00e9 des \u00e9quipes de qualit\u00e9 pour hausser le niveau et offrir ainsi le meilleur spectacle possible, et surtout, permettre \u00e0 nos athl\u00e8tes de se frotter \u00e0 des adversaires d&rsquo;envergure, ce qui leur permettra de gagner en exp\u00e9rience et de mieux s&rsquo;aguerrir.\u00a0\u00bb Une vision strat\u00e9gique qui t\u00e9moigne de l&rsquo;ambition des organisateurs de faire de ce Tour une r\u00e9f\u00e9rence continentale.<\/p>\n\n\n\n<p>Un d\u00e9part historique et symbolique<\/p>\n\n\n\n<p>La particularit\u00e9 de cette 25e \u00e9dition r\u00e9side dans son d\u00e9part symbolique en Tunisie, avec le Grand Prix de Sakiet Sidi Youcef&nbsp;tenu hier. Cette \u00e9preuve de 122 kilom\u00e8tres,&nbsp;a reli\u00e9&nbsp;Sakiet Sidi Youcef \u00e0 Guelma, rev\u00eat une dimension m\u00e9morielle forte, rendant hommage aux victimes des massacres perp\u00e9tr\u00e9s par l&rsquo;arm\u00e9e coloniale fran\u00e7aise le 8 f\u00e9vrier 1958. Selon le Directeur du Tour, Yacine Laffala, 80 coureurs repr\u00e9sentant 14 \u00e9quipes&nbsp;ont pris&nbsp;part \u00e0 cette premi\u00e8re \u00e9preuve, l&rsquo;\u00e9quipe chinoise Glory Mentech ne pouvant y participer en raison de son arriv\u00e9e tardive, mais rejoindra le peloton d\u00e8s la premi\u00e8re \u00e9tape officielle.&nbsp;Le trac\u00e9 de cette 25e \u00e9dition promet d&rsquo;\u00eatre aussi spectaculaire qu&rsquo;exigeant. Apr\u00e8s le d\u00e9part officiel de Guelma le 9 f\u00e9vrier, avec une premi\u00e8re \u00e9tape de 103,2 kilom\u00e8tres menant \u00e0 Constantine, les coureurs devront affronter des d\u00e9fis vari\u00e9s \u00e0 travers les diff\u00e9rents reliefs du pays. La deuxi\u00e8me \u00e9tape reliant Constantine \u00e0 S\u00e9tif sur 145,5 kilom\u00e8tres mettra d\u00e9j\u00e0 \u00e0 l&rsquo;\u00e9preuve les organismes, avant une troisi\u00e8me \u00e9tape de 130,6 kilom\u00e8tres entre S\u00e9tif et Batna, au c\u0153ur des Aur\u00e8s.&nbsp;La course prendra ensuite la direction du Sud, offrant aux spectateurs et aux coureurs des paysages \u00e0 couper le souffle. De Biskra \u00e0 Boussa\u00e2da, puis de Djelfa \u00e0 Laghouat, le peloton traversera des territoires aux caract\u00e9ristiques bien diff\u00e9rentes. Le point d&rsquo;orgue de ce p\u00e9riple sera sans doute la huiti\u00e8me \u00e9tape entre Laghouat et Gharda\u00efa, la plus longue du Tour avec ses 197,8 kilom\u00e8tres, qui testera la r\u00e9sistance des coureurs avant les derni\u00e8res \u00e9tapes dans le grand Sud.&nbsp;Les organisateurs ont mis les petits plats dans les grands pour assurer une couverture m\u00e9diatique \u00e0 la hauteur de l&rsquo;\u00e9v\u00e9nement. Une \u00e9quipe sp\u00e9ciale sera charg\u00e9e de retransmettre en direct les 30 derniers kilom\u00e8tres de chaque \u00e9tape via les r\u00e9seaux sociaux officiels du Tour, permettant aux passionn\u00e9s de suivre l&rsquo;\u00e9volution de la course en temps r\u00e9el. Cette initiative moderne s&rsquo;accompagne d&rsquo;un syst\u00e8me de r\u00e9compenses attractif, avec sept maillots distinctifs attribu\u00e9s quotidiennement : bleu pour le vainqueur d&rsquo;\u00e9tape, jaune pour le leader du classement g\u00e9n\u00e9ral, blanc pour le meilleur jeune, vert pour le meilleur sprinter, \u00e0 pois pour le meilleur grimpeur, orange pour le coureur le plus combatif, et rouge pour le meilleur cycliste alg\u00e9rien.<\/p>\n\n\n\n<p>Au-del\u00e0 de la comp\u00e9tition<\/p>\n\n\n\n<p>Le TAC 2025 ne se limite pas \u00e0 sa dimension sportive. Les organisateurs ont pr\u00e9vu une riche programmation culturelle en parall\u00e8le des \u00e9tapes, permettant aux participants et spectateurs de d\u00e9couvrir le patrimoine des r\u00e9gions travers\u00e9es. Cette volont\u00e9 de promotion culturelle et touristique se poursuivra jusqu&rsquo;aux derniers jours de la manifestation, qui se conclura par deux \u00e9v\u00e9nements majeurs : le Grand Prix de la Sonatrach \u00e0 Hassi Messaoud le 20 f\u00e9vrier, c\u00e9l\u00e9brant la nationalisation des hydrocarbures de 1971, et le Grand Prix d&rsquo;Alger \u00ab\u00a0Djamel Boukercha\u00a0\u00bb le 22 f\u00e9vrier, en hommage au regrett\u00e9 journaliste sportif de la radio nationale cha\u00eene 3.&nbsp;Cette \u00e9dition du Tour d&rsquo;Alg\u00e9rie rev\u00eat une importance particuli\u00e8re dans le calendrier cycliste international. Inscrite au calendrier de l&rsquo;Africa Tour de l&rsquo;Union cycliste internationale (UCI), la comp\u00e9tition permettra aux coureurs d&rsquo;accumuler des points pr\u00e9cieux en vue des Championnats du monde sur route 2025, qui se tiendront pour la premi\u00e8re fois sur le continent africain, au Rwanda. Sous le contr\u00f4le d&rsquo;un coll\u00e8ge de commissaires pr\u00e9sid\u00e9 par le Belge Patrick Demunter, cette 25e \u00e9dition s&rsquo;annonce comme une \u00e9tape cruciale dans la pr\u00e9paration de ce rendez-vous historique pour le cyclisme africain.&nbsp;Avec un tel programme, des participants de qualit\u00e9 et une organisation minutieuse, le Tour d&rsquo;Alg\u00e9rie 2025 s&rsquo;impose comme un \u00e9v\u00e9nement majeur du calendrier cycliste continental, promettant dix jours de sport intense et de d\u00e9couvertes \u00e0 travers les magnifiques paysages de l&rsquo;Est et du Sud alg\u00e9riens. Une belle mani\u00e8re de c\u00e9l\u00e9brer ce quart de si\u00e8cle d&rsquo;existence pour une \u00e9preuve qui n&rsquo;en finit pas de grandir.<\/p>\n\n\n\n<p><strong>Moncef Dahleb<\/strong><\/p>\n","protected":false},"excerpt":{"rendered":"<p>Entre symboles historiques et d\u00e9fis sportifs, la 25e \u00e9dition du Tour d&rsquo;Alg\u00e9rie cycliste (TAC 2025) s&rsquo;annonce comme un \u00e9v\u00e9nement exceptionnel<\/p>\n","protected":false},"author":6,"featured_media":62713,"comment_status":"open","ping_status":"closed","sticky":false,"template":"","format":"standard","meta":{"colormag_page_container_layout":"default_layout","colormag_page_sidebar_layout":"default_layout","om_disable_all_campaigns":false,"_monsterinsights_skip_tracking":false,"_monsterinsights_sitenote_active":false,"_monsterinsights_sitenote_note":"","_monsterinsights_sitenote_category":0,"footnotes":"","_wpscppro_dont_share_socialmedia":false,"_wpscppro_custom_social_share_image":0,"_facebook_share_type":"default","_twitter_share_type":"default","_linkedin_share_type":"default","_pinterest_share_type":"default","_linkedin_share_type_page":"","_instagram_share_type":"default","_medium_share_type":"default","_threads_share_type":"","_google_business_share_type":"","_selected_social_profile":[],"_wpsp_enable_custom_social_template":false,"_wpsp_social_scheduling":{"enabled":false,"datetime":null,"platforms":[],"status":"template_only","dateOption":"today","timeOption":"now","customDays":"","customHours":"","customDate":"","customTime":"","schedulingType":"absolute"},"_wpsp_active_default_template":true},"categories":[52,33],"tags":[],"class_list":["post-62712","post","type-post","status-publish","format-standard","has-post-thumbnail","hentry","category-a-la-une","category-sports"],"aioseo_notices":[],"yoast_head":"<!-- This site is optimized with the Yoast SEO plugin v27.5 - https:\/\/yoast.com\/product\/yoast-seo-wordpress\/ -->\n<title>Tour d&rsquo;Alg\u00e9rie 2025\u00a0:\u00a0Une 25e \u00e9dition entre m\u00e9moire et d\u00e9couverte - La Sentinelle<\/title>\n<meta name=\"robots\" content=\"index, follow, max-snippet:-1, max-image-preview:large, max-video-preview:-1\" \/>\n<link rel=\"canonical\" href=\"https:\/\/lasentinelle.dz\/index.php\/2025\/02\/09\/tour-dalgerie-2025-une-25e-edition-entre-memoire-et-decouverte\/\" \/>\n<meta property=\"og:locale\" content=\"fr_FR\" \/>\n<meta property=\"og:type\" content=\"article\" \/>\n<meta property=\"og:title\" content=\"Tour d&rsquo;Alg\u00e9rie 2025\u00a0:\u00a0Une 25e \u00e9dition entre m\u00e9moire et d\u00e9couverte - La Sentinelle\" \/>\n<meta property=\"og:description\" content=\"Entre symboles historiques et d\u00e9fis sportifs, la 25e \u00e9dition du Tour d&rsquo;Alg\u00e9rie cycliste (TAC 2025) s&rsquo;annonce comme un \u00e9v\u00e9nement exceptionnel\" \/>\n<meta property=\"og:url\" content=\"https:\/\/lasentinelle.dz\/index.php\/2025\/02\/09\/tour-dalgerie-2025-une-25e-edition-entre-memoire-et-decouverte\/\" \/>\n<meta property=\"og:site_name\" content=\"La Sentinelle\" \/>\n<meta property=\"article:publisher\" content=\"https:\/\/www.facebook.com\/La-Sentinelle-104059864394773\" \/>\n<meta property=\"article:published_time\" content=\"2025-02-09T11:57:01+00:00\" \/>\n<meta property=\"article:modified_time\" content=\"2025-02-09T11:57:02+00:00\" \/>\n<meta property=\"og:image\" content=\"https:\/\/lasentinelle.dz\/wp-content\/uploads\/2025\/02\/Tour-dAlgerie.jpg\" \/>\n\t<meta property=\"og:image:width\" content=\"2048\" \/>\n\t<meta property=\"og:image:height\" content=\"1152\" \/>\n\t<meta property=\"og:image:type\" content=\"image\/jpeg\" \/>\n<meta name=\"author\" content=\"admin\" \/>\n<meta name=\"twitter:card\" content=\"summary_large_image\" \/>\n<meta name=\"twitter:label1\" content=\"\u00c9crit par\" \/>\n\t<meta name=\"twitter:data1\" content=\"admin\" \/>\n\t<meta name=\"twitter:label2\" content=\"Dur\u00e9e de lecture estim\u00e9e\" \/>\n\t<meta name=\"twitter:data2\" content=\"6 minutes\" \/>\n<script type=\"application\/ld+json\" class=\"yoast-schema-graph\">{\"@context\":\"https:\\\/\\\/schema.org\",\"@graph\":[{\"@type\":\"Article\",\"@id\":\"https:\\\/\\\/lasentinelle.dz\\\/index.php\\\/2025\\\/02\\\/09\\\/tour-dalgerie-2025-une-25e-edition-entre-memoire-et-decouverte\\\/#article\",\"isPartOf\":{\"@id\":\"https:\\\/\\\/lasentinelle.dz\\\/index.php\\\/2025\\\/02\\\/09\\\/tour-dalgerie-2025-une-25e-edition-entre-memoire-et-decouverte\\\/\"},\"author\":{\"name\":\"admin\",\"@id\":\"https:\\\/\\\/lasentinelle.dz\\\/#\\\/schema\\\/person\\\/729ee0024f24e0b8c5ec17232f8e8b41\"},\"headline\":\"Tour d&rsquo;Alg\u00e9rie 2025\u00a0:\u00a0Une 25e \u00e9dition entre m\u00e9moire et d\u00e9couverte\",\"datePublished\":\"2025-02-09T11:57:01+00:00\",\"dateModified\":\"2025-02-09T11:57:02+00:00\",\"mainEntityOfPage\":{\"@id\":\"https:\\\/\\\/lasentinelle.dz\\\/index.php\\\/2025\\\/02\\\/09\\\/tour-dalgerie-2025-une-25e-edition-entre-memoire-et-decouverte\\\/\"},\"wordCount\":1131,\"commentCount\":0,\"publisher\":{\"@id\":\"https:\\\/\\\/lasentinelle.dz\\\/#organization\"},\"image\":{\"@id\":\"https:\\\/\\\/lasentinelle.dz\\\/index.php\\\/2025\\\/02\\\/09\\\/tour-dalgerie-2025-une-25e-edition-entre-memoire-et-decouverte\\\/#primaryimage\"},\"thumbnailUrl\":\"https:\\\/\\\/lasentinelle.dz\\\/wp-content\\\/uploads\\\/2025\\\/02\\\/Tour-dAlgerie.jpg\",\"articleSection\":[\"\u00c0 la Une\",\"Sports\"],\"inLanguage\":\"fr-FR\",\"potentialAction\":[{\"@type\":\"CommentAction\",\"name\":\"Comment\",\"target\":[\"https:\\\/\\\/lasentinelle.dz\\\/index.php\\\/2025\\\/02\\\/09\\\/tour-dalgerie-2025-une-25e-edition-entre-memoire-et-decouverte\\\/#respond\"]}]},{\"@type\":\"WebPage\",\"@id\":\"https:\\\/\\\/lasentinelle.dz\\\/index.php\\\/2025\\\/02\\\/09\\\/tour-dalgerie-2025-une-25e-edition-entre-memoire-et-decouverte\\\/\",\"url\":\"https:\\\/\\\/lasentinelle.dz\\\/index.php\\\/2025\\\/02\\\/09\\\/tour-dalgerie-2025-une-25e-edition-entre-memoire-et-decouverte\\\/\",\"name\":\"Tour d&rsquo;Alg\u00e9rie 2025\u00a0:\u00a0Une 25e \u00e9dition entre m\u00e9moire et d\u00e9couverte - La Sentinelle\",\"isPartOf\":{\"@id\":\"https:\\\/\\\/lasentinelle.dz\\\/#website\"},\"primaryImageOfPage\":{\"@id\":\"https:\\\/\\\/lasentinelle.dz\\\/index.php\\\/2025\\\/02\\\/09\\\/tour-dalgerie-2025-une-25e-edition-entre-memoire-et-decouverte\\\/#primaryimage\"},\"image\":{\"@id\":\"https:\\\/\\\/lasentinelle.dz\\\/index.php\\\/2025\\\/02\\\/09\\\/tour-dalgerie-2025-une-25e-edition-entre-memoire-et-decouverte\\\/#primaryimage\"},\"thumbnailUrl\":\"https:\\\/\\\/lasentinelle.dz\\\/wp-content\\\/uploads\\\/2025\\\/02\\\/Tour-dAlgerie.jpg\",\"datePublished\":\"2025-02-09T11:57:01+00:00\",\"dateModified\":\"2025-02-09T11:57:02+00:00\",\"breadcrumb\":{\"@id\":\"https:\\\/\\\/lasentinelle.dz\\\/index.php\\\/2025\\\/02\\\/09\\\/tour-dalgerie-2025-une-25e-edition-entre-memoire-et-decouverte\\\/#breadcrumb\"},\"inLanguage\":\"fr-FR\",\"potentialAction\":[{\"@type\":\"ReadAction\",\"target\":[\"https:\\\/\\\/lasentinelle.dz\\\/index.php\\\/2025\\\/02\\\/09\\\/tour-dalgerie-2025-une-25e-edition-entre-memoire-et-decouverte\\\/\"]}]},{\"@type\":\"ImageObject\",\"inLanguage\":\"fr-FR\",\"@id\":\"https:\\\/\\\/lasentinelle.dz\\\/index.php\\\/2025\\\/02\\\/09\\\/tour-dalgerie-2025-une-25e-edition-entre-memoire-et-decouverte\\\/#primaryimage\",\"url\":\"https:\\\/\\\/lasentinelle.dz\\\/wp-content\\\/uploads\\\/2025\\\/02\\\/Tour-dAlgerie.jpg\",\"contentUrl\":\"https:\\\/\\\/lasentinelle.dz\\\/wp-content\\\/uploads\\\/2025\\\/02\\\/Tour-dAlgerie.jpg\",\"width\":2048,\"height\":1152},{\"@type\":\"BreadcrumbList\",\"@id\":\"https:\\\/\\\/lasentinelle.dz\\\/index.php\\\/2025\\\/02\\\/09\\\/tour-dalgerie-2025-une-25e-edition-entre-memoire-et-decouverte\\\/#breadcrumb\",\"itemListElement\":[{\"@type\":\"ListItem\",\"position\":1,\"name\":\"Accueil\",\"item\":\"https:\\\/\\\/lasentinelle.dz\\\/\"},{\"@type\":\"ListItem\",\"position\":2,\"name\":\"Tour d&rsquo;Alg\u00e9rie 2025\u00a0:\u00a0Une 25e \u00e9dition entre m\u00e9moire et d\u00e9couverte\"}]},{\"@type\":\"WebSite\",\"@id\":\"https:\\\/\\\/lasentinelle.dz\\\/#website\",\"url\":\"https:\\\/\\\/lasentinelle.dz\\\/\",\"name\":\"La Sentinelle\",\"description\":\"Quotidien national d&#039;information\",\"publisher\":{\"@id\":\"https:\\\/\\\/lasentinelle.dz\\\/#organization\"},\"potentialAction\":[{\"@type\":\"SearchAction\",\"target\":{\"@type\":\"EntryPoint\",\"urlTemplate\":\"https:\\\/\\\/lasentinelle.dz\\\/?s={search_term_string}\"},\"query-input\":{\"@type\":\"PropertyValueSpecification\",\"valueRequired\":true,\"valueName\":\"search_term_string\"}}],\"inLanguage\":\"fr-FR\"},{\"@type\":\"Organization\",\"@id\":\"https:\\\/\\\/lasentinelle.dz\\\/#organization\",\"name\":\"Quotidien La Sentinelle\",\"url\":\"https:\\\/\\\/lasentinelle.dz\\\/\",\"logo\":{\"@type\":\"ImageObject\",\"inLanguage\":\"fr-FR\",\"@id\":\"https:\\\/\\\/lasentinelle.dz\\\/#\\\/schema\\\/logo\\\/image\\\/\",\"url\":\"https:\\\/\\\/lasentinelle.dz\\\/wp-content\\\/uploads\\\/2021\\\/09\\\/logo-sentinelleSLOGAN-1.png\",\"contentUrl\":\"https:\\\/\\\/lasentinelle.dz\\\/wp-content\\\/uploads\\\/2021\\\/09\\\/logo-sentinelleSLOGAN-1.png\",\"width\":615,\"height\":142,\"caption\":\"Quotidien La Sentinelle\"},\"image\":{\"@id\":\"https:\\\/\\\/lasentinelle.dz\\\/#\\\/schema\\\/logo\\\/image\\\/\"},\"sameAs\":[\"https:\\\/\\\/www.facebook.com\\\/La-Sentinelle-104059864394773\"]},{\"@type\":\"Person\",\"@id\":\"https:\\\/\\\/lasentinelle.dz\\\/#\\\/schema\\\/person\\\/729ee0024f24e0b8c5ec17232f8e8b41\",\"name\":\"admin\",\"image\":{\"@type\":\"ImageObject\",\"inLanguage\":\"fr-FR\",\"@id\":\"https:\\\/\\\/secure.gravatar.com\\\/avatar\\\/4c81fed838786e9b53f540bf46533e750f5d292099ae3b66cfc6fb1982e29df7?s=96&d=mm&r=g\",\"url\":\"https:\\\/\\\/secure.gravatar.com\\\/avatar\\\/4c81fed838786e9b53f540bf46533e750f5d292099ae3b66cfc6fb1982e29df7?s=96&d=mm&r=g\",\"contentUrl\":\"https:\\\/\\\/secure.gravatar.com\\\/avatar\\\/4c81fed838786e9b53f540bf46533e750f5d292099ae3b66cfc6fb1982e29df7?s=96&d=mm&r=g\",\"caption\":\"admin\"},\"description\":\"admin\",\"url\":\"https:\\\/\\\/lasentinelle.dz\\\/author\\\/admin\\\/\"}]}<\/script>\n<!-- \/ Yoast SEO plugin. -->","yoast_head_json":{"title":"Tour d&rsquo;Alg\u00e9rie 2025\u00a0:\u00a0Une 25e \u00e9dition entre m\u00e9moire et d\u00e9couverte - La Sentinelle","robots":{"index":"index","follow":"follow","max-snippet":"max-snippet:-1","max-image-preview":"max-image-preview:large","max-video-preview":"max-video-preview:-1"},"canonical":"https:\/\/lasentinelle.dz\/index.php\/2025\/02\/09\/tour-dalgerie-2025-une-25e-edition-entre-memoire-et-decouverte\/","og_locale":"fr_FR","og_type":"article","og_title":"Tour d&rsquo;Alg\u00e9rie 2025\u00a0:\u00a0Une 25e \u00e9dition entre m\u00e9moire et d\u00e9couverte - La Sentinelle","og_description":"Entre symboles historiques et d\u00e9fis sportifs, la 25e \u00e9dition du Tour d&rsquo;Alg\u00e9rie cycliste (TAC 2025) s&rsquo;annonce comme un \u00e9v\u00e9nement exceptionnel","og_url":"https:\/\/lasentinelle.dz\/index.php\/2025\/02\/09\/tour-dalgerie-2025-une-25e-edition-entre-memoire-et-decouverte\/","og_site_name":"La Sentinelle","article_publisher":"https:\/\/www.facebook.com\/La-Sentinelle-104059864394773","article_published_time":"2025-02-09T11:57:01+00:00","article_modified_time":"2025-02-09T11:57:02+00:00","og_image":[{"width":2048,"height":1152,"url":"https:\/\/lasentinelle.dz\/wp-content\/uploads\/2025\/02\/Tour-dAlgerie.jpg","type":"image\/jpeg"}],"author":"admin","twitter_card":"summary_large_image","twitter_misc":{"\u00c9crit par":"admin","Dur\u00e9e de lecture estim\u00e9e":"6 minutes"},"schema":{"@context":"https:\/\/schema.org","@graph":[{"@type":"Article","@id":"https:\/\/lasentinelle.dz\/index.php\/2025\/02\/09\/tour-dalgerie-2025-une-25e-edition-entre-memoire-et-decouverte\/#article","isPartOf":{"@id":"https:\/\/lasentinelle.dz\/index.php\/2025\/02\/09\/tour-dalgerie-2025-une-25e-edition-entre-memoire-et-decouverte\/"},"author":{"name":"admin","@id":"https:\/\/lasentinelle.dz\/#\/schema\/person\/729ee0024f24e0b8c5ec17232f8e8b41"},"headline":"Tour d&rsquo;Alg\u00e9rie 2025\u00a0:\u00a0Une 25e \u00e9dition entre m\u00e9moire et d\u00e9couverte","datePublished":"2025-02-09T11:57:01+00:00","dateModified":"2025-02-09T11:57:02+00:00","mainEntityOfPage":{"@id":"https:\/\/lasentinelle.dz\/index.php\/2025\/02\/09\/tour-dalgerie-2025-une-25e-edition-entre-memoire-et-decouverte\/"},"wordCount":1131,"commentCount":0,"publisher":{"@id":"https:\/\/lasentinelle.dz\/#organization"},"image":{"@id":"https:\/\/lasentinelle.dz\/index.php\/2025\/02\/09\/tour-dalgerie-2025-une-25e-edition-entre-memoire-et-decouverte\/#primaryimage"},"thumbnailUrl":"https:\/\/lasentinelle.dz\/wp-content\/uploads\/2025\/02\/Tour-dAlgerie.jpg","articleSection":["\u00c0 la Une","Sports"],"inLanguage":"fr-FR","potentialAction":[{"@type":"CommentAction","name":"Comment","target":["https:\/\/lasentinelle.dz\/index.php\/2025\/02\/09\/tour-dalgerie-2025-une-25e-edition-entre-memoire-et-decouverte\/#respond"]}]},{"@type":"WebPage","@id":"https:\/\/lasentinelle.dz\/index.php\/2025\/02\/09\/tour-dalgerie-2025-une-25e-edition-entre-memoire-et-decouverte\/","url":"https:\/\/lasentinelle.dz\/index.php\/2025\/02\/09\/tour-dalgerie-2025-une-25e-edition-entre-memoire-et-decouverte\/","name":"Tour d&rsquo;Alg\u00e9rie 2025\u00a0:\u00a0Une 25e \u00e9dition entre m\u00e9moire et d\u00e9couverte - La Sentinelle","isPartOf":{"@id":"https:\/\/lasentinelle.dz\/#website"},"primaryImageOfPage":{"@id":"https:\/\/lasentinelle.dz\/index.php\/2025\/02\/09\/tour-dalgerie-2025-une-25e-edition-entre-memoire-et-decouverte\/#primaryimage"},"image":{"@id":"https:\/\/lasentinelle.dz\/index.php\/2025\/02\/09\/tour-dalgerie-2025-une-25e-edition-entre-memoire-et-decouverte\/#primaryimage"},"thumbnailUrl":"https:\/\/lasentinelle.dz\/wp-content\/uploads\/2025\/02\/Tour-dAlgerie.jpg","datePublished":"2025-02-09T11:57:01+00:00","dateModified":"2025-02-09T11:57:02+00:00","breadcrumb":{"@id":"https:\/\/lasentinelle.dz\/index.php\/2025\/02\/09\/tour-dalgerie-2025-une-25e-edition-entre-memoire-et-decouverte\/#breadcrumb"},"inLanguage":"fr-FR","potentialAction":[{"@type":"ReadAction","target":["https:\/\/lasentinelle.dz\/index.php\/2025\/02\/09\/tour-dalgerie-2025-une-25e-edition-entre-memoire-et-decouverte\/"]}]},{"@type":"ImageObject","inLanguage":"fr-FR","@id":"https:\/\/lasentinelle.dz\/index.php\/2025\/02\/09\/tour-dalgerie-2025-une-25e-edition-entre-memoire-et-decouverte\/#primaryimage","url":"https:\/\/lasentinelle.dz\/wp-content\/uploads\/2025\/02\/Tour-dAlgerie.jpg","contentUrl":"https:\/\/lasentinelle.dz\/wp-content\/uploads\/2025\/02\/Tour-dAlgerie.jpg","width":2048,"height":1152},{"@type":"BreadcrumbList","@id":"https:\/\/lasentinelle.dz\/index.php\/2025\/02\/09\/tour-dalgerie-2025-une-25e-edition-entre-memoire-et-decouverte\/#breadcrumb","itemListElement":[{"@type":"ListItem","position":1,"name":"Accueil","item":"https:\/\/lasentinelle.dz\/"},{"@type":"ListItem","position":2,"name":"Tour d&rsquo;Alg\u00e9rie 2025\u00a0:\u00a0Une 25e \u00e9dition entre m\u00e9moire et d\u00e9couverte"}]},{"@type":"WebSite","@id":"https:\/\/lasentinelle.dz\/#website","url":"https:\/\/lasentinelle.dz\/","name":"La Sentinelle","description":"Quotidien national d&#039;information","publisher":{"@id":"https:\/\/lasentinelle.dz\/#organization"},"potentialAction":[{"@type":"SearchAction","target":{"@type":"EntryPoint","urlTemplate":"https:\/\/lasentinelle.dz\/?s={search_term_string}"},"query-input":{"@type":"PropertyValueSpecification","valueRequired":true,"valueName":"search_term_string"}}],"inLanguage":"fr-FR"},{"@type":"Organization","@id":"https:\/\/lasentinelle.dz\/#organization","name":"Quotidien La Sentinelle","url":"https:\/\/lasentinelle.dz\/","logo":{"@type":"ImageObject","inLanguage":"fr-FR","@id":"https:\/\/lasentinelle.dz\/#\/schema\/logo\/image\/","url":"https:\/\/lasentinelle.dz\/wp-content\/uploads\/2021\/09\/logo-sentinelleSLOGAN-1.png","contentUrl":"https:\/\/lasentinelle.dz\/wp-content\/uploads\/2021\/09\/logo-sentinelleSLOGAN-1.png","width":615,"height":142,"caption":"Quotidien La Sentinelle"},"image":{"@id":"https:\/\/lasentinelle.dz\/#\/schema\/logo\/image\/"},"sameAs":["https:\/\/www.facebook.com\/La-Sentinelle-104059864394773"]},{"@type":"Person","@id":"https:\/\/lasentinelle.dz\/#\/schema\/person\/729ee0024f24e0b8c5ec17232f8e8b41","name":"admin","image":{"@type":"ImageObject","inLanguage":"fr-FR","@id":"https:\/\/secure.gravatar.com\/avatar\/4c81fed838786e9b53f540bf46533e750f5d292099ae3b66cfc6fb1982e29df7?s=96&d=mm&r=g","url":"https:\/\/secure.gravatar.com\/avatar\/4c81fed838786e9b53f540bf46533e750f5d292099ae3b66cfc6fb1982e29df7?s=96&d=mm&r=g","contentUrl":"https:\/\/secure.gravatar.com\/avatar\/4c81fed838786e9b53f540bf46533e750f5d292099ae3b66cfc6fb1982e29df7?s=96&d=mm&r=g","caption":"admin"},"description":"admin","url":"https:\/\/lasentinelle.dz\/author\/admin\/"}]}},"_links":{"self":[{"href":"https:\/\/lasentinelle.dz\/index.php\/wp-json\/wp\/v2\/posts\/62712","targetHints":{"allow":["GET"]}}],"collection":[{"href":"https:\/\/lasentinelle.dz\/index.php\/wp-json\/wp\/v2\/posts"}],"about":[{"href":"https:\/\/lasentinelle.dz\/index.php\/wp-json\/wp\/v2\/types\/post"}],"author":[{"embeddable":true,"href":"https:\/\/lasentinelle.dz\/index.php\/wp-json\/wp\/v2\/users\/6"}],"replies":[{"embeddable":true,"href":"https:\/\/lasentinelle.dz\/index.php\/wp-json\/wp\/v2\/comments?post=62712"}],"version-history":[{"count":2,"href":"https:\/\/lasentinelle.dz\/index.php\/wp-json\/wp\/v2\/posts\/62712\/revisions"}],"predecessor-version":[{"id":62715,"href":"https:\/\/lasentinelle.dz\/index.php\/wp-json\/wp\/v2\/posts\/62712\/revisions\/62715"}],"wp:featuredmedia":[{"embeddable":true,"href":"https:\/\/lasentinelle.dz\/index.php\/wp-json\/wp\/v2\/media\/62713"}],"wp:attachment":[{"href":"https:\/\/lasentinelle.dz\/index.php\/wp-json\/wp\/v2\/media?parent=62712"}],"wp:term":[{"taxonomy":"category","embeddable":true,"href":"https:\/\/lasentinelle.dz\/index.php\/wp-json\/wp\/v2\/categories?post=62712"},{"taxonomy":"post_tag","embeddable":true,"href":"https:\/\/lasentinelle.dz\/index.php\/wp-json\/wp\/v2\/tags?post=62712"}],"curies":[{"name":"wp","href":"https:\/\/api.w.org\/{rel}","templated":true}]}}