{"id":62716,"date":"2025-02-09T12:58:22","date_gmt":"2025-02-09T11:58:22","guid":{"rendered":"https:\/\/lasentinelle.dz\/?p=62716"},"modified":"2025-02-09T12:58:23","modified_gmt":"2025-02-09T11:58:23","slug":"constantine-de-nouvelles-infrastructures-scolaires-en-projet","status":"publish","type":"post","link":"https:\/\/lasentinelle.dz\/index.php\/2025\/02\/09\/constantine-de-nouvelles-infrastructures-scolaires-en-projet\/","title":{"rendered":"Constantine\u00a0: De nouvelles infrastructures scolaires en projet"},"content":{"rendered":"\n<p>La wilaya de Constantine s&rsquo;appr\u00eate \u00e0 conna\u00eetre une importante expansion de ses infrastructures scolaires, marquant ainsi un engagement significatif des autorit\u00e9s locales dans le d\u00e9veloppement du secteur \u00e9ducatif. Cette initiative d&rsquo;envergure, annonc\u00e9e jeudi par le wali de Constantine, Abdelkhalek Sayouda, s&rsquo;inscrit dans une politique ambitieuse de renforcement des capacit\u00e9s d&rsquo;accueil des \u00e9tablissements scolaires et d&rsquo;am\u00e9lioration des conditions d&rsquo;\u00e9tudes des \u00e9l\u00e8ves de la r\u00e9gion. Lors d&rsquo;une tourn\u00e9e d&rsquo;inspection minutieuse des chantiers en cours dans plusieurs communes de la wilaya, notamment Constantine, Didouche Mourad, Ain Smara, ainsi que dans la circonscription administrative Ali Mendjeli, le chef de l&rsquo;ex\u00e9cutif local a d\u00e9voil\u00e9 un programme substantiel de nouvelles infrastructures dont la r\u00e9ception est pr\u00e9vue pour ao\u00fbt 2025. Le programme, particuli\u00e8rement exhaustif, pr\u00e9voit la mise en service de \u00ab\u00a010 groupes scolaires, 6 CEM, 6 lyc\u00e9es, deux demis pension, des cantines scolaires et des aires de jeu\u00a0\u00bb, comme l&rsquo;a pr\u00e9cis\u00e9 M. Sayouda dans sa d\u00e9claration \u00e0 la presse. Cette diversit\u00e9 des structures t\u00e9moigne d&rsquo;une approche globale visant \u00e0 r\u00e9pondre aux besoins \u00e9ducatifs \u00e0 tous les niveaux de l&rsquo;enseignement, du primaire au secondaire. L&rsquo;importance accord\u00e9e aux infrastructures annexes, telles que les cantines scolaires et les aires de jeu, d\u00e9montre \u00e9galement une volont\u00e9 d&rsquo;assurer un environnement scolaire complet et propice \u00e0 l&rsquo;\u00e9panouissement des \u00e9l\u00e8ves. Un accent particulier est mis sur les nouveaux p\u00f4les urbains, zones en pleine expansion d\u00e9mographique n\u00e9cessitant des \u00e9quipements publics adapt\u00e9s \u00e0 leur croissance. Le wali a d&rsquo;ailleurs soulign\u00e9 que les efforts sont particuli\u00e8rement concentr\u00e9s sur ces zones pour garantir une offre \u00e9ducative ad\u00e9quate d\u00e8s la rentr\u00e9e scolaire 2025-2026. Cette attention port\u00e9e aux zones d&rsquo;urbanisation r\u00e9cente t\u00e9moigne d&rsquo;une politique d&rsquo;am\u00e9nagement du territoire coh\u00e9rente, associant d\u00e9veloppement urbain et infrastructures \u00e9ducatives. Pour garantir la r\u00e9ussite de ce programme ambitieux, les autorit\u00e9s locales ont mis en place une strat\u00e9gie rigoureuse de suivi des chantiers. Le wali a notamment \u00ab\u00a0affirm\u00e9 la n\u00e9cessit\u00e9 de renforcer les chantiers en main d&rsquo;\u0153uvre qualifi\u00e9e et le respect strict du syst\u00e8me de travail par \u00e9quipe 3&#215;8\u00a0\u00bb pour assurer la livraison des infrastructures dans les d\u00e9lais impartis. Cette exigence en termes d&rsquo;organisation du travail t\u00e9moigne de la d\u00e9termination des autorit\u00e9s \u00e0 respecter le calendrier fix\u00e9, condition essentielle pour une rentr\u00e9e scolaire r\u00e9ussie. La qualit\u00e9 des infrastructures fait \u00e9galement l&rsquo;objet d&rsquo;une attention particuli\u00e8re. M. Sayouda a ainsi \u00ab\u00a0insist\u00e9 sur le n\u00e9cessaire suivi sur le terrain pour garantir la r\u00e9ception de ces projets dans la conformit\u00e9 aux normes requises\u00a0\u00bb. Cette vigilance concernant les normes de construction s&rsquo;accompagne d&rsquo;une pr\u00e9occupation pour l&rsquo;\u00e9quipement des \u00e9tablissements, le wali ayant soulign\u00e9 l&rsquo;importance de \u00ab\u00a0la fourniture de tous les \u00e9quipements n\u00e9cessaires au d\u00e9marrage de la prochaine ann\u00e9e scolaire dans les meilleures conditions\u00a0\u00bb. Les taux d&rsquo;avancement des travaux, qualifi\u00e9s d'\u00a0\u00bbimportants\u00a0\u00bb par le wali, laissent pr\u00e9sager une r\u00e9ception dans les d\u00e9lais pr\u00e9vus, permettant ainsi d&rsquo;envisager sereinement la prochaine rentr\u00e9e scolaire. Cette confiance affich\u00e9e par les autorit\u00e9s locales repose sur un suivi r\u00e9gulier des chantiers, comme en t\u00e9moigne la tourn\u00e9e d&rsquo;inspection effectu\u00e9e par le chef de l&rsquo;ex\u00e9cutif local. Ce programme d&rsquo;extension des infrastructures scolaires s&rsquo;inscrit dans une dynamique plus large de d\u00e9veloppement de la wilaya de Constantine. Il r\u00e9pond non seulement aux besoins imm\u00e9diats en termes de capacit\u00e9s d&rsquo;accueil, mais participe \u00e9galement \u00e0 l&rsquo;am\u00e9lioration qualitative du syst\u00e8me \u00e9ducatif local. La cr\u00e9ation de nouvelles structures scolaires contribuera \u00e0 r\u00e9duire la pression sur les \u00e9tablissements existants, permettant ainsi de meilleures conditions d&rsquo;enseignement et d&rsquo;apprentissage. L&rsquo;impact de ces nouveaux \u00e9tablissements d\u00e9passera le seul cadre \u00e9ducatif. En effet, ils constitueront des p\u00f4les d&rsquo;animation importants dans leurs quartiers respectifs, participant ainsi \u00e0 la structuration urbaine et sociale des zones concern\u00e9es, particuli\u00e8rement dans les nouveaux p\u00f4les urbains. Ces investissements dans le secteur \u00e9ducatif t\u00e9moignent de l&rsquo;engagement des autorit\u00e9s locales \u00e0 accompagner le d\u00e9veloppement d\u00e9mographique et urbain de la wilaya par des \u00e9quipements publics de qualit\u00e9, garantissant ainsi un service public d&rsquo;\u00e9ducation accessible et performant pour l&rsquo;ensemble de la population.<\/p>\n\n\n\n<p>R.R.<\/p>\n","protected":false},"excerpt":{"rendered":"<p>La wilaya de Constantine s&rsquo;appr\u00eate \u00e0 conna\u00eetre une importante expansion de ses infrastructures scolaires, marquant ainsi un engagement significatif des<\/p>\n","protected":false},"author":6,"featured_media":38441,"comment_status":"open","ping_status":"closed","sticky":false,"template":"","format":"standard","meta":{"colormag_page_container_layout":"default_layout","colormag_page_sidebar_layout":"default_layout","om_disable_all_campaigns":false,"_monsterinsights_skip_tracking":false,"_monsterinsights_sitenote_active":false,"_monsterinsights_sitenote_note":"","_monsterinsights_sitenote_category":0,"footnotes":"","_wpscppro_dont_share_socialmedia":false,"_wpscppro_custom_social_share_image":0,"_facebook_share_type":"default","_twitter_share_type":"default","_linkedin_share_type":"default","_pinterest_share_type":"default","_linkedin_share_type_page":"","_instagram_share_type":"default","_medium_share_type":"default","_threads_share_type":"","_google_business_share_type":"","_selected_social_profile":[],"_wpsp_enable_custom_social_template":false,"_wpsp_social_scheduling":{"enabled":false,"datetime":null,"platforms":[],"status":"template_only","dateOption":"today","timeOption":"now","customDays":"","customHours":"","customDate":"","customTime":"","schedulingType":"absolute"},"_wpsp_active_default_template":true},"categories":[31],"tags":[],"class_list":["post-62716","post","type-post","status-publish","format-standard","has-post-thumbnail","hentry","category-regions"],"aioseo_notices":[],"yoast_head":"<!-- This site is optimized with the Yoast SEO plugin v27.5 - https:\/\/yoast.com\/product\/yoast-seo-wordpress\/ -->\n<title>Constantine\u00a0: De nouvelles infrastructures scolaires en projet - La Sentinelle<\/title>\n<meta name=\"robots\" content=\"index, follow, max-snippet:-1, max-image-preview:large, max-video-preview:-1\" \/>\n<link rel=\"canonical\" href=\"https:\/\/lasentinelle.dz\/index.php\/2025\/02\/09\/constantine-de-nouvelles-infrastructures-scolaires-en-projet\/\" \/>\n<meta property=\"og:locale\" content=\"fr_FR\" \/>\n<meta property=\"og:type\" content=\"article\" \/>\n<meta property=\"og:title\" content=\"Constantine\u00a0: De nouvelles infrastructures scolaires en projet - La Sentinelle\" \/>\n<meta property=\"og:description\" content=\"La wilaya de Constantine s&rsquo;appr\u00eate \u00e0 conna\u00eetre une importante expansion de ses infrastructures scolaires, marquant ainsi un engagement significatif des\" \/>\n<meta property=\"og:url\" content=\"https:\/\/lasentinelle.dz\/index.php\/2025\/02\/09\/constantine-de-nouvelles-infrastructures-scolaires-en-projet\/\" \/>\n<meta property=\"og:site_name\" content=\"La Sentinelle\" \/>\n<meta property=\"article:publisher\" content=\"https:\/\/www.facebook.com\/La-Sentinelle-104059864394773\" \/>\n<meta property=\"article:published_time\" content=\"2025-02-09T11:58:22+00:00\" \/>\n<meta property=\"article:modified_time\" content=\"2025-02-09T11:58:23+00:00\" \/>\n<meta property=\"og:image\" content=\"https:\/\/lasentinelle.dz\/wp-content\/uploads\/2023\/03\/constantine-1024x576.png\" \/>\n\t<meta property=\"og:image:width\" content=\"1024\" \/>\n\t<meta property=\"og:image:height\" content=\"576\" \/>\n\t<meta property=\"og:image:type\" content=\"image\/png\" \/>\n<meta name=\"author\" content=\"admin\" \/>\n<meta name=\"twitter:card\" content=\"summary_large_image\" \/>\n<meta name=\"twitter:label1\" content=\"\u00c9crit par\" \/>\n\t<meta name=\"twitter:data1\" content=\"admin\" \/>\n\t<meta name=\"twitter:label2\" content=\"Dur\u00e9e de lecture estim\u00e9e\" \/>\n\t<meta name=\"twitter:data2\" content=\"4 minutes\" \/>\n<script type=\"application\/ld+json\" class=\"yoast-schema-graph\">{\"@context\":\"https:\\\/\\\/schema.org\",\"@graph\":[{\"@type\":\"Article\",\"@id\":\"https:\\\/\\\/lasentinelle.dz\\\/index.php\\\/2025\\\/02\\\/09\\\/constantine-de-nouvelles-infrastructures-scolaires-en-projet\\\/#article\",\"isPartOf\":{\"@id\":\"https:\\\/\\\/lasentinelle.dz\\\/index.php\\\/2025\\\/02\\\/09\\\/constantine-de-nouvelles-infrastructures-scolaires-en-projet\\\/\"},\"author\":{\"name\":\"admin\",\"@id\":\"https:\\\/\\\/lasentinelle.dz\\\/#\\\/schema\\\/person\\\/729ee0024f24e0b8c5ec17232f8e8b41\"},\"headline\":\"Constantine\u00a0: De nouvelles infrastructures scolaires en projet\",\"datePublished\":\"2025-02-09T11:58:22+00:00\",\"dateModified\":\"2025-02-09T11:58:23+00:00\",\"mainEntityOfPage\":{\"@id\":\"https:\\\/\\\/lasentinelle.dz\\\/index.php\\\/2025\\\/02\\\/09\\\/constantine-de-nouvelles-infrastructures-scolaires-en-projet\\\/\"},\"wordCount\":754,\"commentCount\":0,\"publisher\":{\"@id\":\"https:\\\/\\\/lasentinelle.dz\\\/#organization\"},\"image\":{\"@id\":\"https:\\\/\\\/lasentinelle.dz\\\/index.php\\\/2025\\\/02\\\/09\\\/constantine-de-nouvelles-infrastructures-scolaires-en-projet\\\/#primaryimage\"},\"thumbnailUrl\":\"https:\\\/\\\/lasentinelle.dz\\\/wp-content\\\/uploads\\\/2023\\\/03\\\/constantine.png\",\"articleSection\":[\"R\u00e9gions\"],\"inLanguage\":\"fr-FR\",\"potentialAction\":[{\"@type\":\"CommentAction\",\"name\":\"Comment\",\"target\":[\"https:\\\/\\\/lasentinelle.dz\\\/index.php\\\/2025\\\/02\\\/09\\\/constantine-de-nouvelles-infrastructures-scolaires-en-projet\\\/#respond\"]}]},{\"@type\":\"WebPage\",\"@id\":\"https:\\\/\\\/lasentinelle.dz\\\/index.php\\\/2025\\\/02\\\/09\\\/constantine-de-nouvelles-infrastructures-scolaires-en-projet\\\/\",\"url\":\"https:\\\/\\\/lasentinelle.dz\\\/index.php\\\/2025\\\/02\\\/09\\\/constantine-de-nouvelles-infrastructures-scolaires-en-projet\\\/\",\"name\":\"Constantine\u00a0: De nouvelles infrastructures scolaires en projet - La Sentinelle\",\"isPartOf\":{\"@id\":\"https:\\\/\\\/lasentinelle.dz\\\/#website\"},\"primaryImageOfPage\":{\"@id\":\"https:\\\/\\\/lasentinelle.dz\\\/index.php\\\/2025\\\/02\\\/09\\\/constantine-de-nouvelles-infrastructures-scolaires-en-projet\\\/#primaryimage\"},\"image\":{\"@id\":\"https:\\\/\\\/lasentinelle.dz\\\/index.php\\\/2025\\\/02\\\/09\\\/constantine-de-nouvelles-infrastructures-scolaires-en-projet\\\/#primaryimage\"},\"thumbnailUrl\":\"https:\\\/\\\/lasentinelle.dz\\\/wp-content\\\/uploads\\\/2023\\\/03\\\/constantine.png\",\"datePublished\":\"2025-02-09T11:58:22+00:00\",\"dateModified\":\"2025-02-09T11:58:23+00:00\",\"breadcrumb\":{\"@id\":\"https:\\\/\\\/lasentinelle.dz\\\/index.php\\\/2025\\\/02\\\/09\\\/constantine-de-nouvelles-infrastructures-scolaires-en-projet\\\/#breadcrumb\"},\"inLanguage\":\"fr-FR\",\"potentialAction\":[{\"@type\":\"ReadAction\",\"target\":[\"https:\\\/\\\/lasentinelle.dz\\\/index.php\\\/2025\\\/02\\\/09\\\/constantine-de-nouvelles-infrastructures-scolaires-en-projet\\\/\"]}]},{\"@type\":\"ImageObject\",\"inLanguage\":\"fr-FR\",\"@id\":\"https:\\\/\\\/lasentinelle.dz\\\/index.php\\\/2025\\\/02\\\/09\\\/constantine-de-nouvelles-infrastructures-scolaires-en-projet\\\/#primaryimage\",\"url\":\"https:\\\/\\\/lasentinelle.dz\\\/wp-content\\\/uploads\\\/2023\\\/03\\\/constantine.png\",\"contentUrl\":\"https:\\\/\\\/lasentinelle.dz\\\/wp-content\\\/uploads\\\/2023\\\/03\\\/constantine.png\",\"width\":1601,\"height\":900},{\"@type\":\"BreadcrumbList\",\"@id\":\"https:\\\/\\\/lasentinelle.dz\\\/index.php\\\/2025\\\/02\\\/09\\\/constantine-de-nouvelles-infrastructures-scolaires-en-projet\\\/#breadcrumb\",\"itemListElement\":[{\"@type\":\"ListItem\",\"position\":1,\"name\":\"Accueil\",\"item\":\"https:\\\/\\\/lasentinelle.dz\\\/\"},{\"@type\":\"ListItem\",\"position\":2,\"name\":\"Constantine\u00a0: De nouvelles infrastructures scolaires en projet\"}]},{\"@type\":\"WebSite\",\"@id\":\"https:\\\/\\\/lasentinelle.dz\\\/#website\",\"url\":\"https:\\\/\\\/lasentinelle.dz\\\/\",\"name\":\"La Sentinelle\",\"description\":\"Quotidien national d&#039;information\",\"publisher\":{\"@id\":\"https:\\\/\\\/lasentinelle.dz\\\/#organization\"},\"potentialAction\":[{\"@type\":\"SearchAction\",\"target\":{\"@type\":\"EntryPoint\",\"urlTemplate\":\"https:\\\/\\\/lasentinelle.dz\\\/?s={search_term_string}\"},\"query-input\":{\"@type\":\"PropertyValueSpecification\",\"valueRequired\":true,\"valueName\":\"search_term_string\"}}],\"inLanguage\":\"fr-FR\"},{\"@type\":\"Organization\",\"@id\":\"https:\\\/\\\/lasentinelle.dz\\\/#organization\",\"name\":\"Quotidien La Sentinelle\",\"url\":\"https:\\\/\\\/lasentinelle.dz\\\/\",\"logo\":{\"@type\":\"ImageObject\",\"inLanguage\":\"fr-FR\",\"@id\":\"https:\\\/\\\/lasentinelle.dz\\\/#\\\/schema\\\/logo\\\/image\\\/\",\"url\":\"https:\\\/\\\/lasentinelle.dz\\\/wp-content\\\/uploads\\\/2021\\\/09\\\/logo-sentinelleSLOGAN-1.png\",\"contentUrl\":\"https:\\\/\\\/lasentinelle.dz\\\/wp-content\\\/uploads\\\/2021\\\/09\\\/logo-sentinelleSLOGAN-1.png\",\"width\":615,\"height\":142,\"caption\":\"Quotidien La Sentinelle\"},\"image\":{\"@id\":\"https:\\\/\\\/lasentinelle.dz\\\/#\\\/schema\\\/logo\\\/image\\\/\"},\"sameAs\":[\"https:\\\/\\\/www.facebook.com\\\/La-Sentinelle-104059864394773\"]},{\"@type\":\"Person\",\"@id\":\"https:\\\/\\\/lasentinelle.dz\\\/#\\\/schema\\\/person\\\/729ee0024f24e0b8c5ec17232f8e8b41\",\"name\":\"admin\",\"image\":{\"@type\":\"ImageObject\",\"inLanguage\":\"fr-FR\",\"@id\":\"https:\\\/\\\/secure.gravatar.com\\\/avatar\\\/4c81fed838786e9b53f540bf46533e750f5d292099ae3b66cfc6fb1982e29df7?s=96&d=mm&r=g\",\"url\":\"https:\\\/\\\/secure.gravatar.com\\\/avatar\\\/4c81fed838786e9b53f540bf46533e750f5d292099ae3b66cfc6fb1982e29df7?s=96&d=mm&r=g\",\"contentUrl\":\"https:\\\/\\\/secure.gravatar.com\\\/avatar\\\/4c81fed838786e9b53f540bf46533e750f5d292099ae3b66cfc6fb1982e29df7?s=96&d=mm&r=g\",\"caption\":\"admin\"},\"description\":\"admin\",\"url\":\"https:\\\/\\\/lasentinelle.dz\\\/author\\\/admin\\\/\"}]}<\/script>\n<!-- \/ Yoast SEO plugin. -->","yoast_head_json":{"title":"Constantine\u00a0: De nouvelles infrastructures scolaires en projet - La Sentinelle","robots":{"index":"index","follow":"follow","max-snippet":"max-snippet:-1","max-image-preview":"max-image-preview:large","max-video-preview":"max-video-preview:-1"},"canonical":"https:\/\/lasentinelle.dz\/index.php\/2025\/02\/09\/constantine-de-nouvelles-infrastructures-scolaires-en-projet\/","og_locale":"fr_FR","og_type":"article","og_title":"Constantine\u00a0: De nouvelles infrastructures scolaires en projet - La Sentinelle","og_description":"La wilaya de Constantine s&rsquo;appr\u00eate \u00e0 conna\u00eetre une importante expansion de ses infrastructures scolaires, marquant ainsi un engagement significatif des","og_url":"https:\/\/lasentinelle.dz\/index.php\/2025\/02\/09\/constantine-de-nouvelles-infrastructures-scolaires-en-projet\/","og_site_name":"La Sentinelle","article_publisher":"https:\/\/www.facebook.com\/La-Sentinelle-104059864394773","article_published_time":"2025-02-09T11:58:22+00:00","article_modified_time":"2025-02-09T11:58:23+00:00","og_image":[{"width":1024,"height":576,"url":"https:\/\/lasentinelle.dz\/wp-content\/uploads\/2023\/03\/constantine-1024x576.png","type":"image\/png"}],"author":"admin","twitter_card":"summary_large_image","twitter_misc":{"\u00c9crit par":"admin","Dur\u00e9e de lecture estim\u00e9e":"4 minutes"},"schema":{"@context":"https:\/\/schema.org","@graph":[{"@type":"Article","@id":"https:\/\/lasentinelle.dz\/index.php\/2025\/02\/09\/constantine-de-nouvelles-infrastructures-scolaires-en-projet\/#article","isPartOf":{"@id":"https:\/\/lasentinelle.dz\/index.php\/2025\/02\/09\/constantine-de-nouvelles-infrastructures-scolaires-en-projet\/"},"author":{"name":"admin","@id":"https:\/\/lasentinelle.dz\/#\/schema\/person\/729ee0024f24e0b8c5ec17232f8e8b41"},"headline":"Constantine\u00a0: De nouvelles infrastructures scolaires en projet","datePublished":"2025-02-09T11:58:22+00:00","dateModified":"2025-02-09T11:58:23+00:00","mainEntityOfPage":{"@id":"https:\/\/lasentinelle.dz\/index.php\/2025\/02\/09\/constantine-de-nouvelles-infrastructures-scolaires-en-projet\/"},"wordCount":754,"commentCount":0,"publisher":{"@id":"https:\/\/lasentinelle.dz\/#organization"},"image":{"@id":"https:\/\/lasentinelle.dz\/index.php\/2025\/02\/09\/constantine-de-nouvelles-infrastructures-scolaires-en-projet\/#primaryimage"},"thumbnailUrl":"https:\/\/lasentinelle.dz\/wp-content\/uploads\/2023\/03\/constantine.png","articleSection":["R\u00e9gions"],"inLanguage":"fr-FR","potentialAction":[{"@type":"CommentAction","name":"Comment","target":["https:\/\/lasentinelle.dz\/index.php\/2025\/02\/09\/constantine-de-nouvelles-infrastructures-scolaires-en-projet\/#respond"]}]},{"@type":"WebPage","@id":"https:\/\/lasentinelle.dz\/index.php\/2025\/02\/09\/constantine-de-nouvelles-infrastructures-scolaires-en-projet\/","url":"https:\/\/lasentinelle.dz\/index.php\/2025\/02\/09\/constantine-de-nouvelles-infrastructures-scolaires-en-projet\/","name":"Constantine\u00a0: De nouvelles infrastructures scolaires en projet - La Sentinelle","isPartOf":{"@id":"https:\/\/lasentinelle.dz\/#website"},"primaryImageOfPage":{"@id":"https:\/\/lasentinelle.dz\/index.php\/2025\/02\/09\/constantine-de-nouvelles-infrastructures-scolaires-en-projet\/#primaryimage"},"image":{"@id":"https:\/\/lasentinelle.dz\/index.php\/2025\/02\/09\/constantine-de-nouvelles-infrastructures-scolaires-en-projet\/#primaryimage"},"thumbnailUrl":"https:\/\/lasentinelle.dz\/wp-content\/uploads\/2023\/03\/constantine.png","datePublished":"2025-02-09T11:58:22+00:00","dateModified":"2025-02-09T11:58:23+00:00","breadcrumb":{"@id":"https:\/\/lasentinelle.dz\/index.php\/2025\/02\/09\/constantine-de-nouvelles-infrastructures-scolaires-en-projet\/#breadcrumb"},"inLanguage":"fr-FR","potentialAction":[{"@type":"ReadAction","target":["https:\/\/lasentinelle.dz\/index.php\/2025\/02\/09\/constantine-de-nouvelles-infrastructures-scolaires-en-projet\/"]}]},{"@type":"ImageObject","inLanguage":"fr-FR","@id":"https:\/\/lasentinelle.dz\/index.php\/2025\/02\/09\/constantine-de-nouvelles-infrastructures-scolaires-en-projet\/#primaryimage","url":"https:\/\/lasentinelle.dz\/wp-content\/uploads\/2023\/03\/constantine.png","contentUrl":"https:\/\/lasentinelle.dz\/wp-content\/uploads\/2023\/03\/constantine.png","width":1601,"height":900},{"@type":"BreadcrumbList","@id":"https:\/\/lasentinelle.dz\/index.php\/2025\/02\/09\/constantine-de-nouvelles-infrastructures-scolaires-en-projet\/#breadcrumb","itemListElement":[{"@type":"ListItem","position":1,"name":"Accueil","item":"https:\/\/lasentinelle.dz\/"},{"@type":"ListItem","position":2,"name":"Constantine\u00a0: De nouvelles infrastructures scolaires en projet"}]},{"@type":"WebSite","@id":"https:\/\/lasentinelle.dz\/#website","url":"https:\/\/lasentinelle.dz\/","name":"La Sentinelle","description":"Quotidien national d&#039;information","publisher":{"@id":"https:\/\/lasentinelle.dz\/#organization"},"potentialAction":[{"@type":"SearchAction","target":{"@type":"EntryPoint","urlTemplate":"https:\/\/lasentinelle.dz\/?s={search_term_string}"},"query-input":{"@type":"PropertyValueSpecification","valueRequired":true,"valueName":"search_term_string"}}],"inLanguage":"fr-FR"},{"@type":"Organization","@id":"https:\/\/lasentinelle.dz\/#organization","name":"Quotidien La Sentinelle","url":"https:\/\/lasentinelle.dz\/","logo":{"@type":"ImageObject","inLanguage":"fr-FR","@id":"https:\/\/lasentinelle.dz\/#\/schema\/logo\/image\/","url":"https:\/\/lasentinelle.dz\/wp-content\/uploads\/2021\/09\/logo-sentinelleSLOGAN-1.png","contentUrl":"https:\/\/lasentinelle.dz\/wp-content\/uploads\/2021\/09\/logo-sentinelleSLOGAN-1.png","width":615,"height":142,"caption":"Quotidien La Sentinelle"},"image":{"@id":"https:\/\/lasentinelle.dz\/#\/schema\/logo\/image\/"},"sameAs":["https:\/\/www.facebook.com\/La-Sentinelle-104059864394773"]},{"@type":"Person","@id":"https:\/\/lasentinelle.dz\/#\/schema\/person\/729ee0024f24e0b8c5ec17232f8e8b41","name":"admin","image":{"@type":"ImageObject","inLanguage":"fr-FR","@id":"https:\/\/secure.gravatar.com\/avatar\/4c81fed838786e9b53f540bf46533e750f5d292099ae3b66cfc6fb1982e29df7?s=96&d=mm&r=g","url":"https:\/\/secure.gravatar.com\/avatar\/4c81fed838786e9b53f540bf46533e750f5d292099ae3b66cfc6fb1982e29df7?s=96&d=mm&r=g","contentUrl":"https:\/\/secure.gravatar.com\/avatar\/4c81fed838786e9b53f540bf46533e750f5d292099ae3b66cfc6fb1982e29df7?s=96&d=mm&r=g","caption":"admin"},"description":"admin","url":"https:\/\/lasentinelle.dz\/author\/admin\/"}]}},"_links":{"self":[{"href":"https:\/\/lasentinelle.dz\/index.php\/wp-json\/wp\/v2\/posts\/62716","targetHints":{"allow":["GET"]}}],"collection":[{"href":"https:\/\/lasentinelle.dz\/index.php\/wp-json\/wp\/v2\/posts"}],"about":[{"href":"https:\/\/lasentinelle.dz\/index.php\/wp-json\/wp\/v2\/types\/post"}],"author":[{"embeddable":true,"href":"https:\/\/lasentinelle.dz\/index.php\/wp-json\/wp\/v2\/users\/6"}],"replies":[{"embeddable":true,"href":"https:\/\/lasentinelle.dz\/index.php\/wp-json\/wp\/v2\/comments?post=62716"}],"version-history":[{"count":1,"href":"https:\/\/lasentinelle.dz\/index.php\/wp-json\/wp\/v2\/posts\/62716\/revisions"}],"predecessor-version":[{"id":62717,"href":"https:\/\/lasentinelle.dz\/index.php\/wp-json\/wp\/v2\/posts\/62716\/revisions\/62717"}],"wp:featuredmedia":[{"embeddable":true,"href":"https:\/\/lasentinelle.dz\/index.php\/wp-json\/wp\/v2\/media\/38441"}],"wp:attachment":[{"href":"https:\/\/lasentinelle.dz\/index.php\/wp-json\/wp\/v2\/media?parent=62716"}],"wp:term":[{"taxonomy":"category","embeddable":true,"href":"https:\/\/lasentinelle.dz\/index.php\/wp-json\/wp\/v2\/categories?post=62716"},{"taxonomy":"post_tag","embeddable":true,"href":"https:\/\/lasentinelle.dz\/index.php\/wp-json\/wp\/v2\/tags?post=62716"}],"curies":[{"name":"wp","href":"https:\/\/api.w.org\/{rel}","templated":true}]}}