{"id":62740,"date":"2025-02-09T13:15:18","date_gmt":"2025-02-09T12:15:18","guid":{"rendered":"https:\/\/lasentinelle.dz\/?p=62740"},"modified":"2025-02-09T13:15:19","modified_gmt":"2025-02-09T12:15:19","slug":"developpements-au-moyen-orient-lalgerie-deploie-sa-diplomatie","status":"publish","type":"post","link":"https:\/\/lasentinelle.dz\/index.php\/2025\/02\/09\/developpements-au-moyen-orient-lalgerie-deploie-sa-diplomatie\/","title":{"rendered":"D\u00e9veloppements au Moyen-Orient\u00a0: L\u2019Alg\u00e9rie d\u00e9ploie sa diplomatie"},"content":{"rendered":"\n<p>Dans le cadre d&rsquo;une intense activit\u00e9 diplomatique au Proche-Orient, le ministre d&rsquo;\u00c9tat, ministre des Affaires \u00e9trang\u00e8res, de la Communaut\u00e9 nationale \u00e0 l&rsquo;\u00e9tranger et des Affaires africaines, Ahmed Attaf, a effectu\u00e9&nbsp;hierune tourn\u00e9e diplomatique majeure qui l&rsquo;a conduit successivement \u00e0 Damas et \u00e0 Beyrouth, en sa qualit\u00e9 d&rsquo;envoy\u00e9 sp\u00e9cial du pr\u00e9sident de la R\u00e9publique, Abdelmadjid Tebboune. Cette double visite intervient dans un contexte r\u00e9gional particuli\u00e8rement tendu, marqu\u00e9 par les d\u00e9veloppements dramatiques \u00e0 Ghaza et leurs r\u00e9percussions sur l&rsquo;ensemble de la r\u00e9gion, ainsi que par les r\u00e9cents bouleversements en Syrie. \u00c0 Damas, M. Attaf a \u00e9t\u00e9 re\u00e7u par le pr\u00e9sident de la R\u00e9publique arabe syrienne durant la p\u00e9riode de transition, M. Ahmed Al-Charaa. Lors de cette rencontre, \u00ab\u00a0le ministre d&rsquo;\u00c9tat a remis au pr\u00e9sident syrien une lettre du pr\u00e9sident de la R\u00e9publique, M. Abdelmadjid Tebboune, lui transmettant ses salutations fraternelles et lui renouvelant ses f\u00e9licitations et ses v\u0153ux de succ\u00e8s dans l&rsquo;accomplissement de ses hautes fonctions dans cette \u00e9tape charni\u00e8re de l&rsquo;histoire de la Syrie, pays fr\u00e8re\u00a0\u00bb. La rencontre a permis aux deux parties d'\u00a0\u00bbexaminer les perspectives de renforcement des relations de fraternit\u00e9, de solidarit\u00e9 et de coop\u00e9ration entre les deux pays et peuples fr\u00e8res, \u00e0 la lumi\u00e8re des liens historiques enracin\u00e9s qui les unissent\u00a0\u00bb. Cette visite s&rsquo;inscrit dans la continuit\u00e9 de la position constante de l&rsquo;Alg\u00e9rie vis-\u00e0-vis de la crise syrienne, position qui s&rsquo;est notamment illustr\u00e9e r\u00e9cemment lors de la r\u00e9union d&rsquo;urgence du Conseil de s\u00e9curit\u00e9 de l&rsquo;ONU&nbsp;tenu fin d\u00e9cembre. En effet, l&rsquo;Alg\u00e9rie, qui si\u00e8ge actuellement comme membre arabe au Conseil de s\u00e9curit\u00e9, a r\u00e9affirm\u00e9 par la voix de son repr\u00e9sentant permanent adjoint, Nassim Gaouaoui, sa conviction profonde qu&rsquo;une solution politique reste la seule issue viable \u00e0 la crise syrienne. Dans ce contexte, le ministre&nbsp;des Affaires \u00e9trang\u00e8res&nbsp;a affirm\u00e9&nbsp;hier \u00e0 Damas&nbsp;que \u00ab\u00a0l&rsquo;Alg\u00e9rie est dispos\u00e9e \u00e0 contribuer, tant au niveau bilat\u00e9ral qu&rsquo;en sa qualit\u00e9 de membre arabe du Conseil de s\u00e9curit\u00e9 des Nations Unies, \u00e0 soutenir et \u00e0 accompagner les d\u00e9marches visant \u00e0 rassembler le peuple syrien autour d&rsquo;un projet national f\u00e9d\u00e9rateur permettant de reconstruire les institutions de l&rsquo;Etat et garantissant la s\u00e9curit\u00e9, la stabilit\u00e9, le d\u00e9veloppement et la prosp\u00e9rit\u00e9\u00a0\u00bb. Cette position, port\u00e9e par l&rsquo;Alg\u00e9rie au sein du groupe A3+ du Conseil de s\u00e9curit\u00e9, qui comprend \u00e9galement le Mozambique, la Sierra Leone et le Guyana, s&rsquo;articule autour de principes fondamentaux : le rejet de toute solution militaire, la pr\u00e9servation de l&rsquo;unit\u00e9, de la souverainet\u00e9, de l&rsquo;ind\u00e9pendance et de l&rsquo;int\u00e9grit\u00e9 territoriale de la Syrie. L&rsquo;Alg\u00e9rie s&rsquo;est \u00e9galement distingu\u00e9e par sa condamnation ferme des attaques sionistes contre le territoire syrien et son opposition aux vell\u00e9it\u00e9s d&rsquo;annexion de certaines parties du territoire syrien par l&rsquo;entit\u00e9 sioniste. Poursuivant sa tourn\u00e9e diplomatique, M. Attaf est arriv\u00e9 dans l&rsquo;apr\u00e8s-midi \u00e0 Beyrouth pour une visite officielle au Liban. Cette \u00e9tape vise, selon le communiqu\u00e9 du minist\u00e8re, \u00e0 \u00ab\u00a0renforcer les relations fraternelles et de coop\u00e9ration entre les deux pays fr\u00e8res et \u00e0 examiner les voies de les promouvoir \u00e0 des niveaux sup\u00e9rieurs, ainsi qu&rsquo;\u00e0 renouveler la solidarit\u00e9 de l&rsquo;Alg\u00e9rie et \u00e0 r\u00e9affirmer son plein soutien au Liban fr\u00e8re dans ses efforts visant \u00e0 amorcer une nouvelle \u00e8re de son histoire, en vue de consolider son unit\u00e9 et sa souverainet\u00e9, et r\u00e9aliser ainsi les aspirations de son peuple \u00e0 la s\u00e9curit\u00e9, \u00e0 la stabilit\u00e9, au d\u00e9veloppement et \u00e0 la prosp\u00e9rit\u00e9\u00a0\u00bb. Au programme de cette visite figure notamment une rencontre avec le pr\u00e9sident de la R\u00e9publique libanaise, Joseph Aoun, \u00e0 qui le ministre remettra une lettre du pr\u00e9sident Tebboune. Des rencontres bilat\u00e9rales avec plusieurs hauts responsables libanais sont \u00e9galement pr\u00e9vues. Cette double visite diplomatique t\u00e9moigne du r\u00f4le actif que joue l&rsquo;Alg\u00e9rie dans la recherche de solutions aux crises qui secouent la r\u00e9gion. En tant que membre influent du monde arabe et si\u00e9geant actuellement au Conseil de s\u00e9curit\u00e9 de l&rsquo;ONU, l&rsquo;Alg\u00e9rie d\u00e9ploie une diplomatie fond\u00e9e sur des principes constants : le respect de la souverainet\u00e9 des \u00c9tats, le rejet des ing\u00e9rences \u00e9trang\u00e8res, la promotion du dialogue inclusif comme seule voie de r\u00e9solution des conflits, et un soutien ind\u00e9fectible aux causes justes, notamment la cause palestinienne. Dans un contexte r\u00e9gional marqu\u00e9 par des tensions croissantes et des d\u00e9fis multiformes, cette initiative diplomatique alg\u00e9rienne appara\u00eet comme une contribution significative aux efforts visant \u00e0 stabiliser la r\u00e9gion et \u00e0 promouvoir des solutions politiques aux diff\u00e9rentes crises qui l&rsquo;affectent.<\/p>\n\n\n\n<p>Hocine Fadheli<\/p>\n","protected":false},"excerpt":{"rendered":"<p>Dans le cadre d&rsquo;une intense activit\u00e9 diplomatique au Proche-Orient, le ministre d&rsquo;\u00c9tat, ministre des Affaires \u00e9trang\u00e8res, de la Communaut\u00e9 nationale<\/p>\n","protected":false},"author":6,"featured_media":62741,"comment_status":"open","ping_status":"closed","sticky":false,"template":"","format":"standard","meta":{"colormag_page_container_layout":"default_layout","colormag_page_sidebar_layout":"default_layout","om_disable_all_campaigns":false,"_monsterinsights_skip_tracking":false,"_monsterinsights_sitenote_active":false,"_monsterinsights_sitenote_note":"","_monsterinsights_sitenote_category":0,"footnotes":"","_wpscppro_dont_share_socialmedia":false,"_wpscppro_custom_social_share_image":0,"_facebook_share_type":"default","_twitter_share_type":"default","_linkedin_share_type":"default","_pinterest_share_type":"default","_linkedin_share_type_page":"","_instagram_share_type":"default","_medium_share_type":"default","_threads_share_type":"","_google_business_share_type":"","_selected_social_profile":[],"_wpsp_enable_custom_social_template":false,"_wpsp_social_scheduling":{"enabled":false,"datetime":null,"platforms":[],"status":"template_only","dateOption":"today","timeOption":"now","customDays":"","customHours":"","customDate":"","customTime":"","schedulingType":"absolute"},"_wpsp_active_default_template":true},"categories":[52,27],"tags":[],"class_list":["post-62740","post","type-post","status-publish","format-standard","has-post-thumbnail","hentry","category-a-la-une","category-actualite"],"aioseo_notices":[],"yoast_head":"<!-- This site is optimized with the Yoast SEO plugin v27.5 - https:\/\/yoast.com\/product\/yoast-seo-wordpress\/ -->\n<title>D\u00e9veloppements au Moyen-Orient\u00a0: L\u2019Alg\u00e9rie d\u00e9ploie sa diplomatie - La Sentinelle<\/title>\n<meta name=\"robots\" content=\"index, follow, max-snippet:-1, max-image-preview:large, max-video-preview:-1\" \/>\n<link rel=\"canonical\" href=\"https:\/\/lasentinelle.dz\/index.php\/2025\/02\/09\/developpements-au-moyen-orient-lalgerie-deploie-sa-diplomatie\/\" \/>\n<meta property=\"og:locale\" content=\"fr_FR\" \/>\n<meta property=\"og:type\" content=\"article\" \/>\n<meta property=\"og:title\" content=\"D\u00e9veloppements au Moyen-Orient\u00a0: L\u2019Alg\u00e9rie d\u00e9ploie sa diplomatie - La Sentinelle\" \/>\n<meta property=\"og:description\" content=\"Dans le cadre d&rsquo;une intense activit\u00e9 diplomatique au Proche-Orient, le ministre d&rsquo;\u00c9tat, ministre des Affaires \u00e9trang\u00e8res, de la Communaut\u00e9 nationale\" \/>\n<meta property=\"og:url\" content=\"https:\/\/lasentinelle.dz\/index.php\/2025\/02\/09\/developpements-au-moyen-orient-lalgerie-deploie-sa-diplomatie\/\" \/>\n<meta property=\"og:site_name\" content=\"La Sentinelle\" \/>\n<meta property=\"article:publisher\" content=\"https:\/\/www.facebook.com\/La-Sentinelle-104059864394773\" \/>\n<meta property=\"article:published_time\" content=\"2025-02-09T12:15:18+00:00\" \/>\n<meta property=\"article:modified_time\" content=\"2025-02-09T12:15:19+00:00\" \/>\n<meta property=\"og:image\" content=\"https:\/\/lasentinelle.dz\/wp-content\/uploads\/2025\/02\/attaf-syrie.jpeg\" \/>\n\t<meta property=\"og:image:width\" content=\"1280\" \/>\n\t<meta property=\"og:image:height\" content=\"718\" \/>\n\t<meta property=\"og:image:type\" content=\"image\/jpeg\" \/>\n<meta name=\"author\" content=\"admin\" \/>\n<meta name=\"twitter:card\" content=\"summary_large_image\" \/>\n<meta name=\"twitter:label1\" content=\"\u00c9crit par\" \/>\n\t<meta name=\"twitter:data1\" content=\"admin\" \/>\n\t<meta name=\"twitter:label2\" content=\"Dur\u00e9e de lecture estim\u00e9e\" \/>\n\t<meta name=\"twitter:data2\" content=\"4 minutes\" \/>\n<script type=\"application\/ld+json\" class=\"yoast-schema-graph\">{\"@context\":\"https:\\\/\\\/schema.org\",\"@graph\":[{\"@type\":\"Article\",\"@id\":\"https:\\\/\\\/lasentinelle.dz\\\/index.php\\\/2025\\\/02\\\/09\\\/developpements-au-moyen-orient-lalgerie-deploie-sa-diplomatie\\\/#article\",\"isPartOf\":{\"@id\":\"https:\\\/\\\/lasentinelle.dz\\\/index.php\\\/2025\\\/02\\\/09\\\/developpements-au-moyen-orient-lalgerie-deploie-sa-diplomatie\\\/\"},\"author\":{\"name\":\"admin\",\"@id\":\"https:\\\/\\\/lasentinelle.dz\\\/#\\\/schema\\\/person\\\/729ee0024f24e0b8c5ec17232f8e8b41\"},\"headline\":\"D\u00e9veloppements au Moyen-Orient\u00a0: L\u2019Alg\u00e9rie d\u00e9ploie sa diplomatie\",\"datePublished\":\"2025-02-09T12:15:18+00:00\",\"dateModified\":\"2025-02-09T12:15:19+00:00\",\"mainEntityOfPage\":{\"@id\":\"https:\\\/\\\/lasentinelle.dz\\\/index.php\\\/2025\\\/02\\\/09\\\/developpements-au-moyen-orient-lalgerie-deploie-sa-diplomatie\\\/\"},\"wordCount\":832,\"commentCount\":0,\"publisher\":{\"@id\":\"https:\\\/\\\/lasentinelle.dz\\\/#organization\"},\"image\":{\"@id\":\"https:\\\/\\\/lasentinelle.dz\\\/index.php\\\/2025\\\/02\\\/09\\\/developpements-au-moyen-orient-lalgerie-deploie-sa-diplomatie\\\/#primaryimage\"},\"thumbnailUrl\":\"https:\\\/\\\/lasentinelle.dz\\\/wp-content\\\/uploads\\\/2025\\\/02\\\/attaf-syrie.jpeg\",\"articleSection\":[\"\u00c0 la Une\",\"Actualit\u00e9\"],\"inLanguage\":\"fr-FR\",\"potentialAction\":[{\"@type\":\"CommentAction\",\"name\":\"Comment\",\"target\":[\"https:\\\/\\\/lasentinelle.dz\\\/index.php\\\/2025\\\/02\\\/09\\\/developpements-au-moyen-orient-lalgerie-deploie-sa-diplomatie\\\/#respond\"]}]},{\"@type\":\"WebPage\",\"@id\":\"https:\\\/\\\/lasentinelle.dz\\\/index.php\\\/2025\\\/02\\\/09\\\/developpements-au-moyen-orient-lalgerie-deploie-sa-diplomatie\\\/\",\"url\":\"https:\\\/\\\/lasentinelle.dz\\\/index.php\\\/2025\\\/02\\\/09\\\/developpements-au-moyen-orient-lalgerie-deploie-sa-diplomatie\\\/\",\"name\":\"D\u00e9veloppements au Moyen-Orient\u00a0: L\u2019Alg\u00e9rie d\u00e9ploie sa diplomatie - La Sentinelle\",\"isPartOf\":{\"@id\":\"https:\\\/\\\/lasentinelle.dz\\\/#website\"},\"primaryImageOfPage\":{\"@id\":\"https:\\\/\\\/lasentinelle.dz\\\/index.php\\\/2025\\\/02\\\/09\\\/developpements-au-moyen-orient-lalgerie-deploie-sa-diplomatie\\\/#primaryimage\"},\"image\":{\"@id\":\"https:\\\/\\\/lasentinelle.dz\\\/index.php\\\/2025\\\/02\\\/09\\\/developpements-au-moyen-orient-lalgerie-deploie-sa-diplomatie\\\/#primaryimage\"},\"thumbnailUrl\":\"https:\\\/\\\/lasentinelle.dz\\\/wp-content\\\/uploads\\\/2025\\\/02\\\/attaf-syrie.jpeg\",\"datePublished\":\"2025-02-09T12:15:18+00:00\",\"dateModified\":\"2025-02-09T12:15:19+00:00\",\"breadcrumb\":{\"@id\":\"https:\\\/\\\/lasentinelle.dz\\\/index.php\\\/2025\\\/02\\\/09\\\/developpements-au-moyen-orient-lalgerie-deploie-sa-diplomatie\\\/#breadcrumb\"},\"inLanguage\":\"fr-FR\",\"potentialAction\":[{\"@type\":\"ReadAction\",\"target\":[\"https:\\\/\\\/lasentinelle.dz\\\/index.php\\\/2025\\\/02\\\/09\\\/developpements-au-moyen-orient-lalgerie-deploie-sa-diplomatie\\\/\"]}]},{\"@type\":\"ImageObject\",\"inLanguage\":\"fr-FR\",\"@id\":\"https:\\\/\\\/lasentinelle.dz\\\/index.php\\\/2025\\\/02\\\/09\\\/developpements-au-moyen-orient-lalgerie-deploie-sa-diplomatie\\\/#primaryimage\",\"url\":\"https:\\\/\\\/lasentinelle.dz\\\/wp-content\\\/uploads\\\/2025\\\/02\\\/attaf-syrie.jpeg\",\"contentUrl\":\"https:\\\/\\\/lasentinelle.dz\\\/wp-content\\\/uploads\\\/2025\\\/02\\\/attaf-syrie.jpeg\",\"width\":1280,\"height\":718},{\"@type\":\"BreadcrumbList\",\"@id\":\"https:\\\/\\\/lasentinelle.dz\\\/index.php\\\/2025\\\/02\\\/09\\\/developpements-au-moyen-orient-lalgerie-deploie-sa-diplomatie\\\/#breadcrumb\",\"itemListElement\":[{\"@type\":\"ListItem\",\"position\":1,\"name\":\"Accueil\",\"item\":\"https:\\\/\\\/lasentinelle.dz\\\/\"},{\"@type\":\"ListItem\",\"position\":2,\"name\":\"D\u00e9veloppements au Moyen-Orient\u00a0: L\u2019Alg\u00e9rie d\u00e9ploie sa diplomatie\"}]},{\"@type\":\"WebSite\",\"@id\":\"https:\\\/\\\/lasentinelle.dz\\\/#website\",\"url\":\"https:\\\/\\\/lasentinelle.dz\\\/\",\"name\":\"La Sentinelle\",\"description\":\"Quotidien national d&#039;information\",\"publisher\":{\"@id\":\"https:\\\/\\\/lasentinelle.dz\\\/#organization\"},\"potentialAction\":[{\"@type\":\"SearchAction\",\"target\":{\"@type\":\"EntryPoint\",\"urlTemplate\":\"https:\\\/\\\/lasentinelle.dz\\\/?s={search_term_string}\"},\"query-input\":{\"@type\":\"PropertyValueSpecification\",\"valueRequired\":true,\"valueName\":\"search_term_string\"}}],\"inLanguage\":\"fr-FR\"},{\"@type\":\"Organization\",\"@id\":\"https:\\\/\\\/lasentinelle.dz\\\/#organization\",\"name\":\"Quotidien La Sentinelle\",\"url\":\"https:\\\/\\\/lasentinelle.dz\\\/\",\"logo\":{\"@type\":\"ImageObject\",\"inLanguage\":\"fr-FR\",\"@id\":\"https:\\\/\\\/lasentinelle.dz\\\/#\\\/schema\\\/logo\\\/image\\\/\",\"url\":\"https:\\\/\\\/lasentinelle.dz\\\/wp-content\\\/uploads\\\/2021\\\/09\\\/logo-sentinelleSLOGAN-1.png\",\"contentUrl\":\"https:\\\/\\\/lasentinelle.dz\\\/wp-content\\\/uploads\\\/2021\\\/09\\\/logo-sentinelleSLOGAN-1.png\",\"width\":615,\"height\":142,\"caption\":\"Quotidien La Sentinelle\"},\"image\":{\"@id\":\"https:\\\/\\\/lasentinelle.dz\\\/#\\\/schema\\\/logo\\\/image\\\/\"},\"sameAs\":[\"https:\\\/\\\/www.facebook.com\\\/La-Sentinelle-104059864394773\"]},{\"@type\":\"Person\",\"@id\":\"https:\\\/\\\/lasentinelle.dz\\\/#\\\/schema\\\/person\\\/729ee0024f24e0b8c5ec17232f8e8b41\",\"name\":\"admin\",\"image\":{\"@type\":\"ImageObject\",\"inLanguage\":\"fr-FR\",\"@id\":\"https:\\\/\\\/secure.gravatar.com\\\/avatar\\\/4c81fed838786e9b53f540bf46533e750f5d292099ae3b66cfc6fb1982e29df7?s=96&d=mm&r=g\",\"url\":\"https:\\\/\\\/secure.gravatar.com\\\/avatar\\\/4c81fed838786e9b53f540bf46533e750f5d292099ae3b66cfc6fb1982e29df7?s=96&d=mm&r=g\",\"contentUrl\":\"https:\\\/\\\/secure.gravatar.com\\\/avatar\\\/4c81fed838786e9b53f540bf46533e750f5d292099ae3b66cfc6fb1982e29df7?s=96&d=mm&r=g\",\"caption\":\"admin\"},\"description\":\"admin\",\"url\":\"https:\\\/\\\/lasentinelle.dz\\\/author\\\/admin\\\/\"}]}<\/script>\n<!-- \/ Yoast SEO plugin. -->","yoast_head_json":{"title":"D\u00e9veloppements au Moyen-Orient\u00a0: L\u2019Alg\u00e9rie d\u00e9ploie sa diplomatie - La Sentinelle","robots":{"index":"index","follow":"follow","max-snippet":"max-snippet:-1","max-image-preview":"max-image-preview:large","max-video-preview":"max-video-preview:-1"},"canonical":"https:\/\/lasentinelle.dz\/index.php\/2025\/02\/09\/developpements-au-moyen-orient-lalgerie-deploie-sa-diplomatie\/","og_locale":"fr_FR","og_type":"article","og_title":"D\u00e9veloppements au Moyen-Orient\u00a0: L\u2019Alg\u00e9rie d\u00e9ploie sa diplomatie - La Sentinelle","og_description":"Dans le cadre d&rsquo;une intense activit\u00e9 diplomatique au Proche-Orient, le ministre d&rsquo;\u00c9tat, ministre des Affaires \u00e9trang\u00e8res, de la Communaut\u00e9 nationale","og_url":"https:\/\/lasentinelle.dz\/index.php\/2025\/02\/09\/developpements-au-moyen-orient-lalgerie-deploie-sa-diplomatie\/","og_site_name":"La Sentinelle","article_publisher":"https:\/\/www.facebook.com\/La-Sentinelle-104059864394773","article_published_time":"2025-02-09T12:15:18+00:00","article_modified_time":"2025-02-09T12:15:19+00:00","og_image":[{"width":1280,"height":718,"url":"https:\/\/lasentinelle.dz\/wp-content\/uploads\/2025\/02\/attaf-syrie.jpeg","type":"image\/jpeg"}],"author":"admin","twitter_card":"summary_large_image","twitter_misc":{"\u00c9crit par":"admin","Dur\u00e9e de lecture estim\u00e9e":"4 minutes"},"schema":{"@context":"https:\/\/schema.org","@graph":[{"@type":"Article","@id":"https:\/\/lasentinelle.dz\/index.php\/2025\/02\/09\/developpements-au-moyen-orient-lalgerie-deploie-sa-diplomatie\/#article","isPartOf":{"@id":"https:\/\/lasentinelle.dz\/index.php\/2025\/02\/09\/developpements-au-moyen-orient-lalgerie-deploie-sa-diplomatie\/"},"author":{"name":"admin","@id":"https:\/\/lasentinelle.dz\/#\/schema\/person\/729ee0024f24e0b8c5ec17232f8e8b41"},"headline":"D\u00e9veloppements au Moyen-Orient\u00a0: L\u2019Alg\u00e9rie d\u00e9ploie sa diplomatie","datePublished":"2025-02-09T12:15:18+00:00","dateModified":"2025-02-09T12:15:19+00:00","mainEntityOfPage":{"@id":"https:\/\/lasentinelle.dz\/index.php\/2025\/02\/09\/developpements-au-moyen-orient-lalgerie-deploie-sa-diplomatie\/"},"wordCount":832,"commentCount":0,"publisher":{"@id":"https:\/\/lasentinelle.dz\/#organization"},"image":{"@id":"https:\/\/lasentinelle.dz\/index.php\/2025\/02\/09\/developpements-au-moyen-orient-lalgerie-deploie-sa-diplomatie\/#primaryimage"},"thumbnailUrl":"https:\/\/lasentinelle.dz\/wp-content\/uploads\/2025\/02\/attaf-syrie.jpeg","articleSection":["\u00c0 la Une","Actualit\u00e9"],"inLanguage":"fr-FR","potentialAction":[{"@type":"CommentAction","name":"Comment","target":["https:\/\/lasentinelle.dz\/index.php\/2025\/02\/09\/developpements-au-moyen-orient-lalgerie-deploie-sa-diplomatie\/#respond"]}]},{"@type":"WebPage","@id":"https:\/\/lasentinelle.dz\/index.php\/2025\/02\/09\/developpements-au-moyen-orient-lalgerie-deploie-sa-diplomatie\/","url":"https:\/\/lasentinelle.dz\/index.php\/2025\/02\/09\/developpements-au-moyen-orient-lalgerie-deploie-sa-diplomatie\/","name":"D\u00e9veloppements au Moyen-Orient\u00a0: L\u2019Alg\u00e9rie d\u00e9ploie sa diplomatie - La Sentinelle","isPartOf":{"@id":"https:\/\/lasentinelle.dz\/#website"},"primaryImageOfPage":{"@id":"https:\/\/lasentinelle.dz\/index.php\/2025\/02\/09\/developpements-au-moyen-orient-lalgerie-deploie-sa-diplomatie\/#primaryimage"},"image":{"@id":"https:\/\/lasentinelle.dz\/index.php\/2025\/02\/09\/developpements-au-moyen-orient-lalgerie-deploie-sa-diplomatie\/#primaryimage"},"thumbnailUrl":"https:\/\/lasentinelle.dz\/wp-content\/uploads\/2025\/02\/attaf-syrie.jpeg","datePublished":"2025-02-09T12:15:18+00:00","dateModified":"2025-02-09T12:15:19+00:00","breadcrumb":{"@id":"https:\/\/lasentinelle.dz\/index.php\/2025\/02\/09\/developpements-au-moyen-orient-lalgerie-deploie-sa-diplomatie\/#breadcrumb"},"inLanguage":"fr-FR","potentialAction":[{"@type":"ReadAction","target":["https:\/\/lasentinelle.dz\/index.php\/2025\/02\/09\/developpements-au-moyen-orient-lalgerie-deploie-sa-diplomatie\/"]}]},{"@type":"ImageObject","inLanguage":"fr-FR","@id":"https:\/\/lasentinelle.dz\/index.php\/2025\/02\/09\/developpements-au-moyen-orient-lalgerie-deploie-sa-diplomatie\/#primaryimage","url":"https:\/\/lasentinelle.dz\/wp-content\/uploads\/2025\/02\/attaf-syrie.jpeg","contentUrl":"https:\/\/lasentinelle.dz\/wp-content\/uploads\/2025\/02\/attaf-syrie.jpeg","width":1280,"height":718},{"@type":"BreadcrumbList","@id":"https:\/\/lasentinelle.dz\/index.php\/2025\/02\/09\/developpements-au-moyen-orient-lalgerie-deploie-sa-diplomatie\/#breadcrumb","itemListElement":[{"@type":"ListItem","position":1,"name":"Accueil","item":"https:\/\/lasentinelle.dz\/"},{"@type":"ListItem","position":2,"name":"D\u00e9veloppements au Moyen-Orient\u00a0: L\u2019Alg\u00e9rie d\u00e9ploie sa diplomatie"}]},{"@type":"WebSite","@id":"https:\/\/lasentinelle.dz\/#website","url":"https:\/\/lasentinelle.dz\/","name":"La Sentinelle","description":"Quotidien national d&#039;information","publisher":{"@id":"https:\/\/lasentinelle.dz\/#organization"},"potentialAction":[{"@type":"SearchAction","target":{"@type":"EntryPoint","urlTemplate":"https:\/\/lasentinelle.dz\/?s={search_term_string}"},"query-input":{"@type":"PropertyValueSpecification","valueRequired":true,"valueName":"search_term_string"}}],"inLanguage":"fr-FR"},{"@type":"Organization","@id":"https:\/\/lasentinelle.dz\/#organization","name":"Quotidien La Sentinelle","url":"https:\/\/lasentinelle.dz\/","logo":{"@type":"ImageObject","inLanguage":"fr-FR","@id":"https:\/\/lasentinelle.dz\/#\/schema\/logo\/image\/","url":"https:\/\/lasentinelle.dz\/wp-content\/uploads\/2021\/09\/logo-sentinelleSLOGAN-1.png","contentUrl":"https:\/\/lasentinelle.dz\/wp-content\/uploads\/2021\/09\/logo-sentinelleSLOGAN-1.png","width":615,"height":142,"caption":"Quotidien La Sentinelle"},"image":{"@id":"https:\/\/lasentinelle.dz\/#\/schema\/logo\/image\/"},"sameAs":["https:\/\/www.facebook.com\/La-Sentinelle-104059864394773"]},{"@type":"Person","@id":"https:\/\/lasentinelle.dz\/#\/schema\/person\/729ee0024f24e0b8c5ec17232f8e8b41","name":"admin","image":{"@type":"ImageObject","inLanguage":"fr-FR","@id":"https:\/\/secure.gravatar.com\/avatar\/4c81fed838786e9b53f540bf46533e750f5d292099ae3b66cfc6fb1982e29df7?s=96&d=mm&r=g","url":"https:\/\/secure.gravatar.com\/avatar\/4c81fed838786e9b53f540bf46533e750f5d292099ae3b66cfc6fb1982e29df7?s=96&d=mm&r=g","contentUrl":"https:\/\/secure.gravatar.com\/avatar\/4c81fed838786e9b53f540bf46533e750f5d292099ae3b66cfc6fb1982e29df7?s=96&d=mm&r=g","caption":"admin"},"description":"admin","url":"https:\/\/lasentinelle.dz\/author\/admin\/"}]}},"_links":{"self":[{"href":"https:\/\/lasentinelle.dz\/index.php\/wp-json\/wp\/v2\/posts\/62740","targetHints":{"allow":["GET"]}}],"collection":[{"href":"https:\/\/lasentinelle.dz\/index.php\/wp-json\/wp\/v2\/posts"}],"about":[{"href":"https:\/\/lasentinelle.dz\/index.php\/wp-json\/wp\/v2\/types\/post"}],"author":[{"embeddable":true,"href":"https:\/\/lasentinelle.dz\/index.php\/wp-json\/wp\/v2\/users\/6"}],"replies":[{"embeddable":true,"href":"https:\/\/lasentinelle.dz\/index.php\/wp-json\/wp\/v2\/comments?post=62740"}],"version-history":[{"count":1,"href":"https:\/\/lasentinelle.dz\/index.php\/wp-json\/wp\/v2\/posts\/62740\/revisions"}],"predecessor-version":[{"id":62742,"href":"https:\/\/lasentinelle.dz\/index.php\/wp-json\/wp\/v2\/posts\/62740\/revisions\/62742"}],"wp:featuredmedia":[{"embeddable":true,"href":"https:\/\/lasentinelle.dz\/index.php\/wp-json\/wp\/v2\/media\/62741"}],"wp:attachment":[{"href":"https:\/\/lasentinelle.dz\/index.php\/wp-json\/wp\/v2\/media?parent=62740"}],"wp:term":[{"taxonomy":"category","embeddable":true,"href":"https:\/\/lasentinelle.dz\/index.php\/wp-json\/wp\/v2\/categories?post=62740"},{"taxonomy":"post_tag","embeddable":true,"href":"https:\/\/lasentinelle.dz\/index.php\/wp-json\/wp\/v2\/tags?post=62740"}],"curies":[{"name":"wp","href":"https:\/\/api.w.org\/{rel}","templated":true}]}}