{"id":62775,"date":"2025-02-10T12:05:00","date_gmt":"2025-02-10T11:05:00","guid":{"rendered":"https:\/\/lasentinelle.dz\/?p=62775"},"modified":"2025-02-10T12:05:00","modified_gmt":"2025-02-10T11:05:00","slug":"blida-des-mesures-durgence-pour-ameliorer-la-mobilite-urbaine","status":"publish","type":"post","link":"https:\/\/lasentinelle.dz\/index.php\/2025\/02\/10\/blida-des-mesures-durgence-pour-ameliorer-la-mobilite-urbaine\/","title":{"rendered":"Blida : Des mesures d\u2019urgence pour am\u00e9liorer la mobilit\u00e9 urbaine"},"content":{"rendered":"\n<p>La ville des Roses fait face \u00e0 des d\u00e9fis croissants en mati\u00e8re de mobilit\u00e9 urbaine. Blida, cette cit\u00e9 historique aux portes d&rsquo;Alger, voit son expansion d\u00e9mographique et urbaine mettre \u00e0 rude \u00e9preuve son syst\u00e8me de transport. C&rsquo;est dans ce contexte que le ministre des Transports, Sa\u00efd Sayoud, a effectu\u00e9 samedi une visite d&rsquo;inspection dans la wilaya, porteur d&rsquo;un arsenal de solutions tant imm\u00e9diates que structurelles pour d\u00e9sengorger une ville qui \u00e9touffe sous le poids de son d\u00e9veloppement. L&rsquo;urgence de la situation n&rsquo;a pas \u00e9chapp\u00e9 au membre du gouvernement qui, sillonnant les communes de Guerouaou et Blida, a d\u00e9voil\u00e9 une feuille de route ambitieuse. Face aux journalistes, le ministre a annonc\u00e9 que son d\u00e9partement, main dans la main avec les autorit\u00e9s locales et les acteurs du secteur, s&rsquo;appr\u00eate \u00e0 d\u00e9ployer \u00ab\u00a0des mesures d&rsquo;urgence et correctives pour r\u00e9soudre le probl\u00e8me des embouteillages et du manque de moyens de transport, notamment au chef-lieu de wilaya et dans les villes de la partie Est de la wilaya, ayant enregistr\u00e9 de grandes op\u00e9rations de relogement.\u00a0\u00bb Parmi les mesures phares qui devraient rapidement transformer le quotidien des Blid\u00e9ens, figure la r\u00e9habilitation de deux art\u00e8res vitales de la ville. En effet, les passages \u00e0 niveau de Ramoul et Sidi Abdelkader, ferm\u00e9s depuis l&rsquo;an 2000 suite \u00e0 l&rsquo;\u00e9lectrification de la voie ferr\u00e9e, vont retrouver leur fonction dans les vingt jours \u00e0 venir. Le ministre a pr\u00e9cis\u00e9 que \u00ab\u00a0ces deux passages \u00e0 niveau seront renforc\u00e9s par des gardes permanents, dans l&rsquo;attente de la r\u00e9alisation d&rsquo;une \u00e9tude pour l&rsquo;am\u00e9nagement de tr\u00e9mies souterraines ou de ponts, dans le but de les rendre plus s\u00fbrs tant pour les v\u00e9hicules que pour les trains.\u00a0\u00bb Cette r\u00e9ouverture s&rsquo;inscrit dans une vision plus large de r\u00e9organisation des flux de circulation, accompagnant la mise en \u0153uvre d&rsquo;un nouveau plan de transport pour le chef-lieu, que le ministre n&rsquo;a pas manqu\u00e9 de saluer. Pour affiner ce dispositif, M. Sayoud a annonc\u00e9 la cr\u00e9ation imminente d&rsquo;une commission pluridisciplinaire qui aura pour mission \u00ab\u00a0l&rsquo;\u00e9tude de toutes les pr\u00e9occupations, dont celles li\u00e9es \u00e0 ce plan de transport pour plus de fluidit\u00e9 si n\u00e9cessaire.\u00a0\u00bb La partie orientale de la wilaya, th\u00e9\u00e2tre de vastes op\u00e9rations de relogement, fait l&rsquo;objet d&rsquo;une attention particuli\u00e8re. Le parc roulant de l&rsquo;entreprise de transport urbain et suburbain de Blida sera renforc\u00e9, avec l&rsquo;introduction de nouveaux bus et l&rsquo;ouverture de nouvelles lignes. Dans une approche pragmatique qui t\u00e9moigne de la volont\u00e9 de mobiliser toutes les ressources disponibles, le ministre n&rsquo;\u00e9carte pas la possibilit\u00e9 d&rsquo;une intervention de l&rsquo;ETUSA, le transporteur de la capitale qui dispose d&rsquo;une flotte imposante de 900 bus, pour \u00ab\u00a0la prise en charge du transport des habitants de ces communes, au vu de leur proximit\u00e9 avec la capitale.\u00a0\u00bb Le train, ce mode de transport historique qui a tant contribu\u00e9 au d\u00e9veloppement de la r\u00e9gion, n&rsquo;est pas en reste. Les lignes Alger-Bouinane-El-Affroun et Hussein Dey-El-Affroun, dont la fr\u00e9quence avait \u00e9t\u00e9 r\u00e9duite \u00e0 40% en raison de travaux, vont conna\u00eetre un nouveau souffle. \u00ab\u00a0Des instructions ont \u00e9t\u00e9 donn\u00e9es pour l&rsquo;\u00e9tude de la relance de cette ligne ferroviaire, la semaine prochaine, \u00e0 raison de deux \u00e0 trois dessertes\/jour dans une premi\u00e8re \u00e9tape, au regard de son importance pour les travailleurs et les \u00e9tudiants\u00a0\u00bb, a pr\u00e9cis\u00e9 le ministre. Le t\u00e9l\u00e9ph\u00e9rique de Chr\u00e9a, joyau touristique reliant la ville aux hauteurs verdoyantes qui la surplombent, n&rsquo;a pas \u00e9t\u00e9 oubli\u00e9. Immobilis\u00e9 depuis plus d&rsquo;un an, cet \u00e9quipement fait \u00ab\u00a0actuellement l&rsquo;objet d&rsquo;une \u00e9tude de r\u00e9habilitation\u00a0\u00bb, selon M. Sayoud, qui promet un d\u00e9marrage prochain des travaux. Cette visite minist\u00e9rielle s&rsquo;inscrit dans une dynamique nationale plus large, comme en t\u00e9moigne l&rsquo;\u00e9tude en cours de dix plans de transport pour autant de wilayas, \u00ab\u00a0dans l&rsquo;attente d&rsquo;\u00e9largir cette op\u00e9ration au reste des wilayas durant les ann\u00e9es \u00e0 venir, afin de mettre en place des plans de transport qui r\u00e9pondent aux attentes de la population.\u00a0\u00bb Le ministre a \u00e9galement \u00e9voqu\u00e9 la pr\u00e9paration d&rsquo;un \u00ab\u00a0plan de transport sp\u00e9cial-Ramadhan qui garantira aux citoyens des d\u00e9placements plus faciles et ais\u00e9s.\u00a0\u00bb<\/p>\n\n\n\n<p>La tourn\u00e9e s&rsquo;est achev\u00e9e par l&rsquo;inspection de plusieurs infrastructures cl\u00e9s. \u00c0 la gare ferroviaire de Guerouaou, le ministre a insist\u00e9 sur l&rsquo;acc\u00e9l\u00e9ration des travaux pour une mise en service \u00ab\u00a0au mois de septembre prochain au plus tard.\u00a0\u00bb La gare routi\u00e8re Chahid Farouk Bayla a permis de mettre en lumi\u00e8re les avanc\u00e9es en mati\u00e8re de services num\u00e9riques aux voyageurs, tandis que la visite du chantier de la nouvelle station multimodale a donn\u00e9 lieu \u00e0 des directives fermes sur \u00ab\u00a0la n\u00e9cessit\u00e9 de l&rsquo;ach\u00e8vement du projet dans les plus brefs d\u00e9lais en vue de faciliter les d\u00e9placements des citoyens.\u00a0\u00bb<\/p>\n\n\n\n<p>Amar Malki<\/p>\n","protected":false},"excerpt":{"rendered":"<p>La ville des Roses fait face \u00e0 des d\u00e9fis croissants en mati\u00e8re de mobilit\u00e9 urbaine. Blida, cette cit\u00e9 historique aux<\/p>\n","protected":false},"author":6,"featured_media":62776,"comment_status":"open","ping_status":"closed","sticky":false,"template":"","format":"standard","meta":{"colormag_page_container_layout":"default_layout","colormag_page_sidebar_layout":"default_layout","om_disable_all_campaigns":false,"_monsterinsights_skip_tracking":false,"_monsterinsights_sitenote_active":false,"_monsterinsights_sitenote_note":"","_monsterinsights_sitenote_category":0,"footnotes":"","_wpscppro_dont_share_socialmedia":false,"_wpscppro_custom_social_share_image":0,"_facebook_share_type":"default","_twitter_share_type":"default","_linkedin_share_type":"default","_pinterest_share_type":"default","_linkedin_share_type_page":"","_instagram_share_type":"default","_medium_share_type":"default","_threads_share_type":"","_google_business_share_type":"","_selected_social_profile":[],"_wpsp_enable_custom_social_template":false,"_wpsp_social_scheduling":{"enabled":false,"datetime":null,"platforms":[],"status":"template_only","dateOption":"today","timeOption":"now","customDays":"","customHours":"","customDate":"","customTime":"","schedulingType":"absolute"},"_wpsp_active_default_template":true},"categories":[31],"tags":[],"class_list":["post-62775","post","type-post","status-publish","format-standard","has-post-thumbnail","hentry","category-regions"],"aioseo_notices":[],"yoast_head":"<!-- This site is optimized with the Yoast SEO plugin v27.5 - https:\/\/yoast.com\/product\/yoast-seo-wordpress\/ -->\n<title>Blida : Des mesures d\u2019urgence pour am\u00e9liorer la mobilit\u00e9 urbaine - La Sentinelle<\/title>\n<meta name=\"robots\" content=\"index, follow, max-snippet:-1, max-image-preview:large, max-video-preview:-1\" \/>\n<link rel=\"canonical\" href=\"https:\/\/lasentinelle.dz\/index.php\/2025\/02\/10\/blida-des-mesures-durgence-pour-ameliorer-la-mobilite-urbaine\/\" \/>\n<meta property=\"og:locale\" content=\"fr_FR\" \/>\n<meta property=\"og:type\" content=\"article\" \/>\n<meta property=\"og:title\" content=\"Blida : Des mesures d\u2019urgence pour am\u00e9liorer la mobilit\u00e9 urbaine - La Sentinelle\" \/>\n<meta property=\"og:description\" content=\"La ville des Roses fait face \u00e0 des d\u00e9fis croissants en mati\u00e8re de mobilit\u00e9 urbaine. Blida, cette cit\u00e9 historique aux\" \/>\n<meta property=\"og:url\" content=\"https:\/\/lasentinelle.dz\/index.php\/2025\/02\/10\/blida-des-mesures-durgence-pour-ameliorer-la-mobilite-urbaine\/\" \/>\n<meta property=\"og:site_name\" content=\"La Sentinelle\" \/>\n<meta property=\"article:publisher\" content=\"https:\/\/www.facebook.com\/La-Sentinelle-104059864394773\" \/>\n<meta property=\"article:published_time\" content=\"2025-02-10T11:05:00+00:00\" \/>\n<meta property=\"og:image\" content=\"https:\/\/lasentinelle.dz\/wp-content\/uploads\/2025\/02\/gare-blida.jpg\" \/>\n\t<meta property=\"og:image:width\" content=\"960\" \/>\n\t<meta property=\"og:image:height\" content=\"640\" \/>\n\t<meta property=\"og:image:type\" content=\"image\/jpeg\" \/>\n<meta name=\"author\" content=\"admin\" \/>\n<meta name=\"twitter:card\" content=\"summary_large_image\" \/>\n<meta name=\"twitter:label1\" content=\"\u00c9crit par\" \/>\n\t<meta name=\"twitter:data1\" content=\"admin\" \/>\n\t<meta name=\"twitter:label2\" content=\"Dur\u00e9e de lecture estim\u00e9e\" \/>\n\t<meta name=\"twitter:data2\" content=\"5 minutes\" \/>\n<script type=\"application\/ld+json\" class=\"yoast-schema-graph\">{\"@context\":\"https:\\\/\\\/schema.org\",\"@graph\":[{\"@type\":\"Article\",\"@id\":\"https:\\\/\\\/lasentinelle.dz\\\/index.php\\\/2025\\\/02\\\/10\\\/blida-des-mesures-durgence-pour-ameliorer-la-mobilite-urbaine\\\/#article\",\"isPartOf\":{\"@id\":\"https:\\\/\\\/lasentinelle.dz\\\/index.php\\\/2025\\\/02\\\/10\\\/blida-des-mesures-durgence-pour-ameliorer-la-mobilite-urbaine\\\/\"},\"author\":{\"name\":\"admin\",\"@id\":\"https:\\\/\\\/lasentinelle.dz\\\/#\\\/schema\\\/person\\\/729ee0024f24e0b8c5ec17232f8e8b41\"},\"headline\":\"Blida : Des mesures d\u2019urgence pour am\u00e9liorer la mobilit\u00e9 urbaine\",\"datePublished\":\"2025-02-10T11:05:00+00:00\",\"mainEntityOfPage\":{\"@id\":\"https:\\\/\\\/lasentinelle.dz\\\/index.php\\\/2025\\\/02\\\/10\\\/blida-des-mesures-durgence-pour-ameliorer-la-mobilite-urbaine\\\/\"},\"wordCount\":858,\"commentCount\":0,\"publisher\":{\"@id\":\"https:\\\/\\\/lasentinelle.dz\\\/#organization\"},\"image\":{\"@id\":\"https:\\\/\\\/lasentinelle.dz\\\/index.php\\\/2025\\\/02\\\/10\\\/blida-des-mesures-durgence-pour-ameliorer-la-mobilite-urbaine\\\/#primaryimage\"},\"thumbnailUrl\":\"https:\\\/\\\/lasentinelle.dz\\\/wp-content\\\/uploads\\\/2025\\\/02\\\/gare-blida.jpg\",\"articleSection\":[\"R\u00e9gions\"],\"inLanguage\":\"fr-FR\",\"potentialAction\":[{\"@type\":\"CommentAction\",\"name\":\"Comment\",\"target\":[\"https:\\\/\\\/lasentinelle.dz\\\/index.php\\\/2025\\\/02\\\/10\\\/blida-des-mesures-durgence-pour-ameliorer-la-mobilite-urbaine\\\/#respond\"]}]},{\"@type\":\"WebPage\",\"@id\":\"https:\\\/\\\/lasentinelle.dz\\\/index.php\\\/2025\\\/02\\\/10\\\/blida-des-mesures-durgence-pour-ameliorer-la-mobilite-urbaine\\\/\",\"url\":\"https:\\\/\\\/lasentinelle.dz\\\/index.php\\\/2025\\\/02\\\/10\\\/blida-des-mesures-durgence-pour-ameliorer-la-mobilite-urbaine\\\/\",\"name\":\"Blida : Des mesures d\u2019urgence pour am\u00e9liorer la mobilit\u00e9 urbaine - La Sentinelle\",\"isPartOf\":{\"@id\":\"https:\\\/\\\/lasentinelle.dz\\\/#website\"},\"primaryImageOfPage\":{\"@id\":\"https:\\\/\\\/lasentinelle.dz\\\/index.php\\\/2025\\\/02\\\/10\\\/blida-des-mesures-durgence-pour-ameliorer-la-mobilite-urbaine\\\/#primaryimage\"},\"image\":{\"@id\":\"https:\\\/\\\/lasentinelle.dz\\\/index.php\\\/2025\\\/02\\\/10\\\/blida-des-mesures-durgence-pour-ameliorer-la-mobilite-urbaine\\\/#primaryimage\"},\"thumbnailUrl\":\"https:\\\/\\\/lasentinelle.dz\\\/wp-content\\\/uploads\\\/2025\\\/02\\\/gare-blida.jpg\",\"datePublished\":\"2025-02-10T11:05:00+00:00\",\"breadcrumb\":{\"@id\":\"https:\\\/\\\/lasentinelle.dz\\\/index.php\\\/2025\\\/02\\\/10\\\/blida-des-mesures-durgence-pour-ameliorer-la-mobilite-urbaine\\\/#breadcrumb\"},\"inLanguage\":\"fr-FR\",\"potentialAction\":[{\"@type\":\"ReadAction\",\"target\":[\"https:\\\/\\\/lasentinelle.dz\\\/index.php\\\/2025\\\/02\\\/10\\\/blida-des-mesures-durgence-pour-ameliorer-la-mobilite-urbaine\\\/\"]}]},{\"@type\":\"ImageObject\",\"inLanguage\":\"fr-FR\",\"@id\":\"https:\\\/\\\/lasentinelle.dz\\\/index.php\\\/2025\\\/02\\\/10\\\/blida-des-mesures-durgence-pour-ameliorer-la-mobilite-urbaine\\\/#primaryimage\",\"url\":\"https:\\\/\\\/lasentinelle.dz\\\/wp-content\\\/uploads\\\/2025\\\/02\\\/gare-blida.jpg\",\"contentUrl\":\"https:\\\/\\\/lasentinelle.dz\\\/wp-content\\\/uploads\\\/2025\\\/02\\\/gare-blida.jpg\",\"width\":960,\"height\":640},{\"@type\":\"BreadcrumbList\",\"@id\":\"https:\\\/\\\/lasentinelle.dz\\\/index.php\\\/2025\\\/02\\\/10\\\/blida-des-mesures-durgence-pour-ameliorer-la-mobilite-urbaine\\\/#breadcrumb\",\"itemListElement\":[{\"@type\":\"ListItem\",\"position\":1,\"name\":\"Accueil\",\"item\":\"https:\\\/\\\/lasentinelle.dz\\\/\"},{\"@type\":\"ListItem\",\"position\":2,\"name\":\"Blida : Des mesures d\u2019urgence pour am\u00e9liorer la mobilit\u00e9 urbaine\"}]},{\"@type\":\"WebSite\",\"@id\":\"https:\\\/\\\/lasentinelle.dz\\\/#website\",\"url\":\"https:\\\/\\\/lasentinelle.dz\\\/\",\"name\":\"La Sentinelle\",\"description\":\"Quotidien national d&#039;information\",\"publisher\":{\"@id\":\"https:\\\/\\\/lasentinelle.dz\\\/#organization\"},\"potentialAction\":[{\"@type\":\"SearchAction\",\"target\":{\"@type\":\"EntryPoint\",\"urlTemplate\":\"https:\\\/\\\/lasentinelle.dz\\\/?s={search_term_string}\"},\"query-input\":{\"@type\":\"PropertyValueSpecification\",\"valueRequired\":true,\"valueName\":\"search_term_string\"}}],\"inLanguage\":\"fr-FR\"},{\"@type\":\"Organization\",\"@id\":\"https:\\\/\\\/lasentinelle.dz\\\/#organization\",\"name\":\"Quotidien La Sentinelle\",\"url\":\"https:\\\/\\\/lasentinelle.dz\\\/\",\"logo\":{\"@type\":\"ImageObject\",\"inLanguage\":\"fr-FR\",\"@id\":\"https:\\\/\\\/lasentinelle.dz\\\/#\\\/schema\\\/logo\\\/image\\\/\",\"url\":\"https:\\\/\\\/lasentinelle.dz\\\/wp-content\\\/uploads\\\/2021\\\/09\\\/logo-sentinelleSLOGAN-1.png\",\"contentUrl\":\"https:\\\/\\\/lasentinelle.dz\\\/wp-content\\\/uploads\\\/2021\\\/09\\\/logo-sentinelleSLOGAN-1.png\",\"width\":615,\"height\":142,\"caption\":\"Quotidien La Sentinelle\"},\"image\":{\"@id\":\"https:\\\/\\\/lasentinelle.dz\\\/#\\\/schema\\\/logo\\\/image\\\/\"},\"sameAs\":[\"https:\\\/\\\/www.facebook.com\\\/La-Sentinelle-104059864394773\"]},{\"@type\":\"Person\",\"@id\":\"https:\\\/\\\/lasentinelle.dz\\\/#\\\/schema\\\/person\\\/729ee0024f24e0b8c5ec17232f8e8b41\",\"name\":\"admin\",\"image\":{\"@type\":\"ImageObject\",\"inLanguage\":\"fr-FR\",\"@id\":\"https:\\\/\\\/secure.gravatar.com\\\/avatar\\\/4c81fed838786e9b53f540bf46533e750f5d292099ae3b66cfc6fb1982e29df7?s=96&d=mm&r=g\",\"url\":\"https:\\\/\\\/secure.gravatar.com\\\/avatar\\\/4c81fed838786e9b53f540bf46533e750f5d292099ae3b66cfc6fb1982e29df7?s=96&d=mm&r=g\",\"contentUrl\":\"https:\\\/\\\/secure.gravatar.com\\\/avatar\\\/4c81fed838786e9b53f540bf46533e750f5d292099ae3b66cfc6fb1982e29df7?s=96&d=mm&r=g\",\"caption\":\"admin\"},\"description\":\"admin\",\"url\":\"https:\\\/\\\/lasentinelle.dz\\\/author\\\/admin\\\/\"}]}<\/script>\n<!-- \/ Yoast SEO plugin. -->","yoast_head_json":{"title":"Blida : Des mesures d\u2019urgence pour am\u00e9liorer la mobilit\u00e9 urbaine - La Sentinelle","robots":{"index":"index","follow":"follow","max-snippet":"max-snippet:-1","max-image-preview":"max-image-preview:large","max-video-preview":"max-video-preview:-1"},"canonical":"https:\/\/lasentinelle.dz\/index.php\/2025\/02\/10\/blida-des-mesures-durgence-pour-ameliorer-la-mobilite-urbaine\/","og_locale":"fr_FR","og_type":"article","og_title":"Blida : Des mesures d\u2019urgence pour am\u00e9liorer la mobilit\u00e9 urbaine - La Sentinelle","og_description":"La ville des Roses fait face \u00e0 des d\u00e9fis croissants en mati\u00e8re de mobilit\u00e9 urbaine. Blida, cette cit\u00e9 historique aux","og_url":"https:\/\/lasentinelle.dz\/index.php\/2025\/02\/10\/blida-des-mesures-durgence-pour-ameliorer-la-mobilite-urbaine\/","og_site_name":"La Sentinelle","article_publisher":"https:\/\/www.facebook.com\/La-Sentinelle-104059864394773","article_published_time":"2025-02-10T11:05:00+00:00","og_image":[{"width":960,"height":640,"url":"https:\/\/lasentinelle.dz\/wp-content\/uploads\/2025\/02\/gare-blida.jpg","type":"image\/jpeg"}],"author":"admin","twitter_card":"summary_large_image","twitter_misc":{"\u00c9crit par":"admin","Dur\u00e9e de lecture estim\u00e9e":"5 minutes"},"schema":{"@context":"https:\/\/schema.org","@graph":[{"@type":"Article","@id":"https:\/\/lasentinelle.dz\/index.php\/2025\/02\/10\/blida-des-mesures-durgence-pour-ameliorer-la-mobilite-urbaine\/#article","isPartOf":{"@id":"https:\/\/lasentinelle.dz\/index.php\/2025\/02\/10\/blida-des-mesures-durgence-pour-ameliorer-la-mobilite-urbaine\/"},"author":{"name":"admin","@id":"https:\/\/lasentinelle.dz\/#\/schema\/person\/729ee0024f24e0b8c5ec17232f8e8b41"},"headline":"Blida : Des mesures d\u2019urgence pour am\u00e9liorer la mobilit\u00e9 urbaine","datePublished":"2025-02-10T11:05:00+00:00","mainEntityOfPage":{"@id":"https:\/\/lasentinelle.dz\/index.php\/2025\/02\/10\/blida-des-mesures-durgence-pour-ameliorer-la-mobilite-urbaine\/"},"wordCount":858,"commentCount":0,"publisher":{"@id":"https:\/\/lasentinelle.dz\/#organization"},"image":{"@id":"https:\/\/lasentinelle.dz\/index.php\/2025\/02\/10\/blida-des-mesures-durgence-pour-ameliorer-la-mobilite-urbaine\/#primaryimage"},"thumbnailUrl":"https:\/\/lasentinelle.dz\/wp-content\/uploads\/2025\/02\/gare-blida.jpg","articleSection":["R\u00e9gions"],"inLanguage":"fr-FR","potentialAction":[{"@type":"CommentAction","name":"Comment","target":["https:\/\/lasentinelle.dz\/index.php\/2025\/02\/10\/blida-des-mesures-durgence-pour-ameliorer-la-mobilite-urbaine\/#respond"]}]},{"@type":"WebPage","@id":"https:\/\/lasentinelle.dz\/index.php\/2025\/02\/10\/blida-des-mesures-durgence-pour-ameliorer-la-mobilite-urbaine\/","url":"https:\/\/lasentinelle.dz\/index.php\/2025\/02\/10\/blida-des-mesures-durgence-pour-ameliorer-la-mobilite-urbaine\/","name":"Blida : Des mesures d\u2019urgence pour am\u00e9liorer la mobilit\u00e9 urbaine - La Sentinelle","isPartOf":{"@id":"https:\/\/lasentinelle.dz\/#website"},"primaryImageOfPage":{"@id":"https:\/\/lasentinelle.dz\/index.php\/2025\/02\/10\/blida-des-mesures-durgence-pour-ameliorer-la-mobilite-urbaine\/#primaryimage"},"image":{"@id":"https:\/\/lasentinelle.dz\/index.php\/2025\/02\/10\/blida-des-mesures-durgence-pour-ameliorer-la-mobilite-urbaine\/#primaryimage"},"thumbnailUrl":"https:\/\/lasentinelle.dz\/wp-content\/uploads\/2025\/02\/gare-blida.jpg","datePublished":"2025-02-10T11:05:00+00:00","breadcrumb":{"@id":"https:\/\/lasentinelle.dz\/index.php\/2025\/02\/10\/blida-des-mesures-durgence-pour-ameliorer-la-mobilite-urbaine\/#breadcrumb"},"inLanguage":"fr-FR","potentialAction":[{"@type":"ReadAction","target":["https:\/\/lasentinelle.dz\/index.php\/2025\/02\/10\/blida-des-mesures-durgence-pour-ameliorer-la-mobilite-urbaine\/"]}]},{"@type":"ImageObject","inLanguage":"fr-FR","@id":"https:\/\/lasentinelle.dz\/index.php\/2025\/02\/10\/blida-des-mesures-durgence-pour-ameliorer-la-mobilite-urbaine\/#primaryimage","url":"https:\/\/lasentinelle.dz\/wp-content\/uploads\/2025\/02\/gare-blida.jpg","contentUrl":"https:\/\/lasentinelle.dz\/wp-content\/uploads\/2025\/02\/gare-blida.jpg","width":960,"height":640},{"@type":"BreadcrumbList","@id":"https:\/\/lasentinelle.dz\/index.php\/2025\/02\/10\/blida-des-mesures-durgence-pour-ameliorer-la-mobilite-urbaine\/#breadcrumb","itemListElement":[{"@type":"ListItem","position":1,"name":"Accueil","item":"https:\/\/lasentinelle.dz\/"},{"@type":"ListItem","position":2,"name":"Blida : Des mesures d\u2019urgence pour am\u00e9liorer la mobilit\u00e9 urbaine"}]},{"@type":"WebSite","@id":"https:\/\/lasentinelle.dz\/#website","url":"https:\/\/lasentinelle.dz\/","name":"La Sentinelle","description":"Quotidien national d&#039;information","publisher":{"@id":"https:\/\/lasentinelle.dz\/#organization"},"potentialAction":[{"@type":"SearchAction","target":{"@type":"EntryPoint","urlTemplate":"https:\/\/lasentinelle.dz\/?s={search_term_string}"},"query-input":{"@type":"PropertyValueSpecification","valueRequired":true,"valueName":"search_term_string"}}],"inLanguage":"fr-FR"},{"@type":"Organization","@id":"https:\/\/lasentinelle.dz\/#organization","name":"Quotidien La Sentinelle","url":"https:\/\/lasentinelle.dz\/","logo":{"@type":"ImageObject","inLanguage":"fr-FR","@id":"https:\/\/lasentinelle.dz\/#\/schema\/logo\/image\/","url":"https:\/\/lasentinelle.dz\/wp-content\/uploads\/2021\/09\/logo-sentinelleSLOGAN-1.png","contentUrl":"https:\/\/lasentinelle.dz\/wp-content\/uploads\/2021\/09\/logo-sentinelleSLOGAN-1.png","width":615,"height":142,"caption":"Quotidien La Sentinelle"},"image":{"@id":"https:\/\/lasentinelle.dz\/#\/schema\/logo\/image\/"},"sameAs":["https:\/\/www.facebook.com\/La-Sentinelle-104059864394773"]},{"@type":"Person","@id":"https:\/\/lasentinelle.dz\/#\/schema\/person\/729ee0024f24e0b8c5ec17232f8e8b41","name":"admin","image":{"@type":"ImageObject","inLanguage":"fr-FR","@id":"https:\/\/secure.gravatar.com\/avatar\/4c81fed838786e9b53f540bf46533e750f5d292099ae3b66cfc6fb1982e29df7?s=96&d=mm&r=g","url":"https:\/\/secure.gravatar.com\/avatar\/4c81fed838786e9b53f540bf46533e750f5d292099ae3b66cfc6fb1982e29df7?s=96&d=mm&r=g","contentUrl":"https:\/\/secure.gravatar.com\/avatar\/4c81fed838786e9b53f540bf46533e750f5d292099ae3b66cfc6fb1982e29df7?s=96&d=mm&r=g","caption":"admin"},"description":"admin","url":"https:\/\/lasentinelle.dz\/author\/admin\/"}]}},"_links":{"self":[{"href":"https:\/\/lasentinelle.dz\/index.php\/wp-json\/wp\/v2\/posts\/62775","targetHints":{"allow":["GET"]}}],"collection":[{"href":"https:\/\/lasentinelle.dz\/index.php\/wp-json\/wp\/v2\/posts"}],"about":[{"href":"https:\/\/lasentinelle.dz\/index.php\/wp-json\/wp\/v2\/types\/post"}],"author":[{"embeddable":true,"href":"https:\/\/lasentinelle.dz\/index.php\/wp-json\/wp\/v2\/users\/6"}],"replies":[{"embeddable":true,"href":"https:\/\/lasentinelle.dz\/index.php\/wp-json\/wp\/v2\/comments?post=62775"}],"version-history":[{"count":1,"href":"https:\/\/lasentinelle.dz\/index.php\/wp-json\/wp\/v2\/posts\/62775\/revisions"}],"predecessor-version":[{"id":62777,"href":"https:\/\/lasentinelle.dz\/index.php\/wp-json\/wp\/v2\/posts\/62775\/revisions\/62777"}],"wp:featuredmedia":[{"embeddable":true,"href":"https:\/\/lasentinelle.dz\/index.php\/wp-json\/wp\/v2\/media\/62776"}],"wp:attachment":[{"href":"https:\/\/lasentinelle.dz\/index.php\/wp-json\/wp\/v2\/media?parent=62775"}],"wp:term":[{"taxonomy":"category","embeddable":true,"href":"https:\/\/lasentinelle.dz\/index.php\/wp-json\/wp\/v2\/categories?post=62775"},{"taxonomy":"post_tag","embeddable":true,"href":"https:\/\/lasentinelle.dz\/index.php\/wp-json\/wp\/v2\/tags?post=62775"}],"curies":[{"name":"wp","href":"https:\/\/api.w.org\/{rel}","templated":true}]}}