{"id":62810,"date":"2025-02-10T12:14:47","date_gmt":"2025-02-10T11:14:47","guid":{"rendered":"https:\/\/lasentinelle.dz\/?p=62810"},"modified":"2025-02-10T12:14:48","modified_gmt":"2025-02-10T11:14:48","slug":"tebboune-hausse-le-ton-2","status":"publish","type":"post","link":"https:\/\/lasentinelle.dz\/index.php\/2025\/02\/10\/tebboune-hausse-le-ton-2\/","title":{"rendered":"Tebboune hausse le ton !"},"content":{"rendered":"\n<p>Le Pr\u00e9sident de la R\u00e9publique, Abdelmadjid Tebboune, a pr\u00e9sid\u00e9 hier la r\u00e9union p\u00e9riodique du Conseil des ministres dont l&rsquo;ordre du jour a \u00e9t\u00e9 marqu\u00e9 par plusieurs dossiers \u00e9conomiques strat\u00e9giques.<\/p>\n\n\n\n<p>Au premier rang de ces dossiers figure le projet de loi r\u00e9gissant les activit\u00e9s mini\u00e8res, un secteur consid\u00e9r\u00e9 comme prioritaire par l&rsquo;\u00c9tat. Le chef de l&rsquo;\u00c9tat a approuv\u00e9 ce projet de loi tout en \u00e9mettant des directives pr\u00e9cises quant \u00e0 son application. Il a notamment insist\u00e9 sur la n\u00e9cessit\u00e9 d&rsquo;une modernisation profonde du secteur, appelant \u00e0 l&rsquo;introduction de technologies avanc\u00e9es et de solutions scientifiques innovantes dans les op\u00e9rations de prospection et d&rsquo;exploitation. Cette modernisation s&rsquo;accompagne d&rsquo;une vision \u00e0 long terme particuli\u00e8rement marqu\u00e9e concernant les terres rares.<\/p>\n\n\n\n<p><strong>Les terres rares exclus des investissements<\/strong><\/p>\n\n\n\n<p>Dans une d\u00e9cision forte, le Pr\u00e9sident a ordonn\u00e9 leur exclusion temporaire des investissements actuels, les consid\u00e9rant comme un patrimoine destin\u00e9 aux g\u00e9n\u00e9rations futures. De m\u00eame qu\u2019il a demand\u00e9 l\u2019\u00e9laboration d\u2019une vision globale sur les meilleures strat\u00e9gies pour stimuler davantage l\u2019investissement dans ce secteur, en r\u00e9alisant des \u00e9tudes approfondies garantissant un avenir prometteur pour les g\u00e9n\u00e9rations futures.&nbsp; &nbsp;Cette orientation s&rsquo;inscrit dans la continuit\u00e9 du plan d&rsquo;action 2020-2024 lanc\u00e9 pour redynamiser le secteur minier, dont l&rsquo;objectif est d&rsquo;am\u00e9liorer sa contribution \u00e0 l&rsquo;\u00e9conomie nationale et de cr\u00e9er des emplois, notamment dans les zones enclav\u00e9es.<\/p>\n\n\n\n<p><strong>Num\u00e9risation : une commission d\u2019enqu\u00eate pour lever les obstacles bureaucratiques<\/strong><\/p>\n\n\n\n<p>Le processus de num\u00e9risation de l&rsquo;administration a \u00e9galement fait l&rsquo;objet d&rsquo;une attention particuli\u00e8re lors de ce Conseil des ministres. Face aux entraves constat\u00e9es, le Pr\u00e9sident Tebboune a ordonn\u00e9 l&rsquo;envoi imm\u00e9diat d&rsquo;une commission d&rsquo;enqu\u00eate aupr\u00e8s de l&rsquo;Autorit\u00e9 de r\u00e9gulation de la poste et des communications \u00e9lectroniques. Cette commission aura pour mission d&rsquo;examiner les obstacles \u00e0 l&rsquo;octroi des licences d&rsquo;exploitation des \u00e9quipements num\u00e9riques en faveur du Haut-Commissariat \u00e0 la Num\u00e9risation. Le chef de l&rsquo;\u00c9tat a d\u00e9fini clairement les priorit\u00e9s de ce chantier de num\u00e9risation, mettant l&rsquo;accent sur les services \u00e0 dimension \u00e9conomique et financi\u00e8re, ainsi que sur les biens immobiliers publics et priv\u00e9s, consid\u00e9r\u00e9s comme des enjeux strat\u00e9giques de souverainet\u00e9 nationale. Il a soulign\u00e9 que ce processus s&rsquo;inscrit dans le cadre d&rsquo;une r\u00e9forme profonde n\u00e9cessitant des statistiques pr\u00e9cises et actualis\u00e9es pour garantir une prise de d\u00e9cision transparente et efficace.<\/p>\n\n\n\n<p><strong>Une gestion rationalis\u00e9e des projets publics<\/strong><\/p>\n\n\n\n<p>Le Pr\u00e9sident Tebboune a exhort\u00e9 le gouvernement \u00e0 mettre en \u0153uvre les diff\u00e9rents projets d&rsquo;investissement approuv\u00e9s avec rationalit\u00e9 et optimisation des d\u00e9penses. Il a insist\u00e9 sur le respect des engagements et directives \u00e9mises, tout en soulignant l&rsquo;importance cruciale du respect des d\u00e9lais d&rsquo;ex\u00e9cution pour chaque projet. Cette directive t\u00e9moigne de la volont\u00e9 pr\u00e9sidentielle de maintenir un contr\u00f4le strict sur la gestion des deniers publics tout en garantissant l&rsquo;efficacit\u00e9 de l&rsquo;action gouvernementale.<\/p>\n\n\n\n<p>Aussi et dans le cadre de la modernisation des infrastructures \u00e9conomiques, le Pr\u00e9sident Tebboune a donn\u00e9 des instructions fermes concernant la gestion portuaire. Il a notamment ordonn\u00e9 au ministre des Transports de modifier le syst\u00e8me de travail dans les ports avant la fin du mois en cours, en instaurant un fonctionnement continu 24h\/24 et 7j\/7. Cette mesure concernera particuli\u00e8rement les ports \u00e0 forte activit\u00e9 \u00e9conomique comme Djendjen, Alger, B\u00e9ja\u00efa, Annaba, Oran et Mostaganem. L&rsquo;objectif est double : accompagner la dynamique \u00e9conomique du pays et r\u00e9duire les co\u00fbts excessifs li\u00e9s \u00e0 l&rsquo;attente prolong\u00e9e des navires pour accoster.<\/p>\n\n\n\n<p><strong>Un cong\u00e9 de maternit\u00e9 de 5 mois<\/strong><\/p>\n\n\n\n<p>Au-del\u00e0 des dossiers \u00e9conomiques, le Conseil des ministres a \u00e9galement abord\u00e9 plusieurs questions sociales d&rsquo;importance. En mati\u00e8re de protection des femmes, le Pr\u00e9sident a charg\u00e9 le ministre de la Justice et la ministre de la Solidarit\u00e9 nationale de mettre en place des m\u00e9canismes juridiques suppl\u00e9mentaires pour assurer une protection maximale aux femmes victimes de violences, quelle que soit leur position dans la soci\u00e9t\u00e9.<\/p>\n\n\n\n<p>Dans le domaine de l&rsquo;\u00e9ducation, des d\u00e9cisions significatives ont \u00e9t\u00e9 prises en faveur des enseignants. Le Pr\u00e9sident a ainsi ordonn\u00e9 la r\u00e9duction de l&rsquo;\u00e2ge de d\u00e9part \u00e0 la retraite de trois ans pour tous les enseignants du secteur de l&rsquo;\u00e9ducation, tous cycles confondus. Cette mesure s&rsquo;inscrit dans un ensemble plus large d&rsquo;avantages accord\u00e9s r\u00e9cemment \u00e0 la corporation, incluant la r\u00e9duction du volume horaire hebdomadaire et des augmentations salariales substantielles. Une avanc\u00e9e sociale majeure a \u00e9galement \u00e9t\u00e9 annonc\u00e9e avec l&rsquo;allongement du cong\u00e9 de maternit\u00e9, qui passe de trois mois et demi \u00e0 cinq mois pour toutes les m\u00e8res travailleuses.<\/p>\n\n\n\n<p>Le sport n&rsquo;a pas \u00e9t\u00e9 en reste lors de ce Conseil des ministres, avec une attention particuli\u00e8re port\u00e9e au handball. Le Pr\u00e9sident a ordonn\u00e9 la reconstruction de cette discipline sur des bases scientifiques et modernes, en impliquant des experts nationaux et \u00e9trangers. L&rsquo;\u00c9tat s&rsquo;est dit pr\u00eat \u00e0 financer et accompagner cette discipline pour lui redonner son \u00e9clat d&rsquo;antan, d\u00e9montrant ainsi sa volont\u00e9 de d\u00e9velopper le sport de haut niveau en Alg\u00e9rie. Une d\u00e9cision politique forte destin\u00e9e \u00e0 revoir la gestion de la discipline en profondeur apr\u00e8s les r\u00e9sultats d\u00e9cevants du Sept national lors des derniers mondiaux au Danemark.<\/p>\n\n\n\n<p>Chokri Hafed<\/p>\n","protected":false},"excerpt":{"rendered":"<p>Le Pr\u00e9sident de la R\u00e9publique, Abdelmadjid Tebboune, a pr\u00e9sid\u00e9 hier la r\u00e9union p\u00e9riodique du Conseil des ministres dont l&rsquo;ordre du<\/p>\n","protected":false},"author":6,"featured_media":62811,"comment_status":"open","ping_status":"closed","sticky":false,"template":"","format":"standard","meta":{"colormag_page_container_layout":"default_layout","colormag_page_sidebar_layout":"default_layout","om_disable_all_campaigns":false,"_monsterinsights_skip_tracking":false,"_monsterinsights_sitenote_active":false,"_monsterinsights_sitenote_note":"","_monsterinsights_sitenote_category":0,"footnotes":"","_wpscppro_dont_share_socialmedia":false,"_wpscppro_custom_social_share_image":0,"_facebook_share_type":"default","_twitter_share_type":"default","_linkedin_share_type":"default","_pinterest_share_type":"default","_linkedin_share_type_page":"","_instagram_share_type":"default","_medium_share_type":"default","_threads_share_type":"","_google_business_share_type":"","_selected_social_profile":[],"_wpsp_enable_custom_social_template":false,"_wpsp_social_scheduling":{"enabled":false,"datetime":null,"platforms":[],"status":"template_only","dateOption":"today","timeOption":"now","customDays":"","customHours":"","customDate":"","customTime":"","schedulingType":"absolute"},"_wpsp_active_default_template":true},"categories":[52,27],"tags":[],"class_list":["post-62810","post","type-post","status-publish","format-standard","has-post-thumbnail","hentry","category-a-la-une","category-actualite"],"aioseo_notices":[],"yoast_head":"<!-- This site is optimized with the Yoast SEO plugin v27.5 - https:\/\/yoast.com\/product\/yoast-seo-wordpress\/ -->\n<title>Tebboune hausse le ton ! - La Sentinelle<\/title>\n<meta name=\"robots\" content=\"index, follow, max-snippet:-1, max-image-preview:large, max-video-preview:-1\" \/>\n<link rel=\"canonical\" href=\"https:\/\/lasentinelle.dz\/index.php\/2025\/02\/10\/tebboune-hausse-le-ton-2\/\" \/>\n<meta property=\"og:locale\" content=\"fr_FR\" \/>\n<meta property=\"og:type\" content=\"article\" \/>\n<meta property=\"og:title\" content=\"Tebboune hausse le ton ! - La Sentinelle\" \/>\n<meta property=\"og:description\" content=\"Le Pr\u00e9sident de la R\u00e9publique, Abdelmadjid Tebboune, a pr\u00e9sid\u00e9 hier la r\u00e9union p\u00e9riodique du Conseil des ministres dont l&rsquo;ordre du\" \/>\n<meta property=\"og:url\" content=\"https:\/\/lasentinelle.dz\/index.php\/2025\/02\/10\/tebboune-hausse-le-ton-2\/\" \/>\n<meta property=\"og:site_name\" content=\"La Sentinelle\" \/>\n<meta property=\"article:publisher\" content=\"https:\/\/www.facebook.com\/La-Sentinelle-104059864394773\" \/>\n<meta property=\"article:published_time\" content=\"2025-02-10T11:14:47+00:00\" \/>\n<meta property=\"article:modified_time\" content=\"2025-02-10T11:14:48+00:00\" \/>\n<meta property=\"og:image\" content=\"https:\/\/lasentinelle.dz\/wp-content\/uploads\/2025\/02\/tebboune-3.jpeg\" \/>\n\t<meta property=\"og:image:width\" content=\"2048\" \/>\n\t<meta property=\"og:image:height\" content=\"1366\" \/>\n\t<meta property=\"og:image:type\" content=\"image\/jpeg\" \/>\n<meta name=\"author\" content=\"admin\" \/>\n<meta name=\"twitter:card\" content=\"summary_large_image\" \/>\n<meta name=\"twitter:label1\" content=\"\u00c9crit par\" \/>\n\t<meta name=\"twitter:data1\" content=\"admin\" \/>\n\t<meta name=\"twitter:label2\" content=\"Dur\u00e9e de lecture estim\u00e9e\" \/>\n\t<meta name=\"twitter:data2\" content=\"5 minutes\" \/>\n<script type=\"application\/ld+json\" class=\"yoast-schema-graph\">{\"@context\":\"https:\\\/\\\/schema.org\",\"@graph\":[{\"@type\":\"Article\",\"@id\":\"https:\\\/\\\/lasentinelle.dz\\\/index.php\\\/2025\\\/02\\\/10\\\/tebboune-hausse-le-ton-2\\\/#article\",\"isPartOf\":{\"@id\":\"https:\\\/\\\/lasentinelle.dz\\\/index.php\\\/2025\\\/02\\\/10\\\/tebboune-hausse-le-ton-2\\\/\"},\"author\":{\"name\":\"admin\",\"@id\":\"https:\\\/\\\/lasentinelle.dz\\\/#\\\/schema\\\/person\\\/729ee0024f24e0b8c5ec17232f8e8b41\"},\"headline\":\"Tebboune hausse le ton !\",\"datePublished\":\"2025-02-10T11:14:47+00:00\",\"dateModified\":\"2025-02-10T11:14:48+00:00\",\"mainEntityOfPage\":{\"@id\":\"https:\\\/\\\/lasentinelle.dz\\\/index.php\\\/2025\\\/02\\\/10\\\/tebboune-hausse-le-ton-2\\\/\"},\"wordCount\":938,\"commentCount\":0,\"publisher\":{\"@id\":\"https:\\\/\\\/lasentinelle.dz\\\/#organization\"},\"image\":{\"@id\":\"https:\\\/\\\/lasentinelle.dz\\\/index.php\\\/2025\\\/02\\\/10\\\/tebboune-hausse-le-ton-2\\\/#primaryimage\"},\"thumbnailUrl\":\"https:\\\/\\\/lasentinelle.dz\\\/wp-content\\\/uploads\\\/2025\\\/02\\\/tebboune-3.jpeg\",\"articleSection\":[\"\u00c0 la Une\",\"Actualit\u00e9\"],\"inLanguage\":\"fr-FR\",\"potentialAction\":[{\"@type\":\"CommentAction\",\"name\":\"Comment\",\"target\":[\"https:\\\/\\\/lasentinelle.dz\\\/index.php\\\/2025\\\/02\\\/10\\\/tebboune-hausse-le-ton-2\\\/#respond\"]}]},{\"@type\":\"WebPage\",\"@id\":\"https:\\\/\\\/lasentinelle.dz\\\/index.php\\\/2025\\\/02\\\/10\\\/tebboune-hausse-le-ton-2\\\/\",\"url\":\"https:\\\/\\\/lasentinelle.dz\\\/index.php\\\/2025\\\/02\\\/10\\\/tebboune-hausse-le-ton-2\\\/\",\"name\":\"Tebboune hausse le ton ! - La Sentinelle\",\"isPartOf\":{\"@id\":\"https:\\\/\\\/lasentinelle.dz\\\/#website\"},\"primaryImageOfPage\":{\"@id\":\"https:\\\/\\\/lasentinelle.dz\\\/index.php\\\/2025\\\/02\\\/10\\\/tebboune-hausse-le-ton-2\\\/#primaryimage\"},\"image\":{\"@id\":\"https:\\\/\\\/lasentinelle.dz\\\/index.php\\\/2025\\\/02\\\/10\\\/tebboune-hausse-le-ton-2\\\/#primaryimage\"},\"thumbnailUrl\":\"https:\\\/\\\/lasentinelle.dz\\\/wp-content\\\/uploads\\\/2025\\\/02\\\/tebboune-3.jpeg\",\"datePublished\":\"2025-02-10T11:14:47+00:00\",\"dateModified\":\"2025-02-10T11:14:48+00:00\",\"breadcrumb\":{\"@id\":\"https:\\\/\\\/lasentinelle.dz\\\/index.php\\\/2025\\\/02\\\/10\\\/tebboune-hausse-le-ton-2\\\/#breadcrumb\"},\"inLanguage\":\"fr-FR\",\"potentialAction\":[{\"@type\":\"ReadAction\",\"target\":[\"https:\\\/\\\/lasentinelle.dz\\\/index.php\\\/2025\\\/02\\\/10\\\/tebboune-hausse-le-ton-2\\\/\"]}]},{\"@type\":\"ImageObject\",\"inLanguage\":\"fr-FR\",\"@id\":\"https:\\\/\\\/lasentinelle.dz\\\/index.php\\\/2025\\\/02\\\/10\\\/tebboune-hausse-le-ton-2\\\/#primaryimage\",\"url\":\"https:\\\/\\\/lasentinelle.dz\\\/wp-content\\\/uploads\\\/2025\\\/02\\\/tebboune-3.jpeg\",\"contentUrl\":\"https:\\\/\\\/lasentinelle.dz\\\/wp-content\\\/uploads\\\/2025\\\/02\\\/tebboune-3.jpeg\",\"width\":2048,\"height\":1366},{\"@type\":\"BreadcrumbList\",\"@id\":\"https:\\\/\\\/lasentinelle.dz\\\/index.php\\\/2025\\\/02\\\/10\\\/tebboune-hausse-le-ton-2\\\/#breadcrumb\",\"itemListElement\":[{\"@type\":\"ListItem\",\"position\":1,\"name\":\"Accueil\",\"item\":\"https:\\\/\\\/lasentinelle.dz\\\/\"},{\"@type\":\"ListItem\",\"position\":2,\"name\":\"Tebboune hausse le ton !\"}]},{\"@type\":\"WebSite\",\"@id\":\"https:\\\/\\\/lasentinelle.dz\\\/#website\",\"url\":\"https:\\\/\\\/lasentinelle.dz\\\/\",\"name\":\"La Sentinelle\",\"description\":\"Quotidien national d&#039;information\",\"publisher\":{\"@id\":\"https:\\\/\\\/lasentinelle.dz\\\/#organization\"},\"potentialAction\":[{\"@type\":\"SearchAction\",\"target\":{\"@type\":\"EntryPoint\",\"urlTemplate\":\"https:\\\/\\\/lasentinelle.dz\\\/?s={search_term_string}\"},\"query-input\":{\"@type\":\"PropertyValueSpecification\",\"valueRequired\":true,\"valueName\":\"search_term_string\"}}],\"inLanguage\":\"fr-FR\"},{\"@type\":\"Organization\",\"@id\":\"https:\\\/\\\/lasentinelle.dz\\\/#organization\",\"name\":\"Quotidien La Sentinelle\",\"url\":\"https:\\\/\\\/lasentinelle.dz\\\/\",\"logo\":{\"@type\":\"ImageObject\",\"inLanguage\":\"fr-FR\",\"@id\":\"https:\\\/\\\/lasentinelle.dz\\\/#\\\/schema\\\/logo\\\/image\\\/\",\"url\":\"https:\\\/\\\/lasentinelle.dz\\\/wp-content\\\/uploads\\\/2021\\\/09\\\/logo-sentinelleSLOGAN-1.png\",\"contentUrl\":\"https:\\\/\\\/lasentinelle.dz\\\/wp-content\\\/uploads\\\/2021\\\/09\\\/logo-sentinelleSLOGAN-1.png\",\"width\":615,\"height\":142,\"caption\":\"Quotidien La Sentinelle\"},\"image\":{\"@id\":\"https:\\\/\\\/lasentinelle.dz\\\/#\\\/schema\\\/logo\\\/image\\\/\"},\"sameAs\":[\"https:\\\/\\\/www.facebook.com\\\/La-Sentinelle-104059864394773\"]},{\"@type\":\"Person\",\"@id\":\"https:\\\/\\\/lasentinelle.dz\\\/#\\\/schema\\\/person\\\/729ee0024f24e0b8c5ec17232f8e8b41\",\"name\":\"admin\",\"image\":{\"@type\":\"ImageObject\",\"inLanguage\":\"fr-FR\",\"@id\":\"https:\\\/\\\/secure.gravatar.com\\\/avatar\\\/4c81fed838786e9b53f540bf46533e750f5d292099ae3b66cfc6fb1982e29df7?s=96&d=mm&r=g\",\"url\":\"https:\\\/\\\/secure.gravatar.com\\\/avatar\\\/4c81fed838786e9b53f540bf46533e750f5d292099ae3b66cfc6fb1982e29df7?s=96&d=mm&r=g\",\"contentUrl\":\"https:\\\/\\\/secure.gravatar.com\\\/avatar\\\/4c81fed838786e9b53f540bf46533e750f5d292099ae3b66cfc6fb1982e29df7?s=96&d=mm&r=g\",\"caption\":\"admin\"},\"description\":\"admin\",\"url\":\"https:\\\/\\\/lasentinelle.dz\\\/author\\\/admin\\\/\"}]}<\/script>\n<!-- \/ Yoast SEO plugin. -->","yoast_head_json":{"title":"Tebboune hausse le ton ! - La Sentinelle","robots":{"index":"index","follow":"follow","max-snippet":"max-snippet:-1","max-image-preview":"max-image-preview:large","max-video-preview":"max-video-preview:-1"},"canonical":"https:\/\/lasentinelle.dz\/index.php\/2025\/02\/10\/tebboune-hausse-le-ton-2\/","og_locale":"fr_FR","og_type":"article","og_title":"Tebboune hausse le ton ! - La Sentinelle","og_description":"Le Pr\u00e9sident de la R\u00e9publique, Abdelmadjid Tebboune, a pr\u00e9sid\u00e9 hier la r\u00e9union p\u00e9riodique du Conseil des ministres dont l&rsquo;ordre du","og_url":"https:\/\/lasentinelle.dz\/index.php\/2025\/02\/10\/tebboune-hausse-le-ton-2\/","og_site_name":"La Sentinelle","article_publisher":"https:\/\/www.facebook.com\/La-Sentinelle-104059864394773","article_published_time":"2025-02-10T11:14:47+00:00","article_modified_time":"2025-02-10T11:14:48+00:00","og_image":[{"width":2048,"height":1366,"url":"https:\/\/lasentinelle.dz\/wp-content\/uploads\/2025\/02\/tebboune-3.jpeg","type":"image\/jpeg"}],"author":"admin","twitter_card":"summary_large_image","twitter_misc":{"\u00c9crit par":"admin","Dur\u00e9e de lecture estim\u00e9e":"5 minutes"},"schema":{"@context":"https:\/\/schema.org","@graph":[{"@type":"Article","@id":"https:\/\/lasentinelle.dz\/index.php\/2025\/02\/10\/tebboune-hausse-le-ton-2\/#article","isPartOf":{"@id":"https:\/\/lasentinelle.dz\/index.php\/2025\/02\/10\/tebboune-hausse-le-ton-2\/"},"author":{"name":"admin","@id":"https:\/\/lasentinelle.dz\/#\/schema\/person\/729ee0024f24e0b8c5ec17232f8e8b41"},"headline":"Tebboune hausse le ton !","datePublished":"2025-02-10T11:14:47+00:00","dateModified":"2025-02-10T11:14:48+00:00","mainEntityOfPage":{"@id":"https:\/\/lasentinelle.dz\/index.php\/2025\/02\/10\/tebboune-hausse-le-ton-2\/"},"wordCount":938,"commentCount":0,"publisher":{"@id":"https:\/\/lasentinelle.dz\/#organization"},"image":{"@id":"https:\/\/lasentinelle.dz\/index.php\/2025\/02\/10\/tebboune-hausse-le-ton-2\/#primaryimage"},"thumbnailUrl":"https:\/\/lasentinelle.dz\/wp-content\/uploads\/2025\/02\/tebboune-3.jpeg","articleSection":["\u00c0 la Une","Actualit\u00e9"],"inLanguage":"fr-FR","potentialAction":[{"@type":"CommentAction","name":"Comment","target":["https:\/\/lasentinelle.dz\/index.php\/2025\/02\/10\/tebboune-hausse-le-ton-2\/#respond"]}]},{"@type":"WebPage","@id":"https:\/\/lasentinelle.dz\/index.php\/2025\/02\/10\/tebboune-hausse-le-ton-2\/","url":"https:\/\/lasentinelle.dz\/index.php\/2025\/02\/10\/tebboune-hausse-le-ton-2\/","name":"Tebboune hausse le ton ! - La Sentinelle","isPartOf":{"@id":"https:\/\/lasentinelle.dz\/#website"},"primaryImageOfPage":{"@id":"https:\/\/lasentinelle.dz\/index.php\/2025\/02\/10\/tebboune-hausse-le-ton-2\/#primaryimage"},"image":{"@id":"https:\/\/lasentinelle.dz\/index.php\/2025\/02\/10\/tebboune-hausse-le-ton-2\/#primaryimage"},"thumbnailUrl":"https:\/\/lasentinelle.dz\/wp-content\/uploads\/2025\/02\/tebboune-3.jpeg","datePublished":"2025-02-10T11:14:47+00:00","dateModified":"2025-02-10T11:14:48+00:00","breadcrumb":{"@id":"https:\/\/lasentinelle.dz\/index.php\/2025\/02\/10\/tebboune-hausse-le-ton-2\/#breadcrumb"},"inLanguage":"fr-FR","potentialAction":[{"@type":"ReadAction","target":["https:\/\/lasentinelle.dz\/index.php\/2025\/02\/10\/tebboune-hausse-le-ton-2\/"]}]},{"@type":"ImageObject","inLanguage":"fr-FR","@id":"https:\/\/lasentinelle.dz\/index.php\/2025\/02\/10\/tebboune-hausse-le-ton-2\/#primaryimage","url":"https:\/\/lasentinelle.dz\/wp-content\/uploads\/2025\/02\/tebboune-3.jpeg","contentUrl":"https:\/\/lasentinelle.dz\/wp-content\/uploads\/2025\/02\/tebboune-3.jpeg","width":2048,"height":1366},{"@type":"BreadcrumbList","@id":"https:\/\/lasentinelle.dz\/index.php\/2025\/02\/10\/tebboune-hausse-le-ton-2\/#breadcrumb","itemListElement":[{"@type":"ListItem","position":1,"name":"Accueil","item":"https:\/\/lasentinelle.dz\/"},{"@type":"ListItem","position":2,"name":"Tebboune hausse le ton !"}]},{"@type":"WebSite","@id":"https:\/\/lasentinelle.dz\/#website","url":"https:\/\/lasentinelle.dz\/","name":"La Sentinelle","description":"Quotidien national d&#039;information","publisher":{"@id":"https:\/\/lasentinelle.dz\/#organization"},"potentialAction":[{"@type":"SearchAction","target":{"@type":"EntryPoint","urlTemplate":"https:\/\/lasentinelle.dz\/?s={search_term_string}"},"query-input":{"@type":"PropertyValueSpecification","valueRequired":true,"valueName":"search_term_string"}}],"inLanguage":"fr-FR"},{"@type":"Organization","@id":"https:\/\/lasentinelle.dz\/#organization","name":"Quotidien La Sentinelle","url":"https:\/\/lasentinelle.dz\/","logo":{"@type":"ImageObject","inLanguage":"fr-FR","@id":"https:\/\/lasentinelle.dz\/#\/schema\/logo\/image\/","url":"https:\/\/lasentinelle.dz\/wp-content\/uploads\/2021\/09\/logo-sentinelleSLOGAN-1.png","contentUrl":"https:\/\/lasentinelle.dz\/wp-content\/uploads\/2021\/09\/logo-sentinelleSLOGAN-1.png","width":615,"height":142,"caption":"Quotidien La Sentinelle"},"image":{"@id":"https:\/\/lasentinelle.dz\/#\/schema\/logo\/image\/"},"sameAs":["https:\/\/www.facebook.com\/La-Sentinelle-104059864394773"]},{"@type":"Person","@id":"https:\/\/lasentinelle.dz\/#\/schema\/person\/729ee0024f24e0b8c5ec17232f8e8b41","name":"admin","image":{"@type":"ImageObject","inLanguage":"fr-FR","@id":"https:\/\/secure.gravatar.com\/avatar\/4c81fed838786e9b53f540bf46533e750f5d292099ae3b66cfc6fb1982e29df7?s=96&d=mm&r=g","url":"https:\/\/secure.gravatar.com\/avatar\/4c81fed838786e9b53f540bf46533e750f5d292099ae3b66cfc6fb1982e29df7?s=96&d=mm&r=g","contentUrl":"https:\/\/secure.gravatar.com\/avatar\/4c81fed838786e9b53f540bf46533e750f5d292099ae3b66cfc6fb1982e29df7?s=96&d=mm&r=g","caption":"admin"},"description":"admin","url":"https:\/\/lasentinelle.dz\/author\/admin\/"}]}},"_links":{"self":[{"href":"https:\/\/lasentinelle.dz\/index.php\/wp-json\/wp\/v2\/posts\/62810","targetHints":{"allow":["GET"]}}],"collection":[{"href":"https:\/\/lasentinelle.dz\/index.php\/wp-json\/wp\/v2\/posts"}],"about":[{"href":"https:\/\/lasentinelle.dz\/index.php\/wp-json\/wp\/v2\/types\/post"}],"author":[{"embeddable":true,"href":"https:\/\/lasentinelle.dz\/index.php\/wp-json\/wp\/v2\/users\/6"}],"replies":[{"embeddable":true,"href":"https:\/\/lasentinelle.dz\/index.php\/wp-json\/wp\/v2\/comments?post=62810"}],"version-history":[{"count":1,"href":"https:\/\/lasentinelle.dz\/index.php\/wp-json\/wp\/v2\/posts\/62810\/revisions"}],"predecessor-version":[{"id":62812,"href":"https:\/\/lasentinelle.dz\/index.php\/wp-json\/wp\/v2\/posts\/62810\/revisions\/62812"}],"wp:featuredmedia":[{"embeddable":true,"href":"https:\/\/lasentinelle.dz\/index.php\/wp-json\/wp\/v2\/media\/62811"}],"wp:attachment":[{"href":"https:\/\/lasentinelle.dz\/index.php\/wp-json\/wp\/v2\/media?parent=62810"}],"wp:term":[{"taxonomy":"category","embeddable":true,"href":"https:\/\/lasentinelle.dz\/index.php\/wp-json\/wp\/v2\/categories?post=62810"},{"taxonomy":"post_tag","embeddable":true,"href":"https:\/\/lasentinelle.dz\/index.php\/wp-json\/wp\/v2\/tags?post=62810"}],"curies":[{"name":"wp","href":"https:\/\/api.w.org\/{rel}","templated":true}]}}