{"id":62814,"date":"2025-02-11T11:48:19","date_gmt":"2025-02-11T10:48:19","guid":{"rendered":"https:\/\/lasentinelle.dz\/?p=62814"},"modified":"2025-02-11T11:48:20","modified_gmt":"2025-02-11T10:48:20","slug":"plan-de-modernisation-de-la-capitale-la-cadence-saccelere","status":"publish","type":"post","link":"https:\/\/lasentinelle.dz\/index.php\/2025\/02\/11\/plan-de-modernisation-de-la-capitale-la-cadence-saccelere\/","title":{"rendered":"Plan de modernisation de la Capitale : La cadence s&rsquo;acc\u00e9l\u00e8re"},"content":{"rendered":"\n<p>La Capitale s&rsquo;engage dans une transformation urbaine ambitieuse sous l&rsquo;impulsion du pr\u00e9sident de la R\u00e9publique Abdelmadjid Tebboune. Dans ce sens, le ministre des Travaux publics et des Infrastructures de base, Lakhdar Rakhroukh, a lanc\u00e9, hier, officiellement plusieurs projets structurants s&rsquo;inscrivant dans une vision strat\u00e9gique de d\u00e9veloppement et de modernisation d&rsquo;Alger. Cette initiative r\u00e9pond directement aux instructions du pr\u00e9sident de la R\u00e9publique visant \u00e0 d\u00e9sengorger la Capitale et \u00e0 am\u00e9liorer la qualit\u00e9 de vie urbaine. Les projets s&rsquo;articulent autour de quatre plans compl\u00e9mentaires : le plan blanc de r\u00e9habilitation urbaine, le plan jaune d\u00e9di\u00e9 aux transports, le plan vert centr\u00e9 sur l&rsquo;\u00e9cologie et le plan bleu qui concerne l&rsquo;am\u00e9nagement du front de mer et de la baie d&rsquo;Alger. Dans le cadre du plan bleu, le ministre a donn\u00e9 le coup d&rsquo;envoi des travaux d&rsquo;am\u00e9nagement du front maritime pr\u00e8s du stade Ferhani \u00e0 Bab El Oued, insistant sur la n\u00e9cessit\u00e9 de prot\u00e9ger la zone contre les fortes houles et de garantir la coh\u00e9rence entre l&rsquo;espace et son co\u00fbt de d\u00e9veloppement. Concernant le volet transport, un tunnel souterrain de 280 m\u00e8tres sera r\u00e9alis\u00e9 sur la route nationale 41, entre Ch\u00e9raga et Ain Benian, avec pour objectif de fluidifier significativement le trafic routier. Ce projet, dont la livraison est pr\u00e9vue en juin prochain, fait partie int\u00e9grante du plan jaune destin\u00e9 \u00e0 am\u00e9liorer la mobilit\u00e9 dans la capitale. Dans le m\u00eame esprit, plusieurs projets routiers sont en cours de r\u00e9alisation. \u00c0 Baba Hassan, les travaux de doublement de la route contournant les communes de Baba Hassan et Sidi Abdellah ont atteint 90% d&rsquo;avancement, avec une livraison attendue en avril. Un autre axe routier reliant les communes de Sidi Abdellah et Birkhadem fait \u00e9galement l&rsquo;objet d&rsquo;importants am\u00e9nagements, avec une premi\u00e8re phase d\u00e9j\u00e0 achev\u00e9e et une seconde pr\u00e9vue dans les prochaines semaines. Interrog\u00e9 sur le calendrier de ces r\u00e9alisations, Lakhdar Rakhroukh a \u00e9t\u00e9 clair : la majorit\u00e9 de ces projets seront mis en service d\u00e8s avril prochain, le reste \u00e9tant programm\u00e9 avant la fin de l&rsquo;ann\u00e9e. Le ministre a \u00e9galement soulign\u00e9 l&rsquo;importance de la num\u00e9risation dans le suivi des chantiers, expliquant que ses services travaillent \u00e0 d\u00e9velopper des outils permettant un suivi num\u00e9rique exhaustif de l&rsquo;ensemble des travaux au niveau national. Rappelons dans ce contexte que le pr\u00e9sident de la R\u00e9publique a soulign\u00e9 lors de la pr\u00e9sentation du plan de modernisation de la Capitale au mois de d\u00e9cembre dernier \u00ab\u00a0la n\u00e9cessit\u00e9 de d\u00e9finir les d\u00e9lais et de pr\u00e9voir des plans quinquennaux\u00a0\u00bb pour \u00e9valuer l&rsquo;avancement de la r\u00e9alisation et d\u00e9terminer le budget. Le pr\u00e9sident de la R\u00e9publique a en outre indiqu\u00e9 qu&rsquo;apr\u00e8s l&rsquo;ach\u00e8vement de ces projets dans la capitale, \u00ab\u00a0nous passerons \u00e0 d&rsquo;autres wilayas \u00e0 l&rsquo;instar de Constantine, une ville de r\u00e9sistance et d&rsquo;histoire qui doit prendre sa part de d\u00e9veloppement, ainsi qu&rsquo;\u00e0 d&rsquo;autres wilayas dans l&rsquo;est, l&rsquo;ouest, le centre et le sud du pays\u00a0\u00bb.<\/p>\n\n\n\n<p>Amar Malki<\/p>\n","protected":false},"excerpt":{"rendered":"<p>La Capitale s&rsquo;engage dans une transformation urbaine ambitieuse sous l&rsquo;impulsion du pr\u00e9sident de la R\u00e9publique Abdelmadjid Tebboune. Dans ce sens,<\/p>\n","protected":false},"author":6,"featured_media":62815,"comment_status":"open","ping_status":"closed","sticky":false,"template":"","format":"standard","meta":{"colormag_page_container_layout":"default_layout","colormag_page_sidebar_layout":"default_layout","om_disable_all_campaigns":false,"_monsterinsights_skip_tracking":false,"_monsterinsights_sitenote_active":false,"_monsterinsights_sitenote_note":"","_monsterinsights_sitenote_category":0,"footnotes":"","_wpscppro_dont_share_socialmedia":false,"_wpscppro_custom_social_share_image":0,"_facebook_share_type":"default","_twitter_share_type":"default","_linkedin_share_type":"default","_pinterest_share_type":"default","_linkedin_share_type_page":"","_instagram_share_type":"default","_medium_share_type":"default","_threads_share_type":"","_google_business_share_type":"","_selected_social_profile":[],"_wpsp_enable_custom_social_template":false,"_wpsp_social_scheduling":{"enabled":false,"datetime":null,"platforms":[],"status":"template_only","dateOption":"today","timeOption":"now","customDays":"","customHours":"","customDate":"","customTime":"","schedulingType":"absolute"},"_wpsp_active_default_template":true},"categories":[52,27],"tags":[],"class_list":["post-62814","post","type-post","status-publish","format-standard","has-post-thumbnail","hentry","category-a-la-une","category-actualite"],"aioseo_notices":[],"yoast_head":"<!-- This site is optimized with the Yoast SEO plugin v27.5 - https:\/\/yoast.com\/product\/yoast-seo-wordpress\/ -->\n<title>Plan de modernisation de la Capitale : La cadence s&rsquo;acc\u00e9l\u00e8re - La Sentinelle<\/title>\n<meta name=\"robots\" content=\"index, follow, max-snippet:-1, max-image-preview:large, max-video-preview:-1\" \/>\n<link rel=\"canonical\" href=\"https:\/\/lasentinelle.dz\/index.php\/2025\/02\/11\/plan-de-modernisation-de-la-capitale-la-cadence-saccelere\/\" \/>\n<meta property=\"og:locale\" content=\"fr_FR\" \/>\n<meta property=\"og:type\" content=\"article\" \/>\n<meta property=\"og:title\" content=\"Plan de modernisation de la Capitale : La cadence s&rsquo;acc\u00e9l\u00e8re - La Sentinelle\" \/>\n<meta property=\"og:description\" content=\"La Capitale s&rsquo;engage dans une transformation urbaine ambitieuse sous l&rsquo;impulsion du pr\u00e9sident de la R\u00e9publique Abdelmadjid Tebboune. Dans ce sens,\" \/>\n<meta property=\"og:url\" content=\"https:\/\/lasentinelle.dz\/index.php\/2025\/02\/11\/plan-de-modernisation-de-la-capitale-la-cadence-saccelere\/\" \/>\n<meta property=\"og:site_name\" content=\"La Sentinelle\" \/>\n<meta property=\"article:publisher\" content=\"https:\/\/www.facebook.com\/La-Sentinelle-104059864394773\" \/>\n<meta property=\"article:published_time\" content=\"2025-02-11T10:48:19+00:00\" \/>\n<meta property=\"article:modified_time\" content=\"2025-02-11T10:48:20+00:00\" \/>\n<meta property=\"og:image\" content=\"https:\/\/lasentinelle.dz\/wp-content\/uploads\/2025\/02\/projet.jpg\" \/>\n\t<meta property=\"og:image:width\" content=\"1080\" \/>\n\t<meta property=\"og:image:height\" content=\"720\" \/>\n\t<meta property=\"og:image:type\" content=\"image\/jpeg\" \/>\n<meta name=\"author\" content=\"admin\" \/>\n<meta name=\"twitter:card\" content=\"summary_large_image\" \/>\n<meta name=\"twitter:label1\" content=\"\u00c9crit par\" \/>\n\t<meta name=\"twitter:data1\" content=\"admin\" \/>\n\t<meta name=\"twitter:label2\" content=\"Dur\u00e9e de lecture estim\u00e9e\" \/>\n\t<meta name=\"twitter:data2\" content=\"3 minutes\" \/>\n<script type=\"application\/ld+json\" class=\"yoast-schema-graph\">{\"@context\":\"https:\\\/\\\/schema.org\",\"@graph\":[{\"@type\":\"Article\",\"@id\":\"https:\\\/\\\/lasentinelle.dz\\\/index.php\\\/2025\\\/02\\\/11\\\/plan-de-modernisation-de-la-capitale-la-cadence-saccelere\\\/#article\",\"isPartOf\":{\"@id\":\"https:\\\/\\\/lasentinelle.dz\\\/index.php\\\/2025\\\/02\\\/11\\\/plan-de-modernisation-de-la-capitale-la-cadence-saccelere\\\/\"},\"author\":{\"name\":\"admin\",\"@id\":\"https:\\\/\\\/lasentinelle.dz\\\/#\\\/schema\\\/person\\\/729ee0024f24e0b8c5ec17232f8e8b41\"},\"headline\":\"Plan de modernisation de la Capitale : La cadence s&rsquo;acc\u00e9l\u00e8re\",\"datePublished\":\"2025-02-11T10:48:19+00:00\",\"dateModified\":\"2025-02-11T10:48:20+00:00\",\"mainEntityOfPage\":{\"@id\":\"https:\\\/\\\/lasentinelle.dz\\\/index.php\\\/2025\\\/02\\\/11\\\/plan-de-modernisation-de-la-capitale-la-cadence-saccelere\\\/\"},\"wordCount\":550,\"commentCount\":0,\"publisher\":{\"@id\":\"https:\\\/\\\/lasentinelle.dz\\\/#organization\"},\"image\":{\"@id\":\"https:\\\/\\\/lasentinelle.dz\\\/index.php\\\/2025\\\/02\\\/11\\\/plan-de-modernisation-de-la-capitale-la-cadence-saccelere\\\/#primaryimage\"},\"thumbnailUrl\":\"https:\\\/\\\/lasentinelle.dz\\\/wp-content\\\/uploads\\\/2025\\\/02\\\/projet.jpg\",\"articleSection\":[\"\u00c0 la Une\",\"Actualit\u00e9\"],\"inLanguage\":\"fr-FR\",\"potentialAction\":[{\"@type\":\"CommentAction\",\"name\":\"Comment\",\"target\":[\"https:\\\/\\\/lasentinelle.dz\\\/index.php\\\/2025\\\/02\\\/11\\\/plan-de-modernisation-de-la-capitale-la-cadence-saccelere\\\/#respond\"]}]},{\"@type\":\"WebPage\",\"@id\":\"https:\\\/\\\/lasentinelle.dz\\\/index.php\\\/2025\\\/02\\\/11\\\/plan-de-modernisation-de-la-capitale-la-cadence-saccelere\\\/\",\"url\":\"https:\\\/\\\/lasentinelle.dz\\\/index.php\\\/2025\\\/02\\\/11\\\/plan-de-modernisation-de-la-capitale-la-cadence-saccelere\\\/\",\"name\":\"Plan de modernisation de la Capitale : La cadence s&rsquo;acc\u00e9l\u00e8re - La Sentinelle\",\"isPartOf\":{\"@id\":\"https:\\\/\\\/lasentinelle.dz\\\/#website\"},\"primaryImageOfPage\":{\"@id\":\"https:\\\/\\\/lasentinelle.dz\\\/index.php\\\/2025\\\/02\\\/11\\\/plan-de-modernisation-de-la-capitale-la-cadence-saccelere\\\/#primaryimage\"},\"image\":{\"@id\":\"https:\\\/\\\/lasentinelle.dz\\\/index.php\\\/2025\\\/02\\\/11\\\/plan-de-modernisation-de-la-capitale-la-cadence-saccelere\\\/#primaryimage\"},\"thumbnailUrl\":\"https:\\\/\\\/lasentinelle.dz\\\/wp-content\\\/uploads\\\/2025\\\/02\\\/projet.jpg\",\"datePublished\":\"2025-02-11T10:48:19+00:00\",\"dateModified\":\"2025-02-11T10:48:20+00:00\",\"breadcrumb\":{\"@id\":\"https:\\\/\\\/lasentinelle.dz\\\/index.php\\\/2025\\\/02\\\/11\\\/plan-de-modernisation-de-la-capitale-la-cadence-saccelere\\\/#breadcrumb\"},\"inLanguage\":\"fr-FR\",\"potentialAction\":[{\"@type\":\"ReadAction\",\"target\":[\"https:\\\/\\\/lasentinelle.dz\\\/index.php\\\/2025\\\/02\\\/11\\\/plan-de-modernisation-de-la-capitale-la-cadence-saccelere\\\/\"]}]},{\"@type\":\"ImageObject\",\"inLanguage\":\"fr-FR\",\"@id\":\"https:\\\/\\\/lasentinelle.dz\\\/index.php\\\/2025\\\/02\\\/11\\\/plan-de-modernisation-de-la-capitale-la-cadence-saccelere\\\/#primaryimage\",\"url\":\"https:\\\/\\\/lasentinelle.dz\\\/wp-content\\\/uploads\\\/2025\\\/02\\\/projet.jpg\",\"contentUrl\":\"https:\\\/\\\/lasentinelle.dz\\\/wp-content\\\/uploads\\\/2025\\\/02\\\/projet.jpg\",\"width\":1080,\"height\":720},{\"@type\":\"BreadcrumbList\",\"@id\":\"https:\\\/\\\/lasentinelle.dz\\\/index.php\\\/2025\\\/02\\\/11\\\/plan-de-modernisation-de-la-capitale-la-cadence-saccelere\\\/#breadcrumb\",\"itemListElement\":[{\"@type\":\"ListItem\",\"position\":1,\"name\":\"Accueil\",\"item\":\"https:\\\/\\\/lasentinelle.dz\\\/\"},{\"@type\":\"ListItem\",\"position\":2,\"name\":\"Plan de modernisation de la Capitale : La cadence s&rsquo;acc\u00e9l\u00e8re\"}]},{\"@type\":\"WebSite\",\"@id\":\"https:\\\/\\\/lasentinelle.dz\\\/#website\",\"url\":\"https:\\\/\\\/lasentinelle.dz\\\/\",\"name\":\"La Sentinelle\",\"description\":\"Quotidien national d&#039;information\",\"publisher\":{\"@id\":\"https:\\\/\\\/lasentinelle.dz\\\/#organization\"},\"potentialAction\":[{\"@type\":\"SearchAction\",\"target\":{\"@type\":\"EntryPoint\",\"urlTemplate\":\"https:\\\/\\\/lasentinelle.dz\\\/?s={search_term_string}\"},\"query-input\":{\"@type\":\"PropertyValueSpecification\",\"valueRequired\":true,\"valueName\":\"search_term_string\"}}],\"inLanguage\":\"fr-FR\"},{\"@type\":\"Organization\",\"@id\":\"https:\\\/\\\/lasentinelle.dz\\\/#organization\",\"name\":\"Quotidien La Sentinelle\",\"url\":\"https:\\\/\\\/lasentinelle.dz\\\/\",\"logo\":{\"@type\":\"ImageObject\",\"inLanguage\":\"fr-FR\",\"@id\":\"https:\\\/\\\/lasentinelle.dz\\\/#\\\/schema\\\/logo\\\/image\\\/\",\"url\":\"https:\\\/\\\/lasentinelle.dz\\\/wp-content\\\/uploads\\\/2021\\\/09\\\/logo-sentinelleSLOGAN-1.png\",\"contentUrl\":\"https:\\\/\\\/lasentinelle.dz\\\/wp-content\\\/uploads\\\/2021\\\/09\\\/logo-sentinelleSLOGAN-1.png\",\"width\":615,\"height\":142,\"caption\":\"Quotidien La Sentinelle\"},\"image\":{\"@id\":\"https:\\\/\\\/lasentinelle.dz\\\/#\\\/schema\\\/logo\\\/image\\\/\"},\"sameAs\":[\"https:\\\/\\\/www.facebook.com\\\/La-Sentinelle-104059864394773\"]},{\"@type\":\"Person\",\"@id\":\"https:\\\/\\\/lasentinelle.dz\\\/#\\\/schema\\\/person\\\/729ee0024f24e0b8c5ec17232f8e8b41\",\"name\":\"admin\",\"image\":{\"@type\":\"ImageObject\",\"inLanguage\":\"fr-FR\",\"@id\":\"https:\\\/\\\/secure.gravatar.com\\\/avatar\\\/4c81fed838786e9b53f540bf46533e750f5d292099ae3b66cfc6fb1982e29df7?s=96&d=mm&r=g\",\"url\":\"https:\\\/\\\/secure.gravatar.com\\\/avatar\\\/4c81fed838786e9b53f540bf46533e750f5d292099ae3b66cfc6fb1982e29df7?s=96&d=mm&r=g\",\"contentUrl\":\"https:\\\/\\\/secure.gravatar.com\\\/avatar\\\/4c81fed838786e9b53f540bf46533e750f5d292099ae3b66cfc6fb1982e29df7?s=96&d=mm&r=g\",\"caption\":\"admin\"},\"description\":\"admin\",\"url\":\"https:\\\/\\\/lasentinelle.dz\\\/author\\\/admin\\\/\"}]}<\/script>\n<!-- \/ Yoast SEO plugin. -->","yoast_head_json":{"title":"Plan de modernisation de la Capitale : La cadence s&rsquo;acc\u00e9l\u00e8re - La Sentinelle","robots":{"index":"index","follow":"follow","max-snippet":"max-snippet:-1","max-image-preview":"max-image-preview:large","max-video-preview":"max-video-preview:-1"},"canonical":"https:\/\/lasentinelle.dz\/index.php\/2025\/02\/11\/plan-de-modernisation-de-la-capitale-la-cadence-saccelere\/","og_locale":"fr_FR","og_type":"article","og_title":"Plan de modernisation de la Capitale : La cadence s&rsquo;acc\u00e9l\u00e8re - La Sentinelle","og_description":"La Capitale s&rsquo;engage dans une transformation urbaine ambitieuse sous l&rsquo;impulsion du pr\u00e9sident de la R\u00e9publique Abdelmadjid Tebboune. Dans ce sens,","og_url":"https:\/\/lasentinelle.dz\/index.php\/2025\/02\/11\/plan-de-modernisation-de-la-capitale-la-cadence-saccelere\/","og_site_name":"La Sentinelle","article_publisher":"https:\/\/www.facebook.com\/La-Sentinelle-104059864394773","article_published_time":"2025-02-11T10:48:19+00:00","article_modified_time":"2025-02-11T10:48:20+00:00","og_image":[{"width":1080,"height":720,"url":"https:\/\/lasentinelle.dz\/wp-content\/uploads\/2025\/02\/projet.jpg","type":"image\/jpeg"}],"author":"admin","twitter_card":"summary_large_image","twitter_misc":{"\u00c9crit par":"admin","Dur\u00e9e de lecture estim\u00e9e":"3 minutes"},"schema":{"@context":"https:\/\/schema.org","@graph":[{"@type":"Article","@id":"https:\/\/lasentinelle.dz\/index.php\/2025\/02\/11\/plan-de-modernisation-de-la-capitale-la-cadence-saccelere\/#article","isPartOf":{"@id":"https:\/\/lasentinelle.dz\/index.php\/2025\/02\/11\/plan-de-modernisation-de-la-capitale-la-cadence-saccelere\/"},"author":{"name":"admin","@id":"https:\/\/lasentinelle.dz\/#\/schema\/person\/729ee0024f24e0b8c5ec17232f8e8b41"},"headline":"Plan de modernisation de la Capitale : La cadence s&rsquo;acc\u00e9l\u00e8re","datePublished":"2025-02-11T10:48:19+00:00","dateModified":"2025-02-11T10:48:20+00:00","mainEntityOfPage":{"@id":"https:\/\/lasentinelle.dz\/index.php\/2025\/02\/11\/plan-de-modernisation-de-la-capitale-la-cadence-saccelere\/"},"wordCount":550,"commentCount":0,"publisher":{"@id":"https:\/\/lasentinelle.dz\/#organization"},"image":{"@id":"https:\/\/lasentinelle.dz\/index.php\/2025\/02\/11\/plan-de-modernisation-de-la-capitale-la-cadence-saccelere\/#primaryimage"},"thumbnailUrl":"https:\/\/lasentinelle.dz\/wp-content\/uploads\/2025\/02\/projet.jpg","articleSection":["\u00c0 la Une","Actualit\u00e9"],"inLanguage":"fr-FR","potentialAction":[{"@type":"CommentAction","name":"Comment","target":["https:\/\/lasentinelle.dz\/index.php\/2025\/02\/11\/plan-de-modernisation-de-la-capitale-la-cadence-saccelere\/#respond"]}]},{"@type":"WebPage","@id":"https:\/\/lasentinelle.dz\/index.php\/2025\/02\/11\/plan-de-modernisation-de-la-capitale-la-cadence-saccelere\/","url":"https:\/\/lasentinelle.dz\/index.php\/2025\/02\/11\/plan-de-modernisation-de-la-capitale-la-cadence-saccelere\/","name":"Plan de modernisation de la Capitale : La cadence s&rsquo;acc\u00e9l\u00e8re - La Sentinelle","isPartOf":{"@id":"https:\/\/lasentinelle.dz\/#website"},"primaryImageOfPage":{"@id":"https:\/\/lasentinelle.dz\/index.php\/2025\/02\/11\/plan-de-modernisation-de-la-capitale-la-cadence-saccelere\/#primaryimage"},"image":{"@id":"https:\/\/lasentinelle.dz\/index.php\/2025\/02\/11\/plan-de-modernisation-de-la-capitale-la-cadence-saccelere\/#primaryimage"},"thumbnailUrl":"https:\/\/lasentinelle.dz\/wp-content\/uploads\/2025\/02\/projet.jpg","datePublished":"2025-02-11T10:48:19+00:00","dateModified":"2025-02-11T10:48:20+00:00","breadcrumb":{"@id":"https:\/\/lasentinelle.dz\/index.php\/2025\/02\/11\/plan-de-modernisation-de-la-capitale-la-cadence-saccelere\/#breadcrumb"},"inLanguage":"fr-FR","potentialAction":[{"@type":"ReadAction","target":["https:\/\/lasentinelle.dz\/index.php\/2025\/02\/11\/plan-de-modernisation-de-la-capitale-la-cadence-saccelere\/"]}]},{"@type":"ImageObject","inLanguage":"fr-FR","@id":"https:\/\/lasentinelle.dz\/index.php\/2025\/02\/11\/plan-de-modernisation-de-la-capitale-la-cadence-saccelere\/#primaryimage","url":"https:\/\/lasentinelle.dz\/wp-content\/uploads\/2025\/02\/projet.jpg","contentUrl":"https:\/\/lasentinelle.dz\/wp-content\/uploads\/2025\/02\/projet.jpg","width":1080,"height":720},{"@type":"BreadcrumbList","@id":"https:\/\/lasentinelle.dz\/index.php\/2025\/02\/11\/plan-de-modernisation-de-la-capitale-la-cadence-saccelere\/#breadcrumb","itemListElement":[{"@type":"ListItem","position":1,"name":"Accueil","item":"https:\/\/lasentinelle.dz\/"},{"@type":"ListItem","position":2,"name":"Plan de modernisation de la Capitale : La cadence s&rsquo;acc\u00e9l\u00e8re"}]},{"@type":"WebSite","@id":"https:\/\/lasentinelle.dz\/#website","url":"https:\/\/lasentinelle.dz\/","name":"La Sentinelle","description":"Quotidien national d&#039;information","publisher":{"@id":"https:\/\/lasentinelle.dz\/#organization"},"potentialAction":[{"@type":"SearchAction","target":{"@type":"EntryPoint","urlTemplate":"https:\/\/lasentinelle.dz\/?s={search_term_string}"},"query-input":{"@type":"PropertyValueSpecification","valueRequired":true,"valueName":"search_term_string"}}],"inLanguage":"fr-FR"},{"@type":"Organization","@id":"https:\/\/lasentinelle.dz\/#organization","name":"Quotidien La Sentinelle","url":"https:\/\/lasentinelle.dz\/","logo":{"@type":"ImageObject","inLanguage":"fr-FR","@id":"https:\/\/lasentinelle.dz\/#\/schema\/logo\/image\/","url":"https:\/\/lasentinelle.dz\/wp-content\/uploads\/2021\/09\/logo-sentinelleSLOGAN-1.png","contentUrl":"https:\/\/lasentinelle.dz\/wp-content\/uploads\/2021\/09\/logo-sentinelleSLOGAN-1.png","width":615,"height":142,"caption":"Quotidien La Sentinelle"},"image":{"@id":"https:\/\/lasentinelle.dz\/#\/schema\/logo\/image\/"},"sameAs":["https:\/\/www.facebook.com\/La-Sentinelle-104059864394773"]},{"@type":"Person","@id":"https:\/\/lasentinelle.dz\/#\/schema\/person\/729ee0024f24e0b8c5ec17232f8e8b41","name":"admin","image":{"@type":"ImageObject","inLanguage":"fr-FR","@id":"https:\/\/secure.gravatar.com\/avatar\/4c81fed838786e9b53f540bf46533e750f5d292099ae3b66cfc6fb1982e29df7?s=96&d=mm&r=g","url":"https:\/\/secure.gravatar.com\/avatar\/4c81fed838786e9b53f540bf46533e750f5d292099ae3b66cfc6fb1982e29df7?s=96&d=mm&r=g","contentUrl":"https:\/\/secure.gravatar.com\/avatar\/4c81fed838786e9b53f540bf46533e750f5d292099ae3b66cfc6fb1982e29df7?s=96&d=mm&r=g","caption":"admin"},"description":"admin","url":"https:\/\/lasentinelle.dz\/author\/admin\/"}]}},"_links":{"self":[{"href":"https:\/\/lasentinelle.dz\/index.php\/wp-json\/wp\/v2\/posts\/62814","targetHints":{"allow":["GET"]}}],"collection":[{"href":"https:\/\/lasentinelle.dz\/index.php\/wp-json\/wp\/v2\/posts"}],"about":[{"href":"https:\/\/lasentinelle.dz\/index.php\/wp-json\/wp\/v2\/types\/post"}],"author":[{"embeddable":true,"href":"https:\/\/lasentinelle.dz\/index.php\/wp-json\/wp\/v2\/users\/6"}],"replies":[{"embeddable":true,"href":"https:\/\/lasentinelle.dz\/index.php\/wp-json\/wp\/v2\/comments?post=62814"}],"version-history":[{"count":2,"href":"https:\/\/lasentinelle.dz\/index.php\/wp-json\/wp\/v2\/posts\/62814\/revisions"}],"predecessor-version":[{"id":62817,"href":"https:\/\/lasentinelle.dz\/index.php\/wp-json\/wp\/v2\/posts\/62814\/revisions\/62817"}],"wp:featuredmedia":[{"embeddable":true,"href":"https:\/\/lasentinelle.dz\/index.php\/wp-json\/wp\/v2\/media\/62815"}],"wp:attachment":[{"href":"https:\/\/lasentinelle.dz\/index.php\/wp-json\/wp\/v2\/media?parent=62814"}],"wp:term":[{"taxonomy":"category","embeddable":true,"href":"https:\/\/lasentinelle.dz\/index.php\/wp-json\/wp\/v2\/categories?post=62814"},{"taxonomy":"post_tag","embeddable":true,"href":"https:\/\/lasentinelle.dz\/index.php\/wp-json\/wp\/v2\/tags?post=62814"}],"curies":[{"name":"wp","href":"https:\/\/api.w.org\/{rel}","templated":true}]}}